{"id":110139,"date":"2019-12-03T15:03:54","date_gmt":"2019-12-03T14:03:54","guid":{"rendered":"http:\/\/www.bellunopress.it\/?p=110139"},"modified":"2019-12-03T20:08:51","modified_gmt":"2019-12-03T19:08:51","slug":"domenica-torna-la-15ma-santa-klaus-running-di-belluno","status":"publish","type":"post","link":"https:\/\/www.bellunopress.it\/fr\/2019\/12\/03\/domenica-torna-la-15ma-santa-klaus-running-di-belluno\/","title":{"rendered":"Domenica torna la 15ma Santa Klaus Running di Belluno\u00a0"},"content":{"rendered":"<p><a href=\"http:\/\/www.bellunopress.it\/fr\/2018\/12\/09\/oltre-1-100-concorrenti-alla-14ma-santa-klaus-running-di-belluno-boudalia-e-schievenin-dominano-la-half-marathon-cagnati-e-boldrin-i-piu-veloci-sulla-12-km\/santa-klaus-running-3\/\" rel=\"attachment wp-att-100277\"><img loading=\"lazy\" decoding=\"async\" class=\"alignleft size-full wp-image-100277\" src=\"http:\/\/www.bellunopress.it\/wp-content\/uploads\/2018\/12\/santa-klaus-running.jpg\" alt=\"\" width=\"300\" height=\"218\" \/><\/a>Countdown iniziato per la Santa Klaus Running di Belluno che domenica 8 dicembre spegne 15 candeline. E festeggia parlando sempre pi\u00f9 lingue straniere. Al via, infatti, ci saranno atleti anche di 5 paesi diversi dall&#8217;Italia: Austria, Belgio, Usa, Svizzera e Irlanda.<\/p>\n<p>E si amplia anche la zona di provenienza dei partecipanti alla corsa pi\u00f9 allegra dell&#8217;anno. Sono una ventina le province italiane rappresentate, oltre alle venete. I pi\u00f9 lontani arrivano da Salerno, Lecce, Bolzano, Milano, Verona, dalle vicine province del Friuli.<\/p>\n<p>Sono oltre 200 i volontari che ruotano attorno all&#8217;organizzazione della Santa Klaus Running che si appresta a registrare numeri da record.<br \/>\nLe iscrizioni chiuderanno alla mezzanotte del 4 dicembre per poi riaprire direttamente in piazza dei Martiri sabato dalle 17 alle 20 e domenica dalle 8.00 alle 9.45.<br \/>\nQuesta mattina la presentazione alla stampa alla presenza dell&#8217;assessore allo sport del Comune di Belluno, Marco Bogo; del comandante della Polizia Locale Gustavo Dalla C\u00e0, del presidente dell&#8217;Aics Veneto Mario Pongan, del delegato provinciale del Coni Luciano Trevisson, di Annamaria Bristot per consorzio dei commercianti Belluno Centro.<\/p>\n<p>&#8220;Ormai la Santa Klaus Running festeggia 15 anni &#8211; ha detto Bogo &#8211; coinvolgendo molte associazioni del territorio e riuscendo negli anni a far conoscere anche angoli inediti del nostro splendido territorio attraverso lo sport&#8221;. Trevisson, ribandendo l&#8217;appoggio del Coni bellunese, ha sottolineato la presenza anche di 30 volontari del gruppo di Sospirolo a garanzia della sicurezza lungo il percorso. Il presidente dell&#8217;Aics Veneto Pongan \u00e8 stato uno dei primi a credere nell&#8217;Asd Dolomiti Psg che aveva preso le redini dell&#8217;organizzazione della prima corsa dei Babbi Natale d&#8217;Italia e ha ribadito il sostegno del&#8217;Aics alla buona riuscita dell&#8217;evento che sa mettere insieme sinergie provenienti da diverse realt\u00e0 sotto il cappello dello sport.<br \/>\nIl comandante Dalla C\u00e0 ha annunciato l&#8217;intenzione, per quanto possibile, di posizionare due moto della Polizia Locale come staffetta apripista della manifestazione, a garanzia della sicurezza.<br \/>\nBristot ha ricordato come quest&#8217;anno il Natale delle Dolomiti possa offrire a tutti i partecipanti l&#8217;occasione unica di correre &#8220;all&#8217;ombra della Luna&#8221;, quella gigante (diametro di 7 metri &#8211; ndr) che arriver\u00e0 direttamente da Londra e rester\u00e0 sospesa in Piazza dei Martiri proprio nel week end della Santa Klaus Running.<br \/>\nInfine Ivan Piol, direttore generale dell&#8217;evento per conto di Dolomiti Psg, ha annunciato l&#8217;ottimo andamento delle iscrizioni con partecipazioni importati come quelle dei campioni Luca Cagnati, Federico Polesana e Said Boudalia, iscritti anche dall&#8217;estero e scolaresche persino dalla Val Pusteria. Piol ha ringraziato i commercianti per aver reso l&#8217;atmosfera di Natale per la prima volta cosi speciale e tutte le associazioni di volontariato che stanno partecipando alla buona riuscita della Santa Klaus Running.<br \/>\nL&#8217;evento, organizzato dall&#8217;Asd Dolomiti Psg, anche quest&#8217;anno infatti pu\u00f2 contare su collaborazioni importanti e strategiche: dalla Polizia Locale di Belluno, ai vigli del fuoco del Comando di Belluno, la Protezione civile di Belluno, l&#8217;Aib di Sospirolo, gli Alpini di Sois. Poi ci sono le societ\u00e0 VolA per l&#8217;assistenza sanitaria che sar\u00e0 coordinata dal dottor Mauro Polo, le Pantere Rosa di Visome, il Pedale Feltrino, il quartiere Santo Stefano e il gruppo di bikers coordinati da Ivo Savi che gestiranno inizio e fine gara dei tre percorsi.<\/p>\n<p>Il loro lavoro dei commercianti di Belluno \u00e8 stato da noi segnalato a tutti tra 5 buoni motivi per venire a Belluno a correre la Santa Klaus Running domenica 8 dicembre:<br \/>\n1. Il PERCORSO bellissimo: 5km nel cuore della citt\u00e0 per chi vuole sgranchirsi<\/p>\n<p>12km per chi vuole correre in compagnia allungando un po&#8217; la distanza solita<\/p>\n<p>21km per chi vuole andare un po&#8217; oltre e correre nello splendido paesaggio che circonda il centro di Belluno, lontano dal traffico e immersi nella suggestiva periferia ammirando le Dolomiti Bellunesi.<\/p>\n<p>2. Il passaggio nel Parco di Villa Morassutti: un&#8217;esclusiva riservata solo ai partecipanti della corsa dei Babbi Natale. Un Parco bellissimo alle porte del centro cittadino che apre i cancelli una volta l&#8217;anno.<\/p>\n<p>3. I premi per gli agonisti della Half marathon e la 12km competitiva grazie ai nostri partner Suunto, Salomon, Enervit e Formaggio Piave. Mentre ad aspettare le scuole che faranno la 5km ci sono i tre mega assegni per buoni acquisto da 200\u20ac, 150\u20ac e 100\u20ac<\/p>\n<p>4. La bellissima aria di festa: prima dello SPORT con il momento della corsa o camminata e poi del Natale con la Chocolate fest dopo il traguardo. Ma quest&#8217;anno, grazie ai commercianti del Consorzio Belluno Centro, ci saranno anche tantissime iniziative legate al Natale delle Dolomiti: la pista di ghiaccio, il percorso dei Sapori, la Luna Gigante che ha fatto il giro del mondo, le sculture giganti in legno, i video mapping nei palazzi del Centro, le lanterne di Vaia che illuminano il centro, il mercatino di Natale con le casette in legno in cui si troveranno i migliori prodotti tipici bellunesi&#8230;e molte altre curiosit\u00e0 natalizie imperdibili!<\/p>\n<p>5. E pi\u00f9 importante&#8230;perch\u00e9 sar\u00e0 una mattinata bellissima e un&#8217;occasione imperdibile per divertirsi con gli amici, i propri bambini, zii, nonni, mamma e pap\u00e0!!!<\/p>","protected":false},"excerpt":{"rendered":"<p>Countdown iniziato per la Santa Klaus Running di Belluno che domenica 8 dicembre spegne 15 candeline. E festeggia parlando sempre pi\u00f9 lingue straniere. Al via, infatti, ci saranno atleti anche di 5 paesi diversi dall&#8217;Italia: Austria, Belgio, Usa, Svizzera e Irlanda. E si amplia anche la zona di provenienza dei partecipanti alla corsa pi\u00f9 allegra [&hellip;]<\/p>\n","protected":false},"author":2,"featured_media":0,"comment_status":"closed","ping_status":"open","sticky":false,"template":"","format":"standard","meta":{"footnotes":""},"categories":[26,4],"tags":[],"class_list":["post-110139","post","type-post","status-publish","format-standard","category-prima-pagina","category-sport"],"yoast_head":"<!-- This site is optimized with the Yoast SEO plugin v28.4 - https:\/\/yoast.com\/product\/yoast-seo-wordpress\/ -->\n<title>Domenica torna la 15ma Santa Klaus Running di Belluno\u00a0 - Bellunopress - Dolomiti<\/title>\n<meta name=\"robots\" content=\"index, follow, max-snippet:-1, max-image-preview:large, max-video-preview:-1\" \/>\n<link rel=\"canonical\" href=\"https:\/\/www.bellunopress.it\/fr\/2019\/12\/03\/domenica-torna-la-15ma-santa-klaus-running-di-belluno\/\" \/>\n<meta property=\"og:locale\" content=\"fr_FR\" \/>\n<meta property=\"og:type\" content=\"article\" \/>\n<meta property=\"og:title\" content=\"Domenica torna la 15ma Santa Klaus Running di Belluno\u00a0 - Bellunopress - Dolomiti\" \/>\n<meta property=\"og:description\" content=\"Countdown iniziato per la Santa Klaus Running di Belluno che domenica 8 dicembre spegne 15 candeline. E festeggia parlando sempre pi\u00f9 lingue straniere. Al via, infatti, ci saranno atleti anche di 5 paesi diversi dall&#8217;Italia: Austria, Belgio, Usa, Svizzera e Irlanda. E si amplia anche la zona di provenienza dei partecipanti alla corsa pi\u00f9 allegra [&hellip;]\" \/>\n<meta property=\"og:url\" content=\"https:\/\/www.bellunopress.it\/fr\/2019\/12\/03\/domenica-torna-la-15ma-santa-klaus-running-di-belluno\/\" \/>\n<meta property=\"og:site_name\" content=\"Bellunopress - Dolomiti\" \/>\n<meta property=\"article:publisher\" content=\"https:\/\/www.facebook.com\/profile.php?id=100008943462799\" \/>\n<meta property=\"article:published_time\" content=\"2019-12-03T14:03:54+00:00\" \/>\n<meta property=\"article:modified_time\" content=\"2019-12-03T19:08:51+00:00\" \/>\n<meta property=\"og:image\" content=\"http:\/\/www.bellunopress.it\/wp-content\/uploads\/2018\/12\/santa-klaus-running.jpg\" \/>\n<meta name=\"author\" content=\"redazione\" \/>\n<meta name=\"twitter:card\" content=\"summary_large_image\" \/>\n<meta name=\"twitter:creator\" content=\"@bellunopress\" \/>\n<meta name=\"twitter:site\" content=\"@bellunopress\" \/>\n<meta name=\"twitter:label1\" content=\"Written by\" \/>\n\t<meta name=\"twitter:data1\" content=\"redazione\" \/>\n\t<meta name=\"twitter:label2\" content=\"Est. reading time\" \/>\n\t<meta name=\"twitter:data2\" content=\"4 minutes\" \/>\n<script type=\"application\/ld+json\" class=\"yoast-schema-graph\">{\"@context\":\"https:\\\/\\\/schema.org\",\"@graph\":[{\"@type\":\"Article\",\"@id\":\"https:\\\/\\\/www.bellunopress.it\\\/2019\\\/12\\\/03\\\/domenica-torna-la-15ma-santa-klaus-running-di-belluno\\\/#article\",\"isPartOf\":{\"@id\":\"https:\\\/\\\/www.bellunopress.it\\\/2019\\\/12\\\/03\\\/domenica-torna-la-15ma-santa-klaus-running-di-belluno\\\/\"},\"author\":{\"name\":\"redazione\",\"@id\":\"https:\\\/\\\/www.bellunopress.it\\\/#\\\/schema\\\/person\\\/79bb06722b37ece1c03d3e94beb30d73\"},\"headline\":\"Domenica torna la 15ma Santa Klaus Running di Belluno\u00a0\",\"datePublished\":\"2019-12-03T14:03:54+00:00\",\"dateModified\":\"2019-12-03T19:08:51+00:00\",\"mainEntityOfPage\":{\"@id\":\"https:\\\/\\\/www.bellunopress.it\\\/2019\\\/12\\\/03\\\/domenica-torna-la-15ma-santa-klaus-running-di-belluno\\\/\"},\"wordCount\":837,\"publisher\":{\"@id\":\"https:\\\/\\\/www.bellunopress.it\\\/#organization\"},\"image\":{\"@id\":\"https:\\\/\\\/www.bellunopress.it\\\/2019\\\/12\\\/03\\\/domenica-torna-la-15ma-santa-klaus-running-di-belluno\\\/#primaryimage\"},\"thumbnailUrl\":\"http:\\\/\\\/www.bellunopress.it\\\/wp-content\\\/uploads\\\/2018\\\/12\\\/santa-klaus-running.jpg\",\"articleSection\":[\"Prima Pagina\",\"Sport, tempo libero\"],\"inLanguage\":\"fr-FR\"},{\"@type\":\"WebPage\",\"@id\":\"https:\\\/\\\/www.bellunopress.it\\\/2019\\\/12\\\/03\\\/domenica-torna-la-15ma-santa-klaus-running-di-belluno\\\/\",\"url\":\"https:\\\/\\\/www.bellunopress.it\\\/2019\\\/12\\\/03\\\/domenica-torna-la-15ma-santa-klaus-running-di-belluno\\\/\",\"name\":\"Domenica torna la 15ma Santa Klaus Running di Belluno\u00a0 - Bellunopress - Dolomiti\",\"isPartOf\":{\"@id\":\"https:\\\/\\\/www.bellunopress.it\\\/#website\"},\"primaryImageOfPage\":{\"@id\":\"https:\\\/\\\/www.bellunopress.it\\\/2019\\\/12\\\/03\\\/domenica-torna-la-15ma-santa-klaus-running-di-belluno\\\/#primaryimage\"},\"image\":{\"@id\":\"https:\\\/\\\/www.bellunopress.it\\\/2019\\\/12\\\/03\\\/domenica-torna-la-15ma-santa-klaus-running-di-belluno\\\/#primaryimage\"},\"thumbnailUrl\":\"http:\\\/\\\/www.bellunopress.it\\\/wp-content\\\/uploads\\\/2018\\\/12\\\/santa-klaus-running.jpg\",\"datePublished\":\"2019-12-03T14:03:54+00:00\",\"dateModified\":\"2019-12-03T19:08:51+00:00\",\"breadcrumb\":{\"@id\":\"https:\\\/\\\/www.bellunopress.it\\\/2019\\\/12\\\/03\\\/domenica-torna-la-15ma-santa-klaus-running-di-belluno\\\/#breadcrumb\"},\"inLanguage\":\"fr-FR\",\"potentialAction\":[{\"@type\":\"ReadAction\",\"target\":[\"https:\\\/\\\/www.bellunopress.it\\\/2019\\\/12\\\/03\\\/domenica-torna-la-15ma-santa-klaus-running-di-belluno\\\/\"]}]},{\"@type\":\"ImageObject\",\"inLanguage\":\"fr-FR\",\"@id\":\"https:\\\/\\\/www.bellunopress.it\\\/2019\\\/12\\\/03\\\/domenica-torna-la-15ma-santa-klaus-running-di-belluno\\\/#primaryimage\",\"url\":\"http:\\\/\\\/www.bellunopress.it\\\/wp-content\\\/uploads\\\/2018\\\/12\\\/santa-klaus-running.jpg\",\"contentUrl\":\"http:\\\/\\\/www.bellunopress.it\\\/wp-content\\\/uploads\\\/2018\\\/12\\\/santa-klaus-running.jpg\"},{\"@type\":\"BreadcrumbList\",\"@id\":\"https:\\\/\\\/www.bellunopress.it\\\/2019\\\/12\\\/03\\\/domenica-torna-la-15ma-santa-klaus-running-di-belluno\\\/#breadcrumb\",\"itemListElement\":[{\"@type\":\"ListItem\",\"position\":1,\"name\":\"Home\",\"item\":\"https:\\\/\\\/www.bellunopress.it\\\/\"},{\"@type\":\"ListItem\",\"position\":2,\"name\":\"Domenica torna la 15ma Santa Klaus Running di Belluno\u00a0\"}]},{\"@type\":\"WebSite\",\"@id\":\"https:\\\/\\\/www.bellunopress.it\\\/#website\",\"url\":\"https:\\\/\\\/www.bellunopress.it\\\/\",\"name\":\"Bellunopress - Dolomiti\",\"description\":\"e-mail: redazione@bellunopress.it\",\"publisher\":{\"@id\":\"https:\\\/\\\/www.bellunopress.it\\\/#organization\"},\"potentialAction\":[{\"@type\":\"SearchAction\",\"target\":{\"@type\":\"EntryPoint\",\"urlTemplate\":\"https:\\\/\\\/www.bellunopress.it\\\/?s={search_term_string}\"},\"query-input\":{\"@type\":\"PropertyValueSpecification\",\"valueRequired\":true,\"valueName\":\"search_term_string\"}}],\"inLanguage\":\"fr-FR\"},{\"@type\":\"Organization\",\"@id\":\"https:\\\/\\\/www.bellunopress.it\\\/#organization\",\"name\":\"Bellunopress\",\"url\":\"https:\\\/\\\/www.bellunopress.it\\\/\",\"logo\":{\"@type\":\"ImageObject\",\"inLanguage\":\"fr-FR\",\"@id\":\"https:\\\/\\\/www.bellunopress.it\\\/#\\\/schema\\\/logo\\\/image\\\/\",\"url\":\"https:\\\/\\\/www.bellunopress.it\\\/wp-content\\\/uploads\\\/2011\\\/05\\\/cropped-logo-bellunopress-.jpg\",\"contentUrl\":\"https:\\\/\\\/www.bellunopress.it\\\/wp-content\\\/uploads\\\/2011\\\/05\\\/cropped-logo-bellunopress-.jpg\",\"width\":512,\"height\":512,\"caption\":\"Bellunopress\"},\"image\":{\"@id\":\"https:\\\/\\\/www.bellunopress.it\\\/#\\\/schema\\\/logo\\\/image\\\/\"},\"sameAs\":[\"https:\\\/\\\/www.facebook.com\\\/profile.php?id=100008943462799\",\"https:\\\/\\\/x.com\\\/bellunopress\",\"https:\\\/\\\/www.linkedin.com\\\/hp\\\/?dnr=JBzUWaJfMUw8vbXJJ2tVW5-I3jZKvC4wsoxE&amp;amp;amp;amp;amp;amp;trk=nav_responsive_tab_home\",\"https:\\\/\\\/www.youtube.com\\\/channel\\\/UCxL0wu1uN0_3_7hGG0306cw\"]},{\"@type\":\"Person\",\"@id\":\"https:\\\/\\\/www.bellunopress.it\\\/#\\\/schema\\\/person\\\/79bb06722b37ece1c03d3e94beb30d73\",\"name\":\"redazione\",\"image\":{\"@type\":\"ImageObject\",\"inLanguage\":\"fr-FR\",\"@id\":\"https:\\\/\\\/secure.gravatar.com\\\/avatar\\\/37d968a2e67a6fd04c169c4bdef102d0bc5d31b2546345219e348575eb80e9a0?s=96&d=mm&r=g\",\"url\":\"https:\\\/\\\/secure.gravatar.com\\\/avatar\\\/37d968a2e67a6fd04c169c4bdef102d0bc5d31b2546345219e348575eb80e9a0?s=96&d=mm&r=g\",\"contentUrl\":\"https:\\\/\\\/secure.gravatar.com\\\/avatar\\\/37d968a2e67a6fd04c169c4bdef102d0bc5d31b2546345219e348575eb80e9a0?s=96&d=mm&r=g\",\"caption\":\"redazione\"},\"sameAs\":[\"http:\\\/\\\/www.bellunopress.it\",\"https:\\\/\\\/x.com\\\/bellunopress\"],\"url\":\"https:\\\/\\\/www.bellunopress.it\\\/fr\\\/author\\\/redazione\\\/\"}]}<\/script>\n<!-- \/ Yoast SEO plugin. -->","yoast_head_json":{"title":"Domenica torna la 15ma Santa Klaus Running di Belluno\u00a0 - Bellunopress - Dolomiti","robots":{"index":"index","follow":"follow","max-snippet":"max-snippet:-1","max-image-preview":"max-image-preview:large","max-video-preview":"max-video-preview:-1"},"canonical":"https:\/\/www.bellunopress.it\/fr\/2019\/12\/03\/domenica-torna-la-15ma-santa-klaus-running-di-belluno\/","og_locale":"fr_FR","og_type":"article","og_title":"Domenica torna la 15ma Santa Klaus Running di Belluno\u00a0 - Bellunopress - Dolomiti","og_description":"Countdown iniziato per la Santa Klaus Running di Belluno che domenica 8 dicembre spegne 15 candeline. E festeggia parlando sempre pi\u00f9 lingue straniere. Al via, infatti, ci saranno atleti anche di 5 paesi diversi dall&#8217;Italia: Austria, Belgio, Usa, Svizzera e Irlanda. E si amplia anche la zona di provenienza dei partecipanti alla corsa pi\u00f9 allegra [&hellip;]","og_url":"https:\/\/www.bellunopress.it\/fr\/2019\/12\/03\/domenica-torna-la-15ma-santa-klaus-running-di-belluno\/","og_site_name":"Bellunopress - Dolomiti","article_publisher":"https:\/\/www.facebook.com\/profile.php?id=100008943462799","article_published_time":"2019-12-03T14:03:54+00:00","article_modified_time":"2019-12-03T19:08:51+00:00","og_image":[{"url":"http:\/\/www.bellunopress.it\/wp-content\/uploads\/2018\/12\/santa-klaus-running.jpg","type":"","width":"","height":""}],"author":"redazione","twitter_card":"summary_large_image","twitter_creator":"@bellunopress","twitter_site":"@bellunopress","twitter_misc":{"Written by":"redazione","Est. reading time":"4 minutes"},"schema":{"@context":"https:\/\/schema.org","@graph":[{"@type":"Article","@id":"https:\/\/www.bellunopress.it\/2019\/12\/03\/domenica-torna-la-15ma-santa-klaus-running-di-belluno\/#article","isPartOf":{"@id":"https:\/\/www.bellunopress.it\/2019\/12\/03\/domenica-torna-la-15ma-santa-klaus-running-di-belluno\/"},"author":{"name":"redazione","@id":"https:\/\/www.bellunopress.it\/#\/schema\/person\/79bb06722b37ece1c03d3e94beb30d73"},"headline":"Domenica torna la 15ma Santa Klaus Running di Belluno\u00a0","datePublished":"2019-12-03T14:03:54+00:00","dateModified":"2019-12-03T19:08:51+00:00","mainEntityOfPage":{"@id":"https:\/\/www.bellunopress.it\/2019\/12\/03\/domenica-torna-la-15ma-santa-klaus-running-di-belluno\/"},"wordCount":837,"publisher":{"@id":"https:\/\/www.bellunopress.it\/#organization"},"image":{"@id":"https:\/\/www.bellunopress.it\/2019\/12\/03\/domenica-torna-la-15ma-santa-klaus-running-di-belluno\/#primaryimage"},"thumbnailUrl":"http:\/\/www.bellunopress.it\/wp-content\/uploads\/2018\/12\/santa-klaus-running.jpg","articleSection":["Prima Pagina","Sport, tempo libero"],"inLanguage":"fr-FR"},{"@type":"WebPage","@id":"https:\/\/www.bellunopress.it\/2019\/12\/03\/domenica-torna-la-15ma-santa-klaus-running-di-belluno\/","url":"https:\/\/www.bellunopress.it\/2019\/12\/03\/domenica-torna-la-15ma-santa-klaus-running-di-belluno\/","name":"Domenica torna la 15ma Santa Klaus Running di Belluno\u00a0 - Bellunopress - Dolomiti","isPartOf":{"@id":"https:\/\/www.bellunopress.it\/#website"},"primaryImageOfPage":{"@id":"https:\/\/www.bellunopress.it\/2019\/12\/03\/domenica-torna-la-15ma-santa-klaus-running-di-belluno\/#primaryimage"},"image":{"@id":"https:\/\/www.bellunopress.it\/2019\/12\/03\/domenica-torna-la-15ma-santa-klaus-running-di-belluno\/#primaryimage"},"thumbnailUrl":"http:\/\/www.bellunopress.it\/wp-content\/uploads\/2018\/12\/santa-klaus-running.jpg","datePublished":"2019-12-03T14:03:54+00:00","dateModified":"2019-12-03T19:08:51+00:00","breadcrumb":{"@id":"https:\/\/www.bellunopress.it\/2019\/12\/03\/domenica-torna-la-15ma-santa-klaus-running-di-belluno\/#breadcrumb"},"inLanguage":"fr-FR","potentialAction":[{"@type":"ReadAction","target":["https:\/\/www.bellunopress.it\/2019\/12\/03\/domenica-torna-la-15ma-santa-klaus-running-di-belluno\/"]}]},{"@type":"ImageObject","inLanguage":"fr-FR","@id":"https:\/\/www.bellunopress.it\/2019\/12\/03\/domenica-torna-la-15ma-santa-klaus-running-di-belluno\/#primaryimage","url":"http:\/\/www.bellunopress.it\/wp-content\/uploads\/2018\/12\/santa-klaus-running.jpg","contentUrl":"http:\/\/www.bellunopress.it\/wp-content\/uploads\/2018\/12\/santa-klaus-running.jpg"},{"@type":"BreadcrumbList","@id":"https:\/\/www.bellunopress.it\/2019\/12\/03\/domenica-torna-la-15ma-santa-klaus-running-di-belluno\/#breadcrumb","itemListElement":[{"@type":"ListItem","position":1,"name":"Home","item":"https:\/\/www.bellunopress.it\/"},{"@type":"ListItem","position":2,"name":"Domenica torna la 15ma Santa Klaus Running di Belluno\u00a0"}]},{"@type":"WebSite","@id":"https:\/\/www.bellunopress.it\/#website","url":"https:\/\/www.bellunopress.it\/","name":"Bellunopress - Dolomiti","description":"e-mail: redazione@bellunopress.it","publisher":{"@id":"https:\/\/www.bellunopress.it\/#organization"},"potentialAction":[{"@type":"SearchAction","target":{"@type":"EntryPoint","urlTemplate":"https:\/\/www.bellunopress.it\/?s={search_term_string}"},"query-input":{"@type":"PropertyValueSpecification","valueRequired":true,"valueName":"search_term_string"}}],"inLanguage":"fr-FR"},{"@type":"Organization","@id":"https:\/\/www.bellunopress.it\/#organization","name":"Bellunopress","url":"https:\/\/www.bellunopress.it\/","logo":{"@type":"ImageObject","inLanguage":"fr-FR","@id":"https:\/\/www.bellunopress.it\/#\/schema\/logo\/image\/","url":"https:\/\/www.bellunopress.it\/wp-content\/uploads\/2011\/05\/cropped-logo-bellunopress-.jpg","contentUrl":"https:\/\/www.bellunopress.it\/wp-content\/uploads\/2011\/05\/cropped-logo-bellunopress-.jpg","width":512,"height":512,"caption":"Bellunopress"},"image":{"@id":"https:\/\/www.bellunopress.it\/#\/schema\/logo\/image\/"},"sameAs":["https:\/\/www.facebook.com\/profile.php?id=100008943462799","https:\/\/x.com\/bellunopress","https:\/\/www.linkedin.com\/hp\/?dnr=JBzUWaJfMUw8vbXJJ2tVW5-I3jZKvC4wsoxE&amp;amp;amp;amp;amp;amp;trk=nav_responsive_tab_home","https:\/\/www.youtube.com\/channel\/UCxL0wu1uN0_3_7hGG0306cw"]},{"@type":"Person","@id":"https:\/\/www.bellunopress.it\/#\/schema\/person\/79bb06722b37ece1c03d3e94beb30d73","name":"r\u00e9daction","image":{"@type":"ImageObject","inLanguage":"fr-FR","@id":"https:\/\/secure.gravatar.com\/avatar\/37d968a2e67a6fd04c169c4bdef102d0bc5d31b2546345219e348575eb80e9a0?s=96&d=mm&r=g","url":"https:\/\/secure.gravatar.com\/avatar\/37d968a2e67a6fd04c169c4bdef102d0bc5d31b2546345219e348575eb80e9a0?s=96&d=mm&r=g","contentUrl":"https:\/\/secure.gravatar.com\/avatar\/37d968a2e67a6fd04c169c4bdef102d0bc5d31b2546345219e348575eb80e9a0?s=96&d=mm&r=g","caption":"redazione"},"sameAs":["http:\/\/www.bellunopress.it","https:\/\/x.com\/bellunopress"],"url":"https:\/\/www.bellunopress.it\/fr\/author\/redazione\/"}]}},"_links":{"self":[{"href":"https:\/\/www.bellunopress.it\/fr\/wp-json\/wp\/v2\/posts\/110139","targetHints":{"allow":["GET"]}}],"collection":[{"href":"https:\/\/www.bellunopress.it\/fr\/wp-json\/wp\/v2\/posts"}],"about":[{"href":"https:\/\/www.bellunopress.it\/fr\/wp-json\/wp\/v2\/types\/post"}],"author":[{"embeddable":true,"href":"https:\/\/www.bellunopress.it\/fr\/wp-json\/wp\/v2\/users\/2"}],"replies":[{"embeddable":true,"href":"https:\/\/www.bellunopress.it\/fr\/wp-json\/wp\/v2\/comments?post=110139"}],"version-history":[{"count":1,"href":"https:\/\/www.bellunopress.it\/fr\/wp-json\/wp\/v2\/posts\/110139\/revisions"}],"predecessor-version":[{"id":110140,"href":"https:\/\/www.bellunopress.it\/fr\/wp-json\/wp\/v2\/posts\/110139\/revisions\/110140"}],"wp:attachment":[{"href":"https:\/\/www.bellunopress.it\/fr\/wp-json\/wp\/v2\/media?parent=110139"}],"wp:term":[{"taxonomy":"category","embeddable":true,"href":"https:\/\/www.bellunopress.it\/fr\/wp-json\/wp\/v2\/categories?post=110139"},{"taxonomy":"post_tag","embeddable":true,"href":"https:\/\/www.bellunopress.it\/fr\/wp-json\/wp\/v2\/tags?post=110139"}],"curies":[{"name":"wp","href":"https:\/\/api.w.org\/{rel}","templated":true}]}}