{"id":110129,"date":"2019-12-03T15:58:02","date_gmt":"2019-12-03T14:58:02","guid":{"rendered":"http:\/\/www.bellunopress.it\/?p=110129"},"modified":"2019-12-03T15:58:02","modified_gmt":"2019-12-03T14:58:02","slug":"torna-la-scarpetta-night-venerdi-27-dicembre-al-centro-rossi-di-belluno-con-le-specialita-degli-chef","status":"publish","type":"post","link":"https:\/\/www.bellunopress.it\/fr\/2019\/12\/03\/torna-la-scarpetta-night-venerdi-27-dicembre-al-centro-rossi-di-belluno-con-le-specialita-degli-chef\/","title":{"rendered":"Torna la Scarpetta night. Venerd\u00ec 27 dicembre al Centro Rossi di Belluno con le specialit\u00e0 degli chef"},"content":{"rendered":"<p>Torna la cena pi\u00f9 gustosa di sempre! Dopo il grande successo da \u201ctutto esaurito\u201d degli anni precedenti, arriva la terza edizione di \u201cScarpetta Night\u201d l\u2019evento di enogastronomia in cui si potr\u00e0 cenare facendo proprio\u2026la Scarpetta!<\/p>\n<p><a href=\"http:\/\/www.bellunopress.it\/fr\/2019\/12\/03\/torna-la-scarpetta-night-venerdi-27-dicembre-al-centro-rossi-di-belluno-con-le-specialita-degli-chef\/scarpetta-night-2018\/\" rel=\"attachment wp-att-110130\"><img loading=\"lazy\" decoding=\"async\" class=\"alignleft size-full wp-image-110130\" src=\"http:\/\/www.bellunopress.it\/wp-content\/uploads\/2019\/12\/scarpetta-night-2018.jpg\" alt=\"\" width=\"300\" height=\"202\" \/><\/a>L\u2019idea \u00e8 tanto semplice quanto efficace: far scoprire al pi\u00f9 vasto pubblico possibile l&#8217;enogastronomia locale, attraverso un gesto comune a tutti e spontaneo durante un pasto, ossia appunto la \u201cScarpetta\u201d. Scarpetta Night, ha l\u2019obiettivo di avvicinare la gente ai prodotti tipici locali, coinvolgendoli in un tour enogastronomico attraverso l\u2019assaggio, in un modo divertente e simpatico proprio perch\u00e9 \u00e8 questo il senso, divertire insegnando la bont\u00e0, la tipicit\u00e0 e la cultura dei nostri prodotti.<\/p>\n<p>Ad organizzare l\u2019evento sar\u00e0 sempre l\u2019associazione BellunoLaNotte, con il supporto di Coldiretti Belluno e il Patrocinio della Regione Veneto.<\/p>\n<p>La Location scelta sar\u00e0 nuovamente il comodissimo Centro Piero Rossi, in Piazza Piloni a Belluno venerd\u00ec 27 dicembre 2019. Il locale, Presidio del Parco delle Dolomiti, sar\u00e0 riservato completamente per gli ospiti. Molto comodo ed attrezzato, proprio davanti al parcheggio della Piazza.<\/p>\n<p>Verranno servite 5 portate abbinate al pane e calice di vino. A chiudere sar\u00e0 il gelato artigianale.<\/p>\n<p><strong>Gli chef che cucineranno quest\u2019anno per il pubblico saranno:<\/strong><br \/>\nEnrico &amp; Louis &#8211; Ristorante OFFICINE \u2013 LA FABBRICA DEL BUON GUSTO (BL)<br \/>\nScarpetta: \u201cZucca in sa\u00f2r, Stracchino di Romagna al Sale dolce di Cervia con pane a lievito madre e Farine Bio\u201d.<br \/>\nDavide Viel del Ristorante AL BORGO (BL)<br \/>\nScarpetta: \u201cGuancialino di maiale brasato con verdure\u201d.<br \/>\nDiego Ferigo del Ristorante TRATTORIA AL MORETTO (BL)<br \/>\nScarpetta: \u201cVellutata di Cremino di Camolino e formaggi con focaccia farcita al pesto di radicchio e noci\u201d.<br \/>\nMaurizio Lazzarin del Ristorante AL LUMIN (Zoldo \u2013 BL)<br \/>\nScarpetta: \u201cCostina di Maiale su fonduta di verza e puccia Zoldana\u201d.<br \/>\nAssociazione \u201cGelatieri Zoldani\u201d<br \/>\nScarpetta: \u201cGelato artigianale preparato al momento, con i classici gusti della tradizione, e le cialde appena fatte\u201d.<br \/>\nAbbinate alle scarpette, verr\u00e0 consegnato pane di Balbinot e il vino della cantina De Bacco.<\/p>\n<p>La cena sar\u00e0 in piedi, per rendere l\u2019ambiente pi\u00f9 informale, con una piacevole musica jazz di sottofondo. Verranno organizzati 2 turni: dalle 19:00 alle 20:30 il primo e dalle 20:30 alle 22:00 il secondo.<\/p>\n<p>Il costo della serata \u00e8 di 15 euro tutto compreso. I biglietti sono limitati e si potranno acquistare a Belluno presso il Centro Piero Rossi (Piazza Piloni), oppure Presso il Ristorante Al Moretto (Piazza Mercato &#8211; BL) e le \u201cOfficine la Fabbrica del Buon Gusto\u201d (Via Fiorenzo Tomea, 9 &#8211; BL) oppure ONLINE CON CARTA DI CREDITO. Le info si trovano sul sito internet www.scarpettanight.it oppure chiamando il numero 340 1982274.<\/p>\n<p>Tutti gli aggiornamenti anche sulla pagina Facebook: https:\/\/www.facebook.com\/ScarpettaNight\/<\/p>","protected":false},"excerpt":{"rendered":"<p>Torna la cena pi\u00f9 gustosa di sempre! Dopo il grande successo da \u201ctutto esaurito\u201d degli anni precedenti, arriva la terza edizione di \u201cScarpetta Night\u201d l\u2019evento di enogastronomia in cui si potr\u00e0 cenare facendo proprio\u2026la Scarpetta! L\u2019idea \u00e8 tanto semplice quanto efficace: far scoprire al pi\u00f9 vasto pubblico possibile l&#8217;enogastronomia locale, attraverso un gesto comune a [&hellip;]<\/p>\n","protected":false},"author":2,"featured_media":0,"comment_status":"closed","ping_status":"open","sticky":false,"template":"","format":"standard","meta":{"footnotes":""},"categories":[27,3393,25],"tags":[],"class_list":["post-110129","post","type-post","status-publish","format-standard","category-appuntamenti","category-eventi-enogastronomici","category-pausa-caffe"],"yoast_head":"<!-- This site is optimized with the Yoast SEO plugin v28.4 - https:\/\/yoast.com\/product\/yoast-seo-wordpress\/ -->\n<title>Torna la Scarpetta night. Venerd\u00ec 27 dicembre al Centro Rossi di Belluno con le specialit\u00e0 degli chef - Bellunopress - Dolomiti<\/title>\n<meta name=\"robots\" content=\"index, follow, max-snippet:-1, max-image-preview:large, max-video-preview:-1\" \/>\n<link rel=\"canonical\" href=\"https:\/\/www.bellunopress.it\/fr\/2019\/12\/03\/torna-la-scarpetta-night-venerdi-27-dicembre-al-centro-rossi-di-belluno-con-le-specialita-degli-chef\/\" \/>\n<meta property=\"og:locale\" content=\"fr_FR\" \/>\n<meta property=\"og:type\" content=\"article\" \/>\n<meta property=\"og:title\" content=\"Torna la Scarpetta night. Venerd\u00ec 27 dicembre al Centro Rossi di Belluno con le specialit\u00e0 degli chef - Bellunopress - Dolomiti\" \/>\n<meta property=\"og:description\" content=\"Torna la cena pi\u00f9 gustosa di sempre! Dopo il grande successo da \u201ctutto esaurito\u201d degli anni precedenti, arriva la terza edizione di \u201cScarpetta Night\u201d l\u2019evento di enogastronomia in cui si potr\u00e0 cenare facendo proprio\u2026la Scarpetta! L\u2019idea \u00e8 tanto semplice quanto efficace: far scoprire al pi\u00f9 vasto pubblico possibile l&#8217;enogastronomia locale, attraverso un gesto comune a [&hellip;]\" \/>\n<meta property=\"og:url\" content=\"https:\/\/www.bellunopress.it\/fr\/2019\/12\/03\/torna-la-scarpetta-night-venerdi-27-dicembre-al-centro-rossi-di-belluno-con-le-specialita-degli-chef\/\" \/>\n<meta property=\"og:site_name\" content=\"Bellunopress - Dolomiti\" \/>\n<meta property=\"article:publisher\" content=\"https:\/\/www.facebook.com\/profile.php?id=100008943462799\" \/>\n<meta property=\"article:published_time\" content=\"2019-12-03T14:58:02+00:00\" \/>\n<meta property=\"og:image\" content=\"http:\/\/www.bellunopress.it\/wp-content\/uploads\/2019\/12\/scarpetta-night-2018.jpg\" \/>\n<meta name=\"author\" content=\"redazione\" \/>\n<meta name=\"twitter:card\" content=\"summary_large_image\" \/>\n<meta name=\"twitter:creator\" content=\"@bellunopress\" \/>\n<meta name=\"twitter:site\" content=\"@bellunopress\" \/>\n<meta name=\"twitter:label1\" content=\"Written by\" \/>\n\t<meta name=\"twitter:data1\" content=\"redazione\" \/>\n\t<meta name=\"twitter:label2\" content=\"Est. reading time\" \/>\n\t<meta name=\"twitter:data2\" content=\"2 minutes\" \/>\n<script type=\"application\/ld+json\" class=\"yoast-schema-graph\">{\"@context\":\"https:\\\/\\\/schema.org\",\"@graph\":[{\"@type\":\"Article\",\"@id\":\"https:\\\/\\\/www.bellunopress.it\\\/2019\\\/12\\\/03\\\/torna-la-scarpetta-night-venerdi-27-dicembre-al-centro-rossi-di-belluno-con-le-specialita-degli-chef\\\/#article\",\"isPartOf\":{\"@id\":\"https:\\\/\\\/www.bellunopress.it\\\/2019\\\/12\\\/03\\\/torna-la-scarpetta-night-venerdi-27-dicembre-al-centro-rossi-di-belluno-con-le-specialita-degli-chef\\\/\"},\"author\":{\"name\":\"redazione\",\"@id\":\"https:\\\/\\\/www.bellunopress.it\\\/#\\\/schema\\\/person\\\/79bb06722b37ece1c03d3e94beb30d73\"},\"headline\":\"Torna la Scarpetta night. Venerd\u00ec 27 dicembre al Centro Rossi di Belluno con le specialit\u00e0 degli chef\",\"datePublished\":\"2019-12-03T14:58:02+00:00\",\"mainEntityOfPage\":{\"@id\":\"https:\\\/\\\/www.bellunopress.it\\\/2019\\\/12\\\/03\\\/torna-la-scarpetta-night-venerdi-27-dicembre-al-centro-rossi-di-belluno-con-le-specialita-degli-chef\\\/\"},\"wordCount\":451,\"publisher\":{\"@id\":\"https:\\\/\\\/www.bellunopress.it\\\/#organization\"},\"image\":{\"@id\":\"https:\\\/\\\/www.bellunopress.it\\\/2019\\\/12\\\/03\\\/torna-la-scarpetta-night-venerdi-27-dicembre-al-centro-rossi-di-belluno-con-le-specialita-degli-chef\\\/#primaryimage\"},\"thumbnailUrl\":\"http:\\\/\\\/www.bellunopress.it\\\/wp-content\\\/uploads\\\/2019\\\/12\\\/scarpetta-night-2018.jpg\",\"articleSection\":[\"Appuntamenti, Eventi\",\"Eventi enogastronomici\",\"Pausa Caff\u00e8\"],\"inLanguage\":\"fr-FR\"},{\"@type\":\"WebPage\",\"@id\":\"https:\\\/\\\/www.bellunopress.it\\\/2019\\\/12\\\/03\\\/torna-la-scarpetta-night-venerdi-27-dicembre-al-centro-rossi-di-belluno-con-le-specialita-degli-chef\\\/\",\"url\":\"https:\\\/\\\/www.bellunopress.it\\\/2019\\\/12\\\/03\\\/torna-la-scarpetta-night-venerdi-27-dicembre-al-centro-rossi-di-belluno-con-le-specialita-degli-chef\\\/\",\"name\":\"Torna la Scarpetta night. Venerd\u00ec 27 dicembre al Centro Rossi di Belluno con le specialit\u00e0 degli chef - Bellunopress - Dolomiti\",\"isPartOf\":{\"@id\":\"https:\\\/\\\/www.bellunopress.it\\\/#website\"},\"primaryImageOfPage\":{\"@id\":\"https:\\\/\\\/www.bellunopress.it\\\/2019\\\/12\\\/03\\\/torna-la-scarpetta-night-venerdi-27-dicembre-al-centro-rossi-di-belluno-con-le-specialita-degli-chef\\\/#primaryimage\"},\"image\":{\"@id\":\"https:\\\/\\\/www.bellunopress.it\\\/2019\\\/12\\\/03\\\/torna-la-scarpetta-night-venerdi-27-dicembre-al-centro-rossi-di-belluno-con-le-specialita-degli-chef\\\/#primaryimage\"},\"thumbnailUrl\":\"http:\\\/\\\/www.bellunopress.it\\\/wp-content\\\/uploads\\\/2019\\\/12\\\/scarpetta-night-2018.jpg\",\"datePublished\":\"2019-12-03T14:58:02+00:00\",\"breadcrumb\":{\"@id\":\"https:\\\/\\\/www.bellunopress.it\\\/2019\\\/12\\\/03\\\/torna-la-scarpetta-night-venerdi-27-dicembre-al-centro-rossi-di-belluno-con-le-specialita-degli-chef\\\/#breadcrumb\"},\"inLanguage\":\"fr-FR\",\"potentialAction\":[{\"@type\":\"ReadAction\",\"target\":[\"https:\\\/\\\/www.bellunopress.it\\\/2019\\\/12\\\/03\\\/torna-la-scarpetta-night-venerdi-27-dicembre-al-centro-rossi-di-belluno-con-le-specialita-degli-chef\\\/\"]}]},{\"@type\":\"ImageObject\",\"inLanguage\":\"fr-FR\",\"@id\":\"https:\\\/\\\/www.bellunopress.it\\\/2019\\\/12\\\/03\\\/torna-la-scarpetta-night-venerdi-27-dicembre-al-centro-rossi-di-belluno-con-le-specialita-degli-chef\\\/#primaryimage\",\"url\":\"http:\\\/\\\/www.bellunopress.it\\\/wp-content\\\/uploads\\\/2019\\\/12\\\/scarpetta-night-2018.jpg\",\"contentUrl\":\"http:\\\/\\\/www.bellunopress.it\\\/wp-content\\\/uploads\\\/2019\\\/12\\\/scarpetta-night-2018.jpg\"},{\"@type\":\"BreadcrumbList\",\"@id\":\"https:\\\/\\\/www.bellunopress.it\\\/2019\\\/12\\\/03\\\/torna-la-scarpetta-night-venerdi-27-dicembre-al-centro-rossi-di-belluno-con-le-specialita-degli-chef\\\/#breadcrumb\",\"itemListElement\":[{\"@type\":\"ListItem\",\"position\":1,\"name\":\"Home\",\"item\":\"https:\\\/\\\/www.bellunopress.it\\\/\"},{\"@type\":\"ListItem\",\"position\":2,\"name\":\"Torna la Scarpetta night. Venerd\u00ec 27 dicembre al Centro Rossi di Belluno con le specialit\u00e0 degli chef\"}]},{\"@type\":\"WebSite\",\"@id\":\"https:\\\/\\\/www.bellunopress.it\\\/#website\",\"url\":\"https:\\\/\\\/www.bellunopress.it\\\/\",\"name\":\"Bellunopress - Dolomiti\",\"description\":\"e-mail: redazione@bellunopress.it\",\"publisher\":{\"@id\":\"https:\\\/\\\/www.bellunopress.it\\\/#organization\"},\"potentialAction\":[{\"@type\":\"SearchAction\",\"target\":{\"@type\":\"EntryPoint\",\"urlTemplate\":\"https:\\\/\\\/www.bellunopress.it\\\/?s={search_term_string}\"},\"query-input\":{\"@type\":\"PropertyValueSpecification\",\"valueRequired\":true,\"valueName\":\"search_term_string\"}}],\"inLanguage\":\"fr-FR\"},{\"@type\":\"Organization\",\"@id\":\"https:\\\/\\\/www.bellunopress.it\\\/#organization\",\"name\":\"Bellunopress\",\"url\":\"https:\\\/\\\/www.bellunopress.it\\\/\",\"logo\":{\"@type\":\"ImageObject\",\"inLanguage\":\"fr-FR\",\"@id\":\"https:\\\/\\\/www.bellunopress.it\\\/#\\\/schema\\\/logo\\\/image\\\/\",\"url\":\"https:\\\/\\\/www.bellunopress.it\\\/wp-content\\\/uploads\\\/2011\\\/05\\\/cropped-logo-bellunopress-.jpg\",\"contentUrl\":\"https:\\\/\\\/www.bellunopress.it\\\/wp-content\\\/uploads\\\/2011\\\/05\\\/cropped-logo-bellunopress-.jpg\",\"width\":512,\"height\":512,\"caption\":\"Bellunopress\"},\"image\":{\"@id\":\"https:\\\/\\\/www.bellunopress.it\\\/#\\\/schema\\\/logo\\\/image\\\/\"},\"sameAs\":[\"https:\\\/\\\/www.facebook.com\\\/profile.php?id=100008943462799\",\"https:\\\/\\\/x.com\\\/bellunopress\",\"https:\\\/\\\/www.linkedin.com\\\/hp\\\/?dnr=JBzUWaJfMUw8vbXJJ2tVW5-I3jZKvC4wsoxE&amp;amp;amp;amp;amp;amp;trk=nav_responsive_tab_home\",\"https:\\\/\\\/www.youtube.com\\\/channel\\\/UCxL0wu1uN0_3_7hGG0306cw\"]},{\"@type\":\"Person\",\"@id\":\"https:\\\/\\\/www.bellunopress.it\\\/#\\\/schema\\\/person\\\/79bb06722b37ece1c03d3e94beb30d73\",\"name\":\"redazione\",\"image\":{\"@type\":\"ImageObject\",\"inLanguage\":\"fr-FR\",\"@id\":\"https:\\\/\\\/secure.gravatar.com\\\/avatar\\\/37d968a2e67a6fd04c169c4bdef102d0bc5d31b2546345219e348575eb80e9a0?s=96&d=mm&r=g\",\"url\":\"https:\\\/\\\/secure.gravatar.com\\\/avatar\\\/37d968a2e67a6fd04c169c4bdef102d0bc5d31b2546345219e348575eb80e9a0?s=96&d=mm&r=g\",\"contentUrl\":\"https:\\\/\\\/secure.gravatar.com\\\/avatar\\\/37d968a2e67a6fd04c169c4bdef102d0bc5d31b2546345219e348575eb80e9a0?s=96&d=mm&r=g\",\"caption\":\"redazione\"},\"sameAs\":[\"http:\\\/\\\/www.bellunopress.it\",\"https:\\\/\\\/x.com\\\/bellunopress\"],\"url\":\"https:\\\/\\\/www.bellunopress.it\\\/fr\\\/author\\\/redazione\\\/\"}]}<\/script>\n<!-- \/ Yoast SEO plugin. -->","yoast_head_json":{"title":"Torna la Scarpetta night. Venerd\u00ec 27 dicembre al Centro Rossi di Belluno con le specialit\u00e0 degli chef - Bellunopress - Dolomiti","robots":{"index":"index","follow":"follow","max-snippet":"max-snippet:-1","max-image-preview":"max-image-preview:large","max-video-preview":"max-video-preview:-1"},"canonical":"https:\/\/www.bellunopress.it\/fr\/2019\/12\/03\/torna-la-scarpetta-night-venerdi-27-dicembre-al-centro-rossi-di-belluno-con-le-specialita-degli-chef\/","og_locale":"fr_FR","og_type":"article","og_title":"Torna la Scarpetta night. Venerd\u00ec 27 dicembre al Centro Rossi di Belluno con le specialit\u00e0 degli chef - Bellunopress - Dolomiti","og_description":"Torna la cena pi\u00f9 gustosa di sempre! Dopo il grande successo da \u201ctutto esaurito\u201d degli anni precedenti, arriva la terza edizione di \u201cScarpetta Night\u201d l\u2019evento di enogastronomia in cui si potr\u00e0 cenare facendo proprio\u2026la Scarpetta! L\u2019idea \u00e8 tanto semplice quanto efficace: far scoprire al pi\u00f9 vasto pubblico possibile l&#8217;enogastronomia locale, attraverso un gesto comune a [&hellip;]","og_url":"https:\/\/www.bellunopress.it\/fr\/2019\/12\/03\/torna-la-scarpetta-night-venerdi-27-dicembre-al-centro-rossi-di-belluno-con-le-specialita-degli-chef\/","og_site_name":"Bellunopress - Dolomiti","article_publisher":"https:\/\/www.facebook.com\/profile.php?id=100008943462799","article_published_time":"2019-12-03T14:58:02+00:00","og_image":[{"url":"http:\/\/www.bellunopress.it\/wp-content\/uploads\/2019\/12\/scarpetta-night-2018.jpg","type":"","width":"","height":""}],"author":"redazione","twitter_card":"summary_large_image","twitter_creator":"@bellunopress","twitter_site":"@bellunopress","twitter_misc":{"Written by":"redazione","Est. reading time":"2 minutes"},"schema":{"@context":"https:\/\/schema.org","@graph":[{"@type":"Article","@id":"https:\/\/www.bellunopress.it\/2019\/12\/03\/torna-la-scarpetta-night-venerdi-27-dicembre-al-centro-rossi-di-belluno-con-le-specialita-degli-chef\/#article","isPartOf":{"@id":"https:\/\/www.bellunopress.it\/2019\/12\/03\/torna-la-scarpetta-night-venerdi-27-dicembre-al-centro-rossi-di-belluno-con-le-specialita-degli-chef\/"},"author":{"name":"redazione","@id":"https:\/\/www.bellunopress.it\/#\/schema\/person\/79bb06722b37ece1c03d3e94beb30d73"},"headline":"Torna la Scarpetta night. Venerd\u00ec 27 dicembre al Centro Rossi di Belluno con le specialit\u00e0 degli chef","datePublished":"2019-12-03T14:58:02+00:00","mainEntityOfPage":{"@id":"https:\/\/www.bellunopress.it\/2019\/12\/03\/torna-la-scarpetta-night-venerdi-27-dicembre-al-centro-rossi-di-belluno-con-le-specialita-degli-chef\/"},"wordCount":451,"publisher":{"@id":"https:\/\/www.bellunopress.it\/#organization"},"image":{"@id":"https:\/\/www.bellunopress.it\/2019\/12\/03\/torna-la-scarpetta-night-venerdi-27-dicembre-al-centro-rossi-di-belluno-con-le-specialita-degli-chef\/#primaryimage"},"thumbnailUrl":"http:\/\/www.bellunopress.it\/wp-content\/uploads\/2019\/12\/scarpetta-night-2018.jpg","articleSection":["Appuntamenti, Eventi","Eventi enogastronomici","Pausa Caff\u00e8"],"inLanguage":"fr-FR"},{"@type":"WebPage","@id":"https:\/\/www.bellunopress.it\/2019\/12\/03\/torna-la-scarpetta-night-venerdi-27-dicembre-al-centro-rossi-di-belluno-con-le-specialita-degli-chef\/","url":"https:\/\/www.bellunopress.it\/2019\/12\/03\/torna-la-scarpetta-night-venerdi-27-dicembre-al-centro-rossi-di-belluno-con-le-specialita-degli-chef\/","name":"Torna la Scarpetta night. Venerd\u00ec 27 dicembre al Centro Rossi di Belluno con le specialit\u00e0 degli chef - Bellunopress - Dolomiti","isPartOf":{"@id":"https:\/\/www.bellunopress.it\/#website"},"primaryImageOfPage":{"@id":"https:\/\/www.bellunopress.it\/2019\/12\/03\/torna-la-scarpetta-night-venerdi-27-dicembre-al-centro-rossi-di-belluno-con-le-specialita-degli-chef\/#primaryimage"},"image":{"@id":"https:\/\/www.bellunopress.it\/2019\/12\/03\/torna-la-scarpetta-night-venerdi-27-dicembre-al-centro-rossi-di-belluno-con-le-specialita-degli-chef\/#primaryimage"},"thumbnailUrl":"http:\/\/www.bellunopress.it\/wp-content\/uploads\/2019\/12\/scarpetta-night-2018.jpg","datePublished":"2019-12-03T14:58:02+00:00","breadcrumb":{"@id":"https:\/\/www.bellunopress.it\/2019\/12\/03\/torna-la-scarpetta-night-venerdi-27-dicembre-al-centro-rossi-di-belluno-con-le-specialita-degli-chef\/#breadcrumb"},"inLanguage":"fr-FR","potentialAction":[{"@type":"ReadAction","target":["https:\/\/www.bellunopress.it\/2019\/12\/03\/torna-la-scarpetta-night-venerdi-27-dicembre-al-centro-rossi-di-belluno-con-le-specialita-degli-chef\/"]}]},{"@type":"ImageObject","inLanguage":"fr-FR","@id":"https:\/\/www.bellunopress.it\/2019\/12\/03\/torna-la-scarpetta-night-venerdi-27-dicembre-al-centro-rossi-di-belluno-con-le-specialita-degli-chef\/#primaryimage","url":"http:\/\/www.bellunopress.it\/wp-content\/uploads\/2019\/12\/scarpetta-night-2018.jpg","contentUrl":"http:\/\/www.bellunopress.it\/wp-content\/uploads\/2019\/12\/scarpetta-night-2018.jpg"},{"@type":"BreadcrumbList","@id":"https:\/\/www.bellunopress.it\/2019\/12\/03\/torna-la-scarpetta-night-venerdi-27-dicembre-al-centro-rossi-di-belluno-con-le-specialita-degli-chef\/#breadcrumb","itemListElement":[{"@type":"ListItem","position":1,"name":"Home","item":"https:\/\/www.bellunopress.it\/"},{"@type":"ListItem","position":2,"name":"Torna la Scarpetta night. Venerd\u00ec 27 dicembre al Centro Rossi di Belluno con le specialit\u00e0 degli chef"}]},{"@type":"WebSite","@id":"https:\/\/www.bellunopress.it\/#website","url":"https:\/\/www.bellunopress.it\/","name":"Bellunopress - Dolomiti","description":"e-mail: redazione@bellunopress.it","publisher":{"@id":"https:\/\/www.bellunopress.it\/#organization"},"potentialAction":[{"@type":"SearchAction","target":{"@type":"EntryPoint","urlTemplate":"https:\/\/www.bellunopress.it\/?s={search_term_string}"},"query-input":{"@type":"PropertyValueSpecification","valueRequired":true,"valueName":"search_term_string"}}],"inLanguage":"fr-FR"},{"@type":"Organization","@id":"https:\/\/www.bellunopress.it\/#organization","name":"Bellunopress","url":"https:\/\/www.bellunopress.it\/","logo":{"@type":"ImageObject","inLanguage":"fr-FR","@id":"https:\/\/www.bellunopress.it\/#\/schema\/logo\/image\/","url":"https:\/\/www.bellunopress.it\/wp-content\/uploads\/2011\/05\/cropped-logo-bellunopress-.jpg","contentUrl":"https:\/\/www.bellunopress.it\/wp-content\/uploads\/2011\/05\/cropped-logo-bellunopress-.jpg","width":512,"height":512,"caption":"Bellunopress"},"image":{"@id":"https:\/\/www.bellunopress.it\/#\/schema\/logo\/image\/"},"sameAs":["https:\/\/www.facebook.com\/profile.php?id=100008943462799","https:\/\/x.com\/bellunopress","https:\/\/www.linkedin.com\/hp\/?dnr=JBzUWaJfMUw8vbXJJ2tVW5-I3jZKvC4wsoxE&amp;amp;amp;amp;amp;amp;trk=nav_responsive_tab_home","https:\/\/www.youtube.com\/channel\/UCxL0wu1uN0_3_7hGG0306cw"]},{"@type":"Person","@id":"https:\/\/www.bellunopress.it\/#\/schema\/person\/79bb06722b37ece1c03d3e94beb30d73","name":"r\u00e9daction","image":{"@type":"ImageObject","inLanguage":"fr-FR","@id":"https:\/\/secure.gravatar.com\/avatar\/37d968a2e67a6fd04c169c4bdef102d0bc5d31b2546345219e348575eb80e9a0?s=96&d=mm&r=g","url":"https:\/\/secure.gravatar.com\/avatar\/37d968a2e67a6fd04c169c4bdef102d0bc5d31b2546345219e348575eb80e9a0?s=96&d=mm&r=g","contentUrl":"https:\/\/secure.gravatar.com\/avatar\/37d968a2e67a6fd04c169c4bdef102d0bc5d31b2546345219e348575eb80e9a0?s=96&d=mm&r=g","caption":"redazione"},"sameAs":["http:\/\/www.bellunopress.it","https:\/\/x.com\/bellunopress"],"url":"https:\/\/www.bellunopress.it\/fr\/author\/redazione\/"}]}},"_links":{"self":[{"href":"https:\/\/www.bellunopress.it\/fr\/wp-json\/wp\/v2\/posts\/110129","targetHints":{"allow":["GET"]}}],"collection":[{"href":"https:\/\/www.bellunopress.it\/fr\/wp-json\/wp\/v2\/posts"}],"about":[{"href":"https:\/\/www.bellunopress.it\/fr\/wp-json\/wp\/v2\/types\/post"}],"author":[{"embeddable":true,"href":"https:\/\/www.bellunopress.it\/fr\/wp-json\/wp\/v2\/users\/2"}],"replies":[{"embeddable":true,"href":"https:\/\/www.bellunopress.it\/fr\/wp-json\/wp\/v2\/comments?post=110129"}],"version-history":[{"count":2,"href":"https:\/\/www.bellunopress.it\/fr\/wp-json\/wp\/v2\/posts\/110129\/revisions"}],"predecessor-version":[{"id":110132,"href":"https:\/\/www.bellunopress.it\/fr\/wp-json\/wp\/v2\/posts\/110129\/revisions\/110132"}],"wp:attachment":[{"href":"https:\/\/www.bellunopress.it\/fr\/wp-json\/wp\/v2\/media?parent=110129"}],"wp:term":[{"taxonomy":"category","embeddable":true,"href":"https:\/\/www.bellunopress.it\/fr\/wp-json\/wp\/v2\/categories?post=110129"},{"taxonomy":"post_tag","embeddable":true,"href":"https:\/\/www.bellunopress.it\/fr\/wp-json\/wp\/v2\/tags?post=110129"}],"curies":[{"name":"wp","href":"https:\/\/api.w.org\/{rel}","templated":true}]}}