{"id":110123,"date":"2019-12-03T15:04:56","date_gmt":"2019-12-03T14:04:56","guid":{"rendered":"http:\/\/www.bellunopress.it\/?p=110123"},"modified":"2019-12-03T15:06:04","modified_gmt":"2019-12-03T14:06:04","slug":"comuni-di-confine-semplificazioni-per-i-danni-di-vaia-de-menech-il-comitato-riprende-i-lavori-500-progetti-per-720-milioni","status":"publish","type":"post","link":"https:\/\/www.bellunopress.it\/fr\/2019\/12\/03\/comuni-di-confine-semplificazioni-per-i-danni-di-vaia-de-menech-il-comitato-riprende-i-lavori-500-progetti-per-720-milioni\/","title":{"rendered":"Comuni di confine. Semplificazioni per i danni di Vaia. De Menech: &#8220;Il Comitato riprende i lavori, 500 progetti per 720 milioni&#8221;"},"content":{"rendered":"<figure id=\"attachment_102271\" aria-describedby=\"caption-attachment-102271\" style=\"width: 357px\" class=\"wp-caption alignleft\"><a href=\"http:\/\/www.bellunopress.it\/fr\/2019\/02\/21\/autonomia-il-ministro-stefani-risponde-alle-domande-di-de-menech-non-ce-alcuna-intesa-al-momento-solo-bozze-di-lavoro-autonomia-dovra-rispettare-articolo-81-della-costituzione\/roger-de-menech-357x250\/\" rel=\"attachment wp-att-102271\"><img loading=\"lazy\" decoding=\"async\" class=\"size-full wp-image-102271\" src=\"http:\/\/www.bellunopress.it\/wp-content\/uploads\/2019\/02\/roger-de-menech-357x250.jpg\" alt=\"\" width=\"357\" height=\"250\" \/><\/a><figcaption id=\"caption-attachment-102271\" class=\"wp-caption-text\">Roger De Menech, deputato<\/figcaption><\/figure>\n<p>Belluno, 3 Dicembre 2019\u00a0 &#8211;\u00a0\u00a0Il Comitato paritetico del Fondo Comuni Confinanti ha deciso di aiutare le amministrazioni locali colpite dalla tempesta Vaia. Riunitosi ieri a Trento sotto la presidenza del deputato Roger De Menech, il Comitato si \u00e8 focalizzato sulla semplificazione delle modalit\u00e0 operative, tenendo conto delle dimensioni del fondo che ha in piedi circa 500 progetti, tra avvisi e programmi di area vasta, per un valore di 720 milioni di euro.<\/p>\n<p>\u00abLe alluvioni del 2018\u00bb, afferma il presidente De Menech, \u00abhanno duramente colpito molti dei comuni dell&#8217;area di insistenza del fondo, che inizialmente si sono trovati a gestire le emergenze e successivamente a programmare i lavori di messa in sicurezza del territorio e dunque abbiamo ritenuto di dare un aiuto concreto alleggerendo le incombenze burocratiche\u00bb.<\/p>\n<p>In particolare, il Comitato ha deciso di prorogare di 24 mesi tutti i progetti riferiti ai bandi dal 2013 al 2019, oltre a tutti i progetti finanziati con gli avvisi pubblici approvati dall&#8217;ODI (2010-11 e 2012). In tal modo si \u00e8 voluto dare un sostegno ai Comuni con l&#8217;obiettivo di favorire quanto pi\u00f9 possibile il completamento dei molti progetti avviati, che gi\u00e0 si devono confrontare con difficili passaggi autorizzativi da parte di enti terzi.<\/p>\n<p>Il Comitato ha inoltre approvato la semplificazione delle modalit\u00e0 operative svolte sia dalle regioni Veneto e Lombardia coadiuvate dalle Province di Verona, Vicenza e Brescia, sia dalle Province di Belluno e Sondrio nella gestione della programmazione di area vasta.<\/p>\n<p>\u00abCon la riunione di ieri\u00bb, conclude De Menech, \u00absiamo finalmente ripartiti a lavorare a pieno regime. Il prossimo passo da fare sar\u00e0 la definizione dei progetti di area vasta e degli avvisi del 2020. Sar\u00e0 un piano ambizioso, ma sar\u00e0 basato esclusivamente sulle esigenze e sulle priorit\u00e0 espresse dai territori e in particolare dai Comuni\u00bb.<\/p>","protected":false},"excerpt":{"rendered":"<p>Belluno, 3 Dicembre 2019\u00a0 &#8211;\u00a0\u00a0Il Comitato paritetico del Fondo Comuni Confinanti ha deciso di aiutare le amministrazioni locali colpite dalla tempesta Vaia. Riunitosi ieri a Trento sotto la presidenza del deputato Roger De Menech, il Comitato si \u00e8 focalizzato sulla semplificazione delle modalit\u00e0 operative, tenendo conto delle dimensioni del fondo che ha in piedi circa [&hellip;]<\/p>\n","protected":false},"author":2,"featured_media":0,"comment_status":"closed","ping_status":"open","sticky":false,"template":"","format":"standard","meta":{"footnotes":""},"categories":[5,26],"tags":[],"class_list":["post-110123","post","type-post","status-publish","format-standard","category-cronaca","category-prima-pagina"],"yoast_head":"<!-- This site is optimized with the Yoast SEO plugin v28.4 - https:\/\/yoast.com\/product\/yoast-seo-wordpress\/ -->\n<title>Comuni di confine. Semplificazioni per i danni di Vaia. De Menech: &quot;Il Comitato riprende i lavori, 500 progetti per 720 milioni&quot; - Bellunopress - Dolomiti<\/title>\n<meta name=\"robots\" content=\"index, follow, max-snippet:-1, max-image-preview:large, max-video-preview:-1\" \/>\n<link rel=\"canonical\" href=\"https:\/\/www.bellunopress.it\/fr\/2019\/12\/03\/comuni-di-confine-semplificazioni-per-i-danni-di-vaia-de-menech-il-comitato-riprende-i-lavori-500-progetti-per-720-milioni\/\" \/>\n<meta property=\"og:locale\" content=\"fr_FR\" \/>\n<meta property=\"og:type\" content=\"article\" \/>\n<meta property=\"og:title\" content=\"Comuni di confine. Semplificazioni per i danni di Vaia. De Menech: &quot;Il Comitato riprende i lavori, 500 progetti per 720 milioni&quot; - Bellunopress - Dolomiti\" \/>\n<meta property=\"og:description\" content=\"Belluno, 3 Dicembre 2019\u00a0 &#8211;\u00a0\u00a0Il Comitato paritetico del Fondo Comuni Confinanti ha deciso di aiutare le amministrazioni locali colpite dalla tempesta Vaia. Riunitosi ieri a Trento sotto la presidenza del deputato Roger De Menech, il Comitato si \u00e8 focalizzato sulla semplificazione delle modalit\u00e0 operative, tenendo conto delle dimensioni del fondo che ha in piedi circa [&hellip;]\" \/>\n<meta property=\"og:url\" content=\"https:\/\/www.bellunopress.it\/fr\/2019\/12\/03\/comuni-di-confine-semplificazioni-per-i-danni-di-vaia-de-menech-il-comitato-riprende-i-lavori-500-progetti-per-720-milioni\/\" \/>\n<meta property=\"og:site_name\" content=\"Bellunopress - Dolomiti\" \/>\n<meta property=\"article:publisher\" content=\"https:\/\/www.facebook.com\/profile.php?id=100008943462799\" \/>\n<meta property=\"article:published_time\" content=\"2019-12-03T14:04:56+00:00\" \/>\n<meta property=\"article:modified_time\" content=\"2019-12-03T14:06:04+00:00\" \/>\n<meta property=\"og:image\" content=\"http:\/\/www.bellunopress.it\/wp-content\/uploads\/2019\/02\/roger-de-menech-357x250.jpg\" \/>\n<meta name=\"author\" content=\"redazione\" \/>\n<meta name=\"twitter:card\" content=\"summary_large_image\" \/>\n<meta name=\"twitter:creator\" content=\"@bellunopress\" \/>\n<meta name=\"twitter:site\" content=\"@bellunopress\" \/>\n<meta name=\"twitter:label1\" content=\"\u00c9crit par\" \/>\n\t<meta name=\"twitter:data1\" content=\"redazione\" \/>\n\t<meta name=\"twitter:label2\" content=\"Dur\u00e9e de lecture estim\u00e9e\" \/>\n\t<meta name=\"twitter:data2\" content=\"1 minute\" \/>\n<script type=\"application\/ld+json\" class=\"yoast-schema-graph\">{\"@context\":\"https:\\\/\\\/schema.org\",\"@graph\":[{\"@type\":\"Article\",\"@id\":\"https:\\\/\\\/www.bellunopress.it\\\/2019\\\/12\\\/03\\\/comuni-di-confine-semplificazioni-per-i-danni-di-vaia-de-menech-il-comitato-riprende-i-lavori-500-progetti-per-720-milioni\\\/#article\",\"isPartOf\":{\"@id\":\"https:\\\/\\\/www.bellunopress.it\\\/2019\\\/12\\\/03\\\/comuni-di-confine-semplificazioni-per-i-danni-di-vaia-de-menech-il-comitato-riprende-i-lavori-500-progetti-per-720-milioni\\\/\"},\"author\":{\"name\":\"redazione\",\"@id\":\"https:\\\/\\\/www.bellunopress.it\\\/#\\\/schema\\\/person\\\/79bb06722b37ece1c03d3e94beb30d73\"},\"headline\":\"Comuni di confine. Semplificazioni per i danni di Vaia. De Menech: &#8220;Il Comitato riprende i lavori, 500 progetti per 720 milioni&#8221;\",\"datePublished\":\"2019-12-03T14:04:56+00:00\",\"dateModified\":\"2019-12-03T14:06:04+00:00\",\"mainEntityOfPage\":{\"@id\":\"https:\\\/\\\/www.bellunopress.it\\\/2019\\\/12\\\/03\\\/comuni-di-confine-semplificazioni-per-i-danni-di-vaia-de-menech-il-comitato-riprende-i-lavori-500-progetti-per-720-milioni\\\/\"},\"wordCount\":316,\"publisher\":{\"@id\":\"https:\\\/\\\/www.bellunopress.it\\\/#organization\"},\"image\":{\"@id\":\"https:\\\/\\\/www.bellunopress.it\\\/2019\\\/12\\\/03\\\/comuni-di-confine-semplificazioni-per-i-danni-di-vaia-de-menech-il-comitato-riprende-i-lavori-500-progetti-per-720-milioni\\\/#primaryimage\"},\"thumbnailUrl\":\"http:\\\/\\\/www.bellunopress.it\\\/wp-content\\\/uploads\\\/2019\\\/02\\\/roger-de-menech-357x250.jpg\",\"articleSection\":[\"Cronaca\\\/Politica\",\"Prima Pagina\"],\"inLanguage\":\"fr-FR\"},{\"@type\":\"WebPage\",\"@id\":\"https:\\\/\\\/www.bellunopress.it\\\/2019\\\/12\\\/03\\\/comuni-di-confine-semplificazioni-per-i-danni-di-vaia-de-menech-il-comitato-riprende-i-lavori-500-progetti-per-720-milioni\\\/\",\"url\":\"https:\\\/\\\/www.bellunopress.it\\\/2019\\\/12\\\/03\\\/comuni-di-confine-semplificazioni-per-i-danni-di-vaia-de-menech-il-comitato-riprende-i-lavori-500-progetti-per-720-milioni\\\/\",\"name\":\"Comuni di confine. Semplificazioni per i danni di Vaia. De Menech: \\\"Il Comitato riprende i lavori, 500 progetti per 720 milioni\\\" - Bellunopress - Dolomiti\",\"isPartOf\":{\"@id\":\"https:\\\/\\\/www.bellunopress.it\\\/#website\"},\"primaryImageOfPage\":{\"@id\":\"https:\\\/\\\/www.bellunopress.it\\\/2019\\\/12\\\/03\\\/comuni-di-confine-semplificazioni-per-i-danni-di-vaia-de-menech-il-comitato-riprende-i-lavori-500-progetti-per-720-milioni\\\/#primaryimage\"},\"image\":{\"@id\":\"https:\\\/\\\/www.bellunopress.it\\\/2019\\\/12\\\/03\\\/comuni-di-confine-semplificazioni-per-i-danni-di-vaia-de-menech-il-comitato-riprende-i-lavori-500-progetti-per-720-milioni\\\/#primaryimage\"},\"thumbnailUrl\":\"http:\\\/\\\/www.bellunopress.it\\\/wp-content\\\/uploads\\\/2019\\\/02\\\/roger-de-menech-357x250.jpg\",\"datePublished\":\"2019-12-03T14:04:56+00:00\",\"dateModified\":\"2019-12-03T14:06:04+00:00\",\"breadcrumb\":{\"@id\":\"https:\\\/\\\/www.bellunopress.it\\\/2019\\\/12\\\/03\\\/comuni-di-confine-semplificazioni-per-i-danni-di-vaia-de-menech-il-comitato-riprende-i-lavori-500-progetti-per-720-milioni\\\/#breadcrumb\"},\"inLanguage\":\"fr-FR\",\"potentialAction\":[{\"@type\":\"ReadAction\",\"target\":[\"https:\\\/\\\/www.bellunopress.it\\\/2019\\\/12\\\/03\\\/comuni-di-confine-semplificazioni-per-i-danni-di-vaia-de-menech-il-comitato-riprende-i-lavori-500-progetti-per-720-milioni\\\/\"]}]},{\"@type\":\"ImageObject\",\"inLanguage\":\"fr-FR\",\"@id\":\"https:\\\/\\\/www.bellunopress.it\\\/2019\\\/12\\\/03\\\/comuni-di-confine-semplificazioni-per-i-danni-di-vaia-de-menech-il-comitato-riprende-i-lavori-500-progetti-per-720-milioni\\\/#primaryimage\",\"url\":\"http:\\\/\\\/www.bellunopress.it\\\/wp-content\\\/uploads\\\/2019\\\/02\\\/roger-de-menech-357x250.jpg\",\"contentUrl\":\"http:\\\/\\\/www.bellunopress.it\\\/wp-content\\\/uploads\\\/2019\\\/02\\\/roger-de-menech-357x250.jpg\"},{\"@type\":\"BreadcrumbList\",\"@id\":\"https:\\\/\\\/www.bellunopress.it\\\/2019\\\/12\\\/03\\\/comuni-di-confine-semplificazioni-per-i-danni-di-vaia-de-menech-il-comitato-riprende-i-lavori-500-progetti-per-720-milioni\\\/#breadcrumb\",\"itemListElement\":[{\"@type\":\"ListItem\",\"position\":1,\"name\":\"Home\",\"item\":\"https:\\\/\\\/www.bellunopress.it\\\/\"},{\"@type\":\"ListItem\",\"position\":2,\"name\":\"Comuni di confine. Semplificazioni per i danni di Vaia. De Menech: &#8220;Il Comitato riprende i lavori, 500 progetti per 720 milioni&#8221;\"}]},{\"@type\":\"WebSite\",\"@id\":\"https:\\\/\\\/www.bellunopress.it\\\/#website\",\"url\":\"https:\\\/\\\/www.bellunopress.it\\\/\",\"name\":\"Bellunopress - Dolomiti\",\"description\":\"e-mail: redazione@bellunopress.it\",\"publisher\":{\"@id\":\"https:\\\/\\\/www.bellunopress.it\\\/#organization\"},\"potentialAction\":[{\"@type\":\"SearchAction\",\"target\":{\"@type\":\"EntryPoint\",\"urlTemplate\":\"https:\\\/\\\/www.bellunopress.it\\\/?s={search_term_string}\"},\"query-input\":{\"@type\":\"PropertyValueSpecification\",\"valueRequired\":true,\"valueName\":\"search_term_string\"}}],\"inLanguage\":\"fr-FR\"},{\"@type\":\"Organization\",\"@id\":\"https:\\\/\\\/www.bellunopress.it\\\/#organization\",\"name\":\"Bellunopress\",\"url\":\"https:\\\/\\\/www.bellunopress.it\\\/\",\"logo\":{\"@type\":\"ImageObject\",\"inLanguage\":\"fr-FR\",\"@id\":\"https:\\\/\\\/www.bellunopress.it\\\/#\\\/schema\\\/logo\\\/image\\\/\",\"url\":\"https:\\\/\\\/www.bellunopress.it\\\/wp-content\\\/uploads\\\/2011\\\/05\\\/cropped-logo-bellunopress-.jpg\",\"contentUrl\":\"https:\\\/\\\/www.bellunopress.it\\\/wp-content\\\/uploads\\\/2011\\\/05\\\/cropped-logo-bellunopress-.jpg\",\"width\":512,\"height\":512,\"caption\":\"Bellunopress\"},\"image\":{\"@id\":\"https:\\\/\\\/www.bellunopress.it\\\/#\\\/schema\\\/logo\\\/image\\\/\"},\"sameAs\":[\"https:\\\/\\\/www.facebook.com\\\/profile.php?id=100008943462799\",\"https:\\\/\\\/x.com\\\/bellunopress\",\"https:\\\/\\\/www.linkedin.com\\\/hp\\\/?dnr=JBzUWaJfMUw8vbXJJ2tVW5-I3jZKvC4wsoxE&amp;amp;amp;amp;amp;amp;trk=nav_responsive_tab_home\",\"https:\\\/\\\/www.youtube.com\\\/channel\\\/UCxL0wu1uN0_3_7hGG0306cw\"]},{\"@type\":\"Person\",\"@id\":\"https:\\\/\\\/www.bellunopress.it\\\/#\\\/schema\\\/person\\\/79bb06722b37ece1c03d3e94beb30d73\",\"name\":\"redazione\",\"image\":{\"@type\":\"ImageObject\",\"inLanguage\":\"fr-FR\",\"@id\":\"https:\\\/\\\/secure.gravatar.com\\\/avatar\\\/37d968a2e67a6fd04c169c4bdef102d0bc5d31b2546345219e348575eb80e9a0?s=96&d=mm&r=g\",\"url\":\"https:\\\/\\\/secure.gravatar.com\\\/avatar\\\/37d968a2e67a6fd04c169c4bdef102d0bc5d31b2546345219e348575eb80e9a0?s=96&d=mm&r=g\",\"contentUrl\":\"https:\\\/\\\/secure.gravatar.com\\\/avatar\\\/37d968a2e67a6fd04c169c4bdef102d0bc5d31b2546345219e348575eb80e9a0?s=96&d=mm&r=g\",\"caption\":\"redazione\"},\"sameAs\":[\"http:\\\/\\\/www.bellunopress.it\",\"https:\\\/\\\/x.com\\\/bellunopress\"],\"url\":\"https:\\\/\\\/www.bellunopress.it\\\/fr\\\/author\\\/redazione\\\/\"}]}<\/script>\n<!-- \/ Yoast SEO plugin. -->","yoast_head_json":{"title":"Comuni di confine. Semplificazioni per i danni di Vaia. De Menech: \"Il Comitato riprende i lavori, 500 progetti per 720 milioni\" - Bellunopress - Dolomiti","robots":{"index":"index","follow":"follow","max-snippet":"max-snippet:-1","max-image-preview":"max-image-preview:large","max-video-preview":"max-video-preview:-1"},"canonical":"https:\/\/www.bellunopress.it\/fr\/2019\/12\/03\/comuni-di-confine-semplificazioni-per-i-danni-di-vaia-de-menech-il-comitato-riprende-i-lavori-500-progetti-per-720-milioni\/","og_locale":"fr_FR","og_type":"article","og_title":"Comuni di confine. Semplificazioni per i danni di Vaia. De Menech: \"Il Comitato riprende i lavori, 500 progetti per 720 milioni\" - Bellunopress - Dolomiti","og_description":"Belluno, 3 Dicembre 2019\u00a0 &#8211;\u00a0\u00a0Il Comitato paritetico del Fondo Comuni Confinanti ha deciso di aiutare le amministrazioni locali colpite dalla tempesta Vaia. Riunitosi ieri a Trento sotto la presidenza del deputato Roger De Menech, il Comitato si \u00e8 focalizzato sulla semplificazione delle modalit\u00e0 operative, tenendo conto delle dimensioni del fondo che ha in piedi circa [&hellip;]","og_url":"https:\/\/www.bellunopress.it\/fr\/2019\/12\/03\/comuni-di-confine-semplificazioni-per-i-danni-di-vaia-de-menech-il-comitato-riprende-i-lavori-500-progetti-per-720-milioni\/","og_site_name":"Bellunopress - Dolomiti","article_publisher":"https:\/\/www.facebook.com\/profile.php?id=100008943462799","article_published_time":"2019-12-03T14:04:56+00:00","article_modified_time":"2019-12-03T14:06:04+00:00","og_image":[{"url":"http:\/\/www.bellunopress.it\/wp-content\/uploads\/2019\/02\/roger-de-menech-357x250.jpg","type":"","width":"","height":""}],"author":"redazione","twitter_card":"summary_large_image","twitter_creator":"@bellunopress","twitter_site":"@bellunopress","twitter_misc":{"\u00c9crit par":"redazione","Dur\u00e9e de lecture estim\u00e9e":"1 minute"},"schema":{"@context":"https:\/\/schema.org","@graph":[{"@type":"Article","@id":"https:\/\/www.bellunopress.it\/2019\/12\/03\/comuni-di-confine-semplificazioni-per-i-danni-di-vaia-de-menech-il-comitato-riprende-i-lavori-500-progetti-per-720-milioni\/#article","isPartOf":{"@id":"https:\/\/www.bellunopress.it\/2019\/12\/03\/comuni-di-confine-semplificazioni-per-i-danni-di-vaia-de-menech-il-comitato-riprende-i-lavori-500-progetti-per-720-milioni\/"},"author":{"name":"redazione","@id":"https:\/\/www.bellunopress.it\/#\/schema\/person\/79bb06722b37ece1c03d3e94beb30d73"},"headline":"Comuni di confine. Semplificazioni per i danni di Vaia. De Menech: &#8220;Il Comitato riprende i lavori, 500 progetti per 720 milioni&#8221;","datePublished":"2019-12-03T14:04:56+00:00","dateModified":"2019-12-03T14:06:04+00:00","mainEntityOfPage":{"@id":"https:\/\/www.bellunopress.it\/2019\/12\/03\/comuni-di-confine-semplificazioni-per-i-danni-di-vaia-de-menech-il-comitato-riprende-i-lavori-500-progetti-per-720-milioni\/"},"wordCount":316,"publisher":{"@id":"https:\/\/www.bellunopress.it\/#organization"},"image":{"@id":"https:\/\/www.bellunopress.it\/2019\/12\/03\/comuni-di-confine-semplificazioni-per-i-danni-di-vaia-de-menech-il-comitato-riprende-i-lavori-500-progetti-per-720-milioni\/#primaryimage"},"thumbnailUrl":"http:\/\/www.bellunopress.it\/wp-content\/uploads\/2019\/02\/roger-de-menech-357x250.jpg","articleSection":["Cronaca\/Politica","Prima Pagina"],"inLanguage":"fr-FR"},{"@type":"WebPage","@id":"https:\/\/www.bellunopress.it\/2019\/12\/03\/comuni-di-confine-semplificazioni-per-i-danni-di-vaia-de-menech-il-comitato-riprende-i-lavori-500-progetti-per-720-milioni\/","url":"https:\/\/www.bellunopress.it\/2019\/12\/03\/comuni-di-confine-semplificazioni-per-i-danni-di-vaia-de-menech-il-comitato-riprende-i-lavori-500-progetti-per-720-milioni\/","name":"Comuni di confine. Semplificazioni per i danni di Vaia. De Menech: \"Il Comitato riprende i lavori, 500 progetti per 720 milioni\" - Bellunopress - Dolomiti","isPartOf":{"@id":"https:\/\/www.bellunopress.it\/#website"},"primaryImageOfPage":{"@id":"https:\/\/www.bellunopress.it\/2019\/12\/03\/comuni-di-confine-semplificazioni-per-i-danni-di-vaia-de-menech-il-comitato-riprende-i-lavori-500-progetti-per-720-milioni\/#primaryimage"},"image":{"@id":"https:\/\/www.bellunopress.it\/2019\/12\/03\/comuni-di-confine-semplificazioni-per-i-danni-di-vaia-de-menech-il-comitato-riprende-i-lavori-500-progetti-per-720-milioni\/#primaryimage"},"thumbnailUrl":"http:\/\/www.bellunopress.it\/wp-content\/uploads\/2019\/02\/roger-de-menech-357x250.jpg","datePublished":"2019-12-03T14:04:56+00:00","dateModified":"2019-12-03T14:06:04+00:00","breadcrumb":{"@id":"https:\/\/www.bellunopress.it\/2019\/12\/03\/comuni-di-confine-semplificazioni-per-i-danni-di-vaia-de-menech-il-comitato-riprende-i-lavori-500-progetti-per-720-milioni\/#breadcrumb"},"inLanguage":"fr-FR","potentialAction":[{"@type":"ReadAction","target":["https:\/\/www.bellunopress.it\/2019\/12\/03\/comuni-di-confine-semplificazioni-per-i-danni-di-vaia-de-menech-il-comitato-riprende-i-lavori-500-progetti-per-720-milioni\/"]}]},{"@type":"ImageObject","inLanguage":"fr-FR","@id":"https:\/\/www.bellunopress.it\/2019\/12\/03\/comuni-di-confine-semplificazioni-per-i-danni-di-vaia-de-menech-il-comitato-riprende-i-lavori-500-progetti-per-720-milioni\/#primaryimage","url":"http:\/\/www.bellunopress.it\/wp-content\/uploads\/2019\/02\/roger-de-menech-357x250.jpg","contentUrl":"http:\/\/www.bellunopress.it\/wp-content\/uploads\/2019\/02\/roger-de-menech-357x250.jpg"},{"@type":"BreadcrumbList","@id":"https:\/\/www.bellunopress.it\/2019\/12\/03\/comuni-di-confine-semplificazioni-per-i-danni-di-vaia-de-menech-il-comitato-riprende-i-lavori-500-progetti-per-720-milioni\/#breadcrumb","itemListElement":[{"@type":"ListItem","position":1,"name":"Home","item":"https:\/\/www.bellunopress.it\/"},{"@type":"ListItem","position":2,"name":"Comuni di confine. Semplificazioni per i danni di Vaia. De Menech: &#8220;Il Comitato riprende i lavori, 500 progetti per 720 milioni&#8221;"}]},{"@type":"WebSite","@id":"https:\/\/www.bellunopress.it\/#website","url":"https:\/\/www.bellunopress.it\/","name":"Bellunopress - Dolomiti","description":"e-mail: redazione@bellunopress.it","publisher":{"@id":"https:\/\/www.bellunopress.it\/#organization"},"potentialAction":[{"@type":"SearchAction","target":{"@type":"EntryPoint","urlTemplate":"https:\/\/www.bellunopress.it\/?s={search_term_string}"},"query-input":{"@type":"PropertyValueSpecification","valueRequired":true,"valueName":"search_term_string"}}],"inLanguage":"fr-FR"},{"@type":"Organization","@id":"https:\/\/www.bellunopress.it\/#organization","name":"Bellunopress","url":"https:\/\/www.bellunopress.it\/","logo":{"@type":"ImageObject","inLanguage":"fr-FR","@id":"https:\/\/www.bellunopress.it\/#\/schema\/logo\/image\/","url":"https:\/\/www.bellunopress.it\/wp-content\/uploads\/2011\/05\/cropped-logo-bellunopress-.jpg","contentUrl":"https:\/\/www.bellunopress.it\/wp-content\/uploads\/2011\/05\/cropped-logo-bellunopress-.jpg","width":512,"height":512,"caption":"Bellunopress"},"image":{"@id":"https:\/\/www.bellunopress.it\/#\/schema\/logo\/image\/"},"sameAs":["https:\/\/www.facebook.com\/profile.php?id=100008943462799","https:\/\/x.com\/bellunopress","https:\/\/www.linkedin.com\/hp\/?dnr=JBzUWaJfMUw8vbXJJ2tVW5-I3jZKvC4wsoxE&amp;amp;amp;amp;amp;amp;trk=nav_responsive_tab_home","https:\/\/www.youtube.com\/channel\/UCxL0wu1uN0_3_7hGG0306cw"]},{"@type":"Person","@id":"https:\/\/www.bellunopress.it\/#\/schema\/person\/79bb06722b37ece1c03d3e94beb30d73","name":"r\u00e9daction","image":{"@type":"ImageObject","inLanguage":"fr-FR","@id":"https:\/\/secure.gravatar.com\/avatar\/37d968a2e67a6fd04c169c4bdef102d0bc5d31b2546345219e348575eb80e9a0?s=96&d=mm&r=g","url":"https:\/\/secure.gravatar.com\/avatar\/37d968a2e67a6fd04c169c4bdef102d0bc5d31b2546345219e348575eb80e9a0?s=96&d=mm&r=g","contentUrl":"https:\/\/secure.gravatar.com\/avatar\/37d968a2e67a6fd04c169c4bdef102d0bc5d31b2546345219e348575eb80e9a0?s=96&d=mm&r=g","caption":"redazione"},"sameAs":["http:\/\/www.bellunopress.it","https:\/\/x.com\/bellunopress"],"url":"https:\/\/www.bellunopress.it\/fr\/author\/redazione\/"}]}},"_links":{"self":[{"href":"https:\/\/www.bellunopress.it\/fr\/wp-json\/wp\/v2\/posts\/110123","targetHints":{"allow":["GET"]}}],"collection":[{"href":"https:\/\/www.bellunopress.it\/fr\/wp-json\/wp\/v2\/posts"}],"about":[{"href":"https:\/\/www.bellunopress.it\/fr\/wp-json\/wp\/v2\/types\/post"}],"author":[{"embeddable":true,"href":"https:\/\/www.bellunopress.it\/fr\/wp-json\/wp\/v2\/users\/2"}],"replies":[{"embeddable":true,"href":"https:\/\/www.bellunopress.it\/fr\/wp-json\/wp\/v2\/comments?post=110123"}],"version-history":[{"count":2,"href":"https:\/\/www.bellunopress.it\/fr\/wp-json\/wp\/v2\/posts\/110123\/revisions"}],"predecessor-version":[{"id":110125,"href":"https:\/\/www.bellunopress.it\/fr\/wp-json\/wp\/v2\/posts\/110123\/revisions\/110125"}],"wp:attachment":[{"href":"https:\/\/www.bellunopress.it\/fr\/wp-json\/wp\/v2\/media?parent=110123"}],"wp:term":[{"taxonomy":"category","embeddable":true,"href":"https:\/\/www.bellunopress.it\/fr\/wp-json\/wp\/v2\/categories?post=110123"},{"taxonomy":"post_tag","embeddable":true,"href":"https:\/\/www.bellunopress.it\/fr\/wp-json\/wp\/v2\/tags?post=110123"}],"curies":[{"name":"wp","href":"https:\/\/api.w.org\/{rel}","templated":true}]}}