{"id":110110,"date":"2019-12-02T23:41:47","date_gmt":"2019-12-02T22:41:47","guid":{"rendered":"http:\/\/www.bellunopress.it\/?p=110110"},"modified":"2019-12-02T23:41:48","modified_gmt":"2019-12-02T22:41:48","slug":"occhialeria-innovazione-tecnologica-e-salari-piu-alti-nelle-aziende-bellunesi-il-dato-e-emerso-al-convegno-dei-commercialisti-tenutosi-alla-carpenada","status":"publish","type":"post","link":"https:\/\/www.bellunopress.it\/fr\/2019\/12\/02\/occhialeria-innovazione-tecnologica-e-salari-piu-alti-nelle-aziende-bellunesi-il-dato-e-emerso-al-convegno-dei-commercialisti-tenutosi-alla-carpenada\/","title":{"rendered":"Occhialeria: innovazione tecnologica e salari pi\u00f9 alti nelle aziende Bellunesi. Il dato \u00e8 emerso al convegno dei commercialisti tenutosi alla Carpenada"},"content":{"rendered":"<p><a href=\"http:\/\/www.bellunopress.it\/fr\/2019\/12\/02\/occhialeria-innovazione-tecnologica-e-salari-piu-alti-nelle-aziende-bellunesi-il-dato-e-emerso-al-convegno-dei-commercialisti-tenutosi-alla-carpenada\/convegno-commercialisti-carpenada\/\" rel=\"attachment wp-att-110111\"><img loading=\"lazy\" decoding=\"async\" class=\"alignleft size-full wp-image-110111\" src=\"http:\/\/www.bellunopress.it\/wp-content\/uploads\/2019\/12\/convegno-commercialisti-carpenada.jpg\" alt=\"\" width=\"300\" height=\"174\" \/><\/a>Belluno, 2 dicembre 2019\u00a0 &#8211;\u00a0 Il costo del lavoro \u00e8 superiore alla media nazionale nel comparto dell&#8217;occhialeria. Una marcata differenza che vede in testa alla classifica reddituale le occhialerie bellunesi con un lordo di 37mila euro l&#8217;anno contro i 32mila delle aziende venete e i 31mila media nazionale.<\/p>\n<p>Il dato lo ha evidenziato il il professor Giacomo Pasini, docente in Econometria all&#8217;Universit\u00e0 Ca&#8217; Foscari di Venezia, relatore alla tavola rotonda \u201cEccellenze del Nord Est, le imprese pi\u00f9 dinamiche\u201d che si \u00e8 tenuta oggi pomeriggio al Park Hotel Villa Carpenada di Belluno, su iniziativa dell\u2019Ordine dei Dottori Commercialisti e degli Esperti Contabili di Belluno, presieduto da Michela Marrone.<\/p>\n<p>Quel 20% in pi\u00f9 di costi degli addetti nelle occhialerie bellunesi, secondo Pasini \u00e8 dovuto a un mix di competenze. Il manifatturiero bellunese, insomma, guarda a profili professionali pi\u00f9 alti e &#8220;questo \u00e8 il modo per garantirsi una prospettiva per il futuro di innovazione tecnologica&#8221;.<\/p>\n<p>Il professor Pasini ha esaminato vari punti della ricerca presentata da Federica Monti, consigliere dell\u2019ODCEC, sulle performance di 1.456 aziende bellunesi esaminate su un totale di 8.749. Una realt\u00e0 variegata composta dall&#8217;1% di grandi imprese che da sole valgono il 46% del fatturato totale, un 6% di medie imprese e il 93% di piccole imprese.<\/p>\n<p>Le cose non vanno cos\u00ec male come potrebbe sembrare. &#8220;In alcuni comparti gli indicatori sono confortanti &#8211; ha sottolineato il docente &#8211; una buona gestione aziendale conta, e restituisce risultati che non sono del tutto in balia degli eventi&#8221;. Pasin ha evidenziato altres\u00ec i risultati positivi delle aziende pubbliche o a partecipazione pubblica del Bellunese, quali la Dolomitibus, la Bellunum e Bim Gsp che si sono piazzate nella top 20 della classifica del Triveneto.<\/p>\n<p>A raffreddare l&#8217;entusiasmo nel comparto occhialeria \u00e8 intervenuta la presidente di Confindustria Belluno Dolomiti Lorraine Berton, che \u00e8 anche vicepresidente Anfao e dunque conosce il dettaglio specifico delle occhialerie. &#8220;A spingere in alto gli stipendi nell&#8217;occhialeria bellunese &#8211; ha detto &#8211; \u00e8 sicuramente l&#8217;effetto concorrenza tra le aziende che si contendono la mano d&#8217;opera, e anche l&#8217;effetto spopolamento&#8221;.<\/p>\n<p>&#8220;Il tema ci preoccupa &#8211; ha proseguito Lorraine Berton &#8211; perch\u00e9 abbiamo bisogno di avere pi\u00f9 capitale umano nel territorio. Anche perch\u00e9 potrebbe\u00a0 accadere che le grandi aziende decidano di investire altrove. In ogni caso &#8211; ha concluso la presidente di Confindustria Belluno Dolomiti &#8211; nei prossimi sei anni si gioca il futuro dei giovani in questa provincia&#8221;.<\/p>\n<p>Nella prima parte della tavola rotonda, moderata dal giornalista Roberto Papetti, sono intervenuti anche Marco D&#8217;Eredit\u00e0, dirigente della Camera di Commercio di Treviso e Belluno, Gianmarco Russo direttore generale di Veneto sviluppo, societ\u00e0 al 51% della Regione Veneto e al 49% di alcuni istituti di credito. E Michela Marrone, presidente provinciale dell&#8217;Ordine dei commercialisti che ha posto l&#8217;accento sull&#8217;impatto che avranno le Olimpiadi invernali 2026 nel Bellunese.<\/p>\n<p>La seconda parte della tavola rotonda ha visto confrontarsi\u00a0Alessio Cremonese di Manifattura Valcismon Spa, Gherardo Manaigo titolare dell&#8217;Hotel de La Poste di Cortina d&#8217;Ampezzo, Ezio De Pra di F.lli De Pra spa; Andrea Biasiotto di Dolomitibus spa e Renzo Minella di ANEF Veneto.<\/p>\n<p>Il report delle aziende al sito: www.symposiumcommercialisti.it<\/p>\n<p>(rdn)<\/p>\n<p>&nbsp;<\/p>","protected":false},"excerpt":{"rendered":"<p>Belluno, 2 dicembre 2019\u00a0 &#8211;\u00a0 Il costo del lavoro \u00e8 superiore alla media nazionale nel comparto dell&#8217;occhialeria. Una marcata differenza che vede in testa alla classifica reddituale le occhialerie bellunesi con un lordo di 37mila euro l&#8217;anno contro i 32mila delle aziende venete e i 31mila media nazionale. Il dato lo ha evidenziato il il [&hellip;]<\/p>\n","protected":false},"author":2,"featured_media":0,"comment_status":"closed","ping_status":"open","sticky":false,"template":"","format":"standard","meta":{"footnotes":""},"categories":[36,26],"tags":[],"class_list":["post-110110","post","type-post","status-publish","format-standard","category-lavoro-economia","category-prima-pagina"],"yoast_head":"<!-- This site is optimized with the Yoast SEO plugin v28.4 - https:\/\/yoast.com\/product\/yoast-seo-wordpress\/ -->\n<title>Occhialeria: innovazione tecnologica e salari pi\u00f9 alti nelle aziende Bellunesi. Il dato \u00e8 emerso al convegno dei commercialisti tenutosi alla Carpenada - Bellunopress - Dolomiti<\/title>\n<meta name=\"robots\" content=\"index, follow, max-snippet:-1, max-image-preview:large, max-video-preview:-1\" \/>\n<link rel=\"canonical\" href=\"https:\/\/www.bellunopress.it\/fr\/2019\/12\/02\/occhialeria-innovazione-tecnologica-e-salari-piu-alti-nelle-aziende-bellunesi-il-dato-e-emerso-al-convegno-dei-commercialisti-tenutosi-alla-carpenada\/\" \/>\n<meta property=\"og:locale\" content=\"fr_FR\" \/>\n<meta property=\"og:type\" content=\"article\" \/>\n<meta property=\"og:title\" content=\"Occhialeria: innovazione tecnologica e salari pi\u00f9 alti nelle aziende Bellunesi. Il dato \u00e8 emerso al convegno dei commercialisti tenutosi alla Carpenada - Bellunopress - Dolomiti\" \/>\n<meta property=\"og:description\" content=\"Belluno, 2 dicembre 2019\u00a0 &#8211;\u00a0 Il costo del lavoro \u00e8 superiore alla media nazionale nel comparto dell&#8217;occhialeria. Una marcata differenza che vede in testa alla classifica reddituale le occhialerie bellunesi con un lordo di 37mila euro l&#8217;anno contro i 32mila delle aziende venete e i 31mila media nazionale. Il dato lo ha evidenziato il il [&hellip;]\" \/>\n<meta property=\"og:url\" content=\"https:\/\/www.bellunopress.it\/fr\/2019\/12\/02\/occhialeria-innovazione-tecnologica-e-salari-piu-alti-nelle-aziende-bellunesi-il-dato-e-emerso-al-convegno-dei-commercialisti-tenutosi-alla-carpenada\/\" \/>\n<meta property=\"og:site_name\" content=\"Bellunopress - Dolomiti\" \/>\n<meta property=\"article:publisher\" content=\"https:\/\/www.facebook.com\/profile.php?id=100008943462799\" \/>\n<meta property=\"article:published_time\" content=\"2019-12-02T22:41:47+00:00\" \/>\n<meta property=\"article:modified_time\" content=\"2019-12-02T22:41:48+00:00\" \/>\n<meta property=\"og:image\" content=\"http:\/\/www.bellunopress.it\/wp-content\/uploads\/2019\/12\/convegno-commercialisti-carpenada.jpg\" \/>\n<meta name=\"author\" content=\"redazione\" \/>\n<meta name=\"twitter:card\" content=\"summary_large_image\" \/>\n<meta name=\"twitter:creator\" content=\"@bellunopress\" \/>\n<meta name=\"twitter:site\" content=\"@bellunopress\" \/>\n<meta name=\"twitter:label1\" content=\"\u00c9crit par\" \/>\n\t<meta name=\"twitter:data1\" content=\"redazione\" \/>\n\t<meta name=\"twitter:label2\" content=\"Dur\u00e9e de lecture estim\u00e9e\" \/>\n\t<meta name=\"twitter:data2\" content=\"3 minutes\" \/>\n<script type=\"application\/ld+json\" class=\"yoast-schema-graph\">{\"@context\":\"https:\\\/\\\/schema.org\",\"@graph\":[{\"@type\":\"Article\",\"@id\":\"https:\\\/\\\/www.bellunopress.it\\\/2019\\\/12\\\/02\\\/occhialeria-innovazione-tecnologica-e-salari-piu-alti-nelle-aziende-bellunesi-il-dato-e-emerso-al-convegno-dei-commercialisti-tenutosi-alla-carpenada\\\/#article\",\"isPartOf\":{\"@id\":\"https:\\\/\\\/www.bellunopress.it\\\/2019\\\/12\\\/02\\\/occhialeria-innovazione-tecnologica-e-salari-piu-alti-nelle-aziende-bellunesi-il-dato-e-emerso-al-convegno-dei-commercialisti-tenutosi-alla-carpenada\\\/\"},\"author\":{\"name\":\"redazione\",\"@id\":\"https:\\\/\\\/www.bellunopress.it\\\/#\\\/schema\\\/person\\\/79bb06722b37ece1c03d3e94beb30d73\"},\"headline\":\"Occhialeria: innovazione tecnologica e salari pi\u00f9 alti nelle aziende Bellunesi. Il dato \u00e8 emerso al convegno dei commercialisti tenutosi alla Carpenada\",\"datePublished\":\"2019-12-02T22:41:47+00:00\",\"dateModified\":\"2019-12-02T22:41:48+00:00\",\"mainEntityOfPage\":{\"@id\":\"https:\\\/\\\/www.bellunopress.it\\\/2019\\\/12\\\/02\\\/occhialeria-innovazione-tecnologica-e-salari-piu-alti-nelle-aziende-bellunesi-il-dato-e-emerso-al-convegno-dei-commercialisti-tenutosi-alla-carpenada\\\/\"},\"wordCount\":537,\"publisher\":{\"@id\":\"https:\\\/\\\/www.bellunopress.it\\\/#organization\"},\"image\":{\"@id\":\"https:\\\/\\\/www.bellunopress.it\\\/2019\\\/12\\\/02\\\/occhialeria-innovazione-tecnologica-e-salari-piu-alti-nelle-aziende-bellunesi-il-dato-e-emerso-al-convegno-dei-commercialisti-tenutosi-alla-carpenada\\\/#primaryimage\"},\"thumbnailUrl\":\"http:\\\/\\\/www.bellunopress.it\\\/wp-content\\\/uploads\\\/2019\\\/12\\\/convegno-commercialisti-carpenada.jpg\",\"articleSection\":[\"Lavoro, Economia, Turismo\",\"Prima Pagina\"],\"inLanguage\":\"fr-FR\"},{\"@type\":\"WebPage\",\"@id\":\"https:\\\/\\\/www.bellunopress.it\\\/2019\\\/12\\\/02\\\/occhialeria-innovazione-tecnologica-e-salari-piu-alti-nelle-aziende-bellunesi-il-dato-e-emerso-al-convegno-dei-commercialisti-tenutosi-alla-carpenada\\\/\",\"url\":\"https:\\\/\\\/www.bellunopress.it\\\/2019\\\/12\\\/02\\\/occhialeria-innovazione-tecnologica-e-salari-piu-alti-nelle-aziende-bellunesi-il-dato-e-emerso-al-convegno-dei-commercialisti-tenutosi-alla-carpenada\\\/\",\"name\":\"Occhialeria: innovazione tecnologica e salari pi\u00f9 alti nelle aziende Bellunesi. Il dato \u00e8 emerso al convegno dei commercialisti tenutosi alla Carpenada - Bellunopress - Dolomiti\",\"isPartOf\":{\"@id\":\"https:\\\/\\\/www.bellunopress.it\\\/#website\"},\"primaryImageOfPage\":{\"@id\":\"https:\\\/\\\/www.bellunopress.it\\\/2019\\\/12\\\/02\\\/occhialeria-innovazione-tecnologica-e-salari-piu-alti-nelle-aziende-bellunesi-il-dato-e-emerso-al-convegno-dei-commercialisti-tenutosi-alla-carpenada\\\/#primaryimage\"},\"image\":{\"@id\":\"https:\\\/\\\/www.bellunopress.it\\\/2019\\\/12\\\/02\\\/occhialeria-innovazione-tecnologica-e-salari-piu-alti-nelle-aziende-bellunesi-il-dato-e-emerso-al-convegno-dei-commercialisti-tenutosi-alla-carpenada\\\/#primaryimage\"},\"thumbnailUrl\":\"http:\\\/\\\/www.bellunopress.it\\\/wp-content\\\/uploads\\\/2019\\\/12\\\/convegno-commercialisti-carpenada.jpg\",\"datePublished\":\"2019-12-02T22:41:47+00:00\",\"dateModified\":\"2019-12-02T22:41:48+00:00\",\"breadcrumb\":{\"@id\":\"https:\\\/\\\/www.bellunopress.it\\\/2019\\\/12\\\/02\\\/occhialeria-innovazione-tecnologica-e-salari-piu-alti-nelle-aziende-bellunesi-il-dato-e-emerso-al-convegno-dei-commercialisti-tenutosi-alla-carpenada\\\/#breadcrumb\"},\"inLanguage\":\"fr-FR\",\"potentialAction\":[{\"@type\":\"ReadAction\",\"target\":[\"https:\\\/\\\/www.bellunopress.it\\\/2019\\\/12\\\/02\\\/occhialeria-innovazione-tecnologica-e-salari-piu-alti-nelle-aziende-bellunesi-il-dato-e-emerso-al-convegno-dei-commercialisti-tenutosi-alla-carpenada\\\/\"]}]},{\"@type\":\"ImageObject\",\"inLanguage\":\"fr-FR\",\"@id\":\"https:\\\/\\\/www.bellunopress.it\\\/2019\\\/12\\\/02\\\/occhialeria-innovazione-tecnologica-e-salari-piu-alti-nelle-aziende-bellunesi-il-dato-e-emerso-al-convegno-dei-commercialisti-tenutosi-alla-carpenada\\\/#primaryimage\",\"url\":\"http:\\\/\\\/www.bellunopress.it\\\/wp-content\\\/uploads\\\/2019\\\/12\\\/convegno-commercialisti-carpenada.jpg\",\"contentUrl\":\"http:\\\/\\\/www.bellunopress.it\\\/wp-content\\\/uploads\\\/2019\\\/12\\\/convegno-commercialisti-carpenada.jpg\"},{\"@type\":\"BreadcrumbList\",\"@id\":\"https:\\\/\\\/www.bellunopress.it\\\/2019\\\/12\\\/02\\\/occhialeria-innovazione-tecnologica-e-salari-piu-alti-nelle-aziende-bellunesi-il-dato-e-emerso-al-convegno-dei-commercialisti-tenutosi-alla-carpenada\\\/#breadcrumb\",\"itemListElement\":[{\"@type\":\"ListItem\",\"position\":1,\"name\":\"Home\",\"item\":\"https:\\\/\\\/www.bellunopress.it\\\/\"},{\"@type\":\"ListItem\",\"position\":2,\"name\":\"Occhialeria: innovazione tecnologica e salari pi\u00f9 alti nelle aziende Bellunesi. Il dato \u00e8 emerso al convegno dei commercialisti tenutosi alla Carpenada\"}]},{\"@type\":\"WebSite\",\"@id\":\"https:\\\/\\\/www.bellunopress.it\\\/#website\",\"url\":\"https:\\\/\\\/www.bellunopress.it\\\/\",\"name\":\"Bellunopress - Dolomiti\",\"description\":\"e-mail: redazione@bellunopress.it\",\"publisher\":{\"@id\":\"https:\\\/\\\/www.bellunopress.it\\\/#organization\"},\"potentialAction\":[{\"@type\":\"SearchAction\",\"target\":{\"@type\":\"EntryPoint\",\"urlTemplate\":\"https:\\\/\\\/www.bellunopress.it\\\/?s={search_term_string}\"},\"query-input\":{\"@type\":\"PropertyValueSpecification\",\"valueRequired\":true,\"valueName\":\"search_term_string\"}}],\"inLanguage\":\"fr-FR\"},{\"@type\":\"Organization\",\"@id\":\"https:\\\/\\\/www.bellunopress.it\\\/#organization\",\"name\":\"Bellunopress\",\"url\":\"https:\\\/\\\/www.bellunopress.it\\\/\",\"logo\":{\"@type\":\"ImageObject\",\"inLanguage\":\"fr-FR\",\"@id\":\"https:\\\/\\\/www.bellunopress.it\\\/#\\\/schema\\\/logo\\\/image\\\/\",\"url\":\"https:\\\/\\\/www.bellunopress.it\\\/wp-content\\\/uploads\\\/2011\\\/05\\\/cropped-logo-bellunopress-.jpg\",\"contentUrl\":\"https:\\\/\\\/www.bellunopress.it\\\/wp-content\\\/uploads\\\/2011\\\/05\\\/cropped-logo-bellunopress-.jpg\",\"width\":512,\"height\":512,\"caption\":\"Bellunopress\"},\"image\":{\"@id\":\"https:\\\/\\\/www.bellunopress.it\\\/#\\\/schema\\\/logo\\\/image\\\/\"},\"sameAs\":[\"https:\\\/\\\/www.facebook.com\\\/profile.php?id=100008943462799\",\"https:\\\/\\\/x.com\\\/bellunopress\",\"https:\\\/\\\/www.linkedin.com\\\/hp\\\/?dnr=JBzUWaJfMUw8vbXJJ2tVW5-I3jZKvC4wsoxE&amp;amp;amp;amp;amp;amp;trk=nav_responsive_tab_home\",\"https:\\\/\\\/www.youtube.com\\\/channel\\\/UCxL0wu1uN0_3_7hGG0306cw\"]},{\"@type\":\"Person\",\"@id\":\"https:\\\/\\\/www.bellunopress.it\\\/#\\\/schema\\\/person\\\/79bb06722b37ece1c03d3e94beb30d73\",\"name\":\"redazione\",\"image\":{\"@type\":\"ImageObject\",\"inLanguage\":\"fr-FR\",\"@id\":\"https:\\\/\\\/secure.gravatar.com\\\/avatar\\\/37d968a2e67a6fd04c169c4bdef102d0bc5d31b2546345219e348575eb80e9a0?s=96&d=mm&r=g\",\"url\":\"https:\\\/\\\/secure.gravatar.com\\\/avatar\\\/37d968a2e67a6fd04c169c4bdef102d0bc5d31b2546345219e348575eb80e9a0?s=96&d=mm&r=g\",\"contentUrl\":\"https:\\\/\\\/secure.gravatar.com\\\/avatar\\\/37d968a2e67a6fd04c169c4bdef102d0bc5d31b2546345219e348575eb80e9a0?s=96&d=mm&r=g\",\"caption\":\"redazione\"},\"sameAs\":[\"http:\\\/\\\/www.bellunopress.it\",\"https:\\\/\\\/x.com\\\/bellunopress\"],\"url\":\"https:\\\/\\\/www.bellunopress.it\\\/fr\\\/author\\\/redazione\\\/\"}]}<\/script>\n<!-- \/ Yoast SEO plugin. -->","yoast_head_json":{"title":"Occhialeria: innovazione tecnologica e salari pi\u00f9 alti nelle aziende Bellunesi. Il dato \u00e8 emerso al convegno dei commercialisti tenutosi alla Carpenada - Bellunopress - Dolomiti","robots":{"index":"index","follow":"follow","max-snippet":"max-snippet:-1","max-image-preview":"max-image-preview:large","max-video-preview":"max-video-preview:-1"},"canonical":"https:\/\/www.bellunopress.it\/fr\/2019\/12\/02\/occhialeria-innovazione-tecnologica-e-salari-piu-alti-nelle-aziende-bellunesi-il-dato-e-emerso-al-convegno-dei-commercialisti-tenutosi-alla-carpenada\/","og_locale":"fr_FR","og_type":"article","og_title":"Occhialeria: innovazione tecnologica e salari pi\u00f9 alti nelle aziende Bellunesi. Il dato \u00e8 emerso al convegno dei commercialisti tenutosi alla Carpenada - Bellunopress - Dolomiti","og_description":"Belluno, 2 dicembre 2019\u00a0 &#8211;\u00a0 Il costo del lavoro \u00e8 superiore alla media nazionale nel comparto dell&#8217;occhialeria. Una marcata differenza che vede in testa alla classifica reddituale le occhialerie bellunesi con un lordo di 37mila euro l&#8217;anno contro i 32mila delle aziende venete e i 31mila media nazionale. Il dato lo ha evidenziato il il [&hellip;]","og_url":"https:\/\/www.bellunopress.it\/fr\/2019\/12\/02\/occhialeria-innovazione-tecnologica-e-salari-piu-alti-nelle-aziende-bellunesi-il-dato-e-emerso-al-convegno-dei-commercialisti-tenutosi-alla-carpenada\/","og_site_name":"Bellunopress - Dolomiti","article_publisher":"https:\/\/www.facebook.com\/profile.php?id=100008943462799","article_published_time":"2019-12-02T22:41:47+00:00","article_modified_time":"2019-12-02T22:41:48+00:00","og_image":[{"url":"http:\/\/www.bellunopress.it\/wp-content\/uploads\/2019\/12\/convegno-commercialisti-carpenada.jpg","type":"","width":"","height":""}],"author":"redazione","twitter_card":"summary_large_image","twitter_creator":"@bellunopress","twitter_site":"@bellunopress","twitter_misc":{"\u00c9crit par":"redazione","Dur\u00e9e de lecture estim\u00e9e":"3 minutes"},"schema":{"@context":"https:\/\/schema.org","@graph":[{"@type":"Article","@id":"https:\/\/www.bellunopress.it\/2019\/12\/02\/occhialeria-innovazione-tecnologica-e-salari-piu-alti-nelle-aziende-bellunesi-il-dato-e-emerso-al-convegno-dei-commercialisti-tenutosi-alla-carpenada\/#article","isPartOf":{"@id":"https:\/\/www.bellunopress.it\/2019\/12\/02\/occhialeria-innovazione-tecnologica-e-salari-piu-alti-nelle-aziende-bellunesi-il-dato-e-emerso-al-convegno-dei-commercialisti-tenutosi-alla-carpenada\/"},"author":{"name":"redazione","@id":"https:\/\/www.bellunopress.it\/#\/schema\/person\/79bb06722b37ece1c03d3e94beb30d73"},"headline":"Occhialeria: innovazione tecnologica e salari pi\u00f9 alti nelle aziende Bellunesi. Il dato \u00e8 emerso al convegno dei commercialisti tenutosi alla Carpenada","datePublished":"2019-12-02T22:41:47+00:00","dateModified":"2019-12-02T22:41:48+00:00","mainEntityOfPage":{"@id":"https:\/\/www.bellunopress.it\/2019\/12\/02\/occhialeria-innovazione-tecnologica-e-salari-piu-alti-nelle-aziende-bellunesi-il-dato-e-emerso-al-convegno-dei-commercialisti-tenutosi-alla-carpenada\/"},"wordCount":537,"publisher":{"@id":"https:\/\/www.bellunopress.it\/#organization"},"image":{"@id":"https:\/\/www.bellunopress.it\/2019\/12\/02\/occhialeria-innovazione-tecnologica-e-salari-piu-alti-nelle-aziende-bellunesi-il-dato-e-emerso-al-convegno-dei-commercialisti-tenutosi-alla-carpenada\/#primaryimage"},"thumbnailUrl":"http:\/\/www.bellunopress.it\/wp-content\/uploads\/2019\/12\/convegno-commercialisti-carpenada.jpg","articleSection":["Lavoro, Economia, Turismo","Prima Pagina"],"inLanguage":"fr-FR"},{"@type":"WebPage","@id":"https:\/\/www.bellunopress.it\/2019\/12\/02\/occhialeria-innovazione-tecnologica-e-salari-piu-alti-nelle-aziende-bellunesi-il-dato-e-emerso-al-convegno-dei-commercialisti-tenutosi-alla-carpenada\/","url":"https:\/\/www.bellunopress.it\/2019\/12\/02\/occhialeria-innovazione-tecnologica-e-salari-piu-alti-nelle-aziende-bellunesi-il-dato-e-emerso-al-convegno-dei-commercialisti-tenutosi-alla-carpenada\/","name":"Occhialeria: innovazione tecnologica e salari pi\u00f9 alti nelle aziende Bellunesi. Il dato \u00e8 emerso al convegno dei commercialisti tenutosi alla Carpenada - Bellunopress - Dolomiti","isPartOf":{"@id":"https:\/\/www.bellunopress.it\/#website"},"primaryImageOfPage":{"@id":"https:\/\/www.bellunopress.it\/2019\/12\/02\/occhialeria-innovazione-tecnologica-e-salari-piu-alti-nelle-aziende-bellunesi-il-dato-e-emerso-al-convegno-dei-commercialisti-tenutosi-alla-carpenada\/#primaryimage"},"image":{"@id":"https:\/\/www.bellunopress.it\/2019\/12\/02\/occhialeria-innovazione-tecnologica-e-salari-piu-alti-nelle-aziende-bellunesi-il-dato-e-emerso-al-convegno-dei-commercialisti-tenutosi-alla-carpenada\/#primaryimage"},"thumbnailUrl":"http:\/\/www.bellunopress.it\/wp-content\/uploads\/2019\/12\/convegno-commercialisti-carpenada.jpg","datePublished":"2019-12-02T22:41:47+00:00","dateModified":"2019-12-02T22:41:48+00:00","breadcrumb":{"@id":"https:\/\/www.bellunopress.it\/2019\/12\/02\/occhialeria-innovazione-tecnologica-e-salari-piu-alti-nelle-aziende-bellunesi-il-dato-e-emerso-al-convegno-dei-commercialisti-tenutosi-alla-carpenada\/#breadcrumb"},"inLanguage":"fr-FR","potentialAction":[{"@type":"ReadAction","target":["https:\/\/www.bellunopress.it\/2019\/12\/02\/occhialeria-innovazione-tecnologica-e-salari-piu-alti-nelle-aziende-bellunesi-il-dato-e-emerso-al-convegno-dei-commercialisti-tenutosi-alla-carpenada\/"]}]},{"@type":"ImageObject","inLanguage":"fr-FR","@id":"https:\/\/www.bellunopress.it\/2019\/12\/02\/occhialeria-innovazione-tecnologica-e-salari-piu-alti-nelle-aziende-bellunesi-il-dato-e-emerso-al-convegno-dei-commercialisti-tenutosi-alla-carpenada\/#primaryimage","url":"http:\/\/www.bellunopress.it\/wp-content\/uploads\/2019\/12\/convegno-commercialisti-carpenada.jpg","contentUrl":"http:\/\/www.bellunopress.it\/wp-content\/uploads\/2019\/12\/convegno-commercialisti-carpenada.jpg"},{"@type":"BreadcrumbList","@id":"https:\/\/www.bellunopress.it\/2019\/12\/02\/occhialeria-innovazione-tecnologica-e-salari-piu-alti-nelle-aziende-bellunesi-il-dato-e-emerso-al-convegno-dei-commercialisti-tenutosi-alla-carpenada\/#breadcrumb","itemListElement":[{"@type":"ListItem","position":1,"name":"Home","item":"https:\/\/www.bellunopress.it\/"},{"@type":"ListItem","position":2,"name":"Occhialeria: innovazione tecnologica e salari pi\u00f9 alti nelle aziende Bellunesi. Il dato \u00e8 emerso al convegno dei commercialisti tenutosi alla Carpenada"}]},{"@type":"WebSite","@id":"https:\/\/www.bellunopress.it\/#website","url":"https:\/\/www.bellunopress.it\/","name":"Bellunopress - Dolomiti","description":"e-mail: redazione@bellunopress.it","publisher":{"@id":"https:\/\/www.bellunopress.it\/#organization"},"potentialAction":[{"@type":"SearchAction","target":{"@type":"EntryPoint","urlTemplate":"https:\/\/www.bellunopress.it\/?s={search_term_string}"},"query-input":{"@type":"PropertyValueSpecification","valueRequired":true,"valueName":"search_term_string"}}],"inLanguage":"fr-FR"},{"@type":"Organization","@id":"https:\/\/www.bellunopress.it\/#organization","name":"Bellunopress","url":"https:\/\/www.bellunopress.it\/","logo":{"@type":"ImageObject","inLanguage":"fr-FR","@id":"https:\/\/www.bellunopress.it\/#\/schema\/logo\/image\/","url":"https:\/\/www.bellunopress.it\/wp-content\/uploads\/2011\/05\/cropped-logo-bellunopress-.jpg","contentUrl":"https:\/\/www.bellunopress.it\/wp-content\/uploads\/2011\/05\/cropped-logo-bellunopress-.jpg","width":512,"height":512,"caption":"Bellunopress"},"image":{"@id":"https:\/\/www.bellunopress.it\/#\/schema\/logo\/image\/"},"sameAs":["https:\/\/www.facebook.com\/profile.php?id=100008943462799","https:\/\/x.com\/bellunopress","https:\/\/www.linkedin.com\/hp\/?dnr=JBzUWaJfMUw8vbXJJ2tVW5-I3jZKvC4wsoxE&amp;amp;amp;amp;amp;amp;trk=nav_responsive_tab_home","https:\/\/www.youtube.com\/channel\/UCxL0wu1uN0_3_7hGG0306cw"]},{"@type":"Person","@id":"https:\/\/www.bellunopress.it\/#\/schema\/person\/79bb06722b37ece1c03d3e94beb30d73","name":"r\u00e9daction","image":{"@type":"ImageObject","inLanguage":"fr-FR","@id":"https:\/\/secure.gravatar.com\/avatar\/37d968a2e67a6fd04c169c4bdef102d0bc5d31b2546345219e348575eb80e9a0?s=96&d=mm&r=g","url":"https:\/\/secure.gravatar.com\/avatar\/37d968a2e67a6fd04c169c4bdef102d0bc5d31b2546345219e348575eb80e9a0?s=96&d=mm&r=g","contentUrl":"https:\/\/secure.gravatar.com\/avatar\/37d968a2e67a6fd04c169c4bdef102d0bc5d31b2546345219e348575eb80e9a0?s=96&d=mm&r=g","caption":"redazione"},"sameAs":["http:\/\/www.bellunopress.it","https:\/\/x.com\/bellunopress"],"url":"https:\/\/www.bellunopress.it\/fr\/author\/redazione\/"}]}},"_links":{"self":[{"href":"https:\/\/www.bellunopress.it\/fr\/wp-json\/wp\/v2\/posts\/110110","targetHints":{"allow":["GET"]}}],"collection":[{"href":"https:\/\/www.bellunopress.it\/fr\/wp-json\/wp\/v2\/posts"}],"about":[{"href":"https:\/\/www.bellunopress.it\/fr\/wp-json\/wp\/v2\/types\/post"}],"author":[{"embeddable":true,"href":"https:\/\/www.bellunopress.it\/fr\/wp-json\/wp\/v2\/users\/2"}],"replies":[{"embeddable":true,"href":"https:\/\/www.bellunopress.it\/fr\/wp-json\/wp\/v2\/comments?post=110110"}],"version-history":[{"count":2,"href":"https:\/\/www.bellunopress.it\/fr\/wp-json\/wp\/v2\/posts\/110110\/revisions"}],"predecessor-version":[{"id":110113,"href":"https:\/\/www.bellunopress.it\/fr\/wp-json\/wp\/v2\/posts\/110110\/revisions\/110113"}],"wp:attachment":[{"href":"https:\/\/www.bellunopress.it\/fr\/wp-json\/wp\/v2\/media?parent=110110"}],"wp:term":[{"taxonomy":"category","embeddable":true,"href":"https:\/\/www.bellunopress.it\/fr\/wp-json\/wp\/v2\/categories?post=110110"},{"taxonomy":"post_tag","embeddable":true,"href":"https:\/\/www.bellunopress.it\/fr\/wp-json\/wp\/v2\/tags?post=110110"}],"curies":[{"name":"wp","href":"https:\/\/api.w.org\/{rel}","templated":true}]}}