{"id":110108,"date":"2019-12-02T19:06:30","date_gmt":"2019-12-02T18:06:30","guid":{"rendered":"http:\/\/www.bellunopress.it\/?p=110108"},"modified":"2019-12-02T19:06:59","modified_gmt":"2019-12-02T18:06:59","slug":"rifiuti-veneto-il-piu-riciclone-ditalia-belluno-e-treviso-promosse-a-pieni-voti-zaia-grazie-alla-sensibilita-della-gente","status":"publish","type":"post","link":"https:\/\/www.bellunopress.it\/fr\/2019\/12\/02\/rifiuti-veneto-il-piu-riciclone-ditalia-belluno-e-treviso-promosse-a-pieni-voti-zaia-grazie-alla-sensibilita-della-gente\/","title":{"rendered":"Rifiuti. Veneto il pi\u00f9 riciclone d&#8217;Italia. Belluno e Treviso promosse a pieni voti. Zaia: &#8220;Grazie alla sensibilit\u00e0 della gente&#8221;"},"content":{"rendered":"<figure id=\"attachment_107382\" aria-describedby=\"caption-attachment-107382\" style=\"width: 241px\" class=\"wp-caption alignleft\"><a href=\"http:\/\/www.bellunopress.it\/fr\/2019\/08\/27\/edilizia-popolare-zaia-14mila-famiglie-in-stato-di-bisogno-attendono-casa\/luca-zaia-4\/\" rel=\"attachment wp-att-107382\"><img loading=\"lazy\" decoding=\"async\" class=\"size-full wp-image-107382\" src=\"http:\/\/www.bellunopress.it\/wp-content\/uploads\/2019\/08\/Luca-Zaia.jpg\" alt=\"\" width=\"241\" height=\"300\" \/><\/a><figcaption id=\"caption-attachment-107382\" class=\"wp-caption-text\">Luca Zaia &#8211; Presidente della Regione del Veneto<\/figcaption><\/figure>\n<p>Venezia, 2 dicembre 2019\u00a0 &#8211;\u00a0\u00a0\u201cLa gestione dei rifiuti \u00e8 uno degli indicatori di civilt\u00e0 di una comunit\u00e0. Di questo primato ringrazio prima di tutto i veneti, perch\u00e9 il successo di un sistema di raccolta differenziata non pu\u00f2 prescindere dalla disponibilit\u00e0 delle persone a collaborare. Quello del Veneto miete successi e primati da anni: segnale inequivocabile che, anche in questo settore, in Veneto facciamo i fatti e lasciamo le parole agli altri\u201d.<\/p>\n<p>Cos\u00ec, il Presidente della Regione del Veneto, Luca Zaia, commenta con soddisfazione i dati sul riciclo dei rifiuti emersi oggi all\u2019Ecoforum Veneto, a Venezia, che confermano il Veneto come regione pi\u00f9 \u201criciclona d\u2019Italia\u201d, i Comuni di Belluno e Treviso come gli unici capoluogo di provincia promossi a pieni voti in Italia, buone performance pressoch\u00e9 su tutto il territorio.<\/p>\n<p>\u201cArrivare al 68,7% di rifiuto riciclato nel 2018, con un aumento dello 0,7% sul 2017 \u2013 aggiunge Zaia \u2013 \u00e8 un risultato eccezionale, non solo nel confronto con il resto del Paese, ma anche perch\u00e9 quando, come in questo caso, ci si avvicina al massimo ragionevolmente possibile, \u00e8 inevitabile che i margini di miglioramento si restringano\u201d.<\/p>\n<p>\u201cSiamo i primi in Italia e e vogliamo confermarci anche nel futuro \u2013 conclude il governatore \u2013 per cui il tema della raccolta riciclata dei rifiuti \u00e8 e sar\u00e0 centrale nelle azioni di questa Regione. Abbiamo dato il via a una vera e propria economia circolare del rifiuto, che, nei prossimi anni, sar\u00e0 ulteriormente affinata e sviluppata\u201d.<\/p>","protected":false},"excerpt":{"rendered":"<p>Venezia, 2 dicembre 2019\u00a0 &#8211;\u00a0\u00a0\u201cLa gestione dei rifiuti \u00e8 uno degli indicatori di civilt\u00e0 di una comunit\u00e0. Di questo primato ringrazio prima di tutto i veneti, perch\u00e9 il successo di un sistema di raccolta differenziata non pu\u00f2 prescindere dalla disponibilit\u00e0 delle persone a collaborare. Quello del Veneto miete successi e primati da anni: segnale inequivocabile [&hellip;]<\/p>\n","protected":false},"author":2,"featured_media":0,"comment_status":"closed","ping_status":"open","sticky":false,"template":"","format":"standard","meta":{"footnotes":""},"categories":[5,26],"tags":[],"class_list":["post-110108","post","type-post","status-publish","format-standard","category-cronaca","category-prima-pagina"],"yoast_head":"<!-- This site is optimized with the Yoast SEO plugin v28.4 - https:\/\/yoast.com\/product\/yoast-seo-wordpress\/ -->\n<title>Rifiuti. Veneto il pi\u00f9 riciclone d&#039;Italia. Belluno e Treviso promosse a pieni voti. Zaia: &quot;Grazie alla sensibilit\u00e0 della gente&quot; - Bellunopress - Dolomiti<\/title>\n<meta name=\"robots\" content=\"index, follow, max-snippet:-1, max-image-preview:large, max-video-preview:-1\" \/>\n<link rel=\"canonical\" href=\"https:\/\/www.bellunopress.it\/fr\/2019\/12\/02\/rifiuti-veneto-il-piu-riciclone-ditalia-belluno-e-treviso-promosse-a-pieni-voti-zaia-grazie-alla-sensibilita-della-gente\/\" \/>\n<meta property=\"og:locale\" content=\"fr_FR\" \/>\n<meta property=\"og:type\" content=\"article\" \/>\n<meta property=\"og:title\" content=\"Rifiuti. Veneto il pi\u00f9 riciclone d&#039;Italia. Belluno e Treviso promosse a pieni voti. Zaia: &quot;Grazie alla sensibilit\u00e0 della gente&quot; - Bellunopress - Dolomiti\" \/>\n<meta property=\"og:description\" content=\"Venezia, 2 dicembre 2019\u00a0 &#8211;\u00a0\u00a0\u201cLa gestione dei rifiuti \u00e8 uno degli indicatori di civilt\u00e0 di una comunit\u00e0. Di questo primato ringrazio prima di tutto i veneti, perch\u00e9 il successo di un sistema di raccolta differenziata non pu\u00f2 prescindere dalla disponibilit\u00e0 delle persone a collaborare. Quello del Veneto miete successi e primati da anni: segnale inequivocabile [&hellip;]\" \/>\n<meta property=\"og:url\" content=\"https:\/\/www.bellunopress.it\/fr\/2019\/12\/02\/rifiuti-veneto-il-piu-riciclone-ditalia-belluno-e-treviso-promosse-a-pieni-voti-zaia-grazie-alla-sensibilita-della-gente\/\" \/>\n<meta property=\"og:site_name\" content=\"Bellunopress - Dolomiti\" \/>\n<meta property=\"article:publisher\" content=\"https:\/\/www.facebook.com\/profile.php?id=100008943462799\" \/>\n<meta property=\"article:published_time\" content=\"2019-12-02T18:06:30+00:00\" \/>\n<meta property=\"article:modified_time\" content=\"2019-12-02T18:06:59+00:00\" \/>\n<meta property=\"og:image\" content=\"http:\/\/www.bellunopress.it\/wp-content\/uploads\/2019\/08\/Luca-Zaia.jpg\" \/>\n<meta name=\"author\" content=\"redazione\" \/>\n<meta name=\"twitter:card\" content=\"summary_large_image\" \/>\n<meta name=\"twitter:creator\" content=\"@bellunopress\" \/>\n<meta name=\"twitter:site\" content=\"@bellunopress\" \/>\n<meta name=\"twitter:label1\" content=\"\u00c9crit par\" \/>\n\t<meta name=\"twitter:data1\" content=\"redazione\" \/>\n\t<meta name=\"twitter:label2\" content=\"Dur\u00e9e de lecture estim\u00e9e\" \/>\n\t<meta name=\"twitter:data2\" content=\"1 minute\" \/>\n<script type=\"application\/ld+json\" class=\"yoast-schema-graph\">{\"@context\":\"https:\\\/\\\/schema.org\",\"@graph\":[{\"@type\":\"Article\",\"@id\":\"https:\\\/\\\/www.bellunopress.it\\\/2019\\\/12\\\/02\\\/rifiuti-veneto-il-piu-riciclone-ditalia-belluno-e-treviso-promosse-a-pieni-voti-zaia-grazie-alla-sensibilita-della-gente\\\/#article\",\"isPartOf\":{\"@id\":\"https:\\\/\\\/www.bellunopress.it\\\/2019\\\/12\\\/02\\\/rifiuti-veneto-il-piu-riciclone-ditalia-belluno-e-treviso-promosse-a-pieni-voti-zaia-grazie-alla-sensibilita-della-gente\\\/\"},\"author\":{\"name\":\"redazione\",\"@id\":\"https:\\\/\\\/www.bellunopress.it\\\/#\\\/schema\\\/person\\\/79bb06722b37ece1c03d3e94beb30d73\"},\"headline\":\"Rifiuti. Veneto il pi\u00f9 riciclone d&#8217;Italia. Belluno e Treviso promosse a pieni voti. Zaia: &#8220;Grazie alla sensibilit\u00e0 della gente&#8221;\",\"datePublished\":\"2019-12-02T18:06:30+00:00\",\"dateModified\":\"2019-12-02T18:06:59+00:00\",\"mainEntityOfPage\":{\"@id\":\"https:\\\/\\\/www.bellunopress.it\\\/2019\\\/12\\\/02\\\/rifiuti-veneto-il-piu-riciclone-ditalia-belluno-e-treviso-promosse-a-pieni-voti-zaia-grazie-alla-sensibilita-della-gente\\\/\"},\"wordCount\":266,\"publisher\":{\"@id\":\"https:\\\/\\\/www.bellunopress.it\\\/#organization\"},\"image\":{\"@id\":\"https:\\\/\\\/www.bellunopress.it\\\/2019\\\/12\\\/02\\\/rifiuti-veneto-il-piu-riciclone-ditalia-belluno-e-treviso-promosse-a-pieni-voti-zaia-grazie-alla-sensibilita-della-gente\\\/#primaryimage\"},\"thumbnailUrl\":\"http:\\\/\\\/www.bellunopress.it\\\/wp-content\\\/uploads\\\/2019\\\/08\\\/Luca-Zaia.jpg\",\"articleSection\":[\"Cronaca\\\/Politica\",\"Prima Pagina\"],\"inLanguage\":\"fr-FR\"},{\"@type\":\"WebPage\",\"@id\":\"https:\\\/\\\/www.bellunopress.it\\\/2019\\\/12\\\/02\\\/rifiuti-veneto-il-piu-riciclone-ditalia-belluno-e-treviso-promosse-a-pieni-voti-zaia-grazie-alla-sensibilita-della-gente\\\/\",\"url\":\"https:\\\/\\\/www.bellunopress.it\\\/2019\\\/12\\\/02\\\/rifiuti-veneto-il-piu-riciclone-ditalia-belluno-e-treviso-promosse-a-pieni-voti-zaia-grazie-alla-sensibilita-della-gente\\\/\",\"name\":\"Rifiuti. Veneto il pi\u00f9 riciclone d'Italia. Belluno e Treviso promosse a pieni voti. Zaia: \\\"Grazie alla sensibilit\u00e0 della gente\\\" - Bellunopress - Dolomiti\",\"isPartOf\":{\"@id\":\"https:\\\/\\\/www.bellunopress.it\\\/#website\"},\"primaryImageOfPage\":{\"@id\":\"https:\\\/\\\/www.bellunopress.it\\\/2019\\\/12\\\/02\\\/rifiuti-veneto-il-piu-riciclone-ditalia-belluno-e-treviso-promosse-a-pieni-voti-zaia-grazie-alla-sensibilita-della-gente\\\/#primaryimage\"},\"image\":{\"@id\":\"https:\\\/\\\/www.bellunopress.it\\\/2019\\\/12\\\/02\\\/rifiuti-veneto-il-piu-riciclone-ditalia-belluno-e-treviso-promosse-a-pieni-voti-zaia-grazie-alla-sensibilita-della-gente\\\/#primaryimage\"},\"thumbnailUrl\":\"http:\\\/\\\/www.bellunopress.it\\\/wp-content\\\/uploads\\\/2019\\\/08\\\/Luca-Zaia.jpg\",\"datePublished\":\"2019-12-02T18:06:30+00:00\",\"dateModified\":\"2019-12-02T18:06:59+00:00\",\"breadcrumb\":{\"@id\":\"https:\\\/\\\/www.bellunopress.it\\\/2019\\\/12\\\/02\\\/rifiuti-veneto-il-piu-riciclone-ditalia-belluno-e-treviso-promosse-a-pieni-voti-zaia-grazie-alla-sensibilita-della-gente\\\/#breadcrumb\"},\"inLanguage\":\"fr-FR\",\"potentialAction\":[{\"@type\":\"ReadAction\",\"target\":[\"https:\\\/\\\/www.bellunopress.it\\\/2019\\\/12\\\/02\\\/rifiuti-veneto-il-piu-riciclone-ditalia-belluno-e-treviso-promosse-a-pieni-voti-zaia-grazie-alla-sensibilita-della-gente\\\/\"]}]},{\"@type\":\"ImageObject\",\"inLanguage\":\"fr-FR\",\"@id\":\"https:\\\/\\\/www.bellunopress.it\\\/2019\\\/12\\\/02\\\/rifiuti-veneto-il-piu-riciclone-ditalia-belluno-e-treviso-promosse-a-pieni-voti-zaia-grazie-alla-sensibilita-della-gente\\\/#primaryimage\",\"url\":\"http:\\\/\\\/www.bellunopress.it\\\/wp-content\\\/uploads\\\/2019\\\/08\\\/Luca-Zaia.jpg\",\"contentUrl\":\"http:\\\/\\\/www.bellunopress.it\\\/wp-content\\\/uploads\\\/2019\\\/08\\\/Luca-Zaia.jpg\"},{\"@type\":\"BreadcrumbList\",\"@id\":\"https:\\\/\\\/www.bellunopress.it\\\/2019\\\/12\\\/02\\\/rifiuti-veneto-il-piu-riciclone-ditalia-belluno-e-treviso-promosse-a-pieni-voti-zaia-grazie-alla-sensibilita-della-gente\\\/#breadcrumb\",\"itemListElement\":[{\"@type\":\"ListItem\",\"position\":1,\"name\":\"Home\",\"item\":\"https:\\\/\\\/www.bellunopress.it\\\/\"},{\"@type\":\"ListItem\",\"position\":2,\"name\":\"Rifiuti. Veneto il pi\u00f9 riciclone d&#8217;Italia. Belluno e Treviso promosse a pieni voti. Zaia: &#8220;Grazie alla sensibilit\u00e0 della gente&#8221;\"}]},{\"@type\":\"WebSite\",\"@id\":\"https:\\\/\\\/www.bellunopress.it\\\/#website\",\"url\":\"https:\\\/\\\/www.bellunopress.it\\\/\",\"name\":\"Bellunopress - Dolomiti\",\"description\":\"e-mail: redazione@bellunopress.it\",\"publisher\":{\"@id\":\"https:\\\/\\\/www.bellunopress.it\\\/#organization\"},\"potentialAction\":[{\"@type\":\"SearchAction\",\"target\":{\"@type\":\"EntryPoint\",\"urlTemplate\":\"https:\\\/\\\/www.bellunopress.it\\\/?s={search_term_string}\"},\"query-input\":{\"@type\":\"PropertyValueSpecification\",\"valueRequired\":true,\"valueName\":\"search_term_string\"}}],\"inLanguage\":\"fr-FR\"},{\"@type\":\"Organization\",\"@id\":\"https:\\\/\\\/www.bellunopress.it\\\/#organization\",\"name\":\"Bellunopress\",\"url\":\"https:\\\/\\\/www.bellunopress.it\\\/\",\"logo\":{\"@type\":\"ImageObject\",\"inLanguage\":\"fr-FR\",\"@id\":\"https:\\\/\\\/www.bellunopress.it\\\/#\\\/schema\\\/logo\\\/image\\\/\",\"url\":\"https:\\\/\\\/www.bellunopress.it\\\/wp-content\\\/uploads\\\/2011\\\/05\\\/cropped-logo-bellunopress-.jpg\",\"contentUrl\":\"https:\\\/\\\/www.bellunopress.it\\\/wp-content\\\/uploads\\\/2011\\\/05\\\/cropped-logo-bellunopress-.jpg\",\"width\":512,\"height\":512,\"caption\":\"Bellunopress\"},\"image\":{\"@id\":\"https:\\\/\\\/www.bellunopress.it\\\/#\\\/schema\\\/logo\\\/image\\\/\"},\"sameAs\":[\"https:\\\/\\\/www.facebook.com\\\/profile.php?id=100008943462799\",\"https:\\\/\\\/x.com\\\/bellunopress\",\"https:\\\/\\\/www.linkedin.com\\\/hp\\\/?dnr=JBzUWaJfMUw8vbXJJ2tVW5-I3jZKvC4wsoxE&amp;amp;amp;amp;amp;amp;trk=nav_responsive_tab_home\",\"https:\\\/\\\/www.youtube.com\\\/channel\\\/UCxL0wu1uN0_3_7hGG0306cw\"]},{\"@type\":\"Person\",\"@id\":\"https:\\\/\\\/www.bellunopress.it\\\/#\\\/schema\\\/person\\\/79bb06722b37ece1c03d3e94beb30d73\",\"name\":\"redazione\",\"image\":{\"@type\":\"ImageObject\",\"inLanguage\":\"fr-FR\",\"@id\":\"https:\\\/\\\/secure.gravatar.com\\\/avatar\\\/37d968a2e67a6fd04c169c4bdef102d0bc5d31b2546345219e348575eb80e9a0?s=96&d=mm&r=g\",\"url\":\"https:\\\/\\\/secure.gravatar.com\\\/avatar\\\/37d968a2e67a6fd04c169c4bdef102d0bc5d31b2546345219e348575eb80e9a0?s=96&d=mm&r=g\",\"contentUrl\":\"https:\\\/\\\/secure.gravatar.com\\\/avatar\\\/37d968a2e67a6fd04c169c4bdef102d0bc5d31b2546345219e348575eb80e9a0?s=96&d=mm&r=g\",\"caption\":\"redazione\"},\"sameAs\":[\"http:\\\/\\\/www.bellunopress.it\",\"https:\\\/\\\/x.com\\\/bellunopress\"],\"url\":\"https:\\\/\\\/www.bellunopress.it\\\/fr\\\/author\\\/redazione\\\/\"}]}<\/script>\n<!-- \/ Yoast SEO plugin. -->","yoast_head_json":{"title":"Rifiuti. Veneto il pi\u00f9 riciclone d'Italia. Belluno e Treviso promosse a pieni voti. Zaia: \"Grazie alla sensibilit\u00e0 della gente\" - Bellunopress - Dolomiti","robots":{"index":"index","follow":"follow","max-snippet":"max-snippet:-1","max-image-preview":"max-image-preview:large","max-video-preview":"max-video-preview:-1"},"canonical":"https:\/\/www.bellunopress.it\/fr\/2019\/12\/02\/rifiuti-veneto-il-piu-riciclone-ditalia-belluno-e-treviso-promosse-a-pieni-voti-zaia-grazie-alla-sensibilita-della-gente\/","og_locale":"fr_FR","og_type":"article","og_title":"Rifiuti. Veneto il pi\u00f9 riciclone d'Italia. Belluno e Treviso promosse a pieni voti. Zaia: \"Grazie alla sensibilit\u00e0 della gente\" - Bellunopress - Dolomiti","og_description":"Venezia, 2 dicembre 2019\u00a0 &#8211;\u00a0\u00a0\u201cLa gestione dei rifiuti \u00e8 uno degli indicatori di civilt\u00e0 di una comunit\u00e0. Di questo primato ringrazio prima di tutto i veneti, perch\u00e9 il successo di un sistema di raccolta differenziata non pu\u00f2 prescindere dalla disponibilit\u00e0 delle persone a collaborare. Quello del Veneto miete successi e primati da anni: segnale inequivocabile [&hellip;]","og_url":"https:\/\/www.bellunopress.it\/fr\/2019\/12\/02\/rifiuti-veneto-il-piu-riciclone-ditalia-belluno-e-treviso-promosse-a-pieni-voti-zaia-grazie-alla-sensibilita-della-gente\/","og_site_name":"Bellunopress - Dolomiti","article_publisher":"https:\/\/www.facebook.com\/profile.php?id=100008943462799","article_published_time":"2019-12-02T18:06:30+00:00","article_modified_time":"2019-12-02T18:06:59+00:00","og_image":[{"url":"http:\/\/www.bellunopress.it\/wp-content\/uploads\/2019\/08\/Luca-Zaia.jpg","type":"","width":"","height":""}],"author":"redazione","twitter_card":"summary_large_image","twitter_creator":"@bellunopress","twitter_site":"@bellunopress","twitter_misc":{"\u00c9crit par":"redazione","Dur\u00e9e de lecture estim\u00e9e":"1 minute"},"schema":{"@context":"https:\/\/schema.org","@graph":[{"@type":"Article","@id":"https:\/\/www.bellunopress.it\/2019\/12\/02\/rifiuti-veneto-il-piu-riciclone-ditalia-belluno-e-treviso-promosse-a-pieni-voti-zaia-grazie-alla-sensibilita-della-gente\/#article","isPartOf":{"@id":"https:\/\/www.bellunopress.it\/2019\/12\/02\/rifiuti-veneto-il-piu-riciclone-ditalia-belluno-e-treviso-promosse-a-pieni-voti-zaia-grazie-alla-sensibilita-della-gente\/"},"author":{"name":"redazione","@id":"https:\/\/www.bellunopress.it\/#\/schema\/person\/79bb06722b37ece1c03d3e94beb30d73"},"headline":"Rifiuti. Veneto il pi\u00f9 riciclone d&#8217;Italia. Belluno e Treviso promosse a pieni voti. Zaia: &#8220;Grazie alla sensibilit\u00e0 della gente&#8221;","datePublished":"2019-12-02T18:06:30+00:00","dateModified":"2019-12-02T18:06:59+00:00","mainEntityOfPage":{"@id":"https:\/\/www.bellunopress.it\/2019\/12\/02\/rifiuti-veneto-il-piu-riciclone-ditalia-belluno-e-treviso-promosse-a-pieni-voti-zaia-grazie-alla-sensibilita-della-gente\/"},"wordCount":266,"publisher":{"@id":"https:\/\/www.bellunopress.it\/#organization"},"image":{"@id":"https:\/\/www.bellunopress.it\/2019\/12\/02\/rifiuti-veneto-il-piu-riciclone-ditalia-belluno-e-treviso-promosse-a-pieni-voti-zaia-grazie-alla-sensibilita-della-gente\/#primaryimage"},"thumbnailUrl":"http:\/\/www.bellunopress.it\/wp-content\/uploads\/2019\/08\/Luca-Zaia.jpg","articleSection":["Cronaca\/Politica","Prima Pagina"],"inLanguage":"fr-FR"},{"@type":"WebPage","@id":"https:\/\/www.bellunopress.it\/2019\/12\/02\/rifiuti-veneto-il-piu-riciclone-ditalia-belluno-e-treviso-promosse-a-pieni-voti-zaia-grazie-alla-sensibilita-della-gente\/","url":"https:\/\/www.bellunopress.it\/2019\/12\/02\/rifiuti-veneto-il-piu-riciclone-ditalia-belluno-e-treviso-promosse-a-pieni-voti-zaia-grazie-alla-sensibilita-della-gente\/","name":"Rifiuti. Veneto il pi\u00f9 riciclone d'Italia. Belluno e Treviso promosse a pieni voti. Zaia: \"Grazie alla sensibilit\u00e0 della gente\" - Bellunopress - Dolomiti","isPartOf":{"@id":"https:\/\/www.bellunopress.it\/#website"},"primaryImageOfPage":{"@id":"https:\/\/www.bellunopress.it\/2019\/12\/02\/rifiuti-veneto-il-piu-riciclone-ditalia-belluno-e-treviso-promosse-a-pieni-voti-zaia-grazie-alla-sensibilita-della-gente\/#primaryimage"},"image":{"@id":"https:\/\/www.bellunopress.it\/2019\/12\/02\/rifiuti-veneto-il-piu-riciclone-ditalia-belluno-e-treviso-promosse-a-pieni-voti-zaia-grazie-alla-sensibilita-della-gente\/#primaryimage"},"thumbnailUrl":"http:\/\/www.bellunopress.it\/wp-content\/uploads\/2019\/08\/Luca-Zaia.jpg","datePublished":"2019-12-02T18:06:30+00:00","dateModified":"2019-12-02T18:06:59+00:00","breadcrumb":{"@id":"https:\/\/www.bellunopress.it\/2019\/12\/02\/rifiuti-veneto-il-piu-riciclone-ditalia-belluno-e-treviso-promosse-a-pieni-voti-zaia-grazie-alla-sensibilita-della-gente\/#breadcrumb"},"inLanguage":"fr-FR","potentialAction":[{"@type":"ReadAction","target":["https:\/\/www.bellunopress.it\/2019\/12\/02\/rifiuti-veneto-il-piu-riciclone-ditalia-belluno-e-treviso-promosse-a-pieni-voti-zaia-grazie-alla-sensibilita-della-gente\/"]}]},{"@type":"ImageObject","inLanguage":"fr-FR","@id":"https:\/\/www.bellunopress.it\/2019\/12\/02\/rifiuti-veneto-il-piu-riciclone-ditalia-belluno-e-treviso-promosse-a-pieni-voti-zaia-grazie-alla-sensibilita-della-gente\/#primaryimage","url":"http:\/\/www.bellunopress.it\/wp-content\/uploads\/2019\/08\/Luca-Zaia.jpg","contentUrl":"http:\/\/www.bellunopress.it\/wp-content\/uploads\/2019\/08\/Luca-Zaia.jpg"},{"@type":"BreadcrumbList","@id":"https:\/\/www.bellunopress.it\/2019\/12\/02\/rifiuti-veneto-il-piu-riciclone-ditalia-belluno-e-treviso-promosse-a-pieni-voti-zaia-grazie-alla-sensibilita-della-gente\/#breadcrumb","itemListElement":[{"@type":"ListItem","position":1,"name":"Home","item":"https:\/\/www.bellunopress.it\/"},{"@type":"ListItem","position":2,"name":"Rifiuti. Veneto il pi\u00f9 riciclone d&#8217;Italia. Belluno e Treviso promosse a pieni voti. Zaia: &#8220;Grazie alla sensibilit\u00e0 della gente&#8221;"}]},{"@type":"WebSite","@id":"https:\/\/www.bellunopress.it\/#website","url":"https:\/\/www.bellunopress.it\/","name":"Bellunopress - Dolomiti","description":"e-mail: redazione@bellunopress.it","publisher":{"@id":"https:\/\/www.bellunopress.it\/#organization"},"potentialAction":[{"@type":"SearchAction","target":{"@type":"EntryPoint","urlTemplate":"https:\/\/www.bellunopress.it\/?s={search_term_string}"},"query-input":{"@type":"PropertyValueSpecification","valueRequired":true,"valueName":"search_term_string"}}],"inLanguage":"fr-FR"},{"@type":"Organization","@id":"https:\/\/www.bellunopress.it\/#organization","name":"Bellunopress","url":"https:\/\/www.bellunopress.it\/","logo":{"@type":"ImageObject","inLanguage":"fr-FR","@id":"https:\/\/www.bellunopress.it\/#\/schema\/logo\/image\/","url":"https:\/\/www.bellunopress.it\/wp-content\/uploads\/2011\/05\/cropped-logo-bellunopress-.jpg","contentUrl":"https:\/\/www.bellunopress.it\/wp-content\/uploads\/2011\/05\/cropped-logo-bellunopress-.jpg","width":512,"height":512,"caption":"Bellunopress"},"image":{"@id":"https:\/\/www.bellunopress.it\/#\/schema\/logo\/image\/"},"sameAs":["https:\/\/www.facebook.com\/profile.php?id=100008943462799","https:\/\/x.com\/bellunopress","https:\/\/www.linkedin.com\/hp\/?dnr=JBzUWaJfMUw8vbXJJ2tVW5-I3jZKvC4wsoxE&amp;amp;amp;amp;amp;amp;trk=nav_responsive_tab_home","https:\/\/www.youtube.com\/channel\/UCxL0wu1uN0_3_7hGG0306cw"]},{"@type":"Person","@id":"https:\/\/www.bellunopress.it\/#\/schema\/person\/79bb06722b37ece1c03d3e94beb30d73","name":"r\u00e9daction","image":{"@type":"ImageObject","inLanguage":"fr-FR","@id":"https:\/\/secure.gravatar.com\/avatar\/37d968a2e67a6fd04c169c4bdef102d0bc5d31b2546345219e348575eb80e9a0?s=96&d=mm&r=g","url":"https:\/\/secure.gravatar.com\/avatar\/37d968a2e67a6fd04c169c4bdef102d0bc5d31b2546345219e348575eb80e9a0?s=96&d=mm&r=g","contentUrl":"https:\/\/secure.gravatar.com\/avatar\/37d968a2e67a6fd04c169c4bdef102d0bc5d31b2546345219e348575eb80e9a0?s=96&d=mm&r=g","caption":"redazione"},"sameAs":["http:\/\/www.bellunopress.it","https:\/\/x.com\/bellunopress"],"url":"https:\/\/www.bellunopress.it\/fr\/author\/redazione\/"}]}},"_links":{"self":[{"href":"https:\/\/www.bellunopress.it\/fr\/wp-json\/wp\/v2\/posts\/110108","targetHints":{"allow":["GET"]}}],"collection":[{"href":"https:\/\/www.bellunopress.it\/fr\/wp-json\/wp\/v2\/posts"}],"about":[{"href":"https:\/\/www.bellunopress.it\/fr\/wp-json\/wp\/v2\/types\/post"}],"author":[{"embeddable":true,"href":"https:\/\/www.bellunopress.it\/fr\/wp-json\/wp\/v2\/users\/2"}],"replies":[{"embeddable":true,"href":"https:\/\/www.bellunopress.it\/fr\/wp-json\/wp\/v2\/comments?post=110108"}],"version-history":[{"count":1,"href":"https:\/\/www.bellunopress.it\/fr\/wp-json\/wp\/v2\/posts\/110108\/revisions"}],"predecessor-version":[{"id":110109,"href":"https:\/\/www.bellunopress.it\/fr\/wp-json\/wp\/v2\/posts\/110108\/revisions\/110109"}],"wp:attachment":[{"href":"https:\/\/www.bellunopress.it\/fr\/wp-json\/wp\/v2\/media?parent=110108"}],"wp:term":[{"taxonomy":"category","embeddable":true,"href":"https:\/\/www.bellunopress.it\/fr\/wp-json\/wp\/v2\/categories?post=110108"},{"taxonomy":"post_tag","embeddable":true,"href":"https:\/\/www.bellunopress.it\/fr\/wp-json\/wp\/v2\/tags?post=110108"}],"curies":[{"name":"wp","href":"https:\/\/api.w.org\/{rel}","templated":true}]}}