{"id":110104,"date":"2019-12-02T18:57:53","date_gmt":"2019-12-02T17:57:53","guid":{"rendered":"http:\/\/www.bellunopress.it\/?p=110104"},"modified":"2019-12-02T18:57:55","modified_gmt":"2019-12-02T17:57:55","slug":"riaperto-il-ponte-di-santa-caterina-a-ponte-nelle-alpi","status":"publish","type":"post","link":"https:\/\/www.bellunopress.it\/fr\/2019\/12\/02\/riaperto-il-ponte-di-santa-caterina-a-ponte-nelle-alpi\/","title":{"rendered":"Riaperto il Ponte di Santa Caterina a Ponte nelle Alpi"},"content":{"rendered":"<p><em>\u00a0580 mila euro il valore complessivo dell&#8217;intervento di restyling dell&#8217;infrastruttura<\/em><\/p>\n<p><a href=\"http:\/\/www.bellunopress.it\/fr\/2019\/12\/02\/riaperto-il-ponte-di-santa-caterina-a-ponte-nelle-alpi\/ponte-santa-caterina-ponte-nelle-alpi\/\" rel=\"attachment wp-att-110105\"><img loading=\"lazy\" decoding=\"async\" class=\"alignleft size-full wp-image-110105\" src=\"http:\/\/www.bellunopress.it\/wp-content\/uploads\/2019\/12\/ponte-santa-caterina-ponte-nelle-alpi.jpg\" alt=\"\" width=\"300\" height=\"193\" \/><\/a>Venezia, 2 dicembre 2019\u00a0 &#8211;\u00a0\u00a0E&#8217; stato riaperto al transito alle 17:00 di oggi il ponte di Santa Caterina, lungo la statale 51 &#8220;di Alemagna&#8221;, a Ponte nelle Alpi.<\/p>\n<p>L&#8217;infrastruttura, che collega il centro abitato di Ponte nelle Alpi con il Rione di Santa Caterina, sulla sponda sud del fiume Piave, \u00e8 stata oggetto di un importante intervento di restyling avviato a fine agosto. I lavori in progetto, del valore complessivo di circa 580 mila euro, hanno consentito di eseguire l&#8217;allargamento della carreggiata tramite la demolizione dell&#8217;attuale sede stradale per uno spessore di circa 25 centimetri, la realizzazione di una nuova soletta in calcestruzzo e di sbalzi laterali in cemento armato. Completano l&#8217;opera i parapetti restaurati e nuove barriere laterali di sicurezza in acciaio e legno.<\/p>\n<p>Permane lungo il ponte la configurazione di cantiere con il limite di velocit\u00e0 a 30 km\/h per consentire all&#8217;impresa di completare alcune lavorazioni marginali, comunque compatibili con il transito dei veicoli in entrambe le direzioni.<\/p>\n<p>Anas, societ\u00e0 del Gruppo FS Italiane, raccomanda prudenza nella guida e ricorda che l`evoluzione della situazione del traffico in tempo reale \u00e8 consultabile anche su tutti gli smartphone e i tablet, grazie all&#8217;pplicazione &#8220;VAI&#8221; di Anas, disponibile gratuitamente in &#8220;App store&#8221; e in &#8220;Play store&#8221;. Inoltre si ricorda che il servizio clienti &#8220;Pronto Anas&#8221; \u00e8 raggiungibile chiamando il numero verde gratuito, 800.841.148.<\/p>","protected":false},"excerpt":{"rendered":"<p>\u00a0580 mila euro il valore complessivo dell&#8217;intervento di restyling dell&#8217;infrastruttura Venezia, 2 dicembre 2019\u00a0 &#8211;\u00a0\u00a0E&#8217; stato riaperto al transito alle 17:00 di oggi il ponte di Santa Caterina, lungo la statale 51 &#8220;di Alemagna&#8221;, a Ponte nelle Alpi. L&#8217;infrastruttura, che collega il centro abitato di Ponte nelle Alpi con il Rione di Santa Caterina, sulla [&hellip;]<\/p>\n","protected":false},"author":2,"featured_media":0,"comment_status":"closed","ping_status":"open","sticky":false,"template":"","format":"standard","meta":{"footnotes":""},"categories":[5,26],"tags":[],"class_list":["post-110104","post","type-post","status-publish","format-standard","category-cronaca","category-prima-pagina"],"yoast_head":"<!-- This site is optimized with the Yoast SEO plugin v28.4 - https:\/\/yoast.com\/product\/yoast-seo-wordpress\/ -->\n<title>Riaperto il Ponte di Santa Caterina a Ponte nelle Alpi - Bellunopress - Dolomiti<\/title>\n<meta name=\"robots\" content=\"index, follow, max-snippet:-1, max-image-preview:large, max-video-preview:-1\" \/>\n<link rel=\"canonical\" href=\"https:\/\/www.bellunopress.it\/fr\/2019\/12\/02\/riaperto-il-ponte-di-santa-caterina-a-ponte-nelle-alpi\/\" \/>\n<meta property=\"og:locale\" content=\"fr_FR\" \/>\n<meta property=\"og:type\" content=\"article\" \/>\n<meta property=\"og:title\" content=\"Riaperto il Ponte di Santa Caterina a Ponte nelle Alpi - Bellunopress - Dolomiti\" \/>\n<meta property=\"og:description\" content=\"\u00a0580 mila euro il valore complessivo dell&#8217;intervento di restyling dell&#8217;infrastruttura Venezia, 2 dicembre 2019\u00a0 &#8211;\u00a0\u00a0E&#8217; stato riaperto al transito alle 17:00 di oggi il ponte di Santa Caterina, lungo la statale 51 &#8220;di Alemagna&#8221;, a Ponte nelle Alpi. L&#8217;infrastruttura, che collega il centro abitato di Ponte nelle Alpi con il Rione di Santa Caterina, sulla [&hellip;]\" \/>\n<meta property=\"og:url\" content=\"https:\/\/www.bellunopress.it\/fr\/2019\/12\/02\/riaperto-il-ponte-di-santa-caterina-a-ponte-nelle-alpi\/\" \/>\n<meta property=\"og:site_name\" content=\"Bellunopress - Dolomiti\" \/>\n<meta property=\"article:publisher\" content=\"https:\/\/www.facebook.com\/profile.php?id=100008943462799\" \/>\n<meta property=\"article:published_time\" content=\"2019-12-02T17:57:53+00:00\" \/>\n<meta property=\"article:modified_time\" content=\"2019-12-02T17:57:55+00:00\" \/>\n<meta property=\"og:image\" content=\"http:\/\/www.bellunopress.it\/wp-content\/uploads\/2019\/12\/ponte-santa-caterina-ponte-nelle-alpi.jpg\" \/>\n<meta name=\"author\" content=\"redazione\" \/>\n<meta name=\"twitter:card\" content=\"summary_large_image\" \/>\n<meta name=\"twitter:creator\" content=\"@bellunopress\" \/>\n<meta name=\"twitter:site\" content=\"@bellunopress\" \/>\n<meta name=\"twitter:label1\" content=\"\u00c9crit par\" \/>\n\t<meta name=\"twitter:data1\" content=\"redazione\" \/>\n\t<meta name=\"twitter:label2\" content=\"Dur\u00e9e de lecture estim\u00e9e\" \/>\n\t<meta name=\"twitter:data2\" content=\"1 minute\" \/>\n<script type=\"application\/ld+json\" class=\"yoast-schema-graph\">{\"@context\":\"https:\\\/\\\/schema.org\",\"@graph\":[{\"@type\":\"Article\",\"@id\":\"https:\\\/\\\/www.bellunopress.it\\\/2019\\\/12\\\/02\\\/riaperto-il-ponte-di-santa-caterina-a-ponte-nelle-alpi\\\/#article\",\"isPartOf\":{\"@id\":\"https:\\\/\\\/www.bellunopress.it\\\/2019\\\/12\\\/02\\\/riaperto-il-ponte-di-santa-caterina-a-ponte-nelle-alpi\\\/\"},\"author\":{\"name\":\"redazione\",\"@id\":\"https:\\\/\\\/www.bellunopress.it\\\/#\\\/schema\\\/person\\\/79bb06722b37ece1c03d3e94beb30d73\"},\"headline\":\"Riaperto il Ponte di Santa Caterina a Ponte nelle Alpi\",\"datePublished\":\"2019-12-02T17:57:53+00:00\",\"dateModified\":\"2019-12-02T17:57:55+00:00\",\"mainEntityOfPage\":{\"@id\":\"https:\\\/\\\/www.bellunopress.it\\\/2019\\\/12\\\/02\\\/riaperto-il-ponte-di-santa-caterina-a-ponte-nelle-alpi\\\/\"},\"wordCount\":241,\"publisher\":{\"@id\":\"https:\\\/\\\/www.bellunopress.it\\\/#organization\"},\"image\":{\"@id\":\"https:\\\/\\\/www.bellunopress.it\\\/2019\\\/12\\\/02\\\/riaperto-il-ponte-di-santa-caterina-a-ponte-nelle-alpi\\\/#primaryimage\"},\"thumbnailUrl\":\"http:\\\/\\\/www.bellunopress.it\\\/wp-content\\\/uploads\\\/2019\\\/12\\\/ponte-santa-caterina-ponte-nelle-alpi.jpg\",\"articleSection\":[\"Cronaca\\\/Politica\",\"Prima Pagina\"],\"inLanguage\":\"fr-FR\"},{\"@type\":\"WebPage\",\"@id\":\"https:\\\/\\\/www.bellunopress.it\\\/2019\\\/12\\\/02\\\/riaperto-il-ponte-di-santa-caterina-a-ponte-nelle-alpi\\\/\",\"url\":\"https:\\\/\\\/www.bellunopress.it\\\/2019\\\/12\\\/02\\\/riaperto-il-ponte-di-santa-caterina-a-ponte-nelle-alpi\\\/\",\"name\":\"Riaperto il Ponte di Santa Caterina a Ponte nelle Alpi - Bellunopress - Dolomiti\",\"isPartOf\":{\"@id\":\"https:\\\/\\\/www.bellunopress.it\\\/#website\"},\"primaryImageOfPage\":{\"@id\":\"https:\\\/\\\/www.bellunopress.it\\\/2019\\\/12\\\/02\\\/riaperto-il-ponte-di-santa-caterina-a-ponte-nelle-alpi\\\/#primaryimage\"},\"image\":{\"@id\":\"https:\\\/\\\/www.bellunopress.it\\\/2019\\\/12\\\/02\\\/riaperto-il-ponte-di-santa-caterina-a-ponte-nelle-alpi\\\/#primaryimage\"},\"thumbnailUrl\":\"http:\\\/\\\/www.bellunopress.it\\\/wp-content\\\/uploads\\\/2019\\\/12\\\/ponte-santa-caterina-ponte-nelle-alpi.jpg\",\"datePublished\":\"2019-12-02T17:57:53+00:00\",\"dateModified\":\"2019-12-02T17:57:55+00:00\",\"breadcrumb\":{\"@id\":\"https:\\\/\\\/www.bellunopress.it\\\/2019\\\/12\\\/02\\\/riaperto-il-ponte-di-santa-caterina-a-ponte-nelle-alpi\\\/#breadcrumb\"},\"inLanguage\":\"fr-FR\",\"potentialAction\":[{\"@type\":\"ReadAction\",\"target\":[\"https:\\\/\\\/www.bellunopress.it\\\/2019\\\/12\\\/02\\\/riaperto-il-ponte-di-santa-caterina-a-ponte-nelle-alpi\\\/\"]}]},{\"@type\":\"ImageObject\",\"inLanguage\":\"fr-FR\",\"@id\":\"https:\\\/\\\/www.bellunopress.it\\\/2019\\\/12\\\/02\\\/riaperto-il-ponte-di-santa-caterina-a-ponte-nelle-alpi\\\/#primaryimage\",\"url\":\"http:\\\/\\\/www.bellunopress.it\\\/wp-content\\\/uploads\\\/2019\\\/12\\\/ponte-santa-caterina-ponte-nelle-alpi.jpg\",\"contentUrl\":\"http:\\\/\\\/www.bellunopress.it\\\/wp-content\\\/uploads\\\/2019\\\/12\\\/ponte-santa-caterina-ponte-nelle-alpi.jpg\"},{\"@type\":\"BreadcrumbList\",\"@id\":\"https:\\\/\\\/www.bellunopress.it\\\/2019\\\/12\\\/02\\\/riaperto-il-ponte-di-santa-caterina-a-ponte-nelle-alpi\\\/#breadcrumb\",\"itemListElement\":[{\"@type\":\"ListItem\",\"position\":1,\"name\":\"Home\",\"item\":\"https:\\\/\\\/www.bellunopress.it\\\/\"},{\"@type\":\"ListItem\",\"position\":2,\"name\":\"Riaperto il Ponte di Santa Caterina a Ponte nelle Alpi\"}]},{\"@type\":\"WebSite\",\"@id\":\"https:\\\/\\\/www.bellunopress.it\\\/#website\",\"url\":\"https:\\\/\\\/www.bellunopress.it\\\/\",\"name\":\"Bellunopress - Dolomiti\",\"description\":\"e-mail: redazione@bellunopress.it\",\"publisher\":{\"@id\":\"https:\\\/\\\/www.bellunopress.it\\\/#organization\"},\"potentialAction\":[{\"@type\":\"SearchAction\",\"target\":{\"@type\":\"EntryPoint\",\"urlTemplate\":\"https:\\\/\\\/www.bellunopress.it\\\/?s={search_term_string}\"},\"query-input\":{\"@type\":\"PropertyValueSpecification\",\"valueRequired\":true,\"valueName\":\"search_term_string\"}}],\"inLanguage\":\"fr-FR\"},{\"@type\":\"Organization\",\"@id\":\"https:\\\/\\\/www.bellunopress.it\\\/#organization\",\"name\":\"Bellunopress\",\"url\":\"https:\\\/\\\/www.bellunopress.it\\\/\",\"logo\":{\"@type\":\"ImageObject\",\"inLanguage\":\"fr-FR\",\"@id\":\"https:\\\/\\\/www.bellunopress.it\\\/#\\\/schema\\\/logo\\\/image\\\/\",\"url\":\"https:\\\/\\\/www.bellunopress.it\\\/wp-content\\\/uploads\\\/2011\\\/05\\\/cropped-logo-bellunopress-.jpg\",\"contentUrl\":\"https:\\\/\\\/www.bellunopress.it\\\/wp-content\\\/uploads\\\/2011\\\/05\\\/cropped-logo-bellunopress-.jpg\",\"width\":512,\"height\":512,\"caption\":\"Bellunopress\"},\"image\":{\"@id\":\"https:\\\/\\\/www.bellunopress.it\\\/#\\\/schema\\\/logo\\\/image\\\/\"},\"sameAs\":[\"https:\\\/\\\/www.facebook.com\\\/profile.php?id=100008943462799\",\"https:\\\/\\\/x.com\\\/bellunopress\",\"https:\\\/\\\/www.linkedin.com\\\/hp\\\/?dnr=JBzUWaJfMUw8vbXJJ2tVW5-I3jZKvC4wsoxE&amp;amp;amp;amp;amp;amp;trk=nav_responsive_tab_home\",\"https:\\\/\\\/www.youtube.com\\\/channel\\\/UCxL0wu1uN0_3_7hGG0306cw\"]},{\"@type\":\"Person\",\"@id\":\"https:\\\/\\\/www.bellunopress.it\\\/#\\\/schema\\\/person\\\/79bb06722b37ece1c03d3e94beb30d73\",\"name\":\"redazione\",\"image\":{\"@type\":\"ImageObject\",\"inLanguage\":\"fr-FR\",\"@id\":\"https:\\\/\\\/secure.gravatar.com\\\/avatar\\\/37d968a2e67a6fd04c169c4bdef102d0bc5d31b2546345219e348575eb80e9a0?s=96&d=mm&r=g\",\"url\":\"https:\\\/\\\/secure.gravatar.com\\\/avatar\\\/37d968a2e67a6fd04c169c4bdef102d0bc5d31b2546345219e348575eb80e9a0?s=96&d=mm&r=g\",\"contentUrl\":\"https:\\\/\\\/secure.gravatar.com\\\/avatar\\\/37d968a2e67a6fd04c169c4bdef102d0bc5d31b2546345219e348575eb80e9a0?s=96&d=mm&r=g\",\"caption\":\"redazione\"},\"sameAs\":[\"http:\\\/\\\/www.bellunopress.it\",\"https:\\\/\\\/x.com\\\/bellunopress\"],\"url\":\"https:\\\/\\\/www.bellunopress.it\\\/fr\\\/author\\\/redazione\\\/\"}]}<\/script>\n<!-- \/ Yoast SEO plugin. -->","yoast_head_json":{"title":"Riaperto il Ponte di Santa Caterina a Ponte nelle Alpi - Bellunopress - Dolomiti","robots":{"index":"index","follow":"follow","max-snippet":"max-snippet:-1","max-image-preview":"max-image-preview:large","max-video-preview":"max-video-preview:-1"},"canonical":"https:\/\/www.bellunopress.it\/fr\/2019\/12\/02\/riaperto-il-ponte-di-santa-caterina-a-ponte-nelle-alpi\/","og_locale":"fr_FR","og_type":"article","og_title":"Riaperto il Ponte di Santa Caterina a Ponte nelle Alpi - Bellunopress - Dolomiti","og_description":"\u00a0580 mila euro il valore complessivo dell&#8217;intervento di restyling dell&#8217;infrastruttura Venezia, 2 dicembre 2019\u00a0 &#8211;\u00a0\u00a0E&#8217; stato riaperto al transito alle 17:00 di oggi il ponte di Santa Caterina, lungo la statale 51 &#8220;di Alemagna&#8221;, a Ponte nelle Alpi. L&#8217;infrastruttura, che collega il centro abitato di Ponte nelle Alpi con il Rione di Santa Caterina, sulla [&hellip;]","og_url":"https:\/\/www.bellunopress.it\/fr\/2019\/12\/02\/riaperto-il-ponte-di-santa-caterina-a-ponte-nelle-alpi\/","og_site_name":"Bellunopress - Dolomiti","article_publisher":"https:\/\/www.facebook.com\/profile.php?id=100008943462799","article_published_time":"2019-12-02T17:57:53+00:00","article_modified_time":"2019-12-02T17:57:55+00:00","og_image":[{"url":"http:\/\/www.bellunopress.it\/wp-content\/uploads\/2019\/12\/ponte-santa-caterina-ponte-nelle-alpi.jpg","type":"","width":"","height":""}],"author":"redazione","twitter_card":"summary_large_image","twitter_creator":"@bellunopress","twitter_site":"@bellunopress","twitter_misc":{"\u00c9crit par":"redazione","Dur\u00e9e de lecture estim\u00e9e":"1 minute"},"schema":{"@context":"https:\/\/schema.org","@graph":[{"@type":"Article","@id":"https:\/\/www.bellunopress.it\/2019\/12\/02\/riaperto-il-ponte-di-santa-caterina-a-ponte-nelle-alpi\/#article","isPartOf":{"@id":"https:\/\/www.bellunopress.it\/2019\/12\/02\/riaperto-il-ponte-di-santa-caterina-a-ponte-nelle-alpi\/"},"author":{"name":"redazione","@id":"https:\/\/www.bellunopress.it\/#\/schema\/person\/79bb06722b37ece1c03d3e94beb30d73"},"headline":"Riaperto il Ponte di Santa Caterina a Ponte nelle Alpi","datePublished":"2019-12-02T17:57:53+00:00","dateModified":"2019-12-02T17:57:55+00:00","mainEntityOfPage":{"@id":"https:\/\/www.bellunopress.it\/2019\/12\/02\/riaperto-il-ponte-di-santa-caterina-a-ponte-nelle-alpi\/"},"wordCount":241,"publisher":{"@id":"https:\/\/www.bellunopress.it\/#organization"},"image":{"@id":"https:\/\/www.bellunopress.it\/2019\/12\/02\/riaperto-il-ponte-di-santa-caterina-a-ponte-nelle-alpi\/#primaryimage"},"thumbnailUrl":"http:\/\/www.bellunopress.it\/wp-content\/uploads\/2019\/12\/ponte-santa-caterina-ponte-nelle-alpi.jpg","articleSection":["Cronaca\/Politica","Prima Pagina"],"inLanguage":"fr-FR"},{"@type":"WebPage","@id":"https:\/\/www.bellunopress.it\/2019\/12\/02\/riaperto-il-ponte-di-santa-caterina-a-ponte-nelle-alpi\/","url":"https:\/\/www.bellunopress.it\/2019\/12\/02\/riaperto-il-ponte-di-santa-caterina-a-ponte-nelle-alpi\/","name":"Riaperto il Ponte di Santa Caterina a Ponte nelle Alpi - Bellunopress - Dolomiti","isPartOf":{"@id":"https:\/\/www.bellunopress.it\/#website"},"primaryImageOfPage":{"@id":"https:\/\/www.bellunopress.it\/2019\/12\/02\/riaperto-il-ponte-di-santa-caterina-a-ponte-nelle-alpi\/#primaryimage"},"image":{"@id":"https:\/\/www.bellunopress.it\/2019\/12\/02\/riaperto-il-ponte-di-santa-caterina-a-ponte-nelle-alpi\/#primaryimage"},"thumbnailUrl":"http:\/\/www.bellunopress.it\/wp-content\/uploads\/2019\/12\/ponte-santa-caterina-ponte-nelle-alpi.jpg","datePublished":"2019-12-02T17:57:53+00:00","dateModified":"2019-12-02T17:57:55+00:00","breadcrumb":{"@id":"https:\/\/www.bellunopress.it\/2019\/12\/02\/riaperto-il-ponte-di-santa-caterina-a-ponte-nelle-alpi\/#breadcrumb"},"inLanguage":"fr-FR","potentialAction":[{"@type":"ReadAction","target":["https:\/\/www.bellunopress.it\/2019\/12\/02\/riaperto-il-ponte-di-santa-caterina-a-ponte-nelle-alpi\/"]}]},{"@type":"ImageObject","inLanguage":"fr-FR","@id":"https:\/\/www.bellunopress.it\/2019\/12\/02\/riaperto-il-ponte-di-santa-caterina-a-ponte-nelle-alpi\/#primaryimage","url":"http:\/\/www.bellunopress.it\/wp-content\/uploads\/2019\/12\/ponte-santa-caterina-ponte-nelle-alpi.jpg","contentUrl":"http:\/\/www.bellunopress.it\/wp-content\/uploads\/2019\/12\/ponte-santa-caterina-ponte-nelle-alpi.jpg"},{"@type":"BreadcrumbList","@id":"https:\/\/www.bellunopress.it\/2019\/12\/02\/riaperto-il-ponte-di-santa-caterina-a-ponte-nelle-alpi\/#breadcrumb","itemListElement":[{"@type":"ListItem","position":1,"name":"Home","item":"https:\/\/www.bellunopress.it\/"},{"@type":"ListItem","position":2,"name":"Riaperto il Ponte di Santa Caterina a Ponte nelle Alpi"}]},{"@type":"WebSite","@id":"https:\/\/www.bellunopress.it\/#website","url":"https:\/\/www.bellunopress.it\/","name":"Bellunopress - Dolomiti","description":"e-mail: redazione@bellunopress.it","publisher":{"@id":"https:\/\/www.bellunopress.it\/#organization"},"potentialAction":[{"@type":"SearchAction","target":{"@type":"EntryPoint","urlTemplate":"https:\/\/www.bellunopress.it\/?s={search_term_string}"},"query-input":{"@type":"PropertyValueSpecification","valueRequired":true,"valueName":"search_term_string"}}],"inLanguage":"fr-FR"},{"@type":"Organization","@id":"https:\/\/www.bellunopress.it\/#organization","name":"Bellunopress","url":"https:\/\/www.bellunopress.it\/","logo":{"@type":"ImageObject","inLanguage":"fr-FR","@id":"https:\/\/www.bellunopress.it\/#\/schema\/logo\/image\/","url":"https:\/\/www.bellunopress.it\/wp-content\/uploads\/2011\/05\/cropped-logo-bellunopress-.jpg","contentUrl":"https:\/\/www.bellunopress.it\/wp-content\/uploads\/2011\/05\/cropped-logo-bellunopress-.jpg","width":512,"height":512,"caption":"Bellunopress"},"image":{"@id":"https:\/\/www.bellunopress.it\/#\/schema\/logo\/image\/"},"sameAs":["https:\/\/www.facebook.com\/profile.php?id=100008943462799","https:\/\/x.com\/bellunopress","https:\/\/www.linkedin.com\/hp\/?dnr=JBzUWaJfMUw8vbXJJ2tVW5-I3jZKvC4wsoxE&amp;amp;amp;amp;amp;amp;trk=nav_responsive_tab_home","https:\/\/www.youtube.com\/channel\/UCxL0wu1uN0_3_7hGG0306cw"]},{"@type":"Person","@id":"https:\/\/www.bellunopress.it\/#\/schema\/person\/79bb06722b37ece1c03d3e94beb30d73","name":"r\u00e9daction","image":{"@type":"ImageObject","inLanguage":"fr-FR","@id":"https:\/\/secure.gravatar.com\/avatar\/37d968a2e67a6fd04c169c4bdef102d0bc5d31b2546345219e348575eb80e9a0?s=96&d=mm&r=g","url":"https:\/\/secure.gravatar.com\/avatar\/37d968a2e67a6fd04c169c4bdef102d0bc5d31b2546345219e348575eb80e9a0?s=96&d=mm&r=g","contentUrl":"https:\/\/secure.gravatar.com\/avatar\/37d968a2e67a6fd04c169c4bdef102d0bc5d31b2546345219e348575eb80e9a0?s=96&d=mm&r=g","caption":"redazione"},"sameAs":["http:\/\/www.bellunopress.it","https:\/\/x.com\/bellunopress"],"url":"https:\/\/www.bellunopress.it\/fr\/author\/redazione\/"}]}},"_links":{"self":[{"href":"https:\/\/www.bellunopress.it\/fr\/wp-json\/wp\/v2\/posts\/110104","targetHints":{"allow":["GET"]}}],"collection":[{"href":"https:\/\/www.bellunopress.it\/fr\/wp-json\/wp\/v2\/posts"}],"about":[{"href":"https:\/\/www.bellunopress.it\/fr\/wp-json\/wp\/v2\/types\/post"}],"author":[{"embeddable":true,"href":"https:\/\/www.bellunopress.it\/fr\/wp-json\/wp\/v2\/users\/2"}],"replies":[{"embeddable":true,"href":"https:\/\/www.bellunopress.it\/fr\/wp-json\/wp\/v2\/comments?post=110104"}],"version-history":[{"count":2,"href":"https:\/\/www.bellunopress.it\/fr\/wp-json\/wp\/v2\/posts\/110104\/revisions"}],"predecessor-version":[{"id":110107,"href":"https:\/\/www.bellunopress.it\/fr\/wp-json\/wp\/v2\/posts\/110104\/revisions\/110107"}],"wp:attachment":[{"href":"https:\/\/www.bellunopress.it\/fr\/wp-json\/wp\/v2\/media?parent=110104"}],"wp:term":[{"taxonomy":"category","embeddable":true,"href":"https:\/\/www.bellunopress.it\/fr\/wp-json\/wp\/v2\/categories?post=110104"},{"taxonomy":"post_tag","embeddable":true,"href":"https:\/\/www.bellunopress.it\/fr\/wp-json\/wp\/v2\/tags?post=110104"}],"curies":[{"name":"wp","href":"https:\/\/api.w.org\/{rel}","templated":true}]}}