{"id":110102,"date":"2019-12-02T16:38:35","date_gmt":"2019-12-02T15:38:35","guid":{"rendered":"http:\/\/www.bellunopress.it\/?p=110102"},"modified":"2019-12-02T16:38:35","modified_gmt":"2019-12-02T15:38:35","slug":"conclusi-i-corsi-di-formazione-per-i-volontari-della-protezione-civile","status":"publish","type":"post","link":"https:\/\/www.bellunopress.it\/fr\/2019\/12\/02\/conclusi-i-corsi-di-formazione-per-i-volontari-della-protezione-civile\/","title":{"rendered":"Conclusi i corsi di formazione per i volontari della protezione civile"},"content":{"rendered":"<figure id=\"attachment_101096\" aria-describedby=\"caption-attachment-101096\" style=\"width: 247px\" class=\"wp-caption alignleft\"><a href=\"http:\/\/www.bellunopress.it\/fr\/2019\/01\/11\/viabilita-in-valle-del-mis-massimo-bortoluzzi-il-ripristino-completo-a-partire-dalla-prossima-primavera\/massimo-bortoluzzi-consigliere-provinciale\/\" rel=\"attachment wp-att-101096\"><img loading=\"lazy\" decoding=\"async\" class=\"size-full wp-image-101096\" src=\"http:\/\/www.bellunopress.it\/wp-content\/uploads\/2019\/01\/Massimo-Bortoluzzi-consigliere-provinciale.jpg\" alt=\"\" width=\"247\" height=\"300\" \/><\/a><figcaption id=\"caption-attachment-101096\" class=\"wp-caption-text\">Massimo Bortoluzzi, consigliere provinciale<\/figcaption><\/figure>\n<p>Il territorio bellunese pu\u00f2 contare su 70 nuovi volontari di Protezione Civile. Si sono conclusi ieri i due corsi di formazione organizzati dalla Provincia a Belluno e ad Agordo, che hanno visto la partecipazione di volontari delle associazioni Ana Belluno, Radio Club Cime Bianche, Associazione Nazionale Carabinieri, Angiv, l\u2019associazione cinofila Avac, Radio Club Nucleo Operativo di Zoldo, Gruppi Com (Centro Operativo Misto) di Belluno, Alleghe, Colle Santa Lucia, Rivamonte, Voltago e La Valle Agordina.<\/p>\n<p>Durante il corso sono stati trattati in maniera dettagliata tutti gli argomenti necessari a svolgere in modo corretto ed efficiente i compiti in casi di emergenze: dalla normativa della Protezione Civile all\u2019organizzazione del sistema nazionale e regionale; dalle trasmissioni radio agli aspetti motivazionali del volontario, fino alla sicurezza negli ambienti di intervento.<\/p>\n<p>\u00abDiamo il benvenuto ai nuovi volontari e ringraziamo i docenti che si sono messi a disposizione per queste lezioni, dopo aver seguito a loro volta un impegnativo corso per formatori organizzato dalla Regione &#8211; afferma il consigliere provinciale delegato alla Protezione Civile, Massimo Bortoluzzi -. Il nostro territorio, cos\u00ec bello e fragile, ha bisogno di volontari per la gestione delle emergenze, lo abbiamo visto anche recentemente. Ma ha bisogno soprattutto che questi volontari siano preparati e ben addestrati\u00bb.<\/p>","protected":false},"excerpt":{"rendered":"<p>Il territorio bellunese pu\u00f2 contare su 70 nuovi volontari di Protezione Civile. Si sono conclusi ieri i due corsi di formazione organizzati dalla Provincia a Belluno e ad Agordo, che hanno visto la partecipazione di volontari delle associazioni Ana Belluno, Radio Club Cime Bianche, Associazione Nazionale Carabinieri, Angiv, l\u2019associazione cinofila Avac, Radio Club Nucleo Operativo [&hellip;]<\/p>\n","protected":false},"author":2,"featured_media":0,"comment_status":"closed","ping_status":"open","sticky":false,"template":"","format":"standard","meta":{"footnotes":""},"categories":[5,26],"tags":[],"class_list":["post-110102","post","type-post","status-publish","format-standard","category-cronaca","category-prima-pagina"],"yoast_head":"<!-- This site is optimized with the Yoast SEO plugin v28.4 - https:\/\/yoast.com\/product\/yoast-seo-wordpress\/ -->\n<title>Conclusi i corsi di formazione per i volontari della protezione civile - Bellunopress - Dolomiti<\/title>\n<meta name=\"robots\" content=\"index, follow, max-snippet:-1, max-image-preview:large, max-video-preview:-1\" \/>\n<link rel=\"canonical\" href=\"https:\/\/www.bellunopress.it\/fr\/2019\/12\/02\/conclusi-i-corsi-di-formazione-per-i-volontari-della-protezione-civile\/\" \/>\n<meta property=\"og:locale\" content=\"fr_FR\" \/>\n<meta property=\"og:type\" content=\"article\" \/>\n<meta property=\"og:title\" content=\"Conclusi i corsi di formazione per i volontari della protezione civile - Bellunopress - Dolomiti\" \/>\n<meta property=\"og:description\" content=\"Il territorio bellunese pu\u00f2 contare su 70 nuovi volontari di Protezione Civile. Si sono conclusi ieri i due corsi di formazione organizzati dalla Provincia a Belluno e ad Agordo, che hanno visto la partecipazione di volontari delle associazioni Ana Belluno, Radio Club Cime Bianche, Associazione Nazionale Carabinieri, Angiv, l\u2019associazione cinofila Avac, Radio Club Nucleo Operativo [&hellip;]\" \/>\n<meta property=\"og:url\" content=\"https:\/\/www.bellunopress.it\/fr\/2019\/12\/02\/conclusi-i-corsi-di-formazione-per-i-volontari-della-protezione-civile\/\" \/>\n<meta property=\"og:site_name\" content=\"Bellunopress - Dolomiti\" \/>\n<meta property=\"article:publisher\" content=\"https:\/\/www.facebook.com\/profile.php?id=100008943462799\" \/>\n<meta property=\"article:published_time\" content=\"2019-12-02T15:38:35+00:00\" \/>\n<meta property=\"og:image\" content=\"http:\/\/www.bellunopress.it\/wp-content\/uploads\/2019\/01\/Massimo-Bortoluzzi-consigliere-provinciale.jpg\" \/>\n<meta name=\"author\" content=\"redazione\" \/>\n<meta name=\"twitter:card\" content=\"summary_large_image\" \/>\n<meta name=\"twitter:creator\" content=\"@bellunopress\" \/>\n<meta name=\"twitter:site\" content=\"@bellunopress\" \/>\n<meta name=\"twitter:label1\" content=\"\u00c9crit par\" \/>\n\t<meta name=\"twitter:data1\" content=\"redazione\" \/>\n\t<meta name=\"twitter:label2\" content=\"Dur\u00e9e de lecture estim\u00e9e\" \/>\n\t<meta name=\"twitter:data2\" content=\"1 minute\" \/>\n<script type=\"application\/ld+json\" class=\"yoast-schema-graph\">{\"@context\":\"https:\\\/\\\/schema.org\",\"@graph\":[{\"@type\":\"Article\",\"@id\":\"https:\\\/\\\/www.bellunopress.it\\\/2019\\\/12\\\/02\\\/conclusi-i-corsi-di-formazione-per-i-volontari-della-protezione-civile\\\/#article\",\"isPartOf\":{\"@id\":\"https:\\\/\\\/www.bellunopress.it\\\/2019\\\/12\\\/02\\\/conclusi-i-corsi-di-formazione-per-i-volontari-della-protezione-civile\\\/\"},\"author\":{\"name\":\"redazione\",\"@id\":\"https:\\\/\\\/www.bellunopress.it\\\/#\\\/schema\\\/person\\\/79bb06722b37ece1c03d3e94beb30d73\"},\"headline\":\"Conclusi i corsi di formazione per i volontari della protezione civile\",\"datePublished\":\"2019-12-02T15:38:35+00:00\",\"mainEntityOfPage\":{\"@id\":\"https:\\\/\\\/www.bellunopress.it\\\/2019\\\/12\\\/02\\\/conclusi-i-corsi-di-formazione-per-i-volontari-della-protezione-civile\\\/\"},\"wordCount\":227,\"publisher\":{\"@id\":\"https:\\\/\\\/www.bellunopress.it\\\/#organization\"},\"image\":{\"@id\":\"https:\\\/\\\/www.bellunopress.it\\\/2019\\\/12\\\/02\\\/conclusi-i-corsi-di-formazione-per-i-volontari-della-protezione-civile\\\/#primaryimage\"},\"thumbnailUrl\":\"http:\\\/\\\/www.bellunopress.it\\\/wp-content\\\/uploads\\\/2019\\\/01\\\/Massimo-Bortoluzzi-consigliere-provinciale.jpg\",\"articleSection\":[\"Cronaca\\\/Politica\",\"Prima Pagina\"],\"inLanguage\":\"fr-FR\"},{\"@type\":\"WebPage\",\"@id\":\"https:\\\/\\\/www.bellunopress.it\\\/2019\\\/12\\\/02\\\/conclusi-i-corsi-di-formazione-per-i-volontari-della-protezione-civile\\\/\",\"url\":\"https:\\\/\\\/www.bellunopress.it\\\/2019\\\/12\\\/02\\\/conclusi-i-corsi-di-formazione-per-i-volontari-della-protezione-civile\\\/\",\"name\":\"Conclusi i corsi di formazione per i volontari della protezione civile - Bellunopress - Dolomiti\",\"isPartOf\":{\"@id\":\"https:\\\/\\\/www.bellunopress.it\\\/#website\"},\"primaryImageOfPage\":{\"@id\":\"https:\\\/\\\/www.bellunopress.it\\\/2019\\\/12\\\/02\\\/conclusi-i-corsi-di-formazione-per-i-volontari-della-protezione-civile\\\/#primaryimage\"},\"image\":{\"@id\":\"https:\\\/\\\/www.bellunopress.it\\\/2019\\\/12\\\/02\\\/conclusi-i-corsi-di-formazione-per-i-volontari-della-protezione-civile\\\/#primaryimage\"},\"thumbnailUrl\":\"http:\\\/\\\/www.bellunopress.it\\\/wp-content\\\/uploads\\\/2019\\\/01\\\/Massimo-Bortoluzzi-consigliere-provinciale.jpg\",\"datePublished\":\"2019-12-02T15:38:35+00:00\",\"breadcrumb\":{\"@id\":\"https:\\\/\\\/www.bellunopress.it\\\/2019\\\/12\\\/02\\\/conclusi-i-corsi-di-formazione-per-i-volontari-della-protezione-civile\\\/#breadcrumb\"},\"inLanguage\":\"fr-FR\",\"potentialAction\":[{\"@type\":\"ReadAction\",\"target\":[\"https:\\\/\\\/www.bellunopress.it\\\/2019\\\/12\\\/02\\\/conclusi-i-corsi-di-formazione-per-i-volontari-della-protezione-civile\\\/\"]}]},{\"@type\":\"ImageObject\",\"inLanguage\":\"fr-FR\",\"@id\":\"https:\\\/\\\/www.bellunopress.it\\\/2019\\\/12\\\/02\\\/conclusi-i-corsi-di-formazione-per-i-volontari-della-protezione-civile\\\/#primaryimage\",\"url\":\"http:\\\/\\\/www.bellunopress.it\\\/wp-content\\\/uploads\\\/2019\\\/01\\\/Massimo-Bortoluzzi-consigliere-provinciale.jpg\",\"contentUrl\":\"http:\\\/\\\/www.bellunopress.it\\\/wp-content\\\/uploads\\\/2019\\\/01\\\/Massimo-Bortoluzzi-consigliere-provinciale.jpg\"},{\"@type\":\"BreadcrumbList\",\"@id\":\"https:\\\/\\\/www.bellunopress.it\\\/2019\\\/12\\\/02\\\/conclusi-i-corsi-di-formazione-per-i-volontari-della-protezione-civile\\\/#breadcrumb\",\"itemListElement\":[{\"@type\":\"ListItem\",\"position\":1,\"name\":\"Home\",\"item\":\"https:\\\/\\\/www.bellunopress.it\\\/\"},{\"@type\":\"ListItem\",\"position\":2,\"name\":\"Conclusi i corsi di formazione per i volontari della protezione civile\"}]},{\"@type\":\"WebSite\",\"@id\":\"https:\\\/\\\/www.bellunopress.it\\\/#website\",\"url\":\"https:\\\/\\\/www.bellunopress.it\\\/\",\"name\":\"Bellunopress - Dolomiti\",\"description\":\"e-mail: redazione@bellunopress.it\",\"publisher\":{\"@id\":\"https:\\\/\\\/www.bellunopress.it\\\/#organization\"},\"potentialAction\":[{\"@type\":\"SearchAction\",\"target\":{\"@type\":\"EntryPoint\",\"urlTemplate\":\"https:\\\/\\\/www.bellunopress.it\\\/?s={search_term_string}\"},\"query-input\":{\"@type\":\"PropertyValueSpecification\",\"valueRequired\":true,\"valueName\":\"search_term_string\"}}],\"inLanguage\":\"fr-FR\"},{\"@type\":\"Organization\",\"@id\":\"https:\\\/\\\/www.bellunopress.it\\\/#organization\",\"name\":\"Bellunopress\",\"url\":\"https:\\\/\\\/www.bellunopress.it\\\/\",\"logo\":{\"@type\":\"ImageObject\",\"inLanguage\":\"fr-FR\",\"@id\":\"https:\\\/\\\/www.bellunopress.it\\\/#\\\/schema\\\/logo\\\/image\\\/\",\"url\":\"https:\\\/\\\/www.bellunopress.it\\\/wp-content\\\/uploads\\\/2011\\\/05\\\/cropped-logo-bellunopress-.jpg\",\"contentUrl\":\"https:\\\/\\\/www.bellunopress.it\\\/wp-content\\\/uploads\\\/2011\\\/05\\\/cropped-logo-bellunopress-.jpg\",\"width\":512,\"height\":512,\"caption\":\"Bellunopress\"},\"image\":{\"@id\":\"https:\\\/\\\/www.bellunopress.it\\\/#\\\/schema\\\/logo\\\/image\\\/\"},\"sameAs\":[\"https:\\\/\\\/www.facebook.com\\\/profile.php?id=100008943462799\",\"https:\\\/\\\/x.com\\\/bellunopress\",\"https:\\\/\\\/www.linkedin.com\\\/hp\\\/?dnr=JBzUWaJfMUw8vbXJJ2tVW5-I3jZKvC4wsoxE&amp;amp;amp;amp;amp;amp;trk=nav_responsive_tab_home\",\"https:\\\/\\\/www.youtube.com\\\/channel\\\/UCxL0wu1uN0_3_7hGG0306cw\"]},{\"@type\":\"Person\",\"@id\":\"https:\\\/\\\/www.bellunopress.it\\\/#\\\/schema\\\/person\\\/79bb06722b37ece1c03d3e94beb30d73\",\"name\":\"redazione\",\"image\":{\"@type\":\"ImageObject\",\"inLanguage\":\"fr-FR\",\"@id\":\"https:\\\/\\\/secure.gravatar.com\\\/avatar\\\/37d968a2e67a6fd04c169c4bdef102d0bc5d31b2546345219e348575eb80e9a0?s=96&d=mm&r=g\",\"url\":\"https:\\\/\\\/secure.gravatar.com\\\/avatar\\\/37d968a2e67a6fd04c169c4bdef102d0bc5d31b2546345219e348575eb80e9a0?s=96&d=mm&r=g\",\"contentUrl\":\"https:\\\/\\\/secure.gravatar.com\\\/avatar\\\/37d968a2e67a6fd04c169c4bdef102d0bc5d31b2546345219e348575eb80e9a0?s=96&d=mm&r=g\",\"caption\":\"redazione\"},\"sameAs\":[\"http:\\\/\\\/www.bellunopress.it\",\"https:\\\/\\\/x.com\\\/bellunopress\"],\"url\":\"https:\\\/\\\/www.bellunopress.it\\\/fr\\\/author\\\/redazione\\\/\"}]}<\/script>\n<!-- \/ Yoast SEO plugin. -->","yoast_head_json":{"title":"Conclusi i corsi di formazione per i volontari della protezione civile - Bellunopress - Dolomiti","robots":{"index":"index","follow":"follow","max-snippet":"max-snippet:-1","max-image-preview":"max-image-preview:large","max-video-preview":"max-video-preview:-1"},"canonical":"https:\/\/www.bellunopress.it\/fr\/2019\/12\/02\/conclusi-i-corsi-di-formazione-per-i-volontari-della-protezione-civile\/","og_locale":"fr_FR","og_type":"article","og_title":"Conclusi i corsi di formazione per i volontari della protezione civile - Bellunopress - Dolomiti","og_description":"Il territorio bellunese pu\u00f2 contare su 70 nuovi volontari di Protezione Civile. Si sono conclusi ieri i due corsi di formazione organizzati dalla Provincia a Belluno e ad Agordo, che hanno visto la partecipazione di volontari delle associazioni Ana Belluno, Radio Club Cime Bianche, Associazione Nazionale Carabinieri, Angiv, l\u2019associazione cinofila Avac, Radio Club Nucleo Operativo [&hellip;]","og_url":"https:\/\/www.bellunopress.it\/fr\/2019\/12\/02\/conclusi-i-corsi-di-formazione-per-i-volontari-della-protezione-civile\/","og_site_name":"Bellunopress - Dolomiti","article_publisher":"https:\/\/www.facebook.com\/profile.php?id=100008943462799","article_published_time":"2019-12-02T15:38:35+00:00","og_image":[{"url":"http:\/\/www.bellunopress.it\/wp-content\/uploads\/2019\/01\/Massimo-Bortoluzzi-consigliere-provinciale.jpg","type":"","width":"","height":""}],"author":"redazione","twitter_card":"summary_large_image","twitter_creator":"@bellunopress","twitter_site":"@bellunopress","twitter_misc":{"\u00c9crit par":"redazione","Dur\u00e9e de lecture estim\u00e9e":"1 minute"},"schema":{"@context":"https:\/\/schema.org","@graph":[{"@type":"Article","@id":"https:\/\/www.bellunopress.it\/2019\/12\/02\/conclusi-i-corsi-di-formazione-per-i-volontari-della-protezione-civile\/#article","isPartOf":{"@id":"https:\/\/www.bellunopress.it\/2019\/12\/02\/conclusi-i-corsi-di-formazione-per-i-volontari-della-protezione-civile\/"},"author":{"name":"redazione","@id":"https:\/\/www.bellunopress.it\/#\/schema\/person\/79bb06722b37ece1c03d3e94beb30d73"},"headline":"Conclusi i corsi di formazione per i volontari della protezione civile","datePublished":"2019-12-02T15:38:35+00:00","mainEntityOfPage":{"@id":"https:\/\/www.bellunopress.it\/2019\/12\/02\/conclusi-i-corsi-di-formazione-per-i-volontari-della-protezione-civile\/"},"wordCount":227,"publisher":{"@id":"https:\/\/www.bellunopress.it\/#organization"},"image":{"@id":"https:\/\/www.bellunopress.it\/2019\/12\/02\/conclusi-i-corsi-di-formazione-per-i-volontari-della-protezione-civile\/#primaryimage"},"thumbnailUrl":"http:\/\/www.bellunopress.it\/wp-content\/uploads\/2019\/01\/Massimo-Bortoluzzi-consigliere-provinciale.jpg","articleSection":["Cronaca\/Politica","Prima Pagina"],"inLanguage":"fr-FR"},{"@type":"WebPage","@id":"https:\/\/www.bellunopress.it\/2019\/12\/02\/conclusi-i-corsi-di-formazione-per-i-volontari-della-protezione-civile\/","url":"https:\/\/www.bellunopress.it\/2019\/12\/02\/conclusi-i-corsi-di-formazione-per-i-volontari-della-protezione-civile\/","name":"Conclusi i corsi di formazione per i volontari della protezione civile - Bellunopress - Dolomiti","isPartOf":{"@id":"https:\/\/www.bellunopress.it\/#website"},"primaryImageOfPage":{"@id":"https:\/\/www.bellunopress.it\/2019\/12\/02\/conclusi-i-corsi-di-formazione-per-i-volontari-della-protezione-civile\/#primaryimage"},"image":{"@id":"https:\/\/www.bellunopress.it\/2019\/12\/02\/conclusi-i-corsi-di-formazione-per-i-volontari-della-protezione-civile\/#primaryimage"},"thumbnailUrl":"http:\/\/www.bellunopress.it\/wp-content\/uploads\/2019\/01\/Massimo-Bortoluzzi-consigliere-provinciale.jpg","datePublished":"2019-12-02T15:38:35+00:00","breadcrumb":{"@id":"https:\/\/www.bellunopress.it\/2019\/12\/02\/conclusi-i-corsi-di-formazione-per-i-volontari-della-protezione-civile\/#breadcrumb"},"inLanguage":"fr-FR","potentialAction":[{"@type":"ReadAction","target":["https:\/\/www.bellunopress.it\/2019\/12\/02\/conclusi-i-corsi-di-formazione-per-i-volontari-della-protezione-civile\/"]}]},{"@type":"ImageObject","inLanguage":"fr-FR","@id":"https:\/\/www.bellunopress.it\/2019\/12\/02\/conclusi-i-corsi-di-formazione-per-i-volontari-della-protezione-civile\/#primaryimage","url":"http:\/\/www.bellunopress.it\/wp-content\/uploads\/2019\/01\/Massimo-Bortoluzzi-consigliere-provinciale.jpg","contentUrl":"http:\/\/www.bellunopress.it\/wp-content\/uploads\/2019\/01\/Massimo-Bortoluzzi-consigliere-provinciale.jpg"},{"@type":"BreadcrumbList","@id":"https:\/\/www.bellunopress.it\/2019\/12\/02\/conclusi-i-corsi-di-formazione-per-i-volontari-della-protezione-civile\/#breadcrumb","itemListElement":[{"@type":"ListItem","position":1,"name":"Home","item":"https:\/\/www.bellunopress.it\/"},{"@type":"ListItem","position":2,"name":"Conclusi i corsi di formazione per i volontari della protezione civile"}]},{"@type":"WebSite","@id":"https:\/\/www.bellunopress.it\/#website","url":"https:\/\/www.bellunopress.it\/","name":"Bellunopress - Dolomiti","description":"e-mail: redazione@bellunopress.it","publisher":{"@id":"https:\/\/www.bellunopress.it\/#organization"},"potentialAction":[{"@type":"SearchAction","target":{"@type":"EntryPoint","urlTemplate":"https:\/\/www.bellunopress.it\/?s={search_term_string}"},"query-input":{"@type":"PropertyValueSpecification","valueRequired":true,"valueName":"search_term_string"}}],"inLanguage":"fr-FR"},{"@type":"Organization","@id":"https:\/\/www.bellunopress.it\/#organization","name":"Bellunopress","url":"https:\/\/www.bellunopress.it\/","logo":{"@type":"ImageObject","inLanguage":"fr-FR","@id":"https:\/\/www.bellunopress.it\/#\/schema\/logo\/image\/","url":"https:\/\/www.bellunopress.it\/wp-content\/uploads\/2011\/05\/cropped-logo-bellunopress-.jpg","contentUrl":"https:\/\/www.bellunopress.it\/wp-content\/uploads\/2011\/05\/cropped-logo-bellunopress-.jpg","width":512,"height":512,"caption":"Bellunopress"},"image":{"@id":"https:\/\/www.bellunopress.it\/#\/schema\/logo\/image\/"},"sameAs":["https:\/\/www.facebook.com\/profile.php?id=100008943462799","https:\/\/x.com\/bellunopress","https:\/\/www.linkedin.com\/hp\/?dnr=JBzUWaJfMUw8vbXJJ2tVW5-I3jZKvC4wsoxE&amp;amp;amp;amp;amp;amp;trk=nav_responsive_tab_home","https:\/\/www.youtube.com\/channel\/UCxL0wu1uN0_3_7hGG0306cw"]},{"@type":"Person","@id":"https:\/\/www.bellunopress.it\/#\/schema\/person\/79bb06722b37ece1c03d3e94beb30d73","name":"r\u00e9daction","image":{"@type":"ImageObject","inLanguage":"fr-FR","@id":"https:\/\/secure.gravatar.com\/avatar\/37d968a2e67a6fd04c169c4bdef102d0bc5d31b2546345219e348575eb80e9a0?s=96&d=mm&r=g","url":"https:\/\/secure.gravatar.com\/avatar\/37d968a2e67a6fd04c169c4bdef102d0bc5d31b2546345219e348575eb80e9a0?s=96&d=mm&r=g","contentUrl":"https:\/\/secure.gravatar.com\/avatar\/37d968a2e67a6fd04c169c4bdef102d0bc5d31b2546345219e348575eb80e9a0?s=96&d=mm&r=g","caption":"redazione"},"sameAs":["http:\/\/www.bellunopress.it","https:\/\/x.com\/bellunopress"],"url":"https:\/\/www.bellunopress.it\/fr\/author\/redazione\/"}]}},"_links":{"self":[{"href":"https:\/\/www.bellunopress.it\/fr\/wp-json\/wp\/v2\/posts\/110102","targetHints":{"allow":["GET"]}}],"collection":[{"href":"https:\/\/www.bellunopress.it\/fr\/wp-json\/wp\/v2\/posts"}],"about":[{"href":"https:\/\/www.bellunopress.it\/fr\/wp-json\/wp\/v2\/types\/post"}],"author":[{"embeddable":true,"href":"https:\/\/www.bellunopress.it\/fr\/wp-json\/wp\/v2\/users\/2"}],"replies":[{"embeddable":true,"href":"https:\/\/www.bellunopress.it\/fr\/wp-json\/wp\/v2\/comments?post=110102"}],"version-history":[{"count":1,"href":"https:\/\/www.bellunopress.it\/fr\/wp-json\/wp\/v2\/posts\/110102\/revisions"}],"predecessor-version":[{"id":110103,"href":"https:\/\/www.bellunopress.it\/fr\/wp-json\/wp\/v2\/posts\/110102\/revisions\/110103"}],"wp:attachment":[{"href":"https:\/\/www.bellunopress.it\/fr\/wp-json\/wp\/v2\/media?parent=110102"}],"wp:term":[{"taxonomy":"category","embeddable":true,"href":"https:\/\/www.bellunopress.it\/fr\/wp-json\/wp\/v2\/categories?post=110102"},{"taxonomy":"post_tag","embeddable":true,"href":"https:\/\/www.bellunopress.it\/fr\/wp-json\/wp\/v2\/tags?post=110102"}],"curies":[{"name":"wp","href":"https:\/\/api.w.org\/{rel}","templated":true}]}}