{"id":110096,"date":"2019-12-02T13:30:58","date_gmt":"2019-12-02T12:30:58","guid":{"rendered":"http:\/\/www.bellunopress.it\/?p=110096"},"modified":"2019-12-02T13:30:58","modified_gmt":"2019-12-02T12:30:58","slug":"sacerdoti-suore-frati-monaci-non-autosufficienti-24-milioni-dalla-regione-alle-congregazioni-per-assistenza-a-confratelli","status":"publish","type":"post","link":"https:\/\/www.bellunopress.it\/fr\/2019\/12\/02\/sacerdoti-suore-frati-monaci-non-autosufficienti-24-milioni-dalla-regione-alle-congregazioni-per-assistenza-a-confratelli\/","title":{"rendered":"Sacerdoti, suore, frati, monaci non autosufficienti: 2,4 milioni dalla Regione alle congregazioni per assistenza a confratelli"},"content":{"rendered":"<figure id=\"attachment_75088\" aria-describedby=\"caption-attachment-75088\" style=\"width: 249px\" class=\"wp-caption alignleft\"><a href=\"http:\/\/www.bellunopress.it\/fr\/2016\/01\/31\/immigrati-rapporto-veneto-2015-aumentano-i-nuovi-cittadini-arrivi-in-flessione-lanzarin-preoccupano-i-flussi-profughi\/manuela-lanzarin-assessore\/\" rel=\"attachment wp-att-75088\"><img loading=\"lazy\" decoding=\"async\" class=\"size-full wp-image-75088\" src=\"http:\/\/www.bellunopress.it\/wp-content\/uploads\/2016\/01\/manuela-lanzarin-assessore.jpg\" alt=\"\" width=\"249\" height=\"309\" \/><\/a><figcaption id=\"caption-attachment-75088\" class=\"wp-caption-text\">Manuela Lanzarin assessore regionale<\/figcaption><\/figure>\n<p>Venezia, 2 dicembre 2019\u00a0 &#8211;\u00a0\u00a0La Regione Veneto conferma anche quest\u2019anno il contributo di 2,4 milioni di euro alle spese delle congregazioni religiose che si prendono cura dei propri religiosi anziani non pi\u00f9 autosufficienti. Nel 2018 in Veneto sono stati 1414 &#8211; tra sacerdoti, suore, frati e monaci \u2013 i religiosi assistiti da confratelli e consorelle nelle case delle rispettive congregazioni, per un totale di 441 mila giornate di effettiva presenza in struttura assistenziale.<\/p>\n<p>Nei giorni scorsi la giunta veneta ha provveduto a ripartire il budget 2018 tra le diverse Ulss in proporzionale al numero di strutture assistenziali e di religiosi assistiti. La provincia con il maggior numero di congregazioni e di case di accoglienza per religiosi anziani risulta essere Verona, con 20 istituti religiosi che assistono 522 religiosi non pi\u00f9 autosufficienti per un totale di oltre 164 mila giornate di assistenza nell\u2019anno: all\u2019Ulss 9 scaligera spettano pertanto quasi 900 mila euro di contributi regionali. Seguono, a distanza, la provincia di Treviso con 21 istituti che accolgono 212 religiosi anziani (373 mila euro il contributo regionale all\u2019Ulss 2), la provincia di Vicenza, con 250 religiosi assistiti dalle loro comunit\u00e0 (388 mila euro all\u2019Ulss 8 Berica) e la provincia di Padova, con 10 istituti religiosi che hanno assistito 173 confratelli o consorelle non autosufficienti (371 mila euro all\u2019Ulss 6 Euganea).<\/p>\n<p>\u201cSe dovessimo convertire questo carico assistenziale in servizi erogati dalle struttura pubbliche o del privato sociale, l\u2019onere per il bilancio regionale sarebbe molto pi\u00f9 consistente \u2013 premette l\u2019assessore al sociale Manuela Lanzarin \u2013 Il contributo regionale garantito al servizio assistenziale offerto dalle congregazioni nelle proprie sedi ai loro confratelli, consente, invece, alla Regione di erogare meno di un decimo della quota sanitaria pro capite normalmente erogata per gli ospiti non autosufficienti accolti in casa di riposo o in una strutture di lungodegenza\u201d.<\/p>\n<p>\u201cSostenere le comunit\u00e0 religiose che si fanno carico in autonomia, e con professionalit\u00e0 e dignit\u00e0, di assistere i propri confratelli \u2013 conclude l\u2019assessore &#8211; \u00e8 un dovere di civilt\u00e0 e di gratitudine verso persone che, nella loro vita attiva, hanno svolto un servizio prezioso alle persone e alle comunit\u00e0, ad alta valenza sociale, spesso proprio nei servizi sanitari e assistenziali, o in quelli educativi\u201d.<\/p>","protected":false},"excerpt":{"rendered":"<p>Venezia, 2 dicembre 2019\u00a0 &#8211;\u00a0\u00a0La Regione Veneto conferma anche quest\u2019anno il contributo di 2,4 milioni di euro alle spese delle congregazioni religiose che si prendono cura dei propri religiosi anziani non pi\u00f9 autosufficienti. Nel 2018 in Veneto sono stati 1414 &#8211; tra sacerdoti, suore, frati e monaci \u2013 i religiosi assistiti da confratelli e consorelle [&hellip;]<\/p>\n","protected":false},"author":2,"featured_media":0,"comment_status":"closed","ping_status":"open","sticky":false,"template":"","format":"standard","meta":{"footnotes":""},"categories":[5,26,17],"tags":[],"class_list":["post-110096","post","type-post","status-publish","format-standard","category-cronaca","category-prima-pagina","category-sanita"],"yoast_head":"<!-- This site is optimized with the Yoast SEO plugin v28.4 - https:\/\/yoast.com\/product\/yoast-seo-wordpress\/ -->\n<title>Sacerdoti, suore, frati, monaci non autosufficienti: 2,4 milioni dalla Regione alle congregazioni per assistenza a confratelli - Bellunopress - Dolomiti<\/title>\n<meta name=\"robots\" content=\"index, follow, max-snippet:-1, max-image-preview:large, max-video-preview:-1\" \/>\n<link rel=\"canonical\" href=\"https:\/\/www.bellunopress.it\/fr\/2019\/12\/02\/sacerdoti-suore-frati-monaci-non-autosufficienti-24-milioni-dalla-regione-alle-congregazioni-per-assistenza-a-confratelli\/\" \/>\n<meta property=\"og:locale\" content=\"fr_FR\" \/>\n<meta property=\"og:type\" content=\"article\" \/>\n<meta property=\"og:title\" content=\"Sacerdoti, suore, frati, monaci non autosufficienti: 2,4 milioni dalla Regione alle congregazioni per assistenza a confratelli - Bellunopress - Dolomiti\" \/>\n<meta property=\"og:description\" content=\"Venezia, 2 dicembre 2019\u00a0 &#8211;\u00a0\u00a0La Regione Veneto conferma anche quest\u2019anno il contributo di 2,4 milioni di euro alle spese delle congregazioni religiose che si prendono cura dei propri religiosi anziani non pi\u00f9 autosufficienti. Nel 2018 in Veneto sono stati 1414 &#8211; tra sacerdoti, suore, frati e monaci \u2013 i religiosi assistiti da confratelli e consorelle [&hellip;]\" \/>\n<meta property=\"og:url\" content=\"https:\/\/www.bellunopress.it\/fr\/2019\/12\/02\/sacerdoti-suore-frati-monaci-non-autosufficienti-24-milioni-dalla-regione-alle-congregazioni-per-assistenza-a-confratelli\/\" \/>\n<meta property=\"og:site_name\" content=\"Bellunopress - Dolomiti\" \/>\n<meta property=\"article:publisher\" content=\"https:\/\/www.facebook.com\/profile.php?id=100008943462799\" \/>\n<meta property=\"article:published_time\" content=\"2019-12-02T12:30:58+00:00\" \/>\n<meta property=\"og:image\" content=\"http:\/\/www.bellunopress.it\/wp-content\/uploads\/2016\/01\/manuela-lanzarin-assessore.jpg\" \/>\n<meta name=\"author\" content=\"redazione\" \/>\n<meta name=\"twitter:card\" content=\"summary_large_image\" \/>\n<meta name=\"twitter:creator\" content=\"@bellunopress\" \/>\n<meta name=\"twitter:site\" content=\"@bellunopress\" \/>\n<meta name=\"twitter:label1\" content=\"\u00c9crit par\" \/>\n\t<meta name=\"twitter:data1\" content=\"redazione\" \/>\n\t<meta name=\"twitter:label2\" content=\"Dur\u00e9e de lecture estim\u00e9e\" \/>\n\t<meta name=\"twitter:data2\" content=\"2 minutes\" \/>\n<script type=\"application\/ld+json\" class=\"yoast-schema-graph\">{\"@context\":\"https:\\\/\\\/schema.org\",\"@graph\":[{\"@type\":\"Article\",\"@id\":\"https:\\\/\\\/www.bellunopress.it\\\/2019\\\/12\\\/02\\\/sacerdoti-suore-frati-monaci-non-autosufficienti-24-milioni-dalla-regione-alle-congregazioni-per-assistenza-a-confratelli\\\/#article\",\"isPartOf\":{\"@id\":\"https:\\\/\\\/www.bellunopress.it\\\/2019\\\/12\\\/02\\\/sacerdoti-suore-frati-monaci-non-autosufficienti-24-milioni-dalla-regione-alle-congregazioni-per-assistenza-a-confratelli\\\/\"},\"author\":{\"name\":\"redazione\",\"@id\":\"https:\\\/\\\/www.bellunopress.it\\\/#\\\/schema\\\/person\\\/79bb06722b37ece1c03d3e94beb30d73\"},\"headline\":\"Sacerdoti, suore, frati, monaci non autosufficienti: 2,4 milioni dalla Regione alle congregazioni per assistenza a confratelli\",\"datePublished\":\"2019-12-02T12:30:58+00:00\",\"mainEntityOfPage\":{\"@id\":\"https:\\\/\\\/www.bellunopress.it\\\/2019\\\/12\\\/02\\\/sacerdoti-suore-frati-monaci-non-autosufficienti-24-milioni-dalla-regione-alle-congregazioni-per-assistenza-a-confratelli\\\/\"},\"wordCount\":372,\"publisher\":{\"@id\":\"https:\\\/\\\/www.bellunopress.it\\\/#organization\"},\"image\":{\"@id\":\"https:\\\/\\\/www.bellunopress.it\\\/2019\\\/12\\\/02\\\/sacerdoti-suore-frati-monaci-non-autosufficienti-24-milioni-dalla-regione-alle-congregazioni-per-assistenza-a-confratelli\\\/#primaryimage\"},\"thumbnailUrl\":\"http:\\\/\\\/www.bellunopress.it\\\/wp-content\\\/uploads\\\/2016\\\/01\\\/manuela-lanzarin-assessore.jpg\",\"articleSection\":[\"Cronaca\\\/Politica\",\"Prima Pagina\",\"Sanit\u00e0 Medicina\"],\"inLanguage\":\"fr-FR\"},{\"@type\":\"WebPage\",\"@id\":\"https:\\\/\\\/www.bellunopress.it\\\/2019\\\/12\\\/02\\\/sacerdoti-suore-frati-monaci-non-autosufficienti-24-milioni-dalla-regione-alle-congregazioni-per-assistenza-a-confratelli\\\/\",\"url\":\"https:\\\/\\\/www.bellunopress.it\\\/2019\\\/12\\\/02\\\/sacerdoti-suore-frati-monaci-non-autosufficienti-24-milioni-dalla-regione-alle-congregazioni-per-assistenza-a-confratelli\\\/\",\"name\":\"Sacerdoti, suore, frati, monaci non autosufficienti: 2,4 milioni dalla Regione alle congregazioni per assistenza a confratelli - Bellunopress - Dolomiti\",\"isPartOf\":{\"@id\":\"https:\\\/\\\/www.bellunopress.it\\\/#website\"},\"primaryImageOfPage\":{\"@id\":\"https:\\\/\\\/www.bellunopress.it\\\/2019\\\/12\\\/02\\\/sacerdoti-suore-frati-monaci-non-autosufficienti-24-milioni-dalla-regione-alle-congregazioni-per-assistenza-a-confratelli\\\/#primaryimage\"},\"image\":{\"@id\":\"https:\\\/\\\/www.bellunopress.it\\\/2019\\\/12\\\/02\\\/sacerdoti-suore-frati-monaci-non-autosufficienti-24-milioni-dalla-regione-alle-congregazioni-per-assistenza-a-confratelli\\\/#primaryimage\"},\"thumbnailUrl\":\"http:\\\/\\\/www.bellunopress.it\\\/wp-content\\\/uploads\\\/2016\\\/01\\\/manuela-lanzarin-assessore.jpg\",\"datePublished\":\"2019-12-02T12:30:58+00:00\",\"breadcrumb\":{\"@id\":\"https:\\\/\\\/www.bellunopress.it\\\/2019\\\/12\\\/02\\\/sacerdoti-suore-frati-monaci-non-autosufficienti-24-milioni-dalla-regione-alle-congregazioni-per-assistenza-a-confratelli\\\/#breadcrumb\"},\"inLanguage\":\"fr-FR\",\"potentialAction\":[{\"@type\":\"ReadAction\",\"target\":[\"https:\\\/\\\/www.bellunopress.it\\\/2019\\\/12\\\/02\\\/sacerdoti-suore-frati-monaci-non-autosufficienti-24-milioni-dalla-regione-alle-congregazioni-per-assistenza-a-confratelli\\\/\"]}]},{\"@type\":\"ImageObject\",\"inLanguage\":\"fr-FR\",\"@id\":\"https:\\\/\\\/www.bellunopress.it\\\/2019\\\/12\\\/02\\\/sacerdoti-suore-frati-monaci-non-autosufficienti-24-milioni-dalla-regione-alle-congregazioni-per-assistenza-a-confratelli\\\/#primaryimage\",\"url\":\"http:\\\/\\\/www.bellunopress.it\\\/wp-content\\\/uploads\\\/2016\\\/01\\\/manuela-lanzarin-assessore.jpg\",\"contentUrl\":\"http:\\\/\\\/www.bellunopress.it\\\/wp-content\\\/uploads\\\/2016\\\/01\\\/manuela-lanzarin-assessore.jpg\"},{\"@type\":\"BreadcrumbList\",\"@id\":\"https:\\\/\\\/www.bellunopress.it\\\/2019\\\/12\\\/02\\\/sacerdoti-suore-frati-monaci-non-autosufficienti-24-milioni-dalla-regione-alle-congregazioni-per-assistenza-a-confratelli\\\/#breadcrumb\",\"itemListElement\":[{\"@type\":\"ListItem\",\"position\":1,\"name\":\"Home\",\"item\":\"https:\\\/\\\/www.bellunopress.it\\\/\"},{\"@type\":\"ListItem\",\"position\":2,\"name\":\"Sacerdoti, suore, frati, monaci non autosufficienti: 2,4 milioni dalla Regione alle congregazioni per assistenza a confratelli\"}]},{\"@type\":\"WebSite\",\"@id\":\"https:\\\/\\\/www.bellunopress.it\\\/#website\",\"url\":\"https:\\\/\\\/www.bellunopress.it\\\/\",\"name\":\"Bellunopress - Dolomiti\",\"description\":\"e-mail: redazione@bellunopress.it\",\"publisher\":{\"@id\":\"https:\\\/\\\/www.bellunopress.it\\\/#organization\"},\"potentialAction\":[{\"@type\":\"SearchAction\",\"target\":{\"@type\":\"EntryPoint\",\"urlTemplate\":\"https:\\\/\\\/www.bellunopress.it\\\/?s={search_term_string}\"},\"query-input\":{\"@type\":\"PropertyValueSpecification\",\"valueRequired\":true,\"valueName\":\"search_term_string\"}}],\"inLanguage\":\"fr-FR\"},{\"@type\":\"Organization\",\"@id\":\"https:\\\/\\\/www.bellunopress.it\\\/#organization\",\"name\":\"Bellunopress\",\"url\":\"https:\\\/\\\/www.bellunopress.it\\\/\",\"logo\":{\"@type\":\"ImageObject\",\"inLanguage\":\"fr-FR\",\"@id\":\"https:\\\/\\\/www.bellunopress.it\\\/#\\\/schema\\\/logo\\\/image\\\/\",\"url\":\"https:\\\/\\\/www.bellunopress.it\\\/wp-content\\\/uploads\\\/2011\\\/05\\\/cropped-logo-bellunopress-.jpg\",\"contentUrl\":\"https:\\\/\\\/www.bellunopress.it\\\/wp-content\\\/uploads\\\/2011\\\/05\\\/cropped-logo-bellunopress-.jpg\",\"width\":512,\"height\":512,\"caption\":\"Bellunopress\"},\"image\":{\"@id\":\"https:\\\/\\\/www.bellunopress.it\\\/#\\\/schema\\\/logo\\\/image\\\/\"},\"sameAs\":[\"https:\\\/\\\/www.facebook.com\\\/profile.php?id=100008943462799\",\"https:\\\/\\\/x.com\\\/bellunopress\",\"https:\\\/\\\/www.linkedin.com\\\/hp\\\/?dnr=JBzUWaJfMUw8vbXJJ2tVW5-I3jZKvC4wsoxE&amp;amp;amp;amp;amp;amp;trk=nav_responsive_tab_home\",\"https:\\\/\\\/www.youtube.com\\\/channel\\\/UCxL0wu1uN0_3_7hGG0306cw\"]},{\"@type\":\"Person\",\"@id\":\"https:\\\/\\\/www.bellunopress.it\\\/#\\\/schema\\\/person\\\/79bb06722b37ece1c03d3e94beb30d73\",\"name\":\"redazione\",\"image\":{\"@type\":\"ImageObject\",\"inLanguage\":\"fr-FR\",\"@id\":\"https:\\\/\\\/secure.gravatar.com\\\/avatar\\\/37d968a2e67a6fd04c169c4bdef102d0bc5d31b2546345219e348575eb80e9a0?s=96&d=mm&r=g\",\"url\":\"https:\\\/\\\/secure.gravatar.com\\\/avatar\\\/37d968a2e67a6fd04c169c4bdef102d0bc5d31b2546345219e348575eb80e9a0?s=96&d=mm&r=g\",\"contentUrl\":\"https:\\\/\\\/secure.gravatar.com\\\/avatar\\\/37d968a2e67a6fd04c169c4bdef102d0bc5d31b2546345219e348575eb80e9a0?s=96&d=mm&r=g\",\"caption\":\"redazione\"},\"sameAs\":[\"http:\\\/\\\/www.bellunopress.it\",\"https:\\\/\\\/x.com\\\/bellunopress\"],\"url\":\"https:\\\/\\\/www.bellunopress.it\\\/fr\\\/author\\\/redazione\\\/\"}]}<\/script>\n<!-- \/ Yoast SEO plugin. -->","yoast_head_json":{"title":"Sacerdoti, suore, frati, monaci non autosufficienti: 2,4 milioni dalla Regione alle congregazioni per assistenza a confratelli - Bellunopress - Dolomiti","robots":{"index":"index","follow":"follow","max-snippet":"max-snippet:-1","max-image-preview":"max-image-preview:large","max-video-preview":"max-video-preview:-1"},"canonical":"https:\/\/www.bellunopress.it\/fr\/2019\/12\/02\/sacerdoti-suore-frati-monaci-non-autosufficienti-24-milioni-dalla-regione-alle-congregazioni-per-assistenza-a-confratelli\/","og_locale":"fr_FR","og_type":"article","og_title":"Sacerdoti, suore, frati, monaci non autosufficienti: 2,4 milioni dalla Regione alle congregazioni per assistenza a confratelli - Bellunopress - Dolomiti","og_description":"Venezia, 2 dicembre 2019\u00a0 &#8211;\u00a0\u00a0La Regione Veneto conferma anche quest\u2019anno il contributo di 2,4 milioni di euro alle spese delle congregazioni religiose che si prendono cura dei propri religiosi anziani non pi\u00f9 autosufficienti. Nel 2018 in Veneto sono stati 1414 &#8211; tra sacerdoti, suore, frati e monaci \u2013 i religiosi assistiti da confratelli e consorelle [&hellip;]","og_url":"https:\/\/www.bellunopress.it\/fr\/2019\/12\/02\/sacerdoti-suore-frati-monaci-non-autosufficienti-24-milioni-dalla-regione-alle-congregazioni-per-assistenza-a-confratelli\/","og_site_name":"Bellunopress - Dolomiti","article_publisher":"https:\/\/www.facebook.com\/profile.php?id=100008943462799","article_published_time":"2019-12-02T12:30:58+00:00","og_image":[{"url":"http:\/\/www.bellunopress.it\/wp-content\/uploads\/2016\/01\/manuela-lanzarin-assessore.jpg","type":"","width":"","height":""}],"author":"redazione","twitter_card":"summary_large_image","twitter_creator":"@bellunopress","twitter_site":"@bellunopress","twitter_misc":{"\u00c9crit par":"redazione","Dur\u00e9e de lecture estim\u00e9e":"2 minutes"},"schema":{"@context":"https:\/\/schema.org","@graph":[{"@type":"Article","@id":"https:\/\/www.bellunopress.it\/2019\/12\/02\/sacerdoti-suore-frati-monaci-non-autosufficienti-24-milioni-dalla-regione-alle-congregazioni-per-assistenza-a-confratelli\/#article","isPartOf":{"@id":"https:\/\/www.bellunopress.it\/2019\/12\/02\/sacerdoti-suore-frati-monaci-non-autosufficienti-24-milioni-dalla-regione-alle-congregazioni-per-assistenza-a-confratelli\/"},"author":{"name":"redazione","@id":"https:\/\/www.bellunopress.it\/#\/schema\/person\/79bb06722b37ece1c03d3e94beb30d73"},"headline":"Sacerdoti, suore, frati, monaci non autosufficienti: 2,4 milioni dalla Regione alle congregazioni per assistenza a confratelli","datePublished":"2019-12-02T12:30:58+00:00","mainEntityOfPage":{"@id":"https:\/\/www.bellunopress.it\/2019\/12\/02\/sacerdoti-suore-frati-monaci-non-autosufficienti-24-milioni-dalla-regione-alle-congregazioni-per-assistenza-a-confratelli\/"},"wordCount":372,"publisher":{"@id":"https:\/\/www.bellunopress.it\/#organization"},"image":{"@id":"https:\/\/www.bellunopress.it\/2019\/12\/02\/sacerdoti-suore-frati-monaci-non-autosufficienti-24-milioni-dalla-regione-alle-congregazioni-per-assistenza-a-confratelli\/#primaryimage"},"thumbnailUrl":"http:\/\/www.bellunopress.it\/wp-content\/uploads\/2016\/01\/manuela-lanzarin-assessore.jpg","articleSection":["Cronaca\/Politica","Prima Pagina","Sanit\u00e0 Medicina"],"inLanguage":"fr-FR"},{"@type":"WebPage","@id":"https:\/\/www.bellunopress.it\/2019\/12\/02\/sacerdoti-suore-frati-monaci-non-autosufficienti-24-milioni-dalla-regione-alle-congregazioni-per-assistenza-a-confratelli\/","url":"https:\/\/www.bellunopress.it\/2019\/12\/02\/sacerdoti-suore-frati-monaci-non-autosufficienti-24-milioni-dalla-regione-alle-congregazioni-per-assistenza-a-confratelli\/","name":"Sacerdoti, suore, frati, monaci non autosufficienti: 2,4 milioni dalla Regione alle congregazioni per assistenza a confratelli - Bellunopress - Dolomiti","isPartOf":{"@id":"https:\/\/www.bellunopress.it\/#website"},"primaryImageOfPage":{"@id":"https:\/\/www.bellunopress.it\/2019\/12\/02\/sacerdoti-suore-frati-monaci-non-autosufficienti-24-milioni-dalla-regione-alle-congregazioni-per-assistenza-a-confratelli\/#primaryimage"},"image":{"@id":"https:\/\/www.bellunopress.it\/2019\/12\/02\/sacerdoti-suore-frati-monaci-non-autosufficienti-24-milioni-dalla-regione-alle-congregazioni-per-assistenza-a-confratelli\/#primaryimage"},"thumbnailUrl":"http:\/\/www.bellunopress.it\/wp-content\/uploads\/2016\/01\/manuela-lanzarin-assessore.jpg","datePublished":"2019-12-02T12:30:58+00:00","breadcrumb":{"@id":"https:\/\/www.bellunopress.it\/2019\/12\/02\/sacerdoti-suore-frati-monaci-non-autosufficienti-24-milioni-dalla-regione-alle-congregazioni-per-assistenza-a-confratelli\/#breadcrumb"},"inLanguage":"fr-FR","potentialAction":[{"@type":"ReadAction","target":["https:\/\/www.bellunopress.it\/2019\/12\/02\/sacerdoti-suore-frati-monaci-non-autosufficienti-24-milioni-dalla-regione-alle-congregazioni-per-assistenza-a-confratelli\/"]}]},{"@type":"ImageObject","inLanguage":"fr-FR","@id":"https:\/\/www.bellunopress.it\/2019\/12\/02\/sacerdoti-suore-frati-monaci-non-autosufficienti-24-milioni-dalla-regione-alle-congregazioni-per-assistenza-a-confratelli\/#primaryimage","url":"http:\/\/www.bellunopress.it\/wp-content\/uploads\/2016\/01\/manuela-lanzarin-assessore.jpg","contentUrl":"http:\/\/www.bellunopress.it\/wp-content\/uploads\/2016\/01\/manuela-lanzarin-assessore.jpg"},{"@type":"BreadcrumbList","@id":"https:\/\/www.bellunopress.it\/2019\/12\/02\/sacerdoti-suore-frati-monaci-non-autosufficienti-24-milioni-dalla-regione-alle-congregazioni-per-assistenza-a-confratelli\/#breadcrumb","itemListElement":[{"@type":"ListItem","position":1,"name":"Home","item":"https:\/\/www.bellunopress.it\/"},{"@type":"ListItem","position":2,"name":"Sacerdoti, suore, frati, monaci non autosufficienti: 2,4 milioni dalla Regione alle congregazioni per assistenza a confratelli"}]},{"@type":"WebSite","@id":"https:\/\/www.bellunopress.it\/#website","url":"https:\/\/www.bellunopress.it\/","name":"Bellunopress - Dolomiti","description":"e-mail: redazione@bellunopress.it","publisher":{"@id":"https:\/\/www.bellunopress.it\/#organization"},"potentialAction":[{"@type":"SearchAction","target":{"@type":"EntryPoint","urlTemplate":"https:\/\/www.bellunopress.it\/?s={search_term_string}"},"query-input":{"@type":"PropertyValueSpecification","valueRequired":true,"valueName":"search_term_string"}}],"inLanguage":"fr-FR"},{"@type":"Organization","@id":"https:\/\/www.bellunopress.it\/#organization","name":"Bellunopress","url":"https:\/\/www.bellunopress.it\/","logo":{"@type":"ImageObject","inLanguage":"fr-FR","@id":"https:\/\/www.bellunopress.it\/#\/schema\/logo\/image\/","url":"https:\/\/www.bellunopress.it\/wp-content\/uploads\/2011\/05\/cropped-logo-bellunopress-.jpg","contentUrl":"https:\/\/www.bellunopress.it\/wp-content\/uploads\/2011\/05\/cropped-logo-bellunopress-.jpg","width":512,"height":512,"caption":"Bellunopress"},"image":{"@id":"https:\/\/www.bellunopress.it\/#\/schema\/logo\/image\/"},"sameAs":["https:\/\/www.facebook.com\/profile.php?id=100008943462799","https:\/\/x.com\/bellunopress","https:\/\/www.linkedin.com\/hp\/?dnr=JBzUWaJfMUw8vbXJJ2tVW5-I3jZKvC4wsoxE&amp;amp;amp;amp;amp;amp;trk=nav_responsive_tab_home","https:\/\/www.youtube.com\/channel\/UCxL0wu1uN0_3_7hGG0306cw"]},{"@type":"Person","@id":"https:\/\/www.bellunopress.it\/#\/schema\/person\/79bb06722b37ece1c03d3e94beb30d73","name":"r\u00e9daction","image":{"@type":"ImageObject","inLanguage":"fr-FR","@id":"https:\/\/secure.gravatar.com\/avatar\/37d968a2e67a6fd04c169c4bdef102d0bc5d31b2546345219e348575eb80e9a0?s=96&d=mm&r=g","url":"https:\/\/secure.gravatar.com\/avatar\/37d968a2e67a6fd04c169c4bdef102d0bc5d31b2546345219e348575eb80e9a0?s=96&d=mm&r=g","contentUrl":"https:\/\/secure.gravatar.com\/avatar\/37d968a2e67a6fd04c169c4bdef102d0bc5d31b2546345219e348575eb80e9a0?s=96&d=mm&r=g","caption":"redazione"},"sameAs":["http:\/\/www.bellunopress.it","https:\/\/x.com\/bellunopress"],"url":"https:\/\/www.bellunopress.it\/fr\/author\/redazione\/"}]}},"_links":{"self":[{"href":"https:\/\/www.bellunopress.it\/fr\/wp-json\/wp\/v2\/posts\/110096","targetHints":{"allow":["GET"]}}],"collection":[{"href":"https:\/\/www.bellunopress.it\/fr\/wp-json\/wp\/v2\/posts"}],"about":[{"href":"https:\/\/www.bellunopress.it\/fr\/wp-json\/wp\/v2\/types\/post"}],"author":[{"embeddable":true,"href":"https:\/\/www.bellunopress.it\/fr\/wp-json\/wp\/v2\/users\/2"}],"replies":[{"embeddable":true,"href":"https:\/\/www.bellunopress.it\/fr\/wp-json\/wp\/v2\/comments?post=110096"}],"version-history":[{"count":1,"href":"https:\/\/www.bellunopress.it\/fr\/wp-json\/wp\/v2\/posts\/110096\/revisions"}],"predecessor-version":[{"id":110097,"href":"https:\/\/www.bellunopress.it\/fr\/wp-json\/wp\/v2\/posts\/110096\/revisions\/110097"}],"wp:attachment":[{"href":"https:\/\/www.bellunopress.it\/fr\/wp-json\/wp\/v2\/media?parent=110096"}],"wp:term":[{"taxonomy":"category","embeddable":true,"href":"https:\/\/www.bellunopress.it\/fr\/wp-json\/wp\/v2\/categories?post=110096"},{"taxonomy":"post_tag","embeddable":true,"href":"https:\/\/www.bellunopress.it\/fr\/wp-json\/wp\/v2\/tags?post=110096"}],"curies":[{"name":"wp","href":"https:\/\/api.w.org\/{rel}","templated":true}]}}