{"id":110090,"date":"2019-12-02T11:20:56","date_gmt":"2019-12-02T10:20:56","guid":{"rendered":"http:\/\/www.bellunopress.it\/?p=110090"},"modified":"2019-12-04T10:04:10","modified_gmt":"2019-12-04T09:04:10","slug":"natale-2019-prosecco-solidale-le-manzane-per-la-sla","status":"publish","type":"post","link":"https:\/\/www.bellunopress.it\/fr\/2019\/12\/02\/natale-2019-prosecco-solidale-le-manzane-per-la-sla\/","title":{"rendered":"Natale 2019, Prosecco Solidale: Le Manzane per la Sla"},"content":{"rendered":"<p><em>La cantina di S. Pietro di Feletto (TV) presenta per le festivit\u00e0 il nuovo Conegliano Valdobbiadene Docg Prosecco Superiore Extra Dry Limited Edition. Parte dei proventi a sostegno della onlus Revert<\/em><\/p>\n<figure id=\"attachment_97369\" aria-describedby=\"caption-attachment-97369\" style=\"width: 300px\" class=\"wp-caption alignleft\"><a href=\"http:\/\/www.bellunopress.it\/fr\/2018\/08\/23\/vendemmia-solidale-le-manzane-per-sammy-basso-con-la-partecipazione-straordinaria-della-prosecco-cycling-ledizione-2018-a-favore-dellassociazione-italiana-progeria-sammy-basso-onlu\/le-manzane-famiglia-balbinot\/\" rel=\"attachment wp-att-97369\"><img loading=\"lazy\" decoding=\"async\" class=\"size-full wp-image-97369\" src=\"http:\/\/www.bellunopress.it\/wp-content\/uploads\/2018\/08\/Le-Manzane-famiglia-Balbinot.jpg\" alt=\"\" width=\"300\" height=\"263\" \/><\/a><figcaption id=\"caption-attachment-97369\" class=\"wp-caption-text\">La famiglia Balbinot &#8211; Le Manzane<\/figcaption><\/figure>\n<p>Un&#8217;idea-regalo che riscalda il cuore e sostiene una buona causa, da mettere sotto l\u2019albero a Natale o da stappare con parenti e amici durante le Festivit\u00e0: la cantina Le Manzane presenta il Prosecco Solidale 2019. Il nuovo Conegliano Valdobbiadene Docg Prosecco Superiore Extra Dry Limited Edition \u00e8 frutto della vendemmia benefica dello scorso 8 settembre tra i filari di Glera della tenuta di San Pietro di Feletto (TV). Parte dei proventi, infatti, serviranno ad aiutare la ricerca sulla sclerosi laterale amiotrofica dell\u2019Associazione Revert, grazie ad un progetto sviluppato in collaborazione con l\u2019impresa sociale Edipo Re.<\/p>\n<p>Le bottiglie, impreziosite da un bindello dedicato alla onlus e da un\u2019etichetta in Braille, vengono commercializzate per il Natale 2019 nel formato da 0,75 litri e sono acquistabili nelle enoteche e nei negozi specializzati, al Wine Shop \u201cPaperCigno\u201d della cantina Le Manzane e su ordinazione telefonando allo 0438 486606 o scrivendo a info@lemanzane.it. E\u2019 prevista la spedizione per un minimo di 6 bottiglie. Consigliata la prenotazione.<\/p>\n<p>Ma tante sono le proposte per un brindisi in compagnia a Natale e a Capodanno o per un pensiero speciale da fare a chi si ama: dalle confezioni regalo ai formati speciali. Nel punto vendita della tenuta di San Pietro di Feletto sono disponibili, oltre al Prosecco Superiore e alle altre referenze della cantina Le Manzane, anche \u201cI vini degli Amici di Ernesto\u201d, una scelta di etichette provenienti dalle principali regioni vitivinicole italiane e altri prodotti tipici selezionati.<\/p>\n<p>INDIRIZZO E ORARI DI APERTURA &#8211; Il Wine Shop \u201cPapercigno\u201d si trova a San Pietro di Feletto (Treviso) in via Maset, 47\/b lungo la strada provinciale 635 tra Conegliano e Tarzo. Durante le festivit\u00e0, fino al 6 gennaio, il punto vendita della cantina \u00e8 aperto dal luned\u00ec al venerd\u00ec dalle 8.00 alle 12.00 e dalle 13.30 alle 18.30, il sabato dalle 8.00 alle 12.00 e dalle 14.00 alle 18.00 e la domenica dalle 9.00 alle 12.00. Chiuso il 25 e 26 dicembre. Degustazioni guidate per gruppi su prenotazione.<\/p>\n<p>Le Manzane \u00e8 un\u2019azienda, a conduzione familiare, fortemente radicata nel territorio trevigiano come produttrice da pi\u00f9 di 30 anni. Distribuisce sia in Italia che all\u2019estero raggiungendo 34 Paesi. L\u2019export rappresenta attualmente il 65% del fatturato aziendale.<\/p>\n<p>CONEGLIANO VALDOBBIADENE PROSECCO SUPERIORE DOCG &#8211; EXTRA DRY<\/p>\n<p>Gradazione alcolica: 11,50%<\/p>\n<p>Variet\u00e0 delle uve: Glera atto a dare Prosecco Conegliano Valdobbiadene Docg 100%<\/p>\n<p>Zona di produzione: colline moreniche delle Prealpi Trevigiane tra Conegliano e Valdobbiadene<\/p>\n<p>Vendemmia: raccolta manuale da fine agosto ad inizio settembre<\/p>\n<p>Caratteristiche organolettiche ed abbinamenti consigliati: colore paglierino brillante ravvivato dal perlage, profumo fruttato con sfumature floreali. Da aperitivo per eccellenza, si abbina anche con i primi piatti leggeri, minestre e frutti di mare, formaggi freschi e carni bianche. Servire a 7-9 \u00b0C.<\/p>\n<p>&nbsp;<\/p>","protected":false},"excerpt":{"rendered":"<p>La cantina di S. Pietro di Feletto (TV) presenta per le festivit\u00e0 il nuovo Conegliano Valdobbiadene Docg Prosecco Superiore Extra Dry Limited Edition. Parte dei proventi a sostegno della onlus Revert Un&#8217;idea-regalo che riscalda il cuore e sostiene una buona causa, da mettere sotto l\u2019albero a Natale o da stappare con parenti e amici durante [&hellip;]<\/p>\n","protected":false},"author":2,"featured_media":0,"comment_status":"closed","ping_status":"open","sticky":false,"template":"","format":"standard","meta":{"footnotes":""},"categories":[27,3393],"tags":[],"class_list":["post-110090","post","type-post","status-publish","format-standard","category-appuntamenti","category-eventi-enogastronomici"],"yoast_head":"<!-- This site is optimized with the Yoast SEO plugin v28.4 - https:\/\/yoast.com\/product\/yoast-seo-wordpress\/ -->\n<title>Natale 2019, Prosecco Solidale: Le Manzane per la Sla - Bellunopress - Dolomiti<\/title>\n<meta name=\"robots\" content=\"index, follow, max-snippet:-1, max-image-preview:large, max-video-preview:-1\" \/>\n<link rel=\"canonical\" href=\"https:\/\/www.bellunopress.it\/fr\/2019\/12\/02\/natale-2019-prosecco-solidale-le-manzane-per-la-sla\/\" \/>\n<meta property=\"og:locale\" content=\"fr_FR\" \/>\n<meta property=\"og:type\" content=\"article\" \/>\n<meta property=\"og:title\" content=\"Natale 2019, Prosecco Solidale: Le Manzane per la Sla - Bellunopress - Dolomiti\" \/>\n<meta property=\"og:description\" content=\"La cantina di S. Pietro di Feletto (TV) presenta per le festivit\u00e0 il nuovo Conegliano Valdobbiadene Docg Prosecco Superiore Extra Dry Limited Edition. Parte dei proventi a sostegno della onlus Revert Un&#8217;idea-regalo che riscalda il cuore e sostiene una buona causa, da mettere sotto l\u2019albero a Natale o da stappare con parenti e amici durante [&hellip;]\" \/>\n<meta property=\"og:url\" content=\"https:\/\/www.bellunopress.it\/fr\/2019\/12\/02\/natale-2019-prosecco-solidale-le-manzane-per-la-sla\/\" \/>\n<meta property=\"og:site_name\" content=\"Bellunopress - Dolomiti\" \/>\n<meta property=\"article:publisher\" content=\"https:\/\/www.facebook.com\/profile.php?id=100008943462799\" \/>\n<meta property=\"article:published_time\" content=\"2019-12-02T10:20:56+00:00\" \/>\n<meta property=\"article:modified_time\" content=\"2019-12-04T09:04:10+00:00\" \/>\n<meta property=\"og:image\" content=\"http:\/\/www.bellunopress.it\/wp-content\/uploads\/2018\/08\/Le-Manzane-famiglia-Balbinot.jpg\" \/>\n<meta name=\"author\" content=\"redazione\" \/>\n<meta name=\"twitter:card\" content=\"summary_large_image\" \/>\n<meta name=\"twitter:creator\" content=\"@bellunopress\" \/>\n<meta name=\"twitter:site\" content=\"@bellunopress\" \/>\n<meta name=\"twitter:label1\" content=\"Written by\" \/>\n\t<meta name=\"twitter:data1\" content=\"redazione\" \/>\n\t<meta name=\"twitter:label2\" content=\"Est. reading time\" \/>\n\t<meta name=\"twitter:data2\" content=\"2 minutes\" \/>\n<script type=\"application\/ld+json\" class=\"yoast-schema-graph\">{\"@context\":\"https:\\\/\\\/schema.org\",\"@graph\":[{\"@type\":\"Article\",\"@id\":\"https:\\\/\\\/www.bellunopress.it\\\/2019\\\/12\\\/02\\\/natale-2019-prosecco-solidale-le-manzane-per-la-sla\\\/#article\",\"isPartOf\":{\"@id\":\"https:\\\/\\\/www.bellunopress.it\\\/2019\\\/12\\\/02\\\/natale-2019-prosecco-solidale-le-manzane-per-la-sla\\\/\"},\"author\":{\"name\":\"redazione\",\"@id\":\"https:\\\/\\\/www.bellunopress.it\\\/#\\\/schema\\\/person\\\/79bb06722b37ece1c03d3e94beb30d73\"},\"headline\":\"Natale 2019, Prosecco Solidale: Le Manzane per la Sla\",\"datePublished\":\"2019-12-02T10:20:56+00:00\",\"dateModified\":\"2019-12-04T09:04:10+00:00\",\"mainEntityOfPage\":{\"@id\":\"https:\\\/\\\/www.bellunopress.it\\\/2019\\\/12\\\/02\\\/natale-2019-prosecco-solidale-le-manzane-per-la-sla\\\/\"},\"wordCount\":483,\"publisher\":{\"@id\":\"https:\\\/\\\/www.bellunopress.it\\\/#organization\"},\"image\":{\"@id\":\"https:\\\/\\\/www.bellunopress.it\\\/2019\\\/12\\\/02\\\/natale-2019-prosecco-solidale-le-manzane-per-la-sla\\\/#primaryimage\"},\"thumbnailUrl\":\"http:\\\/\\\/www.bellunopress.it\\\/wp-content\\\/uploads\\\/2018\\\/08\\\/Le-Manzane-famiglia-Balbinot.jpg\",\"articleSection\":[\"Appuntamenti, Eventi\",\"Eventi enogastronomici\"],\"inLanguage\":\"fr-FR\"},{\"@type\":\"WebPage\",\"@id\":\"https:\\\/\\\/www.bellunopress.it\\\/2019\\\/12\\\/02\\\/natale-2019-prosecco-solidale-le-manzane-per-la-sla\\\/\",\"url\":\"https:\\\/\\\/www.bellunopress.it\\\/2019\\\/12\\\/02\\\/natale-2019-prosecco-solidale-le-manzane-per-la-sla\\\/\",\"name\":\"Natale 2019, Prosecco Solidale: Le Manzane per la Sla - Bellunopress - Dolomiti\",\"isPartOf\":{\"@id\":\"https:\\\/\\\/www.bellunopress.it\\\/#website\"},\"primaryImageOfPage\":{\"@id\":\"https:\\\/\\\/www.bellunopress.it\\\/2019\\\/12\\\/02\\\/natale-2019-prosecco-solidale-le-manzane-per-la-sla\\\/#primaryimage\"},\"image\":{\"@id\":\"https:\\\/\\\/www.bellunopress.it\\\/2019\\\/12\\\/02\\\/natale-2019-prosecco-solidale-le-manzane-per-la-sla\\\/#primaryimage\"},\"thumbnailUrl\":\"http:\\\/\\\/www.bellunopress.it\\\/wp-content\\\/uploads\\\/2018\\\/08\\\/Le-Manzane-famiglia-Balbinot.jpg\",\"datePublished\":\"2019-12-02T10:20:56+00:00\",\"dateModified\":\"2019-12-04T09:04:10+00:00\",\"breadcrumb\":{\"@id\":\"https:\\\/\\\/www.bellunopress.it\\\/2019\\\/12\\\/02\\\/natale-2019-prosecco-solidale-le-manzane-per-la-sla\\\/#breadcrumb\"},\"inLanguage\":\"fr-FR\",\"potentialAction\":[{\"@type\":\"ReadAction\",\"target\":[\"https:\\\/\\\/www.bellunopress.it\\\/2019\\\/12\\\/02\\\/natale-2019-prosecco-solidale-le-manzane-per-la-sla\\\/\"]}]},{\"@type\":\"ImageObject\",\"inLanguage\":\"fr-FR\",\"@id\":\"https:\\\/\\\/www.bellunopress.it\\\/2019\\\/12\\\/02\\\/natale-2019-prosecco-solidale-le-manzane-per-la-sla\\\/#primaryimage\",\"url\":\"http:\\\/\\\/www.bellunopress.it\\\/wp-content\\\/uploads\\\/2018\\\/08\\\/Le-Manzane-famiglia-Balbinot.jpg\",\"contentUrl\":\"http:\\\/\\\/www.bellunopress.it\\\/wp-content\\\/uploads\\\/2018\\\/08\\\/Le-Manzane-famiglia-Balbinot.jpg\"},{\"@type\":\"BreadcrumbList\",\"@id\":\"https:\\\/\\\/www.bellunopress.it\\\/2019\\\/12\\\/02\\\/natale-2019-prosecco-solidale-le-manzane-per-la-sla\\\/#breadcrumb\",\"itemListElement\":[{\"@type\":\"ListItem\",\"position\":1,\"name\":\"Home\",\"item\":\"https:\\\/\\\/www.bellunopress.it\\\/\"},{\"@type\":\"ListItem\",\"position\":2,\"name\":\"Natale 2019, Prosecco Solidale: Le Manzane per la Sla\"}]},{\"@type\":\"WebSite\",\"@id\":\"https:\\\/\\\/www.bellunopress.it\\\/#website\",\"url\":\"https:\\\/\\\/www.bellunopress.it\\\/\",\"name\":\"Bellunopress - Dolomiti\",\"description\":\"e-mail: redazione@bellunopress.it\",\"publisher\":{\"@id\":\"https:\\\/\\\/www.bellunopress.it\\\/#organization\"},\"potentialAction\":[{\"@type\":\"SearchAction\",\"target\":{\"@type\":\"EntryPoint\",\"urlTemplate\":\"https:\\\/\\\/www.bellunopress.it\\\/?s={search_term_string}\"},\"query-input\":{\"@type\":\"PropertyValueSpecification\",\"valueRequired\":true,\"valueName\":\"search_term_string\"}}],\"inLanguage\":\"fr-FR\"},{\"@type\":\"Organization\",\"@id\":\"https:\\\/\\\/www.bellunopress.it\\\/#organization\",\"name\":\"Bellunopress\",\"url\":\"https:\\\/\\\/www.bellunopress.it\\\/\",\"logo\":{\"@type\":\"ImageObject\",\"inLanguage\":\"fr-FR\",\"@id\":\"https:\\\/\\\/www.bellunopress.it\\\/#\\\/schema\\\/logo\\\/image\\\/\",\"url\":\"https:\\\/\\\/www.bellunopress.it\\\/wp-content\\\/uploads\\\/2011\\\/05\\\/cropped-logo-bellunopress-.jpg\",\"contentUrl\":\"https:\\\/\\\/www.bellunopress.it\\\/wp-content\\\/uploads\\\/2011\\\/05\\\/cropped-logo-bellunopress-.jpg\",\"width\":512,\"height\":512,\"caption\":\"Bellunopress\"},\"image\":{\"@id\":\"https:\\\/\\\/www.bellunopress.it\\\/#\\\/schema\\\/logo\\\/image\\\/\"},\"sameAs\":[\"https:\\\/\\\/www.facebook.com\\\/profile.php?id=100008943462799\",\"https:\\\/\\\/x.com\\\/bellunopress\",\"https:\\\/\\\/www.linkedin.com\\\/hp\\\/?dnr=JBzUWaJfMUw8vbXJJ2tVW5-I3jZKvC4wsoxE&amp;amp;amp;amp;amp;amp;trk=nav_responsive_tab_home\",\"https:\\\/\\\/www.youtube.com\\\/channel\\\/UCxL0wu1uN0_3_7hGG0306cw\"]},{\"@type\":\"Person\",\"@id\":\"https:\\\/\\\/www.bellunopress.it\\\/#\\\/schema\\\/person\\\/79bb06722b37ece1c03d3e94beb30d73\",\"name\":\"redazione\",\"image\":{\"@type\":\"ImageObject\",\"inLanguage\":\"fr-FR\",\"@id\":\"https:\\\/\\\/secure.gravatar.com\\\/avatar\\\/37d968a2e67a6fd04c169c4bdef102d0bc5d31b2546345219e348575eb80e9a0?s=96&d=mm&r=g\",\"url\":\"https:\\\/\\\/secure.gravatar.com\\\/avatar\\\/37d968a2e67a6fd04c169c4bdef102d0bc5d31b2546345219e348575eb80e9a0?s=96&d=mm&r=g\",\"contentUrl\":\"https:\\\/\\\/secure.gravatar.com\\\/avatar\\\/37d968a2e67a6fd04c169c4bdef102d0bc5d31b2546345219e348575eb80e9a0?s=96&d=mm&r=g\",\"caption\":\"redazione\"},\"sameAs\":[\"http:\\\/\\\/www.bellunopress.it\",\"https:\\\/\\\/x.com\\\/bellunopress\"],\"url\":\"https:\\\/\\\/www.bellunopress.it\\\/fr\\\/author\\\/redazione\\\/\"}]}<\/script>\n<!-- \/ Yoast SEO plugin. -->","yoast_head_json":{"title":"Natale 2019, Prosecco Solidale: Le Manzane per la Sla - Bellunopress - Dolomiti","robots":{"index":"index","follow":"follow","max-snippet":"max-snippet:-1","max-image-preview":"max-image-preview:large","max-video-preview":"max-video-preview:-1"},"canonical":"https:\/\/www.bellunopress.it\/fr\/2019\/12\/02\/natale-2019-prosecco-solidale-le-manzane-per-la-sla\/","og_locale":"fr_FR","og_type":"article","og_title":"Natale 2019, Prosecco Solidale: Le Manzane per la Sla - Bellunopress - Dolomiti","og_description":"La cantina di S. Pietro di Feletto (TV) presenta per le festivit\u00e0 il nuovo Conegliano Valdobbiadene Docg Prosecco Superiore Extra Dry Limited Edition. Parte dei proventi a sostegno della onlus Revert Un&#8217;idea-regalo che riscalda il cuore e sostiene una buona causa, da mettere sotto l\u2019albero a Natale o da stappare con parenti e amici durante [&hellip;]","og_url":"https:\/\/www.bellunopress.it\/fr\/2019\/12\/02\/natale-2019-prosecco-solidale-le-manzane-per-la-sla\/","og_site_name":"Bellunopress - Dolomiti","article_publisher":"https:\/\/www.facebook.com\/profile.php?id=100008943462799","article_published_time":"2019-12-02T10:20:56+00:00","article_modified_time":"2019-12-04T09:04:10+00:00","og_image":[{"url":"http:\/\/www.bellunopress.it\/wp-content\/uploads\/2018\/08\/Le-Manzane-famiglia-Balbinot.jpg","type":"","width":"","height":""}],"author":"redazione","twitter_card":"summary_large_image","twitter_creator":"@bellunopress","twitter_site":"@bellunopress","twitter_misc":{"Written by":"redazione","Est. reading time":"2 minutes"},"schema":{"@context":"https:\/\/schema.org","@graph":[{"@type":"Article","@id":"https:\/\/www.bellunopress.it\/2019\/12\/02\/natale-2019-prosecco-solidale-le-manzane-per-la-sla\/#article","isPartOf":{"@id":"https:\/\/www.bellunopress.it\/2019\/12\/02\/natale-2019-prosecco-solidale-le-manzane-per-la-sla\/"},"author":{"name":"redazione","@id":"https:\/\/www.bellunopress.it\/#\/schema\/person\/79bb06722b37ece1c03d3e94beb30d73"},"headline":"Natale 2019, Prosecco Solidale: Le Manzane per la Sla","datePublished":"2019-12-02T10:20:56+00:00","dateModified":"2019-12-04T09:04:10+00:00","mainEntityOfPage":{"@id":"https:\/\/www.bellunopress.it\/2019\/12\/02\/natale-2019-prosecco-solidale-le-manzane-per-la-sla\/"},"wordCount":483,"publisher":{"@id":"https:\/\/www.bellunopress.it\/#organization"},"image":{"@id":"https:\/\/www.bellunopress.it\/2019\/12\/02\/natale-2019-prosecco-solidale-le-manzane-per-la-sla\/#primaryimage"},"thumbnailUrl":"http:\/\/www.bellunopress.it\/wp-content\/uploads\/2018\/08\/Le-Manzane-famiglia-Balbinot.jpg","articleSection":["Appuntamenti, Eventi","Eventi enogastronomici"],"inLanguage":"fr-FR"},{"@type":"WebPage","@id":"https:\/\/www.bellunopress.it\/2019\/12\/02\/natale-2019-prosecco-solidale-le-manzane-per-la-sla\/","url":"https:\/\/www.bellunopress.it\/2019\/12\/02\/natale-2019-prosecco-solidale-le-manzane-per-la-sla\/","name":"Natale 2019, Prosecco Solidale: Le Manzane per la Sla - Bellunopress - Dolomiti","isPartOf":{"@id":"https:\/\/www.bellunopress.it\/#website"},"primaryImageOfPage":{"@id":"https:\/\/www.bellunopress.it\/2019\/12\/02\/natale-2019-prosecco-solidale-le-manzane-per-la-sla\/#primaryimage"},"image":{"@id":"https:\/\/www.bellunopress.it\/2019\/12\/02\/natale-2019-prosecco-solidale-le-manzane-per-la-sla\/#primaryimage"},"thumbnailUrl":"http:\/\/www.bellunopress.it\/wp-content\/uploads\/2018\/08\/Le-Manzane-famiglia-Balbinot.jpg","datePublished":"2019-12-02T10:20:56+00:00","dateModified":"2019-12-04T09:04:10+00:00","breadcrumb":{"@id":"https:\/\/www.bellunopress.it\/2019\/12\/02\/natale-2019-prosecco-solidale-le-manzane-per-la-sla\/#breadcrumb"},"inLanguage":"fr-FR","potentialAction":[{"@type":"ReadAction","target":["https:\/\/www.bellunopress.it\/2019\/12\/02\/natale-2019-prosecco-solidale-le-manzane-per-la-sla\/"]}]},{"@type":"ImageObject","inLanguage":"fr-FR","@id":"https:\/\/www.bellunopress.it\/2019\/12\/02\/natale-2019-prosecco-solidale-le-manzane-per-la-sla\/#primaryimage","url":"http:\/\/www.bellunopress.it\/wp-content\/uploads\/2018\/08\/Le-Manzane-famiglia-Balbinot.jpg","contentUrl":"http:\/\/www.bellunopress.it\/wp-content\/uploads\/2018\/08\/Le-Manzane-famiglia-Balbinot.jpg"},{"@type":"BreadcrumbList","@id":"https:\/\/www.bellunopress.it\/2019\/12\/02\/natale-2019-prosecco-solidale-le-manzane-per-la-sla\/#breadcrumb","itemListElement":[{"@type":"ListItem","position":1,"name":"Home","item":"https:\/\/www.bellunopress.it\/"},{"@type":"ListItem","position":2,"name":"Natale 2019, Prosecco Solidale: Le Manzane per la Sla"}]},{"@type":"WebSite","@id":"https:\/\/www.bellunopress.it\/#website","url":"https:\/\/www.bellunopress.it\/","name":"Bellunopress - Dolomiti","description":"e-mail: redazione@bellunopress.it","publisher":{"@id":"https:\/\/www.bellunopress.it\/#organization"},"potentialAction":[{"@type":"SearchAction","target":{"@type":"EntryPoint","urlTemplate":"https:\/\/www.bellunopress.it\/?s={search_term_string}"},"query-input":{"@type":"PropertyValueSpecification","valueRequired":true,"valueName":"search_term_string"}}],"inLanguage":"fr-FR"},{"@type":"Organization","@id":"https:\/\/www.bellunopress.it\/#organization","name":"Bellunopress","url":"https:\/\/www.bellunopress.it\/","logo":{"@type":"ImageObject","inLanguage":"fr-FR","@id":"https:\/\/www.bellunopress.it\/#\/schema\/logo\/image\/","url":"https:\/\/www.bellunopress.it\/wp-content\/uploads\/2011\/05\/cropped-logo-bellunopress-.jpg","contentUrl":"https:\/\/www.bellunopress.it\/wp-content\/uploads\/2011\/05\/cropped-logo-bellunopress-.jpg","width":512,"height":512,"caption":"Bellunopress"},"image":{"@id":"https:\/\/www.bellunopress.it\/#\/schema\/logo\/image\/"},"sameAs":["https:\/\/www.facebook.com\/profile.php?id=100008943462799","https:\/\/x.com\/bellunopress","https:\/\/www.linkedin.com\/hp\/?dnr=JBzUWaJfMUw8vbXJJ2tVW5-I3jZKvC4wsoxE&amp;amp;amp;amp;amp;amp;trk=nav_responsive_tab_home","https:\/\/www.youtube.com\/channel\/UCxL0wu1uN0_3_7hGG0306cw"]},{"@type":"Person","@id":"https:\/\/www.bellunopress.it\/#\/schema\/person\/79bb06722b37ece1c03d3e94beb30d73","name":"r\u00e9daction","image":{"@type":"ImageObject","inLanguage":"fr-FR","@id":"https:\/\/secure.gravatar.com\/avatar\/37d968a2e67a6fd04c169c4bdef102d0bc5d31b2546345219e348575eb80e9a0?s=96&d=mm&r=g","url":"https:\/\/secure.gravatar.com\/avatar\/37d968a2e67a6fd04c169c4bdef102d0bc5d31b2546345219e348575eb80e9a0?s=96&d=mm&r=g","contentUrl":"https:\/\/secure.gravatar.com\/avatar\/37d968a2e67a6fd04c169c4bdef102d0bc5d31b2546345219e348575eb80e9a0?s=96&d=mm&r=g","caption":"redazione"},"sameAs":["http:\/\/www.bellunopress.it","https:\/\/x.com\/bellunopress"],"url":"https:\/\/www.bellunopress.it\/fr\/author\/redazione\/"}]}},"_links":{"self":[{"href":"https:\/\/www.bellunopress.it\/fr\/wp-json\/wp\/v2\/posts\/110090","targetHints":{"allow":["GET"]}}],"collection":[{"href":"https:\/\/www.bellunopress.it\/fr\/wp-json\/wp\/v2\/posts"}],"about":[{"href":"https:\/\/www.bellunopress.it\/fr\/wp-json\/wp\/v2\/types\/post"}],"author":[{"embeddable":true,"href":"https:\/\/www.bellunopress.it\/fr\/wp-json\/wp\/v2\/users\/2"}],"replies":[{"embeddable":true,"href":"https:\/\/www.bellunopress.it\/fr\/wp-json\/wp\/v2\/comments?post=110090"}],"version-history":[{"count":1,"href":"https:\/\/www.bellunopress.it\/fr\/wp-json\/wp\/v2\/posts\/110090\/revisions"}],"predecessor-version":[{"id":110091,"href":"https:\/\/www.bellunopress.it\/fr\/wp-json\/wp\/v2\/posts\/110090\/revisions\/110091"}],"wp:attachment":[{"href":"https:\/\/www.bellunopress.it\/fr\/wp-json\/wp\/v2\/media?parent=110090"}],"wp:term":[{"taxonomy":"category","embeddable":true,"href":"https:\/\/www.bellunopress.it\/fr\/wp-json\/wp\/v2\/categories?post=110090"},{"taxonomy":"post_tag","embeddable":true,"href":"https:\/\/www.bellunopress.it\/fr\/wp-json\/wp\/v2\/tags?post=110090"}],"curies":[{"name":"wp","href":"https:\/\/api.w.org\/{rel}","templated":true}]}}