{"id":110080,"date":"2019-12-01T14:37:53","date_gmt":"2019-12-01T13:37:53","guid":{"rendered":"http:\/\/www.bellunopress.it\/?p=110080"},"modified":"2019-12-02T11:22:35","modified_gmt":"2019-12-02T10:22:35","slug":"rivalita-e-conflitti-in-medio-oriente-e-corno-dafica-a-liberal-belluno-sabato-al-centro-giovanni-23mo-con-relatori-federico-donelli-e-alessandro-grossato","status":"publish","type":"post","link":"https:\/\/www.bellunopress.it\/fr\/2019\/12\/01\/rivalita-e-conflitti-in-medio-oriente-e-corno-dafica-a-liberal-belluno-sabato-al-centro-giovanni-23mo-con-relatori-federico-donelli-e-alessandro-grossato\/","title":{"rendered":"Rivalit\u00e0 e conflitti in Medio Oriente e Corno d&#8217;Africa. A Liberal Belluno, sabato al Centro Giovanni 23mo con relatori Federico Donelli e Alessandro Grossato"},"content":{"rendered":"<p>Sabato 7 dicembre 2019 alle ore 17.30 in sala Teatro del Centro Congressi Giovanni 23mo di Belluno in piazza Piloni, ai Grandi incontri di Liberal Belluno, si parla di rivalit\u00e0 e conflitti, di Medio Oriente e di Corno d&#8217;Africa.<\/p>\n<p><a href=\"http:\/\/www.bellunopress.it\/fr\/2015\/01\/19\/sabato-a-belluno-davide-giacalone-presenta-senza-paura-per-non-perdere-il-bello-di-un-mondo-migliore-intervista-allautore\/liberal-belluno\/\" rel=\"attachment wp-att-65534\"><img loading=\"lazy\" decoding=\"async\" class=\"alignleft size-full wp-image-65534\" src=\"http:\/\/www.bellunopress.it\/wp-content\/uploads\/2015\/01\/liberal-belluno.jpg\" alt=\"\" width=\"200\" height=\"50\" \/><\/a><\/p>\n<p>&nbsp;<\/p>\n<p>&nbsp;<\/p>\n<p>Relatori della serata:<\/p>\n<ul>\n<li>Federico Donelli, ricercatore e docente Dipartimento di Scienze Politiche Universit\u00e0 di Genova e al Center for Modern Turkish Studies della Sehir University di Istanbul<\/li>\n<li>Alessandro Grossato, geopolitico, orientalista e storico delle religioni<\/li>\n<\/ul>\n<p>Il Corno d&#8217; Africa \u00e8 la regione pi\u00f9 povera del continente, &#8230; I livelli del prodotto procapite, l&#8217;aspettativa di vita e l&#8217;alfabetizzazione sono tra i pi\u00f9 bassi al mondo, mentre rimane invariato il triste primato per ci\u00f2 che concerne i tassi di mortalit\u00e0 sia infantile sia adulta. Il Corno \u00e8 anche la regione con il numero di conflitti pi\u00f9 elevato al mondo, molti dei quali sono allo stesso tempo intra e interstatali. &#8230; Non da ultimo, all&#8217;indomani dell&#8217; 11 settembre, il Corno \u00e8 diventato contemporaneamente &#8220;incubatore&#8221; e &#8220;rifugio&#8221; delle principali organizzazioni terroristiche internazionali. &#8230;<\/p>\n<p>da &#8221; Le due sponde del Mar Rosso &#8211; la politica estera degli Stati mediorientali nel Corno d&#8217; Africa &#8221; di Federico Donelli.<\/p>\n<p>L&#8217;eveto \u00e8 organizzato dall&#8217;Associazione Liberal Belluno, presieduta da Rosalba Schenal.<\/p>\n<p>&nbsp;<\/p>","protected":false},"excerpt":{"rendered":"<p>Sabato 7 dicembre 2019 alle ore 17.30 in sala Teatro del Centro Congressi Giovanni 23mo di Belluno in piazza Piloni, ai Grandi incontri di Liberal Belluno, si parla di rivalit\u00e0 e conflitti, di Medio Oriente e di Corno d&#8217;Africa. &nbsp; &nbsp; Relatori della serata: Federico Donelli, ricercatore e docente Dipartimento di Scienze Politiche Universit\u00e0 di [&hellip;]<\/p>\n","protected":false},"author":2,"featured_media":0,"comment_status":"closed","ping_status":"open","sticky":false,"template":"","format":"standard","meta":{"footnotes":""},"categories":[27,3,25],"tags":[],"class_list":["post-110080","post","type-post","status-publish","format-standard","category-appuntamenti","category-arte-cultura-spettacoli-scienza-archivi","category-pausa-caffe"],"yoast_head":"<!-- This site is optimized with the Yoast SEO plugin v28.4 - https:\/\/yoast.com\/product\/yoast-seo-wordpress\/ -->\n<title>Rivalit\u00e0 e conflitti in Medio Oriente e Corno d&#039;Africa. A Liberal Belluno, sabato al Centro Giovanni 23mo con relatori Federico Donelli e Alessandro Grossato - Bellunopress - Dolomiti<\/title>\n<meta name=\"robots\" content=\"index, follow, max-snippet:-1, max-image-preview:large, max-video-preview:-1\" \/>\n<link rel=\"canonical\" href=\"https:\/\/www.bellunopress.it\/fr\/2019\/12\/01\/rivalita-e-conflitti-in-medio-oriente-e-corno-dafica-a-liberal-belluno-sabato-al-centro-giovanni-23mo-con-relatori-federico-donelli-e-alessandro-grossato\/\" \/>\n<meta property=\"og:locale\" content=\"fr_FR\" \/>\n<meta property=\"og:type\" content=\"article\" \/>\n<meta property=\"og:title\" content=\"Rivalit\u00e0 e conflitti in Medio Oriente e Corno d&#039;Africa. A Liberal Belluno, sabato al Centro Giovanni 23mo con relatori Federico Donelli e Alessandro Grossato - Bellunopress - Dolomiti\" \/>\n<meta property=\"og:description\" content=\"Sabato 7 dicembre 2019 alle ore 17.30 in sala Teatro del Centro Congressi Giovanni 23mo di Belluno in piazza Piloni, ai Grandi incontri di Liberal Belluno, si parla di rivalit\u00e0 e conflitti, di Medio Oriente e di Corno d&#8217;Africa. &nbsp; &nbsp; Relatori della serata: Federico Donelli, ricercatore e docente Dipartimento di Scienze Politiche Universit\u00e0 di [&hellip;]\" \/>\n<meta property=\"og:url\" content=\"https:\/\/www.bellunopress.it\/fr\/2019\/12\/01\/rivalita-e-conflitti-in-medio-oriente-e-corno-dafica-a-liberal-belluno-sabato-al-centro-giovanni-23mo-con-relatori-federico-donelli-e-alessandro-grossato\/\" \/>\n<meta property=\"og:site_name\" content=\"Bellunopress - Dolomiti\" \/>\n<meta property=\"article:publisher\" content=\"https:\/\/www.facebook.com\/profile.php?id=100008943462799\" \/>\n<meta property=\"article:published_time\" content=\"2019-12-01T13:37:53+00:00\" \/>\n<meta property=\"article:modified_time\" content=\"2019-12-02T10:22:35+00:00\" \/>\n<meta property=\"og:image\" content=\"http:\/\/www.bellunopress.it\/wp-content\/uploads\/2015\/01\/liberal-belluno.jpg\" \/>\n<meta name=\"author\" content=\"redazione\" \/>\n<meta name=\"twitter:card\" content=\"summary_large_image\" \/>\n<meta name=\"twitter:creator\" content=\"@bellunopress\" \/>\n<meta name=\"twitter:site\" content=\"@bellunopress\" \/>\n<meta name=\"twitter:label1\" content=\"\u00c9crit par\" \/>\n\t<meta name=\"twitter:data1\" content=\"redazione\" \/>\n\t<meta name=\"twitter:label2\" content=\"Dur\u00e9e de lecture estim\u00e9e\" \/>\n\t<meta name=\"twitter:data2\" content=\"1 minute\" \/>\n<script type=\"application\/ld+json\" class=\"yoast-schema-graph\">{\"@context\":\"https:\\\/\\\/schema.org\",\"@graph\":[{\"@type\":\"Article\",\"@id\":\"https:\\\/\\\/www.bellunopress.it\\\/2019\\\/12\\\/01\\\/rivalita-e-conflitti-in-medio-oriente-e-corno-dafica-a-liberal-belluno-sabato-al-centro-giovanni-23mo-con-relatori-federico-donelli-e-alessandro-grossato\\\/#article\",\"isPartOf\":{\"@id\":\"https:\\\/\\\/www.bellunopress.it\\\/2019\\\/12\\\/01\\\/rivalita-e-conflitti-in-medio-oriente-e-corno-dafica-a-liberal-belluno-sabato-al-centro-giovanni-23mo-con-relatori-federico-donelli-e-alessandro-grossato\\\/\"},\"author\":{\"name\":\"redazione\",\"@id\":\"https:\\\/\\\/www.bellunopress.it\\\/#\\\/schema\\\/person\\\/79bb06722b37ece1c03d3e94beb30d73\"},\"headline\":\"Rivalit\u00e0 e conflitti in Medio Oriente e Corno d&#8217;Africa. A Liberal Belluno, sabato al Centro Giovanni 23mo con relatori Federico Donelli e Alessandro Grossato\",\"datePublished\":\"2019-12-01T13:37:53+00:00\",\"dateModified\":\"2019-12-02T10:22:35+00:00\",\"mainEntityOfPage\":{\"@id\":\"https:\\\/\\\/www.bellunopress.it\\\/2019\\\/12\\\/01\\\/rivalita-e-conflitti-in-medio-oriente-e-corno-dafica-a-liberal-belluno-sabato-al-centro-giovanni-23mo-con-relatori-federico-donelli-e-alessandro-grossato\\\/\"},\"wordCount\":222,\"publisher\":{\"@id\":\"https:\\\/\\\/www.bellunopress.it\\\/#organization\"},\"image\":{\"@id\":\"https:\\\/\\\/www.bellunopress.it\\\/2019\\\/12\\\/01\\\/rivalita-e-conflitti-in-medio-oriente-e-corno-dafica-a-liberal-belluno-sabato-al-centro-giovanni-23mo-con-relatori-federico-donelli-e-alessandro-grossato\\\/#primaryimage\"},\"thumbnailUrl\":\"http:\\\/\\\/www.bellunopress.it\\\/wp-content\\\/uploads\\\/2015\\\/01\\\/liberal-belluno.jpg\",\"articleSection\":[\"Appuntamenti, Eventi\",\"Arte, Cultura, Spettacoli, Scienza\",\"Pausa Caff\u00e8\"],\"inLanguage\":\"fr-FR\"},{\"@type\":\"WebPage\",\"@id\":\"https:\\\/\\\/www.bellunopress.it\\\/2019\\\/12\\\/01\\\/rivalita-e-conflitti-in-medio-oriente-e-corno-dafica-a-liberal-belluno-sabato-al-centro-giovanni-23mo-con-relatori-federico-donelli-e-alessandro-grossato\\\/\",\"url\":\"https:\\\/\\\/www.bellunopress.it\\\/2019\\\/12\\\/01\\\/rivalita-e-conflitti-in-medio-oriente-e-corno-dafica-a-liberal-belluno-sabato-al-centro-giovanni-23mo-con-relatori-federico-donelli-e-alessandro-grossato\\\/\",\"name\":\"Rivalit\u00e0 e conflitti in Medio Oriente e Corno d'Africa. A Liberal Belluno, sabato al Centro Giovanni 23mo con relatori Federico Donelli e Alessandro Grossato - Bellunopress - Dolomiti\",\"isPartOf\":{\"@id\":\"https:\\\/\\\/www.bellunopress.it\\\/#website\"},\"primaryImageOfPage\":{\"@id\":\"https:\\\/\\\/www.bellunopress.it\\\/2019\\\/12\\\/01\\\/rivalita-e-conflitti-in-medio-oriente-e-corno-dafica-a-liberal-belluno-sabato-al-centro-giovanni-23mo-con-relatori-federico-donelli-e-alessandro-grossato\\\/#primaryimage\"},\"image\":{\"@id\":\"https:\\\/\\\/www.bellunopress.it\\\/2019\\\/12\\\/01\\\/rivalita-e-conflitti-in-medio-oriente-e-corno-dafica-a-liberal-belluno-sabato-al-centro-giovanni-23mo-con-relatori-federico-donelli-e-alessandro-grossato\\\/#primaryimage\"},\"thumbnailUrl\":\"http:\\\/\\\/www.bellunopress.it\\\/wp-content\\\/uploads\\\/2015\\\/01\\\/liberal-belluno.jpg\",\"datePublished\":\"2019-12-01T13:37:53+00:00\",\"dateModified\":\"2019-12-02T10:22:35+00:00\",\"breadcrumb\":{\"@id\":\"https:\\\/\\\/www.bellunopress.it\\\/2019\\\/12\\\/01\\\/rivalita-e-conflitti-in-medio-oriente-e-corno-dafica-a-liberal-belluno-sabato-al-centro-giovanni-23mo-con-relatori-federico-donelli-e-alessandro-grossato\\\/#breadcrumb\"},\"inLanguage\":\"fr-FR\",\"potentialAction\":[{\"@type\":\"ReadAction\",\"target\":[\"https:\\\/\\\/www.bellunopress.it\\\/2019\\\/12\\\/01\\\/rivalita-e-conflitti-in-medio-oriente-e-corno-dafica-a-liberal-belluno-sabato-al-centro-giovanni-23mo-con-relatori-federico-donelli-e-alessandro-grossato\\\/\"]}]},{\"@type\":\"ImageObject\",\"inLanguage\":\"fr-FR\",\"@id\":\"https:\\\/\\\/www.bellunopress.it\\\/2019\\\/12\\\/01\\\/rivalita-e-conflitti-in-medio-oriente-e-corno-dafica-a-liberal-belluno-sabato-al-centro-giovanni-23mo-con-relatori-federico-donelli-e-alessandro-grossato\\\/#primaryimage\",\"url\":\"http:\\\/\\\/www.bellunopress.it\\\/wp-content\\\/uploads\\\/2015\\\/01\\\/liberal-belluno.jpg\",\"contentUrl\":\"http:\\\/\\\/www.bellunopress.it\\\/wp-content\\\/uploads\\\/2015\\\/01\\\/liberal-belluno.jpg\"},{\"@type\":\"BreadcrumbList\",\"@id\":\"https:\\\/\\\/www.bellunopress.it\\\/2019\\\/12\\\/01\\\/rivalita-e-conflitti-in-medio-oriente-e-corno-dafica-a-liberal-belluno-sabato-al-centro-giovanni-23mo-con-relatori-federico-donelli-e-alessandro-grossato\\\/#breadcrumb\",\"itemListElement\":[{\"@type\":\"ListItem\",\"position\":1,\"name\":\"Home\",\"item\":\"https:\\\/\\\/www.bellunopress.it\\\/\"},{\"@type\":\"ListItem\",\"position\":2,\"name\":\"Rivalit\u00e0 e conflitti in Medio Oriente e Corno d&#8217;Africa. A Liberal Belluno, sabato al Centro Giovanni 23mo con relatori Federico Donelli e Alessandro Grossato\"}]},{\"@type\":\"WebSite\",\"@id\":\"https:\\\/\\\/www.bellunopress.it\\\/#website\",\"url\":\"https:\\\/\\\/www.bellunopress.it\\\/\",\"name\":\"Bellunopress - Dolomiti\",\"description\":\"e-mail: redazione@bellunopress.it\",\"publisher\":{\"@id\":\"https:\\\/\\\/www.bellunopress.it\\\/#organization\"},\"potentialAction\":[{\"@type\":\"SearchAction\",\"target\":{\"@type\":\"EntryPoint\",\"urlTemplate\":\"https:\\\/\\\/www.bellunopress.it\\\/?s={search_term_string}\"},\"query-input\":{\"@type\":\"PropertyValueSpecification\",\"valueRequired\":true,\"valueName\":\"search_term_string\"}}],\"inLanguage\":\"fr-FR\"},{\"@type\":\"Organization\",\"@id\":\"https:\\\/\\\/www.bellunopress.it\\\/#organization\",\"name\":\"Bellunopress\",\"url\":\"https:\\\/\\\/www.bellunopress.it\\\/\",\"logo\":{\"@type\":\"ImageObject\",\"inLanguage\":\"fr-FR\",\"@id\":\"https:\\\/\\\/www.bellunopress.it\\\/#\\\/schema\\\/logo\\\/image\\\/\",\"url\":\"https:\\\/\\\/www.bellunopress.it\\\/wp-content\\\/uploads\\\/2011\\\/05\\\/cropped-logo-bellunopress-.jpg\",\"contentUrl\":\"https:\\\/\\\/www.bellunopress.it\\\/wp-content\\\/uploads\\\/2011\\\/05\\\/cropped-logo-bellunopress-.jpg\",\"width\":512,\"height\":512,\"caption\":\"Bellunopress\"},\"image\":{\"@id\":\"https:\\\/\\\/www.bellunopress.it\\\/#\\\/schema\\\/logo\\\/image\\\/\"},\"sameAs\":[\"https:\\\/\\\/www.facebook.com\\\/profile.php?id=100008943462799\",\"https:\\\/\\\/x.com\\\/bellunopress\",\"https:\\\/\\\/www.linkedin.com\\\/hp\\\/?dnr=JBzUWaJfMUw8vbXJJ2tVW5-I3jZKvC4wsoxE&amp;amp;amp;amp;amp;amp;trk=nav_responsive_tab_home\",\"https:\\\/\\\/www.youtube.com\\\/channel\\\/UCxL0wu1uN0_3_7hGG0306cw\"]},{\"@type\":\"Person\",\"@id\":\"https:\\\/\\\/www.bellunopress.it\\\/#\\\/schema\\\/person\\\/79bb06722b37ece1c03d3e94beb30d73\",\"name\":\"redazione\",\"image\":{\"@type\":\"ImageObject\",\"inLanguage\":\"fr-FR\",\"@id\":\"https:\\\/\\\/secure.gravatar.com\\\/avatar\\\/37d968a2e67a6fd04c169c4bdef102d0bc5d31b2546345219e348575eb80e9a0?s=96&d=mm&r=g\",\"url\":\"https:\\\/\\\/secure.gravatar.com\\\/avatar\\\/37d968a2e67a6fd04c169c4bdef102d0bc5d31b2546345219e348575eb80e9a0?s=96&d=mm&r=g\",\"contentUrl\":\"https:\\\/\\\/secure.gravatar.com\\\/avatar\\\/37d968a2e67a6fd04c169c4bdef102d0bc5d31b2546345219e348575eb80e9a0?s=96&d=mm&r=g\",\"caption\":\"redazione\"},\"sameAs\":[\"http:\\\/\\\/www.bellunopress.it\",\"https:\\\/\\\/x.com\\\/bellunopress\"],\"url\":\"https:\\\/\\\/www.bellunopress.it\\\/fr\\\/author\\\/redazione\\\/\"}]}<\/script>\n<!-- \/ Yoast SEO plugin. -->","yoast_head_json":{"title":"Rivalit\u00e0 e conflitti in Medio Oriente e Corno d'Africa. A Liberal Belluno, sabato al Centro Giovanni 23mo con relatori Federico Donelli e Alessandro Grossato - Bellunopress - Dolomiti","robots":{"index":"index","follow":"follow","max-snippet":"max-snippet:-1","max-image-preview":"max-image-preview:large","max-video-preview":"max-video-preview:-1"},"canonical":"https:\/\/www.bellunopress.it\/fr\/2019\/12\/01\/rivalita-e-conflitti-in-medio-oriente-e-corno-dafica-a-liberal-belluno-sabato-al-centro-giovanni-23mo-con-relatori-federico-donelli-e-alessandro-grossato\/","og_locale":"fr_FR","og_type":"article","og_title":"Rivalit\u00e0 e conflitti in Medio Oriente e Corno d'Africa. A Liberal Belluno, sabato al Centro Giovanni 23mo con relatori Federico Donelli e Alessandro Grossato - Bellunopress - Dolomiti","og_description":"Sabato 7 dicembre 2019 alle ore 17.30 in sala Teatro del Centro Congressi Giovanni 23mo di Belluno in piazza Piloni, ai Grandi incontri di Liberal Belluno, si parla di rivalit\u00e0 e conflitti, di Medio Oriente e di Corno d&#8217;Africa. &nbsp; &nbsp; Relatori della serata: Federico Donelli, ricercatore e docente Dipartimento di Scienze Politiche Universit\u00e0 di [&hellip;]","og_url":"https:\/\/www.bellunopress.it\/fr\/2019\/12\/01\/rivalita-e-conflitti-in-medio-oriente-e-corno-dafica-a-liberal-belluno-sabato-al-centro-giovanni-23mo-con-relatori-federico-donelli-e-alessandro-grossato\/","og_site_name":"Bellunopress - Dolomiti","article_publisher":"https:\/\/www.facebook.com\/profile.php?id=100008943462799","article_published_time":"2019-12-01T13:37:53+00:00","article_modified_time":"2019-12-02T10:22:35+00:00","og_image":[{"url":"http:\/\/www.bellunopress.it\/wp-content\/uploads\/2015\/01\/liberal-belluno.jpg","type":"","width":"","height":""}],"author":"redazione","twitter_card":"summary_large_image","twitter_creator":"@bellunopress","twitter_site":"@bellunopress","twitter_misc":{"\u00c9crit par":"redazione","Dur\u00e9e de lecture estim\u00e9e":"1 minute"},"schema":{"@context":"https:\/\/schema.org","@graph":[{"@type":"Article","@id":"https:\/\/www.bellunopress.it\/2019\/12\/01\/rivalita-e-conflitti-in-medio-oriente-e-corno-dafica-a-liberal-belluno-sabato-al-centro-giovanni-23mo-con-relatori-federico-donelli-e-alessandro-grossato\/#article","isPartOf":{"@id":"https:\/\/www.bellunopress.it\/2019\/12\/01\/rivalita-e-conflitti-in-medio-oriente-e-corno-dafica-a-liberal-belluno-sabato-al-centro-giovanni-23mo-con-relatori-federico-donelli-e-alessandro-grossato\/"},"author":{"name":"redazione","@id":"https:\/\/www.bellunopress.it\/#\/schema\/person\/79bb06722b37ece1c03d3e94beb30d73"},"headline":"Rivalit\u00e0 e conflitti in Medio Oriente e Corno d&#8217;Africa. A Liberal Belluno, sabato al Centro Giovanni 23mo con relatori Federico Donelli e Alessandro Grossato","datePublished":"2019-12-01T13:37:53+00:00","dateModified":"2019-12-02T10:22:35+00:00","mainEntityOfPage":{"@id":"https:\/\/www.bellunopress.it\/2019\/12\/01\/rivalita-e-conflitti-in-medio-oriente-e-corno-dafica-a-liberal-belluno-sabato-al-centro-giovanni-23mo-con-relatori-federico-donelli-e-alessandro-grossato\/"},"wordCount":222,"publisher":{"@id":"https:\/\/www.bellunopress.it\/#organization"},"image":{"@id":"https:\/\/www.bellunopress.it\/2019\/12\/01\/rivalita-e-conflitti-in-medio-oriente-e-corno-dafica-a-liberal-belluno-sabato-al-centro-giovanni-23mo-con-relatori-federico-donelli-e-alessandro-grossato\/#primaryimage"},"thumbnailUrl":"http:\/\/www.bellunopress.it\/wp-content\/uploads\/2015\/01\/liberal-belluno.jpg","articleSection":["Appuntamenti, Eventi","Arte, Cultura, Spettacoli, Scienza","Pausa Caff\u00e8"],"inLanguage":"fr-FR"},{"@type":"WebPage","@id":"https:\/\/www.bellunopress.it\/2019\/12\/01\/rivalita-e-conflitti-in-medio-oriente-e-corno-dafica-a-liberal-belluno-sabato-al-centro-giovanni-23mo-con-relatori-federico-donelli-e-alessandro-grossato\/","url":"https:\/\/www.bellunopress.it\/2019\/12\/01\/rivalita-e-conflitti-in-medio-oriente-e-corno-dafica-a-liberal-belluno-sabato-al-centro-giovanni-23mo-con-relatori-federico-donelli-e-alessandro-grossato\/","name":"Rivalit\u00e0 e conflitti in Medio Oriente e Corno d'Africa. A Liberal Belluno, sabato al Centro Giovanni 23mo con relatori Federico Donelli e Alessandro Grossato - Bellunopress - Dolomiti","isPartOf":{"@id":"https:\/\/www.bellunopress.it\/#website"},"primaryImageOfPage":{"@id":"https:\/\/www.bellunopress.it\/2019\/12\/01\/rivalita-e-conflitti-in-medio-oriente-e-corno-dafica-a-liberal-belluno-sabato-al-centro-giovanni-23mo-con-relatori-federico-donelli-e-alessandro-grossato\/#primaryimage"},"image":{"@id":"https:\/\/www.bellunopress.it\/2019\/12\/01\/rivalita-e-conflitti-in-medio-oriente-e-corno-dafica-a-liberal-belluno-sabato-al-centro-giovanni-23mo-con-relatori-federico-donelli-e-alessandro-grossato\/#primaryimage"},"thumbnailUrl":"http:\/\/www.bellunopress.it\/wp-content\/uploads\/2015\/01\/liberal-belluno.jpg","datePublished":"2019-12-01T13:37:53+00:00","dateModified":"2019-12-02T10:22:35+00:00","breadcrumb":{"@id":"https:\/\/www.bellunopress.it\/2019\/12\/01\/rivalita-e-conflitti-in-medio-oriente-e-corno-dafica-a-liberal-belluno-sabato-al-centro-giovanni-23mo-con-relatori-federico-donelli-e-alessandro-grossato\/#breadcrumb"},"inLanguage":"fr-FR","potentialAction":[{"@type":"ReadAction","target":["https:\/\/www.bellunopress.it\/2019\/12\/01\/rivalita-e-conflitti-in-medio-oriente-e-corno-dafica-a-liberal-belluno-sabato-al-centro-giovanni-23mo-con-relatori-federico-donelli-e-alessandro-grossato\/"]}]},{"@type":"ImageObject","inLanguage":"fr-FR","@id":"https:\/\/www.bellunopress.it\/2019\/12\/01\/rivalita-e-conflitti-in-medio-oriente-e-corno-dafica-a-liberal-belluno-sabato-al-centro-giovanni-23mo-con-relatori-federico-donelli-e-alessandro-grossato\/#primaryimage","url":"http:\/\/www.bellunopress.it\/wp-content\/uploads\/2015\/01\/liberal-belluno.jpg","contentUrl":"http:\/\/www.bellunopress.it\/wp-content\/uploads\/2015\/01\/liberal-belluno.jpg"},{"@type":"BreadcrumbList","@id":"https:\/\/www.bellunopress.it\/2019\/12\/01\/rivalita-e-conflitti-in-medio-oriente-e-corno-dafica-a-liberal-belluno-sabato-al-centro-giovanni-23mo-con-relatori-federico-donelli-e-alessandro-grossato\/#breadcrumb","itemListElement":[{"@type":"ListItem","position":1,"name":"Home","item":"https:\/\/www.bellunopress.it\/"},{"@type":"ListItem","position":2,"name":"Rivalit\u00e0 e conflitti in Medio Oriente e Corno d&#8217;Africa. A Liberal Belluno, sabato al Centro Giovanni 23mo con relatori Federico Donelli e Alessandro Grossato"}]},{"@type":"WebSite","@id":"https:\/\/www.bellunopress.it\/#website","url":"https:\/\/www.bellunopress.it\/","name":"Bellunopress - Dolomiti","description":"e-mail: redazione@bellunopress.it","publisher":{"@id":"https:\/\/www.bellunopress.it\/#organization"},"potentialAction":[{"@type":"SearchAction","target":{"@type":"EntryPoint","urlTemplate":"https:\/\/www.bellunopress.it\/?s={search_term_string}"},"query-input":{"@type":"PropertyValueSpecification","valueRequired":true,"valueName":"search_term_string"}}],"inLanguage":"fr-FR"},{"@type":"Organization","@id":"https:\/\/www.bellunopress.it\/#organization","name":"Bellunopress","url":"https:\/\/www.bellunopress.it\/","logo":{"@type":"ImageObject","inLanguage":"fr-FR","@id":"https:\/\/www.bellunopress.it\/#\/schema\/logo\/image\/","url":"https:\/\/www.bellunopress.it\/wp-content\/uploads\/2011\/05\/cropped-logo-bellunopress-.jpg","contentUrl":"https:\/\/www.bellunopress.it\/wp-content\/uploads\/2011\/05\/cropped-logo-bellunopress-.jpg","width":512,"height":512,"caption":"Bellunopress"},"image":{"@id":"https:\/\/www.bellunopress.it\/#\/schema\/logo\/image\/"},"sameAs":["https:\/\/www.facebook.com\/profile.php?id=100008943462799","https:\/\/x.com\/bellunopress","https:\/\/www.linkedin.com\/hp\/?dnr=JBzUWaJfMUw8vbXJJ2tVW5-I3jZKvC4wsoxE&amp;amp;amp;amp;amp;amp;trk=nav_responsive_tab_home","https:\/\/www.youtube.com\/channel\/UCxL0wu1uN0_3_7hGG0306cw"]},{"@type":"Person","@id":"https:\/\/www.bellunopress.it\/#\/schema\/person\/79bb06722b37ece1c03d3e94beb30d73","name":"r\u00e9daction","image":{"@type":"ImageObject","inLanguage":"fr-FR","@id":"https:\/\/secure.gravatar.com\/avatar\/37d968a2e67a6fd04c169c4bdef102d0bc5d31b2546345219e348575eb80e9a0?s=96&d=mm&r=g","url":"https:\/\/secure.gravatar.com\/avatar\/37d968a2e67a6fd04c169c4bdef102d0bc5d31b2546345219e348575eb80e9a0?s=96&d=mm&r=g","contentUrl":"https:\/\/secure.gravatar.com\/avatar\/37d968a2e67a6fd04c169c4bdef102d0bc5d31b2546345219e348575eb80e9a0?s=96&d=mm&r=g","caption":"redazione"},"sameAs":["http:\/\/www.bellunopress.it","https:\/\/x.com\/bellunopress"],"url":"https:\/\/www.bellunopress.it\/fr\/author\/redazione\/"}]}},"_links":{"self":[{"href":"https:\/\/www.bellunopress.it\/fr\/wp-json\/wp\/v2\/posts\/110080","targetHints":{"allow":["GET"]}}],"collection":[{"href":"https:\/\/www.bellunopress.it\/fr\/wp-json\/wp\/v2\/posts"}],"about":[{"href":"https:\/\/www.bellunopress.it\/fr\/wp-json\/wp\/v2\/types\/post"}],"author":[{"embeddable":true,"href":"https:\/\/www.bellunopress.it\/fr\/wp-json\/wp\/v2\/users\/2"}],"replies":[{"embeddable":true,"href":"https:\/\/www.bellunopress.it\/fr\/wp-json\/wp\/v2\/comments?post=110080"}],"version-history":[{"count":2,"href":"https:\/\/www.bellunopress.it\/fr\/wp-json\/wp\/v2\/posts\/110080\/revisions"}],"predecessor-version":[{"id":110092,"href":"https:\/\/www.bellunopress.it\/fr\/wp-json\/wp\/v2\/posts\/110080\/revisions\/110092"}],"wp:attachment":[{"href":"https:\/\/www.bellunopress.it\/fr\/wp-json\/wp\/v2\/media?parent=110080"}],"wp:term":[{"taxonomy":"category","embeddable":true,"href":"https:\/\/www.bellunopress.it\/fr\/wp-json\/wp\/v2\/categories?post=110080"},{"taxonomy":"post_tag","embeddable":true,"href":"https:\/\/www.bellunopress.it\/fr\/wp-json\/wp\/v2\/tags?post=110080"}],"curies":[{"name":"wp","href":"https:\/\/api.w.org\/{rel}","templated":true}]}}