{"id":110063,"date":"2019-11-30T17:40:29","date_gmt":"2019-11-30T16:40:29","guid":{"rendered":"http:\/\/www.bellunopress.it\/?p=110063"},"modified":"2019-11-30T17:40:30","modified_gmt":"2019-11-30T16:40:30","slug":"la-pioggia-non-ha-fermato-i-bersaglieri-domenica-scorsa-a-tisoi-per-il-raduno-provinciale","status":"publish","type":"post","link":"https:\/\/www.bellunopress.it\/fr\/2019\/11\/30\/la-pioggia-non-ha-fermato-i-bersaglieri-domenica-scorsa-a-tisoi-per-il-raduno-provinciale\/","title":{"rendered":"La pioggia non ha fermato i bersaglieri domenica scorsa a Tisoi per il Raduno provinciale"},"content":{"rendered":"<p><a href=\"http:\/\/www.bellunopress.it\/fr\/2019\/11\/30\/la-pioggia-non-ha-fermato-i-bersaglieri-domenica-scorsa-a-tisoi-per-il-raduno-provinciale\/bersaglieri-raduno-tisoi\/\" rel=\"attachment wp-att-110064\"><img loading=\"lazy\" decoding=\"async\" class=\"alignleft size-full wp-image-110064\" src=\"http:\/\/www.bellunopress.it\/wp-content\/uploads\/2019\/11\/bersaglieri-raduno-tisoi.jpg\" alt=\"\" width=\"300\" height=\"235\" \/><\/a>Domenica scorsa, 24 novembre, il paese di Tisoi ha accolto i bersaglieri per il Raduno provinciale dell&#8217;Associazione, organizzato dalla Sezione Col. A. Radaelli di Belluno. Nonostante il maltempo, la manifestazione \u00e8 stata ugualmente partecipata e sentita. L&#8217;alzabandiera, l&#8217;onore ai Caduti, le allocuzioni, la presenza dei Labari e del Medagliere regionale hanno messo in evidenza che i bersaglieri, seppur pochi in provincia, ci sono e con orgoglio indossano il cappello piumato.<\/p>\n<p>Si \u00e8 scelto Tisoi come luogo del Raduno a motivo di ricordo e riconoscenza per un fatto accaduto nella Prima guerra mondiale, allorch\u00e9, a seguito delle vicende legate alla ritirata di Caporetto, la popolazione di Bolzano Bellunese e Tisoi diede sostegno, aiuto ed ospitalit\u00e0 ai Bersaglieri del 19\u00b0 Reggimento.<br \/>\nUna targa posta sulla facciata a est della scuola di Bolzano Bellunese recita:<br \/>\n&#8220;Seppi poi che quei poveri contadini portarono ai Bersaglieri pane, e sacchi di castagne, e ceste di mele, e persino un vinello di canne e cio\u00e8 tutto quello che potevano avere. E di ci\u00f2 serbo sempre una grande riconoscenza per quei generosi montanari.&#8221; (Firmato: il Comandante del 19\u00b0 Reggimento Bersaglieri Ten. Col. Alvise Pantano. Novembre 1917).<\/p>\n<p>Momento importante \u00e8 stata la messa concelebrata da don Gemo Bianchi, parroco di Tisoi e don Claudio Centa, padre spirituale dei bersaglieri e allietata dal Gruppo corale Voci dai Cortivi, che con il canto e la musica ha affiancato la Fanfara ANB Alpago Ponte nelle Alpi di Belluno, dando alla cerimonia una connotazione di festoso raccoglimento.<\/p>\n<p>Toccante il ricordo in onore dei bersaglieri scomparsi e dei caduti in tutte le guerre pronunciato dal presidente ANB Sezione di Belluno Gianpiero Fontana. E del presidente provinciale Alvise Peloso, che ha portato i cordialissimi e bersagliereschi saluti del presidente regionale Antonio Bozzo. Erano presenti alla manifestazione il vice presidente regionale Alex Venturin, alfiere del Medagliere, i presidenti provinciali di Treviso e di Vicenza, le Sezioni di Ros\u00e0, Mareno di Piave, Vazzola, Conegliano, Feltre e Belluno, con i rispettivi Labari, tutte le associazioni d\u2019Arma e la Fanfara di Belluno, apprezzatissima in provincia e fuori.<br \/>\nUn particolare e sentito ringraziamento \u00e8 stato rivolto agli organizzatori dell\u2019evento, al Coro Voci dai Cortivi, al Gruppo Alpini Monte S\u2019ciara e alla popolazione tutta, per il grande esempio di viva, sentita e autentica condivisione e per la vera, schietta e accogliente italianit\u00e0.<br \/>\nLa cerimonia \u00e8 proseguita con la deposizione di un mazzo di fiori e gli onori al Monumento ai Caduti posto nella piazza di Tisoi con l\u2019accompagnamento della Fanfara.<br \/>\nIl Coro e la Fanfara insieme hanno poi intrattenuto gli ospiti nei locali del Bar Circolet, alternando canti e brani strumentali che hanno fatto da cornice al discorso conclusivo del presidente Gianpiero Fontana, nel quale ha ricordato gli avvenimenti storici della Prima Guerra Mondiale, ha conferito riconoscimenti al Coro Voci dai Cortivi, alla Fanfara ANB Alpago Ponte nelle Alpi di Belluno, al presidente provinciale Alvise Peloso, alla Presidenza regionale, alla Sezione di Feltre e al Gruppo alpini Monte S\u2019ciara ed infine ha ringraziato le autorit\u00e0 presenti e la popolazione intervenuta.<\/p>\n<p>Da Gioz Katia<\/p>","protected":false},"excerpt":{"rendered":"<p>Domenica scorsa, 24 novembre, il paese di Tisoi ha accolto i bersaglieri per il Raduno provinciale dell&#8217;Associazione, organizzato dalla Sezione Col. A. Radaelli di Belluno. Nonostante il maltempo, la manifestazione \u00e8 stata ugualmente partecipata e sentita. L&#8217;alzabandiera, l&#8217;onore ai Caduti, le allocuzioni, la presenza dei Labari e del Medagliere regionale hanno messo in evidenza che [&hellip;]<\/p>\n","protected":false},"author":2,"featured_media":0,"comment_status":"closed","ping_status":"open","sticky":false,"template":"","format":"standard","meta":{"footnotes":""},"categories":[5,26,8],"tags":[],"class_list":["post-110063","post","type-post","status-publish","format-standard","category-cronaca","category-prima-pagina","category-societa-istituzioni"],"yoast_head":"<!-- This site is optimized with the Yoast SEO plugin v28.4 - https:\/\/yoast.com\/product\/yoast-seo-wordpress\/ -->\n<title>La pioggia non ha fermato i bersaglieri domenica scorsa a Tisoi per il Raduno provinciale - Bellunopress - Dolomiti<\/title>\n<meta name=\"robots\" content=\"index, follow, max-snippet:-1, max-image-preview:large, max-video-preview:-1\" \/>\n<link rel=\"canonical\" href=\"https:\/\/www.bellunopress.it\/fr\/2019\/11\/30\/la-pioggia-non-ha-fermato-i-bersaglieri-domenica-scorsa-a-tisoi-per-il-raduno-provinciale\/\" \/>\n<meta property=\"og:locale\" content=\"fr_FR\" \/>\n<meta property=\"og:type\" content=\"article\" \/>\n<meta property=\"og:title\" content=\"La pioggia non ha fermato i bersaglieri domenica scorsa a Tisoi per il Raduno provinciale - Bellunopress - Dolomiti\" \/>\n<meta property=\"og:description\" content=\"Domenica scorsa, 24 novembre, il paese di Tisoi ha accolto i bersaglieri per il Raduno provinciale dell&#8217;Associazione, organizzato dalla Sezione Col. A. Radaelli di Belluno. Nonostante il maltempo, la manifestazione \u00e8 stata ugualmente partecipata e sentita. L&#8217;alzabandiera, l&#8217;onore ai Caduti, le allocuzioni, la presenza dei Labari e del Medagliere regionale hanno messo in evidenza che [&hellip;]\" \/>\n<meta property=\"og:url\" content=\"https:\/\/www.bellunopress.it\/fr\/2019\/11\/30\/la-pioggia-non-ha-fermato-i-bersaglieri-domenica-scorsa-a-tisoi-per-il-raduno-provinciale\/\" \/>\n<meta property=\"og:site_name\" content=\"Bellunopress - Dolomiti\" \/>\n<meta property=\"article:publisher\" content=\"https:\/\/www.facebook.com\/profile.php?id=100008943462799\" \/>\n<meta property=\"article:published_time\" content=\"2019-11-30T16:40:29+00:00\" \/>\n<meta property=\"article:modified_time\" content=\"2019-11-30T16:40:30+00:00\" \/>\n<meta property=\"og:image\" content=\"http:\/\/www.bellunopress.it\/wp-content\/uploads\/2019\/11\/bersaglieri-raduno-tisoi.jpg\" \/>\n<meta name=\"author\" content=\"redazione\" \/>\n<meta name=\"twitter:card\" content=\"summary_large_image\" \/>\n<meta name=\"twitter:creator\" content=\"@bellunopress\" \/>\n<meta name=\"twitter:site\" content=\"@bellunopress\" \/>\n<meta name=\"twitter:label1\" content=\"\u00c9crit par\" \/>\n\t<meta name=\"twitter:data1\" content=\"redazione\" \/>\n\t<meta name=\"twitter:label2\" content=\"Dur\u00e9e de lecture estim\u00e9e\" \/>\n\t<meta name=\"twitter:data2\" content=\"2 minutes\" \/>\n<script type=\"application\/ld+json\" class=\"yoast-schema-graph\">{\"@context\":\"https:\\\/\\\/schema.org\",\"@graph\":[{\"@type\":\"Article\",\"@id\":\"https:\\\/\\\/www.bellunopress.it\\\/2019\\\/11\\\/30\\\/la-pioggia-non-ha-fermato-i-bersaglieri-domenica-scorsa-a-tisoi-per-il-raduno-provinciale\\\/#article\",\"isPartOf\":{\"@id\":\"https:\\\/\\\/www.bellunopress.it\\\/2019\\\/11\\\/30\\\/la-pioggia-non-ha-fermato-i-bersaglieri-domenica-scorsa-a-tisoi-per-il-raduno-provinciale\\\/\"},\"author\":{\"name\":\"redazione\",\"@id\":\"https:\\\/\\\/www.bellunopress.it\\\/#\\\/schema\\\/person\\\/79bb06722b37ece1c03d3e94beb30d73\"},\"headline\":\"La pioggia non ha fermato i bersaglieri domenica scorsa a Tisoi per il Raduno provinciale\",\"datePublished\":\"2019-11-30T16:40:29+00:00\",\"dateModified\":\"2019-11-30T16:40:30+00:00\",\"mainEntityOfPage\":{\"@id\":\"https:\\\/\\\/www.bellunopress.it\\\/2019\\\/11\\\/30\\\/la-pioggia-non-ha-fermato-i-bersaglieri-domenica-scorsa-a-tisoi-per-il-raduno-provinciale\\\/\"},\"wordCount\":516,\"publisher\":{\"@id\":\"https:\\\/\\\/www.bellunopress.it\\\/#organization\"},\"image\":{\"@id\":\"https:\\\/\\\/www.bellunopress.it\\\/2019\\\/11\\\/30\\\/la-pioggia-non-ha-fermato-i-bersaglieri-domenica-scorsa-a-tisoi-per-il-raduno-provinciale\\\/#primaryimage\"},\"thumbnailUrl\":\"http:\\\/\\\/www.bellunopress.it\\\/wp-content\\\/uploads\\\/2019\\\/11\\\/bersaglieri-raduno-tisoi.jpg\",\"articleSection\":[\"Cronaca\\\/Politica\",\"Prima Pagina\",\"Societ\u00e0, Associazioni, Istituzioni\"],\"inLanguage\":\"fr-FR\"},{\"@type\":\"WebPage\",\"@id\":\"https:\\\/\\\/www.bellunopress.it\\\/2019\\\/11\\\/30\\\/la-pioggia-non-ha-fermato-i-bersaglieri-domenica-scorsa-a-tisoi-per-il-raduno-provinciale\\\/\",\"url\":\"https:\\\/\\\/www.bellunopress.it\\\/2019\\\/11\\\/30\\\/la-pioggia-non-ha-fermato-i-bersaglieri-domenica-scorsa-a-tisoi-per-il-raduno-provinciale\\\/\",\"name\":\"La pioggia non ha fermato i bersaglieri domenica scorsa a Tisoi per il Raduno provinciale - Bellunopress - Dolomiti\",\"isPartOf\":{\"@id\":\"https:\\\/\\\/www.bellunopress.it\\\/#website\"},\"primaryImageOfPage\":{\"@id\":\"https:\\\/\\\/www.bellunopress.it\\\/2019\\\/11\\\/30\\\/la-pioggia-non-ha-fermato-i-bersaglieri-domenica-scorsa-a-tisoi-per-il-raduno-provinciale\\\/#primaryimage\"},\"image\":{\"@id\":\"https:\\\/\\\/www.bellunopress.it\\\/2019\\\/11\\\/30\\\/la-pioggia-non-ha-fermato-i-bersaglieri-domenica-scorsa-a-tisoi-per-il-raduno-provinciale\\\/#primaryimage\"},\"thumbnailUrl\":\"http:\\\/\\\/www.bellunopress.it\\\/wp-content\\\/uploads\\\/2019\\\/11\\\/bersaglieri-raduno-tisoi.jpg\",\"datePublished\":\"2019-11-30T16:40:29+00:00\",\"dateModified\":\"2019-11-30T16:40:30+00:00\",\"breadcrumb\":{\"@id\":\"https:\\\/\\\/www.bellunopress.it\\\/2019\\\/11\\\/30\\\/la-pioggia-non-ha-fermato-i-bersaglieri-domenica-scorsa-a-tisoi-per-il-raduno-provinciale\\\/#breadcrumb\"},\"inLanguage\":\"fr-FR\",\"potentialAction\":[{\"@type\":\"ReadAction\",\"target\":[\"https:\\\/\\\/www.bellunopress.it\\\/2019\\\/11\\\/30\\\/la-pioggia-non-ha-fermato-i-bersaglieri-domenica-scorsa-a-tisoi-per-il-raduno-provinciale\\\/\"]}]},{\"@type\":\"ImageObject\",\"inLanguage\":\"fr-FR\",\"@id\":\"https:\\\/\\\/www.bellunopress.it\\\/2019\\\/11\\\/30\\\/la-pioggia-non-ha-fermato-i-bersaglieri-domenica-scorsa-a-tisoi-per-il-raduno-provinciale\\\/#primaryimage\",\"url\":\"http:\\\/\\\/www.bellunopress.it\\\/wp-content\\\/uploads\\\/2019\\\/11\\\/bersaglieri-raduno-tisoi.jpg\",\"contentUrl\":\"http:\\\/\\\/www.bellunopress.it\\\/wp-content\\\/uploads\\\/2019\\\/11\\\/bersaglieri-raduno-tisoi.jpg\"},{\"@type\":\"BreadcrumbList\",\"@id\":\"https:\\\/\\\/www.bellunopress.it\\\/2019\\\/11\\\/30\\\/la-pioggia-non-ha-fermato-i-bersaglieri-domenica-scorsa-a-tisoi-per-il-raduno-provinciale\\\/#breadcrumb\",\"itemListElement\":[{\"@type\":\"ListItem\",\"position\":1,\"name\":\"Home\",\"item\":\"https:\\\/\\\/www.bellunopress.it\\\/\"},{\"@type\":\"ListItem\",\"position\":2,\"name\":\"La pioggia non ha fermato i bersaglieri domenica scorsa a Tisoi per il Raduno provinciale\"}]},{\"@type\":\"WebSite\",\"@id\":\"https:\\\/\\\/www.bellunopress.it\\\/#website\",\"url\":\"https:\\\/\\\/www.bellunopress.it\\\/\",\"name\":\"Bellunopress - Dolomiti\",\"description\":\"e-mail: redazione@bellunopress.it\",\"publisher\":{\"@id\":\"https:\\\/\\\/www.bellunopress.it\\\/#organization\"},\"potentialAction\":[{\"@type\":\"SearchAction\",\"target\":{\"@type\":\"EntryPoint\",\"urlTemplate\":\"https:\\\/\\\/www.bellunopress.it\\\/?s={search_term_string}\"},\"query-input\":{\"@type\":\"PropertyValueSpecification\",\"valueRequired\":true,\"valueName\":\"search_term_string\"}}],\"inLanguage\":\"fr-FR\"},{\"@type\":\"Organization\",\"@id\":\"https:\\\/\\\/www.bellunopress.it\\\/#organization\",\"name\":\"Bellunopress\",\"url\":\"https:\\\/\\\/www.bellunopress.it\\\/\",\"logo\":{\"@type\":\"ImageObject\",\"inLanguage\":\"fr-FR\",\"@id\":\"https:\\\/\\\/www.bellunopress.it\\\/#\\\/schema\\\/logo\\\/image\\\/\",\"url\":\"https:\\\/\\\/www.bellunopress.it\\\/wp-content\\\/uploads\\\/2011\\\/05\\\/cropped-logo-bellunopress-.jpg\",\"contentUrl\":\"https:\\\/\\\/www.bellunopress.it\\\/wp-content\\\/uploads\\\/2011\\\/05\\\/cropped-logo-bellunopress-.jpg\",\"width\":512,\"height\":512,\"caption\":\"Bellunopress\"},\"image\":{\"@id\":\"https:\\\/\\\/www.bellunopress.it\\\/#\\\/schema\\\/logo\\\/image\\\/\"},\"sameAs\":[\"https:\\\/\\\/www.facebook.com\\\/profile.php?id=100008943462799\",\"https:\\\/\\\/x.com\\\/bellunopress\",\"https:\\\/\\\/www.linkedin.com\\\/hp\\\/?dnr=JBzUWaJfMUw8vbXJJ2tVW5-I3jZKvC4wsoxE&amp;amp;amp;amp;amp;amp;trk=nav_responsive_tab_home\",\"https:\\\/\\\/www.youtube.com\\\/channel\\\/UCxL0wu1uN0_3_7hGG0306cw\"]},{\"@type\":\"Person\",\"@id\":\"https:\\\/\\\/www.bellunopress.it\\\/#\\\/schema\\\/person\\\/79bb06722b37ece1c03d3e94beb30d73\",\"name\":\"redazione\",\"image\":{\"@type\":\"ImageObject\",\"inLanguage\":\"fr-FR\",\"@id\":\"https:\\\/\\\/secure.gravatar.com\\\/avatar\\\/37d968a2e67a6fd04c169c4bdef102d0bc5d31b2546345219e348575eb80e9a0?s=96&d=mm&r=g\",\"url\":\"https:\\\/\\\/secure.gravatar.com\\\/avatar\\\/37d968a2e67a6fd04c169c4bdef102d0bc5d31b2546345219e348575eb80e9a0?s=96&d=mm&r=g\",\"contentUrl\":\"https:\\\/\\\/secure.gravatar.com\\\/avatar\\\/37d968a2e67a6fd04c169c4bdef102d0bc5d31b2546345219e348575eb80e9a0?s=96&d=mm&r=g\",\"caption\":\"redazione\"},\"sameAs\":[\"http:\\\/\\\/www.bellunopress.it\",\"https:\\\/\\\/x.com\\\/bellunopress\"],\"url\":\"https:\\\/\\\/www.bellunopress.it\\\/fr\\\/author\\\/redazione\\\/\"}]}<\/script>\n<!-- \/ Yoast SEO plugin. -->","yoast_head_json":{"title":"La pioggia non ha fermato i bersaglieri domenica scorsa a Tisoi per il Raduno provinciale - Bellunopress - Dolomiti","robots":{"index":"index","follow":"follow","max-snippet":"max-snippet:-1","max-image-preview":"max-image-preview:large","max-video-preview":"max-video-preview:-1"},"canonical":"https:\/\/www.bellunopress.it\/fr\/2019\/11\/30\/la-pioggia-non-ha-fermato-i-bersaglieri-domenica-scorsa-a-tisoi-per-il-raduno-provinciale\/","og_locale":"fr_FR","og_type":"article","og_title":"La pioggia non ha fermato i bersaglieri domenica scorsa a Tisoi per il Raduno provinciale - Bellunopress - Dolomiti","og_description":"Domenica scorsa, 24 novembre, il paese di Tisoi ha accolto i bersaglieri per il Raduno provinciale dell&#8217;Associazione, organizzato dalla Sezione Col. A. Radaelli di Belluno. Nonostante il maltempo, la manifestazione \u00e8 stata ugualmente partecipata e sentita. L&#8217;alzabandiera, l&#8217;onore ai Caduti, le allocuzioni, la presenza dei Labari e del Medagliere regionale hanno messo in evidenza che [&hellip;]","og_url":"https:\/\/www.bellunopress.it\/fr\/2019\/11\/30\/la-pioggia-non-ha-fermato-i-bersaglieri-domenica-scorsa-a-tisoi-per-il-raduno-provinciale\/","og_site_name":"Bellunopress - Dolomiti","article_publisher":"https:\/\/www.facebook.com\/profile.php?id=100008943462799","article_published_time":"2019-11-30T16:40:29+00:00","article_modified_time":"2019-11-30T16:40:30+00:00","og_image":[{"url":"http:\/\/www.bellunopress.it\/wp-content\/uploads\/2019\/11\/bersaglieri-raduno-tisoi.jpg","type":"","width":"","height":""}],"author":"redazione","twitter_card":"summary_large_image","twitter_creator":"@bellunopress","twitter_site":"@bellunopress","twitter_misc":{"\u00c9crit par":"redazione","Dur\u00e9e de lecture estim\u00e9e":"2 minutes"},"schema":{"@context":"https:\/\/schema.org","@graph":[{"@type":"Article","@id":"https:\/\/www.bellunopress.it\/2019\/11\/30\/la-pioggia-non-ha-fermato-i-bersaglieri-domenica-scorsa-a-tisoi-per-il-raduno-provinciale\/#article","isPartOf":{"@id":"https:\/\/www.bellunopress.it\/2019\/11\/30\/la-pioggia-non-ha-fermato-i-bersaglieri-domenica-scorsa-a-tisoi-per-il-raduno-provinciale\/"},"author":{"name":"redazione","@id":"https:\/\/www.bellunopress.it\/#\/schema\/person\/79bb06722b37ece1c03d3e94beb30d73"},"headline":"La pioggia non ha fermato i bersaglieri domenica scorsa a Tisoi per il Raduno provinciale","datePublished":"2019-11-30T16:40:29+00:00","dateModified":"2019-11-30T16:40:30+00:00","mainEntityOfPage":{"@id":"https:\/\/www.bellunopress.it\/2019\/11\/30\/la-pioggia-non-ha-fermato-i-bersaglieri-domenica-scorsa-a-tisoi-per-il-raduno-provinciale\/"},"wordCount":516,"publisher":{"@id":"https:\/\/www.bellunopress.it\/#organization"},"image":{"@id":"https:\/\/www.bellunopress.it\/2019\/11\/30\/la-pioggia-non-ha-fermato-i-bersaglieri-domenica-scorsa-a-tisoi-per-il-raduno-provinciale\/#primaryimage"},"thumbnailUrl":"http:\/\/www.bellunopress.it\/wp-content\/uploads\/2019\/11\/bersaglieri-raduno-tisoi.jpg","articleSection":["Cronaca\/Politica","Prima Pagina","Societ\u00e0, Associazioni, Istituzioni"],"inLanguage":"fr-FR"},{"@type":"WebPage","@id":"https:\/\/www.bellunopress.it\/2019\/11\/30\/la-pioggia-non-ha-fermato-i-bersaglieri-domenica-scorsa-a-tisoi-per-il-raduno-provinciale\/","url":"https:\/\/www.bellunopress.it\/2019\/11\/30\/la-pioggia-non-ha-fermato-i-bersaglieri-domenica-scorsa-a-tisoi-per-il-raduno-provinciale\/","name":"La pioggia non ha fermato i bersaglieri domenica scorsa a Tisoi per il Raduno provinciale - Bellunopress - Dolomiti","isPartOf":{"@id":"https:\/\/www.bellunopress.it\/#website"},"primaryImageOfPage":{"@id":"https:\/\/www.bellunopress.it\/2019\/11\/30\/la-pioggia-non-ha-fermato-i-bersaglieri-domenica-scorsa-a-tisoi-per-il-raduno-provinciale\/#primaryimage"},"image":{"@id":"https:\/\/www.bellunopress.it\/2019\/11\/30\/la-pioggia-non-ha-fermato-i-bersaglieri-domenica-scorsa-a-tisoi-per-il-raduno-provinciale\/#primaryimage"},"thumbnailUrl":"http:\/\/www.bellunopress.it\/wp-content\/uploads\/2019\/11\/bersaglieri-raduno-tisoi.jpg","datePublished":"2019-11-30T16:40:29+00:00","dateModified":"2019-11-30T16:40:30+00:00","breadcrumb":{"@id":"https:\/\/www.bellunopress.it\/2019\/11\/30\/la-pioggia-non-ha-fermato-i-bersaglieri-domenica-scorsa-a-tisoi-per-il-raduno-provinciale\/#breadcrumb"},"inLanguage":"fr-FR","potentialAction":[{"@type":"ReadAction","target":["https:\/\/www.bellunopress.it\/2019\/11\/30\/la-pioggia-non-ha-fermato-i-bersaglieri-domenica-scorsa-a-tisoi-per-il-raduno-provinciale\/"]}]},{"@type":"ImageObject","inLanguage":"fr-FR","@id":"https:\/\/www.bellunopress.it\/2019\/11\/30\/la-pioggia-non-ha-fermato-i-bersaglieri-domenica-scorsa-a-tisoi-per-il-raduno-provinciale\/#primaryimage","url":"http:\/\/www.bellunopress.it\/wp-content\/uploads\/2019\/11\/bersaglieri-raduno-tisoi.jpg","contentUrl":"http:\/\/www.bellunopress.it\/wp-content\/uploads\/2019\/11\/bersaglieri-raduno-tisoi.jpg"},{"@type":"BreadcrumbList","@id":"https:\/\/www.bellunopress.it\/2019\/11\/30\/la-pioggia-non-ha-fermato-i-bersaglieri-domenica-scorsa-a-tisoi-per-il-raduno-provinciale\/#breadcrumb","itemListElement":[{"@type":"ListItem","position":1,"name":"Home","item":"https:\/\/www.bellunopress.it\/"},{"@type":"ListItem","position":2,"name":"La pioggia non ha fermato i bersaglieri domenica scorsa a Tisoi per il Raduno provinciale"}]},{"@type":"WebSite","@id":"https:\/\/www.bellunopress.it\/#website","url":"https:\/\/www.bellunopress.it\/","name":"Bellunopress - Dolomiti","description":"e-mail: redazione@bellunopress.it","publisher":{"@id":"https:\/\/www.bellunopress.it\/#organization"},"potentialAction":[{"@type":"SearchAction","target":{"@type":"EntryPoint","urlTemplate":"https:\/\/www.bellunopress.it\/?s={search_term_string}"},"query-input":{"@type":"PropertyValueSpecification","valueRequired":true,"valueName":"search_term_string"}}],"inLanguage":"fr-FR"},{"@type":"Organization","@id":"https:\/\/www.bellunopress.it\/#organization","name":"Bellunopress","url":"https:\/\/www.bellunopress.it\/","logo":{"@type":"ImageObject","inLanguage":"fr-FR","@id":"https:\/\/www.bellunopress.it\/#\/schema\/logo\/image\/","url":"https:\/\/www.bellunopress.it\/wp-content\/uploads\/2011\/05\/cropped-logo-bellunopress-.jpg","contentUrl":"https:\/\/www.bellunopress.it\/wp-content\/uploads\/2011\/05\/cropped-logo-bellunopress-.jpg","width":512,"height":512,"caption":"Bellunopress"},"image":{"@id":"https:\/\/www.bellunopress.it\/#\/schema\/logo\/image\/"},"sameAs":["https:\/\/www.facebook.com\/profile.php?id=100008943462799","https:\/\/x.com\/bellunopress","https:\/\/www.linkedin.com\/hp\/?dnr=JBzUWaJfMUw8vbXJJ2tVW5-I3jZKvC4wsoxE&amp;amp;amp;amp;amp;amp;trk=nav_responsive_tab_home","https:\/\/www.youtube.com\/channel\/UCxL0wu1uN0_3_7hGG0306cw"]},{"@type":"Person","@id":"https:\/\/www.bellunopress.it\/#\/schema\/person\/79bb06722b37ece1c03d3e94beb30d73","name":"r\u00e9daction","image":{"@type":"ImageObject","inLanguage":"fr-FR","@id":"https:\/\/secure.gravatar.com\/avatar\/37d968a2e67a6fd04c169c4bdef102d0bc5d31b2546345219e348575eb80e9a0?s=96&d=mm&r=g","url":"https:\/\/secure.gravatar.com\/avatar\/37d968a2e67a6fd04c169c4bdef102d0bc5d31b2546345219e348575eb80e9a0?s=96&d=mm&r=g","contentUrl":"https:\/\/secure.gravatar.com\/avatar\/37d968a2e67a6fd04c169c4bdef102d0bc5d31b2546345219e348575eb80e9a0?s=96&d=mm&r=g","caption":"redazione"},"sameAs":["http:\/\/www.bellunopress.it","https:\/\/x.com\/bellunopress"],"url":"https:\/\/www.bellunopress.it\/fr\/author\/redazione\/"}]}},"_links":{"self":[{"href":"https:\/\/www.bellunopress.it\/fr\/wp-json\/wp\/v2\/posts\/110063","targetHints":{"allow":["GET"]}}],"collection":[{"href":"https:\/\/www.bellunopress.it\/fr\/wp-json\/wp\/v2\/posts"}],"about":[{"href":"https:\/\/www.bellunopress.it\/fr\/wp-json\/wp\/v2\/types\/post"}],"author":[{"embeddable":true,"href":"https:\/\/www.bellunopress.it\/fr\/wp-json\/wp\/v2\/users\/2"}],"replies":[{"embeddable":true,"href":"https:\/\/www.bellunopress.it\/fr\/wp-json\/wp\/v2\/comments?post=110063"}],"version-history":[{"count":2,"href":"https:\/\/www.bellunopress.it\/fr\/wp-json\/wp\/v2\/posts\/110063\/revisions"}],"predecessor-version":[{"id":110066,"href":"https:\/\/www.bellunopress.it\/fr\/wp-json\/wp\/v2\/posts\/110063\/revisions\/110066"}],"wp:attachment":[{"href":"https:\/\/www.bellunopress.it\/fr\/wp-json\/wp\/v2\/media?parent=110063"}],"wp:term":[{"taxonomy":"category","embeddable":true,"href":"https:\/\/www.bellunopress.it\/fr\/wp-json\/wp\/v2\/categories?post=110063"},{"taxonomy":"post_tag","embeddable":true,"href":"https:\/\/www.bellunopress.it\/fr\/wp-json\/wp\/v2\/tags?post=110063"}],"curies":[{"name":"wp","href":"https:\/\/api.w.org\/{rel}","templated":true}]}}