{"id":110053,"date":"2019-11-29T14:22:02","date_gmt":"2019-11-29T13:22:02","guid":{"rendered":"http:\/\/www.bellunopress.it\/?p=110053"},"modified":"2019-11-29T14:22:03","modified_gmt":"2019-11-29T13:22:03","slug":"attivita-della-polizia-provinciale-de-bon-la-squadra-catture-e-il-fiore-allocchiello-del-corpo","status":"publish","type":"post","link":"https:\/\/www.bellunopress.it\/fr\/2019\/11\/29\/attivita-della-polizia-provinciale-de-bon-la-squadra-catture-e-il-fiore-allocchiello-del-corpo\/","title":{"rendered":"Attivit\u00e0 della Polizia provinciale. De Bon: &#8220;La squadra catture \u00e8 il fiore all&#8217;occhiello del Corpo&#8221;"},"content":{"rendered":"<p><a href=\"http:\/\/www.bellunopress.it\/fr\/2019\/11\/29\/attivita-della-polizia-provinciale-de-bon-la-squadra-catture-e-il-fiore-allocchiello-del-corpo\/polizia-provinciale-2\/\" rel=\"attachment wp-att-110054\"><img loading=\"lazy\" decoding=\"async\" class=\"alignleft size-full wp-image-110054\" src=\"http:\/\/www.bellunopress.it\/wp-content\/uploads\/2019\/11\/polizia-provinciale.jpg\" alt=\"\" width=\"196\" height=\"300\" \/><\/a>Contrasto del fenomeno del bracconaggio e vigilanza in materia di caccia e pesca. Ma anche sopralluoghi sui danni provocati da fauna selvatica, monitoraggio del patrimonio faunistico e interventi di supporto ai servizi veterinari per gli animali domestici.<\/p>\n<p>\u00c8 la vasta gamma delle professionalit\u00e0 della Polizia Provinciale, che nonostante la riduzione del personale, continua a garantire una serie di servizi professionali al territorio bellunese.<\/p>\n<p>\u00abLo si \u00e8 visto in occasione della liberazione dei due cervi, a Cortina, un mese e mezzo fa, e del rilascio del gallo cedrone di Rio Gere &#8211; commenta il consigliere provinciale delegato Franco De Bon -. Ma il personale della Polizia Provinciale svolge una serie di altri compiti che spesso sono poco visibili, eppure hanno un\u2019importanza straordinaria per tutto il territorio\u00bb.<\/p>\n<p>I numeri sono abbastanza eloquenti. Al 20 novembre, la Polizia Provinciale ha fatto 12 comunicazioni di notizia di reato e ha deferito all\u2019autorit\u00e0 giudiziaria 8 persone per reati connessi al bracconaggio. Ha prestato la propria collaborazione in 4 operazioni congiunte con altre forze di polizia. Ha sequestrato 15 fucili e diverse decine di trappole e congegni atti alla cattura di animali (soprattutto per l\u2019uccellagione). Inoltre, ha liberato 24 esemplari di fauna selvatica illecitamente catturati, ed eseguito oltre un centinaio di servizi serali di controllo.<br \/>\nPer quanto riguarda il supporto alle attivit\u00e0 agricole, gli agenti della Provincia hanno effettuato diversi sopralluoghi sui danni provocati da fauna selvatica: 49 per il lupo e circa 130 per danni alle coltivazioni da cinghiali e cervi.<br \/>\nOltre alla vigilanza e al coordinamento delle guardie volontarie per l\u2019attivit\u00e0 della pesca, la Polizia Provinciale interviene anche nel recupero e gestione degli animali incidentati, in collaborazione con il Centro Recupero di Treviso; e coordina i censimenti della fauna selvatica in collaborazione con le riserve alpine (quest\u2019anno si contano 36 giornate di censimento).<\/p>\n<p>\u00abIl fiore all\u2019occhiello \u00e8 rappresentato dalla squadra catture, che abbiamo visto all\u2019opera con il cervo vagante nel centro di Cortina &#8211; afferma Franco De Bon -. Periodicamente ci sono cervi e caprioli che entrano nei centri abitati. Gli agenti, specializzati nella cattura con sedativo, intervengono anche per aiutare i servizi veterinari in presenza di animali domestici che scappano\u00bb.<\/p>","protected":false},"excerpt":{"rendered":"<p>Contrasto del fenomeno del bracconaggio e vigilanza in materia di caccia e pesca. Ma anche sopralluoghi sui danni provocati da fauna selvatica, monitoraggio del patrimonio faunistico e interventi di supporto ai servizi veterinari per gli animali domestici. \u00c8 la vasta gamma delle professionalit\u00e0 della Polizia Provinciale, che nonostante la riduzione del personale, continua a garantire [&hellip;]<\/p>\n","protected":false},"author":2,"featured_media":0,"comment_status":"closed","ping_status":"open","sticky":false,"template":"","format":"standard","meta":{"footnotes":""},"categories":[38,26,8],"tags":[],"class_list":["post-110053","post","type-post","status-publish","format-standard","category-natura-ambiente","category-prima-pagina","category-societa-istituzioni"],"yoast_head":"<!-- This site is optimized with the Yoast SEO plugin v28.4 - https:\/\/yoast.com\/product\/yoast-seo-wordpress\/ -->\n<title>Attivit\u00e0 della Polizia provinciale. De Bon: &quot;La squadra catture \u00e8 il fiore all&#039;occhiello del Corpo&quot; - Bellunopress - Dolomiti<\/title>\n<meta name=\"robots\" content=\"index, follow, max-snippet:-1, max-image-preview:large, max-video-preview:-1\" \/>\n<link rel=\"canonical\" href=\"https:\/\/www.bellunopress.it\/fr\/2019\/11\/29\/attivita-della-polizia-provinciale-de-bon-la-squadra-catture-e-il-fiore-allocchiello-del-corpo\/\" \/>\n<meta property=\"og:locale\" content=\"fr_FR\" \/>\n<meta property=\"og:type\" content=\"article\" \/>\n<meta property=\"og:title\" content=\"Attivit\u00e0 della Polizia provinciale. De Bon: &quot;La squadra catture \u00e8 il fiore all&#039;occhiello del Corpo&quot; - Bellunopress - Dolomiti\" \/>\n<meta property=\"og:description\" content=\"Contrasto del fenomeno del bracconaggio e vigilanza in materia di caccia e pesca. Ma anche sopralluoghi sui danni provocati da fauna selvatica, monitoraggio del patrimonio faunistico e interventi di supporto ai servizi veterinari per gli animali domestici. \u00c8 la vasta gamma delle professionalit\u00e0 della Polizia Provinciale, che nonostante la riduzione del personale, continua a garantire [&hellip;]\" \/>\n<meta property=\"og:url\" content=\"https:\/\/www.bellunopress.it\/fr\/2019\/11\/29\/attivita-della-polizia-provinciale-de-bon-la-squadra-catture-e-il-fiore-allocchiello-del-corpo\/\" \/>\n<meta property=\"og:site_name\" content=\"Bellunopress - Dolomiti\" \/>\n<meta property=\"article:publisher\" content=\"https:\/\/www.facebook.com\/profile.php?id=100008943462799\" \/>\n<meta property=\"article:published_time\" content=\"2019-11-29T13:22:02+00:00\" \/>\n<meta property=\"article:modified_time\" content=\"2019-11-29T13:22:03+00:00\" \/>\n<meta property=\"og:image\" content=\"http:\/\/www.bellunopress.it\/wp-content\/uploads\/2019\/11\/polizia-provinciale.jpg\" \/>\n<meta name=\"author\" content=\"redazione\" \/>\n<meta name=\"twitter:card\" content=\"summary_large_image\" \/>\n<meta name=\"twitter:creator\" content=\"@bellunopress\" \/>\n<meta name=\"twitter:site\" content=\"@bellunopress\" \/>\n<meta name=\"twitter:label1\" content=\"\u00c9crit par\" \/>\n\t<meta name=\"twitter:data1\" content=\"redazione\" \/>\n\t<meta name=\"twitter:label2\" content=\"Dur\u00e9e de lecture estim\u00e9e\" \/>\n\t<meta name=\"twitter:data2\" content=\"2 minutes\" \/>\n<script type=\"application\/ld+json\" class=\"yoast-schema-graph\">{\"@context\":\"https:\\\/\\\/schema.org\",\"@graph\":[{\"@type\":\"Article\",\"@id\":\"https:\\\/\\\/www.bellunopress.it\\\/2019\\\/11\\\/29\\\/attivita-della-polizia-provinciale-de-bon-la-squadra-catture-e-il-fiore-allocchiello-del-corpo\\\/#article\",\"isPartOf\":{\"@id\":\"https:\\\/\\\/www.bellunopress.it\\\/2019\\\/11\\\/29\\\/attivita-della-polizia-provinciale-de-bon-la-squadra-catture-e-il-fiore-allocchiello-del-corpo\\\/\"},\"author\":{\"name\":\"redazione\",\"@id\":\"https:\\\/\\\/www.bellunopress.it\\\/#\\\/schema\\\/person\\\/79bb06722b37ece1c03d3e94beb30d73\"},\"headline\":\"Attivit\u00e0 della Polizia provinciale. De Bon: &#8220;La squadra catture \u00e8 il fiore all&#8217;occhiello del Corpo&#8221;\",\"datePublished\":\"2019-11-29T13:22:02+00:00\",\"dateModified\":\"2019-11-29T13:22:03+00:00\",\"mainEntityOfPage\":{\"@id\":\"https:\\\/\\\/www.bellunopress.it\\\/2019\\\/11\\\/29\\\/attivita-della-polizia-provinciale-de-bon-la-squadra-catture-e-il-fiore-allocchiello-del-corpo\\\/\"},\"wordCount\":367,\"publisher\":{\"@id\":\"https:\\\/\\\/www.bellunopress.it\\\/#organization\"},\"image\":{\"@id\":\"https:\\\/\\\/www.bellunopress.it\\\/2019\\\/11\\\/29\\\/attivita-della-polizia-provinciale-de-bon-la-squadra-catture-e-il-fiore-allocchiello-del-corpo\\\/#primaryimage\"},\"thumbnailUrl\":\"http:\\\/\\\/www.bellunopress.it\\\/wp-content\\\/uploads\\\/2019\\\/11\\\/polizia-provinciale.jpg\",\"articleSection\":[\"Meteo, natura, ambiente, animali\",\"Prima Pagina\",\"Societ\u00e0, Associazioni, Istituzioni\"],\"inLanguage\":\"fr-FR\"},{\"@type\":\"WebPage\",\"@id\":\"https:\\\/\\\/www.bellunopress.it\\\/2019\\\/11\\\/29\\\/attivita-della-polizia-provinciale-de-bon-la-squadra-catture-e-il-fiore-allocchiello-del-corpo\\\/\",\"url\":\"https:\\\/\\\/www.bellunopress.it\\\/2019\\\/11\\\/29\\\/attivita-della-polizia-provinciale-de-bon-la-squadra-catture-e-il-fiore-allocchiello-del-corpo\\\/\",\"name\":\"Attivit\u00e0 della Polizia provinciale. De Bon: \\\"La squadra catture \u00e8 il fiore all'occhiello del Corpo\\\" - Bellunopress - Dolomiti\",\"isPartOf\":{\"@id\":\"https:\\\/\\\/www.bellunopress.it\\\/#website\"},\"primaryImageOfPage\":{\"@id\":\"https:\\\/\\\/www.bellunopress.it\\\/2019\\\/11\\\/29\\\/attivita-della-polizia-provinciale-de-bon-la-squadra-catture-e-il-fiore-allocchiello-del-corpo\\\/#primaryimage\"},\"image\":{\"@id\":\"https:\\\/\\\/www.bellunopress.it\\\/2019\\\/11\\\/29\\\/attivita-della-polizia-provinciale-de-bon-la-squadra-catture-e-il-fiore-allocchiello-del-corpo\\\/#primaryimage\"},\"thumbnailUrl\":\"http:\\\/\\\/www.bellunopress.it\\\/wp-content\\\/uploads\\\/2019\\\/11\\\/polizia-provinciale.jpg\",\"datePublished\":\"2019-11-29T13:22:02+00:00\",\"dateModified\":\"2019-11-29T13:22:03+00:00\",\"breadcrumb\":{\"@id\":\"https:\\\/\\\/www.bellunopress.it\\\/2019\\\/11\\\/29\\\/attivita-della-polizia-provinciale-de-bon-la-squadra-catture-e-il-fiore-allocchiello-del-corpo\\\/#breadcrumb\"},\"inLanguage\":\"fr-FR\",\"potentialAction\":[{\"@type\":\"ReadAction\",\"target\":[\"https:\\\/\\\/www.bellunopress.it\\\/2019\\\/11\\\/29\\\/attivita-della-polizia-provinciale-de-bon-la-squadra-catture-e-il-fiore-allocchiello-del-corpo\\\/\"]}]},{\"@type\":\"ImageObject\",\"inLanguage\":\"fr-FR\",\"@id\":\"https:\\\/\\\/www.bellunopress.it\\\/2019\\\/11\\\/29\\\/attivita-della-polizia-provinciale-de-bon-la-squadra-catture-e-il-fiore-allocchiello-del-corpo\\\/#primaryimage\",\"url\":\"http:\\\/\\\/www.bellunopress.it\\\/wp-content\\\/uploads\\\/2019\\\/11\\\/polizia-provinciale.jpg\",\"contentUrl\":\"http:\\\/\\\/www.bellunopress.it\\\/wp-content\\\/uploads\\\/2019\\\/11\\\/polizia-provinciale.jpg\"},{\"@type\":\"BreadcrumbList\",\"@id\":\"https:\\\/\\\/www.bellunopress.it\\\/2019\\\/11\\\/29\\\/attivita-della-polizia-provinciale-de-bon-la-squadra-catture-e-il-fiore-allocchiello-del-corpo\\\/#breadcrumb\",\"itemListElement\":[{\"@type\":\"ListItem\",\"position\":1,\"name\":\"Home\",\"item\":\"https:\\\/\\\/www.bellunopress.it\\\/\"},{\"@type\":\"ListItem\",\"position\":2,\"name\":\"Attivit\u00e0 della Polizia provinciale. De Bon: &#8220;La squadra catture \u00e8 il fiore all&#8217;occhiello del Corpo&#8221;\"}]},{\"@type\":\"WebSite\",\"@id\":\"https:\\\/\\\/www.bellunopress.it\\\/#website\",\"url\":\"https:\\\/\\\/www.bellunopress.it\\\/\",\"name\":\"Bellunopress - Dolomiti\",\"description\":\"e-mail: redazione@bellunopress.it\",\"publisher\":{\"@id\":\"https:\\\/\\\/www.bellunopress.it\\\/#organization\"},\"potentialAction\":[{\"@type\":\"SearchAction\",\"target\":{\"@type\":\"EntryPoint\",\"urlTemplate\":\"https:\\\/\\\/www.bellunopress.it\\\/?s={search_term_string}\"},\"query-input\":{\"@type\":\"PropertyValueSpecification\",\"valueRequired\":true,\"valueName\":\"search_term_string\"}}],\"inLanguage\":\"fr-FR\"},{\"@type\":\"Organization\",\"@id\":\"https:\\\/\\\/www.bellunopress.it\\\/#organization\",\"name\":\"Bellunopress\",\"url\":\"https:\\\/\\\/www.bellunopress.it\\\/\",\"logo\":{\"@type\":\"ImageObject\",\"inLanguage\":\"fr-FR\",\"@id\":\"https:\\\/\\\/www.bellunopress.it\\\/#\\\/schema\\\/logo\\\/image\\\/\",\"url\":\"https:\\\/\\\/www.bellunopress.it\\\/wp-content\\\/uploads\\\/2011\\\/05\\\/cropped-logo-bellunopress-.jpg\",\"contentUrl\":\"https:\\\/\\\/www.bellunopress.it\\\/wp-content\\\/uploads\\\/2011\\\/05\\\/cropped-logo-bellunopress-.jpg\",\"width\":512,\"height\":512,\"caption\":\"Bellunopress\"},\"image\":{\"@id\":\"https:\\\/\\\/www.bellunopress.it\\\/#\\\/schema\\\/logo\\\/image\\\/\"},\"sameAs\":[\"https:\\\/\\\/www.facebook.com\\\/profile.php?id=100008943462799\",\"https:\\\/\\\/x.com\\\/bellunopress\",\"https:\\\/\\\/www.linkedin.com\\\/hp\\\/?dnr=JBzUWaJfMUw8vbXJJ2tVW5-I3jZKvC4wsoxE&amp;amp;amp;amp;amp;amp;trk=nav_responsive_tab_home\",\"https:\\\/\\\/www.youtube.com\\\/channel\\\/UCxL0wu1uN0_3_7hGG0306cw\"]},{\"@type\":\"Person\",\"@id\":\"https:\\\/\\\/www.bellunopress.it\\\/#\\\/schema\\\/person\\\/79bb06722b37ece1c03d3e94beb30d73\",\"name\":\"redazione\",\"image\":{\"@type\":\"ImageObject\",\"inLanguage\":\"fr-FR\",\"@id\":\"https:\\\/\\\/secure.gravatar.com\\\/avatar\\\/37d968a2e67a6fd04c169c4bdef102d0bc5d31b2546345219e348575eb80e9a0?s=96&d=mm&r=g\",\"url\":\"https:\\\/\\\/secure.gravatar.com\\\/avatar\\\/37d968a2e67a6fd04c169c4bdef102d0bc5d31b2546345219e348575eb80e9a0?s=96&d=mm&r=g\",\"contentUrl\":\"https:\\\/\\\/secure.gravatar.com\\\/avatar\\\/37d968a2e67a6fd04c169c4bdef102d0bc5d31b2546345219e348575eb80e9a0?s=96&d=mm&r=g\",\"caption\":\"redazione\"},\"sameAs\":[\"http:\\\/\\\/www.bellunopress.it\",\"https:\\\/\\\/x.com\\\/bellunopress\"],\"url\":\"https:\\\/\\\/www.bellunopress.it\\\/fr\\\/author\\\/redazione\\\/\"}]}<\/script>\n<!-- \/ Yoast SEO plugin. -->","yoast_head_json":{"title":"Attivit\u00e0 della Polizia provinciale. De Bon: \"La squadra catture \u00e8 il fiore all'occhiello del Corpo\" - Bellunopress - Dolomiti","robots":{"index":"index","follow":"follow","max-snippet":"max-snippet:-1","max-image-preview":"max-image-preview:large","max-video-preview":"max-video-preview:-1"},"canonical":"https:\/\/www.bellunopress.it\/fr\/2019\/11\/29\/attivita-della-polizia-provinciale-de-bon-la-squadra-catture-e-il-fiore-allocchiello-del-corpo\/","og_locale":"fr_FR","og_type":"article","og_title":"Attivit\u00e0 della Polizia provinciale. De Bon: \"La squadra catture \u00e8 il fiore all'occhiello del Corpo\" - Bellunopress - Dolomiti","og_description":"Contrasto del fenomeno del bracconaggio e vigilanza in materia di caccia e pesca. Ma anche sopralluoghi sui danni provocati da fauna selvatica, monitoraggio del patrimonio faunistico e interventi di supporto ai servizi veterinari per gli animali domestici. \u00c8 la vasta gamma delle professionalit\u00e0 della Polizia Provinciale, che nonostante la riduzione del personale, continua a garantire [&hellip;]","og_url":"https:\/\/www.bellunopress.it\/fr\/2019\/11\/29\/attivita-della-polizia-provinciale-de-bon-la-squadra-catture-e-il-fiore-allocchiello-del-corpo\/","og_site_name":"Bellunopress - Dolomiti","article_publisher":"https:\/\/www.facebook.com\/profile.php?id=100008943462799","article_published_time":"2019-11-29T13:22:02+00:00","article_modified_time":"2019-11-29T13:22:03+00:00","og_image":[{"url":"http:\/\/www.bellunopress.it\/wp-content\/uploads\/2019\/11\/polizia-provinciale.jpg","type":"","width":"","height":""}],"author":"redazione","twitter_card":"summary_large_image","twitter_creator":"@bellunopress","twitter_site":"@bellunopress","twitter_misc":{"\u00c9crit par":"redazione","Dur\u00e9e de lecture estim\u00e9e":"2 minutes"},"schema":{"@context":"https:\/\/schema.org","@graph":[{"@type":"Article","@id":"https:\/\/www.bellunopress.it\/2019\/11\/29\/attivita-della-polizia-provinciale-de-bon-la-squadra-catture-e-il-fiore-allocchiello-del-corpo\/#article","isPartOf":{"@id":"https:\/\/www.bellunopress.it\/2019\/11\/29\/attivita-della-polizia-provinciale-de-bon-la-squadra-catture-e-il-fiore-allocchiello-del-corpo\/"},"author":{"name":"redazione","@id":"https:\/\/www.bellunopress.it\/#\/schema\/person\/79bb06722b37ece1c03d3e94beb30d73"},"headline":"Attivit\u00e0 della Polizia provinciale. De Bon: &#8220;La squadra catture \u00e8 il fiore all&#8217;occhiello del Corpo&#8221;","datePublished":"2019-11-29T13:22:02+00:00","dateModified":"2019-11-29T13:22:03+00:00","mainEntityOfPage":{"@id":"https:\/\/www.bellunopress.it\/2019\/11\/29\/attivita-della-polizia-provinciale-de-bon-la-squadra-catture-e-il-fiore-allocchiello-del-corpo\/"},"wordCount":367,"publisher":{"@id":"https:\/\/www.bellunopress.it\/#organization"},"image":{"@id":"https:\/\/www.bellunopress.it\/2019\/11\/29\/attivita-della-polizia-provinciale-de-bon-la-squadra-catture-e-il-fiore-allocchiello-del-corpo\/#primaryimage"},"thumbnailUrl":"http:\/\/www.bellunopress.it\/wp-content\/uploads\/2019\/11\/polizia-provinciale.jpg","articleSection":["Meteo, natura, ambiente, animali","Prima Pagina","Societ\u00e0, Associazioni, Istituzioni"],"inLanguage":"fr-FR"},{"@type":"WebPage","@id":"https:\/\/www.bellunopress.it\/2019\/11\/29\/attivita-della-polizia-provinciale-de-bon-la-squadra-catture-e-il-fiore-allocchiello-del-corpo\/","url":"https:\/\/www.bellunopress.it\/2019\/11\/29\/attivita-della-polizia-provinciale-de-bon-la-squadra-catture-e-il-fiore-allocchiello-del-corpo\/","name":"Attivit\u00e0 della Polizia provinciale. De Bon: \"La squadra catture \u00e8 il fiore all'occhiello del Corpo\" - Bellunopress - Dolomiti","isPartOf":{"@id":"https:\/\/www.bellunopress.it\/#website"},"primaryImageOfPage":{"@id":"https:\/\/www.bellunopress.it\/2019\/11\/29\/attivita-della-polizia-provinciale-de-bon-la-squadra-catture-e-il-fiore-allocchiello-del-corpo\/#primaryimage"},"image":{"@id":"https:\/\/www.bellunopress.it\/2019\/11\/29\/attivita-della-polizia-provinciale-de-bon-la-squadra-catture-e-il-fiore-allocchiello-del-corpo\/#primaryimage"},"thumbnailUrl":"http:\/\/www.bellunopress.it\/wp-content\/uploads\/2019\/11\/polizia-provinciale.jpg","datePublished":"2019-11-29T13:22:02+00:00","dateModified":"2019-11-29T13:22:03+00:00","breadcrumb":{"@id":"https:\/\/www.bellunopress.it\/2019\/11\/29\/attivita-della-polizia-provinciale-de-bon-la-squadra-catture-e-il-fiore-allocchiello-del-corpo\/#breadcrumb"},"inLanguage":"fr-FR","potentialAction":[{"@type":"ReadAction","target":["https:\/\/www.bellunopress.it\/2019\/11\/29\/attivita-della-polizia-provinciale-de-bon-la-squadra-catture-e-il-fiore-allocchiello-del-corpo\/"]}]},{"@type":"ImageObject","inLanguage":"fr-FR","@id":"https:\/\/www.bellunopress.it\/2019\/11\/29\/attivita-della-polizia-provinciale-de-bon-la-squadra-catture-e-il-fiore-allocchiello-del-corpo\/#primaryimage","url":"http:\/\/www.bellunopress.it\/wp-content\/uploads\/2019\/11\/polizia-provinciale.jpg","contentUrl":"http:\/\/www.bellunopress.it\/wp-content\/uploads\/2019\/11\/polizia-provinciale.jpg"},{"@type":"BreadcrumbList","@id":"https:\/\/www.bellunopress.it\/2019\/11\/29\/attivita-della-polizia-provinciale-de-bon-la-squadra-catture-e-il-fiore-allocchiello-del-corpo\/#breadcrumb","itemListElement":[{"@type":"ListItem","position":1,"name":"Home","item":"https:\/\/www.bellunopress.it\/"},{"@type":"ListItem","position":2,"name":"Attivit\u00e0 della Polizia provinciale. De Bon: &#8220;La squadra catture \u00e8 il fiore all&#8217;occhiello del Corpo&#8221;"}]},{"@type":"WebSite","@id":"https:\/\/www.bellunopress.it\/#website","url":"https:\/\/www.bellunopress.it\/","name":"Bellunopress - Dolomiti","description":"e-mail: redazione@bellunopress.it","publisher":{"@id":"https:\/\/www.bellunopress.it\/#organization"},"potentialAction":[{"@type":"SearchAction","target":{"@type":"EntryPoint","urlTemplate":"https:\/\/www.bellunopress.it\/?s={search_term_string}"},"query-input":{"@type":"PropertyValueSpecification","valueRequired":true,"valueName":"search_term_string"}}],"inLanguage":"fr-FR"},{"@type":"Organization","@id":"https:\/\/www.bellunopress.it\/#organization","name":"Bellunopress","url":"https:\/\/www.bellunopress.it\/","logo":{"@type":"ImageObject","inLanguage":"fr-FR","@id":"https:\/\/www.bellunopress.it\/#\/schema\/logo\/image\/","url":"https:\/\/www.bellunopress.it\/wp-content\/uploads\/2011\/05\/cropped-logo-bellunopress-.jpg","contentUrl":"https:\/\/www.bellunopress.it\/wp-content\/uploads\/2011\/05\/cropped-logo-bellunopress-.jpg","width":512,"height":512,"caption":"Bellunopress"},"image":{"@id":"https:\/\/www.bellunopress.it\/#\/schema\/logo\/image\/"},"sameAs":["https:\/\/www.facebook.com\/profile.php?id=100008943462799","https:\/\/x.com\/bellunopress","https:\/\/www.linkedin.com\/hp\/?dnr=JBzUWaJfMUw8vbXJJ2tVW5-I3jZKvC4wsoxE&amp;amp;amp;amp;amp;amp;trk=nav_responsive_tab_home","https:\/\/www.youtube.com\/channel\/UCxL0wu1uN0_3_7hGG0306cw"]},{"@type":"Person","@id":"https:\/\/www.bellunopress.it\/#\/schema\/person\/79bb06722b37ece1c03d3e94beb30d73","name":"r\u00e9daction","image":{"@type":"ImageObject","inLanguage":"fr-FR","@id":"https:\/\/secure.gravatar.com\/avatar\/37d968a2e67a6fd04c169c4bdef102d0bc5d31b2546345219e348575eb80e9a0?s=96&d=mm&r=g","url":"https:\/\/secure.gravatar.com\/avatar\/37d968a2e67a6fd04c169c4bdef102d0bc5d31b2546345219e348575eb80e9a0?s=96&d=mm&r=g","contentUrl":"https:\/\/secure.gravatar.com\/avatar\/37d968a2e67a6fd04c169c4bdef102d0bc5d31b2546345219e348575eb80e9a0?s=96&d=mm&r=g","caption":"redazione"},"sameAs":["http:\/\/www.bellunopress.it","https:\/\/x.com\/bellunopress"],"url":"https:\/\/www.bellunopress.it\/fr\/author\/redazione\/"}]}},"_links":{"self":[{"href":"https:\/\/www.bellunopress.it\/fr\/wp-json\/wp\/v2\/posts\/110053","targetHints":{"allow":["GET"]}}],"collection":[{"href":"https:\/\/www.bellunopress.it\/fr\/wp-json\/wp\/v2\/posts"}],"about":[{"href":"https:\/\/www.bellunopress.it\/fr\/wp-json\/wp\/v2\/types\/post"}],"author":[{"embeddable":true,"href":"https:\/\/www.bellunopress.it\/fr\/wp-json\/wp\/v2\/users\/2"}],"replies":[{"embeddable":true,"href":"https:\/\/www.bellunopress.it\/fr\/wp-json\/wp\/v2\/comments?post=110053"}],"version-history":[{"count":2,"href":"https:\/\/www.bellunopress.it\/fr\/wp-json\/wp\/v2\/posts\/110053\/revisions"}],"predecessor-version":[{"id":110056,"href":"https:\/\/www.bellunopress.it\/fr\/wp-json\/wp\/v2\/posts\/110053\/revisions\/110056"}],"wp:attachment":[{"href":"https:\/\/www.bellunopress.it\/fr\/wp-json\/wp\/v2\/media?parent=110053"}],"wp:term":[{"taxonomy":"category","embeddable":true,"href":"https:\/\/www.bellunopress.it\/fr\/wp-json\/wp\/v2\/categories?post=110053"},{"taxonomy":"post_tag","embeddable":true,"href":"https:\/\/www.bellunopress.it\/fr\/wp-json\/wp\/v2\/tags?post=110053"}],"curies":[{"name":"wp","href":"https:\/\/api.w.org\/{rel}","templated":true}]}}