{"id":110051,"date":"2019-11-29T19:25:50","date_gmt":"2019-11-29T18:25:50","guid":{"rendered":"http:\/\/www.bellunopress.it\/?p=110051"},"modified":"2019-11-29T13:28:53","modified_gmt":"2019-11-29T12:28:53","slug":"eccellenze-del-nord-est-le-imprese-piu-dinamiche-alla-carpenada-di-belluno-lunedi-il-focus-sulleconomia-i-commercialisti-analizzano-1500-imprese-bellunesi","status":"publish","type":"post","link":"https:\/\/www.bellunopress.it\/fr\/2019\/11\/29\/eccellenze-del-nord-est-le-imprese-piu-dinamiche-alla-carpenada-di-belluno-lunedi-il-focus-sulleconomia-i-commercialisti-analizzano-1500-imprese-bellunesi\/","title":{"rendered":"Eccellenze del Nord-Est: le imprese pi\u00f9 dinamiche. Alla Carpenada di Belluno luned\u00ec il focus sull&#8217;economia. I commercialisti analizzano 1500 imprese bellunesi"},"content":{"rendered":"<p>Arriva a Belluno la penultima tappa di &#8220;Eccellenze del Nord Est, le imprese pi\u00f9 dinamiche&#8221; luned\u00ec 02 dicembre 2019 dalle ore 17.00 alle ore 19.00 &#8211; al Park Hotel Villa Carpenada &#8211; via Mier, 158 &#8211; il road-show dei commercialisti, con l&#8217;Universit\u00e0 Ca&#8217; Foscari di Venezia come partner scientifico, che presenter\u00e0 le imprese pi\u00f9 dinamiche delle 13 province del Triveneto.<\/p>\n<figure id=\"attachment_100806\" aria-describedby=\"caption-attachment-100806\" style=\"width: 260px\" class=\"wp-caption alignleft\"><a href=\"http:\/\/www.bellunopress.it\/fr\/2018\/12\/29\/fattura-elettronica-invito-alla-calma-per-affrontare-un-cambiamento-epocale-di-michela-marrone-presidente-dellordine-dei-commercialisti\/michela-marrone-2\/\" rel=\"attachment wp-att-100806\"><img loading=\"lazy\" decoding=\"async\" class=\"size-full wp-image-100806\" src=\"http:\/\/www.bellunopress.it\/wp-content\/uploads\/2018\/12\/Michela-Marrone.jpg\" alt=\"\" width=\"260\" height=\"300\" \/><\/a><figcaption id=\"caption-attachment-100806\" class=\"wp-caption-text\">Michela Marrone<\/figcaption><\/figure>\n<p>Alle 17.00, dopo i saluti istituzionali di Michela Marrone presidente dell&#8217;Ordine dei Dottori Commercialisti e degli Esperti Contabili di Belluno, seguir\u00e0 l&#8217;intervento di Federica Monti, consigliere dell&#8217;ODCEC, che illustrer\u00e0 la ricerca sulle performance delle 1500 societ\u00e0 di capitali della provincia di Belluno.<\/p>\n<p>A seguire la tavola rotonda, moderata da Roberto Papetti direttore de Il Gazzettino, in cui imprenditori, economisti e professionisti si confronteranno sulle prospettive di rilancio per il territorio anche alla luce dei prossimi eventi sportivi mondiali e olimpionici, con gli interventi di: Michela Marrone presidente ODCEC Belluno; Giacomo Pasini professore Ordinario di Marketing&amp;Management, Universit\u00e0 Ca&#8217; Foscari; Lorraine Berton presidente Confindustria Belluno Dolomiti; Marco D&#8217;Eredit\u00e0 dirigente area servizi Camera di Commercio Treviso-Belluno; Gianmarco Russo direttore generale Veneto Sviluppo; Alessio Cremonese di Manifattura Valcismon Spa; Gherardo Manaigo di Hotel de La Poste Srl; Ezio De Pra di F.lli De Pra Spa; Andrea Biasiotto di Dolomitibus Spa; Renzo Minella di ANEF Veneto<\/p>\n<p>Sono 85 mila i bilanci analizzati delle societ\u00e0 di capitali del Triveneto, situate lungo i 400 km dell&#8217;asse immaginario da Bolzano a Trieste: un tessuto economico portante che copre i 40 mila chilometri quadrati tra Veneto, Trentino Alto Adige e Friuli Venezia Giulia, di cui sono parte gli 11 mila commercialisti. Sono questi alcuni dei numeri del progetto di analisi delle prestazioni delle societ\u00e0 di capitali del Triveneto sviluppato dai 13 Ordini dei Dottori Commercialisti e degli Esperti Contabili di Veneto, Trentino Alto Adige e Friuli Venezia Giulia, con l&#8217;Universit\u00e0 Ca&#8217; Foscari di Venezia.<\/p>\n<p>Dopo Venezia, Padova, Rovigo, Vicenza e Verona delle scorse settimane, l&#8217;ultima tappa veneta di &#8220;Eccellenze del Nord Est, le imprese pi\u00f9 dinamiche&#8221; sar\u00e0 il 4 dicembre a Treviso (H-Farm Big Rock, Tenuta Ca&#8217; Tron).<\/p>\n<p>L&#8217;evento \u00e8 gratuito, la cittadinanza \u00e8 invitata.<\/p>\n<p>Per informazioni, iscrizioni e l&#8217;anteprima del report: www.symposiumcommercialisti.it<\/p>","protected":false},"excerpt":{"rendered":"<p>Arriva a Belluno la penultima tappa di &#8220;Eccellenze del Nord Est, le imprese pi\u00f9 dinamiche&#8221; luned\u00ec 02 dicembre 2019 dalle ore 17.00 alle ore 19.00 &#8211; al Park Hotel Villa Carpenada &#8211; via Mier, 158 &#8211; il road-show dei commercialisti, con l&#8217;Universit\u00e0 Ca&#8217; Foscari di Venezia come partner scientifico, che presenter\u00e0 le imprese pi\u00f9 dinamiche [&hellip;]<\/p>\n","protected":false},"author":2,"featured_media":0,"comment_status":"closed","ping_status":"open","sticky":false,"template":"","format":"standard","meta":{"footnotes":""},"categories":[27,36,25],"tags":[],"class_list":["post-110051","post","type-post","status-publish","format-standard","category-appuntamenti","category-lavoro-economia","category-pausa-caffe"],"yoast_head":"<!-- This site is optimized with the Yoast SEO plugin v28.4 - https:\/\/yoast.com\/product\/yoast-seo-wordpress\/ -->\n<title>Eccellenze del Nord-Est: le imprese pi\u00f9 dinamiche. Alla Carpenada di Belluno luned\u00ec il focus sull&#039;economia. I commercialisti analizzano 1500 imprese bellunesi - Bellunopress - Dolomiti<\/title>\n<meta name=\"robots\" content=\"index, follow, max-snippet:-1, max-image-preview:large, max-video-preview:-1\" \/>\n<link rel=\"canonical\" href=\"https:\/\/www.bellunopress.it\/fr\/2019\/11\/29\/eccellenze-del-nord-est-le-imprese-piu-dinamiche-alla-carpenada-di-belluno-lunedi-il-focus-sulleconomia-i-commercialisti-analizzano-1500-imprese-bellunesi\/\" \/>\n<meta property=\"og:locale\" content=\"fr_FR\" \/>\n<meta property=\"og:type\" content=\"article\" \/>\n<meta property=\"og:title\" content=\"Eccellenze del Nord-Est: le imprese pi\u00f9 dinamiche. Alla Carpenada di Belluno luned\u00ec il focus sull&#039;economia. I commercialisti analizzano 1500 imprese bellunesi - Bellunopress - Dolomiti\" \/>\n<meta property=\"og:description\" content=\"Arriva a Belluno la penultima tappa di &#8220;Eccellenze del Nord Est, le imprese pi\u00f9 dinamiche&#8221; luned\u00ec 02 dicembre 2019 dalle ore 17.00 alle ore 19.00 &#8211; al Park Hotel Villa Carpenada &#8211; via Mier, 158 &#8211; il road-show dei commercialisti, con l&#8217;Universit\u00e0 Ca&#8217; Foscari di Venezia come partner scientifico, che presenter\u00e0 le imprese pi\u00f9 dinamiche [&hellip;]\" \/>\n<meta property=\"og:url\" content=\"https:\/\/www.bellunopress.it\/fr\/2019\/11\/29\/eccellenze-del-nord-est-le-imprese-piu-dinamiche-alla-carpenada-di-belluno-lunedi-il-focus-sulleconomia-i-commercialisti-analizzano-1500-imprese-bellunesi\/\" \/>\n<meta property=\"og:site_name\" content=\"Bellunopress - Dolomiti\" \/>\n<meta property=\"article:publisher\" content=\"https:\/\/www.facebook.com\/profile.php?id=100008943462799\" \/>\n<meta property=\"article:published_time\" content=\"2019-11-29T18:25:50+00:00\" \/>\n<meta property=\"og:image\" content=\"http:\/\/www.bellunopress.it\/wp-content\/uploads\/2018\/12\/Michela-Marrone.jpg\" \/>\n<meta name=\"author\" content=\"redazione\" \/>\n<meta name=\"twitter:card\" content=\"summary_large_image\" \/>\n<meta name=\"twitter:creator\" content=\"@bellunopress\" \/>\n<meta name=\"twitter:site\" content=\"@bellunopress\" \/>\n<meta name=\"twitter:label1\" content=\"\u00c9crit par\" \/>\n\t<meta name=\"twitter:data1\" content=\"redazione\" \/>\n\t<meta name=\"twitter:label2\" content=\"Dur\u00e9e de lecture estim\u00e9e\" \/>\n\t<meta name=\"twitter:data2\" content=\"2 minutes\" \/>\n<script type=\"application\/ld+json\" class=\"yoast-schema-graph\">{\"@context\":\"https:\\\/\\\/schema.org\",\"@graph\":[{\"@type\":\"Article\",\"@id\":\"https:\\\/\\\/www.bellunopress.it\\\/2019\\\/11\\\/29\\\/eccellenze-del-nord-est-le-imprese-piu-dinamiche-alla-carpenada-di-belluno-lunedi-il-focus-sulleconomia-i-commercialisti-analizzano-1500-imprese-bellunesi\\\/#article\",\"isPartOf\":{\"@id\":\"https:\\\/\\\/www.bellunopress.it\\\/2019\\\/11\\\/29\\\/eccellenze-del-nord-est-le-imprese-piu-dinamiche-alla-carpenada-di-belluno-lunedi-il-focus-sulleconomia-i-commercialisti-analizzano-1500-imprese-bellunesi\\\/\"},\"author\":{\"name\":\"redazione\",\"@id\":\"https:\\\/\\\/www.bellunopress.it\\\/#\\\/schema\\\/person\\\/79bb06722b37ece1c03d3e94beb30d73\"},\"headline\":\"Eccellenze del Nord-Est: le imprese pi\u00f9 dinamiche. Alla Carpenada di Belluno luned\u00ec il focus sull&#8217;economia. I commercialisti analizzano 1500 imprese bellunesi\",\"datePublished\":\"2019-11-29T18:25:50+00:00\",\"mainEntityOfPage\":{\"@id\":\"https:\\\/\\\/www.bellunopress.it\\\/2019\\\/11\\\/29\\\/eccellenze-del-nord-est-le-imprese-piu-dinamiche-alla-carpenada-di-belluno-lunedi-il-focus-sulleconomia-i-commercialisti-analizzano-1500-imprese-bellunesi\\\/\"},\"wordCount\":383,\"publisher\":{\"@id\":\"https:\\\/\\\/www.bellunopress.it\\\/#organization\"},\"image\":{\"@id\":\"https:\\\/\\\/www.bellunopress.it\\\/2019\\\/11\\\/29\\\/eccellenze-del-nord-est-le-imprese-piu-dinamiche-alla-carpenada-di-belluno-lunedi-il-focus-sulleconomia-i-commercialisti-analizzano-1500-imprese-bellunesi\\\/#primaryimage\"},\"thumbnailUrl\":\"http:\\\/\\\/www.bellunopress.it\\\/wp-content\\\/uploads\\\/2018\\\/12\\\/Michela-Marrone.jpg\",\"articleSection\":[\"Appuntamenti, Eventi\",\"Lavoro, Economia, Turismo\",\"Pausa Caff\u00e8\"],\"inLanguage\":\"fr-FR\"},{\"@type\":\"WebPage\",\"@id\":\"https:\\\/\\\/www.bellunopress.it\\\/2019\\\/11\\\/29\\\/eccellenze-del-nord-est-le-imprese-piu-dinamiche-alla-carpenada-di-belluno-lunedi-il-focus-sulleconomia-i-commercialisti-analizzano-1500-imprese-bellunesi\\\/\",\"url\":\"https:\\\/\\\/www.bellunopress.it\\\/2019\\\/11\\\/29\\\/eccellenze-del-nord-est-le-imprese-piu-dinamiche-alla-carpenada-di-belluno-lunedi-il-focus-sulleconomia-i-commercialisti-analizzano-1500-imprese-bellunesi\\\/\",\"name\":\"Eccellenze del Nord-Est: le imprese pi\u00f9 dinamiche. Alla Carpenada di Belluno luned\u00ec il focus sull'economia. I commercialisti analizzano 1500 imprese bellunesi - Bellunopress - Dolomiti\",\"isPartOf\":{\"@id\":\"https:\\\/\\\/www.bellunopress.it\\\/#website\"},\"primaryImageOfPage\":{\"@id\":\"https:\\\/\\\/www.bellunopress.it\\\/2019\\\/11\\\/29\\\/eccellenze-del-nord-est-le-imprese-piu-dinamiche-alla-carpenada-di-belluno-lunedi-il-focus-sulleconomia-i-commercialisti-analizzano-1500-imprese-bellunesi\\\/#primaryimage\"},\"image\":{\"@id\":\"https:\\\/\\\/www.bellunopress.it\\\/2019\\\/11\\\/29\\\/eccellenze-del-nord-est-le-imprese-piu-dinamiche-alla-carpenada-di-belluno-lunedi-il-focus-sulleconomia-i-commercialisti-analizzano-1500-imprese-bellunesi\\\/#primaryimage\"},\"thumbnailUrl\":\"http:\\\/\\\/www.bellunopress.it\\\/wp-content\\\/uploads\\\/2018\\\/12\\\/Michela-Marrone.jpg\",\"datePublished\":\"2019-11-29T18:25:50+00:00\",\"breadcrumb\":{\"@id\":\"https:\\\/\\\/www.bellunopress.it\\\/2019\\\/11\\\/29\\\/eccellenze-del-nord-est-le-imprese-piu-dinamiche-alla-carpenada-di-belluno-lunedi-il-focus-sulleconomia-i-commercialisti-analizzano-1500-imprese-bellunesi\\\/#breadcrumb\"},\"inLanguage\":\"fr-FR\",\"potentialAction\":[{\"@type\":\"ReadAction\",\"target\":[\"https:\\\/\\\/www.bellunopress.it\\\/2019\\\/11\\\/29\\\/eccellenze-del-nord-est-le-imprese-piu-dinamiche-alla-carpenada-di-belluno-lunedi-il-focus-sulleconomia-i-commercialisti-analizzano-1500-imprese-bellunesi\\\/\"]}]},{\"@type\":\"ImageObject\",\"inLanguage\":\"fr-FR\",\"@id\":\"https:\\\/\\\/www.bellunopress.it\\\/2019\\\/11\\\/29\\\/eccellenze-del-nord-est-le-imprese-piu-dinamiche-alla-carpenada-di-belluno-lunedi-il-focus-sulleconomia-i-commercialisti-analizzano-1500-imprese-bellunesi\\\/#primaryimage\",\"url\":\"http:\\\/\\\/www.bellunopress.it\\\/wp-content\\\/uploads\\\/2018\\\/12\\\/Michela-Marrone.jpg\",\"contentUrl\":\"http:\\\/\\\/www.bellunopress.it\\\/wp-content\\\/uploads\\\/2018\\\/12\\\/Michela-Marrone.jpg\"},{\"@type\":\"BreadcrumbList\",\"@id\":\"https:\\\/\\\/www.bellunopress.it\\\/2019\\\/11\\\/29\\\/eccellenze-del-nord-est-le-imprese-piu-dinamiche-alla-carpenada-di-belluno-lunedi-il-focus-sulleconomia-i-commercialisti-analizzano-1500-imprese-bellunesi\\\/#breadcrumb\",\"itemListElement\":[{\"@type\":\"ListItem\",\"position\":1,\"name\":\"Home\",\"item\":\"https:\\\/\\\/www.bellunopress.it\\\/\"},{\"@type\":\"ListItem\",\"position\":2,\"name\":\"Eccellenze del Nord-Est: le imprese pi\u00f9 dinamiche. Alla Carpenada di Belluno luned\u00ec il focus sull&#8217;economia. I commercialisti analizzano 1500 imprese bellunesi\"}]},{\"@type\":\"WebSite\",\"@id\":\"https:\\\/\\\/www.bellunopress.it\\\/#website\",\"url\":\"https:\\\/\\\/www.bellunopress.it\\\/\",\"name\":\"Bellunopress - Dolomiti\",\"description\":\"e-mail: redazione@bellunopress.it\",\"publisher\":{\"@id\":\"https:\\\/\\\/www.bellunopress.it\\\/#organization\"},\"potentialAction\":[{\"@type\":\"SearchAction\",\"target\":{\"@type\":\"EntryPoint\",\"urlTemplate\":\"https:\\\/\\\/www.bellunopress.it\\\/?s={search_term_string}\"},\"query-input\":{\"@type\":\"PropertyValueSpecification\",\"valueRequired\":true,\"valueName\":\"search_term_string\"}}],\"inLanguage\":\"fr-FR\"},{\"@type\":\"Organization\",\"@id\":\"https:\\\/\\\/www.bellunopress.it\\\/#organization\",\"name\":\"Bellunopress\",\"url\":\"https:\\\/\\\/www.bellunopress.it\\\/\",\"logo\":{\"@type\":\"ImageObject\",\"inLanguage\":\"fr-FR\",\"@id\":\"https:\\\/\\\/www.bellunopress.it\\\/#\\\/schema\\\/logo\\\/image\\\/\",\"url\":\"https:\\\/\\\/www.bellunopress.it\\\/wp-content\\\/uploads\\\/2011\\\/05\\\/cropped-logo-bellunopress-.jpg\",\"contentUrl\":\"https:\\\/\\\/www.bellunopress.it\\\/wp-content\\\/uploads\\\/2011\\\/05\\\/cropped-logo-bellunopress-.jpg\",\"width\":512,\"height\":512,\"caption\":\"Bellunopress\"},\"image\":{\"@id\":\"https:\\\/\\\/www.bellunopress.it\\\/#\\\/schema\\\/logo\\\/image\\\/\"},\"sameAs\":[\"https:\\\/\\\/www.facebook.com\\\/profile.php?id=100008943462799\",\"https:\\\/\\\/x.com\\\/bellunopress\",\"https:\\\/\\\/www.linkedin.com\\\/hp\\\/?dnr=JBzUWaJfMUw8vbXJJ2tVW5-I3jZKvC4wsoxE&amp;amp;amp;amp;amp;amp;trk=nav_responsive_tab_home\",\"https:\\\/\\\/www.youtube.com\\\/channel\\\/UCxL0wu1uN0_3_7hGG0306cw\"]},{\"@type\":\"Person\",\"@id\":\"https:\\\/\\\/www.bellunopress.it\\\/#\\\/schema\\\/person\\\/79bb06722b37ece1c03d3e94beb30d73\",\"name\":\"redazione\",\"image\":{\"@type\":\"ImageObject\",\"inLanguage\":\"fr-FR\",\"@id\":\"https:\\\/\\\/secure.gravatar.com\\\/avatar\\\/37d968a2e67a6fd04c169c4bdef102d0bc5d31b2546345219e348575eb80e9a0?s=96&d=mm&r=g\",\"url\":\"https:\\\/\\\/secure.gravatar.com\\\/avatar\\\/37d968a2e67a6fd04c169c4bdef102d0bc5d31b2546345219e348575eb80e9a0?s=96&d=mm&r=g\",\"contentUrl\":\"https:\\\/\\\/secure.gravatar.com\\\/avatar\\\/37d968a2e67a6fd04c169c4bdef102d0bc5d31b2546345219e348575eb80e9a0?s=96&d=mm&r=g\",\"caption\":\"redazione\"},\"sameAs\":[\"http:\\\/\\\/www.bellunopress.it\",\"https:\\\/\\\/x.com\\\/bellunopress\"],\"url\":\"https:\\\/\\\/www.bellunopress.it\\\/fr\\\/author\\\/redazione\\\/\"}]}<\/script>\n<!-- \/ Yoast SEO plugin. -->","yoast_head_json":{"title":"Eccellenze del Nord-Est: le imprese pi\u00f9 dinamiche. Alla Carpenada di Belluno luned\u00ec il focus sull'economia. I commercialisti analizzano 1500 imprese bellunesi - Bellunopress - Dolomiti","robots":{"index":"index","follow":"follow","max-snippet":"max-snippet:-1","max-image-preview":"max-image-preview:large","max-video-preview":"max-video-preview:-1"},"canonical":"https:\/\/www.bellunopress.it\/fr\/2019\/11\/29\/eccellenze-del-nord-est-le-imprese-piu-dinamiche-alla-carpenada-di-belluno-lunedi-il-focus-sulleconomia-i-commercialisti-analizzano-1500-imprese-bellunesi\/","og_locale":"fr_FR","og_type":"article","og_title":"Eccellenze del Nord-Est: le imprese pi\u00f9 dinamiche. Alla Carpenada di Belluno luned\u00ec il focus sull'economia. I commercialisti analizzano 1500 imprese bellunesi - Bellunopress - Dolomiti","og_description":"Arriva a Belluno la penultima tappa di &#8220;Eccellenze del Nord Est, le imprese pi\u00f9 dinamiche&#8221; luned\u00ec 02 dicembre 2019 dalle ore 17.00 alle ore 19.00 &#8211; al Park Hotel Villa Carpenada &#8211; via Mier, 158 &#8211; il road-show dei commercialisti, con l&#8217;Universit\u00e0 Ca&#8217; Foscari di Venezia come partner scientifico, che presenter\u00e0 le imprese pi\u00f9 dinamiche [&hellip;]","og_url":"https:\/\/www.bellunopress.it\/fr\/2019\/11\/29\/eccellenze-del-nord-est-le-imprese-piu-dinamiche-alla-carpenada-di-belluno-lunedi-il-focus-sulleconomia-i-commercialisti-analizzano-1500-imprese-bellunesi\/","og_site_name":"Bellunopress - Dolomiti","article_publisher":"https:\/\/www.facebook.com\/profile.php?id=100008943462799","article_published_time":"2019-11-29T18:25:50+00:00","og_image":[{"url":"http:\/\/www.bellunopress.it\/wp-content\/uploads\/2018\/12\/Michela-Marrone.jpg","type":"","width":"","height":""}],"author":"redazione","twitter_card":"summary_large_image","twitter_creator":"@bellunopress","twitter_site":"@bellunopress","twitter_misc":{"\u00c9crit par":"redazione","Dur\u00e9e de lecture estim\u00e9e":"2 minutes"},"schema":{"@context":"https:\/\/schema.org","@graph":[{"@type":"Article","@id":"https:\/\/www.bellunopress.it\/2019\/11\/29\/eccellenze-del-nord-est-le-imprese-piu-dinamiche-alla-carpenada-di-belluno-lunedi-il-focus-sulleconomia-i-commercialisti-analizzano-1500-imprese-bellunesi\/#article","isPartOf":{"@id":"https:\/\/www.bellunopress.it\/2019\/11\/29\/eccellenze-del-nord-est-le-imprese-piu-dinamiche-alla-carpenada-di-belluno-lunedi-il-focus-sulleconomia-i-commercialisti-analizzano-1500-imprese-bellunesi\/"},"author":{"name":"redazione","@id":"https:\/\/www.bellunopress.it\/#\/schema\/person\/79bb06722b37ece1c03d3e94beb30d73"},"headline":"Eccellenze del Nord-Est: le imprese pi\u00f9 dinamiche. Alla Carpenada di Belluno luned\u00ec il focus sull&#8217;economia. I commercialisti analizzano 1500 imprese bellunesi","datePublished":"2019-11-29T18:25:50+00:00","mainEntityOfPage":{"@id":"https:\/\/www.bellunopress.it\/2019\/11\/29\/eccellenze-del-nord-est-le-imprese-piu-dinamiche-alla-carpenada-di-belluno-lunedi-il-focus-sulleconomia-i-commercialisti-analizzano-1500-imprese-bellunesi\/"},"wordCount":383,"publisher":{"@id":"https:\/\/www.bellunopress.it\/#organization"},"image":{"@id":"https:\/\/www.bellunopress.it\/2019\/11\/29\/eccellenze-del-nord-est-le-imprese-piu-dinamiche-alla-carpenada-di-belluno-lunedi-il-focus-sulleconomia-i-commercialisti-analizzano-1500-imprese-bellunesi\/#primaryimage"},"thumbnailUrl":"http:\/\/www.bellunopress.it\/wp-content\/uploads\/2018\/12\/Michela-Marrone.jpg","articleSection":["Appuntamenti, Eventi","Lavoro, Economia, Turismo","Pausa Caff\u00e8"],"inLanguage":"fr-FR"},{"@type":"WebPage","@id":"https:\/\/www.bellunopress.it\/2019\/11\/29\/eccellenze-del-nord-est-le-imprese-piu-dinamiche-alla-carpenada-di-belluno-lunedi-il-focus-sulleconomia-i-commercialisti-analizzano-1500-imprese-bellunesi\/","url":"https:\/\/www.bellunopress.it\/2019\/11\/29\/eccellenze-del-nord-est-le-imprese-piu-dinamiche-alla-carpenada-di-belluno-lunedi-il-focus-sulleconomia-i-commercialisti-analizzano-1500-imprese-bellunesi\/","name":"Eccellenze del Nord-Est: le imprese pi\u00f9 dinamiche. Alla Carpenada di Belluno luned\u00ec il focus sull'economia. I commercialisti analizzano 1500 imprese bellunesi - Bellunopress - Dolomiti","isPartOf":{"@id":"https:\/\/www.bellunopress.it\/#website"},"primaryImageOfPage":{"@id":"https:\/\/www.bellunopress.it\/2019\/11\/29\/eccellenze-del-nord-est-le-imprese-piu-dinamiche-alla-carpenada-di-belluno-lunedi-il-focus-sulleconomia-i-commercialisti-analizzano-1500-imprese-bellunesi\/#primaryimage"},"image":{"@id":"https:\/\/www.bellunopress.it\/2019\/11\/29\/eccellenze-del-nord-est-le-imprese-piu-dinamiche-alla-carpenada-di-belluno-lunedi-il-focus-sulleconomia-i-commercialisti-analizzano-1500-imprese-bellunesi\/#primaryimage"},"thumbnailUrl":"http:\/\/www.bellunopress.it\/wp-content\/uploads\/2018\/12\/Michela-Marrone.jpg","datePublished":"2019-11-29T18:25:50+00:00","breadcrumb":{"@id":"https:\/\/www.bellunopress.it\/2019\/11\/29\/eccellenze-del-nord-est-le-imprese-piu-dinamiche-alla-carpenada-di-belluno-lunedi-il-focus-sulleconomia-i-commercialisti-analizzano-1500-imprese-bellunesi\/#breadcrumb"},"inLanguage":"fr-FR","potentialAction":[{"@type":"ReadAction","target":["https:\/\/www.bellunopress.it\/2019\/11\/29\/eccellenze-del-nord-est-le-imprese-piu-dinamiche-alla-carpenada-di-belluno-lunedi-il-focus-sulleconomia-i-commercialisti-analizzano-1500-imprese-bellunesi\/"]}]},{"@type":"ImageObject","inLanguage":"fr-FR","@id":"https:\/\/www.bellunopress.it\/2019\/11\/29\/eccellenze-del-nord-est-le-imprese-piu-dinamiche-alla-carpenada-di-belluno-lunedi-il-focus-sulleconomia-i-commercialisti-analizzano-1500-imprese-bellunesi\/#primaryimage","url":"http:\/\/www.bellunopress.it\/wp-content\/uploads\/2018\/12\/Michela-Marrone.jpg","contentUrl":"http:\/\/www.bellunopress.it\/wp-content\/uploads\/2018\/12\/Michela-Marrone.jpg"},{"@type":"BreadcrumbList","@id":"https:\/\/www.bellunopress.it\/2019\/11\/29\/eccellenze-del-nord-est-le-imprese-piu-dinamiche-alla-carpenada-di-belluno-lunedi-il-focus-sulleconomia-i-commercialisti-analizzano-1500-imprese-bellunesi\/#breadcrumb","itemListElement":[{"@type":"ListItem","position":1,"name":"Home","item":"https:\/\/www.bellunopress.it\/"},{"@type":"ListItem","position":2,"name":"Eccellenze del Nord-Est: le imprese pi\u00f9 dinamiche. Alla Carpenada di Belluno luned\u00ec il focus sull&#8217;economia. I commercialisti analizzano 1500 imprese bellunesi"}]},{"@type":"WebSite","@id":"https:\/\/www.bellunopress.it\/#website","url":"https:\/\/www.bellunopress.it\/","name":"Bellunopress - Dolomiti","description":"e-mail: redazione@bellunopress.it","publisher":{"@id":"https:\/\/www.bellunopress.it\/#organization"},"potentialAction":[{"@type":"SearchAction","target":{"@type":"EntryPoint","urlTemplate":"https:\/\/www.bellunopress.it\/?s={search_term_string}"},"query-input":{"@type":"PropertyValueSpecification","valueRequired":true,"valueName":"search_term_string"}}],"inLanguage":"fr-FR"},{"@type":"Organization","@id":"https:\/\/www.bellunopress.it\/#organization","name":"Bellunopress","url":"https:\/\/www.bellunopress.it\/","logo":{"@type":"ImageObject","inLanguage":"fr-FR","@id":"https:\/\/www.bellunopress.it\/#\/schema\/logo\/image\/","url":"https:\/\/www.bellunopress.it\/wp-content\/uploads\/2011\/05\/cropped-logo-bellunopress-.jpg","contentUrl":"https:\/\/www.bellunopress.it\/wp-content\/uploads\/2011\/05\/cropped-logo-bellunopress-.jpg","width":512,"height":512,"caption":"Bellunopress"},"image":{"@id":"https:\/\/www.bellunopress.it\/#\/schema\/logo\/image\/"},"sameAs":["https:\/\/www.facebook.com\/profile.php?id=100008943462799","https:\/\/x.com\/bellunopress","https:\/\/www.linkedin.com\/hp\/?dnr=JBzUWaJfMUw8vbXJJ2tVW5-I3jZKvC4wsoxE&amp;amp;amp;amp;amp;amp;trk=nav_responsive_tab_home","https:\/\/www.youtube.com\/channel\/UCxL0wu1uN0_3_7hGG0306cw"]},{"@type":"Person","@id":"https:\/\/www.bellunopress.it\/#\/schema\/person\/79bb06722b37ece1c03d3e94beb30d73","name":"r\u00e9daction","image":{"@type":"ImageObject","inLanguage":"fr-FR","@id":"https:\/\/secure.gravatar.com\/avatar\/37d968a2e67a6fd04c169c4bdef102d0bc5d31b2546345219e348575eb80e9a0?s=96&d=mm&r=g","url":"https:\/\/secure.gravatar.com\/avatar\/37d968a2e67a6fd04c169c4bdef102d0bc5d31b2546345219e348575eb80e9a0?s=96&d=mm&r=g","contentUrl":"https:\/\/secure.gravatar.com\/avatar\/37d968a2e67a6fd04c169c4bdef102d0bc5d31b2546345219e348575eb80e9a0?s=96&d=mm&r=g","caption":"redazione"},"sameAs":["http:\/\/www.bellunopress.it","https:\/\/x.com\/bellunopress"],"url":"https:\/\/www.bellunopress.it\/fr\/author\/redazione\/"}]}},"_links":{"self":[{"href":"https:\/\/www.bellunopress.it\/fr\/wp-json\/wp\/v2\/posts\/110051","targetHints":{"allow":["GET"]}}],"collection":[{"href":"https:\/\/www.bellunopress.it\/fr\/wp-json\/wp\/v2\/posts"}],"about":[{"href":"https:\/\/www.bellunopress.it\/fr\/wp-json\/wp\/v2\/types\/post"}],"author":[{"embeddable":true,"href":"https:\/\/www.bellunopress.it\/fr\/wp-json\/wp\/v2\/users\/2"}],"replies":[{"embeddable":true,"href":"https:\/\/www.bellunopress.it\/fr\/wp-json\/wp\/v2\/comments?post=110051"}],"version-history":[{"count":1,"href":"https:\/\/www.bellunopress.it\/fr\/wp-json\/wp\/v2\/posts\/110051\/revisions"}],"predecessor-version":[{"id":110052,"href":"https:\/\/www.bellunopress.it\/fr\/wp-json\/wp\/v2\/posts\/110051\/revisions\/110052"}],"wp:attachment":[{"href":"https:\/\/www.bellunopress.it\/fr\/wp-json\/wp\/v2\/media?parent=110051"}],"wp:term":[{"taxonomy":"category","embeddable":true,"href":"https:\/\/www.bellunopress.it\/fr\/wp-json\/wp\/v2\/categories?post=110051"},{"taxonomy":"post_tag","embeddable":true,"href":"https:\/\/www.bellunopress.it\/fr\/wp-json\/wp\/v2\/tags?post=110051"}],"curies":[{"name":"wp","href":"https:\/\/api.w.org\/{rel}","templated":true}]}}