{"id":110046,"date":"2019-12-01T22:37:25","date_gmt":"2019-12-01T21:37:25","guid":{"rendered":"http:\/\/www.bellunopress.it\/?p=110046"},"modified":"2019-11-29T09:47:11","modified_gmt":"2019-11-29T08:47:11","slug":"te-pensitu-la-stela-ricordi-e-storie-di-mussoi-con-gianni-secco","status":"publish","type":"post","link":"https:\/\/www.bellunopress.it\/fr\/2019\/12\/01\/te-pensitu-la-stela-ricordi-e-storie-di-mussoi-con-gianni-secco\/","title":{"rendered":"\u201cTe pensitu la stela?\u201d Ricordi e storie di Mussoi con Gianni Secco"},"content":{"rendered":"<p>Gianni Secco torna a Mussoi. Cantautore, scrittore e poeta, appassionato ricercatore della cultura e delle tradizioni popolari della terra bellunese e veneta, Secco da ragazzo abitava a Mussoi e in due serate \u2013 venerd\u00ec 6 dicembre nelle sale parrocchiali e domenica 15 dicembre in chiesa, alle 20.30 \u2013 condivider\u00e0 con gli abitanti della parrocchia i ricordi, le persone e le vicende di un tempo.<\/p>\n<figure id=\"attachment_110047\" aria-describedby=\"caption-attachment-110047\" style=\"width: 300px\" class=\"wp-caption alignleft\"><a href=\"http:\/\/www.bellunopress.it\/fr\/?attachment_id=110047\" rel=\"attachment wp-att-110047\"><img loading=\"lazy\" decoding=\"async\" class=\"size-full wp-image-110047\" src=\"http:\/\/www.bellunopress.it\/wp-content\/uploads\/2019\/11\/inaugurazione-parrocchia-mussoi1956-gianni-secco-in-primo-piano.jpg\" alt=\"\" width=\"300\" height=\"217\" \/><\/a><figcaption id=\"caption-attachment-110047\" class=\"wp-caption-text\">Inaugurazione Parrocchia Mussoi 1956 con un giovanissimo Gianni Secco in primo piano<\/figcaption><\/figure>\n<p>La seconda serata sar\u00e0 incentrata in particolare sulle tradizioni natalizie, come il grande presepe meccanico di padre Beltrame allestito in chiesa negli anni \u201850, vera e propria attrattiva, e la festa dell\u2019epifania organizzata per i figli dei dipendenti della ditta Chinaglia, che si svolgeva nella piazzetta di fronte al bar \u201cLa Baita\u201d; ci sar\u00e0 inoltre una piccola esposizione di presepi provenienti da diversi Paesi del mondo. Il periodo che soprattutto verr\u00e0 ricordato \u00e8 quello degli anni \u201950 e \u201960, quando il quartiere di Mussoi \u2013 fino ad allora caratterizzato da prati, campagna, ville, case coloniche, il convento dei frati cappuccini (inaugurato nel 1937), la casa natale di papa Gregorio XVI (demolita nel 1968), le caserme, le fornaci, il deposito delle \u201cmole\u201d \u2013 vive un intenso boom edilizio, con le case e i condomini che spuntano come funghi. La vivace realt\u00e0 del quartiere ha il suo cuore pulsante nella chiesa di S. Maria Immacolata, che nel 1956 fu eretta a parrocchia: Secco, come tanti altri bambini e ragazzi della sua generazione, era coinvolto nella vita della parrocchia, come chierichetto e scout, ed \u00e8 ancora vivo in lui come in tanti altri parrocchiani il ricordo dei frati di quegli anni, come padre Roberto, il primo parroco, padre Beltrame che seguiva i giovani, padre Filippo incaricato dei canti, fra Vito, che girava con carro e cavallo per le vie della parrocchia per la questua. Allora si sentiva maggiormente l\u2019aggregazione nella vita del quartiere, all\u2019ombra del campanile. La famiglia di Gianni si era trasferita a Mussoi nei primi anni \u201950; il padre, Ottorino, era dipendente del grande stabilimento di elettrocostruzioni \u201cChinaglia\u201d (sorto in via Col di Lana nel 1940 e andato distrutto in un incendio nel 1962), e faceva parte della compagnia teatrale \u201cArte varia\u201d, esibendosi con spettacoli musicali e comici. Mussoi era un \u201cmicrocosmo unico\u201d: \u201cquando si andava in parrocchia \u2013 ci racconta Gianni \u2013 si andava per fare bella figura e si faceva di tutto, dai campi estivi alle celebrazioni in chiesa, vestiti da paggetti come il mago Zurl\u00ec\u201d. Raccontare per ricordare: \u201cla memoria sta un attimo a sparire: occorre fissare momenti belli e interessanti, per ricostruire pezzi di vita degli anni giovanili\u201d.<\/p>\n<p>L\u2019iniziativa \u00e8 aperta a tutti ed \u00e8 a offerta libera: il ricavato raccolto verr\u00e0 utilizzato per finanziare un progetto della parrocchia finalizzato alla realizzazione di un grande libro fotografico, che raccoglier\u00e0 il lavoro di ricerca intrapreso in questi ultimi 5 anni da alcuni parrocchiani e gi\u00e0 pi\u00f9 volte presentato attraverso una mostra in occasione della festa della parrocchia; sar\u00e0 inoltre un libro di e per tutta la gente di Mussoi, perch\u00e9 la storia, i ricordi, le testimonianze e le immagini non vadano perse ma trasmesse alle generazioni future.<br \/>\nGiorgio Reolon<\/p>","protected":false},"excerpt":{"rendered":"<p>Gianni Secco torna a Mussoi. Cantautore, scrittore e poeta, appassionato ricercatore della cultura e delle tradizioni popolari della terra bellunese e veneta, Secco da ragazzo abitava a Mussoi e in due serate \u2013 venerd\u00ec 6 dicembre nelle sale parrocchiali e domenica 15 dicembre in chiesa, alle 20.30 \u2013 condivider\u00e0 con gli abitanti della parrocchia i [&hellip;]<\/p>\n","protected":false},"author":2,"featured_media":0,"comment_status":"closed","ping_status":"open","sticky":false,"template":"","format":"standard","meta":{"footnotes":""},"categories":[27,3,25],"tags":[],"class_list":["post-110046","post","type-post","status-publish","format-standard","category-appuntamenti","category-arte-cultura-spettacoli-scienza-archivi","category-pausa-caffe"],"yoast_head":"<!-- This site is optimized with the Yoast SEO plugin v28.4 - https:\/\/yoast.com\/product\/yoast-seo-wordpress\/ -->\n<title>\u201cTe pensitu la stela?\u201d Ricordi e storie di Mussoi con Gianni Secco - Bellunopress - Dolomiti<\/title>\n<meta name=\"robots\" content=\"index, follow, max-snippet:-1, max-image-preview:large, max-video-preview:-1\" \/>\n<link rel=\"canonical\" href=\"https:\/\/www.bellunopress.it\/fr\/2019\/12\/01\/te-pensitu-la-stela-ricordi-e-storie-di-mussoi-con-gianni-secco\/\" \/>\n<meta property=\"og:locale\" content=\"fr_FR\" \/>\n<meta property=\"og:type\" content=\"article\" \/>\n<meta property=\"og:title\" content=\"\u201cTe pensitu la stela?\u201d Ricordi e storie di Mussoi con Gianni Secco - Bellunopress - Dolomiti\" \/>\n<meta property=\"og:description\" content=\"Gianni Secco torna a Mussoi. Cantautore, scrittore e poeta, appassionato ricercatore della cultura e delle tradizioni popolari della terra bellunese e veneta, Secco da ragazzo abitava a Mussoi e in due serate \u2013 venerd\u00ec 6 dicembre nelle sale parrocchiali e domenica 15 dicembre in chiesa, alle 20.30 \u2013 condivider\u00e0 con gli abitanti della parrocchia i [&hellip;]\" \/>\n<meta property=\"og:url\" content=\"https:\/\/www.bellunopress.it\/fr\/2019\/12\/01\/te-pensitu-la-stela-ricordi-e-storie-di-mussoi-con-gianni-secco\/\" \/>\n<meta property=\"og:site_name\" content=\"Bellunopress - Dolomiti\" \/>\n<meta property=\"article:publisher\" content=\"https:\/\/www.facebook.com\/profile.php?id=100008943462799\" \/>\n<meta property=\"article:published_time\" content=\"2019-12-01T21:37:25+00:00\" \/>\n<meta property=\"og:image\" content=\"http:\/\/www.bellunopress.it\/wp-content\/uploads\/2019\/11\/inaugurazione-parrocchia-mussoi1956-gianni-secco-in-primo-piano.jpg\" \/>\n<meta name=\"author\" content=\"redazione\" \/>\n<meta name=\"twitter:card\" content=\"summary_large_image\" \/>\n<meta name=\"twitter:creator\" content=\"@bellunopress\" \/>\n<meta name=\"twitter:site\" content=\"@bellunopress\" \/>\n<meta name=\"twitter:label1\" content=\"Written by\" \/>\n\t<meta name=\"twitter:data1\" content=\"redazione\" \/>\n\t<meta name=\"twitter:label2\" content=\"Est. reading time\" \/>\n\t<meta name=\"twitter:data2\" content=\"3 minutes\" \/>\n<script type=\"application\/ld+json\" class=\"yoast-schema-graph\">{\"@context\":\"https:\\\/\\\/schema.org\",\"@graph\":[{\"@type\":\"Article\",\"@id\":\"https:\\\/\\\/www.bellunopress.it\\\/2019\\\/12\\\/01\\\/te-pensitu-la-stela-ricordi-e-storie-di-mussoi-con-gianni-secco\\\/#article\",\"isPartOf\":{\"@id\":\"https:\\\/\\\/www.bellunopress.it\\\/2019\\\/12\\\/01\\\/te-pensitu-la-stela-ricordi-e-storie-di-mussoi-con-gianni-secco\\\/\"},\"author\":{\"name\":\"redazione\",\"@id\":\"https:\\\/\\\/www.bellunopress.it\\\/#\\\/schema\\\/person\\\/79bb06722b37ece1c03d3e94beb30d73\"},\"headline\":\"\u201cTe pensitu la stela?\u201d Ricordi e storie di Mussoi con Gianni Secco\",\"datePublished\":\"2019-12-01T21:37:25+00:00\",\"mainEntityOfPage\":{\"@id\":\"https:\\\/\\\/www.bellunopress.it\\\/2019\\\/12\\\/01\\\/te-pensitu-la-stela-ricordi-e-storie-di-mussoi-con-gianni-secco\\\/\"},\"wordCount\":526,\"publisher\":{\"@id\":\"https:\\\/\\\/www.bellunopress.it\\\/#organization\"},\"image\":{\"@id\":\"https:\\\/\\\/www.bellunopress.it\\\/2019\\\/12\\\/01\\\/te-pensitu-la-stela-ricordi-e-storie-di-mussoi-con-gianni-secco\\\/#primaryimage\"},\"thumbnailUrl\":\"http:\\\/\\\/www.bellunopress.it\\\/wp-content\\\/uploads\\\/2019\\\/11\\\/inaugurazione-parrocchia-mussoi1956-gianni-secco-in-primo-piano.jpg\",\"articleSection\":[\"Appuntamenti, Eventi\",\"Arte, Cultura, Spettacoli, Scienza\",\"Pausa Caff\u00e8\"],\"inLanguage\":\"fr-FR\"},{\"@type\":\"WebPage\",\"@id\":\"https:\\\/\\\/www.bellunopress.it\\\/2019\\\/12\\\/01\\\/te-pensitu-la-stela-ricordi-e-storie-di-mussoi-con-gianni-secco\\\/\",\"url\":\"https:\\\/\\\/www.bellunopress.it\\\/2019\\\/12\\\/01\\\/te-pensitu-la-stela-ricordi-e-storie-di-mussoi-con-gianni-secco\\\/\",\"name\":\"\u201cTe pensitu la stela?\u201d Ricordi e storie di Mussoi con Gianni Secco - Bellunopress - Dolomiti\",\"isPartOf\":{\"@id\":\"https:\\\/\\\/www.bellunopress.it\\\/#website\"},\"primaryImageOfPage\":{\"@id\":\"https:\\\/\\\/www.bellunopress.it\\\/2019\\\/12\\\/01\\\/te-pensitu-la-stela-ricordi-e-storie-di-mussoi-con-gianni-secco\\\/#primaryimage\"},\"image\":{\"@id\":\"https:\\\/\\\/www.bellunopress.it\\\/2019\\\/12\\\/01\\\/te-pensitu-la-stela-ricordi-e-storie-di-mussoi-con-gianni-secco\\\/#primaryimage\"},\"thumbnailUrl\":\"http:\\\/\\\/www.bellunopress.it\\\/wp-content\\\/uploads\\\/2019\\\/11\\\/inaugurazione-parrocchia-mussoi1956-gianni-secco-in-primo-piano.jpg\",\"datePublished\":\"2019-12-01T21:37:25+00:00\",\"breadcrumb\":{\"@id\":\"https:\\\/\\\/www.bellunopress.it\\\/2019\\\/12\\\/01\\\/te-pensitu-la-stela-ricordi-e-storie-di-mussoi-con-gianni-secco\\\/#breadcrumb\"},\"inLanguage\":\"fr-FR\",\"potentialAction\":[{\"@type\":\"ReadAction\",\"target\":[\"https:\\\/\\\/www.bellunopress.it\\\/2019\\\/12\\\/01\\\/te-pensitu-la-stela-ricordi-e-storie-di-mussoi-con-gianni-secco\\\/\"]}]},{\"@type\":\"ImageObject\",\"inLanguage\":\"fr-FR\",\"@id\":\"https:\\\/\\\/www.bellunopress.it\\\/2019\\\/12\\\/01\\\/te-pensitu-la-stela-ricordi-e-storie-di-mussoi-con-gianni-secco\\\/#primaryimage\",\"url\":\"http:\\\/\\\/www.bellunopress.it\\\/wp-content\\\/uploads\\\/2019\\\/11\\\/inaugurazione-parrocchia-mussoi1956-gianni-secco-in-primo-piano.jpg\",\"contentUrl\":\"http:\\\/\\\/www.bellunopress.it\\\/wp-content\\\/uploads\\\/2019\\\/11\\\/inaugurazione-parrocchia-mussoi1956-gianni-secco-in-primo-piano.jpg\"},{\"@type\":\"BreadcrumbList\",\"@id\":\"https:\\\/\\\/www.bellunopress.it\\\/2019\\\/12\\\/01\\\/te-pensitu-la-stela-ricordi-e-storie-di-mussoi-con-gianni-secco\\\/#breadcrumb\",\"itemListElement\":[{\"@type\":\"ListItem\",\"position\":1,\"name\":\"Home\",\"item\":\"https:\\\/\\\/www.bellunopress.it\\\/\"},{\"@type\":\"ListItem\",\"position\":2,\"name\":\"\u201cTe pensitu la stela?\u201d Ricordi e storie di Mussoi con Gianni Secco\"}]},{\"@type\":\"WebSite\",\"@id\":\"https:\\\/\\\/www.bellunopress.it\\\/#website\",\"url\":\"https:\\\/\\\/www.bellunopress.it\\\/\",\"name\":\"Bellunopress - Dolomiti\",\"description\":\"e-mail: redazione@bellunopress.it\",\"publisher\":{\"@id\":\"https:\\\/\\\/www.bellunopress.it\\\/#organization\"},\"potentialAction\":[{\"@type\":\"SearchAction\",\"target\":{\"@type\":\"EntryPoint\",\"urlTemplate\":\"https:\\\/\\\/www.bellunopress.it\\\/?s={search_term_string}\"},\"query-input\":{\"@type\":\"PropertyValueSpecification\",\"valueRequired\":true,\"valueName\":\"search_term_string\"}}],\"inLanguage\":\"fr-FR\"},{\"@type\":\"Organization\",\"@id\":\"https:\\\/\\\/www.bellunopress.it\\\/#organization\",\"name\":\"Bellunopress\",\"url\":\"https:\\\/\\\/www.bellunopress.it\\\/\",\"logo\":{\"@type\":\"ImageObject\",\"inLanguage\":\"fr-FR\",\"@id\":\"https:\\\/\\\/www.bellunopress.it\\\/#\\\/schema\\\/logo\\\/image\\\/\",\"url\":\"https:\\\/\\\/www.bellunopress.it\\\/wp-content\\\/uploads\\\/2011\\\/05\\\/cropped-logo-bellunopress-.jpg\",\"contentUrl\":\"https:\\\/\\\/www.bellunopress.it\\\/wp-content\\\/uploads\\\/2011\\\/05\\\/cropped-logo-bellunopress-.jpg\",\"width\":512,\"height\":512,\"caption\":\"Bellunopress\"},\"image\":{\"@id\":\"https:\\\/\\\/www.bellunopress.it\\\/#\\\/schema\\\/logo\\\/image\\\/\"},\"sameAs\":[\"https:\\\/\\\/www.facebook.com\\\/profile.php?id=100008943462799\",\"https:\\\/\\\/x.com\\\/bellunopress\",\"https:\\\/\\\/www.linkedin.com\\\/hp\\\/?dnr=JBzUWaJfMUw8vbXJJ2tVW5-I3jZKvC4wsoxE&amp;amp;amp;amp;amp;amp;trk=nav_responsive_tab_home\",\"https:\\\/\\\/www.youtube.com\\\/channel\\\/UCxL0wu1uN0_3_7hGG0306cw\"]},{\"@type\":\"Person\",\"@id\":\"https:\\\/\\\/www.bellunopress.it\\\/#\\\/schema\\\/person\\\/79bb06722b37ece1c03d3e94beb30d73\",\"name\":\"redazione\",\"image\":{\"@type\":\"ImageObject\",\"inLanguage\":\"fr-FR\",\"@id\":\"https:\\\/\\\/secure.gravatar.com\\\/avatar\\\/37d968a2e67a6fd04c169c4bdef102d0bc5d31b2546345219e348575eb80e9a0?s=96&d=mm&r=g\",\"url\":\"https:\\\/\\\/secure.gravatar.com\\\/avatar\\\/37d968a2e67a6fd04c169c4bdef102d0bc5d31b2546345219e348575eb80e9a0?s=96&d=mm&r=g\",\"contentUrl\":\"https:\\\/\\\/secure.gravatar.com\\\/avatar\\\/37d968a2e67a6fd04c169c4bdef102d0bc5d31b2546345219e348575eb80e9a0?s=96&d=mm&r=g\",\"caption\":\"redazione\"},\"sameAs\":[\"http:\\\/\\\/www.bellunopress.it\",\"https:\\\/\\\/x.com\\\/bellunopress\"],\"url\":\"https:\\\/\\\/www.bellunopress.it\\\/fr\\\/author\\\/redazione\\\/\"}]}<\/script>\n<!-- \/ Yoast SEO plugin. -->","yoast_head_json":{"title":"\u201cTe pensitu la stela?\u201d Ricordi e storie di Mussoi con Gianni Secco - Bellunopress - Dolomiti","robots":{"index":"index","follow":"follow","max-snippet":"max-snippet:-1","max-image-preview":"max-image-preview:large","max-video-preview":"max-video-preview:-1"},"canonical":"https:\/\/www.bellunopress.it\/fr\/2019\/12\/01\/te-pensitu-la-stela-ricordi-e-storie-di-mussoi-con-gianni-secco\/","og_locale":"fr_FR","og_type":"article","og_title":"\u201cTe pensitu la stela?\u201d Ricordi e storie di Mussoi con Gianni Secco - Bellunopress - Dolomiti","og_description":"Gianni Secco torna a Mussoi. Cantautore, scrittore e poeta, appassionato ricercatore della cultura e delle tradizioni popolari della terra bellunese e veneta, Secco da ragazzo abitava a Mussoi e in due serate \u2013 venerd\u00ec 6 dicembre nelle sale parrocchiali e domenica 15 dicembre in chiesa, alle 20.30 \u2013 condivider\u00e0 con gli abitanti della parrocchia i [&hellip;]","og_url":"https:\/\/www.bellunopress.it\/fr\/2019\/12\/01\/te-pensitu-la-stela-ricordi-e-storie-di-mussoi-con-gianni-secco\/","og_site_name":"Bellunopress - Dolomiti","article_publisher":"https:\/\/www.facebook.com\/profile.php?id=100008943462799","article_published_time":"2019-12-01T21:37:25+00:00","og_image":[{"url":"http:\/\/www.bellunopress.it\/wp-content\/uploads\/2019\/11\/inaugurazione-parrocchia-mussoi1956-gianni-secco-in-primo-piano.jpg","type":"","width":"","height":""}],"author":"redazione","twitter_card":"summary_large_image","twitter_creator":"@bellunopress","twitter_site":"@bellunopress","twitter_misc":{"Written by":"redazione","Est. reading time":"3 minutes"},"schema":{"@context":"https:\/\/schema.org","@graph":[{"@type":"Article","@id":"https:\/\/www.bellunopress.it\/2019\/12\/01\/te-pensitu-la-stela-ricordi-e-storie-di-mussoi-con-gianni-secco\/#article","isPartOf":{"@id":"https:\/\/www.bellunopress.it\/2019\/12\/01\/te-pensitu-la-stela-ricordi-e-storie-di-mussoi-con-gianni-secco\/"},"author":{"name":"redazione","@id":"https:\/\/www.bellunopress.it\/#\/schema\/person\/79bb06722b37ece1c03d3e94beb30d73"},"headline":"\u201cTe pensitu la stela?\u201d Ricordi e storie di Mussoi con Gianni Secco","datePublished":"2019-12-01T21:37:25+00:00","mainEntityOfPage":{"@id":"https:\/\/www.bellunopress.it\/2019\/12\/01\/te-pensitu-la-stela-ricordi-e-storie-di-mussoi-con-gianni-secco\/"},"wordCount":526,"publisher":{"@id":"https:\/\/www.bellunopress.it\/#organization"},"image":{"@id":"https:\/\/www.bellunopress.it\/2019\/12\/01\/te-pensitu-la-stela-ricordi-e-storie-di-mussoi-con-gianni-secco\/#primaryimage"},"thumbnailUrl":"http:\/\/www.bellunopress.it\/wp-content\/uploads\/2019\/11\/inaugurazione-parrocchia-mussoi1956-gianni-secco-in-primo-piano.jpg","articleSection":["Appuntamenti, Eventi","Arte, Cultura, Spettacoli, Scienza","Pausa Caff\u00e8"],"inLanguage":"fr-FR"},{"@type":"WebPage","@id":"https:\/\/www.bellunopress.it\/2019\/12\/01\/te-pensitu-la-stela-ricordi-e-storie-di-mussoi-con-gianni-secco\/","url":"https:\/\/www.bellunopress.it\/2019\/12\/01\/te-pensitu-la-stela-ricordi-e-storie-di-mussoi-con-gianni-secco\/","name":"\u201cTe pensitu la stela?\u201d Ricordi e storie di Mussoi con Gianni Secco - Bellunopress - Dolomiti","isPartOf":{"@id":"https:\/\/www.bellunopress.it\/#website"},"primaryImageOfPage":{"@id":"https:\/\/www.bellunopress.it\/2019\/12\/01\/te-pensitu-la-stela-ricordi-e-storie-di-mussoi-con-gianni-secco\/#primaryimage"},"image":{"@id":"https:\/\/www.bellunopress.it\/2019\/12\/01\/te-pensitu-la-stela-ricordi-e-storie-di-mussoi-con-gianni-secco\/#primaryimage"},"thumbnailUrl":"http:\/\/www.bellunopress.it\/wp-content\/uploads\/2019\/11\/inaugurazione-parrocchia-mussoi1956-gianni-secco-in-primo-piano.jpg","datePublished":"2019-12-01T21:37:25+00:00","breadcrumb":{"@id":"https:\/\/www.bellunopress.it\/2019\/12\/01\/te-pensitu-la-stela-ricordi-e-storie-di-mussoi-con-gianni-secco\/#breadcrumb"},"inLanguage":"fr-FR","potentialAction":[{"@type":"ReadAction","target":["https:\/\/www.bellunopress.it\/2019\/12\/01\/te-pensitu-la-stela-ricordi-e-storie-di-mussoi-con-gianni-secco\/"]}]},{"@type":"ImageObject","inLanguage":"fr-FR","@id":"https:\/\/www.bellunopress.it\/2019\/12\/01\/te-pensitu-la-stela-ricordi-e-storie-di-mussoi-con-gianni-secco\/#primaryimage","url":"http:\/\/www.bellunopress.it\/wp-content\/uploads\/2019\/11\/inaugurazione-parrocchia-mussoi1956-gianni-secco-in-primo-piano.jpg","contentUrl":"http:\/\/www.bellunopress.it\/wp-content\/uploads\/2019\/11\/inaugurazione-parrocchia-mussoi1956-gianni-secco-in-primo-piano.jpg"},{"@type":"BreadcrumbList","@id":"https:\/\/www.bellunopress.it\/2019\/12\/01\/te-pensitu-la-stela-ricordi-e-storie-di-mussoi-con-gianni-secco\/#breadcrumb","itemListElement":[{"@type":"ListItem","position":1,"name":"Home","item":"https:\/\/www.bellunopress.it\/"},{"@type":"ListItem","position":2,"name":"\u201cTe pensitu la stela?\u201d Ricordi e storie di Mussoi con Gianni Secco"}]},{"@type":"WebSite","@id":"https:\/\/www.bellunopress.it\/#website","url":"https:\/\/www.bellunopress.it\/","name":"Bellunopress - Dolomiti","description":"e-mail: redazione@bellunopress.it","publisher":{"@id":"https:\/\/www.bellunopress.it\/#organization"},"potentialAction":[{"@type":"SearchAction","target":{"@type":"EntryPoint","urlTemplate":"https:\/\/www.bellunopress.it\/?s={search_term_string}"},"query-input":{"@type":"PropertyValueSpecification","valueRequired":true,"valueName":"search_term_string"}}],"inLanguage":"fr-FR"},{"@type":"Organization","@id":"https:\/\/www.bellunopress.it\/#organization","name":"Bellunopress","url":"https:\/\/www.bellunopress.it\/","logo":{"@type":"ImageObject","inLanguage":"fr-FR","@id":"https:\/\/www.bellunopress.it\/#\/schema\/logo\/image\/","url":"https:\/\/www.bellunopress.it\/wp-content\/uploads\/2011\/05\/cropped-logo-bellunopress-.jpg","contentUrl":"https:\/\/www.bellunopress.it\/wp-content\/uploads\/2011\/05\/cropped-logo-bellunopress-.jpg","width":512,"height":512,"caption":"Bellunopress"},"image":{"@id":"https:\/\/www.bellunopress.it\/#\/schema\/logo\/image\/"},"sameAs":["https:\/\/www.facebook.com\/profile.php?id=100008943462799","https:\/\/x.com\/bellunopress","https:\/\/www.linkedin.com\/hp\/?dnr=JBzUWaJfMUw8vbXJJ2tVW5-I3jZKvC4wsoxE&amp;amp;amp;amp;amp;amp;trk=nav_responsive_tab_home","https:\/\/www.youtube.com\/channel\/UCxL0wu1uN0_3_7hGG0306cw"]},{"@type":"Person","@id":"https:\/\/www.bellunopress.it\/#\/schema\/person\/79bb06722b37ece1c03d3e94beb30d73","name":"r\u00e9daction","image":{"@type":"ImageObject","inLanguage":"fr-FR","@id":"https:\/\/secure.gravatar.com\/avatar\/37d968a2e67a6fd04c169c4bdef102d0bc5d31b2546345219e348575eb80e9a0?s=96&d=mm&r=g","url":"https:\/\/secure.gravatar.com\/avatar\/37d968a2e67a6fd04c169c4bdef102d0bc5d31b2546345219e348575eb80e9a0?s=96&d=mm&r=g","contentUrl":"https:\/\/secure.gravatar.com\/avatar\/37d968a2e67a6fd04c169c4bdef102d0bc5d31b2546345219e348575eb80e9a0?s=96&d=mm&r=g","caption":"redazione"},"sameAs":["http:\/\/www.bellunopress.it","https:\/\/x.com\/bellunopress"],"url":"https:\/\/www.bellunopress.it\/fr\/author\/redazione\/"}]}},"_links":{"self":[{"href":"https:\/\/www.bellunopress.it\/fr\/wp-json\/wp\/v2\/posts\/110046","targetHints":{"allow":["GET"]}}],"collection":[{"href":"https:\/\/www.bellunopress.it\/fr\/wp-json\/wp\/v2\/posts"}],"about":[{"href":"https:\/\/www.bellunopress.it\/fr\/wp-json\/wp\/v2\/types\/post"}],"author":[{"embeddable":true,"href":"https:\/\/www.bellunopress.it\/fr\/wp-json\/wp\/v2\/users\/2"}],"replies":[{"embeddable":true,"href":"https:\/\/www.bellunopress.it\/fr\/wp-json\/wp\/v2\/comments?post=110046"}],"version-history":[{"count":1,"href":"https:\/\/www.bellunopress.it\/fr\/wp-json\/wp\/v2\/posts\/110046\/revisions"}],"predecessor-version":[{"id":110048,"href":"https:\/\/www.bellunopress.it\/fr\/wp-json\/wp\/v2\/posts\/110046\/revisions\/110048"}],"wp:attachment":[{"href":"https:\/\/www.bellunopress.it\/fr\/wp-json\/wp\/v2\/media?parent=110046"}],"wp:term":[{"taxonomy":"category","embeddable":true,"href":"https:\/\/www.bellunopress.it\/fr\/wp-json\/wp\/v2\/categories?post=110046"},{"taxonomy":"post_tag","embeddable":true,"href":"https:\/\/www.bellunopress.it\/fr\/wp-json\/wp\/v2\/tags?post=110046"}],"curies":[{"name":"wp","href":"https:\/\/api.w.org\/{rel}","templated":true}]}}