{"id":110044,"date":"2019-11-29T09:10:13","date_gmt":"2019-11-29T08:10:13","guid":{"rendered":"http:\/\/www.bellunopress.it\/?p=110044"},"modified":"2019-11-29T21:07:22","modified_gmt":"2019-11-29T20:07:22","slug":"casette-di-natale-sulle-aiuole-di-piazza-martiri-italia-nostra-belluno-non-ci-sta-un-piccolo-grande-sfregio-senza-senso-ne-necessita","status":"publish","type":"post","link":"https:\/\/www.bellunopress.it\/fr\/2019\/11\/29\/casette-di-natale-sulle-aiuole-di-piazza-martiri-italia-nostra-belluno-non-ci-sta-un-piccolo-grande-sfregio-senza-senso-ne-necessita\/","title":{"rendered":"Casette di Natale sulle aiuole di piazza Martiri. Italia Nostra Belluno non ci sta: &#8220;Un piccolo grande sfregio senza senso n\u00e9 necessit\u00e0&#8221;"},"content":{"rendered":"<p><a href=\"http:\/\/www.bellunopress.it\/fr\/2019\/03\/30\/impianto-idroelettrico-sul-torrente-liera-a-canale-dagordo-nove-associazioni-dicono-no\/italia-nostra\/\" rel=\"attachment wp-att-103319\"><img loading=\"lazy\" decoding=\"async\" class=\"alignleft size-full wp-image-103319\" src=\"http:\/\/www.bellunopress.it\/wp-content\/uploads\/2019\/03\/italia-nostra.jpg\" alt=\"\" width=\"215\" height=\"135\" \/><\/a>Il Natale \u00e8 la Festa dei bambini e delle famiglie ed \u00e8 normale che il centro citt\u00e0 si adorni di luci fantasmagoriche, decorazioni, alberi natalizi e proponga iniziative per attirare l\u2019attenzione di bellunesi e turisti. Tutto giusto e lecito, purch\u00e9 si rispetti l\u2019ambiente e non gli si arrechi danno, come invece \u00e8 avvenuto nel giardino storico di Piazza dei Martiri, dove, su due aiuole del giardino di fronte a Porta Dante, per allestire il mercatino di Natale, \u00e8 stata costruita una pedana in legno sotto la quale \u00e8 stato steso uno strato di ghiaia e pietrisco a grave danno del manto erboso.<\/p>\n<figure id=\"attachment_110059\" aria-describedby=\"caption-attachment-110059\" style=\"width: 300px\" class=\"wp-caption alignleft\"><a href=\"http:\/\/www.bellunopress.it\/fr\/2019\/11\/29\/casette-di-natale-sulle-aiuole-di-piazza-martiri-italia-nostra-belluno-non-ci-sta-un-piccolo-grande-sfregio-senza-senso-ne-necessita\/natale-2019-giardini\/\" rel=\"attachment wp-att-110059\"><img loading=\"lazy\" decoding=\"async\" class=\"size-full wp-image-110059\" src=\"http:\/\/www.bellunopress.it\/wp-content\/uploads\/2019\/11\/natale-2019-giardini.jpg\" alt=\"\" width=\"300\" height=\"225\" \/><\/a><figcaption id=\"caption-attachment-110059\" class=\"wp-caption-text\">Casette di Natale 2019 &#8211; Belluno giardini di piazza Martiri<\/figcaption><\/figure>\n<p>Ci si domanda tra l\u2019altro, come e quando il Comune provveder\u00e0 al doveroso ripristino delle aiuole incaricando personale competente?<\/p>\n<p>La critica e l&#8217;interrogativo \u00e8 di Italia Nostra Belluno, che cos\u00ec prosegue: &#8220;A quanto pare solo noi e qualche cittadino sensibile ha notato il danno evidente che \u00e8 stato causato al povero giardino di Piazza dei Martiri. E desta meraviglia che questo intervento sia stato approvato dal Comune, in violazione di quanto prescritto dalla Carta italiana dei giardini storici e dal Piano Regolatore del Comune di Belluno \u2013 Disposizioni relative alla cura del verde, 10.4 Giardini di interesse storico-paesaggistico, che dice: \u201cOgni intervento da attuare nei giardini, siano essi privati o pubblici, che rivestono interesse storico, paesaggistico, ambientale deve essere mirato alla conservazione e\/o al ripristino delle originarie caratteristiche e l\u2019intervento dovr\u00e0 essere progettato da tecnico competente\u201d. Norme queste totalmente ignorate dalla Convenzione che il Comune e il Consorzio Belluno Centro Storico hanno stipulato per l\u2019organizzazione del mercatino di Natale&#8221;.<\/p>\n<figure id=\"attachment_51406\" aria-describedby=\"caption-attachment-51406\" style=\"width: 290px\" class=\"wp-caption alignleft\"><a href=\"http:\/\/www.bellunopress.it\/fr\/2013\/08\/02\/nuova-vita-per-lo-zampillo-della-fontana-di-piazza-dei-martiri\/fontana-piazza-martiri\/\" rel=\"attachment wp-att-51406\"><img loading=\"lazy\" decoding=\"async\" class=\"size-full wp-image-51406\" src=\"http:\/\/www.bellunopress.it\/wp-content\/uploads\/2013\/08\/fontana-piazza-martiri.jpg\" alt=\"\" width=\"290\" height=\"218\" \/><\/a><figcaption id=\"caption-attachment-51406\" class=\"wp-caption-text\">Belluno, giardini in Piazza dei Martiri<\/figcaption><\/figure>\n<p>&#8220;Agli Uffici competenti del Comune &#8211; sottolinea Italia Nostra Belluno &#8211;\u00a0 non sarebbe dovuto sfuggire che il Giardino di Piazza dei Martiri \u00e8 catalogato come giardino storico dallo stesso Piano Regolatore. A tal proposito si ricorda che il giardino fu realizzato ai primi del \u2018900 nello spazio libero posto all\u2019esterno delle grandi mura medioevali. Nel 1928 l\u2019architetto Alberto Alpago Novello gli diede un\u2019impostazione geometrica per valorizzarne le viste prospettiche<br \/>\nche dall\u2019area della grande fontana centrale si potevano scorgere verso i palazzi pi\u00f9 rilevanti presenti nelle quinte della Piazza; vennero studiati con cura anche l\u2019ubicazione, la forma e la natura delle piante che dovevano arredare il giardino, tenendo conto delle dimensioni delle alberature e degli effetti estetici delle aree libere e piene.<\/p>\n<p>In virt\u00f9 di tutto questo, riteniamo che si sarebbe potuto valutare meglio l\u2019intervento, per esempio distribuendo le casette sul marciapiede davanti al Liston, come al solito, oppure magari dislocandole a gruppi in altre aree<br \/>\ncentrali altrettanto suggestive.<br \/>\nSi precisa che Italia Nostra non \u00e8 contraria alle casette di Natale, anzi le trova di gran lunga pi\u00f9 eleganti e adatte alla citt\u00e0 delle indecorose baracche e dei tendoni con annessi tavoli che spesso vengono posizionati nel \u201csalotto buono\u201d di Belluno.<br \/>\nE\u2019 veramente triste\u00a0 &#8211; conclude la nota dell&#8217;Associazione &#8211; constatare come anche Belluno stia perdendo la memoria di s\u00e9. Il centro si svuota di abitanti, e intanto la citt\u00e0 \u00e8 bersaglio di innumerevoli progetti che per \u201csalvarla dallo spopolamento\u201d ne uccidono la diversit\u00e0 e la appiattiscono sulla monocultura di una \u201cmodernit\u00e0\u201d standardizzata.<br \/>\nProprio come pi\u00f9 volte affermato dallo storico dell\u2019arte Salvatore Settis: Le citt\u00e0 storiche sono insidiate dalla resa a una falsa modernit\u00e0, dallo spopolamento, dall\u2019oblio di s\u00e9&#8221;.<\/p>","protected":false},"excerpt":{"rendered":"<p>Il Natale \u00e8 la Festa dei bambini e delle famiglie ed \u00e8 normale che il centro citt\u00e0 si adorni di luci fantasmagoriche, decorazioni, alberi natalizi e proponga iniziative per attirare l\u2019attenzione di bellunesi e turisti. Tutto giusto e lecito, purch\u00e9 si rispetti l\u2019ambiente e non gli si arrechi danno, come invece \u00e8 avvenuto nel giardino [&hellip;]<\/p>\n","protected":false},"author":2,"featured_media":0,"comment_status":"closed","ping_status":"open","sticky":false,"template":"","format":"standard","meta":{"footnotes":""},"categories":[5,38,26],"tags":[],"class_list":["post-110044","post","type-post","status-publish","format-standard","category-cronaca","category-natura-ambiente","category-prima-pagina"],"yoast_head":"<!-- This site is optimized with the Yoast SEO plugin v28.4 - https:\/\/yoast.com\/product\/yoast-seo-wordpress\/ -->\n<title>Casette di Natale sulle aiuole di piazza Martiri. Italia Nostra Belluno non ci sta: &quot;Un piccolo grande sfregio senza senso n\u00e9 necessit\u00e0&quot; - Bellunopress - Dolomiti<\/title>\n<meta name=\"robots\" content=\"index, follow, max-snippet:-1, max-image-preview:large, max-video-preview:-1\" \/>\n<link rel=\"canonical\" href=\"https:\/\/www.bellunopress.it\/fr\/2019\/11\/29\/casette-di-natale-sulle-aiuole-di-piazza-martiri-italia-nostra-belluno-non-ci-sta-un-piccolo-grande-sfregio-senza-senso-ne-necessita\/\" \/>\n<meta property=\"og:locale\" content=\"fr_FR\" \/>\n<meta property=\"og:type\" content=\"article\" \/>\n<meta property=\"og:title\" content=\"Casette di Natale sulle aiuole di piazza Martiri. Italia Nostra Belluno non ci sta: &quot;Un piccolo grande sfregio senza senso n\u00e9 necessit\u00e0&quot; - Bellunopress - Dolomiti\" \/>\n<meta property=\"og:description\" content=\"Il Natale \u00e8 la Festa dei bambini e delle famiglie ed \u00e8 normale che il centro citt\u00e0 si adorni di luci fantasmagoriche, decorazioni, alberi natalizi e proponga iniziative per attirare l\u2019attenzione di bellunesi e turisti. Tutto giusto e lecito, purch\u00e9 si rispetti l\u2019ambiente e non gli si arrechi danno, come invece \u00e8 avvenuto nel giardino [&hellip;]\" \/>\n<meta property=\"og:url\" content=\"https:\/\/www.bellunopress.it\/fr\/2019\/11\/29\/casette-di-natale-sulle-aiuole-di-piazza-martiri-italia-nostra-belluno-non-ci-sta-un-piccolo-grande-sfregio-senza-senso-ne-necessita\/\" \/>\n<meta property=\"og:site_name\" content=\"Bellunopress - Dolomiti\" \/>\n<meta property=\"article:publisher\" content=\"https:\/\/www.facebook.com\/profile.php?id=100008943462799\" \/>\n<meta property=\"article:published_time\" content=\"2019-11-29T08:10:13+00:00\" \/>\n<meta property=\"article:modified_time\" content=\"2019-11-29T20:07:22+00:00\" \/>\n<meta property=\"og:image\" content=\"http:\/\/www.bellunopress.it\/wp-content\/uploads\/2019\/03\/italia-nostra.jpg\" \/>\n<meta name=\"author\" content=\"redazione\" \/>\n<meta name=\"twitter:card\" content=\"summary_large_image\" \/>\n<meta name=\"twitter:creator\" content=\"@bellunopress\" \/>\n<meta name=\"twitter:site\" content=\"@bellunopress\" \/>\n<meta name=\"twitter:label1\" content=\"Written by\" \/>\n\t<meta name=\"twitter:data1\" content=\"redazione\" \/>\n\t<meta name=\"twitter:label2\" content=\"Est. reading time\" \/>\n\t<meta name=\"twitter:data2\" content=\"3 minutes\" \/>\n<script type=\"application\/ld+json\" class=\"yoast-schema-graph\">{\"@context\":\"https:\\\/\\\/schema.org\",\"@graph\":[{\"@type\":\"Article\",\"@id\":\"https:\\\/\\\/www.bellunopress.it\\\/2019\\\/11\\\/29\\\/casette-di-natale-sulle-aiuole-di-piazza-martiri-italia-nostra-belluno-non-ci-sta-un-piccolo-grande-sfregio-senza-senso-ne-necessita\\\/#article\",\"isPartOf\":{\"@id\":\"https:\\\/\\\/www.bellunopress.it\\\/2019\\\/11\\\/29\\\/casette-di-natale-sulle-aiuole-di-piazza-martiri-italia-nostra-belluno-non-ci-sta-un-piccolo-grande-sfregio-senza-senso-ne-necessita\\\/\"},\"author\":{\"name\":\"redazione\",\"@id\":\"https:\\\/\\\/www.bellunopress.it\\\/#\\\/schema\\\/person\\\/79bb06722b37ece1c03d3e94beb30d73\"},\"headline\":\"Casette di Natale sulle aiuole di piazza Martiri. Italia Nostra Belluno non ci sta: &#8220;Un piccolo grande sfregio senza senso n\u00e9 necessit\u00e0&#8221;\",\"datePublished\":\"2019-11-29T08:10:13+00:00\",\"dateModified\":\"2019-11-29T20:07:22+00:00\",\"mainEntityOfPage\":{\"@id\":\"https:\\\/\\\/www.bellunopress.it\\\/2019\\\/11\\\/29\\\/casette-di-natale-sulle-aiuole-di-piazza-martiri-italia-nostra-belluno-non-ci-sta-un-piccolo-grande-sfregio-senza-senso-ne-necessita\\\/\"},\"wordCount\":592,\"publisher\":{\"@id\":\"https:\\\/\\\/www.bellunopress.it\\\/#organization\"},\"image\":{\"@id\":\"https:\\\/\\\/www.bellunopress.it\\\/2019\\\/11\\\/29\\\/casette-di-natale-sulle-aiuole-di-piazza-martiri-italia-nostra-belluno-non-ci-sta-un-piccolo-grande-sfregio-senza-senso-ne-necessita\\\/#primaryimage\"},\"thumbnailUrl\":\"http:\\\/\\\/www.bellunopress.it\\\/wp-content\\\/uploads\\\/2019\\\/03\\\/italia-nostra.jpg\",\"articleSection\":[\"Cronaca\\\/Politica\",\"Meteo, natura, ambiente, animali\",\"Prima Pagina\"],\"inLanguage\":\"fr-FR\"},{\"@type\":\"WebPage\",\"@id\":\"https:\\\/\\\/www.bellunopress.it\\\/2019\\\/11\\\/29\\\/casette-di-natale-sulle-aiuole-di-piazza-martiri-italia-nostra-belluno-non-ci-sta-un-piccolo-grande-sfregio-senza-senso-ne-necessita\\\/\",\"url\":\"https:\\\/\\\/www.bellunopress.it\\\/2019\\\/11\\\/29\\\/casette-di-natale-sulle-aiuole-di-piazza-martiri-italia-nostra-belluno-non-ci-sta-un-piccolo-grande-sfregio-senza-senso-ne-necessita\\\/\",\"name\":\"Casette di Natale sulle aiuole di piazza Martiri. Italia Nostra Belluno non ci sta: \\\"Un piccolo grande sfregio senza senso n\u00e9 necessit\u00e0\\\" - Bellunopress - Dolomiti\",\"isPartOf\":{\"@id\":\"https:\\\/\\\/www.bellunopress.it\\\/#website\"},\"primaryImageOfPage\":{\"@id\":\"https:\\\/\\\/www.bellunopress.it\\\/2019\\\/11\\\/29\\\/casette-di-natale-sulle-aiuole-di-piazza-martiri-italia-nostra-belluno-non-ci-sta-un-piccolo-grande-sfregio-senza-senso-ne-necessita\\\/#primaryimage\"},\"image\":{\"@id\":\"https:\\\/\\\/www.bellunopress.it\\\/2019\\\/11\\\/29\\\/casette-di-natale-sulle-aiuole-di-piazza-martiri-italia-nostra-belluno-non-ci-sta-un-piccolo-grande-sfregio-senza-senso-ne-necessita\\\/#primaryimage\"},\"thumbnailUrl\":\"http:\\\/\\\/www.bellunopress.it\\\/wp-content\\\/uploads\\\/2019\\\/03\\\/italia-nostra.jpg\",\"datePublished\":\"2019-11-29T08:10:13+00:00\",\"dateModified\":\"2019-11-29T20:07:22+00:00\",\"breadcrumb\":{\"@id\":\"https:\\\/\\\/www.bellunopress.it\\\/2019\\\/11\\\/29\\\/casette-di-natale-sulle-aiuole-di-piazza-martiri-italia-nostra-belluno-non-ci-sta-un-piccolo-grande-sfregio-senza-senso-ne-necessita\\\/#breadcrumb\"},\"inLanguage\":\"fr-FR\",\"potentialAction\":[{\"@type\":\"ReadAction\",\"target\":[\"https:\\\/\\\/www.bellunopress.it\\\/2019\\\/11\\\/29\\\/casette-di-natale-sulle-aiuole-di-piazza-martiri-italia-nostra-belluno-non-ci-sta-un-piccolo-grande-sfregio-senza-senso-ne-necessita\\\/\"]}]},{\"@type\":\"ImageObject\",\"inLanguage\":\"fr-FR\",\"@id\":\"https:\\\/\\\/www.bellunopress.it\\\/2019\\\/11\\\/29\\\/casette-di-natale-sulle-aiuole-di-piazza-martiri-italia-nostra-belluno-non-ci-sta-un-piccolo-grande-sfregio-senza-senso-ne-necessita\\\/#primaryimage\",\"url\":\"http:\\\/\\\/www.bellunopress.it\\\/wp-content\\\/uploads\\\/2019\\\/03\\\/italia-nostra.jpg\",\"contentUrl\":\"http:\\\/\\\/www.bellunopress.it\\\/wp-content\\\/uploads\\\/2019\\\/03\\\/italia-nostra.jpg\"},{\"@type\":\"BreadcrumbList\",\"@id\":\"https:\\\/\\\/www.bellunopress.it\\\/2019\\\/11\\\/29\\\/casette-di-natale-sulle-aiuole-di-piazza-martiri-italia-nostra-belluno-non-ci-sta-un-piccolo-grande-sfregio-senza-senso-ne-necessita\\\/#breadcrumb\",\"itemListElement\":[{\"@type\":\"ListItem\",\"position\":1,\"name\":\"Home\",\"item\":\"https:\\\/\\\/www.bellunopress.it\\\/\"},{\"@type\":\"ListItem\",\"position\":2,\"name\":\"Casette di Natale sulle aiuole di piazza Martiri. Italia Nostra Belluno non ci sta: &#8220;Un piccolo grande sfregio senza senso n\u00e9 necessit\u00e0&#8221;\"}]},{\"@type\":\"WebSite\",\"@id\":\"https:\\\/\\\/www.bellunopress.it\\\/#website\",\"url\":\"https:\\\/\\\/www.bellunopress.it\\\/\",\"name\":\"Bellunopress - Dolomiti\",\"description\":\"e-mail: redazione@bellunopress.it\",\"publisher\":{\"@id\":\"https:\\\/\\\/www.bellunopress.it\\\/#organization\"},\"potentialAction\":[{\"@type\":\"SearchAction\",\"target\":{\"@type\":\"EntryPoint\",\"urlTemplate\":\"https:\\\/\\\/www.bellunopress.it\\\/?s={search_term_string}\"},\"query-input\":{\"@type\":\"PropertyValueSpecification\",\"valueRequired\":true,\"valueName\":\"search_term_string\"}}],\"inLanguage\":\"fr-FR\"},{\"@type\":\"Organization\",\"@id\":\"https:\\\/\\\/www.bellunopress.it\\\/#organization\",\"name\":\"Bellunopress\",\"url\":\"https:\\\/\\\/www.bellunopress.it\\\/\",\"logo\":{\"@type\":\"ImageObject\",\"inLanguage\":\"fr-FR\",\"@id\":\"https:\\\/\\\/www.bellunopress.it\\\/#\\\/schema\\\/logo\\\/image\\\/\",\"url\":\"https:\\\/\\\/www.bellunopress.it\\\/wp-content\\\/uploads\\\/2011\\\/05\\\/cropped-logo-bellunopress-.jpg\",\"contentUrl\":\"https:\\\/\\\/www.bellunopress.it\\\/wp-content\\\/uploads\\\/2011\\\/05\\\/cropped-logo-bellunopress-.jpg\",\"width\":512,\"height\":512,\"caption\":\"Bellunopress\"},\"image\":{\"@id\":\"https:\\\/\\\/www.bellunopress.it\\\/#\\\/schema\\\/logo\\\/image\\\/\"},\"sameAs\":[\"https:\\\/\\\/www.facebook.com\\\/profile.php?id=100008943462799\",\"https:\\\/\\\/x.com\\\/bellunopress\",\"https:\\\/\\\/www.linkedin.com\\\/hp\\\/?dnr=JBzUWaJfMUw8vbXJJ2tVW5-I3jZKvC4wsoxE&amp;amp;amp;amp;amp;amp;trk=nav_responsive_tab_home\",\"https:\\\/\\\/www.youtube.com\\\/channel\\\/UCxL0wu1uN0_3_7hGG0306cw\"]},{\"@type\":\"Person\",\"@id\":\"https:\\\/\\\/www.bellunopress.it\\\/#\\\/schema\\\/person\\\/79bb06722b37ece1c03d3e94beb30d73\",\"name\":\"redazione\",\"image\":{\"@type\":\"ImageObject\",\"inLanguage\":\"fr-FR\",\"@id\":\"https:\\\/\\\/secure.gravatar.com\\\/avatar\\\/37d968a2e67a6fd04c169c4bdef102d0bc5d31b2546345219e348575eb80e9a0?s=96&d=mm&r=g\",\"url\":\"https:\\\/\\\/secure.gravatar.com\\\/avatar\\\/37d968a2e67a6fd04c169c4bdef102d0bc5d31b2546345219e348575eb80e9a0?s=96&d=mm&r=g\",\"contentUrl\":\"https:\\\/\\\/secure.gravatar.com\\\/avatar\\\/37d968a2e67a6fd04c169c4bdef102d0bc5d31b2546345219e348575eb80e9a0?s=96&d=mm&r=g\",\"caption\":\"redazione\"},\"sameAs\":[\"http:\\\/\\\/www.bellunopress.it\",\"https:\\\/\\\/x.com\\\/bellunopress\"],\"url\":\"https:\\\/\\\/www.bellunopress.it\\\/fr\\\/author\\\/redazione\\\/\"}]}<\/script>\n<!-- \/ Yoast SEO plugin. -->","yoast_head_json":{"title":"Casette di Natale sulle aiuole di piazza Martiri. Italia Nostra Belluno non ci sta: \"Un piccolo grande sfregio senza senso n\u00e9 necessit\u00e0\" - Bellunopress - Dolomiti","robots":{"index":"index","follow":"follow","max-snippet":"max-snippet:-1","max-image-preview":"max-image-preview:large","max-video-preview":"max-video-preview:-1"},"canonical":"https:\/\/www.bellunopress.it\/fr\/2019\/11\/29\/casette-di-natale-sulle-aiuole-di-piazza-martiri-italia-nostra-belluno-non-ci-sta-un-piccolo-grande-sfregio-senza-senso-ne-necessita\/","og_locale":"fr_FR","og_type":"article","og_title":"Casette di Natale sulle aiuole di piazza Martiri. Italia Nostra Belluno non ci sta: \"Un piccolo grande sfregio senza senso n\u00e9 necessit\u00e0\" - Bellunopress - Dolomiti","og_description":"Il Natale \u00e8 la Festa dei bambini e delle famiglie ed \u00e8 normale che il centro citt\u00e0 si adorni di luci fantasmagoriche, decorazioni, alberi natalizi e proponga iniziative per attirare l\u2019attenzione di bellunesi e turisti. Tutto giusto e lecito, purch\u00e9 si rispetti l\u2019ambiente e non gli si arrechi danno, come invece \u00e8 avvenuto nel giardino [&hellip;]","og_url":"https:\/\/www.bellunopress.it\/fr\/2019\/11\/29\/casette-di-natale-sulle-aiuole-di-piazza-martiri-italia-nostra-belluno-non-ci-sta-un-piccolo-grande-sfregio-senza-senso-ne-necessita\/","og_site_name":"Bellunopress - Dolomiti","article_publisher":"https:\/\/www.facebook.com\/profile.php?id=100008943462799","article_published_time":"2019-11-29T08:10:13+00:00","article_modified_time":"2019-11-29T20:07:22+00:00","og_image":[{"url":"http:\/\/www.bellunopress.it\/wp-content\/uploads\/2019\/03\/italia-nostra.jpg","type":"","width":"","height":""}],"author":"redazione","twitter_card":"summary_large_image","twitter_creator":"@bellunopress","twitter_site":"@bellunopress","twitter_misc":{"Written by":"redazione","Est. reading time":"3 minutes"},"schema":{"@context":"https:\/\/schema.org","@graph":[{"@type":"Article","@id":"https:\/\/www.bellunopress.it\/2019\/11\/29\/casette-di-natale-sulle-aiuole-di-piazza-martiri-italia-nostra-belluno-non-ci-sta-un-piccolo-grande-sfregio-senza-senso-ne-necessita\/#article","isPartOf":{"@id":"https:\/\/www.bellunopress.it\/2019\/11\/29\/casette-di-natale-sulle-aiuole-di-piazza-martiri-italia-nostra-belluno-non-ci-sta-un-piccolo-grande-sfregio-senza-senso-ne-necessita\/"},"author":{"name":"redazione","@id":"https:\/\/www.bellunopress.it\/#\/schema\/person\/79bb06722b37ece1c03d3e94beb30d73"},"headline":"Casette di Natale sulle aiuole di piazza Martiri. Italia Nostra Belluno non ci sta: &#8220;Un piccolo grande sfregio senza senso n\u00e9 necessit\u00e0&#8221;","datePublished":"2019-11-29T08:10:13+00:00","dateModified":"2019-11-29T20:07:22+00:00","mainEntityOfPage":{"@id":"https:\/\/www.bellunopress.it\/2019\/11\/29\/casette-di-natale-sulle-aiuole-di-piazza-martiri-italia-nostra-belluno-non-ci-sta-un-piccolo-grande-sfregio-senza-senso-ne-necessita\/"},"wordCount":592,"publisher":{"@id":"https:\/\/www.bellunopress.it\/#organization"},"image":{"@id":"https:\/\/www.bellunopress.it\/2019\/11\/29\/casette-di-natale-sulle-aiuole-di-piazza-martiri-italia-nostra-belluno-non-ci-sta-un-piccolo-grande-sfregio-senza-senso-ne-necessita\/#primaryimage"},"thumbnailUrl":"http:\/\/www.bellunopress.it\/wp-content\/uploads\/2019\/03\/italia-nostra.jpg","articleSection":["Cronaca\/Politica","Meteo, natura, ambiente, animali","Prima Pagina"],"inLanguage":"fr-FR"},{"@type":"WebPage","@id":"https:\/\/www.bellunopress.it\/2019\/11\/29\/casette-di-natale-sulle-aiuole-di-piazza-martiri-italia-nostra-belluno-non-ci-sta-un-piccolo-grande-sfregio-senza-senso-ne-necessita\/","url":"https:\/\/www.bellunopress.it\/2019\/11\/29\/casette-di-natale-sulle-aiuole-di-piazza-martiri-italia-nostra-belluno-non-ci-sta-un-piccolo-grande-sfregio-senza-senso-ne-necessita\/","name":"Casette di Natale sulle aiuole di piazza Martiri. Italia Nostra Belluno non ci sta: \"Un piccolo grande sfregio senza senso n\u00e9 necessit\u00e0\" - Bellunopress - Dolomiti","isPartOf":{"@id":"https:\/\/www.bellunopress.it\/#website"},"primaryImageOfPage":{"@id":"https:\/\/www.bellunopress.it\/2019\/11\/29\/casette-di-natale-sulle-aiuole-di-piazza-martiri-italia-nostra-belluno-non-ci-sta-un-piccolo-grande-sfregio-senza-senso-ne-necessita\/#primaryimage"},"image":{"@id":"https:\/\/www.bellunopress.it\/2019\/11\/29\/casette-di-natale-sulle-aiuole-di-piazza-martiri-italia-nostra-belluno-non-ci-sta-un-piccolo-grande-sfregio-senza-senso-ne-necessita\/#primaryimage"},"thumbnailUrl":"http:\/\/www.bellunopress.it\/wp-content\/uploads\/2019\/03\/italia-nostra.jpg","datePublished":"2019-11-29T08:10:13+00:00","dateModified":"2019-11-29T20:07:22+00:00","breadcrumb":{"@id":"https:\/\/www.bellunopress.it\/2019\/11\/29\/casette-di-natale-sulle-aiuole-di-piazza-martiri-italia-nostra-belluno-non-ci-sta-un-piccolo-grande-sfregio-senza-senso-ne-necessita\/#breadcrumb"},"inLanguage":"fr-FR","potentialAction":[{"@type":"ReadAction","target":["https:\/\/www.bellunopress.it\/2019\/11\/29\/casette-di-natale-sulle-aiuole-di-piazza-martiri-italia-nostra-belluno-non-ci-sta-un-piccolo-grande-sfregio-senza-senso-ne-necessita\/"]}]},{"@type":"ImageObject","inLanguage":"fr-FR","@id":"https:\/\/www.bellunopress.it\/2019\/11\/29\/casette-di-natale-sulle-aiuole-di-piazza-martiri-italia-nostra-belluno-non-ci-sta-un-piccolo-grande-sfregio-senza-senso-ne-necessita\/#primaryimage","url":"http:\/\/www.bellunopress.it\/wp-content\/uploads\/2019\/03\/italia-nostra.jpg","contentUrl":"http:\/\/www.bellunopress.it\/wp-content\/uploads\/2019\/03\/italia-nostra.jpg"},{"@type":"BreadcrumbList","@id":"https:\/\/www.bellunopress.it\/2019\/11\/29\/casette-di-natale-sulle-aiuole-di-piazza-martiri-italia-nostra-belluno-non-ci-sta-un-piccolo-grande-sfregio-senza-senso-ne-necessita\/#breadcrumb","itemListElement":[{"@type":"ListItem","position":1,"name":"Home","item":"https:\/\/www.bellunopress.it\/"},{"@type":"ListItem","position":2,"name":"Casette di Natale sulle aiuole di piazza Martiri. Italia Nostra Belluno non ci sta: &#8220;Un piccolo grande sfregio senza senso n\u00e9 necessit\u00e0&#8221;"}]},{"@type":"WebSite","@id":"https:\/\/www.bellunopress.it\/#website","url":"https:\/\/www.bellunopress.it\/","name":"Bellunopress - Dolomiti","description":"e-mail: redazione@bellunopress.it","publisher":{"@id":"https:\/\/www.bellunopress.it\/#organization"},"potentialAction":[{"@type":"SearchAction","target":{"@type":"EntryPoint","urlTemplate":"https:\/\/www.bellunopress.it\/?s={search_term_string}"},"query-input":{"@type":"PropertyValueSpecification","valueRequired":true,"valueName":"search_term_string"}}],"inLanguage":"fr-FR"},{"@type":"Organization","@id":"https:\/\/www.bellunopress.it\/#organization","name":"Bellunopress","url":"https:\/\/www.bellunopress.it\/","logo":{"@type":"ImageObject","inLanguage":"fr-FR","@id":"https:\/\/www.bellunopress.it\/#\/schema\/logo\/image\/","url":"https:\/\/www.bellunopress.it\/wp-content\/uploads\/2011\/05\/cropped-logo-bellunopress-.jpg","contentUrl":"https:\/\/www.bellunopress.it\/wp-content\/uploads\/2011\/05\/cropped-logo-bellunopress-.jpg","width":512,"height":512,"caption":"Bellunopress"},"image":{"@id":"https:\/\/www.bellunopress.it\/#\/schema\/logo\/image\/"},"sameAs":["https:\/\/www.facebook.com\/profile.php?id=100008943462799","https:\/\/x.com\/bellunopress","https:\/\/www.linkedin.com\/hp\/?dnr=JBzUWaJfMUw8vbXJJ2tVW5-I3jZKvC4wsoxE&amp;amp;amp;amp;amp;amp;trk=nav_responsive_tab_home","https:\/\/www.youtube.com\/channel\/UCxL0wu1uN0_3_7hGG0306cw"]},{"@type":"Person","@id":"https:\/\/www.bellunopress.it\/#\/schema\/person\/79bb06722b37ece1c03d3e94beb30d73","name":"r\u00e9daction","image":{"@type":"ImageObject","inLanguage":"fr-FR","@id":"https:\/\/secure.gravatar.com\/avatar\/37d968a2e67a6fd04c169c4bdef102d0bc5d31b2546345219e348575eb80e9a0?s=96&d=mm&r=g","url":"https:\/\/secure.gravatar.com\/avatar\/37d968a2e67a6fd04c169c4bdef102d0bc5d31b2546345219e348575eb80e9a0?s=96&d=mm&r=g","contentUrl":"https:\/\/secure.gravatar.com\/avatar\/37d968a2e67a6fd04c169c4bdef102d0bc5d31b2546345219e348575eb80e9a0?s=96&d=mm&r=g","caption":"redazione"},"sameAs":["http:\/\/www.bellunopress.it","https:\/\/x.com\/bellunopress"],"url":"https:\/\/www.bellunopress.it\/fr\/author\/redazione\/"}]}},"_links":{"self":[{"href":"https:\/\/www.bellunopress.it\/fr\/wp-json\/wp\/v2\/posts\/110044","targetHints":{"allow":["GET"]}}],"collection":[{"href":"https:\/\/www.bellunopress.it\/fr\/wp-json\/wp\/v2\/posts"}],"about":[{"href":"https:\/\/www.bellunopress.it\/fr\/wp-json\/wp\/v2\/types\/post"}],"author":[{"embeddable":true,"href":"https:\/\/www.bellunopress.it\/fr\/wp-json\/wp\/v2\/users\/2"}],"replies":[{"embeddable":true,"href":"https:\/\/www.bellunopress.it\/fr\/wp-json\/wp\/v2\/comments?post=110044"}],"version-history":[{"count":3,"href":"https:\/\/www.bellunopress.it\/fr\/wp-json\/wp\/v2\/posts\/110044\/revisions"}],"predecessor-version":[{"id":110061,"href":"https:\/\/www.bellunopress.it\/fr\/wp-json\/wp\/v2\/posts\/110044\/revisions\/110061"}],"wp:attachment":[{"href":"https:\/\/www.bellunopress.it\/fr\/wp-json\/wp\/v2\/media?parent=110044"}],"wp:term":[{"taxonomy":"category","embeddable":true,"href":"https:\/\/www.bellunopress.it\/fr\/wp-json\/wp\/v2\/categories?post=110044"},{"taxonomy":"post_tag","embeddable":true,"href":"https:\/\/www.bellunopress.it\/fr\/wp-json\/wp\/v2\/tags?post=110044"}],"curies":[{"name":"wp","href":"https:\/\/api.w.org\/{rel}","templated":true}]}}