{"id":110035,"date":"2019-11-28T18:55:22","date_gmt":"2019-11-28T17:55:22","guid":{"rendered":"http:\/\/www.bellunopress.it\/?p=110035"},"modified":"2019-11-28T18:55:22","modified_gmt":"2019-11-28T17:55:22","slug":"approvato-il-progetto-dei-lavori-di-ristrutturazione-del-reparto-di-medicina-di-pieve-di-cadore","status":"publish","type":"post","link":"https:\/\/www.bellunopress.it\/fr\/2019\/11\/28\/approvato-il-progetto-dei-lavori-di-ristrutturazione-del-reparto-di-medicina-di-pieve-di-cadore\/","title":{"rendered":"Approvato il progetto dei lavori di ristrutturazione del Reparto di Medicina di Pieve di Cadore\u00a0"},"content":{"rendered":"<p><a href=\"http:\/\/www.bellunopress.it\/fr\/2017\/02\/01\/due-ginecologi-operativi-h-24-al-punto-nascite-di-pieve-di-cadore\/ulss-1-dolomiti\/\" rel=\"attachment wp-att-84065\"><img loading=\"lazy\" decoding=\"async\" class=\"alignleft size-full wp-image-84065\" src=\"http:\/\/www.bellunopress.it\/wp-content\/uploads\/2017\/02\/ulss-1-dolomiti.jpg\" alt=\"\" width=\"214\" height=\"110\" \/><\/a>Belluno, 28 novembre 2019 &#8211; L\u2019Ulss ha approvato oggi il progetto di fattibilit\u00e0 tecnica ed economica per la ristrutturazione di alcune stanze della Medicina di Pieve di Cadore per la collocazione di 10 posti letto.<br \/>\nLo scorso mese di settembre \u00e8 stato affidato alla societ\u00e0 Bbaa Engineering srl di Piacenza l\u2019incarico di redigere il progetto di fattibilit\u00e0 tecnica e ed economica, nonch\u00e9 il coordinamento per la sicurezza in fase di progettazione.<br \/>\nIl progetto prevede una spesa complessiva di euro 360.000,00, comprensiva dei costi per l\u2019esecuzione di opere edili, impianti idro-termo-sanitari, elettrici e meccanici, oneri per la sicurezza, spese tecniche, Iva ecc..<\/p>\n<p>\u201cDopo la firma del contratto con la ditta aggiudicataria dell\u2019appalto per la realizzazione della nuova base HEMS, il cui progetto \u00e8 stato recentemente presentato agli organi di informazione, e il passaggio alla penultima fase di realizzazione dei lavori di ristrutturazione del Pronto Soccorso, il provvedimento odierno aggiunge un importante tassello agli interventi finalizzati all\u2019ammodernamento dell\u2019ospedale di Pieve di Cadore\u201d &#8211; afferma il Direttore Generale.<\/p>","protected":false},"excerpt":{"rendered":"<p>Belluno, 28 novembre 2019 &#8211; L\u2019Ulss ha approvato oggi il progetto di fattibilit\u00e0 tecnica ed economica per la ristrutturazione di alcune stanze della Medicina di Pieve di Cadore per la collocazione di 10 posti letto. Lo scorso mese di settembre \u00e8 stato affidato alla societ\u00e0 Bbaa Engineering srl di Piacenza l\u2019incarico di redigere il progetto [&hellip;]<\/p>\n","protected":false},"author":2,"featured_media":0,"comment_status":"closed","ping_status":"open","sticky":false,"template":"","format":"standard","meta":{"footnotes":""},"categories":[26,17],"tags":[],"class_list":["post-110035","post","type-post","status-publish","format-standard","category-prima-pagina","category-sanita"],"yoast_head":"<!-- This site is optimized with the Yoast SEO plugin v28.4 - https:\/\/yoast.com\/product\/yoast-seo-wordpress\/ -->\n<title>Approvato il progetto dei lavori di ristrutturazione del Reparto di Medicina di Pieve di Cadore\u00a0 - Bellunopress - Dolomiti<\/title>\n<meta name=\"robots\" content=\"index, follow, max-snippet:-1, max-image-preview:large, max-video-preview:-1\" \/>\n<link rel=\"canonical\" href=\"https:\/\/www.bellunopress.it\/fr\/2019\/11\/28\/approvato-il-progetto-dei-lavori-di-ristrutturazione-del-reparto-di-medicina-di-pieve-di-cadore\/\" \/>\n<meta property=\"og:locale\" content=\"fr_FR\" \/>\n<meta property=\"og:type\" content=\"article\" \/>\n<meta property=\"og:title\" content=\"Approvato il progetto dei lavori di ristrutturazione del Reparto di Medicina di Pieve di Cadore\u00a0 - Bellunopress - Dolomiti\" \/>\n<meta property=\"og:description\" content=\"Belluno, 28 novembre 2019 &#8211; L\u2019Ulss ha approvato oggi il progetto di fattibilit\u00e0 tecnica ed economica per la ristrutturazione di alcune stanze della Medicina di Pieve di Cadore per la collocazione di 10 posti letto. Lo scorso mese di settembre \u00e8 stato affidato alla societ\u00e0 Bbaa Engineering srl di Piacenza l\u2019incarico di redigere il progetto [&hellip;]\" \/>\n<meta property=\"og:url\" content=\"https:\/\/www.bellunopress.it\/fr\/2019\/11\/28\/approvato-il-progetto-dei-lavori-di-ristrutturazione-del-reparto-di-medicina-di-pieve-di-cadore\/\" \/>\n<meta property=\"og:site_name\" content=\"Bellunopress - Dolomiti\" \/>\n<meta property=\"article:publisher\" content=\"https:\/\/www.facebook.com\/profile.php?id=100008943462799\" \/>\n<meta property=\"article:published_time\" content=\"2019-11-28T17:55:22+00:00\" \/>\n<meta property=\"og:image\" content=\"http:\/\/www.bellunopress.it\/wp-content\/uploads\/2017\/02\/ulss-1-dolomiti.jpg\" \/>\n<meta name=\"author\" content=\"redazione\" \/>\n<meta name=\"twitter:card\" content=\"summary_large_image\" \/>\n<meta name=\"twitter:creator\" content=\"@bellunopress\" \/>\n<meta name=\"twitter:site\" content=\"@bellunopress\" \/>\n<meta name=\"twitter:label1\" content=\"\u00c9crit par\" \/>\n\t<meta name=\"twitter:data1\" content=\"redazione\" \/>\n\t<meta name=\"twitter:label2\" content=\"Dur\u00e9e de lecture estim\u00e9e\" \/>\n\t<meta name=\"twitter:data2\" content=\"1 minute\" \/>\n<script type=\"application\/ld+json\" class=\"yoast-schema-graph\">{\"@context\":\"https:\\\/\\\/schema.org\",\"@graph\":[{\"@type\":\"Article\",\"@id\":\"https:\\\/\\\/www.bellunopress.it\\\/2019\\\/11\\\/28\\\/approvato-il-progetto-dei-lavori-di-ristrutturazione-del-reparto-di-medicina-di-pieve-di-cadore\\\/#article\",\"isPartOf\":{\"@id\":\"https:\\\/\\\/www.bellunopress.it\\\/2019\\\/11\\\/28\\\/approvato-il-progetto-dei-lavori-di-ristrutturazione-del-reparto-di-medicina-di-pieve-di-cadore\\\/\"},\"author\":{\"name\":\"redazione\",\"@id\":\"https:\\\/\\\/www.bellunopress.it\\\/#\\\/schema\\\/person\\\/79bb06722b37ece1c03d3e94beb30d73\"},\"headline\":\"Approvato il progetto dei lavori di ristrutturazione del Reparto di Medicina di Pieve di Cadore\u00a0\",\"datePublished\":\"2019-11-28T17:55:22+00:00\",\"mainEntityOfPage\":{\"@id\":\"https:\\\/\\\/www.bellunopress.it\\\/2019\\\/11\\\/28\\\/approvato-il-progetto-dei-lavori-di-ristrutturazione-del-reparto-di-medicina-di-pieve-di-cadore\\\/\"},\"wordCount\":180,\"publisher\":{\"@id\":\"https:\\\/\\\/www.bellunopress.it\\\/#organization\"},\"image\":{\"@id\":\"https:\\\/\\\/www.bellunopress.it\\\/2019\\\/11\\\/28\\\/approvato-il-progetto-dei-lavori-di-ristrutturazione-del-reparto-di-medicina-di-pieve-di-cadore\\\/#primaryimage\"},\"thumbnailUrl\":\"http:\\\/\\\/www.bellunopress.it\\\/wp-content\\\/uploads\\\/2017\\\/02\\\/ulss-1-dolomiti.jpg\",\"articleSection\":[\"Prima Pagina\",\"Sanit\u00e0 Medicina\"],\"inLanguage\":\"fr-FR\"},{\"@type\":\"WebPage\",\"@id\":\"https:\\\/\\\/www.bellunopress.it\\\/2019\\\/11\\\/28\\\/approvato-il-progetto-dei-lavori-di-ristrutturazione-del-reparto-di-medicina-di-pieve-di-cadore\\\/\",\"url\":\"https:\\\/\\\/www.bellunopress.it\\\/2019\\\/11\\\/28\\\/approvato-il-progetto-dei-lavori-di-ristrutturazione-del-reparto-di-medicina-di-pieve-di-cadore\\\/\",\"name\":\"Approvato il progetto dei lavori di ristrutturazione del Reparto di Medicina di Pieve di Cadore\u00a0 - Bellunopress - Dolomiti\",\"isPartOf\":{\"@id\":\"https:\\\/\\\/www.bellunopress.it\\\/#website\"},\"primaryImageOfPage\":{\"@id\":\"https:\\\/\\\/www.bellunopress.it\\\/2019\\\/11\\\/28\\\/approvato-il-progetto-dei-lavori-di-ristrutturazione-del-reparto-di-medicina-di-pieve-di-cadore\\\/#primaryimage\"},\"image\":{\"@id\":\"https:\\\/\\\/www.bellunopress.it\\\/2019\\\/11\\\/28\\\/approvato-il-progetto-dei-lavori-di-ristrutturazione-del-reparto-di-medicina-di-pieve-di-cadore\\\/#primaryimage\"},\"thumbnailUrl\":\"http:\\\/\\\/www.bellunopress.it\\\/wp-content\\\/uploads\\\/2017\\\/02\\\/ulss-1-dolomiti.jpg\",\"datePublished\":\"2019-11-28T17:55:22+00:00\",\"breadcrumb\":{\"@id\":\"https:\\\/\\\/www.bellunopress.it\\\/2019\\\/11\\\/28\\\/approvato-il-progetto-dei-lavori-di-ristrutturazione-del-reparto-di-medicina-di-pieve-di-cadore\\\/#breadcrumb\"},\"inLanguage\":\"fr-FR\",\"potentialAction\":[{\"@type\":\"ReadAction\",\"target\":[\"https:\\\/\\\/www.bellunopress.it\\\/2019\\\/11\\\/28\\\/approvato-il-progetto-dei-lavori-di-ristrutturazione-del-reparto-di-medicina-di-pieve-di-cadore\\\/\"]}]},{\"@type\":\"ImageObject\",\"inLanguage\":\"fr-FR\",\"@id\":\"https:\\\/\\\/www.bellunopress.it\\\/2019\\\/11\\\/28\\\/approvato-il-progetto-dei-lavori-di-ristrutturazione-del-reparto-di-medicina-di-pieve-di-cadore\\\/#primaryimage\",\"url\":\"http:\\\/\\\/www.bellunopress.it\\\/wp-content\\\/uploads\\\/2017\\\/02\\\/ulss-1-dolomiti.jpg\",\"contentUrl\":\"http:\\\/\\\/www.bellunopress.it\\\/wp-content\\\/uploads\\\/2017\\\/02\\\/ulss-1-dolomiti.jpg\"},{\"@type\":\"BreadcrumbList\",\"@id\":\"https:\\\/\\\/www.bellunopress.it\\\/2019\\\/11\\\/28\\\/approvato-il-progetto-dei-lavori-di-ristrutturazione-del-reparto-di-medicina-di-pieve-di-cadore\\\/#breadcrumb\",\"itemListElement\":[{\"@type\":\"ListItem\",\"position\":1,\"name\":\"Home\",\"item\":\"https:\\\/\\\/www.bellunopress.it\\\/\"},{\"@type\":\"ListItem\",\"position\":2,\"name\":\"Approvato il progetto dei lavori di ristrutturazione del Reparto di Medicina di Pieve di Cadore\u00a0\"}]},{\"@type\":\"WebSite\",\"@id\":\"https:\\\/\\\/www.bellunopress.it\\\/#website\",\"url\":\"https:\\\/\\\/www.bellunopress.it\\\/\",\"name\":\"Bellunopress - Dolomiti\",\"description\":\"e-mail: redazione@bellunopress.it\",\"publisher\":{\"@id\":\"https:\\\/\\\/www.bellunopress.it\\\/#organization\"},\"potentialAction\":[{\"@type\":\"SearchAction\",\"target\":{\"@type\":\"EntryPoint\",\"urlTemplate\":\"https:\\\/\\\/www.bellunopress.it\\\/?s={search_term_string}\"},\"query-input\":{\"@type\":\"PropertyValueSpecification\",\"valueRequired\":true,\"valueName\":\"search_term_string\"}}],\"inLanguage\":\"fr-FR\"},{\"@type\":\"Organization\",\"@id\":\"https:\\\/\\\/www.bellunopress.it\\\/#organization\",\"name\":\"Bellunopress\",\"url\":\"https:\\\/\\\/www.bellunopress.it\\\/\",\"logo\":{\"@type\":\"ImageObject\",\"inLanguage\":\"fr-FR\",\"@id\":\"https:\\\/\\\/www.bellunopress.it\\\/#\\\/schema\\\/logo\\\/image\\\/\",\"url\":\"https:\\\/\\\/www.bellunopress.it\\\/wp-content\\\/uploads\\\/2011\\\/05\\\/cropped-logo-bellunopress-.jpg\",\"contentUrl\":\"https:\\\/\\\/www.bellunopress.it\\\/wp-content\\\/uploads\\\/2011\\\/05\\\/cropped-logo-bellunopress-.jpg\",\"width\":512,\"height\":512,\"caption\":\"Bellunopress\"},\"image\":{\"@id\":\"https:\\\/\\\/www.bellunopress.it\\\/#\\\/schema\\\/logo\\\/image\\\/\"},\"sameAs\":[\"https:\\\/\\\/www.facebook.com\\\/profile.php?id=100008943462799\",\"https:\\\/\\\/x.com\\\/bellunopress\",\"https:\\\/\\\/www.linkedin.com\\\/hp\\\/?dnr=JBzUWaJfMUw8vbXJJ2tVW5-I3jZKvC4wsoxE&amp;amp;amp;amp;amp;amp;trk=nav_responsive_tab_home\",\"https:\\\/\\\/www.youtube.com\\\/channel\\\/UCxL0wu1uN0_3_7hGG0306cw\"]},{\"@type\":\"Person\",\"@id\":\"https:\\\/\\\/www.bellunopress.it\\\/#\\\/schema\\\/person\\\/79bb06722b37ece1c03d3e94beb30d73\",\"name\":\"redazione\",\"image\":{\"@type\":\"ImageObject\",\"inLanguage\":\"fr-FR\",\"@id\":\"https:\\\/\\\/secure.gravatar.com\\\/avatar\\\/37d968a2e67a6fd04c169c4bdef102d0bc5d31b2546345219e348575eb80e9a0?s=96&d=mm&r=g\",\"url\":\"https:\\\/\\\/secure.gravatar.com\\\/avatar\\\/37d968a2e67a6fd04c169c4bdef102d0bc5d31b2546345219e348575eb80e9a0?s=96&d=mm&r=g\",\"contentUrl\":\"https:\\\/\\\/secure.gravatar.com\\\/avatar\\\/37d968a2e67a6fd04c169c4bdef102d0bc5d31b2546345219e348575eb80e9a0?s=96&d=mm&r=g\",\"caption\":\"redazione\"},\"sameAs\":[\"http:\\\/\\\/www.bellunopress.it\",\"https:\\\/\\\/x.com\\\/bellunopress\"],\"url\":\"https:\\\/\\\/www.bellunopress.it\\\/fr\\\/author\\\/redazione\\\/\"}]}<\/script>\n<!-- \/ Yoast SEO plugin. -->","yoast_head_json":{"title":"Approvato il progetto dei lavori di ristrutturazione del Reparto di Medicina di Pieve di Cadore\u00a0 - Bellunopress - Dolomiti","robots":{"index":"index","follow":"follow","max-snippet":"max-snippet:-1","max-image-preview":"max-image-preview:large","max-video-preview":"max-video-preview:-1"},"canonical":"https:\/\/www.bellunopress.it\/fr\/2019\/11\/28\/approvato-il-progetto-dei-lavori-di-ristrutturazione-del-reparto-di-medicina-di-pieve-di-cadore\/","og_locale":"fr_FR","og_type":"article","og_title":"Approvato il progetto dei lavori di ristrutturazione del Reparto di Medicina di Pieve di Cadore\u00a0 - Bellunopress - Dolomiti","og_description":"Belluno, 28 novembre 2019 &#8211; L\u2019Ulss ha approvato oggi il progetto di fattibilit\u00e0 tecnica ed economica per la ristrutturazione di alcune stanze della Medicina di Pieve di Cadore per la collocazione di 10 posti letto. Lo scorso mese di settembre \u00e8 stato affidato alla societ\u00e0 Bbaa Engineering srl di Piacenza l\u2019incarico di redigere il progetto [&hellip;]","og_url":"https:\/\/www.bellunopress.it\/fr\/2019\/11\/28\/approvato-il-progetto-dei-lavori-di-ristrutturazione-del-reparto-di-medicina-di-pieve-di-cadore\/","og_site_name":"Bellunopress - Dolomiti","article_publisher":"https:\/\/www.facebook.com\/profile.php?id=100008943462799","article_published_time":"2019-11-28T17:55:22+00:00","og_image":[{"url":"http:\/\/www.bellunopress.it\/wp-content\/uploads\/2017\/02\/ulss-1-dolomiti.jpg","type":"","width":"","height":""}],"author":"redazione","twitter_card":"summary_large_image","twitter_creator":"@bellunopress","twitter_site":"@bellunopress","twitter_misc":{"\u00c9crit par":"redazione","Dur\u00e9e de lecture estim\u00e9e":"1 minute"},"schema":{"@context":"https:\/\/schema.org","@graph":[{"@type":"Article","@id":"https:\/\/www.bellunopress.it\/2019\/11\/28\/approvato-il-progetto-dei-lavori-di-ristrutturazione-del-reparto-di-medicina-di-pieve-di-cadore\/#article","isPartOf":{"@id":"https:\/\/www.bellunopress.it\/2019\/11\/28\/approvato-il-progetto-dei-lavori-di-ristrutturazione-del-reparto-di-medicina-di-pieve-di-cadore\/"},"author":{"name":"redazione","@id":"https:\/\/www.bellunopress.it\/#\/schema\/person\/79bb06722b37ece1c03d3e94beb30d73"},"headline":"Approvato il progetto dei lavori di ristrutturazione del Reparto di Medicina di Pieve di Cadore\u00a0","datePublished":"2019-11-28T17:55:22+00:00","mainEntityOfPage":{"@id":"https:\/\/www.bellunopress.it\/2019\/11\/28\/approvato-il-progetto-dei-lavori-di-ristrutturazione-del-reparto-di-medicina-di-pieve-di-cadore\/"},"wordCount":180,"publisher":{"@id":"https:\/\/www.bellunopress.it\/#organization"},"image":{"@id":"https:\/\/www.bellunopress.it\/2019\/11\/28\/approvato-il-progetto-dei-lavori-di-ristrutturazione-del-reparto-di-medicina-di-pieve-di-cadore\/#primaryimage"},"thumbnailUrl":"http:\/\/www.bellunopress.it\/wp-content\/uploads\/2017\/02\/ulss-1-dolomiti.jpg","articleSection":["Prima Pagina","Sanit\u00e0 Medicina"],"inLanguage":"fr-FR"},{"@type":"WebPage","@id":"https:\/\/www.bellunopress.it\/2019\/11\/28\/approvato-il-progetto-dei-lavori-di-ristrutturazione-del-reparto-di-medicina-di-pieve-di-cadore\/","url":"https:\/\/www.bellunopress.it\/2019\/11\/28\/approvato-il-progetto-dei-lavori-di-ristrutturazione-del-reparto-di-medicina-di-pieve-di-cadore\/","name":"Approvato il progetto dei lavori di ristrutturazione del Reparto di Medicina di Pieve di Cadore\u00a0 - Bellunopress - Dolomiti","isPartOf":{"@id":"https:\/\/www.bellunopress.it\/#website"},"primaryImageOfPage":{"@id":"https:\/\/www.bellunopress.it\/2019\/11\/28\/approvato-il-progetto-dei-lavori-di-ristrutturazione-del-reparto-di-medicina-di-pieve-di-cadore\/#primaryimage"},"image":{"@id":"https:\/\/www.bellunopress.it\/2019\/11\/28\/approvato-il-progetto-dei-lavori-di-ristrutturazione-del-reparto-di-medicina-di-pieve-di-cadore\/#primaryimage"},"thumbnailUrl":"http:\/\/www.bellunopress.it\/wp-content\/uploads\/2017\/02\/ulss-1-dolomiti.jpg","datePublished":"2019-11-28T17:55:22+00:00","breadcrumb":{"@id":"https:\/\/www.bellunopress.it\/2019\/11\/28\/approvato-il-progetto-dei-lavori-di-ristrutturazione-del-reparto-di-medicina-di-pieve-di-cadore\/#breadcrumb"},"inLanguage":"fr-FR","potentialAction":[{"@type":"ReadAction","target":["https:\/\/www.bellunopress.it\/2019\/11\/28\/approvato-il-progetto-dei-lavori-di-ristrutturazione-del-reparto-di-medicina-di-pieve-di-cadore\/"]}]},{"@type":"ImageObject","inLanguage":"fr-FR","@id":"https:\/\/www.bellunopress.it\/2019\/11\/28\/approvato-il-progetto-dei-lavori-di-ristrutturazione-del-reparto-di-medicina-di-pieve-di-cadore\/#primaryimage","url":"http:\/\/www.bellunopress.it\/wp-content\/uploads\/2017\/02\/ulss-1-dolomiti.jpg","contentUrl":"http:\/\/www.bellunopress.it\/wp-content\/uploads\/2017\/02\/ulss-1-dolomiti.jpg"},{"@type":"BreadcrumbList","@id":"https:\/\/www.bellunopress.it\/2019\/11\/28\/approvato-il-progetto-dei-lavori-di-ristrutturazione-del-reparto-di-medicina-di-pieve-di-cadore\/#breadcrumb","itemListElement":[{"@type":"ListItem","position":1,"name":"Home","item":"https:\/\/www.bellunopress.it\/"},{"@type":"ListItem","position":2,"name":"Approvato il progetto dei lavori di ristrutturazione del Reparto di Medicina di Pieve di Cadore\u00a0"}]},{"@type":"WebSite","@id":"https:\/\/www.bellunopress.it\/#website","url":"https:\/\/www.bellunopress.it\/","name":"Bellunopress - Dolomiti","description":"e-mail: redazione@bellunopress.it","publisher":{"@id":"https:\/\/www.bellunopress.it\/#organization"},"potentialAction":[{"@type":"SearchAction","target":{"@type":"EntryPoint","urlTemplate":"https:\/\/www.bellunopress.it\/?s={search_term_string}"},"query-input":{"@type":"PropertyValueSpecification","valueRequired":true,"valueName":"search_term_string"}}],"inLanguage":"fr-FR"},{"@type":"Organization","@id":"https:\/\/www.bellunopress.it\/#organization","name":"Bellunopress","url":"https:\/\/www.bellunopress.it\/","logo":{"@type":"ImageObject","inLanguage":"fr-FR","@id":"https:\/\/www.bellunopress.it\/#\/schema\/logo\/image\/","url":"https:\/\/www.bellunopress.it\/wp-content\/uploads\/2011\/05\/cropped-logo-bellunopress-.jpg","contentUrl":"https:\/\/www.bellunopress.it\/wp-content\/uploads\/2011\/05\/cropped-logo-bellunopress-.jpg","width":512,"height":512,"caption":"Bellunopress"},"image":{"@id":"https:\/\/www.bellunopress.it\/#\/schema\/logo\/image\/"},"sameAs":["https:\/\/www.facebook.com\/profile.php?id=100008943462799","https:\/\/x.com\/bellunopress","https:\/\/www.linkedin.com\/hp\/?dnr=JBzUWaJfMUw8vbXJJ2tVW5-I3jZKvC4wsoxE&amp;amp;amp;amp;amp;amp;trk=nav_responsive_tab_home","https:\/\/www.youtube.com\/channel\/UCxL0wu1uN0_3_7hGG0306cw"]},{"@type":"Person","@id":"https:\/\/www.bellunopress.it\/#\/schema\/person\/79bb06722b37ece1c03d3e94beb30d73","name":"r\u00e9daction","image":{"@type":"ImageObject","inLanguage":"fr-FR","@id":"https:\/\/secure.gravatar.com\/avatar\/37d968a2e67a6fd04c169c4bdef102d0bc5d31b2546345219e348575eb80e9a0?s=96&d=mm&r=g","url":"https:\/\/secure.gravatar.com\/avatar\/37d968a2e67a6fd04c169c4bdef102d0bc5d31b2546345219e348575eb80e9a0?s=96&d=mm&r=g","contentUrl":"https:\/\/secure.gravatar.com\/avatar\/37d968a2e67a6fd04c169c4bdef102d0bc5d31b2546345219e348575eb80e9a0?s=96&d=mm&r=g","caption":"redazione"},"sameAs":["http:\/\/www.bellunopress.it","https:\/\/x.com\/bellunopress"],"url":"https:\/\/www.bellunopress.it\/fr\/author\/redazione\/"}]}},"_links":{"self":[{"href":"https:\/\/www.bellunopress.it\/fr\/wp-json\/wp\/v2\/posts\/110035","targetHints":{"allow":["GET"]}}],"collection":[{"href":"https:\/\/www.bellunopress.it\/fr\/wp-json\/wp\/v2\/posts"}],"about":[{"href":"https:\/\/www.bellunopress.it\/fr\/wp-json\/wp\/v2\/types\/post"}],"author":[{"embeddable":true,"href":"https:\/\/www.bellunopress.it\/fr\/wp-json\/wp\/v2\/users\/2"}],"replies":[{"embeddable":true,"href":"https:\/\/www.bellunopress.it\/fr\/wp-json\/wp\/v2\/comments?post=110035"}],"version-history":[{"count":1,"href":"https:\/\/www.bellunopress.it\/fr\/wp-json\/wp\/v2\/posts\/110035\/revisions"}],"predecessor-version":[{"id":110036,"href":"https:\/\/www.bellunopress.it\/fr\/wp-json\/wp\/v2\/posts\/110035\/revisions\/110036"}],"wp:attachment":[{"href":"https:\/\/www.bellunopress.it\/fr\/wp-json\/wp\/v2\/media?parent=110035"}],"wp:term":[{"taxonomy":"category","embeddable":true,"href":"https:\/\/www.bellunopress.it\/fr\/wp-json\/wp\/v2\/categories?post=110035"},{"taxonomy":"post_tag","embeddable":true,"href":"https:\/\/www.bellunopress.it\/fr\/wp-json\/wp\/v2\/tags?post=110035"}],"curies":[{"name":"wp","href":"https:\/\/api.w.org\/{rel}","templated":true}]}}