{"id":110029,"date":"2019-11-28T17:34:03","date_gmt":"2019-11-28T16:34:03","guid":{"rendered":"http:\/\/www.bellunopress.it\/?p=110029"},"modified":"2019-11-28T17:34:03","modified_gmt":"2019-11-28T16:34:03","slug":"proseguono-i-lavori-a-cancia-venerdi-mattina-saranno-fatti-brillare-altri-massi","status":"publish","type":"post","link":"https:\/\/www.bellunopress.it\/fr\/2019\/11\/28\/proseguono-i-lavori-a-cancia-venerdi-mattina-saranno-fatti-brillare-altri-massi\/","title":{"rendered":"Proseguono i lavori a Cancia. Venerd\u00ec mattina saranno fatti brillare altri massi"},"content":{"rendered":"<p><a href=\"http:\/\/www.bellunopress.it\/fr\/2019\/11\/13\/il-cantiere-a-cancia-raddoppia-i-turni\/cancia-borca-di-cadore\/\" rel=\"attachment wp-att-109549\"><img loading=\"lazy\" decoding=\"async\" class=\"alignleft size-full wp-image-109549\" src=\"http:\/\/www.bellunopress.it\/wp-content\/uploads\/2019\/11\/Cancia-Borca-di-Cadore.jpg\" alt=\"\" width=\"300\" height=\"193\" \/><\/a>Prosegue la messa in sicurezza del canalone di Cancia, nel comune di Borca di Cadore. L\u2019impresa che sta lavorando al progetto messo in campo dalla Provincia di Belluno ha gi\u00e0 completato le opere di sottofondazione. Nelle prossime settimane spinger\u00e0 ulteriormente sull\u2019acceleratore per portare avanti il cantiere. Finch\u00e9 le condizioni meteo lo consentiranno, uomini e mezzi lavoreranno per costruire le opere chiamate a mitigare il rischio di colate detritiche dalle pendici dell\u2019Antelao.<\/p>\n<p>Venerd\u00ec mattina, intanto, saranno fatti brillare altri massi nell\u2019area di cantiere, dato che i lavori si stanno concentrando sul Bus del Diau, dove sar\u00e0 realizzata una deviazione della parte liquida della colata, in modo che non incontri pi\u00f9 la parte solida. Le esplosioni dovrebbero avvenire intorno alle 9.<\/p>\n<p>\u00abOttimo lavoro dell\u2019impresa, che sta portando avanti con precisione e celerit\u00e0 l\u2019operazione &#8211; commenta Massimo Bortoluzzi, consigliere provinciale delegato alla Difesa del Suolo -. Il fatto di avere una ditta della Valtellina, che conosce perfettamente come si opera in montagna, ha agevolato il cantiere. Nei giorni scorsi sono terminate le opere in jet grouting e sono state fatte anche le prime opere in carpenteria e cemento armato sul canalone. Ora le maestranze proseguiranno con il Bus del Diau. Si tratta di opere che erano previste inizialmente per la primavera, quindi siamo in anticipo rispetto ai tempi. Il prossimo anno dovranno essere realizzati il vascone di dissipazione del Bus del Diau e la briglia frangicolata, l\u2019opera principale dell\u2019intero progetto. Ma il fatto di aver gi\u00e0 concluso la parte degli scavi e delle fondazioni render\u00e0 molto pi\u00f9 agevoli le operazioni previste per la prossima primavera\u00bb.<\/p>","protected":false},"excerpt":{"rendered":"<p>Prosegue la messa in sicurezza del canalone di Cancia, nel comune di Borca di Cadore. L\u2019impresa che sta lavorando al progetto messo in campo dalla Provincia di Belluno ha gi\u00e0 completato le opere di sottofondazione. Nelle prossime settimane spinger\u00e0 ulteriormente sull\u2019acceleratore per portare avanti il cantiere. Finch\u00e9 le condizioni meteo lo consentiranno, uomini e mezzi [&hellip;]<\/p>\n","protected":false},"author":2,"featured_media":0,"comment_status":"closed","ping_status":"open","sticky":false,"template":"","format":"standard","meta":{"footnotes":""},"categories":[5,26,8],"tags":[],"class_list":["post-110029","post","type-post","status-publish","format-standard","category-cronaca","category-prima-pagina","category-societa-istituzioni"],"yoast_head":"<!-- This site is optimized with the Yoast SEO plugin v28.4 - https:\/\/yoast.com\/product\/yoast-seo-wordpress\/ -->\n<title>Proseguono i lavori a Cancia. Venerd\u00ec mattina saranno fatti brillare altri massi - Bellunopress - Dolomiti<\/title>\n<meta name=\"robots\" content=\"index, follow, max-snippet:-1, max-image-preview:large, max-video-preview:-1\" \/>\n<link rel=\"canonical\" href=\"https:\/\/www.bellunopress.it\/fr\/2019\/11\/28\/proseguono-i-lavori-a-cancia-venerdi-mattina-saranno-fatti-brillare-altri-massi\/\" \/>\n<meta property=\"og:locale\" content=\"fr_FR\" \/>\n<meta property=\"og:type\" content=\"article\" \/>\n<meta property=\"og:title\" content=\"Proseguono i lavori a Cancia. Venerd\u00ec mattina saranno fatti brillare altri massi - Bellunopress - Dolomiti\" \/>\n<meta property=\"og:description\" content=\"Prosegue la messa in sicurezza del canalone di Cancia, nel comune di Borca di Cadore. L\u2019impresa che sta lavorando al progetto messo in campo dalla Provincia di Belluno ha gi\u00e0 completato le opere di sottofondazione. Nelle prossime settimane spinger\u00e0 ulteriormente sull\u2019acceleratore per portare avanti il cantiere. Finch\u00e9 le condizioni meteo lo consentiranno, uomini e mezzi [&hellip;]\" \/>\n<meta property=\"og:url\" content=\"https:\/\/www.bellunopress.it\/fr\/2019\/11\/28\/proseguono-i-lavori-a-cancia-venerdi-mattina-saranno-fatti-brillare-altri-massi\/\" \/>\n<meta property=\"og:site_name\" content=\"Bellunopress - Dolomiti\" \/>\n<meta property=\"article:publisher\" content=\"https:\/\/www.facebook.com\/profile.php?id=100008943462799\" \/>\n<meta property=\"article:published_time\" content=\"2019-11-28T16:34:03+00:00\" \/>\n<meta property=\"og:image\" content=\"http:\/\/www.bellunopress.it\/wp-content\/uploads\/2019\/11\/Cancia-Borca-di-Cadore.jpg\" \/>\n<meta name=\"author\" content=\"redazione\" \/>\n<meta name=\"twitter:card\" content=\"summary_large_image\" \/>\n<meta name=\"twitter:creator\" content=\"@bellunopress\" \/>\n<meta name=\"twitter:site\" content=\"@bellunopress\" \/>\n<meta name=\"twitter:label1\" content=\"\u00c9crit par\" \/>\n\t<meta name=\"twitter:data1\" content=\"redazione\" \/>\n\t<meta name=\"twitter:label2\" content=\"Dur\u00e9e de lecture estim\u00e9e\" \/>\n\t<meta name=\"twitter:data2\" content=\"1 minute\" \/>\n<script type=\"application\/ld+json\" class=\"yoast-schema-graph\">{\"@context\":\"https:\\\/\\\/schema.org\",\"@graph\":[{\"@type\":\"Article\",\"@id\":\"https:\\\/\\\/www.bellunopress.it\\\/2019\\\/11\\\/28\\\/proseguono-i-lavori-a-cancia-venerdi-mattina-saranno-fatti-brillare-altri-massi\\\/#article\",\"isPartOf\":{\"@id\":\"https:\\\/\\\/www.bellunopress.it\\\/2019\\\/11\\\/28\\\/proseguono-i-lavori-a-cancia-venerdi-mattina-saranno-fatti-brillare-altri-massi\\\/\"},\"author\":{\"name\":\"redazione\",\"@id\":\"https:\\\/\\\/www.bellunopress.it\\\/#\\\/schema\\\/person\\\/79bb06722b37ece1c03d3e94beb30d73\"},\"headline\":\"Proseguono i lavori a Cancia. Venerd\u00ec mattina saranno fatti brillare altri massi\",\"datePublished\":\"2019-11-28T16:34:03+00:00\",\"mainEntityOfPage\":{\"@id\":\"https:\\\/\\\/www.bellunopress.it\\\/2019\\\/11\\\/28\\\/proseguono-i-lavori-a-cancia-venerdi-mattina-saranno-fatti-brillare-altri-massi\\\/\"},\"wordCount\":281,\"publisher\":{\"@id\":\"https:\\\/\\\/www.bellunopress.it\\\/#organization\"},\"image\":{\"@id\":\"https:\\\/\\\/www.bellunopress.it\\\/2019\\\/11\\\/28\\\/proseguono-i-lavori-a-cancia-venerdi-mattina-saranno-fatti-brillare-altri-massi\\\/#primaryimage\"},\"thumbnailUrl\":\"http:\\\/\\\/www.bellunopress.it\\\/wp-content\\\/uploads\\\/2019\\\/11\\\/Cancia-Borca-di-Cadore.jpg\",\"articleSection\":[\"Cronaca\\\/Politica\",\"Prima Pagina\",\"Societ\u00e0, Associazioni, Istituzioni\"],\"inLanguage\":\"fr-FR\"},{\"@type\":\"WebPage\",\"@id\":\"https:\\\/\\\/www.bellunopress.it\\\/2019\\\/11\\\/28\\\/proseguono-i-lavori-a-cancia-venerdi-mattina-saranno-fatti-brillare-altri-massi\\\/\",\"url\":\"https:\\\/\\\/www.bellunopress.it\\\/2019\\\/11\\\/28\\\/proseguono-i-lavori-a-cancia-venerdi-mattina-saranno-fatti-brillare-altri-massi\\\/\",\"name\":\"Proseguono i lavori a Cancia. Venerd\u00ec mattina saranno fatti brillare altri massi - Bellunopress - Dolomiti\",\"isPartOf\":{\"@id\":\"https:\\\/\\\/www.bellunopress.it\\\/#website\"},\"primaryImageOfPage\":{\"@id\":\"https:\\\/\\\/www.bellunopress.it\\\/2019\\\/11\\\/28\\\/proseguono-i-lavori-a-cancia-venerdi-mattina-saranno-fatti-brillare-altri-massi\\\/#primaryimage\"},\"image\":{\"@id\":\"https:\\\/\\\/www.bellunopress.it\\\/2019\\\/11\\\/28\\\/proseguono-i-lavori-a-cancia-venerdi-mattina-saranno-fatti-brillare-altri-massi\\\/#primaryimage\"},\"thumbnailUrl\":\"http:\\\/\\\/www.bellunopress.it\\\/wp-content\\\/uploads\\\/2019\\\/11\\\/Cancia-Borca-di-Cadore.jpg\",\"datePublished\":\"2019-11-28T16:34:03+00:00\",\"breadcrumb\":{\"@id\":\"https:\\\/\\\/www.bellunopress.it\\\/2019\\\/11\\\/28\\\/proseguono-i-lavori-a-cancia-venerdi-mattina-saranno-fatti-brillare-altri-massi\\\/#breadcrumb\"},\"inLanguage\":\"fr-FR\",\"potentialAction\":[{\"@type\":\"ReadAction\",\"target\":[\"https:\\\/\\\/www.bellunopress.it\\\/2019\\\/11\\\/28\\\/proseguono-i-lavori-a-cancia-venerdi-mattina-saranno-fatti-brillare-altri-massi\\\/\"]}]},{\"@type\":\"ImageObject\",\"inLanguage\":\"fr-FR\",\"@id\":\"https:\\\/\\\/www.bellunopress.it\\\/2019\\\/11\\\/28\\\/proseguono-i-lavori-a-cancia-venerdi-mattina-saranno-fatti-brillare-altri-massi\\\/#primaryimage\",\"url\":\"http:\\\/\\\/www.bellunopress.it\\\/wp-content\\\/uploads\\\/2019\\\/11\\\/Cancia-Borca-di-Cadore.jpg\",\"contentUrl\":\"http:\\\/\\\/www.bellunopress.it\\\/wp-content\\\/uploads\\\/2019\\\/11\\\/Cancia-Borca-di-Cadore.jpg\"},{\"@type\":\"BreadcrumbList\",\"@id\":\"https:\\\/\\\/www.bellunopress.it\\\/2019\\\/11\\\/28\\\/proseguono-i-lavori-a-cancia-venerdi-mattina-saranno-fatti-brillare-altri-massi\\\/#breadcrumb\",\"itemListElement\":[{\"@type\":\"ListItem\",\"position\":1,\"name\":\"Home\",\"item\":\"https:\\\/\\\/www.bellunopress.it\\\/\"},{\"@type\":\"ListItem\",\"position\":2,\"name\":\"Proseguono i lavori a Cancia. Venerd\u00ec mattina saranno fatti brillare altri massi\"}]},{\"@type\":\"WebSite\",\"@id\":\"https:\\\/\\\/www.bellunopress.it\\\/#website\",\"url\":\"https:\\\/\\\/www.bellunopress.it\\\/\",\"name\":\"Bellunopress - Dolomiti\",\"description\":\"e-mail: redazione@bellunopress.it\",\"publisher\":{\"@id\":\"https:\\\/\\\/www.bellunopress.it\\\/#organization\"},\"potentialAction\":[{\"@type\":\"SearchAction\",\"target\":{\"@type\":\"EntryPoint\",\"urlTemplate\":\"https:\\\/\\\/www.bellunopress.it\\\/?s={search_term_string}\"},\"query-input\":{\"@type\":\"PropertyValueSpecification\",\"valueRequired\":true,\"valueName\":\"search_term_string\"}}],\"inLanguage\":\"fr-FR\"},{\"@type\":\"Organization\",\"@id\":\"https:\\\/\\\/www.bellunopress.it\\\/#organization\",\"name\":\"Bellunopress\",\"url\":\"https:\\\/\\\/www.bellunopress.it\\\/\",\"logo\":{\"@type\":\"ImageObject\",\"inLanguage\":\"fr-FR\",\"@id\":\"https:\\\/\\\/www.bellunopress.it\\\/#\\\/schema\\\/logo\\\/image\\\/\",\"url\":\"https:\\\/\\\/www.bellunopress.it\\\/wp-content\\\/uploads\\\/2011\\\/05\\\/cropped-logo-bellunopress-.jpg\",\"contentUrl\":\"https:\\\/\\\/www.bellunopress.it\\\/wp-content\\\/uploads\\\/2011\\\/05\\\/cropped-logo-bellunopress-.jpg\",\"width\":512,\"height\":512,\"caption\":\"Bellunopress\"},\"image\":{\"@id\":\"https:\\\/\\\/www.bellunopress.it\\\/#\\\/schema\\\/logo\\\/image\\\/\"},\"sameAs\":[\"https:\\\/\\\/www.facebook.com\\\/profile.php?id=100008943462799\",\"https:\\\/\\\/x.com\\\/bellunopress\",\"https:\\\/\\\/www.linkedin.com\\\/hp\\\/?dnr=JBzUWaJfMUw8vbXJJ2tVW5-I3jZKvC4wsoxE&amp;amp;amp;amp;amp;amp;trk=nav_responsive_tab_home\",\"https:\\\/\\\/www.youtube.com\\\/channel\\\/UCxL0wu1uN0_3_7hGG0306cw\"]},{\"@type\":\"Person\",\"@id\":\"https:\\\/\\\/www.bellunopress.it\\\/#\\\/schema\\\/person\\\/79bb06722b37ece1c03d3e94beb30d73\",\"name\":\"redazione\",\"image\":{\"@type\":\"ImageObject\",\"inLanguage\":\"fr-FR\",\"@id\":\"https:\\\/\\\/secure.gravatar.com\\\/avatar\\\/37d968a2e67a6fd04c169c4bdef102d0bc5d31b2546345219e348575eb80e9a0?s=96&d=mm&r=g\",\"url\":\"https:\\\/\\\/secure.gravatar.com\\\/avatar\\\/37d968a2e67a6fd04c169c4bdef102d0bc5d31b2546345219e348575eb80e9a0?s=96&d=mm&r=g\",\"contentUrl\":\"https:\\\/\\\/secure.gravatar.com\\\/avatar\\\/37d968a2e67a6fd04c169c4bdef102d0bc5d31b2546345219e348575eb80e9a0?s=96&d=mm&r=g\",\"caption\":\"redazione\"},\"sameAs\":[\"http:\\\/\\\/www.bellunopress.it\",\"https:\\\/\\\/x.com\\\/bellunopress\"],\"url\":\"https:\\\/\\\/www.bellunopress.it\\\/fr\\\/author\\\/redazione\\\/\"}]}<\/script>\n<!-- \/ Yoast SEO plugin. -->","yoast_head_json":{"title":"Proseguono i lavori a Cancia. Venerd\u00ec mattina saranno fatti brillare altri massi - Bellunopress - Dolomiti","robots":{"index":"index","follow":"follow","max-snippet":"max-snippet:-1","max-image-preview":"max-image-preview:large","max-video-preview":"max-video-preview:-1"},"canonical":"https:\/\/www.bellunopress.it\/fr\/2019\/11\/28\/proseguono-i-lavori-a-cancia-venerdi-mattina-saranno-fatti-brillare-altri-massi\/","og_locale":"fr_FR","og_type":"article","og_title":"Proseguono i lavori a Cancia. Venerd\u00ec mattina saranno fatti brillare altri massi - Bellunopress - Dolomiti","og_description":"Prosegue la messa in sicurezza del canalone di Cancia, nel comune di Borca di Cadore. L\u2019impresa che sta lavorando al progetto messo in campo dalla Provincia di Belluno ha gi\u00e0 completato le opere di sottofondazione. Nelle prossime settimane spinger\u00e0 ulteriormente sull\u2019acceleratore per portare avanti il cantiere. Finch\u00e9 le condizioni meteo lo consentiranno, uomini e mezzi [&hellip;]","og_url":"https:\/\/www.bellunopress.it\/fr\/2019\/11\/28\/proseguono-i-lavori-a-cancia-venerdi-mattina-saranno-fatti-brillare-altri-massi\/","og_site_name":"Bellunopress - Dolomiti","article_publisher":"https:\/\/www.facebook.com\/profile.php?id=100008943462799","article_published_time":"2019-11-28T16:34:03+00:00","og_image":[{"url":"http:\/\/www.bellunopress.it\/wp-content\/uploads\/2019\/11\/Cancia-Borca-di-Cadore.jpg","type":"","width":"","height":""}],"author":"redazione","twitter_card":"summary_large_image","twitter_creator":"@bellunopress","twitter_site":"@bellunopress","twitter_misc":{"\u00c9crit par":"redazione","Dur\u00e9e de lecture estim\u00e9e":"1 minute"},"schema":{"@context":"https:\/\/schema.org","@graph":[{"@type":"Article","@id":"https:\/\/www.bellunopress.it\/2019\/11\/28\/proseguono-i-lavori-a-cancia-venerdi-mattina-saranno-fatti-brillare-altri-massi\/#article","isPartOf":{"@id":"https:\/\/www.bellunopress.it\/2019\/11\/28\/proseguono-i-lavori-a-cancia-venerdi-mattina-saranno-fatti-brillare-altri-massi\/"},"author":{"name":"redazione","@id":"https:\/\/www.bellunopress.it\/#\/schema\/person\/79bb06722b37ece1c03d3e94beb30d73"},"headline":"Proseguono i lavori a Cancia. Venerd\u00ec mattina saranno fatti brillare altri massi","datePublished":"2019-11-28T16:34:03+00:00","mainEntityOfPage":{"@id":"https:\/\/www.bellunopress.it\/2019\/11\/28\/proseguono-i-lavori-a-cancia-venerdi-mattina-saranno-fatti-brillare-altri-massi\/"},"wordCount":281,"publisher":{"@id":"https:\/\/www.bellunopress.it\/#organization"},"image":{"@id":"https:\/\/www.bellunopress.it\/2019\/11\/28\/proseguono-i-lavori-a-cancia-venerdi-mattina-saranno-fatti-brillare-altri-massi\/#primaryimage"},"thumbnailUrl":"http:\/\/www.bellunopress.it\/wp-content\/uploads\/2019\/11\/Cancia-Borca-di-Cadore.jpg","articleSection":["Cronaca\/Politica","Prima Pagina","Societ\u00e0, Associazioni, Istituzioni"],"inLanguage":"fr-FR"},{"@type":"WebPage","@id":"https:\/\/www.bellunopress.it\/2019\/11\/28\/proseguono-i-lavori-a-cancia-venerdi-mattina-saranno-fatti-brillare-altri-massi\/","url":"https:\/\/www.bellunopress.it\/2019\/11\/28\/proseguono-i-lavori-a-cancia-venerdi-mattina-saranno-fatti-brillare-altri-massi\/","name":"Proseguono i lavori a Cancia. Venerd\u00ec mattina saranno fatti brillare altri massi - Bellunopress - Dolomiti","isPartOf":{"@id":"https:\/\/www.bellunopress.it\/#website"},"primaryImageOfPage":{"@id":"https:\/\/www.bellunopress.it\/2019\/11\/28\/proseguono-i-lavori-a-cancia-venerdi-mattina-saranno-fatti-brillare-altri-massi\/#primaryimage"},"image":{"@id":"https:\/\/www.bellunopress.it\/2019\/11\/28\/proseguono-i-lavori-a-cancia-venerdi-mattina-saranno-fatti-brillare-altri-massi\/#primaryimage"},"thumbnailUrl":"http:\/\/www.bellunopress.it\/wp-content\/uploads\/2019\/11\/Cancia-Borca-di-Cadore.jpg","datePublished":"2019-11-28T16:34:03+00:00","breadcrumb":{"@id":"https:\/\/www.bellunopress.it\/2019\/11\/28\/proseguono-i-lavori-a-cancia-venerdi-mattina-saranno-fatti-brillare-altri-massi\/#breadcrumb"},"inLanguage":"fr-FR","potentialAction":[{"@type":"ReadAction","target":["https:\/\/www.bellunopress.it\/2019\/11\/28\/proseguono-i-lavori-a-cancia-venerdi-mattina-saranno-fatti-brillare-altri-massi\/"]}]},{"@type":"ImageObject","inLanguage":"fr-FR","@id":"https:\/\/www.bellunopress.it\/2019\/11\/28\/proseguono-i-lavori-a-cancia-venerdi-mattina-saranno-fatti-brillare-altri-massi\/#primaryimage","url":"http:\/\/www.bellunopress.it\/wp-content\/uploads\/2019\/11\/Cancia-Borca-di-Cadore.jpg","contentUrl":"http:\/\/www.bellunopress.it\/wp-content\/uploads\/2019\/11\/Cancia-Borca-di-Cadore.jpg"},{"@type":"BreadcrumbList","@id":"https:\/\/www.bellunopress.it\/2019\/11\/28\/proseguono-i-lavori-a-cancia-venerdi-mattina-saranno-fatti-brillare-altri-massi\/#breadcrumb","itemListElement":[{"@type":"ListItem","position":1,"name":"Home","item":"https:\/\/www.bellunopress.it\/"},{"@type":"ListItem","position":2,"name":"Proseguono i lavori a Cancia. Venerd\u00ec mattina saranno fatti brillare altri massi"}]},{"@type":"WebSite","@id":"https:\/\/www.bellunopress.it\/#website","url":"https:\/\/www.bellunopress.it\/","name":"Bellunopress - Dolomiti","description":"e-mail: redazione@bellunopress.it","publisher":{"@id":"https:\/\/www.bellunopress.it\/#organization"},"potentialAction":[{"@type":"SearchAction","target":{"@type":"EntryPoint","urlTemplate":"https:\/\/www.bellunopress.it\/?s={search_term_string}"},"query-input":{"@type":"PropertyValueSpecification","valueRequired":true,"valueName":"search_term_string"}}],"inLanguage":"fr-FR"},{"@type":"Organization","@id":"https:\/\/www.bellunopress.it\/#organization","name":"Bellunopress","url":"https:\/\/www.bellunopress.it\/","logo":{"@type":"ImageObject","inLanguage":"fr-FR","@id":"https:\/\/www.bellunopress.it\/#\/schema\/logo\/image\/","url":"https:\/\/www.bellunopress.it\/wp-content\/uploads\/2011\/05\/cropped-logo-bellunopress-.jpg","contentUrl":"https:\/\/www.bellunopress.it\/wp-content\/uploads\/2011\/05\/cropped-logo-bellunopress-.jpg","width":512,"height":512,"caption":"Bellunopress"},"image":{"@id":"https:\/\/www.bellunopress.it\/#\/schema\/logo\/image\/"},"sameAs":["https:\/\/www.facebook.com\/profile.php?id=100008943462799","https:\/\/x.com\/bellunopress","https:\/\/www.linkedin.com\/hp\/?dnr=JBzUWaJfMUw8vbXJJ2tVW5-I3jZKvC4wsoxE&amp;amp;amp;amp;amp;amp;trk=nav_responsive_tab_home","https:\/\/www.youtube.com\/channel\/UCxL0wu1uN0_3_7hGG0306cw"]},{"@type":"Person","@id":"https:\/\/www.bellunopress.it\/#\/schema\/person\/79bb06722b37ece1c03d3e94beb30d73","name":"r\u00e9daction","image":{"@type":"ImageObject","inLanguage":"fr-FR","@id":"https:\/\/secure.gravatar.com\/avatar\/37d968a2e67a6fd04c169c4bdef102d0bc5d31b2546345219e348575eb80e9a0?s=96&d=mm&r=g","url":"https:\/\/secure.gravatar.com\/avatar\/37d968a2e67a6fd04c169c4bdef102d0bc5d31b2546345219e348575eb80e9a0?s=96&d=mm&r=g","contentUrl":"https:\/\/secure.gravatar.com\/avatar\/37d968a2e67a6fd04c169c4bdef102d0bc5d31b2546345219e348575eb80e9a0?s=96&d=mm&r=g","caption":"redazione"},"sameAs":["http:\/\/www.bellunopress.it","https:\/\/x.com\/bellunopress"],"url":"https:\/\/www.bellunopress.it\/fr\/author\/redazione\/"}]}},"_links":{"self":[{"href":"https:\/\/www.bellunopress.it\/fr\/wp-json\/wp\/v2\/posts\/110029","targetHints":{"allow":["GET"]}}],"collection":[{"href":"https:\/\/www.bellunopress.it\/fr\/wp-json\/wp\/v2\/posts"}],"about":[{"href":"https:\/\/www.bellunopress.it\/fr\/wp-json\/wp\/v2\/types\/post"}],"author":[{"embeddable":true,"href":"https:\/\/www.bellunopress.it\/fr\/wp-json\/wp\/v2\/users\/2"}],"replies":[{"embeddable":true,"href":"https:\/\/www.bellunopress.it\/fr\/wp-json\/wp\/v2\/comments?post=110029"}],"version-history":[{"count":1,"href":"https:\/\/www.bellunopress.it\/fr\/wp-json\/wp\/v2\/posts\/110029\/revisions"}],"predecessor-version":[{"id":110030,"href":"https:\/\/www.bellunopress.it\/fr\/wp-json\/wp\/v2\/posts\/110029\/revisions\/110030"}],"wp:attachment":[{"href":"https:\/\/www.bellunopress.it\/fr\/wp-json\/wp\/v2\/media?parent=110029"}],"wp:term":[{"taxonomy":"category","embeddable":true,"href":"https:\/\/www.bellunopress.it\/fr\/wp-json\/wp\/v2\/categories?post=110029"},{"taxonomy":"post_tag","embeddable":true,"href":"https:\/\/www.bellunopress.it\/fr\/wp-json\/wp\/v2\/tags?post=110029"}],"curies":[{"name":"wp","href":"https:\/\/api.w.org\/{rel}","templated":true}]}}