{"id":110017,"date":"2019-11-28T15:26:27","date_gmt":"2019-11-28T14:26:27","guid":{"rendered":"http:\/\/www.bellunopress.it\/?p=110017"},"modified":"2019-11-28T15:27:35","modified_gmt":"2019-11-28T14:27:35","slug":"bassano-wine-festival-sabato-7-e-domenica-8-dicembre-a-villa-morosini-cappello-in-scena-per-la-terza-edizione-oltre-100-etichette-e-4-masterclass-con-ais-veneto","status":"publish","type":"post","link":"https:\/\/www.bellunopress.it\/fr\/2019\/11\/28\/bassano-wine-festival-sabato-7-e-domenica-8-dicembre-a-villa-morosini-cappello-in-scena-per-la-terza-edizione-oltre-100-etichette-e-4-masterclass-con-ais-veneto\/","title":{"rendered":"Bassano wine festival.  Sabato 7 e domenica 8 dicembre a Villa Morosini Cappello in scena per la terza edizione oltre 100 etichette e 4 masterclass con Ais Veneto"},"content":{"rendered":"<p>Una mostra mercato del vino dove degustare, acquistare e conoscere oltre 50 cantine d&#8217;Italia. Il Bassano Wine Festival torna per la terza edizione sabato 7 (dalle 14.00 alle 22.00) e domenica 8 dicembre 2019 (dalle 11.00 alle 20.00).<\/p>\n<p><a href=\"http:\/\/www.bellunopress.it\/fr\/2018\/10\/21\/bassano-wine-festival-tre-giorni-di-degustazioni-tra-800-vini-e-prodotti-tipici-con-possibilita-di-acquisto\/bassano-wine-festival-2\/\" rel=\"attachment wp-att-98796\"><img loading=\"lazy\" decoding=\"async\" class=\"alignleft size-full wp-image-98796\" src=\"http:\/\/www.bellunopress.it\/wp-content\/uploads\/2018\/10\/Bassano-Wine-Festival.jpg\" alt=\"\" width=\"300\" height=\"266\" \/><\/a>La Fiera dedicata all&#8217;eccellenza della viticoltura regionale si svolger\u00e0 quest&#8217;anno in Villa Morosini Cappello a Cartigliano (VI). Per i visitatori la possibilit\u00e0 di scoprire il mondo delle piccole cantine, di scegliere tra oltre 100 etichette diverse comprando direttamente dal produttore e anche di assaggiare diverse specialit\u00e0 culinarie. Oltre alle degustazioni nel biglietto d&#8217;ingresso \u00e8 compreso infatti un piatto da gustare tra un bicchiere e l&#8217;altro.<br \/>\nNel corso del Festival si terranno quattro degustazioni guidate, per la prima volta in collaborazione con i sommelier di AIS Veneto (Associazione Italiana Sommelier). Il primo appuntamento si terr\u00e0 sabato 7 alle 15.00 con la masterclass Alla scoperta dei Vini Friuliani, condotta da Claudio Serraiotto. Alle 17.30 sar\u00e0 la volta di Bianchi di Borgogna, una degustazione guidata con Francesco Salano. I vini del Piemonte \u00e8 la prima masterclass in programma domenica 8, sempre alle 15.00, e sar\u00e0 condotta da Maddalena De Zambiasi. Infine, alle 17.30 l&#8217;approfondimento sar\u00e0 su Gli Champagne di Herbert Beaufort con Gianni degli Innocenti.<\/p>\n<p>Due degustazioni a tema si svolgeranno anche nelle serate precedenti, in preparazione alla manifestazione, di Aspettando il Bassano Wine Festival. Si partir\u00e0 gioved\u00ec 5 dicembre alle ore 20.30 con la Serata Champagne, con piatti in accompagnamento, condotta da Gianpaolo Giacobbo. Sei gli champagne in degustazione: Jean Laurent Blanc de Blancs Pas Dos\u00e9 s.a., Bonnet Ponson Non Dos\u00e9 1 Cru s.a., Bonnet Ponson 2009 Blanc de blancs, Christophe Mignon Brut Nature Pas Dos\u00e9 s.a., Olivier Horiot M\u00e9tisse s.a. Nella masterclass Vespaiolo &amp; Baccal\u00e0, venerd\u00ec 6 dicembre alle 20.30, si deguster\u00e0 una selezione di vini della Cantina IoMazzucato in abbinamento a finger food realizzati da Antonio Chemello della Trattoria da Palmerino.<\/p>\n<p>Per tutte le info sul Bassano Wine Festival e su Aspettando il BWF: www.bassanowinefestival.it<br \/>\nPer prenotare le masterclass di AIS Veneto del Bassano Wine Festival: www.aisveneto.it\/eventi.html<\/p>\n<p><strong>Bassano Wine Festival in breve:<\/strong><br \/>\nQuando: sabato 7 e domenica 8 dicembre 2019<br \/>\nDove: Villa Morosini Cappello, Cartigliano (VI)<br \/>\nOrario di apertura al pubblico: sabato dalle 14.00 alle 22.00 e domenica dalle 11.00 alle 20.00<br \/>\nIngresso: \u20ac 20,00 ingresso per un giorno al Bassano Wine Festival comprensivo di accesso ai banchi d\u2019assaggio e degustazione di un piatto tipico<br \/>\nIngresso ridotto: \u20ac 15,00 in prevendita online fino al 1 dicembre<br \/>\nDegustazioni AIS Vicenza: \u20ac 30,00 (la degustazione comprende l\u2019ingresso al Festival)<br \/>\nParcheggio: gratuito<br \/>\nI minorenni non pagano l\u2019ingresso e non possono effettuare degustazioni<\/p>\n<p><strong>PROGRAMMA COMPLETO DELLA MANIFESTAZIONE<\/strong><\/p>\n<p>Aspettando il Bassano Wine Festival<\/p>\n<p>Gioved\u00ec 5 dicembre<br \/>\nore 20.30 Masterclass Serata Champagne con piatto accompagnato, condotta da Gianpaolo Giacobbo<\/p>\n<p>Venerd\u00ec 6 dicembre<br \/>\nore 20.30 Masterclass Serata Vespaiolo e Baccal\u00e0, selezione di vini della Cantina IoMazzucato in abbinamento a finger food realizzati da Antonio Chemello della Trattoria da Palmerino<\/p>\n<p>Sabato 7 dicembre<br \/>\nore 14.00 Apertura salone<br \/>\nore 15.00 Alla scoperta dei Vini Friuliani, degustazione guidata condotta da Claudio Serraiotto<br \/>\nore 17:30 I Bianchi di Borgogna, degustazione guidata condotta da Francesco Salano<br \/>\nore 22.00 Chiusura salone<\/p>\n<p>Domenica 8 dicembre<br \/>\nore 11.00 Apertura salone<br \/>\nore 15:00 I vini del Piemonte, degustazione guidata condotta da Maddalena De Zambiasi<br \/>\nore 17:30 Gli Champagne di Herbert Beaufort, degustazione guidata condotta da Gianni degli Innocenti<br \/>\nore 20.00 Chiusura salone<\/p>","protected":false},"excerpt":{"rendered":"<p>Una mostra mercato del vino dove degustare, acquistare e conoscere oltre 50 cantine d&#8217;Italia. Il Bassano Wine Festival torna per la terza edizione sabato 7 (dalle 14.00 alle 22.00) e domenica 8 dicembre 2019 (dalle 11.00 alle 20.00). La Fiera dedicata all&#8217;eccellenza della viticoltura regionale si svolger\u00e0 quest&#8217;anno in Villa Morosini Cappello a Cartigliano (VI). [&hellip;]<\/p>\n","protected":false},"author":2,"featured_media":0,"comment_status":"closed","ping_status":"open","sticky":false,"template":"","format":"standard","meta":{"footnotes":""},"categories":[27,3393,25],"tags":[],"class_list":["post-110017","post","type-post","status-publish","format-standard","category-appuntamenti","category-eventi-enogastronomici","category-pausa-caffe"],"yoast_head":"<!-- This site is optimized with the Yoast SEO plugin v28.4 - https:\/\/yoast.com\/product\/yoast-seo-wordpress\/ -->\n<title>Bassano wine festival. Sabato 7 e domenica 8 dicembre a Villa Morosini Cappello in scena per la terza edizione oltre 100 etichette e 4 masterclass con Ais Veneto - Bellunopress - Dolomiti<\/title>\n<meta name=\"robots\" content=\"index, follow, max-snippet:-1, max-image-preview:large, max-video-preview:-1\" \/>\n<link rel=\"canonical\" href=\"https:\/\/www.bellunopress.it\/fr\/2019\/11\/28\/bassano-wine-festival-sabato-7-e-domenica-8-dicembre-a-villa-morosini-cappello-in-scena-per-la-terza-edizione-oltre-100-etichette-e-4-masterclass-con-ais-veneto\/\" \/>\n<meta property=\"og:locale\" content=\"fr_FR\" \/>\n<meta property=\"og:type\" content=\"article\" \/>\n<meta property=\"og:title\" content=\"Bassano wine festival. Sabato 7 e domenica 8 dicembre a Villa Morosini Cappello in scena per la terza edizione oltre 100 etichette e 4 masterclass con Ais Veneto - Bellunopress - Dolomiti\" \/>\n<meta property=\"og:description\" content=\"Una mostra mercato del vino dove degustare, acquistare e conoscere oltre 50 cantine d&#8217;Italia. Il Bassano Wine Festival torna per la terza edizione sabato 7 (dalle 14.00 alle 22.00) e domenica 8 dicembre 2019 (dalle 11.00 alle 20.00). La Fiera dedicata all&#8217;eccellenza della viticoltura regionale si svolger\u00e0 quest&#8217;anno in Villa Morosini Cappello a Cartigliano (VI). [&hellip;]\" \/>\n<meta property=\"og:url\" content=\"https:\/\/www.bellunopress.it\/fr\/2019\/11\/28\/bassano-wine-festival-sabato-7-e-domenica-8-dicembre-a-villa-morosini-cappello-in-scena-per-la-terza-edizione-oltre-100-etichette-e-4-masterclass-con-ais-veneto\/\" \/>\n<meta property=\"og:site_name\" content=\"Bellunopress - Dolomiti\" \/>\n<meta property=\"article:publisher\" content=\"https:\/\/www.facebook.com\/profile.php?id=100008943462799\" \/>\n<meta property=\"article:published_time\" content=\"2019-11-28T14:26:27+00:00\" \/>\n<meta property=\"article:modified_time\" content=\"2019-11-28T14:27:35+00:00\" \/>\n<meta property=\"og:image\" content=\"http:\/\/www.bellunopress.it\/wp-content\/uploads\/2018\/10\/Bassano-Wine-Festival.jpg\" \/>\n<meta name=\"author\" content=\"redazione\" \/>\n<meta name=\"twitter:card\" content=\"summary_large_image\" \/>\n<meta name=\"twitter:creator\" content=\"@bellunopress\" \/>\n<meta name=\"twitter:site\" content=\"@bellunopress\" \/>\n<meta name=\"twitter:label1\" content=\"\u00c9crit par\" \/>\n\t<meta name=\"twitter:data1\" content=\"redazione\" \/>\n\t<meta name=\"twitter:label2\" content=\"Dur\u00e9e de lecture estim\u00e9e\" \/>\n\t<meta name=\"twitter:data2\" content=\"3 minutes\" \/>\n<script type=\"application\/ld+json\" class=\"yoast-schema-graph\">{\"@context\":\"https:\\\/\\\/schema.org\",\"@graph\":[{\"@type\":\"Article\",\"@id\":\"https:\\\/\\\/www.bellunopress.it\\\/2019\\\/11\\\/28\\\/bassano-wine-festival-sabato-7-e-domenica-8-dicembre-a-villa-morosini-cappello-in-scena-per-la-terza-edizione-oltre-100-etichette-e-4-masterclass-con-ais-veneto\\\/#article\",\"isPartOf\":{\"@id\":\"https:\\\/\\\/www.bellunopress.it\\\/2019\\\/11\\\/28\\\/bassano-wine-festival-sabato-7-e-domenica-8-dicembre-a-villa-morosini-cappello-in-scena-per-la-terza-edizione-oltre-100-etichette-e-4-masterclass-con-ais-veneto\\\/\"},\"author\":{\"name\":\"redazione\",\"@id\":\"https:\\\/\\\/www.bellunopress.it\\\/#\\\/schema\\\/person\\\/79bb06722b37ece1c03d3e94beb30d73\"},\"headline\":\"Bassano wine festival. Sabato 7 e domenica 8 dicembre a Villa Morosini Cappello in scena per la terza edizione oltre 100 etichette e 4 masterclass con Ais Veneto\",\"datePublished\":\"2019-11-28T14:26:27+00:00\",\"dateModified\":\"2019-11-28T14:27:35+00:00\",\"mainEntityOfPage\":{\"@id\":\"https:\\\/\\\/www.bellunopress.it\\\/2019\\\/11\\\/28\\\/bassano-wine-festival-sabato-7-e-domenica-8-dicembre-a-villa-morosini-cappello-in-scena-per-la-terza-edizione-oltre-100-etichette-e-4-masterclass-con-ais-veneto\\\/\"},\"wordCount\":547,\"publisher\":{\"@id\":\"https:\\\/\\\/www.bellunopress.it\\\/#organization\"},\"image\":{\"@id\":\"https:\\\/\\\/www.bellunopress.it\\\/2019\\\/11\\\/28\\\/bassano-wine-festival-sabato-7-e-domenica-8-dicembre-a-villa-morosini-cappello-in-scena-per-la-terza-edizione-oltre-100-etichette-e-4-masterclass-con-ais-veneto\\\/#primaryimage\"},\"thumbnailUrl\":\"http:\\\/\\\/www.bellunopress.it\\\/wp-content\\\/uploads\\\/2018\\\/10\\\/Bassano-Wine-Festival.jpg\",\"articleSection\":[\"Appuntamenti, Eventi\",\"Eventi enogastronomici\",\"Pausa Caff\u00e8\"],\"inLanguage\":\"fr-FR\"},{\"@type\":\"WebPage\",\"@id\":\"https:\\\/\\\/www.bellunopress.it\\\/2019\\\/11\\\/28\\\/bassano-wine-festival-sabato-7-e-domenica-8-dicembre-a-villa-morosini-cappello-in-scena-per-la-terza-edizione-oltre-100-etichette-e-4-masterclass-con-ais-veneto\\\/\",\"url\":\"https:\\\/\\\/www.bellunopress.it\\\/2019\\\/11\\\/28\\\/bassano-wine-festival-sabato-7-e-domenica-8-dicembre-a-villa-morosini-cappello-in-scena-per-la-terza-edizione-oltre-100-etichette-e-4-masterclass-con-ais-veneto\\\/\",\"name\":\"Bassano wine festival. Sabato 7 e domenica 8 dicembre a Villa Morosini Cappello in scena per la terza edizione oltre 100 etichette e 4 masterclass con Ais Veneto - Bellunopress - Dolomiti\",\"isPartOf\":{\"@id\":\"https:\\\/\\\/www.bellunopress.it\\\/#website\"},\"primaryImageOfPage\":{\"@id\":\"https:\\\/\\\/www.bellunopress.it\\\/2019\\\/11\\\/28\\\/bassano-wine-festival-sabato-7-e-domenica-8-dicembre-a-villa-morosini-cappello-in-scena-per-la-terza-edizione-oltre-100-etichette-e-4-masterclass-con-ais-veneto\\\/#primaryimage\"},\"image\":{\"@id\":\"https:\\\/\\\/www.bellunopress.it\\\/2019\\\/11\\\/28\\\/bassano-wine-festival-sabato-7-e-domenica-8-dicembre-a-villa-morosini-cappello-in-scena-per-la-terza-edizione-oltre-100-etichette-e-4-masterclass-con-ais-veneto\\\/#primaryimage\"},\"thumbnailUrl\":\"http:\\\/\\\/www.bellunopress.it\\\/wp-content\\\/uploads\\\/2018\\\/10\\\/Bassano-Wine-Festival.jpg\",\"datePublished\":\"2019-11-28T14:26:27+00:00\",\"dateModified\":\"2019-11-28T14:27:35+00:00\",\"breadcrumb\":{\"@id\":\"https:\\\/\\\/www.bellunopress.it\\\/2019\\\/11\\\/28\\\/bassano-wine-festival-sabato-7-e-domenica-8-dicembre-a-villa-morosini-cappello-in-scena-per-la-terza-edizione-oltre-100-etichette-e-4-masterclass-con-ais-veneto\\\/#breadcrumb\"},\"inLanguage\":\"fr-FR\",\"potentialAction\":[{\"@type\":\"ReadAction\",\"target\":[\"https:\\\/\\\/www.bellunopress.it\\\/2019\\\/11\\\/28\\\/bassano-wine-festival-sabato-7-e-domenica-8-dicembre-a-villa-morosini-cappello-in-scena-per-la-terza-edizione-oltre-100-etichette-e-4-masterclass-con-ais-veneto\\\/\"]}]},{\"@type\":\"ImageObject\",\"inLanguage\":\"fr-FR\",\"@id\":\"https:\\\/\\\/www.bellunopress.it\\\/2019\\\/11\\\/28\\\/bassano-wine-festival-sabato-7-e-domenica-8-dicembre-a-villa-morosini-cappello-in-scena-per-la-terza-edizione-oltre-100-etichette-e-4-masterclass-con-ais-veneto\\\/#primaryimage\",\"url\":\"http:\\\/\\\/www.bellunopress.it\\\/wp-content\\\/uploads\\\/2018\\\/10\\\/Bassano-Wine-Festival.jpg\",\"contentUrl\":\"http:\\\/\\\/www.bellunopress.it\\\/wp-content\\\/uploads\\\/2018\\\/10\\\/Bassano-Wine-Festival.jpg\"},{\"@type\":\"BreadcrumbList\",\"@id\":\"https:\\\/\\\/www.bellunopress.it\\\/2019\\\/11\\\/28\\\/bassano-wine-festival-sabato-7-e-domenica-8-dicembre-a-villa-morosini-cappello-in-scena-per-la-terza-edizione-oltre-100-etichette-e-4-masterclass-con-ais-veneto\\\/#breadcrumb\",\"itemListElement\":[{\"@type\":\"ListItem\",\"position\":1,\"name\":\"Home\",\"item\":\"https:\\\/\\\/www.bellunopress.it\\\/\"},{\"@type\":\"ListItem\",\"position\":2,\"name\":\"Bassano wine festival. Sabato 7 e domenica 8 dicembre a Villa Morosini Cappello in scena per la terza edizione oltre 100 etichette e 4 masterclass con Ais Veneto\"}]},{\"@type\":\"WebSite\",\"@id\":\"https:\\\/\\\/www.bellunopress.it\\\/#website\",\"url\":\"https:\\\/\\\/www.bellunopress.it\\\/\",\"name\":\"Bellunopress - Dolomiti\",\"description\":\"e-mail: redazione@bellunopress.it\",\"publisher\":{\"@id\":\"https:\\\/\\\/www.bellunopress.it\\\/#organization\"},\"potentialAction\":[{\"@type\":\"SearchAction\",\"target\":{\"@type\":\"EntryPoint\",\"urlTemplate\":\"https:\\\/\\\/www.bellunopress.it\\\/?s={search_term_string}\"},\"query-input\":{\"@type\":\"PropertyValueSpecification\",\"valueRequired\":true,\"valueName\":\"search_term_string\"}}],\"inLanguage\":\"fr-FR\"},{\"@type\":\"Organization\",\"@id\":\"https:\\\/\\\/www.bellunopress.it\\\/#organization\",\"name\":\"Bellunopress\",\"url\":\"https:\\\/\\\/www.bellunopress.it\\\/\",\"logo\":{\"@type\":\"ImageObject\",\"inLanguage\":\"fr-FR\",\"@id\":\"https:\\\/\\\/www.bellunopress.it\\\/#\\\/schema\\\/logo\\\/image\\\/\",\"url\":\"https:\\\/\\\/www.bellunopress.it\\\/wp-content\\\/uploads\\\/2011\\\/05\\\/cropped-logo-bellunopress-.jpg\",\"contentUrl\":\"https:\\\/\\\/www.bellunopress.it\\\/wp-content\\\/uploads\\\/2011\\\/05\\\/cropped-logo-bellunopress-.jpg\",\"width\":512,\"height\":512,\"caption\":\"Bellunopress\"},\"image\":{\"@id\":\"https:\\\/\\\/www.bellunopress.it\\\/#\\\/schema\\\/logo\\\/image\\\/\"},\"sameAs\":[\"https:\\\/\\\/www.facebook.com\\\/profile.php?id=100008943462799\",\"https:\\\/\\\/x.com\\\/bellunopress\",\"https:\\\/\\\/www.linkedin.com\\\/hp\\\/?dnr=JBzUWaJfMUw8vbXJJ2tVW5-I3jZKvC4wsoxE&amp;amp;amp;amp;amp;amp;trk=nav_responsive_tab_home\",\"https:\\\/\\\/www.youtube.com\\\/channel\\\/UCxL0wu1uN0_3_7hGG0306cw\"]},{\"@type\":\"Person\",\"@id\":\"https:\\\/\\\/www.bellunopress.it\\\/#\\\/schema\\\/person\\\/79bb06722b37ece1c03d3e94beb30d73\",\"name\":\"redazione\",\"image\":{\"@type\":\"ImageObject\",\"inLanguage\":\"fr-FR\",\"@id\":\"https:\\\/\\\/secure.gravatar.com\\\/avatar\\\/37d968a2e67a6fd04c169c4bdef102d0bc5d31b2546345219e348575eb80e9a0?s=96&d=mm&r=g\",\"url\":\"https:\\\/\\\/secure.gravatar.com\\\/avatar\\\/37d968a2e67a6fd04c169c4bdef102d0bc5d31b2546345219e348575eb80e9a0?s=96&d=mm&r=g\",\"contentUrl\":\"https:\\\/\\\/secure.gravatar.com\\\/avatar\\\/37d968a2e67a6fd04c169c4bdef102d0bc5d31b2546345219e348575eb80e9a0?s=96&d=mm&r=g\",\"caption\":\"redazione\"},\"sameAs\":[\"http:\\\/\\\/www.bellunopress.it\",\"https:\\\/\\\/x.com\\\/bellunopress\"],\"url\":\"https:\\\/\\\/www.bellunopress.it\\\/fr\\\/author\\\/redazione\\\/\"}]}<\/script>\n<!-- \/ Yoast SEO plugin. -->","yoast_head_json":{"title":"Bassano wine festival. Sabato 7 e domenica 8 dicembre a Villa Morosini Cappello in scena per la terza edizione oltre 100 etichette e 4 masterclass con Ais Veneto - Bellunopress - Dolomiti","robots":{"index":"index","follow":"follow","max-snippet":"max-snippet:-1","max-image-preview":"max-image-preview:large","max-video-preview":"max-video-preview:-1"},"canonical":"https:\/\/www.bellunopress.it\/fr\/2019\/11\/28\/bassano-wine-festival-sabato-7-e-domenica-8-dicembre-a-villa-morosini-cappello-in-scena-per-la-terza-edizione-oltre-100-etichette-e-4-masterclass-con-ais-veneto\/","og_locale":"fr_FR","og_type":"article","og_title":"Bassano wine festival. Sabato 7 e domenica 8 dicembre a Villa Morosini Cappello in scena per la terza edizione oltre 100 etichette e 4 masterclass con Ais Veneto - Bellunopress - Dolomiti","og_description":"Una mostra mercato del vino dove degustare, acquistare e conoscere oltre 50 cantine d&#8217;Italia. Il Bassano Wine Festival torna per la terza edizione sabato 7 (dalle 14.00 alle 22.00) e domenica 8 dicembre 2019 (dalle 11.00 alle 20.00). La Fiera dedicata all&#8217;eccellenza della viticoltura regionale si svolger\u00e0 quest&#8217;anno in Villa Morosini Cappello a Cartigliano (VI). [&hellip;]","og_url":"https:\/\/www.bellunopress.it\/fr\/2019\/11\/28\/bassano-wine-festival-sabato-7-e-domenica-8-dicembre-a-villa-morosini-cappello-in-scena-per-la-terza-edizione-oltre-100-etichette-e-4-masterclass-con-ais-veneto\/","og_site_name":"Bellunopress - Dolomiti","article_publisher":"https:\/\/www.facebook.com\/profile.php?id=100008943462799","article_published_time":"2019-11-28T14:26:27+00:00","article_modified_time":"2019-11-28T14:27:35+00:00","og_image":[{"url":"http:\/\/www.bellunopress.it\/wp-content\/uploads\/2018\/10\/Bassano-Wine-Festival.jpg","type":"","width":"","height":""}],"author":"redazione","twitter_card":"summary_large_image","twitter_creator":"@bellunopress","twitter_site":"@bellunopress","twitter_misc":{"\u00c9crit par":"redazione","Dur\u00e9e de lecture estim\u00e9e":"3 minutes"},"schema":{"@context":"https:\/\/schema.org","@graph":[{"@type":"Article","@id":"https:\/\/www.bellunopress.it\/2019\/11\/28\/bassano-wine-festival-sabato-7-e-domenica-8-dicembre-a-villa-morosini-cappello-in-scena-per-la-terza-edizione-oltre-100-etichette-e-4-masterclass-con-ais-veneto\/#article","isPartOf":{"@id":"https:\/\/www.bellunopress.it\/2019\/11\/28\/bassano-wine-festival-sabato-7-e-domenica-8-dicembre-a-villa-morosini-cappello-in-scena-per-la-terza-edizione-oltre-100-etichette-e-4-masterclass-con-ais-veneto\/"},"author":{"name":"redazione","@id":"https:\/\/www.bellunopress.it\/#\/schema\/person\/79bb06722b37ece1c03d3e94beb30d73"},"headline":"Bassano wine festival. Sabato 7 e domenica 8 dicembre a Villa Morosini Cappello in scena per la terza edizione oltre 100 etichette e 4 masterclass con Ais Veneto","datePublished":"2019-11-28T14:26:27+00:00","dateModified":"2019-11-28T14:27:35+00:00","mainEntityOfPage":{"@id":"https:\/\/www.bellunopress.it\/2019\/11\/28\/bassano-wine-festival-sabato-7-e-domenica-8-dicembre-a-villa-morosini-cappello-in-scena-per-la-terza-edizione-oltre-100-etichette-e-4-masterclass-con-ais-veneto\/"},"wordCount":547,"publisher":{"@id":"https:\/\/www.bellunopress.it\/#organization"},"image":{"@id":"https:\/\/www.bellunopress.it\/2019\/11\/28\/bassano-wine-festival-sabato-7-e-domenica-8-dicembre-a-villa-morosini-cappello-in-scena-per-la-terza-edizione-oltre-100-etichette-e-4-masterclass-con-ais-veneto\/#primaryimage"},"thumbnailUrl":"http:\/\/www.bellunopress.it\/wp-content\/uploads\/2018\/10\/Bassano-Wine-Festival.jpg","articleSection":["Appuntamenti, Eventi","Eventi enogastronomici","Pausa Caff\u00e8"],"inLanguage":"fr-FR"},{"@type":"WebPage","@id":"https:\/\/www.bellunopress.it\/2019\/11\/28\/bassano-wine-festival-sabato-7-e-domenica-8-dicembre-a-villa-morosini-cappello-in-scena-per-la-terza-edizione-oltre-100-etichette-e-4-masterclass-con-ais-veneto\/","url":"https:\/\/www.bellunopress.it\/2019\/11\/28\/bassano-wine-festival-sabato-7-e-domenica-8-dicembre-a-villa-morosini-cappello-in-scena-per-la-terza-edizione-oltre-100-etichette-e-4-masterclass-con-ais-veneto\/","name":"Bassano wine festival. Sabato 7 e domenica 8 dicembre a Villa Morosini Cappello in scena per la terza edizione oltre 100 etichette e 4 masterclass con Ais Veneto - Bellunopress - Dolomiti","isPartOf":{"@id":"https:\/\/www.bellunopress.it\/#website"},"primaryImageOfPage":{"@id":"https:\/\/www.bellunopress.it\/2019\/11\/28\/bassano-wine-festival-sabato-7-e-domenica-8-dicembre-a-villa-morosini-cappello-in-scena-per-la-terza-edizione-oltre-100-etichette-e-4-masterclass-con-ais-veneto\/#primaryimage"},"image":{"@id":"https:\/\/www.bellunopress.it\/2019\/11\/28\/bassano-wine-festival-sabato-7-e-domenica-8-dicembre-a-villa-morosini-cappello-in-scena-per-la-terza-edizione-oltre-100-etichette-e-4-masterclass-con-ais-veneto\/#primaryimage"},"thumbnailUrl":"http:\/\/www.bellunopress.it\/wp-content\/uploads\/2018\/10\/Bassano-Wine-Festival.jpg","datePublished":"2019-11-28T14:26:27+00:00","dateModified":"2019-11-28T14:27:35+00:00","breadcrumb":{"@id":"https:\/\/www.bellunopress.it\/2019\/11\/28\/bassano-wine-festival-sabato-7-e-domenica-8-dicembre-a-villa-morosini-cappello-in-scena-per-la-terza-edizione-oltre-100-etichette-e-4-masterclass-con-ais-veneto\/#breadcrumb"},"inLanguage":"fr-FR","potentialAction":[{"@type":"ReadAction","target":["https:\/\/www.bellunopress.it\/2019\/11\/28\/bassano-wine-festival-sabato-7-e-domenica-8-dicembre-a-villa-morosini-cappello-in-scena-per-la-terza-edizione-oltre-100-etichette-e-4-masterclass-con-ais-veneto\/"]}]},{"@type":"ImageObject","inLanguage":"fr-FR","@id":"https:\/\/www.bellunopress.it\/2019\/11\/28\/bassano-wine-festival-sabato-7-e-domenica-8-dicembre-a-villa-morosini-cappello-in-scena-per-la-terza-edizione-oltre-100-etichette-e-4-masterclass-con-ais-veneto\/#primaryimage","url":"http:\/\/www.bellunopress.it\/wp-content\/uploads\/2018\/10\/Bassano-Wine-Festival.jpg","contentUrl":"http:\/\/www.bellunopress.it\/wp-content\/uploads\/2018\/10\/Bassano-Wine-Festival.jpg"},{"@type":"BreadcrumbList","@id":"https:\/\/www.bellunopress.it\/2019\/11\/28\/bassano-wine-festival-sabato-7-e-domenica-8-dicembre-a-villa-morosini-cappello-in-scena-per-la-terza-edizione-oltre-100-etichette-e-4-masterclass-con-ais-veneto\/#breadcrumb","itemListElement":[{"@type":"ListItem","position":1,"name":"Home","item":"https:\/\/www.bellunopress.it\/"},{"@type":"ListItem","position":2,"name":"Bassano wine festival. Sabato 7 e domenica 8 dicembre a Villa Morosini Cappello in scena per la terza edizione oltre 100 etichette e 4 masterclass con Ais Veneto"}]},{"@type":"WebSite","@id":"https:\/\/www.bellunopress.it\/#website","url":"https:\/\/www.bellunopress.it\/","name":"Bellunopress - Dolomiti","description":"e-mail: redazione@bellunopress.it","publisher":{"@id":"https:\/\/www.bellunopress.it\/#organization"},"potentialAction":[{"@type":"SearchAction","target":{"@type":"EntryPoint","urlTemplate":"https:\/\/www.bellunopress.it\/?s={search_term_string}"},"query-input":{"@type":"PropertyValueSpecification","valueRequired":true,"valueName":"search_term_string"}}],"inLanguage":"fr-FR"},{"@type":"Organization","@id":"https:\/\/www.bellunopress.it\/#organization","name":"Bellunopress","url":"https:\/\/www.bellunopress.it\/","logo":{"@type":"ImageObject","inLanguage":"fr-FR","@id":"https:\/\/www.bellunopress.it\/#\/schema\/logo\/image\/","url":"https:\/\/www.bellunopress.it\/wp-content\/uploads\/2011\/05\/cropped-logo-bellunopress-.jpg","contentUrl":"https:\/\/www.bellunopress.it\/wp-content\/uploads\/2011\/05\/cropped-logo-bellunopress-.jpg","width":512,"height":512,"caption":"Bellunopress"},"image":{"@id":"https:\/\/www.bellunopress.it\/#\/schema\/logo\/image\/"},"sameAs":["https:\/\/www.facebook.com\/profile.php?id=100008943462799","https:\/\/x.com\/bellunopress","https:\/\/www.linkedin.com\/hp\/?dnr=JBzUWaJfMUw8vbXJJ2tVW5-I3jZKvC4wsoxE&amp;amp;amp;amp;amp;amp;trk=nav_responsive_tab_home","https:\/\/www.youtube.com\/channel\/UCxL0wu1uN0_3_7hGG0306cw"]},{"@type":"Person","@id":"https:\/\/www.bellunopress.it\/#\/schema\/person\/79bb06722b37ece1c03d3e94beb30d73","name":"r\u00e9daction","image":{"@type":"ImageObject","inLanguage":"fr-FR","@id":"https:\/\/secure.gravatar.com\/avatar\/37d968a2e67a6fd04c169c4bdef102d0bc5d31b2546345219e348575eb80e9a0?s=96&d=mm&r=g","url":"https:\/\/secure.gravatar.com\/avatar\/37d968a2e67a6fd04c169c4bdef102d0bc5d31b2546345219e348575eb80e9a0?s=96&d=mm&r=g","contentUrl":"https:\/\/secure.gravatar.com\/avatar\/37d968a2e67a6fd04c169c4bdef102d0bc5d31b2546345219e348575eb80e9a0?s=96&d=mm&r=g","caption":"redazione"},"sameAs":["http:\/\/www.bellunopress.it","https:\/\/x.com\/bellunopress"],"url":"https:\/\/www.bellunopress.it\/fr\/author\/redazione\/"}]}},"_links":{"self":[{"href":"https:\/\/www.bellunopress.it\/fr\/wp-json\/wp\/v2\/posts\/110017","targetHints":{"allow":["GET"]}}],"collection":[{"href":"https:\/\/www.bellunopress.it\/fr\/wp-json\/wp\/v2\/posts"}],"about":[{"href":"https:\/\/www.bellunopress.it\/fr\/wp-json\/wp\/v2\/types\/post"}],"author":[{"embeddable":true,"href":"https:\/\/www.bellunopress.it\/fr\/wp-json\/wp\/v2\/users\/2"}],"replies":[{"embeddable":true,"href":"https:\/\/www.bellunopress.it\/fr\/wp-json\/wp\/v2\/comments?post=110017"}],"version-history":[{"count":2,"href":"https:\/\/www.bellunopress.it\/fr\/wp-json\/wp\/v2\/posts\/110017\/revisions"}],"predecessor-version":[{"id":110019,"href":"https:\/\/www.bellunopress.it\/fr\/wp-json\/wp\/v2\/posts\/110017\/revisions\/110019"}],"wp:attachment":[{"href":"https:\/\/www.bellunopress.it\/fr\/wp-json\/wp\/v2\/media?parent=110017"}],"wp:term":[{"taxonomy":"category","embeddable":true,"href":"https:\/\/www.bellunopress.it\/fr\/wp-json\/wp\/v2\/categories?post=110017"},{"taxonomy":"post_tag","embeddable":true,"href":"https:\/\/www.bellunopress.it\/fr\/wp-json\/wp\/v2\/tags?post=110017"}],"curies":[{"name":"wp","href":"https:\/\/api.w.org\/{rel}","templated":true}]}}