{"id":109991,"date":"2019-12-01T11:01:29","date_gmt":"2019-12-01T10:01:29","guid":{"rendered":"http:\/\/www.bellunopress.it\/?p=109991"},"modified":"2019-11-27T22:03:46","modified_gmt":"2019-11-27T21:03:46","slug":"turismo-sostenibile-martedi-3-dicembre-a-feltre-il-gran-finale-di-go-to-nature","status":"publish","type":"post","link":"https:\/\/www.bellunopress.it\/fr\/2019\/12\/01\/turismo-sostenibile-martedi-3-dicembre-a-feltre-il-gran-finale-di-go-to-nature\/","title":{"rendered":"Turismo sostenibile. Marted\u00ec 3 dicembre a Feltre il gran finale di Go.To.Nature"},"content":{"rendered":"<p>Appuntamento alle 9 al Museo Diocesano di Arte Sacra con l&#8217;evento conclusivo del progetto teso a sviluppare l&#8217;utilizzo sostenibile delle risorse turistiche di Valbelluna, Tarvisiano e Pongau (Austria). Tra i temi, l&#8217;analisi dei risultati ottenuti e i nuovi trend delle destinazioni turistiche.<\/p>\n<p><a href=\"http:\/\/www.bellunopress.it\/fr\/2010\/04\/29\/sebastianoricci-tra-le-sue-dolomiti-un-percorso-attraverso-le-opere-e-i-luoghi-dorigine-del-pittore-bellunese-a-350-anni-dalla-nascita-belluno-e-feltre-30-aprile-29-agosto-2010\/vescovado-museo-diocesano-arte-sacra-feltre\/\" rel=\"attachment wp-att-14826\"><img loading=\"lazy\" decoding=\"async\" class=\"alignleft size-full wp-image-14826\" src=\"http:\/\/www.bellunopress.it\/wp-content\/uploads\/2010\/04\/vescovado-museo-diocesano-arte-sacra-feltre.jpg\" alt=\"\" width=\"270\" height=\"180\" \/><\/a>Creare un modello di sviluppo del territorio incentrato su un utilizzo sostenibile delle risorse naturali e culturali delle aree Valbelluna, Tarvisiano e Pongau (Austria). E&#8217; questo l&#8217;obiettivo del progetto europeo &#8220;GoToNATURE&#8221; (Governance, TOurism and NATURE, Interreg V-A Italia Austria 2014-2020), partito a maggio 2017 con il coinvolgimento di 4 partner: il capofila Veneto Agricoltura, il Consorzio di Promozione Turistica del Tarvisiano, di Sella Nevea e di Passo Pramollo, la Regione Veneto (Direzione Turismo) e l&#8217;Istituto Salisburgese per urbanistica e abitare. Nei due anni e mezzo di lavoro, il progetto (naturale prosecuzione del Progetto S.Co.Re. &#8220;Sustainable and COmpetitive REsorts&#8221;) ha coinvolto oltre 21 partner operativi e gli attori della filiera del turismo in una serie di attivit\u00e0 di cooperazione che hanno previsto lo scambio di buone pratiche e lo sviluppo di nuovi prodotti turistici, tra i quali Park2trek Dolomites (offerta turistica che lega il Parco nazionale delle Dolomiti bellunesi e il Parco naturale di Paneveggio), Dolomiti Fly (dedicato al volo libero), ma anche la collaborazione sul tema dell&#8217;artigianato con il Museo etnografico della Provincia di Belluno, il Parco Nazionale delle Dolomiti bellunesi, la Scuola del legno del Centro Consorzi di Sedico e gli scatoler cimbri del Cansiglio, cui si aggiungono gli incontri sul tema dell&#8217;enogastronomia incentrati sul Bon Disnar. Il tutto ha trovato un momento di sintesi nelle brochure della destinazione turistica Valbelluna. La sinergia fra Consorzio turistico Dolomiti Prealpi e il Consorzio turistico Alpago \u2013 Cansiglio e la collaborazione continuativa della DMO Dolomiti all&#8217;interno del progetto GoToNature ha permesso anche di definire la governance turistica della Valbelluna.<\/p>\n<p>Ora, a conclusione del progetto, \u00e8 tempo di tirare le fila del discorso. Nella splendida cornice del rinnovato Museo diocesano di arte sacra di Feltre marted\u00ec 3 dicembre, dalle ore 9, andr\u00e0 in scena l&#8217;evento finale di GoToNature, durante il quale saranno presentati i risultati ottenuti negli oltre due anni di lavoro. Ma l&#8217;incontro pubblico sar\u00e0 anche l&#8217;occasione per riflettere sui trend attuali delle destinazioni turistiche, grazie al ricco programma di interventi qualificati. Anna Scuttari del centro di ricerca Eurac di Bolzano parler\u00e0 di &#8220;Governance nel turismo: scenari, sfide e opportunit\u00e0 per le destinazioni turistiche nell&#8217;era digitale&#8221;, mentre il giornalista del Corriere della Sera, Lorenzo Salvia, metter\u00e0 a confronto overturism e turismo sostenibile, le due facce del turismo in Italia. Sul palco del museo diocesano si alterneranno anche gli interventi di Giuliano Vantaggi (direttore della DMO Dolomiti), Claudia Giotti, del Consorzio di promozione turistica del Tarvisiano, Sella Nevea e Passo Pramollo e Stephan Mauer, dell&#8217;Istituto Salisburgese per urbanistica e abitare. Ad introdurre i lavori, dopo il saluto del sindaco di Feltre, Paolo Perenzin, gli interventi di Alessandra Liviero di Veneto Agricoltura e Stefan Marchioro della Direzione turismo della Regione Veneto, mentre le conclusioni saranno affidate ad Alberto Negro, commissario di Veneto Agricoltura, lead partner del progetto.<\/p>\n<p>Non mancher\u00e0 un ricco buffet curato dalla scuola professionale Enaip Veneto di Feltre.<\/p>\n<p>E&#8217; possibile iscriversi esclusivamente collegandosi al link https:\/\/gotonature.eventbrite.it.<\/p>\n<p>Alla fine del convegno sar\u00e0 possibile effettuare una visita guidata al Museo diocesano, al Teatro de la Sena e alla Cittadella. La visita va prenotata scrivendo a info@dolomitiprealpi.it<\/p>\n<p>PROGRAMMA<\/p>\n<p>09.00 Registrazione<\/p>\n<p>09.30 Saluti<\/p>\n<p>Paolo Perenzin &#8211; Sindaco di Feltre<\/p>\n<p>Introduzione ai lavori<\/p>\n<p>Alessandra Liviero &#8211; Veneto Agricoltura<\/p>\n<p>Stefan Marchioro \u2013 Direzione Turismo, Regione Veneto<\/p>\n<p>10.00 &#8211; 11.30 PRIMA SESSIONE: SEMINARI<\/p>\n<p>Governance nel turismo: scenari, sfide e opportunit\u00e0 per le destinazioni turistiche nell&#8217;era digitale<\/p>\n<p>Anna Scuttari, Eurac, Bolzano<\/p>\n<p>Overtourism e sostenibilit\u00e0, le due facce del turismo in Italia<\/p>\n<p>Lorenzo Salvia &#8211; Corriere della Sera<\/p>\n<p>11.30 &#8211; 12.45 SECONDA SESSIONE: BUONE PRATICHE<\/p>\n<p>Vacanza attiva in Valbelluna: presentazione dei nuovi prodotti turistici<\/p>\n<p>Giuliano Vantaggi &#8211; DMO Dolomiti<\/p>\n<p>Organizzazione di eventi sostenibili nel Tarvisiano: il No borders music festival<\/p>\n<p>Claudia Giotti &#8211; Consorzio Promozione Turistica del Tarvisiano, di Sella Nevea<\/p>\n<p>e di Passo Pramollo<\/p>\n<p>Turismo enogastronomico in Austria: il progetto &#8220;Pongauer Game&#8221; Stephan Maurer &#8211; Istituto Salisburgese per urbanistica e abitare<\/p>\n<p>12.45 &#8211; 13.00 Discussione con il pubblico<\/p>\n<p>13.00 Saluti finali<\/p>\n<p>Alberto Negro &#8211; Commissario di Veneto Agricoltura<\/p>\n<p>Buffet a cura della Scuola Professionale ENAIP Veneto di Feltre<\/p>\n<p>&#8212;<\/p>","protected":false},"excerpt":{"rendered":"<p>Appuntamento alle 9 al Museo Diocesano di Arte Sacra con l&#8217;evento conclusivo del progetto teso a sviluppare l&#8217;utilizzo sostenibile delle risorse turistiche di Valbelluna, Tarvisiano e Pongau (Austria). Tra i temi, l&#8217;analisi dei risultati ottenuti e i nuovi trend delle destinazioni turistiche. Creare un modello di sviluppo del territorio incentrato su un utilizzo sostenibile delle [&hellip;]<\/p>\n","protected":false},"author":2,"featured_media":0,"comment_status":"closed","ping_status":"open","sticky":false,"template":"","format":"standard","meta":{"footnotes":""},"categories":[27,3,36,25],"tags":[],"class_list":["post-109991","post","type-post","status-publish","format-standard","category-appuntamenti","category-arte-cultura-spettacoli-scienza-archivi","category-lavoro-economia","category-pausa-caffe"],"yoast_head":"<!-- This site is optimized with the Yoast SEO plugin v28.4 - https:\/\/yoast.com\/product\/yoast-seo-wordpress\/ -->\n<title>Turismo sostenibile. Marted\u00ec 3 dicembre a Feltre il gran finale di Go.To.Nature - Bellunopress - Dolomiti<\/title>\n<meta name=\"robots\" content=\"index, follow, max-snippet:-1, max-image-preview:large, max-video-preview:-1\" \/>\n<link rel=\"canonical\" href=\"https:\/\/www.bellunopress.it\/fr\/2019\/12\/01\/turismo-sostenibile-martedi-3-dicembre-a-feltre-il-gran-finale-di-go-to-nature\/\" \/>\n<meta property=\"og:locale\" content=\"fr_FR\" \/>\n<meta property=\"og:type\" content=\"article\" \/>\n<meta property=\"og:title\" content=\"Turismo sostenibile. Marted\u00ec 3 dicembre a Feltre il gran finale di Go.To.Nature - Bellunopress - Dolomiti\" \/>\n<meta property=\"og:description\" content=\"Appuntamento alle 9 al Museo Diocesano di Arte Sacra con l&#8217;evento conclusivo del progetto teso a sviluppare l&#8217;utilizzo sostenibile delle risorse turistiche di Valbelluna, Tarvisiano e Pongau (Austria). Tra i temi, l&#8217;analisi dei risultati ottenuti e i nuovi trend delle destinazioni turistiche. Creare un modello di sviluppo del territorio incentrato su un utilizzo sostenibile delle [&hellip;]\" \/>\n<meta property=\"og:url\" content=\"https:\/\/www.bellunopress.it\/fr\/2019\/12\/01\/turismo-sostenibile-martedi-3-dicembre-a-feltre-il-gran-finale-di-go-to-nature\/\" \/>\n<meta property=\"og:site_name\" content=\"Bellunopress - Dolomiti\" \/>\n<meta property=\"article:publisher\" content=\"https:\/\/www.facebook.com\/profile.php?id=100008943462799\" \/>\n<meta property=\"article:published_time\" content=\"2019-12-01T10:01:29+00:00\" \/>\n<meta property=\"og:image\" content=\"http:\/\/www.bellunopress.it\/wp-content\/uploads\/2010\/04\/vescovado-museo-diocesano-arte-sacra-feltre.jpg\" \/>\n<meta name=\"author\" content=\"redazione\" \/>\n<meta name=\"twitter:card\" content=\"summary_large_image\" \/>\n<meta name=\"twitter:creator\" content=\"@bellunopress\" \/>\n<meta name=\"twitter:site\" content=\"@bellunopress\" \/>\n<meta name=\"twitter:label1\" content=\"\u00c9crit par\" \/>\n\t<meta name=\"twitter:data1\" content=\"redazione\" \/>\n\t<meta name=\"twitter:label2\" content=\"Dur\u00e9e de lecture estim\u00e9e\" \/>\n\t<meta name=\"twitter:data2\" content=\"4 minutes\" \/>\n<script type=\"application\/ld+json\" class=\"yoast-schema-graph\">{\"@context\":\"https:\\\/\\\/schema.org\",\"@graph\":[{\"@type\":\"Article\",\"@id\":\"https:\\\/\\\/www.bellunopress.it\\\/2019\\\/12\\\/01\\\/turismo-sostenibile-martedi-3-dicembre-a-feltre-il-gran-finale-di-go-to-nature\\\/#article\",\"isPartOf\":{\"@id\":\"https:\\\/\\\/www.bellunopress.it\\\/2019\\\/12\\\/01\\\/turismo-sostenibile-martedi-3-dicembre-a-feltre-il-gran-finale-di-go-to-nature\\\/\"},\"author\":{\"name\":\"redazione\",\"@id\":\"https:\\\/\\\/www.bellunopress.it\\\/#\\\/schema\\\/person\\\/79bb06722b37ece1c03d3e94beb30d73\"},\"headline\":\"Turismo sostenibile. Marted\u00ec 3 dicembre a Feltre il gran finale di Go.To.Nature\",\"datePublished\":\"2019-12-01T10:01:29+00:00\",\"mainEntityOfPage\":{\"@id\":\"https:\\\/\\\/www.bellunopress.it\\\/2019\\\/12\\\/01\\\/turismo-sostenibile-martedi-3-dicembre-a-feltre-il-gran-finale-di-go-to-nature\\\/\"},\"wordCount\":728,\"publisher\":{\"@id\":\"https:\\\/\\\/www.bellunopress.it\\\/#organization\"},\"image\":{\"@id\":\"https:\\\/\\\/www.bellunopress.it\\\/2019\\\/12\\\/01\\\/turismo-sostenibile-martedi-3-dicembre-a-feltre-il-gran-finale-di-go-to-nature\\\/#primaryimage\"},\"thumbnailUrl\":\"http:\\\/\\\/www.bellunopress.it\\\/wp-content\\\/uploads\\\/2010\\\/04\\\/vescovado-museo-diocesano-arte-sacra-feltre.jpg\",\"articleSection\":[\"Appuntamenti, Eventi\",\"Arte, Cultura, Spettacoli, Scienza\",\"Lavoro, Economia, Turismo\",\"Pausa Caff\u00e8\"],\"inLanguage\":\"fr-FR\"},{\"@type\":\"WebPage\",\"@id\":\"https:\\\/\\\/www.bellunopress.it\\\/2019\\\/12\\\/01\\\/turismo-sostenibile-martedi-3-dicembre-a-feltre-il-gran-finale-di-go-to-nature\\\/\",\"url\":\"https:\\\/\\\/www.bellunopress.it\\\/2019\\\/12\\\/01\\\/turismo-sostenibile-martedi-3-dicembre-a-feltre-il-gran-finale-di-go-to-nature\\\/\",\"name\":\"Turismo sostenibile. Marted\u00ec 3 dicembre a Feltre il gran finale di Go.To.Nature - Bellunopress - Dolomiti\",\"isPartOf\":{\"@id\":\"https:\\\/\\\/www.bellunopress.it\\\/#website\"},\"primaryImageOfPage\":{\"@id\":\"https:\\\/\\\/www.bellunopress.it\\\/2019\\\/12\\\/01\\\/turismo-sostenibile-martedi-3-dicembre-a-feltre-il-gran-finale-di-go-to-nature\\\/#primaryimage\"},\"image\":{\"@id\":\"https:\\\/\\\/www.bellunopress.it\\\/2019\\\/12\\\/01\\\/turismo-sostenibile-martedi-3-dicembre-a-feltre-il-gran-finale-di-go-to-nature\\\/#primaryimage\"},\"thumbnailUrl\":\"http:\\\/\\\/www.bellunopress.it\\\/wp-content\\\/uploads\\\/2010\\\/04\\\/vescovado-museo-diocesano-arte-sacra-feltre.jpg\",\"datePublished\":\"2019-12-01T10:01:29+00:00\",\"breadcrumb\":{\"@id\":\"https:\\\/\\\/www.bellunopress.it\\\/2019\\\/12\\\/01\\\/turismo-sostenibile-martedi-3-dicembre-a-feltre-il-gran-finale-di-go-to-nature\\\/#breadcrumb\"},\"inLanguage\":\"fr-FR\",\"potentialAction\":[{\"@type\":\"ReadAction\",\"target\":[\"https:\\\/\\\/www.bellunopress.it\\\/2019\\\/12\\\/01\\\/turismo-sostenibile-martedi-3-dicembre-a-feltre-il-gran-finale-di-go-to-nature\\\/\"]}]},{\"@type\":\"ImageObject\",\"inLanguage\":\"fr-FR\",\"@id\":\"https:\\\/\\\/www.bellunopress.it\\\/2019\\\/12\\\/01\\\/turismo-sostenibile-martedi-3-dicembre-a-feltre-il-gran-finale-di-go-to-nature\\\/#primaryimage\",\"url\":\"http:\\\/\\\/www.bellunopress.it\\\/wp-content\\\/uploads\\\/2010\\\/04\\\/vescovado-museo-diocesano-arte-sacra-feltre.jpg\",\"contentUrl\":\"http:\\\/\\\/www.bellunopress.it\\\/wp-content\\\/uploads\\\/2010\\\/04\\\/vescovado-museo-diocesano-arte-sacra-feltre.jpg\"},{\"@type\":\"BreadcrumbList\",\"@id\":\"https:\\\/\\\/www.bellunopress.it\\\/2019\\\/12\\\/01\\\/turismo-sostenibile-martedi-3-dicembre-a-feltre-il-gran-finale-di-go-to-nature\\\/#breadcrumb\",\"itemListElement\":[{\"@type\":\"ListItem\",\"position\":1,\"name\":\"Home\",\"item\":\"https:\\\/\\\/www.bellunopress.it\\\/\"},{\"@type\":\"ListItem\",\"position\":2,\"name\":\"Turismo sostenibile. Marted\u00ec 3 dicembre a Feltre il gran finale di Go.To.Nature\"}]},{\"@type\":\"WebSite\",\"@id\":\"https:\\\/\\\/www.bellunopress.it\\\/#website\",\"url\":\"https:\\\/\\\/www.bellunopress.it\\\/\",\"name\":\"Bellunopress - Dolomiti\",\"description\":\"e-mail: redazione@bellunopress.it\",\"publisher\":{\"@id\":\"https:\\\/\\\/www.bellunopress.it\\\/#organization\"},\"potentialAction\":[{\"@type\":\"SearchAction\",\"target\":{\"@type\":\"EntryPoint\",\"urlTemplate\":\"https:\\\/\\\/www.bellunopress.it\\\/?s={search_term_string}\"},\"query-input\":{\"@type\":\"PropertyValueSpecification\",\"valueRequired\":true,\"valueName\":\"search_term_string\"}}],\"inLanguage\":\"fr-FR\"},{\"@type\":\"Organization\",\"@id\":\"https:\\\/\\\/www.bellunopress.it\\\/#organization\",\"name\":\"Bellunopress\",\"url\":\"https:\\\/\\\/www.bellunopress.it\\\/\",\"logo\":{\"@type\":\"ImageObject\",\"inLanguage\":\"fr-FR\",\"@id\":\"https:\\\/\\\/www.bellunopress.it\\\/#\\\/schema\\\/logo\\\/image\\\/\",\"url\":\"https:\\\/\\\/www.bellunopress.it\\\/wp-content\\\/uploads\\\/2011\\\/05\\\/cropped-logo-bellunopress-.jpg\",\"contentUrl\":\"https:\\\/\\\/www.bellunopress.it\\\/wp-content\\\/uploads\\\/2011\\\/05\\\/cropped-logo-bellunopress-.jpg\",\"width\":512,\"height\":512,\"caption\":\"Bellunopress\"},\"image\":{\"@id\":\"https:\\\/\\\/www.bellunopress.it\\\/#\\\/schema\\\/logo\\\/image\\\/\"},\"sameAs\":[\"https:\\\/\\\/www.facebook.com\\\/profile.php?id=100008943462799\",\"https:\\\/\\\/x.com\\\/bellunopress\",\"https:\\\/\\\/www.linkedin.com\\\/hp\\\/?dnr=JBzUWaJfMUw8vbXJJ2tVW5-I3jZKvC4wsoxE&amp;amp;amp;amp;amp;amp;trk=nav_responsive_tab_home\",\"https:\\\/\\\/www.youtube.com\\\/channel\\\/UCxL0wu1uN0_3_7hGG0306cw\"]},{\"@type\":\"Person\",\"@id\":\"https:\\\/\\\/www.bellunopress.it\\\/#\\\/schema\\\/person\\\/79bb06722b37ece1c03d3e94beb30d73\",\"name\":\"redazione\",\"image\":{\"@type\":\"ImageObject\",\"inLanguage\":\"fr-FR\",\"@id\":\"https:\\\/\\\/secure.gravatar.com\\\/avatar\\\/37d968a2e67a6fd04c169c4bdef102d0bc5d31b2546345219e348575eb80e9a0?s=96&d=mm&r=g\",\"url\":\"https:\\\/\\\/secure.gravatar.com\\\/avatar\\\/37d968a2e67a6fd04c169c4bdef102d0bc5d31b2546345219e348575eb80e9a0?s=96&d=mm&r=g\",\"contentUrl\":\"https:\\\/\\\/secure.gravatar.com\\\/avatar\\\/37d968a2e67a6fd04c169c4bdef102d0bc5d31b2546345219e348575eb80e9a0?s=96&d=mm&r=g\",\"caption\":\"redazione\"},\"sameAs\":[\"http:\\\/\\\/www.bellunopress.it\",\"https:\\\/\\\/x.com\\\/bellunopress\"],\"url\":\"https:\\\/\\\/www.bellunopress.it\\\/fr\\\/author\\\/redazione\\\/\"}]}<\/script>\n<!-- \/ Yoast SEO plugin. -->","yoast_head_json":{"title":"Turismo sostenibile. Marted\u00ec 3 dicembre a Feltre il gran finale di Go.To.Nature - Bellunopress - Dolomiti","robots":{"index":"index","follow":"follow","max-snippet":"max-snippet:-1","max-image-preview":"max-image-preview:large","max-video-preview":"max-video-preview:-1"},"canonical":"https:\/\/www.bellunopress.it\/fr\/2019\/12\/01\/turismo-sostenibile-martedi-3-dicembre-a-feltre-il-gran-finale-di-go-to-nature\/","og_locale":"fr_FR","og_type":"article","og_title":"Turismo sostenibile. Marted\u00ec 3 dicembre a Feltre il gran finale di Go.To.Nature - Bellunopress - Dolomiti","og_description":"Appuntamento alle 9 al Museo Diocesano di Arte Sacra con l&#8217;evento conclusivo del progetto teso a sviluppare l&#8217;utilizzo sostenibile delle risorse turistiche di Valbelluna, Tarvisiano e Pongau (Austria). Tra i temi, l&#8217;analisi dei risultati ottenuti e i nuovi trend delle destinazioni turistiche. Creare un modello di sviluppo del territorio incentrato su un utilizzo sostenibile delle [&hellip;]","og_url":"https:\/\/www.bellunopress.it\/fr\/2019\/12\/01\/turismo-sostenibile-martedi-3-dicembre-a-feltre-il-gran-finale-di-go-to-nature\/","og_site_name":"Bellunopress - Dolomiti","article_publisher":"https:\/\/www.facebook.com\/profile.php?id=100008943462799","article_published_time":"2019-12-01T10:01:29+00:00","og_image":[{"url":"http:\/\/www.bellunopress.it\/wp-content\/uploads\/2010\/04\/vescovado-museo-diocesano-arte-sacra-feltre.jpg","type":"","width":"","height":""}],"author":"redazione","twitter_card":"summary_large_image","twitter_creator":"@bellunopress","twitter_site":"@bellunopress","twitter_misc":{"\u00c9crit par":"redazione","Dur\u00e9e de lecture estim\u00e9e":"4 minutes"},"schema":{"@context":"https:\/\/schema.org","@graph":[{"@type":"Article","@id":"https:\/\/www.bellunopress.it\/2019\/12\/01\/turismo-sostenibile-martedi-3-dicembre-a-feltre-il-gran-finale-di-go-to-nature\/#article","isPartOf":{"@id":"https:\/\/www.bellunopress.it\/2019\/12\/01\/turismo-sostenibile-martedi-3-dicembre-a-feltre-il-gran-finale-di-go-to-nature\/"},"author":{"name":"redazione","@id":"https:\/\/www.bellunopress.it\/#\/schema\/person\/79bb06722b37ece1c03d3e94beb30d73"},"headline":"Turismo sostenibile. Marted\u00ec 3 dicembre a Feltre il gran finale di Go.To.Nature","datePublished":"2019-12-01T10:01:29+00:00","mainEntityOfPage":{"@id":"https:\/\/www.bellunopress.it\/2019\/12\/01\/turismo-sostenibile-martedi-3-dicembre-a-feltre-il-gran-finale-di-go-to-nature\/"},"wordCount":728,"publisher":{"@id":"https:\/\/www.bellunopress.it\/#organization"},"image":{"@id":"https:\/\/www.bellunopress.it\/2019\/12\/01\/turismo-sostenibile-martedi-3-dicembre-a-feltre-il-gran-finale-di-go-to-nature\/#primaryimage"},"thumbnailUrl":"http:\/\/www.bellunopress.it\/wp-content\/uploads\/2010\/04\/vescovado-museo-diocesano-arte-sacra-feltre.jpg","articleSection":["Appuntamenti, Eventi","Arte, Cultura, Spettacoli, Scienza","Lavoro, Economia, Turismo","Pausa Caff\u00e8"],"inLanguage":"fr-FR"},{"@type":"WebPage","@id":"https:\/\/www.bellunopress.it\/2019\/12\/01\/turismo-sostenibile-martedi-3-dicembre-a-feltre-il-gran-finale-di-go-to-nature\/","url":"https:\/\/www.bellunopress.it\/2019\/12\/01\/turismo-sostenibile-martedi-3-dicembre-a-feltre-il-gran-finale-di-go-to-nature\/","name":"Turismo sostenibile. Marted\u00ec 3 dicembre a Feltre il gran finale di Go.To.Nature - Bellunopress - Dolomiti","isPartOf":{"@id":"https:\/\/www.bellunopress.it\/#website"},"primaryImageOfPage":{"@id":"https:\/\/www.bellunopress.it\/2019\/12\/01\/turismo-sostenibile-martedi-3-dicembre-a-feltre-il-gran-finale-di-go-to-nature\/#primaryimage"},"image":{"@id":"https:\/\/www.bellunopress.it\/2019\/12\/01\/turismo-sostenibile-martedi-3-dicembre-a-feltre-il-gran-finale-di-go-to-nature\/#primaryimage"},"thumbnailUrl":"http:\/\/www.bellunopress.it\/wp-content\/uploads\/2010\/04\/vescovado-museo-diocesano-arte-sacra-feltre.jpg","datePublished":"2019-12-01T10:01:29+00:00","breadcrumb":{"@id":"https:\/\/www.bellunopress.it\/2019\/12\/01\/turismo-sostenibile-martedi-3-dicembre-a-feltre-il-gran-finale-di-go-to-nature\/#breadcrumb"},"inLanguage":"fr-FR","potentialAction":[{"@type":"ReadAction","target":["https:\/\/www.bellunopress.it\/2019\/12\/01\/turismo-sostenibile-martedi-3-dicembre-a-feltre-il-gran-finale-di-go-to-nature\/"]}]},{"@type":"ImageObject","inLanguage":"fr-FR","@id":"https:\/\/www.bellunopress.it\/2019\/12\/01\/turismo-sostenibile-martedi-3-dicembre-a-feltre-il-gran-finale-di-go-to-nature\/#primaryimage","url":"http:\/\/www.bellunopress.it\/wp-content\/uploads\/2010\/04\/vescovado-museo-diocesano-arte-sacra-feltre.jpg","contentUrl":"http:\/\/www.bellunopress.it\/wp-content\/uploads\/2010\/04\/vescovado-museo-diocesano-arte-sacra-feltre.jpg"},{"@type":"BreadcrumbList","@id":"https:\/\/www.bellunopress.it\/2019\/12\/01\/turismo-sostenibile-martedi-3-dicembre-a-feltre-il-gran-finale-di-go-to-nature\/#breadcrumb","itemListElement":[{"@type":"ListItem","position":1,"name":"Home","item":"https:\/\/www.bellunopress.it\/"},{"@type":"ListItem","position":2,"name":"Turismo sostenibile. Marted\u00ec 3 dicembre a Feltre il gran finale di Go.To.Nature"}]},{"@type":"WebSite","@id":"https:\/\/www.bellunopress.it\/#website","url":"https:\/\/www.bellunopress.it\/","name":"Bellunopress - Dolomiti","description":"e-mail: redazione@bellunopress.it","publisher":{"@id":"https:\/\/www.bellunopress.it\/#organization"},"potentialAction":[{"@type":"SearchAction","target":{"@type":"EntryPoint","urlTemplate":"https:\/\/www.bellunopress.it\/?s={search_term_string}"},"query-input":{"@type":"PropertyValueSpecification","valueRequired":true,"valueName":"search_term_string"}}],"inLanguage":"fr-FR"},{"@type":"Organization","@id":"https:\/\/www.bellunopress.it\/#organization","name":"Bellunopress","url":"https:\/\/www.bellunopress.it\/","logo":{"@type":"ImageObject","inLanguage":"fr-FR","@id":"https:\/\/www.bellunopress.it\/#\/schema\/logo\/image\/","url":"https:\/\/www.bellunopress.it\/wp-content\/uploads\/2011\/05\/cropped-logo-bellunopress-.jpg","contentUrl":"https:\/\/www.bellunopress.it\/wp-content\/uploads\/2011\/05\/cropped-logo-bellunopress-.jpg","width":512,"height":512,"caption":"Bellunopress"},"image":{"@id":"https:\/\/www.bellunopress.it\/#\/schema\/logo\/image\/"},"sameAs":["https:\/\/www.facebook.com\/profile.php?id=100008943462799","https:\/\/x.com\/bellunopress","https:\/\/www.linkedin.com\/hp\/?dnr=JBzUWaJfMUw8vbXJJ2tVW5-I3jZKvC4wsoxE&amp;amp;amp;amp;amp;amp;trk=nav_responsive_tab_home","https:\/\/www.youtube.com\/channel\/UCxL0wu1uN0_3_7hGG0306cw"]},{"@type":"Person","@id":"https:\/\/www.bellunopress.it\/#\/schema\/person\/79bb06722b37ece1c03d3e94beb30d73","name":"r\u00e9daction","image":{"@type":"ImageObject","inLanguage":"fr-FR","@id":"https:\/\/secure.gravatar.com\/avatar\/37d968a2e67a6fd04c169c4bdef102d0bc5d31b2546345219e348575eb80e9a0?s=96&d=mm&r=g","url":"https:\/\/secure.gravatar.com\/avatar\/37d968a2e67a6fd04c169c4bdef102d0bc5d31b2546345219e348575eb80e9a0?s=96&d=mm&r=g","contentUrl":"https:\/\/secure.gravatar.com\/avatar\/37d968a2e67a6fd04c169c4bdef102d0bc5d31b2546345219e348575eb80e9a0?s=96&d=mm&r=g","caption":"redazione"},"sameAs":["http:\/\/www.bellunopress.it","https:\/\/x.com\/bellunopress"],"url":"https:\/\/www.bellunopress.it\/fr\/author\/redazione\/"}]}},"_links":{"self":[{"href":"https:\/\/www.bellunopress.it\/fr\/wp-json\/wp\/v2\/posts\/109991","targetHints":{"allow":["GET"]}}],"collection":[{"href":"https:\/\/www.bellunopress.it\/fr\/wp-json\/wp\/v2\/posts"}],"about":[{"href":"https:\/\/www.bellunopress.it\/fr\/wp-json\/wp\/v2\/types\/post"}],"author":[{"embeddable":true,"href":"https:\/\/www.bellunopress.it\/fr\/wp-json\/wp\/v2\/users\/2"}],"replies":[{"embeddable":true,"href":"https:\/\/www.bellunopress.it\/fr\/wp-json\/wp\/v2\/comments?post=109991"}],"version-history":[{"count":1,"href":"https:\/\/www.bellunopress.it\/fr\/wp-json\/wp\/v2\/posts\/109991\/revisions"}],"predecessor-version":[{"id":109992,"href":"https:\/\/www.bellunopress.it\/fr\/wp-json\/wp\/v2\/posts\/109991\/revisions\/109992"}],"wp:attachment":[{"href":"https:\/\/www.bellunopress.it\/fr\/wp-json\/wp\/v2\/media?parent=109991"}],"wp:term":[{"taxonomy":"category","embeddable":true,"href":"https:\/\/www.bellunopress.it\/fr\/wp-json\/wp\/v2\/categories?post=109991"},{"taxonomy":"post_tag","embeddable":true,"href":"https:\/\/www.bellunopress.it\/fr\/wp-json\/wp\/v2\/tags?post=109991"}],"curies":[{"name":"wp","href":"https:\/\/api.w.org\/{rel}","templated":true}]}}