{"id":109987,"date":"2019-11-27T21:57:07","date_gmt":"2019-11-27T20:57:07","guid":{"rendered":"http:\/\/www.bellunopress.it\/?p=109987"},"modified":"2019-11-27T21:57:18","modified_gmt":"2019-11-27T20:57:18","slug":"giallo-e-noir-festival-treviso-giallo-porta-la-mostra-di-diabolik-giovedi-19-venerdi-20-sabato-21-e-domenica-22-marzo-2020-a-palazzo-dei-trecento-a-treviso","status":"publish","type":"post","link":"https:\/\/www.bellunopress.it\/fr\/2019\/11\/27\/giallo-e-noir-festival-treviso-giallo-porta-la-mostra-di-diabolik-giovedi-19-venerdi-20-sabato-21-e-domenica-22-marzo-2020-a-palazzo-dei-trecento-a-treviso\/","title":{"rendered":"Giallo e noir. Festival Treviso Giallo porta la Mostra di Diabolik gioved\u00ec 19, venerd\u00ec 20, sabato 21 e domenica 22 marzo 2020 a\u00a0Palazzo dei Trecento a Treviso"},"content":{"rendered":"<p><a href=\"http:\/\/www.bellunopress.it\/fr\/2019\/11\/27\/giallo-e-noir-festival-treviso-giallo-porta-la-mostra-di-diabolik-giovedi-19-venerdi-20-sabato-21-e-domenica-22-marzo-2020-a-palazzo-dei-trecento-a-treviso\/treviso-giallo\/\" rel=\"attachment wp-att-109988\"><img loading=\"lazy\" decoding=\"async\" class=\"alignleft size-full wp-image-109988\" src=\"http:\/\/www.bellunopress.it\/wp-content\/uploads\/2019\/11\/Treviso-Giallo-.jpeg\" alt=\"\" width=\"202\" height=\"300\" \/><\/a>Treviso, 27 novembre 2019 &#8211; Presentata oggi nella Sala Verde di Palazzo Rinaldi, Sede del Municipio di Treviso, la seconda edizione del Festival Treviso Giallo. Il Festival, dedicato al genere letterario giallo e noir, si distingue per il taglio scientifico grazie all&#8217;opera del Comitato scientifico presieduto dal prof. Elvio Guagnini, ed \u00e8 organizzato dall&#8217;Accademia Veneta assieme al Comune di Treviso, con il Patrocinio della Regione del Veneto, dell&#8217;Universit\u00e0 Ca&#8217; Foscari di Venezia, dell&#8217;Universit\u00e0 di Trieste, dell&#8217;Universit\u00e0 IULM e dell&#8217;Universit\u00e0 dell&#8217;Aquila.<\/p>\n<p>L&#8217;Accademia Veneta e il Comune di Treviso hanno presentato alla stampa alcune anticipazioni della nuova edizione, che sar\u00e0 ospitata gioved\u00ec 19, venerd\u00ec 20, sabato 21 e domenica 22 marzo 2020 principalmente a Palazzo dei Trecento a Treviso.<\/p>\n<p>Il Festival, sar\u00e0 aperto al pubblico con ingresso gratuito fino a esaurimento posti, \u00e8 unico nel suo genere in ambito nazionale per l&#8217;impostazione scientifica che lo caratterizza e offre un approfondimento del genere giallo e noir che lo proietta a fianco dei maggiori festival europei. Saranno quattro giorni d&#8217;incontri, tavole rotonde, presentazioni di libri attraverso interviste di approfondimento all&#8217;autore, tavole rotonde, alle quali parteciperanno scrittori, giornalisti, sociologi, criminologi, investigatori, magistrati, psicologi, psichiatri. In concomitanza con il festival sar\u00e0 realizzata una mostra artistica dalla tematica noir e avranno luogo una specifica proiezione cinematografica e un concerto a tema.<\/p>\n<p>\u00abSiamo felici di sostenere questo festival che consideriamo rivoluzionario perch\u00e9 entra nei dettagli di quelle che sono le dinamiche dei generi giallo e noir\u00bb, le parole del sindaco di Treviso Mario Conte. \u00abSi tratta anche di un&#8217;occasione per approfondire tematiche importantissime, attraverso le voci degli autori ma anche di quelle di chi lavora quotidianamente nel campo della giustizia e della sicurezza. Il successo della prima edizione certifica che la formula accattivante di questo festival \u00e8 in grado di suscitare interesse e curiosit\u00e0\u00bb.<\/p>\n<p>Inaugurata in questa seconda edizione anche la collaborazione con l&#8217;associazione Sugarpulp, di cui \u00e8 direttore artistico lo scrittore Matteo Strukul.<\/p>\n<p>Erano presenti alla conferenza stampa: Mario Conte, Sindaco della Citt\u00e0 di Treviso, Lavinia Colonna Preti, Assessore ai Beni Culturali e Turismo del Comune di Treviso, Decimo Poloniato, Regione del Veneto, Perluigi Granata, Comitato scientifico Festival Treviso Giallo, Lisa Marra, Responsabile organizzativa Festival Treviso Giallo, Francesco Ferracin, Comitato organizzativo Festival Treviso Giallo, Matteo Strukul, associazione Sugarpulp, Giacomo Brunoro, Veneto Film Commission.<\/p>\n<p>Festival Treviso Giallo si presta a divenire il nuovo punto di riferimento per il genere letterario giallo e noir a livello nazionale e non solo. L&#8217;organizzazione dell&#8217;Accademia Veneta e il Comune di Treviso sono riuscite a chiudere una importante collaborazione: Treviso ospiter\u00e0 la prima Mostra nazionale dedicata a Diabolik, dal titolo &#8220;Giallo e Fumetto&#8221;, proprio in concomitanza dell&#8217;uscita, prevista in primavera, del film dei Manetti Bros, dedicato al celebre personaggio (protagonista maschile nei panni di Diabolik sar\u00e0 Luca Marinelli, Coppa Volpi al Festival del Cinema di Venezia 2019). Diabolik \u00e8 uno dei mostri sacri del fumetto italiano che, nato nel 1962 dalla penna delle sorelle Giussani, continua ad affascinare un vasto pubblico di lettori.<\/p>\n<p>\u00abL&#8217;idea che Treviso diventi un punto di riferimento per gli amanti del genere letterario giallo e noir fra autori, esperti e, da quest&#8217;anno, anche con una mostra dedicata a Diabolik e al fumetto ci riempie di entusiasmo\u00bb, afferma l&#8217;assessore ai Beni Culturali e Turismo della Citt\u00e0 di Treviso, Lavinia Colonna Preti. \u00abLa cultura \u00e8 approfondimento e deve essere sempre capace di abbracciare pi\u00f9 campi della scienza. Ed \u00e8 per questo che, a nostro parere, la formula di Treviso Giallo deve diventare un vero e proprio &#8220;modello&#8221; per le rassegne letterarie.<\/p>\n<p>In questo senso, non posso che ringraziare Lisa Marra per il grande lavoro\u00bb.<\/p>\n<p>\u00abSi tratta senza alcun dubbio \u2013 ha spiegato Lisa Marra dell&#8217;Accademia Veneta e responsabile della Casa editrice Linea Edizioni \u2013 di un grande risultato per il Comitato scientifico del Festival Treviso Giallo e per la Citt\u00e0 di Treviso. La mostra racconter\u00e0 e accompagner\u00e0 il visitatore alla scoperta della nascita di un mito, quello di Diabolik nato nel 1962 a Milano, citt\u00e0 d&#8217;origine anche delle sue creatrici, le sorelle Angela e Luciana Giussani\u00bb. Attesi all&#8217;inaugurazione, oltre all&#8217;editore Mario Gomboli, anche i Manetti Bros.<\/p>\n<p>Oltre alla Mostra permanente allestita dal 20 al 27 marzo ospitata al palazzo dei Trecento in pieno centro citt\u00e0, saranno ospitate presentazioni di scrittori nazionali. Tra gli ospiti attesi: Maurizio De Giovanni, conosciuto per &#8220;I bastardi di Pizzofalcone&#8221;, Mariolina Venezia proprio in questi giorni presente in tv con la fiction &#8220;Imma Tataranni&#8221;, Nicolai Linin autore di &#8220;Educazione Siberiana&#8221; e attivo ambientalista internazionale, Loriano Macchiavelli e Andrea Molesini. Quest&#8217;anno la Germania sar\u00e0 il Paese gemellato al Festival Treviso Giallo con &#8220;Giallo contro Krimi&#8221;.<\/p>\n<p>Sar\u00e0 presente il pianista, maestro Ezio Lazzarini, per 40 anni maestro di sala del Gran Teatro La Fenice e l&#8217;organizzazione ha avviato una collaborazione con il cinema Edera e la Cineteca di Bologna. Protagonista dell&#8217;appuntamento musicale e cinematografico, quest&#8217;ultimo presieduto dal prof. Carlo Montanaro, sar\u00e0 Hitchcock.<\/p>\n<p>\u00abL&#8217;obiettivo del Festival \u2013 ha affermato Pierluigi Granata, del Comitato scientifico del Festival Treviso Giallo &#8211; \u00e8 di valorizzare con un approccio accademico, che abbraccia unitariamente pi\u00f9 discipline scientifiche, il genere letterario giallo e noir, nelle sue declinazioni peculiari. Infatti, Treviso Giallo ha la finalit\u00e0 di creare un preciso percorso metodologico che consente di fornire al pubblico una nuova chiave di lettura e interpretativa della letteratura &#8220;gialla&#8221; e &#8220;noir&#8221;, tesa soprattutto a far recepire quanto il suddetto genere sia uno strumento privilegiato di analisi della societ\u00e0 contemporanea\u00bb.<\/p>\n<p>Il Festival Treviso Giallo non amplia soltanto i giorni di programmazione, ma anche stringe nuove sinergie con altre associazioni del territorio per rafforzare la sua presenza. \u00c8 stata, infatti, inaugurata la nuova collaborazione con l&#8217;associazione Sugarpulp, che ha visto la presenza di Treviso Giallo nell&#8217;ambito dell'&#8221;800 Padova Festival&#8221;, il festival dedicato all&#8217;Ottocento padovano e al fascino di questo secolo, organizzato dall&#8217;associazione Sugarpulp in collaborazione con l&#8217;Assessorato alla Cultura del Comune di Padova e il contributo di varie realt\u00e0 della citt\u00e0. Festival Treviso Giallo e Sugarpulp organizzeranno workshop di criminologia investigativa che saranno ospitati all&#8217;Hotel Maggior Consiglio, una tavola rotonda specifica dedicata a Giallo Nordest, e l&#8217;interessante e quanto mai originale tavola rotonda Giallo e nuovi linguaggi, dove protagonisti saranno i videogiochi.<\/p>\n<p>Quest&#8217;anno entra anche la Marca Trevigiana e alcuni importanti appuntamenti saranno organizzati nelle principali librerie di Conegliano, Oderzo, Montebelluna, Castelfranco, Mogliano Veneto e Vittorio Veneto.<\/p>\n<p>In seguito al successo riscosso lo scorso anno saranno riproposte le visite guidate alla scoperta della Treviso Noir a cura di Mediolanum, sabato 21 e domenica 22 marzo.<\/p>","protected":false},"excerpt":{"rendered":"<p>Treviso, 27 novembre 2019 &#8211; Presentata oggi nella Sala Verde di Palazzo Rinaldi, Sede del Municipio di Treviso, la seconda edizione del Festival Treviso Giallo. Il Festival, dedicato al genere letterario giallo e noir, si distingue per il taglio scientifico grazie all&#8217;opera del Comitato scientifico presieduto dal prof. Elvio Guagnini, ed \u00e8 organizzato dall&#8217;Accademia Veneta [&hellip;]<\/p>\n","protected":false},"author":2,"featured_media":0,"comment_status":"closed","ping_status":"open","sticky":false,"template":"","format":"standard","meta":{"footnotes":""},"categories":[27,3,3394,26],"tags":[],"class_list":["post-109987","post","type-post","status-publish","format-standard","category-appuntamenti","category-arte-cultura-spettacoli-scienza-archivi","category-cultura-e-spettacoli-fuori-provincia","category-prima-pagina"],"yoast_head":"<!-- This site is optimized with the Yoast SEO plugin v28.4 - https:\/\/yoast.com\/product\/yoast-seo-wordpress\/ -->\n<title>Giallo e noir. Festival Treviso Giallo porta la Mostra di Diabolik gioved\u00ec 19, venerd\u00ec 20, sabato 21 e domenica 22 marzo 2020 a\u00a0Palazzo dei Trecento a Treviso - Bellunopress - Dolomiti<\/title>\n<meta name=\"robots\" content=\"index, follow, max-snippet:-1, max-image-preview:large, max-video-preview:-1\" \/>\n<link rel=\"canonical\" href=\"https:\/\/www.bellunopress.it\/fr\/2019\/11\/27\/giallo-e-noir-festival-treviso-giallo-porta-la-mostra-di-diabolik-giovedi-19-venerdi-20-sabato-21-e-domenica-22-marzo-2020-a-palazzo-dei-trecento-a-treviso\/\" \/>\n<meta property=\"og:locale\" content=\"fr_FR\" \/>\n<meta property=\"og:type\" content=\"article\" \/>\n<meta property=\"og:title\" content=\"Giallo e noir. Festival Treviso Giallo porta la Mostra di Diabolik gioved\u00ec 19, venerd\u00ec 20, sabato 21 e domenica 22 marzo 2020 a\u00a0Palazzo dei Trecento a Treviso - Bellunopress - Dolomiti\" \/>\n<meta property=\"og:description\" content=\"Treviso, 27 novembre 2019 &#8211; Presentata oggi nella Sala Verde di Palazzo Rinaldi, Sede del Municipio di Treviso, la seconda edizione del Festival Treviso Giallo. Il Festival, dedicato al genere letterario giallo e noir, si distingue per il taglio scientifico grazie all&#8217;opera del Comitato scientifico presieduto dal prof. Elvio Guagnini, ed \u00e8 organizzato dall&#8217;Accademia Veneta [&hellip;]\" \/>\n<meta property=\"og:url\" content=\"https:\/\/www.bellunopress.it\/fr\/2019\/11\/27\/giallo-e-noir-festival-treviso-giallo-porta-la-mostra-di-diabolik-giovedi-19-venerdi-20-sabato-21-e-domenica-22-marzo-2020-a-palazzo-dei-trecento-a-treviso\/\" \/>\n<meta property=\"og:site_name\" content=\"Bellunopress - Dolomiti\" \/>\n<meta property=\"article:publisher\" content=\"https:\/\/www.facebook.com\/profile.php?id=100008943462799\" \/>\n<meta property=\"article:published_time\" content=\"2019-11-27T20:57:07+00:00\" \/>\n<meta property=\"article:modified_time\" content=\"2019-11-27T20:57:18+00:00\" \/>\n<meta property=\"og:image\" content=\"http:\/\/www.bellunopress.it\/wp-content\/uploads\/2019\/11\/Treviso-Giallo-.jpeg\" \/>\n<meta name=\"author\" content=\"redazione\" \/>\n<meta name=\"twitter:card\" content=\"summary_large_image\" \/>\n<meta name=\"twitter:creator\" content=\"@bellunopress\" \/>\n<meta name=\"twitter:site\" content=\"@bellunopress\" \/>\n<meta name=\"twitter:label1\" content=\"Written by\" \/>\n\t<meta name=\"twitter:data1\" content=\"redazione\" \/>\n\t<meta name=\"twitter:label2\" content=\"Est. reading time\" \/>\n\t<meta name=\"twitter:data2\" content=\"5 minutes\" \/>\n<script type=\"application\/ld+json\" class=\"yoast-schema-graph\">{\"@context\":\"https:\\\/\\\/schema.org\",\"@graph\":[{\"@type\":\"Article\",\"@id\":\"https:\\\/\\\/www.bellunopress.it\\\/2019\\\/11\\\/27\\\/giallo-e-noir-festival-treviso-giallo-porta-la-mostra-di-diabolik-giovedi-19-venerdi-20-sabato-21-e-domenica-22-marzo-2020-a-palazzo-dei-trecento-a-treviso\\\/#article\",\"isPartOf\":{\"@id\":\"https:\\\/\\\/www.bellunopress.it\\\/2019\\\/11\\\/27\\\/giallo-e-noir-festival-treviso-giallo-porta-la-mostra-di-diabolik-giovedi-19-venerdi-20-sabato-21-e-domenica-22-marzo-2020-a-palazzo-dei-trecento-a-treviso\\\/\"},\"author\":{\"name\":\"redazione\",\"@id\":\"https:\\\/\\\/www.bellunopress.it\\\/#\\\/schema\\\/person\\\/79bb06722b37ece1c03d3e94beb30d73\"},\"headline\":\"Giallo e noir. Festival Treviso Giallo porta la Mostra di Diabolik gioved\u00ec 19, venerd\u00ec 20, sabato 21 e domenica 22 marzo 2020 a\u00a0Palazzo dei Trecento a Treviso\",\"datePublished\":\"2019-11-27T20:57:07+00:00\",\"dateModified\":\"2019-11-27T20:57:18+00:00\",\"mainEntityOfPage\":{\"@id\":\"https:\\\/\\\/www.bellunopress.it\\\/2019\\\/11\\\/27\\\/giallo-e-noir-festival-treviso-giallo-porta-la-mostra-di-diabolik-giovedi-19-venerdi-20-sabato-21-e-domenica-22-marzo-2020-a-palazzo-dei-trecento-a-treviso\\\/\"},\"wordCount\":1096,\"publisher\":{\"@id\":\"https:\\\/\\\/www.bellunopress.it\\\/#organization\"},\"image\":{\"@id\":\"https:\\\/\\\/www.bellunopress.it\\\/2019\\\/11\\\/27\\\/giallo-e-noir-festival-treviso-giallo-porta-la-mostra-di-diabolik-giovedi-19-venerdi-20-sabato-21-e-domenica-22-marzo-2020-a-palazzo-dei-trecento-a-treviso\\\/#primaryimage\"},\"thumbnailUrl\":\"http:\\\/\\\/www.bellunopress.it\\\/wp-content\\\/uploads\\\/2019\\\/11\\\/Treviso-Giallo-.jpeg\",\"articleSection\":[\"Appuntamenti, Eventi\",\"Arte, Cultura, Spettacoli, Scienza\",\"Cultura e spettacoli, tempo libero, benessere, fuori provincia\",\"Prima Pagina\"],\"inLanguage\":\"fr-FR\"},{\"@type\":\"WebPage\",\"@id\":\"https:\\\/\\\/www.bellunopress.it\\\/2019\\\/11\\\/27\\\/giallo-e-noir-festival-treviso-giallo-porta-la-mostra-di-diabolik-giovedi-19-venerdi-20-sabato-21-e-domenica-22-marzo-2020-a-palazzo-dei-trecento-a-treviso\\\/\",\"url\":\"https:\\\/\\\/www.bellunopress.it\\\/2019\\\/11\\\/27\\\/giallo-e-noir-festival-treviso-giallo-porta-la-mostra-di-diabolik-giovedi-19-venerdi-20-sabato-21-e-domenica-22-marzo-2020-a-palazzo-dei-trecento-a-treviso\\\/\",\"name\":\"Giallo e noir. Festival Treviso Giallo porta la Mostra di Diabolik gioved\u00ec 19, venerd\u00ec 20, sabato 21 e domenica 22 marzo 2020 a\u00a0Palazzo dei Trecento a Treviso - Bellunopress - Dolomiti\",\"isPartOf\":{\"@id\":\"https:\\\/\\\/www.bellunopress.it\\\/#website\"},\"primaryImageOfPage\":{\"@id\":\"https:\\\/\\\/www.bellunopress.it\\\/2019\\\/11\\\/27\\\/giallo-e-noir-festival-treviso-giallo-porta-la-mostra-di-diabolik-giovedi-19-venerdi-20-sabato-21-e-domenica-22-marzo-2020-a-palazzo-dei-trecento-a-treviso\\\/#primaryimage\"},\"image\":{\"@id\":\"https:\\\/\\\/www.bellunopress.it\\\/2019\\\/11\\\/27\\\/giallo-e-noir-festival-treviso-giallo-porta-la-mostra-di-diabolik-giovedi-19-venerdi-20-sabato-21-e-domenica-22-marzo-2020-a-palazzo-dei-trecento-a-treviso\\\/#primaryimage\"},\"thumbnailUrl\":\"http:\\\/\\\/www.bellunopress.it\\\/wp-content\\\/uploads\\\/2019\\\/11\\\/Treviso-Giallo-.jpeg\",\"datePublished\":\"2019-11-27T20:57:07+00:00\",\"dateModified\":\"2019-11-27T20:57:18+00:00\",\"breadcrumb\":{\"@id\":\"https:\\\/\\\/www.bellunopress.it\\\/2019\\\/11\\\/27\\\/giallo-e-noir-festival-treviso-giallo-porta-la-mostra-di-diabolik-giovedi-19-venerdi-20-sabato-21-e-domenica-22-marzo-2020-a-palazzo-dei-trecento-a-treviso\\\/#breadcrumb\"},\"inLanguage\":\"fr-FR\",\"potentialAction\":[{\"@type\":\"ReadAction\",\"target\":[\"https:\\\/\\\/www.bellunopress.it\\\/2019\\\/11\\\/27\\\/giallo-e-noir-festival-treviso-giallo-porta-la-mostra-di-diabolik-giovedi-19-venerdi-20-sabato-21-e-domenica-22-marzo-2020-a-palazzo-dei-trecento-a-treviso\\\/\"]}]},{\"@type\":\"ImageObject\",\"inLanguage\":\"fr-FR\",\"@id\":\"https:\\\/\\\/www.bellunopress.it\\\/2019\\\/11\\\/27\\\/giallo-e-noir-festival-treviso-giallo-porta-la-mostra-di-diabolik-giovedi-19-venerdi-20-sabato-21-e-domenica-22-marzo-2020-a-palazzo-dei-trecento-a-treviso\\\/#primaryimage\",\"url\":\"http:\\\/\\\/www.bellunopress.it\\\/wp-content\\\/uploads\\\/2019\\\/11\\\/Treviso-Giallo-.jpeg\",\"contentUrl\":\"http:\\\/\\\/www.bellunopress.it\\\/wp-content\\\/uploads\\\/2019\\\/11\\\/Treviso-Giallo-.jpeg\"},{\"@type\":\"BreadcrumbList\",\"@id\":\"https:\\\/\\\/www.bellunopress.it\\\/2019\\\/11\\\/27\\\/giallo-e-noir-festival-treviso-giallo-porta-la-mostra-di-diabolik-giovedi-19-venerdi-20-sabato-21-e-domenica-22-marzo-2020-a-palazzo-dei-trecento-a-treviso\\\/#breadcrumb\",\"itemListElement\":[{\"@type\":\"ListItem\",\"position\":1,\"name\":\"Home\",\"item\":\"https:\\\/\\\/www.bellunopress.it\\\/\"},{\"@type\":\"ListItem\",\"position\":2,\"name\":\"Giallo e noir. Festival Treviso Giallo porta la Mostra di Diabolik gioved\u00ec 19, venerd\u00ec 20, sabato 21 e domenica 22 marzo 2020 a\u00a0Palazzo dei Trecento a Treviso\"}]},{\"@type\":\"WebSite\",\"@id\":\"https:\\\/\\\/www.bellunopress.it\\\/#website\",\"url\":\"https:\\\/\\\/www.bellunopress.it\\\/\",\"name\":\"Bellunopress - Dolomiti\",\"description\":\"e-mail: redazione@bellunopress.it\",\"publisher\":{\"@id\":\"https:\\\/\\\/www.bellunopress.it\\\/#organization\"},\"potentialAction\":[{\"@type\":\"SearchAction\",\"target\":{\"@type\":\"EntryPoint\",\"urlTemplate\":\"https:\\\/\\\/www.bellunopress.it\\\/?s={search_term_string}\"},\"query-input\":{\"@type\":\"PropertyValueSpecification\",\"valueRequired\":true,\"valueName\":\"search_term_string\"}}],\"inLanguage\":\"fr-FR\"},{\"@type\":\"Organization\",\"@id\":\"https:\\\/\\\/www.bellunopress.it\\\/#organization\",\"name\":\"Bellunopress\",\"url\":\"https:\\\/\\\/www.bellunopress.it\\\/\",\"logo\":{\"@type\":\"ImageObject\",\"inLanguage\":\"fr-FR\",\"@id\":\"https:\\\/\\\/www.bellunopress.it\\\/#\\\/schema\\\/logo\\\/image\\\/\",\"url\":\"https:\\\/\\\/www.bellunopress.it\\\/wp-content\\\/uploads\\\/2011\\\/05\\\/cropped-logo-bellunopress-.jpg\",\"contentUrl\":\"https:\\\/\\\/www.bellunopress.it\\\/wp-content\\\/uploads\\\/2011\\\/05\\\/cropped-logo-bellunopress-.jpg\",\"width\":512,\"height\":512,\"caption\":\"Bellunopress\"},\"image\":{\"@id\":\"https:\\\/\\\/www.bellunopress.it\\\/#\\\/schema\\\/logo\\\/image\\\/\"},\"sameAs\":[\"https:\\\/\\\/www.facebook.com\\\/profile.php?id=100008943462799\",\"https:\\\/\\\/x.com\\\/bellunopress\",\"https:\\\/\\\/www.linkedin.com\\\/hp\\\/?dnr=JBzUWaJfMUw8vbXJJ2tVW5-I3jZKvC4wsoxE&amp;amp;amp;amp;amp;amp;trk=nav_responsive_tab_home\",\"https:\\\/\\\/www.youtube.com\\\/channel\\\/UCxL0wu1uN0_3_7hGG0306cw\"]},{\"@type\":\"Person\",\"@id\":\"https:\\\/\\\/www.bellunopress.it\\\/#\\\/schema\\\/person\\\/79bb06722b37ece1c03d3e94beb30d73\",\"name\":\"redazione\",\"image\":{\"@type\":\"ImageObject\",\"inLanguage\":\"fr-FR\",\"@id\":\"https:\\\/\\\/secure.gravatar.com\\\/avatar\\\/37d968a2e67a6fd04c169c4bdef102d0bc5d31b2546345219e348575eb80e9a0?s=96&d=mm&r=g\",\"url\":\"https:\\\/\\\/secure.gravatar.com\\\/avatar\\\/37d968a2e67a6fd04c169c4bdef102d0bc5d31b2546345219e348575eb80e9a0?s=96&d=mm&r=g\",\"contentUrl\":\"https:\\\/\\\/secure.gravatar.com\\\/avatar\\\/37d968a2e67a6fd04c169c4bdef102d0bc5d31b2546345219e348575eb80e9a0?s=96&d=mm&r=g\",\"caption\":\"redazione\"},\"sameAs\":[\"http:\\\/\\\/www.bellunopress.it\",\"https:\\\/\\\/x.com\\\/bellunopress\"],\"url\":\"https:\\\/\\\/www.bellunopress.it\\\/fr\\\/author\\\/redazione\\\/\"}]}<\/script>\n<!-- \/ Yoast SEO plugin. -->","yoast_head_json":{"title":"Giallo e noir. Festival Treviso Giallo porta la Mostra di Diabolik gioved\u00ec 19, venerd\u00ec 20, sabato 21 e domenica 22 marzo 2020 a\u00a0Palazzo dei Trecento a Treviso - Bellunopress - Dolomiti","robots":{"index":"index","follow":"follow","max-snippet":"max-snippet:-1","max-image-preview":"max-image-preview:large","max-video-preview":"max-video-preview:-1"},"canonical":"https:\/\/www.bellunopress.it\/fr\/2019\/11\/27\/giallo-e-noir-festival-treviso-giallo-porta-la-mostra-di-diabolik-giovedi-19-venerdi-20-sabato-21-e-domenica-22-marzo-2020-a-palazzo-dei-trecento-a-treviso\/","og_locale":"fr_FR","og_type":"article","og_title":"Giallo e noir. Festival Treviso Giallo porta la Mostra di Diabolik gioved\u00ec 19, venerd\u00ec 20, sabato 21 e domenica 22 marzo 2020 a\u00a0Palazzo dei Trecento a Treviso - Bellunopress - Dolomiti","og_description":"Treviso, 27 novembre 2019 &#8211; Presentata oggi nella Sala Verde di Palazzo Rinaldi, Sede del Municipio di Treviso, la seconda edizione del Festival Treviso Giallo. Il Festival, dedicato al genere letterario giallo e noir, si distingue per il taglio scientifico grazie all&#8217;opera del Comitato scientifico presieduto dal prof. Elvio Guagnini, ed \u00e8 organizzato dall&#8217;Accademia Veneta [&hellip;]","og_url":"https:\/\/www.bellunopress.it\/fr\/2019\/11\/27\/giallo-e-noir-festival-treviso-giallo-porta-la-mostra-di-diabolik-giovedi-19-venerdi-20-sabato-21-e-domenica-22-marzo-2020-a-palazzo-dei-trecento-a-treviso\/","og_site_name":"Bellunopress - Dolomiti","article_publisher":"https:\/\/www.facebook.com\/profile.php?id=100008943462799","article_published_time":"2019-11-27T20:57:07+00:00","article_modified_time":"2019-11-27T20:57:18+00:00","og_image":[{"url":"http:\/\/www.bellunopress.it\/wp-content\/uploads\/2019\/11\/Treviso-Giallo-.jpeg","type":"","width":"","height":""}],"author":"redazione","twitter_card":"summary_large_image","twitter_creator":"@bellunopress","twitter_site":"@bellunopress","twitter_misc":{"Written by":"redazione","Est. reading time":"5 minutes"},"schema":{"@context":"https:\/\/schema.org","@graph":[{"@type":"Article","@id":"https:\/\/www.bellunopress.it\/2019\/11\/27\/giallo-e-noir-festival-treviso-giallo-porta-la-mostra-di-diabolik-giovedi-19-venerdi-20-sabato-21-e-domenica-22-marzo-2020-a-palazzo-dei-trecento-a-treviso\/#article","isPartOf":{"@id":"https:\/\/www.bellunopress.it\/2019\/11\/27\/giallo-e-noir-festival-treviso-giallo-porta-la-mostra-di-diabolik-giovedi-19-venerdi-20-sabato-21-e-domenica-22-marzo-2020-a-palazzo-dei-trecento-a-treviso\/"},"author":{"name":"redazione","@id":"https:\/\/www.bellunopress.it\/#\/schema\/person\/79bb06722b37ece1c03d3e94beb30d73"},"headline":"Giallo e noir. Festival Treviso Giallo porta la Mostra di Diabolik gioved\u00ec 19, venerd\u00ec 20, sabato 21 e domenica 22 marzo 2020 a\u00a0Palazzo dei Trecento a Treviso","datePublished":"2019-11-27T20:57:07+00:00","dateModified":"2019-11-27T20:57:18+00:00","mainEntityOfPage":{"@id":"https:\/\/www.bellunopress.it\/2019\/11\/27\/giallo-e-noir-festival-treviso-giallo-porta-la-mostra-di-diabolik-giovedi-19-venerdi-20-sabato-21-e-domenica-22-marzo-2020-a-palazzo-dei-trecento-a-treviso\/"},"wordCount":1096,"publisher":{"@id":"https:\/\/www.bellunopress.it\/#organization"},"image":{"@id":"https:\/\/www.bellunopress.it\/2019\/11\/27\/giallo-e-noir-festival-treviso-giallo-porta-la-mostra-di-diabolik-giovedi-19-venerdi-20-sabato-21-e-domenica-22-marzo-2020-a-palazzo-dei-trecento-a-treviso\/#primaryimage"},"thumbnailUrl":"http:\/\/www.bellunopress.it\/wp-content\/uploads\/2019\/11\/Treviso-Giallo-.jpeg","articleSection":["Appuntamenti, Eventi","Arte, Cultura, Spettacoli, Scienza","Cultura e spettacoli, tempo libero, benessere, fuori provincia","Prima Pagina"],"inLanguage":"fr-FR"},{"@type":"WebPage","@id":"https:\/\/www.bellunopress.it\/2019\/11\/27\/giallo-e-noir-festival-treviso-giallo-porta-la-mostra-di-diabolik-giovedi-19-venerdi-20-sabato-21-e-domenica-22-marzo-2020-a-palazzo-dei-trecento-a-treviso\/","url":"https:\/\/www.bellunopress.it\/2019\/11\/27\/giallo-e-noir-festival-treviso-giallo-porta-la-mostra-di-diabolik-giovedi-19-venerdi-20-sabato-21-e-domenica-22-marzo-2020-a-palazzo-dei-trecento-a-treviso\/","name":"Giallo e noir. Festival Treviso Giallo porta la Mostra di Diabolik gioved\u00ec 19, venerd\u00ec 20, sabato 21 e domenica 22 marzo 2020 a\u00a0Palazzo dei Trecento a Treviso - Bellunopress - Dolomiti","isPartOf":{"@id":"https:\/\/www.bellunopress.it\/#website"},"primaryImageOfPage":{"@id":"https:\/\/www.bellunopress.it\/2019\/11\/27\/giallo-e-noir-festival-treviso-giallo-porta-la-mostra-di-diabolik-giovedi-19-venerdi-20-sabato-21-e-domenica-22-marzo-2020-a-palazzo-dei-trecento-a-treviso\/#primaryimage"},"image":{"@id":"https:\/\/www.bellunopress.it\/2019\/11\/27\/giallo-e-noir-festival-treviso-giallo-porta-la-mostra-di-diabolik-giovedi-19-venerdi-20-sabato-21-e-domenica-22-marzo-2020-a-palazzo-dei-trecento-a-treviso\/#primaryimage"},"thumbnailUrl":"http:\/\/www.bellunopress.it\/wp-content\/uploads\/2019\/11\/Treviso-Giallo-.jpeg","datePublished":"2019-11-27T20:57:07+00:00","dateModified":"2019-11-27T20:57:18+00:00","breadcrumb":{"@id":"https:\/\/www.bellunopress.it\/2019\/11\/27\/giallo-e-noir-festival-treviso-giallo-porta-la-mostra-di-diabolik-giovedi-19-venerdi-20-sabato-21-e-domenica-22-marzo-2020-a-palazzo-dei-trecento-a-treviso\/#breadcrumb"},"inLanguage":"fr-FR","potentialAction":[{"@type":"ReadAction","target":["https:\/\/www.bellunopress.it\/2019\/11\/27\/giallo-e-noir-festival-treviso-giallo-porta-la-mostra-di-diabolik-giovedi-19-venerdi-20-sabato-21-e-domenica-22-marzo-2020-a-palazzo-dei-trecento-a-treviso\/"]}]},{"@type":"ImageObject","inLanguage":"fr-FR","@id":"https:\/\/www.bellunopress.it\/2019\/11\/27\/giallo-e-noir-festival-treviso-giallo-porta-la-mostra-di-diabolik-giovedi-19-venerdi-20-sabato-21-e-domenica-22-marzo-2020-a-palazzo-dei-trecento-a-treviso\/#primaryimage","url":"http:\/\/www.bellunopress.it\/wp-content\/uploads\/2019\/11\/Treviso-Giallo-.jpeg","contentUrl":"http:\/\/www.bellunopress.it\/wp-content\/uploads\/2019\/11\/Treviso-Giallo-.jpeg"},{"@type":"BreadcrumbList","@id":"https:\/\/www.bellunopress.it\/2019\/11\/27\/giallo-e-noir-festival-treviso-giallo-porta-la-mostra-di-diabolik-giovedi-19-venerdi-20-sabato-21-e-domenica-22-marzo-2020-a-palazzo-dei-trecento-a-treviso\/#breadcrumb","itemListElement":[{"@type":"ListItem","position":1,"name":"Home","item":"https:\/\/www.bellunopress.it\/"},{"@type":"ListItem","position":2,"name":"Giallo e noir. Festival Treviso Giallo porta la Mostra di Diabolik gioved\u00ec 19, venerd\u00ec 20, sabato 21 e domenica 22 marzo 2020 a\u00a0Palazzo dei Trecento a Treviso"}]},{"@type":"WebSite","@id":"https:\/\/www.bellunopress.it\/#website","url":"https:\/\/www.bellunopress.it\/","name":"Bellunopress - Dolomiti","description":"e-mail: redazione@bellunopress.it","publisher":{"@id":"https:\/\/www.bellunopress.it\/#organization"},"potentialAction":[{"@type":"SearchAction","target":{"@type":"EntryPoint","urlTemplate":"https:\/\/www.bellunopress.it\/?s={search_term_string}"},"query-input":{"@type":"PropertyValueSpecification","valueRequired":true,"valueName":"search_term_string"}}],"inLanguage":"fr-FR"},{"@type":"Organization","@id":"https:\/\/www.bellunopress.it\/#organization","name":"Bellunopress","url":"https:\/\/www.bellunopress.it\/","logo":{"@type":"ImageObject","inLanguage":"fr-FR","@id":"https:\/\/www.bellunopress.it\/#\/schema\/logo\/image\/","url":"https:\/\/www.bellunopress.it\/wp-content\/uploads\/2011\/05\/cropped-logo-bellunopress-.jpg","contentUrl":"https:\/\/www.bellunopress.it\/wp-content\/uploads\/2011\/05\/cropped-logo-bellunopress-.jpg","width":512,"height":512,"caption":"Bellunopress"},"image":{"@id":"https:\/\/www.bellunopress.it\/#\/schema\/logo\/image\/"},"sameAs":["https:\/\/www.facebook.com\/profile.php?id=100008943462799","https:\/\/x.com\/bellunopress","https:\/\/www.linkedin.com\/hp\/?dnr=JBzUWaJfMUw8vbXJJ2tVW5-I3jZKvC4wsoxE&amp;amp;amp;amp;amp;amp;trk=nav_responsive_tab_home","https:\/\/www.youtube.com\/channel\/UCxL0wu1uN0_3_7hGG0306cw"]},{"@type":"Person","@id":"https:\/\/www.bellunopress.it\/#\/schema\/person\/79bb06722b37ece1c03d3e94beb30d73","name":"r\u00e9daction","image":{"@type":"ImageObject","inLanguage":"fr-FR","@id":"https:\/\/secure.gravatar.com\/avatar\/37d968a2e67a6fd04c169c4bdef102d0bc5d31b2546345219e348575eb80e9a0?s=96&d=mm&r=g","url":"https:\/\/secure.gravatar.com\/avatar\/37d968a2e67a6fd04c169c4bdef102d0bc5d31b2546345219e348575eb80e9a0?s=96&d=mm&r=g","contentUrl":"https:\/\/secure.gravatar.com\/avatar\/37d968a2e67a6fd04c169c4bdef102d0bc5d31b2546345219e348575eb80e9a0?s=96&d=mm&r=g","caption":"redazione"},"sameAs":["http:\/\/www.bellunopress.it","https:\/\/x.com\/bellunopress"],"url":"https:\/\/www.bellunopress.it\/fr\/author\/redazione\/"}]}},"_links":{"self":[{"href":"https:\/\/www.bellunopress.it\/fr\/wp-json\/wp\/v2\/posts\/109987","targetHints":{"allow":["GET"]}}],"collection":[{"href":"https:\/\/www.bellunopress.it\/fr\/wp-json\/wp\/v2\/posts"}],"about":[{"href":"https:\/\/www.bellunopress.it\/fr\/wp-json\/wp\/v2\/types\/post"}],"author":[{"embeddable":true,"href":"https:\/\/www.bellunopress.it\/fr\/wp-json\/wp\/v2\/users\/2"}],"replies":[{"embeddable":true,"href":"https:\/\/www.bellunopress.it\/fr\/wp-json\/wp\/v2\/comments?post=109987"}],"version-history":[{"count":2,"href":"https:\/\/www.bellunopress.it\/fr\/wp-json\/wp\/v2\/posts\/109987\/revisions"}],"predecessor-version":[{"id":109990,"href":"https:\/\/www.bellunopress.it\/fr\/wp-json\/wp\/v2\/posts\/109987\/revisions\/109990"}],"wp:attachment":[{"href":"https:\/\/www.bellunopress.it\/fr\/wp-json\/wp\/v2\/media?parent=109987"}],"wp:term":[{"taxonomy":"category","embeddable":true,"href":"https:\/\/www.bellunopress.it\/fr\/wp-json\/wp\/v2\/categories?post=109987"},{"taxonomy":"post_tag","embeddable":true,"href":"https:\/\/www.bellunopress.it\/fr\/wp-json\/wp\/v2\/tags?post=109987"}],"curies":[{"name":"wp","href":"https:\/\/api.w.org\/{rel}","templated":true}]}}