{"id":109985,"date":"2019-11-27T21:50:22","date_gmt":"2019-11-27T20:50:22","guid":{"rendered":"http:\/\/www.bellunopress.it\/?p=109985"},"modified":"2019-11-27T21:50:22","modified_gmt":"2019-11-27T20:50:22","slug":"come-nelle-favole-domenica-al-teatro-comunale-di-belluno-prosegue-la-rassegna-comincio-dai-3-famiglie-a-teatro","status":"publish","type":"post","link":"https:\/\/www.bellunopress.it\/fr\/2019\/11\/27\/come-nelle-favole-domenica-al-teatro-comunale-di-belluno-prosegue-la-rassegna-comincio-dai-3-famiglie-a-teatro\/","title":{"rendered":"&#8220;Come nelle favole&#8221;. Domenica al Teatro Comunale di Belluno prosegue la rassegna &#8220;Comincio dai 3 &#8211; Famiglie a teatro&#8221;"},"content":{"rendered":"<figure id=\"attachment_108723\" aria-describedby=\"caption-attachment-108723\" style=\"width: 300px\" class=\"wp-caption alignleft\"><a href=\"http:\/\/www.bellunopress.it\/fr\/2019\/10\/14\/temporali-in-arrivo-da-martedi-pomeriggio-a-mercoledi-mattina\/pioggia-teatro-comunale\/\" rel=\"attachment wp-att-108723\"><img loading=\"lazy\" decoding=\"async\" class=\"size-full wp-image-108723\" src=\"http:\/\/www.bellunopress.it\/wp-content\/uploads\/2019\/10\/Pioggia-teatro-comunale.jpg\" alt=\"\" width=\"300\" height=\"225\" \/><\/a><figcaption id=\"caption-attachment-108723\" class=\"wp-caption-text\">Teatro Comunale di Belluno<\/figcaption><\/figure>\n<p>Dopo una strepitosa partenza che ha sfidato pioggia e maltempo e ha riempito il Teatro Comunale di bimbi estasiati dai meravigliosi oggetti scenici di &#8220;Jack e il fagiolo magico&#8221;, Comincio dai 3 &#8211; Famiglie a teatro, Stagione di teatro per le Nuove Generazioni \u2013 progetto, dedicato ai pi\u00f9 giovani, di educazione al teatro, alla bellezza, ai linguaggi dell&#8217;arte, all&#8217;insegna dell&#8217;innovazione, di contenuto e di linguaggio \u2013 prosegue la sua avventura domenica 1 dicembre sempre al Teatro Comunale di Belluno alle ore 17.00, con l&#8217;intenso spettacolo &#8220;Come nelle favole&#8221; firmato da La Piccionaia e Babilonia Teatri.<\/p>\n<p>Una incredibile favola contemporanea, che delle favole tradizionali mantiene intatta la struttura e i personaggi, scritta dalle sapienti mani di Enrico Castellani e Valeria Raimondi \u2013 artisti di rilievo internazionale vincitori del Leone d&#8217;Argento alla Biennale Teatro e di due Premi Ubu \u2013 e si arricchisce di un&#8217;ambientazione tutta contemporanea.<br \/>\nCome nelle favole affronta il delicato tema della formazione e della crescita, e la difficolt\u00e0 di costruirsi una propria identit\u00e0 nel nostro mondo, ma anche della forza e della determinazione con cui i bambini sono in grado di farlo, se gli vengono forniti gli strumenti necessari.<br \/>\n&#8220;C&#8217;era una volta Leo e Cloe&#8230;&#8221;, due fratelli che come due novelli Hansel e Gretel, attraverso un vero e proprio viaggio di iniziazione, affrontano il cammino che li far\u00e0 diventare grandi.<br \/>\nLeo e Cloe partono, soli, alla ricerca di se stessi e delle loro bambole, in cui potranno rispecchiarsi e identificarsi. I bambini supereranno tutti gli ostacoli e le prove che incontrano sul cammino, attraverso successive scoperte e conquiste.<\/p>\n<p>A narrarci la loro storia \u00e8 il nonno pittore, custode del passato e ponte verso il futuro, vero punto di riferimento per i due bambini. Sar\u00e0 lui a fornire a Leo e Cloe gli strumenti per affrontare il difficile cammino che li aspetta: sar\u00e0 infatti attraverso la forza del gioco e della creativit\u00e0 che riusciranno a superare ogni difficolt\u00e0 proprio come in ogni favola!<br \/>\nSaranno i colori del nonno, che scendono accompagnati dalle note di &#8220;Purple rain&#8221; di Prince, a fornire a Leo e a Cloe la chiave per liberarsi.<br \/>\nUno spettacolo dedicato alla bellezza dell&#8217;incontro tra mondi, esperienze, et\u00e0 diverse.<br \/>\nLa scena prende forma e si trasforma con susseguirsi delle parole del nonno-narratore, coadiuvato da un aiutante magico che fa apparire e sparire dalla scena un mondo di oggetti, che evocano gli scenari che ci vengono raccontati.<\/p>\n<p>La stagione \u00e8 organizzata da Tib Teatro per la direzione artistica di Daniela Nicosia e in collaborazione con Fondazione Teatro delle Dolomiti, Comune di Belluno, Comune di Feltre, Ministero per i Beni e le Attivit\u00e0 Culturali, con il patrocinio del MIUR ufficio scolastico, Regione del Veneto, con il sostegno di Ascotrade e la presenza dell&#8217;Associazione Bellunese Volontari del Sangue.<\/p>\n<p>INFO E PRENOTAZIONI: Tib Teatro 0437 950555 \u2013 info@tibteatro.it<\/p>\n<p>BIGLIETTERIA:<br \/>\nTeatro Comunale Belluno<br \/>\nDomenica 1 dicembre dalle ore 10.30 alle ore 12.30 e dalle ore 15.00<br \/>\nBiglietti: adulti 12 euro, bambini 8 euro<\/p>","protected":false},"excerpt":{"rendered":"<p>Dopo una strepitosa partenza che ha sfidato pioggia e maltempo e ha riempito il Teatro Comunale di bimbi estasiati dai meravigliosi oggetti scenici di &#8220;Jack e il fagiolo magico&#8221;, Comincio dai 3 &#8211; Famiglie a teatro, Stagione di teatro per le Nuove Generazioni \u2013 progetto, dedicato ai pi\u00f9 giovani, di educazione al teatro, alla bellezza, [&hellip;]<\/p>\n","protected":false},"author":2,"featured_media":0,"comment_status":"closed","ping_status":"open","sticky":false,"template":"","format":"standard","meta":{"footnotes":""},"categories":[27,3,26],"tags":[],"class_list":["post-109985","post","type-post","status-publish","format-standard","category-appuntamenti","category-arte-cultura-spettacoli-scienza-archivi","category-prima-pagina"],"yoast_head":"<!-- This site is optimized with the Yoast SEO plugin v28.4 - https:\/\/yoast.com\/product\/yoast-seo-wordpress\/ -->\n<title>&quot;Come nelle favole&quot;. Domenica al Teatro Comunale di Belluno prosegue la rassegna &quot;Comincio dai 3 - Famiglie a teatro&quot; - Bellunopress - Dolomiti<\/title>\n<meta name=\"robots\" content=\"index, follow, max-snippet:-1, max-image-preview:large, max-video-preview:-1\" \/>\n<link rel=\"canonical\" href=\"https:\/\/www.bellunopress.it\/fr\/2019\/11\/27\/come-nelle-favole-domenica-al-teatro-comunale-di-belluno-prosegue-la-rassegna-comincio-dai-3-famiglie-a-teatro\/\" \/>\n<meta property=\"og:locale\" content=\"fr_FR\" \/>\n<meta property=\"og:type\" content=\"article\" \/>\n<meta property=\"og:title\" content=\"&quot;Come nelle favole&quot;. Domenica al Teatro Comunale di Belluno prosegue la rassegna &quot;Comincio dai 3 - Famiglie a teatro&quot; - Bellunopress - Dolomiti\" \/>\n<meta property=\"og:description\" content=\"Dopo una strepitosa partenza che ha sfidato pioggia e maltempo e ha riempito il Teatro Comunale di bimbi estasiati dai meravigliosi oggetti scenici di &#8220;Jack e il fagiolo magico&#8221;, Comincio dai 3 &#8211; Famiglie a teatro, Stagione di teatro per le Nuove Generazioni \u2013 progetto, dedicato ai pi\u00f9 giovani, di educazione al teatro, alla bellezza, [&hellip;]\" \/>\n<meta property=\"og:url\" content=\"https:\/\/www.bellunopress.it\/fr\/2019\/11\/27\/come-nelle-favole-domenica-al-teatro-comunale-di-belluno-prosegue-la-rassegna-comincio-dai-3-famiglie-a-teatro\/\" \/>\n<meta property=\"og:site_name\" content=\"Bellunopress - Dolomiti\" \/>\n<meta property=\"article:publisher\" content=\"https:\/\/www.facebook.com\/profile.php?id=100008943462799\" \/>\n<meta property=\"article:published_time\" content=\"2019-11-27T20:50:22+00:00\" \/>\n<meta property=\"og:image\" content=\"http:\/\/www.bellunopress.it\/wp-content\/uploads\/2019\/10\/Pioggia-teatro-comunale.jpg\" \/>\n<meta name=\"author\" content=\"redazione\" \/>\n<meta name=\"twitter:card\" content=\"summary_large_image\" \/>\n<meta name=\"twitter:creator\" content=\"@bellunopress\" \/>\n<meta name=\"twitter:site\" content=\"@bellunopress\" \/>\n<meta name=\"twitter:label1\" content=\"Written by\" \/>\n\t<meta name=\"twitter:data1\" content=\"redazione\" \/>\n\t<meta name=\"twitter:label2\" content=\"Est. reading time\" \/>\n\t<meta name=\"twitter:data2\" content=\"2 minutes\" \/>\n<script type=\"application\/ld+json\" class=\"yoast-schema-graph\">{\"@context\":\"https:\\\/\\\/schema.org\",\"@graph\":[{\"@type\":\"Article\",\"@id\":\"https:\\\/\\\/www.bellunopress.it\\\/2019\\\/11\\\/27\\\/come-nelle-favole-domenica-al-teatro-comunale-di-belluno-prosegue-la-rassegna-comincio-dai-3-famiglie-a-teatro\\\/#article\",\"isPartOf\":{\"@id\":\"https:\\\/\\\/www.bellunopress.it\\\/2019\\\/11\\\/27\\\/come-nelle-favole-domenica-al-teatro-comunale-di-belluno-prosegue-la-rassegna-comincio-dai-3-famiglie-a-teatro\\\/\"},\"author\":{\"name\":\"redazione\",\"@id\":\"https:\\\/\\\/www.bellunopress.it\\\/#\\\/schema\\\/person\\\/79bb06722b37ece1c03d3e94beb30d73\"},\"headline\":\"&#8220;Come nelle favole&#8221;. Domenica al Teatro Comunale di Belluno prosegue la rassegna &#8220;Comincio dai 3 &#8211; Famiglie a teatro&#8221;\",\"datePublished\":\"2019-11-27T20:50:22+00:00\",\"mainEntityOfPage\":{\"@id\":\"https:\\\/\\\/www.bellunopress.it\\\/2019\\\/11\\\/27\\\/come-nelle-favole-domenica-al-teatro-comunale-di-belluno-prosegue-la-rassegna-comincio-dai-3-famiglie-a-teatro\\\/\"},\"wordCount\":512,\"publisher\":{\"@id\":\"https:\\\/\\\/www.bellunopress.it\\\/#organization\"},\"image\":{\"@id\":\"https:\\\/\\\/www.bellunopress.it\\\/2019\\\/11\\\/27\\\/come-nelle-favole-domenica-al-teatro-comunale-di-belluno-prosegue-la-rassegna-comincio-dai-3-famiglie-a-teatro\\\/#primaryimage\"},\"thumbnailUrl\":\"http:\\\/\\\/www.bellunopress.it\\\/wp-content\\\/uploads\\\/2019\\\/10\\\/Pioggia-teatro-comunale.jpg\",\"articleSection\":[\"Appuntamenti, Eventi\",\"Arte, Cultura, Spettacoli, Scienza\",\"Prima Pagina\"],\"inLanguage\":\"fr-FR\"},{\"@type\":\"WebPage\",\"@id\":\"https:\\\/\\\/www.bellunopress.it\\\/2019\\\/11\\\/27\\\/come-nelle-favole-domenica-al-teatro-comunale-di-belluno-prosegue-la-rassegna-comincio-dai-3-famiglie-a-teatro\\\/\",\"url\":\"https:\\\/\\\/www.bellunopress.it\\\/2019\\\/11\\\/27\\\/come-nelle-favole-domenica-al-teatro-comunale-di-belluno-prosegue-la-rassegna-comincio-dai-3-famiglie-a-teatro\\\/\",\"name\":\"\\\"Come nelle favole\\\". Domenica al Teatro Comunale di Belluno prosegue la rassegna \\\"Comincio dai 3 - Famiglie a teatro\\\" - Bellunopress - Dolomiti\",\"isPartOf\":{\"@id\":\"https:\\\/\\\/www.bellunopress.it\\\/#website\"},\"primaryImageOfPage\":{\"@id\":\"https:\\\/\\\/www.bellunopress.it\\\/2019\\\/11\\\/27\\\/come-nelle-favole-domenica-al-teatro-comunale-di-belluno-prosegue-la-rassegna-comincio-dai-3-famiglie-a-teatro\\\/#primaryimage\"},\"image\":{\"@id\":\"https:\\\/\\\/www.bellunopress.it\\\/2019\\\/11\\\/27\\\/come-nelle-favole-domenica-al-teatro-comunale-di-belluno-prosegue-la-rassegna-comincio-dai-3-famiglie-a-teatro\\\/#primaryimage\"},\"thumbnailUrl\":\"http:\\\/\\\/www.bellunopress.it\\\/wp-content\\\/uploads\\\/2019\\\/10\\\/Pioggia-teatro-comunale.jpg\",\"datePublished\":\"2019-11-27T20:50:22+00:00\",\"breadcrumb\":{\"@id\":\"https:\\\/\\\/www.bellunopress.it\\\/2019\\\/11\\\/27\\\/come-nelle-favole-domenica-al-teatro-comunale-di-belluno-prosegue-la-rassegna-comincio-dai-3-famiglie-a-teatro\\\/#breadcrumb\"},\"inLanguage\":\"fr-FR\",\"potentialAction\":[{\"@type\":\"ReadAction\",\"target\":[\"https:\\\/\\\/www.bellunopress.it\\\/2019\\\/11\\\/27\\\/come-nelle-favole-domenica-al-teatro-comunale-di-belluno-prosegue-la-rassegna-comincio-dai-3-famiglie-a-teatro\\\/\"]}]},{\"@type\":\"ImageObject\",\"inLanguage\":\"fr-FR\",\"@id\":\"https:\\\/\\\/www.bellunopress.it\\\/2019\\\/11\\\/27\\\/come-nelle-favole-domenica-al-teatro-comunale-di-belluno-prosegue-la-rassegna-comincio-dai-3-famiglie-a-teatro\\\/#primaryimage\",\"url\":\"http:\\\/\\\/www.bellunopress.it\\\/wp-content\\\/uploads\\\/2019\\\/10\\\/Pioggia-teatro-comunale.jpg\",\"contentUrl\":\"http:\\\/\\\/www.bellunopress.it\\\/wp-content\\\/uploads\\\/2019\\\/10\\\/Pioggia-teatro-comunale.jpg\"},{\"@type\":\"BreadcrumbList\",\"@id\":\"https:\\\/\\\/www.bellunopress.it\\\/2019\\\/11\\\/27\\\/come-nelle-favole-domenica-al-teatro-comunale-di-belluno-prosegue-la-rassegna-comincio-dai-3-famiglie-a-teatro\\\/#breadcrumb\",\"itemListElement\":[{\"@type\":\"ListItem\",\"position\":1,\"name\":\"Home\",\"item\":\"https:\\\/\\\/www.bellunopress.it\\\/\"},{\"@type\":\"ListItem\",\"position\":2,\"name\":\"&#8220;Come nelle favole&#8221;. Domenica al Teatro Comunale di Belluno prosegue la rassegna &#8220;Comincio dai 3 &#8211; Famiglie a teatro&#8221;\"}]},{\"@type\":\"WebSite\",\"@id\":\"https:\\\/\\\/www.bellunopress.it\\\/#website\",\"url\":\"https:\\\/\\\/www.bellunopress.it\\\/\",\"name\":\"Bellunopress - Dolomiti\",\"description\":\"e-mail: redazione@bellunopress.it\",\"publisher\":{\"@id\":\"https:\\\/\\\/www.bellunopress.it\\\/#organization\"},\"potentialAction\":[{\"@type\":\"SearchAction\",\"target\":{\"@type\":\"EntryPoint\",\"urlTemplate\":\"https:\\\/\\\/www.bellunopress.it\\\/?s={search_term_string}\"},\"query-input\":{\"@type\":\"PropertyValueSpecification\",\"valueRequired\":true,\"valueName\":\"search_term_string\"}}],\"inLanguage\":\"fr-FR\"},{\"@type\":\"Organization\",\"@id\":\"https:\\\/\\\/www.bellunopress.it\\\/#organization\",\"name\":\"Bellunopress\",\"url\":\"https:\\\/\\\/www.bellunopress.it\\\/\",\"logo\":{\"@type\":\"ImageObject\",\"inLanguage\":\"fr-FR\",\"@id\":\"https:\\\/\\\/www.bellunopress.it\\\/#\\\/schema\\\/logo\\\/image\\\/\",\"url\":\"https:\\\/\\\/www.bellunopress.it\\\/wp-content\\\/uploads\\\/2011\\\/05\\\/cropped-logo-bellunopress-.jpg\",\"contentUrl\":\"https:\\\/\\\/www.bellunopress.it\\\/wp-content\\\/uploads\\\/2011\\\/05\\\/cropped-logo-bellunopress-.jpg\",\"width\":512,\"height\":512,\"caption\":\"Bellunopress\"},\"image\":{\"@id\":\"https:\\\/\\\/www.bellunopress.it\\\/#\\\/schema\\\/logo\\\/image\\\/\"},\"sameAs\":[\"https:\\\/\\\/www.facebook.com\\\/profile.php?id=100008943462799\",\"https:\\\/\\\/x.com\\\/bellunopress\",\"https:\\\/\\\/www.linkedin.com\\\/hp\\\/?dnr=JBzUWaJfMUw8vbXJJ2tVW5-I3jZKvC4wsoxE&amp;amp;amp;amp;amp;amp;trk=nav_responsive_tab_home\",\"https:\\\/\\\/www.youtube.com\\\/channel\\\/UCxL0wu1uN0_3_7hGG0306cw\"]},{\"@type\":\"Person\",\"@id\":\"https:\\\/\\\/www.bellunopress.it\\\/#\\\/schema\\\/person\\\/79bb06722b37ece1c03d3e94beb30d73\",\"name\":\"redazione\",\"image\":{\"@type\":\"ImageObject\",\"inLanguage\":\"fr-FR\",\"@id\":\"https:\\\/\\\/secure.gravatar.com\\\/avatar\\\/37d968a2e67a6fd04c169c4bdef102d0bc5d31b2546345219e348575eb80e9a0?s=96&d=mm&r=g\",\"url\":\"https:\\\/\\\/secure.gravatar.com\\\/avatar\\\/37d968a2e67a6fd04c169c4bdef102d0bc5d31b2546345219e348575eb80e9a0?s=96&d=mm&r=g\",\"contentUrl\":\"https:\\\/\\\/secure.gravatar.com\\\/avatar\\\/37d968a2e67a6fd04c169c4bdef102d0bc5d31b2546345219e348575eb80e9a0?s=96&d=mm&r=g\",\"caption\":\"redazione\"},\"sameAs\":[\"http:\\\/\\\/www.bellunopress.it\",\"https:\\\/\\\/x.com\\\/bellunopress\"],\"url\":\"https:\\\/\\\/www.bellunopress.it\\\/fr\\\/author\\\/redazione\\\/\"}]}<\/script>\n<!-- \/ Yoast SEO plugin. -->","yoast_head_json":{"title":"\"Come nelle favole\". Domenica al Teatro Comunale di Belluno prosegue la rassegna \"Comincio dai 3 - Famiglie a teatro\" - Bellunopress - Dolomiti","robots":{"index":"index","follow":"follow","max-snippet":"max-snippet:-1","max-image-preview":"max-image-preview:large","max-video-preview":"max-video-preview:-1"},"canonical":"https:\/\/www.bellunopress.it\/fr\/2019\/11\/27\/come-nelle-favole-domenica-al-teatro-comunale-di-belluno-prosegue-la-rassegna-comincio-dai-3-famiglie-a-teatro\/","og_locale":"fr_FR","og_type":"article","og_title":"\"Come nelle favole\". Domenica al Teatro Comunale di Belluno prosegue la rassegna \"Comincio dai 3 - Famiglie a teatro\" - Bellunopress - Dolomiti","og_description":"Dopo una strepitosa partenza che ha sfidato pioggia e maltempo e ha riempito il Teatro Comunale di bimbi estasiati dai meravigliosi oggetti scenici di &#8220;Jack e il fagiolo magico&#8221;, Comincio dai 3 &#8211; Famiglie a teatro, Stagione di teatro per le Nuove Generazioni \u2013 progetto, dedicato ai pi\u00f9 giovani, di educazione al teatro, alla bellezza, [&hellip;]","og_url":"https:\/\/www.bellunopress.it\/fr\/2019\/11\/27\/come-nelle-favole-domenica-al-teatro-comunale-di-belluno-prosegue-la-rassegna-comincio-dai-3-famiglie-a-teatro\/","og_site_name":"Bellunopress - Dolomiti","article_publisher":"https:\/\/www.facebook.com\/profile.php?id=100008943462799","article_published_time":"2019-11-27T20:50:22+00:00","og_image":[{"url":"http:\/\/www.bellunopress.it\/wp-content\/uploads\/2019\/10\/Pioggia-teatro-comunale.jpg","type":"","width":"","height":""}],"author":"redazione","twitter_card":"summary_large_image","twitter_creator":"@bellunopress","twitter_site":"@bellunopress","twitter_misc":{"Written by":"redazione","Est. reading time":"2 minutes"},"schema":{"@context":"https:\/\/schema.org","@graph":[{"@type":"Article","@id":"https:\/\/www.bellunopress.it\/2019\/11\/27\/come-nelle-favole-domenica-al-teatro-comunale-di-belluno-prosegue-la-rassegna-comincio-dai-3-famiglie-a-teatro\/#article","isPartOf":{"@id":"https:\/\/www.bellunopress.it\/2019\/11\/27\/come-nelle-favole-domenica-al-teatro-comunale-di-belluno-prosegue-la-rassegna-comincio-dai-3-famiglie-a-teatro\/"},"author":{"name":"redazione","@id":"https:\/\/www.bellunopress.it\/#\/schema\/person\/79bb06722b37ece1c03d3e94beb30d73"},"headline":"&#8220;Come nelle favole&#8221;. Domenica al Teatro Comunale di Belluno prosegue la rassegna &#8220;Comincio dai 3 &#8211; Famiglie a teatro&#8221;","datePublished":"2019-11-27T20:50:22+00:00","mainEntityOfPage":{"@id":"https:\/\/www.bellunopress.it\/2019\/11\/27\/come-nelle-favole-domenica-al-teatro-comunale-di-belluno-prosegue-la-rassegna-comincio-dai-3-famiglie-a-teatro\/"},"wordCount":512,"publisher":{"@id":"https:\/\/www.bellunopress.it\/#organization"},"image":{"@id":"https:\/\/www.bellunopress.it\/2019\/11\/27\/come-nelle-favole-domenica-al-teatro-comunale-di-belluno-prosegue-la-rassegna-comincio-dai-3-famiglie-a-teatro\/#primaryimage"},"thumbnailUrl":"http:\/\/www.bellunopress.it\/wp-content\/uploads\/2019\/10\/Pioggia-teatro-comunale.jpg","articleSection":["Appuntamenti, Eventi","Arte, Cultura, Spettacoli, Scienza","Prima Pagina"],"inLanguage":"fr-FR"},{"@type":"WebPage","@id":"https:\/\/www.bellunopress.it\/2019\/11\/27\/come-nelle-favole-domenica-al-teatro-comunale-di-belluno-prosegue-la-rassegna-comincio-dai-3-famiglie-a-teatro\/","url":"https:\/\/www.bellunopress.it\/2019\/11\/27\/come-nelle-favole-domenica-al-teatro-comunale-di-belluno-prosegue-la-rassegna-comincio-dai-3-famiglie-a-teatro\/","name":"\"Come nelle favole\". Domenica al Teatro Comunale di Belluno prosegue la rassegna \"Comincio dai 3 - Famiglie a teatro\" - Bellunopress - Dolomiti","isPartOf":{"@id":"https:\/\/www.bellunopress.it\/#website"},"primaryImageOfPage":{"@id":"https:\/\/www.bellunopress.it\/2019\/11\/27\/come-nelle-favole-domenica-al-teatro-comunale-di-belluno-prosegue-la-rassegna-comincio-dai-3-famiglie-a-teatro\/#primaryimage"},"image":{"@id":"https:\/\/www.bellunopress.it\/2019\/11\/27\/come-nelle-favole-domenica-al-teatro-comunale-di-belluno-prosegue-la-rassegna-comincio-dai-3-famiglie-a-teatro\/#primaryimage"},"thumbnailUrl":"http:\/\/www.bellunopress.it\/wp-content\/uploads\/2019\/10\/Pioggia-teatro-comunale.jpg","datePublished":"2019-11-27T20:50:22+00:00","breadcrumb":{"@id":"https:\/\/www.bellunopress.it\/2019\/11\/27\/come-nelle-favole-domenica-al-teatro-comunale-di-belluno-prosegue-la-rassegna-comincio-dai-3-famiglie-a-teatro\/#breadcrumb"},"inLanguage":"fr-FR","potentialAction":[{"@type":"ReadAction","target":["https:\/\/www.bellunopress.it\/2019\/11\/27\/come-nelle-favole-domenica-al-teatro-comunale-di-belluno-prosegue-la-rassegna-comincio-dai-3-famiglie-a-teatro\/"]}]},{"@type":"ImageObject","inLanguage":"fr-FR","@id":"https:\/\/www.bellunopress.it\/2019\/11\/27\/come-nelle-favole-domenica-al-teatro-comunale-di-belluno-prosegue-la-rassegna-comincio-dai-3-famiglie-a-teatro\/#primaryimage","url":"http:\/\/www.bellunopress.it\/wp-content\/uploads\/2019\/10\/Pioggia-teatro-comunale.jpg","contentUrl":"http:\/\/www.bellunopress.it\/wp-content\/uploads\/2019\/10\/Pioggia-teatro-comunale.jpg"},{"@type":"BreadcrumbList","@id":"https:\/\/www.bellunopress.it\/2019\/11\/27\/come-nelle-favole-domenica-al-teatro-comunale-di-belluno-prosegue-la-rassegna-comincio-dai-3-famiglie-a-teatro\/#breadcrumb","itemListElement":[{"@type":"ListItem","position":1,"name":"Home","item":"https:\/\/www.bellunopress.it\/"},{"@type":"ListItem","position":2,"name":"&#8220;Come nelle favole&#8221;. Domenica al Teatro Comunale di Belluno prosegue la rassegna &#8220;Comincio dai 3 &#8211; Famiglie a teatro&#8221;"}]},{"@type":"WebSite","@id":"https:\/\/www.bellunopress.it\/#website","url":"https:\/\/www.bellunopress.it\/","name":"Bellunopress - Dolomiti","description":"e-mail: redazione@bellunopress.it","publisher":{"@id":"https:\/\/www.bellunopress.it\/#organization"},"potentialAction":[{"@type":"SearchAction","target":{"@type":"EntryPoint","urlTemplate":"https:\/\/www.bellunopress.it\/?s={search_term_string}"},"query-input":{"@type":"PropertyValueSpecification","valueRequired":true,"valueName":"search_term_string"}}],"inLanguage":"fr-FR"},{"@type":"Organization","@id":"https:\/\/www.bellunopress.it\/#organization","name":"Bellunopress","url":"https:\/\/www.bellunopress.it\/","logo":{"@type":"ImageObject","inLanguage":"fr-FR","@id":"https:\/\/www.bellunopress.it\/#\/schema\/logo\/image\/","url":"https:\/\/www.bellunopress.it\/wp-content\/uploads\/2011\/05\/cropped-logo-bellunopress-.jpg","contentUrl":"https:\/\/www.bellunopress.it\/wp-content\/uploads\/2011\/05\/cropped-logo-bellunopress-.jpg","width":512,"height":512,"caption":"Bellunopress"},"image":{"@id":"https:\/\/www.bellunopress.it\/#\/schema\/logo\/image\/"},"sameAs":["https:\/\/www.facebook.com\/profile.php?id=100008943462799","https:\/\/x.com\/bellunopress","https:\/\/www.linkedin.com\/hp\/?dnr=JBzUWaJfMUw8vbXJJ2tVW5-I3jZKvC4wsoxE&amp;amp;amp;amp;amp;amp;trk=nav_responsive_tab_home","https:\/\/www.youtube.com\/channel\/UCxL0wu1uN0_3_7hGG0306cw"]},{"@type":"Person","@id":"https:\/\/www.bellunopress.it\/#\/schema\/person\/79bb06722b37ece1c03d3e94beb30d73","name":"r\u00e9daction","image":{"@type":"ImageObject","inLanguage":"fr-FR","@id":"https:\/\/secure.gravatar.com\/avatar\/37d968a2e67a6fd04c169c4bdef102d0bc5d31b2546345219e348575eb80e9a0?s=96&d=mm&r=g","url":"https:\/\/secure.gravatar.com\/avatar\/37d968a2e67a6fd04c169c4bdef102d0bc5d31b2546345219e348575eb80e9a0?s=96&d=mm&r=g","contentUrl":"https:\/\/secure.gravatar.com\/avatar\/37d968a2e67a6fd04c169c4bdef102d0bc5d31b2546345219e348575eb80e9a0?s=96&d=mm&r=g","caption":"redazione"},"sameAs":["http:\/\/www.bellunopress.it","https:\/\/x.com\/bellunopress"],"url":"https:\/\/www.bellunopress.it\/fr\/author\/redazione\/"}]}},"_links":{"self":[{"href":"https:\/\/www.bellunopress.it\/fr\/wp-json\/wp\/v2\/posts\/109985","targetHints":{"allow":["GET"]}}],"collection":[{"href":"https:\/\/www.bellunopress.it\/fr\/wp-json\/wp\/v2\/posts"}],"about":[{"href":"https:\/\/www.bellunopress.it\/fr\/wp-json\/wp\/v2\/types\/post"}],"author":[{"embeddable":true,"href":"https:\/\/www.bellunopress.it\/fr\/wp-json\/wp\/v2\/users\/2"}],"replies":[{"embeddable":true,"href":"https:\/\/www.bellunopress.it\/fr\/wp-json\/wp\/v2\/comments?post=109985"}],"version-history":[{"count":1,"href":"https:\/\/www.bellunopress.it\/fr\/wp-json\/wp\/v2\/posts\/109985\/revisions"}],"predecessor-version":[{"id":109986,"href":"https:\/\/www.bellunopress.it\/fr\/wp-json\/wp\/v2\/posts\/109985\/revisions\/109986"}],"wp:attachment":[{"href":"https:\/\/www.bellunopress.it\/fr\/wp-json\/wp\/v2\/media?parent=109985"}],"wp:term":[{"taxonomy":"category","embeddable":true,"href":"https:\/\/www.bellunopress.it\/fr\/wp-json\/wp\/v2\/categories?post=109985"},{"taxonomy":"post_tag","embeddable":true,"href":"https:\/\/www.bellunopress.it\/fr\/wp-json\/wp\/v2\/tags?post=109985"}],"curies":[{"name":"wp","href":"https:\/\/api.w.org\/{rel}","templated":true}]}}