{"id":109981,"date":"2019-11-27T21:43:08","date_gmt":"2019-11-27T20:43:08","guid":{"rendered":"http:\/\/www.bellunopress.it\/?p=109981"},"modified":"2019-11-27T21:43:09","modified_gmt":"2019-11-27T20:43:09","slug":"la-grande-strada-delle-dolomiti-martedi-in-sala-bianchi-la-conferenza-di-presentazione-con-gli-autori-ulrike-kindl-e-fabio-chiocchetti","status":"publish","type":"post","link":"https:\/\/www.bellunopress.it\/fr\/2019\/11\/27\/la-grande-strada-delle-dolomiti-martedi-in-sala-bianchi-la-conferenza-di-presentazione-con-gli-autori-ulrike-kindl-e-fabio-chiocchetti\/","title":{"rendered":"La grande strada delle Dolomiti. Marted\u00ec in Sala Bianchi la conferenza di presentazione con gli autori Ulrike Kindl e Fabio Chiocchetti"},"content":{"rendered":"<p>La recente comparsa nelle librerie del volume \u201cKarl Felix Wolff &#8211; La grande strada delle Dolomiti\u201d ha offerto all\u2019Associazione Amici del Museo l\u2019occasione di presentarlo a conclusione dell\u2019attivit\u00e0 2019, anno che coincide fra l\u2019altro con il decennale della Fondazione Dolomiti Unesco, che nel 2009 ha sancito il valore universale delle Dolomiti, inserendole tra i patrimoni naturali dell\u2019umanit\u00e0. E la Provincia di Belluno, che al suo interno ne detiene una gran parte, ne va legittimamente fiera.<\/p>\n<p>La presentazione, che gode dei patrocini di Comune, Provincia, Fondazione Dolomiti Unesco, Ente Parco Dolomiti Bellunesi, CAI, avverr\u00e0 marted\u00ec 3 dicembre p.v. in Sala Bianchi alle ore 17:30 e sar\u00e0 condotta dai due autori che hanno curato la redazione della prima edizione in lingua italiana: Ulrike Kindl e Fabio Chiocchetti.<\/p>\n<p><a href=\"http:\/\/www.bellunopress.it\/fr\/2019\/11\/27\/la-grande-strada-delle-dolomiti-martedi-in-sala-bianchi-la-conferenza-di-presentazione-con-gli-autori-ulrike-kindl-e-fabio-chiocchetti\/la-grande-strada-delle-dolomiti\/\" rel=\"attachment wp-att-109982\"><img loading=\"lazy\" decoding=\"async\" class=\"alignleft size-full wp-image-109982\" src=\"http:\/\/www.bellunopress.it\/wp-content\/uploads\/2019\/11\/la-grande-strada-delle-Dolomiti.jpg\" alt=\"\" width=\"211\" height=\"300\" \/><\/a>\u201cLa grande strada delle Dolomiti\u201d, scritto da Wolff fra il 1905 e il 1908, divenne subito un classico della letteratura di montagna. L\u2019apertura della strada nel 1909 poi promosse il turismo nella regione, ne stimol\u00f2 la conoscenza, accese l\u2019interesse verso l\u2019alpinismo.<br \/>\nUlrike Kindl, gi\u00e0 docente presso l\u2019Universit\u00e0 Ca\u2019 Foscari di Venezia nel dipartimento di Scienze del Linguaggio, \u00e8 collaboratrice scientifica in Istituti che si occupano di ricerche nell\u2019ambito delle tradizioni popolari soprattutto di matrice ladina.<br \/>\nCon lei un altro esperto di cultura ladina, Fabio Chiocchetti, che ha curato vari saggi di linguistica, filologia e toponomastica, come dimostrano gli interventi da lui firmati nel libro oggetto della presentazione.<\/p>","protected":false},"excerpt":{"rendered":"<p>La recente comparsa nelle librerie del volume \u201cKarl Felix Wolff &#8211; La grande strada delle Dolomiti\u201d ha offerto all\u2019Associazione Amici del Museo l\u2019occasione di presentarlo a conclusione dell\u2019attivit\u00e0 2019, anno che coincide fra l\u2019altro con il decennale della Fondazione Dolomiti Unesco, che nel 2009 ha sancito il valore universale delle Dolomiti, inserendole tra i patrimoni [&hellip;]<\/p>\n","protected":false},"author":2,"featured_media":0,"comment_status":"closed","ping_status":"open","sticky":false,"template":"","format":"standard","meta":{"footnotes":""},"categories":[27,3,26],"tags":[],"class_list":["post-109981","post","type-post","status-publish","format-standard","category-appuntamenti","category-arte-cultura-spettacoli-scienza-archivi","category-prima-pagina"],"yoast_head":"<!-- This site is optimized with the Yoast SEO plugin v28.4 - https:\/\/yoast.com\/product\/yoast-seo-wordpress\/ -->\n<title>La grande strada delle Dolomiti. Marted\u00ec in Sala Bianchi la conferenza di presentazione con gli autori Ulrike Kindl e Fabio Chiocchetti - Bellunopress - Dolomiti<\/title>\n<meta name=\"robots\" content=\"index, follow, max-snippet:-1, max-image-preview:large, max-video-preview:-1\" \/>\n<link rel=\"canonical\" href=\"https:\/\/www.bellunopress.it\/fr\/2019\/11\/27\/la-grande-strada-delle-dolomiti-martedi-in-sala-bianchi-la-conferenza-di-presentazione-con-gli-autori-ulrike-kindl-e-fabio-chiocchetti\/\" \/>\n<meta property=\"og:locale\" content=\"fr_FR\" \/>\n<meta property=\"og:type\" content=\"article\" \/>\n<meta property=\"og:title\" content=\"La grande strada delle Dolomiti. Marted\u00ec in Sala Bianchi la conferenza di presentazione con gli autori Ulrike Kindl e Fabio Chiocchetti - Bellunopress - Dolomiti\" \/>\n<meta property=\"og:description\" content=\"La recente comparsa nelle librerie del volume \u201cKarl Felix Wolff &#8211; La grande strada delle Dolomiti\u201d ha offerto all\u2019Associazione Amici del Museo l\u2019occasione di presentarlo a conclusione dell\u2019attivit\u00e0 2019, anno che coincide fra l\u2019altro con il decennale della Fondazione Dolomiti Unesco, che nel 2009 ha sancito il valore universale delle Dolomiti, inserendole tra i patrimoni [&hellip;]\" \/>\n<meta property=\"og:url\" content=\"https:\/\/www.bellunopress.it\/fr\/2019\/11\/27\/la-grande-strada-delle-dolomiti-martedi-in-sala-bianchi-la-conferenza-di-presentazione-con-gli-autori-ulrike-kindl-e-fabio-chiocchetti\/\" \/>\n<meta property=\"og:site_name\" content=\"Bellunopress - Dolomiti\" \/>\n<meta property=\"article:publisher\" content=\"https:\/\/www.facebook.com\/profile.php?id=100008943462799\" \/>\n<meta property=\"article:published_time\" content=\"2019-11-27T20:43:08+00:00\" \/>\n<meta property=\"article:modified_time\" content=\"2019-11-27T20:43:09+00:00\" \/>\n<meta property=\"og:image\" content=\"http:\/\/www.bellunopress.it\/wp-content\/uploads\/2019\/11\/la-grande-strada-delle-Dolomiti.jpg\" \/>\n<meta name=\"author\" content=\"redazione\" \/>\n<meta name=\"twitter:card\" content=\"summary_large_image\" \/>\n<meta name=\"twitter:creator\" content=\"@bellunopress\" \/>\n<meta name=\"twitter:site\" content=\"@bellunopress\" \/>\n<meta name=\"twitter:label1\" content=\"Written by\" \/>\n\t<meta name=\"twitter:data1\" content=\"redazione\" \/>\n\t<meta name=\"twitter:label2\" content=\"Est. reading time\" \/>\n\t<meta name=\"twitter:data2\" content=\"1 minute\" \/>\n<script type=\"application\/ld+json\" class=\"yoast-schema-graph\">{\"@context\":\"https:\\\/\\\/schema.org\",\"@graph\":[{\"@type\":\"Article\",\"@id\":\"https:\\\/\\\/www.bellunopress.it\\\/2019\\\/11\\\/27\\\/la-grande-strada-delle-dolomiti-martedi-in-sala-bianchi-la-conferenza-di-presentazione-con-gli-autori-ulrike-kindl-e-fabio-chiocchetti\\\/#article\",\"isPartOf\":{\"@id\":\"https:\\\/\\\/www.bellunopress.it\\\/2019\\\/11\\\/27\\\/la-grande-strada-delle-dolomiti-martedi-in-sala-bianchi-la-conferenza-di-presentazione-con-gli-autori-ulrike-kindl-e-fabio-chiocchetti\\\/\"},\"author\":{\"name\":\"redazione\",\"@id\":\"https:\\\/\\\/www.bellunopress.it\\\/#\\\/schema\\\/person\\\/79bb06722b37ece1c03d3e94beb30d73\"},\"headline\":\"La grande strada delle Dolomiti. Marted\u00ec in Sala Bianchi la conferenza di presentazione con gli autori Ulrike Kindl e Fabio Chiocchetti\",\"datePublished\":\"2019-11-27T20:43:08+00:00\",\"dateModified\":\"2019-11-27T20:43:09+00:00\",\"mainEntityOfPage\":{\"@id\":\"https:\\\/\\\/www.bellunopress.it\\\/2019\\\/11\\\/27\\\/la-grande-strada-delle-dolomiti-martedi-in-sala-bianchi-la-conferenza-di-presentazione-con-gli-autori-ulrike-kindl-e-fabio-chiocchetti\\\/\"},\"wordCount\":256,\"publisher\":{\"@id\":\"https:\\\/\\\/www.bellunopress.it\\\/#organization\"},\"image\":{\"@id\":\"https:\\\/\\\/www.bellunopress.it\\\/2019\\\/11\\\/27\\\/la-grande-strada-delle-dolomiti-martedi-in-sala-bianchi-la-conferenza-di-presentazione-con-gli-autori-ulrike-kindl-e-fabio-chiocchetti\\\/#primaryimage\"},\"thumbnailUrl\":\"http:\\\/\\\/www.bellunopress.it\\\/wp-content\\\/uploads\\\/2019\\\/11\\\/la-grande-strada-delle-Dolomiti.jpg\",\"articleSection\":[\"Appuntamenti, Eventi\",\"Arte, Cultura, Spettacoli, Scienza\",\"Prima Pagina\"],\"inLanguage\":\"fr-FR\"},{\"@type\":\"WebPage\",\"@id\":\"https:\\\/\\\/www.bellunopress.it\\\/2019\\\/11\\\/27\\\/la-grande-strada-delle-dolomiti-martedi-in-sala-bianchi-la-conferenza-di-presentazione-con-gli-autori-ulrike-kindl-e-fabio-chiocchetti\\\/\",\"url\":\"https:\\\/\\\/www.bellunopress.it\\\/2019\\\/11\\\/27\\\/la-grande-strada-delle-dolomiti-martedi-in-sala-bianchi-la-conferenza-di-presentazione-con-gli-autori-ulrike-kindl-e-fabio-chiocchetti\\\/\",\"name\":\"La grande strada delle Dolomiti. Marted\u00ec in Sala Bianchi la conferenza di presentazione con gli autori Ulrike Kindl e Fabio Chiocchetti - Bellunopress - Dolomiti\",\"isPartOf\":{\"@id\":\"https:\\\/\\\/www.bellunopress.it\\\/#website\"},\"primaryImageOfPage\":{\"@id\":\"https:\\\/\\\/www.bellunopress.it\\\/2019\\\/11\\\/27\\\/la-grande-strada-delle-dolomiti-martedi-in-sala-bianchi-la-conferenza-di-presentazione-con-gli-autori-ulrike-kindl-e-fabio-chiocchetti\\\/#primaryimage\"},\"image\":{\"@id\":\"https:\\\/\\\/www.bellunopress.it\\\/2019\\\/11\\\/27\\\/la-grande-strada-delle-dolomiti-martedi-in-sala-bianchi-la-conferenza-di-presentazione-con-gli-autori-ulrike-kindl-e-fabio-chiocchetti\\\/#primaryimage\"},\"thumbnailUrl\":\"http:\\\/\\\/www.bellunopress.it\\\/wp-content\\\/uploads\\\/2019\\\/11\\\/la-grande-strada-delle-Dolomiti.jpg\",\"datePublished\":\"2019-11-27T20:43:08+00:00\",\"dateModified\":\"2019-11-27T20:43:09+00:00\",\"breadcrumb\":{\"@id\":\"https:\\\/\\\/www.bellunopress.it\\\/2019\\\/11\\\/27\\\/la-grande-strada-delle-dolomiti-martedi-in-sala-bianchi-la-conferenza-di-presentazione-con-gli-autori-ulrike-kindl-e-fabio-chiocchetti\\\/#breadcrumb\"},\"inLanguage\":\"fr-FR\",\"potentialAction\":[{\"@type\":\"ReadAction\",\"target\":[\"https:\\\/\\\/www.bellunopress.it\\\/2019\\\/11\\\/27\\\/la-grande-strada-delle-dolomiti-martedi-in-sala-bianchi-la-conferenza-di-presentazione-con-gli-autori-ulrike-kindl-e-fabio-chiocchetti\\\/\"]}]},{\"@type\":\"ImageObject\",\"inLanguage\":\"fr-FR\",\"@id\":\"https:\\\/\\\/www.bellunopress.it\\\/2019\\\/11\\\/27\\\/la-grande-strada-delle-dolomiti-martedi-in-sala-bianchi-la-conferenza-di-presentazione-con-gli-autori-ulrike-kindl-e-fabio-chiocchetti\\\/#primaryimage\",\"url\":\"http:\\\/\\\/www.bellunopress.it\\\/wp-content\\\/uploads\\\/2019\\\/11\\\/la-grande-strada-delle-Dolomiti.jpg\",\"contentUrl\":\"http:\\\/\\\/www.bellunopress.it\\\/wp-content\\\/uploads\\\/2019\\\/11\\\/la-grande-strada-delle-Dolomiti.jpg\"},{\"@type\":\"BreadcrumbList\",\"@id\":\"https:\\\/\\\/www.bellunopress.it\\\/2019\\\/11\\\/27\\\/la-grande-strada-delle-dolomiti-martedi-in-sala-bianchi-la-conferenza-di-presentazione-con-gli-autori-ulrike-kindl-e-fabio-chiocchetti\\\/#breadcrumb\",\"itemListElement\":[{\"@type\":\"ListItem\",\"position\":1,\"name\":\"Home\",\"item\":\"https:\\\/\\\/www.bellunopress.it\\\/\"},{\"@type\":\"ListItem\",\"position\":2,\"name\":\"La grande strada delle Dolomiti. Marted\u00ec in Sala Bianchi la conferenza di presentazione con gli autori Ulrike Kindl e Fabio Chiocchetti\"}]},{\"@type\":\"WebSite\",\"@id\":\"https:\\\/\\\/www.bellunopress.it\\\/#website\",\"url\":\"https:\\\/\\\/www.bellunopress.it\\\/\",\"name\":\"Bellunopress - Dolomiti\",\"description\":\"e-mail: redazione@bellunopress.it\",\"publisher\":{\"@id\":\"https:\\\/\\\/www.bellunopress.it\\\/#organization\"},\"potentialAction\":[{\"@type\":\"SearchAction\",\"target\":{\"@type\":\"EntryPoint\",\"urlTemplate\":\"https:\\\/\\\/www.bellunopress.it\\\/?s={search_term_string}\"},\"query-input\":{\"@type\":\"PropertyValueSpecification\",\"valueRequired\":true,\"valueName\":\"search_term_string\"}}],\"inLanguage\":\"fr-FR\"},{\"@type\":\"Organization\",\"@id\":\"https:\\\/\\\/www.bellunopress.it\\\/#organization\",\"name\":\"Bellunopress\",\"url\":\"https:\\\/\\\/www.bellunopress.it\\\/\",\"logo\":{\"@type\":\"ImageObject\",\"inLanguage\":\"fr-FR\",\"@id\":\"https:\\\/\\\/www.bellunopress.it\\\/#\\\/schema\\\/logo\\\/image\\\/\",\"url\":\"https:\\\/\\\/www.bellunopress.it\\\/wp-content\\\/uploads\\\/2011\\\/05\\\/cropped-logo-bellunopress-.jpg\",\"contentUrl\":\"https:\\\/\\\/www.bellunopress.it\\\/wp-content\\\/uploads\\\/2011\\\/05\\\/cropped-logo-bellunopress-.jpg\",\"width\":512,\"height\":512,\"caption\":\"Bellunopress\"},\"image\":{\"@id\":\"https:\\\/\\\/www.bellunopress.it\\\/#\\\/schema\\\/logo\\\/image\\\/\"},\"sameAs\":[\"https:\\\/\\\/www.facebook.com\\\/profile.php?id=100008943462799\",\"https:\\\/\\\/x.com\\\/bellunopress\",\"https:\\\/\\\/www.linkedin.com\\\/hp\\\/?dnr=JBzUWaJfMUw8vbXJJ2tVW5-I3jZKvC4wsoxE&amp;amp;amp;amp;amp;amp;trk=nav_responsive_tab_home\",\"https:\\\/\\\/www.youtube.com\\\/channel\\\/UCxL0wu1uN0_3_7hGG0306cw\"]},{\"@type\":\"Person\",\"@id\":\"https:\\\/\\\/www.bellunopress.it\\\/#\\\/schema\\\/person\\\/79bb06722b37ece1c03d3e94beb30d73\",\"name\":\"redazione\",\"image\":{\"@type\":\"ImageObject\",\"inLanguage\":\"fr-FR\",\"@id\":\"https:\\\/\\\/secure.gravatar.com\\\/avatar\\\/37d968a2e67a6fd04c169c4bdef102d0bc5d31b2546345219e348575eb80e9a0?s=96&d=mm&r=g\",\"url\":\"https:\\\/\\\/secure.gravatar.com\\\/avatar\\\/37d968a2e67a6fd04c169c4bdef102d0bc5d31b2546345219e348575eb80e9a0?s=96&d=mm&r=g\",\"contentUrl\":\"https:\\\/\\\/secure.gravatar.com\\\/avatar\\\/37d968a2e67a6fd04c169c4bdef102d0bc5d31b2546345219e348575eb80e9a0?s=96&d=mm&r=g\",\"caption\":\"redazione\"},\"sameAs\":[\"http:\\\/\\\/www.bellunopress.it\",\"https:\\\/\\\/x.com\\\/bellunopress\"],\"url\":\"https:\\\/\\\/www.bellunopress.it\\\/fr\\\/author\\\/redazione\\\/\"}]}<\/script>\n<!-- \/ Yoast SEO plugin. -->","yoast_head_json":{"title":"La grande strada delle Dolomiti. Marted\u00ec in Sala Bianchi la conferenza di presentazione con gli autori Ulrike Kindl e Fabio Chiocchetti - Bellunopress - Dolomiti","robots":{"index":"index","follow":"follow","max-snippet":"max-snippet:-1","max-image-preview":"max-image-preview:large","max-video-preview":"max-video-preview:-1"},"canonical":"https:\/\/www.bellunopress.it\/fr\/2019\/11\/27\/la-grande-strada-delle-dolomiti-martedi-in-sala-bianchi-la-conferenza-di-presentazione-con-gli-autori-ulrike-kindl-e-fabio-chiocchetti\/","og_locale":"fr_FR","og_type":"article","og_title":"La grande strada delle Dolomiti. Marted\u00ec in Sala Bianchi la conferenza di presentazione con gli autori Ulrike Kindl e Fabio Chiocchetti - Bellunopress - Dolomiti","og_description":"La recente comparsa nelle librerie del volume \u201cKarl Felix Wolff &#8211; La grande strada delle Dolomiti\u201d ha offerto all\u2019Associazione Amici del Museo l\u2019occasione di presentarlo a conclusione dell\u2019attivit\u00e0 2019, anno che coincide fra l\u2019altro con il decennale della Fondazione Dolomiti Unesco, che nel 2009 ha sancito il valore universale delle Dolomiti, inserendole tra i patrimoni [&hellip;]","og_url":"https:\/\/www.bellunopress.it\/fr\/2019\/11\/27\/la-grande-strada-delle-dolomiti-martedi-in-sala-bianchi-la-conferenza-di-presentazione-con-gli-autori-ulrike-kindl-e-fabio-chiocchetti\/","og_site_name":"Bellunopress - Dolomiti","article_publisher":"https:\/\/www.facebook.com\/profile.php?id=100008943462799","article_published_time":"2019-11-27T20:43:08+00:00","article_modified_time":"2019-11-27T20:43:09+00:00","og_image":[{"url":"http:\/\/www.bellunopress.it\/wp-content\/uploads\/2019\/11\/la-grande-strada-delle-Dolomiti.jpg","type":"","width":"","height":""}],"author":"redazione","twitter_card":"summary_large_image","twitter_creator":"@bellunopress","twitter_site":"@bellunopress","twitter_misc":{"Written by":"redazione","Est. reading time":"1 minute"},"schema":{"@context":"https:\/\/schema.org","@graph":[{"@type":"Article","@id":"https:\/\/www.bellunopress.it\/2019\/11\/27\/la-grande-strada-delle-dolomiti-martedi-in-sala-bianchi-la-conferenza-di-presentazione-con-gli-autori-ulrike-kindl-e-fabio-chiocchetti\/#article","isPartOf":{"@id":"https:\/\/www.bellunopress.it\/2019\/11\/27\/la-grande-strada-delle-dolomiti-martedi-in-sala-bianchi-la-conferenza-di-presentazione-con-gli-autori-ulrike-kindl-e-fabio-chiocchetti\/"},"author":{"name":"redazione","@id":"https:\/\/www.bellunopress.it\/#\/schema\/person\/79bb06722b37ece1c03d3e94beb30d73"},"headline":"La grande strada delle Dolomiti. Marted\u00ec in Sala Bianchi la conferenza di presentazione con gli autori Ulrike Kindl e Fabio Chiocchetti","datePublished":"2019-11-27T20:43:08+00:00","dateModified":"2019-11-27T20:43:09+00:00","mainEntityOfPage":{"@id":"https:\/\/www.bellunopress.it\/2019\/11\/27\/la-grande-strada-delle-dolomiti-martedi-in-sala-bianchi-la-conferenza-di-presentazione-con-gli-autori-ulrike-kindl-e-fabio-chiocchetti\/"},"wordCount":256,"publisher":{"@id":"https:\/\/www.bellunopress.it\/#organization"},"image":{"@id":"https:\/\/www.bellunopress.it\/2019\/11\/27\/la-grande-strada-delle-dolomiti-martedi-in-sala-bianchi-la-conferenza-di-presentazione-con-gli-autori-ulrike-kindl-e-fabio-chiocchetti\/#primaryimage"},"thumbnailUrl":"http:\/\/www.bellunopress.it\/wp-content\/uploads\/2019\/11\/la-grande-strada-delle-Dolomiti.jpg","articleSection":["Appuntamenti, Eventi","Arte, Cultura, Spettacoli, Scienza","Prima Pagina"],"inLanguage":"fr-FR"},{"@type":"WebPage","@id":"https:\/\/www.bellunopress.it\/2019\/11\/27\/la-grande-strada-delle-dolomiti-martedi-in-sala-bianchi-la-conferenza-di-presentazione-con-gli-autori-ulrike-kindl-e-fabio-chiocchetti\/","url":"https:\/\/www.bellunopress.it\/2019\/11\/27\/la-grande-strada-delle-dolomiti-martedi-in-sala-bianchi-la-conferenza-di-presentazione-con-gli-autori-ulrike-kindl-e-fabio-chiocchetti\/","name":"La grande strada delle Dolomiti. Marted\u00ec in Sala Bianchi la conferenza di presentazione con gli autori Ulrike Kindl e Fabio Chiocchetti - Bellunopress - Dolomiti","isPartOf":{"@id":"https:\/\/www.bellunopress.it\/#website"},"primaryImageOfPage":{"@id":"https:\/\/www.bellunopress.it\/2019\/11\/27\/la-grande-strada-delle-dolomiti-martedi-in-sala-bianchi-la-conferenza-di-presentazione-con-gli-autori-ulrike-kindl-e-fabio-chiocchetti\/#primaryimage"},"image":{"@id":"https:\/\/www.bellunopress.it\/2019\/11\/27\/la-grande-strada-delle-dolomiti-martedi-in-sala-bianchi-la-conferenza-di-presentazione-con-gli-autori-ulrike-kindl-e-fabio-chiocchetti\/#primaryimage"},"thumbnailUrl":"http:\/\/www.bellunopress.it\/wp-content\/uploads\/2019\/11\/la-grande-strada-delle-Dolomiti.jpg","datePublished":"2019-11-27T20:43:08+00:00","dateModified":"2019-11-27T20:43:09+00:00","breadcrumb":{"@id":"https:\/\/www.bellunopress.it\/2019\/11\/27\/la-grande-strada-delle-dolomiti-martedi-in-sala-bianchi-la-conferenza-di-presentazione-con-gli-autori-ulrike-kindl-e-fabio-chiocchetti\/#breadcrumb"},"inLanguage":"fr-FR","potentialAction":[{"@type":"ReadAction","target":["https:\/\/www.bellunopress.it\/2019\/11\/27\/la-grande-strada-delle-dolomiti-martedi-in-sala-bianchi-la-conferenza-di-presentazione-con-gli-autori-ulrike-kindl-e-fabio-chiocchetti\/"]}]},{"@type":"ImageObject","inLanguage":"fr-FR","@id":"https:\/\/www.bellunopress.it\/2019\/11\/27\/la-grande-strada-delle-dolomiti-martedi-in-sala-bianchi-la-conferenza-di-presentazione-con-gli-autori-ulrike-kindl-e-fabio-chiocchetti\/#primaryimage","url":"http:\/\/www.bellunopress.it\/wp-content\/uploads\/2019\/11\/la-grande-strada-delle-Dolomiti.jpg","contentUrl":"http:\/\/www.bellunopress.it\/wp-content\/uploads\/2019\/11\/la-grande-strada-delle-Dolomiti.jpg"},{"@type":"BreadcrumbList","@id":"https:\/\/www.bellunopress.it\/2019\/11\/27\/la-grande-strada-delle-dolomiti-martedi-in-sala-bianchi-la-conferenza-di-presentazione-con-gli-autori-ulrike-kindl-e-fabio-chiocchetti\/#breadcrumb","itemListElement":[{"@type":"ListItem","position":1,"name":"Home","item":"https:\/\/www.bellunopress.it\/"},{"@type":"ListItem","position":2,"name":"La grande strada delle Dolomiti. Marted\u00ec in Sala Bianchi la conferenza di presentazione con gli autori Ulrike Kindl e Fabio Chiocchetti"}]},{"@type":"WebSite","@id":"https:\/\/www.bellunopress.it\/#website","url":"https:\/\/www.bellunopress.it\/","name":"Bellunopress - Dolomiti","description":"e-mail: redazione@bellunopress.it","publisher":{"@id":"https:\/\/www.bellunopress.it\/#organization"},"potentialAction":[{"@type":"SearchAction","target":{"@type":"EntryPoint","urlTemplate":"https:\/\/www.bellunopress.it\/?s={search_term_string}"},"query-input":{"@type":"PropertyValueSpecification","valueRequired":true,"valueName":"search_term_string"}}],"inLanguage":"fr-FR"},{"@type":"Organization","@id":"https:\/\/www.bellunopress.it\/#organization","name":"Bellunopress","url":"https:\/\/www.bellunopress.it\/","logo":{"@type":"ImageObject","inLanguage":"fr-FR","@id":"https:\/\/www.bellunopress.it\/#\/schema\/logo\/image\/","url":"https:\/\/www.bellunopress.it\/wp-content\/uploads\/2011\/05\/cropped-logo-bellunopress-.jpg","contentUrl":"https:\/\/www.bellunopress.it\/wp-content\/uploads\/2011\/05\/cropped-logo-bellunopress-.jpg","width":512,"height":512,"caption":"Bellunopress"},"image":{"@id":"https:\/\/www.bellunopress.it\/#\/schema\/logo\/image\/"},"sameAs":["https:\/\/www.facebook.com\/profile.php?id=100008943462799","https:\/\/x.com\/bellunopress","https:\/\/www.linkedin.com\/hp\/?dnr=JBzUWaJfMUw8vbXJJ2tVW5-I3jZKvC4wsoxE&amp;amp;amp;amp;amp;amp;trk=nav_responsive_tab_home","https:\/\/www.youtube.com\/channel\/UCxL0wu1uN0_3_7hGG0306cw"]},{"@type":"Person","@id":"https:\/\/www.bellunopress.it\/#\/schema\/person\/79bb06722b37ece1c03d3e94beb30d73","name":"r\u00e9daction","image":{"@type":"ImageObject","inLanguage":"fr-FR","@id":"https:\/\/secure.gravatar.com\/avatar\/37d968a2e67a6fd04c169c4bdef102d0bc5d31b2546345219e348575eb80e9a0?s=96&d=mm&r=g","url":"https:\/\/secure.gravatar.com\/avatar\/37d968a2e67a6fd04c169c4bdef102d0bc5d31b2546345219e348575eb80e9a0?s=96&d=mm&r=g","contentUrl":"https:\/\/secure.gravatar.com\/avatar\/37d968a2e67a6fd04c169c4bdef102d0bc5d31b2546345219e348575eb80e9a0?s=96&d=mm&r=g","caption":"redazione"},"sameAs":["http:\/\/www.bellunopress.it","https:\/\/x.com\/bellunopress"],"url":"https:\/\/www.bellunopress.it\/fr\/author\/redazione\/"}]}},"_links":{"self":[{"href":"https:\/\/www.bellunopress.it\/fr\/wp-json\/wp\/v2\/posts\/109981","targetHints":{"allow":["GET"]}}],"collection":[{"href":"https:\/\/www.bellunopress.it\/fr\/wp-json\/wp\/v2\/posts"}],"about":[{"href":"https:\/\/www.bellunopress.it\/fr\/wp-json\/wp\/v2\/types\/post"}],"author":[{"embeddable":true,"href":"https:\/\/www.bellunopress.it\/fr\/wp-json\/wp\/v2\/users\/2"}],"replies":[{"embeddable":true,"href":"https:\/\/www.bellunopress.it\/fr\/wp-json\/wp\/v2\/comments?post=109981"}],"version-history":[{"count":2,"href":"https:\/\/www.bellunopress.it\/fr\/wp-json\/wp\/v2\/posts\/109981\/revisions"}],"predecessor-version":[{"id":109984,"href":"https:\/\/www.bellunopress.it\/fr\/wp-json\/wp\/v2\/posts\/109981\/revisions\/109984"}],"wp:attachment":[{"href":"https:\/\/www.bellunopress.it\/fr\/wp-json\/wp\/v2\/media?parent=109981"}],"wp:term":[{"taxonomy":"category","embeddable":true,"href":"https:\/\/www.bellunopress.it\/fr\/wp-json\/wp\/v2\/categories?post=109981"},{"taxonomy":"post_tag","embeddable":true,"href":"https:\/\/www.bellunopress.it\/fr\/wp-json\/wp\/v2\/tags?post=109981"}],"curies":[{"name":"wp","href":"https:\/\/api.w.org\/{rel}","templated":true}]}}