{"id":109976,"date":"2019-11-27T16:59:57","date_gmt":"2019-11-27T15:59:57","guid":{"rendered":"http:\/\/www.bellunopress.it\/?p=109976"},"modified":"2019-11-27T17:00:02","modified_gmt":"2019-11-27T16:00:02","slug":"la-maratona-di-lettura-a-feltre-sceglie-gianrico-carofiglio-per-ledizione-2020","status":"publish","type":"post","link":"https:\/\/www.bellunopress.it\/fr\/2019\/11\/27\/la-maratona-di-lettura-a-feltre-sceglie-gianrico-carofiglio-per-ledizione-2020\/","title":{"rendered":"La Maratona di Lettura a Feltre sceglie Gianrico Carofiglio per l&#8217;edizione 2020"},"content":{"rendered":"<p>Dopo Michela Murgia e Antonio Scurati, Feltre pensa ancora una volta \u201cin grande\u201d per la propria Maratona di Lettura e punta su Gianrico Carofiglio. E&#8217; di questi giorni infatti la conferma ufficiale che sar\u00e0 proprio lui il protagonista dell&#8217;evento letterario pi\u00f9 importante della citt\u00e0 nel 2020.<\/p>\n<p><a href=\"http:\/\/www.bellunopress.it\/fr\/2019\/11\/27\/la-maratona-di-lettura-a-feltre-sceglie-gianrico-carofiglio-per-ledizione-2020\/maratona-di-lettura-feltre\/\" rel=\"attachment wp-att-109977\"><img loading=\"lazy\" decoding=\"async\" class=\"alignleft size-full wp-image-109977\" src=\"http:\/\/www.bellunopress.it\/wp-content\/uploads\/2019\/11\/maratona-di-lettura-feltre.jpg\" alt=\"\" width=\"300\" height=\"201\" \/><\/a>Barese, 58 anni, Carofiglio \u00e8 nome e volto noto a livello nazionale ed internazionale non soltanto per i suoi successi letterari, ma per l&#8217;impegno civile e politico che lo ha portato dapprima ad una carriera di tutto rilievo in magistratura e poi a sedere come senatore sui banchi di Palazzo Madama per una legislatura, eletto nelle file del Partito Democratico. Carofiglio \u00e8 inoltre da anni noto opinionista politico, anche televisivo, apprezzato per le sue competenze specifiche in ambito giuridico e per uno stile pacato e sobrio.<\/p>\n<p>Sul piano letterario, dopo aver esordito nella narrativa, con \u201cTestimone inconsapevole\u201d (Sellerio, 2002), ha inanellato una lunga serie di successi editoriali e di pubblico, tra cui il premio Lido di Camaiore e il prestigioso premio delle Biblioteche di Roma con \u201cAd occhi chiusi\u201d (Sellerio, 2003) e il Premio Bancarella del 2005 con il romanzo \u201cIl passato \u00e8 una terra straniera\u201d (Rizzoli, 2004)<br \/>\nNell&#8217;ottobre 2011, con \u201cIl silenzio dell&#8217;onda\u201d, \u00e8 stato finalista al Premio Strega, ottenendo, tra gli altri, il voto della Societ\u00e0 Dante Alighieri<\/p>\n<p>Nel febbraio 2018 ha pubblicato \u201cCon i piedi nel fango, Conversazioni su politica e verit\u00e0\u201d, un saggio socio-politico all&#8217;insegna del dialogo sotto forma di intervista, con Jacopo Rosatelli. In totale i suoi libri hanno venduto cinque milioni di copie e sono stati tradotti in ventotto lingue.<\/p>\n<p>\u201cSiamo felici ed orgogliosi di poter annunciare che il protagonista della Maratona di Lettura per il 2020 sar\u00e0 Gianrico Carofiglio, personaggio di spicco nel panorama culturale e narrativo italiano contemporaneo \u201d, commenta l&#8217;assessore alla cultura del Comune di Feltre Alessandro Del Bianco. \u201cLe sorprese non si esauriscono peraltro qui, aggiunge Del Bianco: stiamo lavorando al programma \u2013 legato inevitabilmente al tema della giustizia e della legalit\u00e0, e della loro percezione \u2013 nel quale puntiamo a proporre anche altri ospiti di assoluto livello nazionale. La \u201cnostra\u201d maratona, conclude l&#8217;assessore alla cultura, si sta confermando di anno in anno come un appuntamento di grande qualit\u00e0 che coinvolge sempre pi\u00f9 non solo tutto il bacino e la provincia di Belluno, ma anche numerosi ospiti da fuori, a testimonianza del fatto che la cultura \u2013 se di livello \u2013 pu\u00f2 essere anche un importante motore di attrattiva per la citt\u00e0\u201d.<\/p>\n<p>La Maratona di Lettura di Feltre, che \u2013 come di consueto \u2013 vedr\u00e0 impegnati moltissimi lettori di varie associazioni culturali locali durante gli appuntamenti disseminati per tutta la giornata in vari luoghi della citt\u00e0, prima del consueto incontro serale con l&#8217;autore, si terr\u00e0 sabato 23 maggio 2020.<\/p>","protected":false},"excerpt":{"rendered":"<p>Dopo Michela Murgia e Antonio Scurati, Feltre pensa ancora una volta \u201cin grande\u201d per la propria Maratona di Lettura e punta su Gianrico Carofiglio. E&#8217; di questi giorni infatti la conferma ufficiale che sar\u00e0 proprio lui il protagonista dell&#8217;evento letterario pi\u00f9 importante della citt\u00e0 nel 2020. Barese, 58 anni, Carofiglio \u00e8 nome e volto noto [&hellip;]<\/p>\n","protected":false},"author":2,"featured_media":0,"comment_status":"closed","ping_status":"open","sticky":false,"template":"","format":"standard","meta":{"footnotes":""},"categories":[27,3,25],"tags":[],"class_list":["post-109976","post","type-post","status-publish","format-standard","category-appuntamenti","category-arte-cultura-spettacoli-scienza-archivi","category-pausa-caffe"],"yoast_head":"<!-- This site is optimized with the Yoast SEO plugin v28.4 - https:\/\/yoast.com\/product\/yoast-seo-wordpress\/ -->\n<title>La Maratona di Lettura a Feltre sceglie Gianrico Carofiglio per l&#039;edizione 2020 - Bellunopress - Dolomiti<\/title>\n<meta name=\"robots\" content=\"index, follow, max-snippet:-1, max-image-preview:large, max-video-preview:-1\" \/>\n<link rel=\"canonical\" href=\"https:\/\/www.bellunopress.it\/fr\/2019\/11\/27\/la-maratona-di-lettura-a-feltre-sceglie-gianrico-carofiglio-per-ledizione-2020\/\" \/>\n<meta property=\"og:locale\" content=\"fr_FR\" \/>\n<meta property=\"og:type\" content=\"article\" \/>\n<meta property=\"og:title\" content=\"La Maratona di Lettura a Feltre sceglie Gianrico Carofiglio per l&#039;edizione 2020 - Bellunopress - Dolomiti\" \/>\n<meta property=\"og:description\" content=\"Dopo Michela Murgia e Antonio Scurati, Feltre pensa ancora una volta \u201cin grande\u201d per la propria Maratona di Lettura e punta su Gianrico Carofiglio. E&#8217; di questi giorni infatti la conferma ufficiale che sar\u00e0 proprio lui il protagonista dell&#8217;evento letterario pi\u00f9 importante della citt\u00e0 nel 2020. Barese, 58 anni, Carofiglio \u00e8 nome e volto noto [&hellip;]\" \/>\n<meta property=\"og:url\" content=\"https:\/\/www.bellunopress.it\/fr\/2019\/11\/27\/la-maratona-di-lettura-a-feltre-sceglie-gianrico-carofiglio-per-ledizione-2020\/\" \/>\n<meta property=\"og:site_name\" content=\"Bellunopress - Dolomiti\" \/>\n<meta property=\"article:publisher\" content=\"https:\/\/www.facebook.com\/profile.php?id=100008943462799\" \/>\n<meta property=\"article:published_time\" content=\"2019-11-27T15:59:57+00:00\" \/>\n<meta property=\"article:modified_time\" content=\"2019-11-27T16:00:02+00:00\" \/>\n<meta property=\"og:image\" content=\"http:\/\/www.bellunopress.it\/wp-content\/uploads\/2019\/11\/maratona-di-lettura-feltre.jpg\" \/>\n<meta name=\"author\" content=\"redazione\" \/>\n<meta name=\"twitter:card\" content=\"summary_large_image\" \/>\n<meta name=\"twitter:creator\" content=\"@bellunopress\" \/>\n<meta name=\"twitter:site\" content=\"@bellunopress\" \/>\n<meta name=\"twitter:label1\" content=\"Written by\" \/>\n\t<meta name=\"twitter:data1\" content=\"redazione\" \/>\n\t<meta name=\"twitter:label2\" content=\"Est. reading time\" \/>\n\t<meta name=\"twitter:data2\" content=\"2 minutes\" \/>\n<script type=\"application\/ld+json\" class=\"yoast-schema-graph\">{\"@context\":\"https:\\\/\\\/schema.org\",\"@graph\":[{\"@type\":\"Article\",\"@id\":\"https:\\\/\\\/www.bellunopress.it\\\/2019\\\/11\\\/27\\\/la-maratona-di-lettura-a-feltre-sceglie-gianrico-carofiglio-per-ledizione-2020\\\/#article\",\"isPartOf\":{\"@id\":\"https:\\\/\\\/www.bellunopress.it\\\/2019\\\/11\\\/27\\\/la-maratona-di-lettura-a-feltre-sceglie-gianrico-carofiglio-per-ledizione-2020\\\/\"},\"author\":{\"name\":\"redazione\",\"@id\":\"https:\\\/\\\/www.bellunopress.it\\\/#\\\/schema\\\/person\\\/79bb06722b37ece1c03d3e94beb30d73\"},\"headline\":\"La Maratona di Lettura a Feltre sceglie Gianrico Carofiglio per l&#8217;edizione 2020\",\"datePublished\":\"2019-11-27T15:59:57+00:00\",\"dateModified\":\"2019-11-27T16:00:02+00:00\",\"mainEntityOfPage\":{\"@id\":\"https:\\\/\\\/www.bellunopress.it\\\/2019\\\/11\\\/27\\\/la-maratona-di-lettura-a-feltre-sceglie-gianrico-carofiglio-per-ledizione-2020\\\/\"},\"wordCount\":453,\"publisher\":{\"@id\":\"https:\\\/\\\/www.bellunopress.it\\\/#organization\"},\"image\":{\"@id\":\"https:\\\/\\\/www.bellunopress.it\\\/2019\\\/11\\\/27\\\/la-maratona-di-lettura-a-feltre-sceglie-gianrico-carofiglio-per-ledizione-2020\\\/#primaryimage\"},\"thumbnailUrl\":\"http:\\\/\\\/www.bellunopress.it\\\/wp-content\\\/uploads\\\/2019\\\/11\\\/maratona-di-lettura-feltre.jpg\",\"articleSection\":[\"Appuntamenti, Eventi\",\"Arte, Cultura, Spettacoli, Scienza\",\"Pausa Caff\u00e8\"],\"inLanguage\":\"fr-FR\"},{\"@type\":\"WebPage\",\"@id\":\"https:\\\/\\\/www.bellunopress.it\\\/2019\\\/11\\\/27\\\/la-maratona-di-lettura-a-feltre-sceglie-gianrico-carofiglio-per-ledizione-2020\\\/\",\"url\":\"https:\\\/\\\/www.bellunopress.it\\\/2019\\\/11\\\/27\\\/la-maratona-di-lettura-a-feltre-sceglie-gianrico-carofiglio-per-ledizione-2020\\\/\",\"name\":\"La Maratona di Lettura a Feltre sceglie Gianrico Carofiglio per l'edizione 2020 - Bellunopress - Dolomiti\",\"isPartOf\":{\"@id\":\"https:\\\/\\\/www.bellunopress.it\\\/#website\"},\"primaryImageOfPage\":{\"@id\":\"https:\\\/\\\/www.bellunopress.it\\\/2019\\\/11\\\/27\\\/la-maratona-di-lettura-a-feltre-sceglie-gianrico-carofiglio-per-ledizione-2020\\\/#primaryimage\"},\"image\":{\"@id\":\"https:\\\/\\\/www.bellunopress.it\\\/2019\\\/11\\\/27\\\/la-maratona-di-lettura-a-feltre-sceglie-gianrico-carofiglio-per-ledizione-2020\\\/#primaryimage\"},\"thumbnailUrl\":\"http:\\\/\\\/www.bellunopress.it\\\/wp-content\\\/uploads\\\/2019\\\/11\\\/maratona-di-lettura-feltre.jpg\",\"datePublished\":\"2019-11-27T15:59:57+00:00\",\"dateModified\":\"2019-11-27T16:00:02+00:00\",\"breadcrumb\":{\"@id\":\"https:\\\/\\\/www.bellunopress.it\\\/2019\\\/11\\\/27\\\/la-maratona-di-lettura-a-feltre-sceglie-gianrico-carofiglio-per-ledizione-2020\\\/#breadcrumb\"},\"inLanguage\":\"fr-FR\",\"potentialAction\":[{\"@type\":\"ReadAction\",\"target\":[\"https:\\\/\\\/www.bellunopress.it\\\/2019\\\/11\\\/27\\\/la-maratona-di-lettura-a-feltre-sceglie-gianrico-carofiglio-per-ledizione-2020\\\/\"]}]},{\"@type\":\"ImageObject\",\"inLanguage\":\"fr-FR\",\"@id\":\"https:\\\/\\\/www.bellunopress.it\\\/2019\\\/11\\\/27\\\/la-maratona-di-lettura-a-feltre-sceglie-gianrico-carofiglio-per-ledizione-2020\\\/#primaryimage\",\"url\":\"http:\\\/\\\/www.bellunopress.it\\\/wp-content\\\/uploads\\\/2019\\\/11\\\/maratona-di-lettura-feltre.jpg\",\"contentUrl\":\"http:\\\/\\\/www.bellunopress.it\\\/wp-content\\\/uploads\\\/2019\\\/11\\\/maratona-di-lettura-feltre.jpg\"},{\"@type\":\"BreadcrumbList\",\"@id\":\"https:\\\/\\\/www.bellunopress.it\\\/2019\\\/11\\\/27\\\/la-maratona-di-lettura-a-feltre-sceglie-gianrico-carofiglio-per-ledizione-2020\\\/#breadcrumb\",\"itemListElement\":[{\"@type\":\"ListItem\",\"position\":1,\"name\":\"Home\",\"item\":\"https:\\\/\\\/www.bellunopress.it\\\/\"},{\"@type\":\"ListItem\",\"position\":2,\"name\":\"La Maratona di Lettura a Feltre sceglie Gianrico Carofiglio per l&#8217;edizione 2020\"}]},{\"@type\":\"WebSite\",\"@id\":\"https:\\\/\\\/www.bellunopress.it\\\/#website\",\"url\":\"https:\\\/\\\/www.bellunopress.it\\\/\",\"name\":\"Bellunopress - Dolomiti\",\"description\":\"e-mail: redazione@bellunopress.it\",\"publisher\":{\"@id\":\"https:\\\/\\\/www.bellunopress.it\\\/#organization\"},\"potentialAction\":[{\"@type\":\"SearchAction\",\"target\":{\"@type\":\"EntryPoint\",\"urlTemplate\":\"https:\\\/\\\/www.bellunopress.it\\\/?s={search_term_string}\"},\"query-input\":{\"@type\":\"PropertyValueSpecification\",\"valueRequired\":true,\"valueName\":\"search_term_string\"}}],\"inLanguage\":\"fr-FR\"},{\"@type\":\"Organization\",\"@id\":\"https:\\\/\\\/www.bellunopress.it\\\/#organization\",\"name\":\"Bellunopress\",\"url\":\"https:\\\/\\\/www.bellunopress.it\\\/\",\"logo\":{\"@type\":\"ImageObject\",\"inLanguage\":\"fr-FR\",\"@id\":\"https:\\\/\\\/www.bellunopress.it\\\/#\\\/schema\\\/logo\\\/image\\\/\",\"url\":\"https:\\\/\\\/www.bellunopress.it\\\/wp-content\\\/uploads\\\/2011\\\/05\\\/cropped-logo-bellunopress-.jpg\",\"contentUrl\":\"https:\\\/\\\/www.bellunopress.it\\\/wp-content\\\/uploads\\\/2011\\\/05\\\/cropped-logo-bellunopress-.jpg\",\"width\":512,\"height\":512,\"caption\":\"Bellunopress\"},\"image\":{\"@id\":\"https:\\\/\\\/www.bellunopress.it\\\/#\\\/schema\\\/logo\\\/image\\\/\"},\"sameAs\":[\"https:\\\/\\\/www.facebook.com\\\/profile.php?id=100008943462799\",\"https:\\\/\\\/x.com\\\/bellunopress\",\"https:\\\/\\\/www.linkedin.com\\\/hp\\\/?dnr=JBzUWaJfMUw8vbXJJ2tVW5-I3jZKvC4wsoxE&amp;amp;amp;amp;amp;amp;trk=nav_responsive_tab_home\",\"https:\\\/\\\/www.youtube.com\\\/channel\\\/UCxL0wu1uN0_3_7hGG0306cw\"]},{\"@type\":\"Person\",\"@id\":\"https:\\\/\\\/www.bellunopress.it\\\/#\\\/schema\\\/person\\\/79bb06722b37ece1c03d3e94beb30d73\",\"name\":\"redazione\",\"image\":{\"@type\":\"ImageObject\",\"inLanguage\":\"fr-FR\",\"@id\":\"https:\\\/\\\/secure.gravatar.com\\\/avatar\\\/37d968a2e67a6fd04c169c4bdef102d0bc5d31b2546345219e348575eb80e9a0?s=96&d=mm&r=g\",\"url\":\"https:\\\/\\\/secure.gravatar.com\\\/avatar\\\/37d968a2e67a6fd04c169c4bdef102d0bc5d31b2546345219e348575eb80e9a0?s=96&d=mm&r=g\",\"contentUrl\":\"https:\\\/\\\/secure.gravatar.com\\\/avatar\\\/37d968a2e67a6fd04c169c4bdef102d0bc5d31b2546345219e348575eb80e9a0?s=96&d=mm&r=g\",\"caption\":\"redazione\"},\"sameAs\":[\"http:\\\/\\\/www.bellunopress.it\",\"https:\\\/\\\/x.com\\\/bellunopress\"],\"url\":\"https:\\\/\\\/www.bellunopress.it\\\/fr\\\/author\\\/redazione\\\/\"}]}<\/script>\n<!-- \/ Yoast SEO plugin. -->","yoast_head_json":{"title":"La Maratona di Lettura a Feltre sceglie Gianrico Carofiglio per l'edizione 2020 - Bellunopress - Dolomiti","robots":{"index":"index","follow":"follow","max-snippet":"max-snippet:-1","max-image-preview":"max-image-preview:large","max-video-preview":"max-video-preview:-1"},"canonical":"https:\/\/www.bellunopress.it\/fr\/2019\/11\/27\/la-maratona-di-lettura-a-feltre-sceglie-gianrico-carofiglio-per-ledizione-2020\/","og_locale":"fr_FR","og_type":"article","og_title":"La Maratona di Lettura a Feltre sceglie Gianrico Carofiglio per l'edizione 2020 - Bellunopress - Dolomiti","og_description":"Dopo Michela Murgia e Antonio Scurati, Feltre pensa ancora una volta \u201cin grande\u201d per la propria Maratona di Lettura e punta su Gianrico Carofiglio. E&#8217; di questi giorni infatti la conferma ufficiale che sar\u00e0 proprio lui il protagonista dell&#8217;evento letterario pi\u00f9 importante della citt\u00e0 nel 2020. Barese, 58 anni, Carofiglio \u00e8 nome e volto noto [&hellip;]","og_url":"https:\/\/www.bellunopress.it\/fr\/2019\/11\/27\/la-maratona-di-lettura-a-feltre-sceglie-gianrico-carofiglio-per-ledizione-2020\/","og_site_name":"Bellunopress - Dolomiti","article_publisher":"https:\/\/www.facebook.com\/profile.php?id=100008943462799","article_published_time":"2019-11-27T15:59:57+00:00","article_modified_time":"2019-11-27T16:00:02+00:00","og_image":[{"url":"http:\/\/www.bellunopress.it\/wp-content\/uploads\/2019\/11\/maratona-di-lettura-feltre.jpg","type":"","width":"","height":""}],"author":"redazione","twitter_card":"summary_large_image","twitter_creator":"@bellunopress","twitter_site":"@bellunopress","twitter_misc":{"Written by":"redazione","Est. reading time":"2 minutes"},"schema":{"@context":"https:\/\/schema.org","@graph":[{"@type":"Article","@id":"https:\/\/www.bellunopress.it\/2019\/11\/27\/la-maratona-di-lettura-a-feltre-sceglie-gianrico-carofiglio-per-ledizione-2020\/#article","isPartOf":{"@id":"https:\/\/www.bellunopress.it\/2019\/11\/27\/la-maratona-di-lettura-a-feltre-sceglie-gianrico-carofiglio-per-ledizione-2020\/"},"author":{"name":"redazione","@id":"https:\/\/www.bellunopress.it\/#\/schema\/person\/79bb06722b37ece1c03d3e94beb30d73"},"headline":"La Maratona di Lettura a Feltre sceglie Gianrico Carofiglio per l&#8217;edizione 2020","datePublished":"2019-11-27T15:59:57+00:00","dateModified":"2019-11-27T16:00:02+00:00","mainEntityOfPage":{"@id":"https:\/\/www.bellunopress.it\/2019\/11\/27\/la-maratona-di-lettura-a-feltre-sceglie-gianrico-carofiglio-per-ledizione-2020\/"},"wordCount":453,"publisher":{"@id":"https:\/\/www.bellunopress.it\/#organization"},"image":{"@id":"https:\/\/www.bellunopress.it\/2019\/11\/27\/la-maratona-di-lettura-a-feltre-sceglie-gianrico-carofiglio-per-ledizione-2020\/#primaryimage"},"thumbnailUrl":"http:\/\/www.bellunopress.it\/wp-content\/uploads\/2019\/11\/maratona-di-lettura-feltre.jpg","articleSection":["Appuntamenti, Eventi","Arte, Cultura, Spettacoli, Scienza","Pausa Caff\u00e8"],"inLanguage":"fr-FR"},{"@type":"WebPage","@id":"https:\/\/www.bellunopress.it\/2019\/11\/27\/la-maratona-di-lettura-a-feltre-sceglie-gianrico-carofiglio-per-ledizione-2020\/","url":"https:\/\/www.bellunopress.it\/2019\/11\/27\/la-maratona-di-lettura-a-feltre-sceglie-gianrico-carofiglio-per-ledizione-2020\/","name":"La Maratona di Lettura a Feltre sceglie Gianrico Carofiglio per l'edizione 2020 - Bellunopress - Dolomiti","isPartOf":{"@id":"https:\/\/www.bellunopress.it\/#website"},"primaryImageOfPage":{"@id":"https:\/\/www.bellunopress.it\/2019\/11\/27\/la-maratona-di-lettura-a-feltre-sceglie-gianrico-carofiglio-per-ledizione-2020\/#primaryimage"},"image":{"@id":"https:\/\/www.bellunopress.it\/2019\/11\/27\/la-maratona-di-lettura-a-feltre-sceglie-gianrico-carofiglio-per-ledizione-2020\/#primaryimage"},"thumbnailUrl":"http:\/\/www.bellunopress.it\/wp-content\/uploads\/2019\/11\/maratona-di-lettura-feltre.jpg","datePublished":"2019-11-27T15:59:57+00:00","dateModified":"2019-11-27T16:00:02+00:00","breadcrumb":{"@id":"https:\/\/www.bellunopress.it\/2019\/11\/27\/la-maratona-di-lettura-a-feltre-sceglie-gianrico-carofiglio-per-ledizione-2020\/#breadcrumb"},"inLanguage":"fr-FR","potentialAction":[{"@type":"ReadAction","target":["https:\/\/www.bellunopress.it\/2019\/11\/27\/la-maratona-di-lettura-a-feltre-sceglie-gianrico-carofiglio-per-ledizione-2020\/"]}]},{"@type":"ImageObject","inLanguage":"fr-FR","@id":"https:\/\/www.bellunopress.it\/2019\/11\/27\/la-maratona-di-lettura-a-feltre-sceglie-gianrico-carofiglio-per-ledizione-2020\/#primaryimage","url":"http:\/\/www.bellunopress.it\/wp-content\/uploads\/2019\/11\/maratona-di-lettura-feltre.jpg","contentUrl":"http:\/\/www.bellunopress.it\/wp-content\/uploads\/2019\/11\/maratona-di-lettura-feltre.jpg"},{"@type":"BreadcrumbList","@id":"https:\/\/www.bellunopress.it\/2019\/11\/27\/la-maratona-di-lettura-a-feltre-sceglie-gianrico-carofiglio-per-ledizione-2020\/#breadcrumb","itemListElement":[{"@type":"ListItem","position":1,"name":"Home","item":"https:\/\/www.bellunopress.it\/"},{"@type":"ListItem","position":2,"name":"La Maratona di Lettura a Feltre sceglie Gianrico Carofiglio per l&#8217;edizione 2020"}]},{"@type":"WebSite","@id":"https:\/\/www.bellunopress.it\/#website","url":"https:\/\/www.bellunopress.it\/","name":"Bellunopress - Dolomiti","description":"e-mail: redazione@bellunopress.it","publisher":{"@id":"https:\/\/www.bellunopress.it\/#organization"},"potentialAction":[{"@type":"SearchAction","target":{"@type":"EntryPoint","urlTemplate":"https:\/\/www.bellunopress.it\/?s={search_term_string}"},"query-input":{"@type":"PropertyValueSpecification","valueRequired":true,"valueName":"search_term_string"}}],"inLanguage":"fr-FR"},{"@type":"Organization","@id":"https:\/\/www.bellunopress.it\/#organization","name":"Bellunopress","url":"https:\/\/www.bellunopress.it\/","logo":{"@type":"ImageObject","inLanguage":"fr-FR","@id":"https:\/\/www.bellunopress.it\/#\/schema\/logo\/image\/","url":"https:\/\/www.bellunopress.it\/wp-content\/uploads\/2011\/05\/cropped-logo-bellunopress-.jpg","contentUrl":"https:\/\/www.bellunopress.it\/wp-content\/uploads\/2011\/05\/cropped-logo-bellunopress-.jpg","width":512,"height":512,"caption":"Bellunopress"},"image":{"@id":"https:\/\/www.bellunopress.it\/#\/schema\/logo\/image\/"},"sameAs":["https:\/\/www.facebook.com\/profile.php?id=100008943462799","https:\/\/x.com\/bellunopress","https:\/\/www.linkedin.com\/hp\/?dnr=JBzUWaJfMUw8vbXJJ2tVW5-I3jZKvC4wsoxE&amp;amp;amp;amp;amp;amp;trk=nav_responsive_tab_home","https:\/\/www.youtube.com\/channel\/UCxL0wu1uN0_3_7hGG0306cw"]},{"@type":"Person","@id":"https:\/\/www.bellunopress.it\/#\/schema\/person\/79bb06722b37ece1c03d3e94beb30d73","name":"r\u00e9daction","image":{"@type":"ImageObject","inLanguage":"fr-FR","@id":"https:\/\/secure.gravatar.com\/avatar\/37d968a2e67a6fd04c169c4bdef102d0bc5d31b2546345219e348575eb80e9a0?s=96&d=mm&r=g","url":"https:\/\/secure.gravatar.com\/avatar\/37d968a2e67a6fd04c169c4bdef102d0bc5d31b2546345219e348575eb80e9a0?s=96&d=mm&r=g","contentUrl":"https:\/\/secure.gravatar.com\/avatar\/37d968a2e67a6fd04c169c4bdef102d0bc5d31b2546345219e348575eb80e9a0?s=96&d=mm&r=g","caption":"redazione"},"sameAs":["http:\/\/www.bellunopress.it","https:\/\/x.com\/bellunopress"],"url":"https:\/\/www.bellunopress.it\/fr\/author\/redazione\/"}]}},"_links":{"self":[{"href":"https:\/\/www.bellunopress.it\/fr\/wp-json\/wp\/v2\/posts\/109976","targetHints":{"allow":["GET"]}}],"collection":[{"href":"https:\/\/www.bellunopress.it\/fr\/wp-json\/wp\/v2\/posts"}],"about":[{"href":"https:\/\/www.bellunopress.it\/fr\/wp-json\/wp\/v2\/types\/post"}],"author":[{"embeddable":true,"href":"https:\/\/www.bellunopress.it\/fr\/wp-json\/wp\/v2\/users\/2"}],"replies":[{"embeddable":true,"href":"https:\/\/www.bellunopress.it\/fr\/wp-json\/wp\/v2\/comments?post=109976"}],"version-history":[{"count":2,"href":"https:\/\/www.bellunopress.it\/fr\/wp-json\/wp\/v2\/posts\/109976\/revisions"}],"predecessor-version":[{"id":109979,"href":"https:\/\/www.bellunopress.it\/fr\/wp-json\/wp\/v2\/posts\/109976\/revisions\/109979"}],"wp:attachment":[{"href":"https:\/\/www.bellunopress.it\/fr\/wp-json\/wp\/v2\/media?parent=109976"}],"wp:term":[{"taxonomy":"category","embeddable":true,"href":"https:\/\/www.bellunopress.it\/fr\/wp-json\/wp\/v2\/categories?post=109976"},{"taxonomy":"post_tag","embeddable":true,"href":"https:\/\/www.bellunopress.it\/fr\/wp-json\/wp\/v2\/tags?post=109976"}],"curies":[{"name":"wp","href":"https:\/\/api.w.org\/{rel}","templated":true}]}}