{"id":109974,"date":"2019-11-27T15:00:10","date_gmt":"2019-11-27T14:00:10","guid":{"rendered":"http:\/\/www.bellunopress.it\/?p=109974"},"modified":"2019-11-27T15:00:10","modified_gmt":"2019-11-27T14:00:10","slug":"conclusi-11-interventi-di-messa-in-sicurezza-del-territorio-provinciale","status":"publish","type":"post","link":"https:\/\/www.bellunopress.it\/fr\/2019\/11\/27\/conclusi-11-interventi-di-messa-in-sicurezza-del-territorio-provinciale\/","title":{"rendered":"Conclusi 11 interventi di messa in sicurezza del territorio provinciale"},"content":{"rendered":"<figure id=\"attachment_101096\" aria-describedby=\"caption-attachment-101096\" style=\"width: 247px\" class=\"wp-caption alignleft\"><a href=\"http:\/\/www.bellunopress.it\/fr\/2019\/01\/11\/viabilita-in-valle-del-mis-massimo-bortoluzzi-il-ripristino-completo-a-partire-dalla-prossima-primavera\/massimo-bortoluzzi-consigliere-provinciale\/\" rel=\"attachment wp-att-101096\"><img loading=\"lazy\" decoding=\"async\" class=\"size-full wp-image-101096\" src=\"http:\/\/www.bellunopress.it\/wp-content\/uploads\/2019\/01\/Massimo-Bortoluzzi-consigliere-provinciale.jpg\" alt=\"\" width=\"247\" height=\"300\" \/><\/a><figcaption id=\"caption-attachment-101096\" class=\"wp-caption-text\">Massimo Bortoluzzi, consigliere provinciale<\/figcaption><\/figure>\n<p>Si sono chiusi nelle settimane scorse alcuni piccoli interventi di messa in sicurezza del territorio provinciale. Undici cantieri di sistemazione di piccole frane e smottamenti superficiali che erano emersi subito dopo la tempesta Vaia.<\/p>\n<p>\u00abSi tratta di operazioni in alcuni casi minime, semplici riprofilature di scarpate o posa di reti metalliche, ma comunque importantissime per le comunit\u00e0 locali, perch\u00e9 vanno a risolvere fenomeni di dissesto &#8211; commenta il consigliere provinciale delegato alla Difesa del Suolo, Massimo Bortoluzzi -. Si tratta del primo step di una serie di interventi commissariali inseriti nella ricostruzione post-Vaia, eccetto un intervento eseguito in somma urgenza con fondi provinciali derivanti dai canoni idrici. La missione della Provincia \u00e8 dare sicurezza a tutto il territorio e non trascurare neppure i pi\u00f9 piccoli problemi. Anche perch\u00e9 intervenire su quella che oggi \u00e8 una frana limitata significa risparmiare risorse ed evitare che il fenomeno possa aggravarsi. \u00c8 questo lo spirito con cui i tecnici del settore Difesa del Suolo sono intervenuti tra l\u2019Alpago, il Cadore e l\u2019Agordino\u00bb.<\/p>\n<p>La somma complessiva di spesa degli undici cantieri di messa in sicurezza si aggira sui 530.000 euro. L\u2019intervento pi\u00f9 consistente, chiuso prima della nevicata dei giorni scorsi, \u00e8 quello di Davedino (in Comune di Livinallongo), dove l\u2019unica via di accesso alla frazione era stata interessata da una frana. Il ripristino delle condizioni di sicurezza della carreggiata e il consolidamento del versante hanno visto un investimento con fondi propri da parte della Provincia di circa 250.000 euro.<\/p>\n<p>Altri due interventi sono stati portati avanti a Chies d\u2019Alpago, per un valore di circa 60.000 euro. Si tratta di una sistemazione in localit\u00e0 Alpaos (con impianto di strutture metalliche di contenimento di una scarpata) e di una stabilizzazione di versante in localit\u00e0 Codenzano. I tecnici sono intervenuti anche a Tambre, localit\u00e0 Sora Lavina, per sistemare una frana superficiale che minacciava la strada di accesso a un\u2019abitazione, a monte del torrente Borsoia.<\/p>\n<p>Tre le operazioni condotte a Santo Stefano di Cadore: lavori di drenaggio superficiale hanno consentito di risolvere una piccola frana a Costalissoio e di sistemare un dissesto che insisteva su Piazza Santissima Trinit\u00e0, mentre in localit\u00e0 Casada \u00e8 stato ripristinato un versante dove stava iniziando un piccolo movimento franoso.<\/p>\n<p>A Zopp\u00e9 la Provincia ha sistemato la frana che minacciava la strada provinciale e il monumento ai caduti; inoltre, in localit\u00e0 La Vara ha realizzato una struttura contenitiva in pietrame e legname per eliminare un dissesto superficiale. A San Pietro di Cadore il cantiere \u00e8 stato pi\u00f9 consistente: per eliminare la frana di via San Pietro, \u00e8 stato necessario costruire una gabbionata, con tanto di intervento di drenaggio. Infine, a Gosaldo, in localit\u00e0 Renon, \u00e8 stata posata una rete metallica per ricomporre lo smottamento di una scarpata.<\/p>","protected":false},"excerpt":{"rendered":"<p>Si sono chiusi nelle settimane scorse alcuni piccoli interventi di messa in sicurezza del territorio provinciale. Undici cantieri di sistemazione di piccole frane e smottamenti superficiali che erano emersi subito dopo la tempesta Vaia. \u00abSi tratta di operazioni in alcuni casi minime, semplici riprofilature di scarpate o posa di reti metalliche, ma comunque importantissime per [&hellip;]<\/p>\n","protected":false},"author":2,"featured_media":0,"comment_status":"closed","ping_status":"open","sticky":false,"template":"","format":"standard","meta":{"footnotes":""},"categories":[5,26,8],"tags":[],"class_list":["post-109974","post","type-post","status-publish","format-standard","category-cronaca","category-prima-pagina","category-societa-istituzioni"],"yoast_head":"<!-- This site is optimized with the Yoast SEO plugin v28.4 - https:\/\/yoast.com\/product\/yoast-seo-wordpress\/ -->\n<title>Conclusi 11 interventi di messa in sicurezza del territorio provinciale - Bellunopress - Dolomiti<\/title>\n<meta name=\"robots\" content=\"index, follow, max-snippet:-1, max-image-preview:large, max-video-preview:-1\" \/>\n<link rel=\"canonical\" href=\"https:\/\/www.bellunopress.it\/fr\/2019\/11\/27\/conclusi-11-interventi-di-messa-in-sicurezza-del-territorio-provinciale\/\" \/>\n<meta property=\"og:locale\" content=\"fr_FR\" \/>\n<meta property=\"og:type\" content=\"article\" \/>\n<meta property=\"og:title\" content=\"Conclusi 11 interventi di messa in sicurezza del territorio provinciale - Bellunopress - Dolomiti\" \/>\n<meta property=\"og:description\" content=\"Si sono chiusi nelle settimane scorse alcuni piccoli interventi di messa in sicurezza del territorio provinciale. Undici cantieri di sistemazione di piccole frane e smottamenti superficiali che erano emersi subito dopo la tempesta Vaia. \u00abSi tratta di operazioni in alcuni casi minime, semplici riprofilature di scarpate o posa di reti metalliche, ma comunque importantissime per [&hellip;]\" \/>\n<meta property=\"og:url\" content=\"https:\/\/www.bellunopress.it\/fr\/2019\/11\/27\/conclusi-11-interventi-di-messa-in-sicurezza-del-territorio-provinciale\/\" \/>\n<meta property=\"og:site_name\" content=\"Bellunopress - Dolomiti\" \/>\n<meta property=\"article:publisher\" content=\"https:\/\/www.facebook.com\/profile.php?id=100008943462799\" \/>\n<meta property=\"article:published_time\" content=\"2019-11-27T14:00:10+00:00\" \/>\n<meta property=\"og:image\" content=\"http:\/\/www.bellunopress.it\/wp-content\/uploads\/2019\/01\/Massimo-Bortoluzzi-consigliere-provinciale.jpg\" \/>\n<meta name=\"author\" content=\"redazione\" \/>\n<meta name=\"twitter:card\" content=\"summary_large_image\" \/>\n<meta name=\"twitter:creator\" content=\"@bellunopress\" \/>\n<meta name=\"twitter:site\" content=\"@bellunopress\" \/>\n<meta name=\"twitter:label1\" content=\"Written by\" \/>\n\t<meta name=\"twitter:data1\" content=\"redazione\" \/>\n\t<meta name=\"twitter:label2\" content=\"Est. reading time\" \/>\n\t<meta name=\"twitter:data2\" content=\"2 minutes\" \/>\n<script type=\"application\/ld+json\" class=\"yoast-schema-graph\">{\"@context\":\"https:\\\/\\\/schema.org\",\"@graph\":[{\"@type\":\"Article\",\"@id\":\"https:\\\/\\\/www.bellunopress.it\\\/2019\\\/11\\\/27\\\/conclusi-11-interventi-di-messa-in-sicurezza-del-territorio-provinciale\\\/#article\",\"isPartOf\":{\"@id\":\"https:\\\/\\\/www.bellunopress.it\\\/2019\\\/11\\\/27\\\/conclusi-11-interventi-di-messa-in-sicurezza-del-territorio-provinciale\\\/\"},\"author\":{\"name\":\"redazione\",\"@id\":\"https:\\\/\\\/www.bellunopress.it\\\/#\\\/schema\\\/person\\\/79bb06722b37ece1c03d3e94beb30d73\"},\"headline\":\"Conclusi 11 interventi di messa in sicurezza del territorio provinciale\",\"datePublished\":\"2019-11-27T14:00:10+00:00\",\"mainEntityOfPage\":{\"@id\":\"https:\\\/\\\/www.bellunopress.it\\\/2019\\\/11\\\/27\\\/conclusi-11-interventi-di-messa-in-sicurezza-del-territorio-provinciale\\\/\"},\"wordCount\":467,\"publisher\":{\"@id\":\"https:\\\/\\\/www.bellunopress.it\\\/#organization\"},\"image\":{\"@id\":\"https:\\\/\\\/www.bellunopress.it\\\/2019\\\/11\\\/27\\\/conclusi-11-interventi-di-messa-in-sicurezza-del-territorio-provinciale\\\/#primaryimage\"},\"thumbnailUrl\":\"http:\\\/\\\/www.bellunopress.it\\\/wp-content\\\/uploads\\\/2019\\\/01\\\/Massimo-Bortoluzzi-consigliere-provinciale.jpg\",\"articleSection\":[\"Cronaca\\\/Politica\",\"Prima Pagina\",\"Societ\u00e0, Associazioni, Istituzioni\"],\"inLanguage\":\"fr-FR\"},{\"@type\":\"WebPage\",\"@id\":\"https:\\\/\\\/www.bellunopress.it\\\/2019\\\/11\\\/27\\\/conclusi-11-interventi-di-messa-in-sicurezza-del-territorio-provinciale\\\/\",\"url\":\"https:\\\/\\\/www.bellunopress.it\\\/2019\\\/11\\\/27\\\/conclusi-11-interventi-di-messa-in-sicurezza-del-territorio-provinciale\\\/\",\"name\":\"Conclusi 11 interventi di messa in sicurezza del territorio provinciale - Bellunopress - Dolomiti\",\"isPartOf\":{\"@id\":\"https:\\\/\\\/www.bellunopress.it\\\/#website\"},\"primaryImageOfPage\":{\"@id\":\"https:\\\/\\\/www.bellunopress.it\\\/2019\\\/11\\\/27\\\/conclusi-11-interventi-di-messa-in-sicurezza-del-territorio-provinciale\\\/#primaryimage\"},\"image\":{\"@id\":\"https:\\\/\\\/www.bellunopress.it\\\/2019\\\/11\\\/27\\\/conclusi-11-interventi-di-messa-in-sicurezza-del-territorio-provinciale\\\/#primaryimage\"},\"thumbnailUrl\":\"http:\\\/\\\/www.bellunopress.it\\\/wp-content\\\/uploads\\\/2019\\\/01\\\/Massimo-Bortoluzzi-consigliere-provinciale.jpg\",\"datePublished\":\"2019-11-27T14:00:10+00:00\",\"breadcrumb\":{\"@id\":\"https:\\\/\\\/www.bellunopress.it\\\/2019\\\/11\\\/27\\\/conclusi-11-interventi-di-messa-in-sicurezza-del-territorio-provinciale\\\/#breadcrumb\"},\"inLanguage\":\"fr-FR\",\"potentialAction\":[{\"@type\":\"ReadAction\",\"target\":[\"https:\\\/\\\/www.bellunopress.it\\\/2019\\\/11\\\/27\\\/conclusi-11-interventi-di-messa-in-sicurezza-del-territorio-provinciale\\\/\"]}]},{\"@type\":\"ImageObject\",\"inLanguage\":\"fr-FR\",\"@id\":\"https:\\\/\\\/www.bellunopress.it\\\/2019\\\/11\\\/27\\\/conclusi-11-interventi-di-messa-in-sicurezza-del-territorio-provinciale\\\/#primaryimage\",\"url\":\"http:\\\/\\\/www.bellunopress.it\\\/wp-content\\\/uploads\\\/2019\\\/01\\\/Massimo-Bortoluzzi-consigliere-provinciale.jpg\",\"contentUrl\":\"http:\\\/\\\/www.bellunopress.it\\\/wp-content\\\/uploads\\\/2019\\\/01\\\/Massimo-Bortoluzzi-consigliere-provinciale.jpg\"},{\"@type\":\"BreadcrumbList\",\"@id\":\"https:\\\/\\\/www.bellunopress.it\\\/2019\\\/11\\\/27\\\/conclusi-11-interventi-di-messa-in-sicurezza-del-territorio-provinciale\\\/#breadcrumb\",\"itemListElement\":[{\"@type\":\"ListItem\",\"position\":1,\"name\":\"Home\",\"item\":\"https:\\\/\\\/www.bellunopress.it\\\/\"},{\"@type\":\"ListItem\",\"position\":2,\"name\":\"Conclusi 11 interventi di messa in sicurezza del territorio provinciale\"}]},{\"@type\":\"WebSite\",\"@id\":\"https:\\\/\\\/www.bellunopress.it\\\/#website\",\"url\":\"https:\\\/\\\/www.bellunopress.it\\\/\",\"name\":\"Bellunopress - Dolomiti\",\"description\":\"e-mail: redazione@bellunopress.it\",\"publisher\":{\"@id\":\"https:\\\/\\\/www.bellunopress.it\\\/#organization\"},\"potentialAction\":[{\"@type\":\"SearchAction\",\"target\":{\"@type\":\"EntryPoint\",\"urlTemplate\":\"https:\\\/\\\/www.bellunopress.it\\\/?s={search_term_string}\"},\"query-input\":{\"@type\":\"PropertyValueSpecification\",\"valueRequired\":true,\"valueName\":\"search_term_string\"}}],\"inLanguage\":\"fr-FR\"},{\"@type\":\"Organization\",\"@id\":\"https:\\\/\\\/www.bellunopress.it\\\/#organization\",\"name\":\"Bellunopress\",\"url\":\"https:\\\/\\\/www.bellunopress.it\\\/\",\"logo\":{\"@type\":\"ImageObject\",\"inLanguage\":\"fr-FR\",\"@id\":\"https:\\\/\\\/www.bellunopress.it\\\/#\\\/schema\\\/logo\\\/image\\\/\",\"url\":\"https:\\\/\\\/www.bellunopress.it\\\/wp-content\\\/uploads\\\/2011\\\/05\\\/cropped-logo-bellunopress-.jpg\",\"contentUrl\":\"https:\\\/\\\/www.bellunopress.it\\\/wp-content\\\/uploads\\\/2011\\\/05\\\/cropped-logo-bellunopress-.jpg\",\"width\":512,\"height\":512,\"caption\":\"Bellunopress\"},\"image\":{\"@id\":\"https:\\\/\\\/www.bellunopress.it\\\/#\\\/schema\\\/logo\\\/image\\\/\"},\"sameAs\":[\"https:\\\/\\\/www.facebook.com\\\/profile.php?id=100008943462799\",\"https:\\\/\\\/x.com\\\/bellunopress\",\"https:\\\/\\\/www.linkedin.com\\\/hp\\\/?dnr=JBzUWaJfMUw8vbXJJ2tVW5-I3jZKvC4wsoxE&amp;amp;amp;amp;amp;amp;trk=nav_responsive_tab_home\",\"https:\\\/\\\/www.youtube.com\\\/channel\\\/UCxL0wu1uN0_3_7hGG0306cw\"]},{\"@type\":\"Person\",\"@id\":\"https:\\\/\\\/www.bellunopress.it\\\/#\\\/schema\\\/person\\\/79bb06722b37ece1c03d3e94beb30d73\",\"name\":\"redazione\",\"image\":{\"@type\":\"ImageObject\",\"inLanguage\":\"fr-FR\",\"@id\":\"https:\\\/\\\/secure.gravatar.com\\\/avatar\\\/37d968a2e67a6fd04c169c4bdef102d0bc5d31b2546345219e348575eb80e9a0?s=96&d=mm&r=g\",\"url\":\"https:\\\/\\\/secure.gravatar.com\\\/avatar\\\/37d968a2e67a6fd04c169c4bdef102d0bc5d31b2546345219e348575eb80e9a0?s=96&d=mm&r=g\",\"contentUrl\":\"https:\\\/\\\/secure.gravatar.com\\\/avatar\\\/37d968a2e67a6fd04c169c4bdef102d0bc5d31b2546345219e348575eb80e9a0?s=96&d=mm&r=g\",\"caption\":\"redazione\"},\"sameAs\":[\"http:\\\/\\\/www.bellunopress.it\",\"https:\\\/\\\/x.com\\\/bellunopress\"],\"url\":\"https:\\\/\\\/www.bellunopress.it\\\/fr\\\/author\\\/redazione\\\/\"}]}<\/script>\n<!-- \/ Yoast SEO plugin. -->","yoast_head_json":{"title":"Conclusi 11 interventi di messa in sicurezza del territorio provinciale - Bellunopress - Dolomiti","robots":{"index":"index","follow":"follow","max-snippet":"max-snippet:-1","max-image-preview":"max-image-preview:large","max-video-preview":"max-video-preview:-1"},"canonical":"https:\/\/www.bellunopress.it\/fr\/2019\/11\/27\/conclusi-11-interventi-di-messa-in-sicurezza-del-territorio-provinciale\/","og_locale":"fr_FR","og_type":"article","og_title":"Conclusi 11 interventi di messa in sicurezza del territorio provinciale - Bellunopress - Dolomiti","og_description":"Si sono chiusi nelle settimane scorse alcuni piccoli interventi di messa in sicurezza del territorio provinciale. Undici cantieri di sistemazione di piccole frane e smottamenti superficiali che erano emersi subito dopo la tempesta Vaia. \u00abSi tratta di operazioni in alcuni casi minime, semplici riprofilature di scarpate o posa di reti metalliche, ma comunque importantissime per [&hellip;]","og_url":"https:\/\/www.bellunopress.it\/fr\/2019\/11\/27\/conclusi-11-interventi-di-messa-in-sicurezza-del-territorio-provinciale\/","og_site_name":"Bellunopress - Dolomiti","article_publisher":"https:\/\/www.facebook.com\/profile.php?id=100008943462799","article_published_time":"2019-11-27T14:00:10+00:00","og_image":[{"url":"http:\/\/www.bellunopress.it\/wp-content\/uploads\/2019\/01\/Massimo-Bortoluzzi-consigliere-provinciale.jpg","type":"","width":"","height":""}],"author":"redazione","twitter_card":"summary_large_image","twitter_creator":"@bellunopress","twitter_site":"@bellunopress","twitter_misc":{"Written by":"redazione","Est. reading time":"2 minutes"},"schema":{"@context":"https:\/\/schema.org","@graph":[{"@type":"Article","@id":"https:\/\/www.bellunopress.it\/2019\/11\/27\/conclusi-11-interventi-di-messa-in-sicurezza-del-territorio-provinciale\/#article","isPartOf":{"@id":"https:\/\/www.bellunopress.it\/2019\/11\/27\/conclusi-11-interventi-di-messa-in-sicurezza-del-territorio-provinciale\/"},"author":{"name":"redazione","@id":"https:\/\/www.bellunopress.it\/#\/schema\/person\/79bb06722b37ece1c03d3e94beb30d73"},"headline":"Conclusi 11 interventi di messa in sicurezza del territorio provinciale","datePublished":"2019-11-27T14:00:10+00:00","mainEntityOfPage":{"@id":"https:\/\/www.bellunopress.it\/2019\/11\/27\/conclusi-11-interventi-di-messa-in-sicurezza-del-territorio-provinciale\/"},"wordCount":467,"publisher":{"@id":"https:\/\/www.bellunopress.it\/#organization"},"image":{"@id":"https:\/\/www.bellunopress.it\/2019\/11\/27\/conclusi-11-interventi-di-messa-in-sicurezza-del-territorio-provinciale\/#primaryimage"},"thumbnailUrl":"http:\/\/www.bellunopress.it\/wp-content\/uploads\/2019\/01\/Massimo-Bortoluzzi-consigliere-provinciale.jpg","articleSection":["Cronaca\/Politica","Prima Pagina","Societ\u00e0, Associazioni, Istituzioni"],"inLanguage":"fr-FR"},{"@type":"WebPage","@id":"https:\/\/www.bellunopress.it\/2019\/11\/27\/conclusi-11-interventi-di-messa-in-sicurezza-del-territorio-provinciale\/","url":"https:\/\/www.bellunopress.it\/2019\/11\/27\/conclusi-11-interventi-di-messa-in-sicurezza-del-territorio-provinciale\/","name":"Conclusi 11 interventi di messa in sicurezza del territorio provinciale - Bellunopress - Dolomiti","isPartOf":{"@id":"https:\/\/www.bellunopress.it\/#website"},"primaryImageOfPage":{"@id":"https:\/\/www.bellunopress.it\/2019\/11\/27\/conclusi-11-interventi-di-messa-in-sicurezza-del-territorio-provinciale\/#primaryimage"},"image":{"@id":"https:\/\/www.bellunopress.it\/2019\/11\/27\/conclusi-11-interventi-di-messa-in-sicurezza-del-territorio-provinciale\/#primaryimage"},"thumbnailUrl":"http:\/\/www.bellunopress.it\/wp-content\/uploads\/2019\/01\/Massimo-Bortoluzzi-consigliere-provinciale.jpg","datePublished":"2019-11-27T14:00:10+00:00","breadcrumb":{"@id":"https:\/\/www.bellunopress.it\/2019\/11\/27\/conclusi-11-interventi-di-messa-in-sicurezza-del-territorio-provinciale\/#breadcrumb"},"inLanguage":"fr-FR","potentialAction":[{"@type":"ReadAction","target":["https:\/\/www.bellunopress.it\/2019\/11\/27\/conclusi-11-interventi-di-messa-in-sicurezza-del-territorio-provinciale\/"]}]},{"@type":"ImageObject","inLanguage":"fr-FR","@id":"https:\/\/www.bellunopress.it\/2019\/11\/27\/conclusi-11-interventi-di-messa-in-sicurezza-del-territorio-provinciale\/#primaryimage","url":"http:\/\/www.bellunopress.it\/wp-content\/uploads\/2019\/01\/Massimo-Bortoluzzi-consigliere-provinciale.jpg","contentUrl":"http:\/\/www.bellunopress.it\/wp-content\/uploads\/2019\/01\/Massimo-Bortoluzzi-consigliere-provinciale.jpg"},{"@type":"BreadcrumbList","@id":"https:\/\/www.bellunopress.it\/2019\/11\/27\/conclusi-11-interventi-di-messa-in-sicurezza-del-territorio-provinciale\/#breadcrumb","itemListElement":[{"@type":"ListItem","position":1,"name":"Home","item":"https:\/\/www.bellunopress.it\/"},{"@type":"ListItem","position":2,"name":"Conclusi 11 interventi di messa in sicurezza del territorio provinciale"}]},{"@type":"WebSite","@id":"https:\/\/www.bellunopress.it\/#website","url":"https:\/\/www.bellunopress.it\/","name":"Bellunopress - Dolomiti","description":"e-mail: redazione@bellunopress.it","publisher":{"@id":"https:\/\/www.bellunopress.it\/#organization"},"potentialAction":[{"@type":"SearchAction","target":{"@type":"EntryPoint","urlTemplate":"https:\/\/www.bellunopress.it\/?s={search_term_string}"},"query-input":{"@type":"PropertyValueSpecification","valueRequired":true,"valueName":"search_term_string"}}],"inLanguage":"fr-FR"},{"@type":"Organization","@id":"https:\/\/www.bellunopress.it\/#organization","name":"Bellunopress","url":"https:\/\/www.bellunopress.it\/","logo":{"@type":"ImageObject","inLanguage":"fr-FR","@id":"https:\/\/www.bellunopress.it\/#\/schema\/logo\/image\/","url":"https:\/\/www.bellunopress.it\/wp-content\/uploads\/2011\/05\/cropped-logo-bellunopress-.jpg","contentUrl":"https:\/\/www.bellunopress.it\/wp-content\/uploads\/2011\/05\/cropped-logo-bellunopress-.jpg","width":512,"height":512,"caption":"Bellunopress"},"image":{"@id":"https:\/\/www.bellunopress.it\/#\/schema\/logo\/image\/"},"sameAs":["https:\/\/www.facebook.com\/profile.php?id=100008943462799","https:\/\/x.com\/bellunopress","https:\/\/www.linkedin.com\/hp\/?dnr=JBzUWaJfMUw8vbXJJ2tVW5-I3jZKvC4wsoxE&amp;amp;amp;amp;amp;amp;trk=nav_responsive_tab_home","https:\/\/www.youtube.com\/channel\/UCxL0wu1uN0_3_7hGG0306cw"]},{"@type":"Person","@id":"https:\/\/www.bellunopress.it\/#\/schema\/person\/79bb06722b37ece1c03d3e94beb30d73","name":"r\u00e9daction","image":{"@type":"ImageObject","inLanguage":"fr-FR","@id":"https:\/\/secure.gravatar.com\/avatar\/37d968a2e67a6fd04c169c4bdef102d0bc5d31b2546345219e348575eb80e9a0?s=96&d=mm&r=g","url":"https:\/\/secure.gravatar.com\/avatar\/37d968a2e67a6fd04c169c4bdef102d0bc5d31b2546345219e348575eb80e9a0?s=96&d=mm&r=g","contentUrl":"https:\/\/secure.gravatar.com\/avatar\/37d968a2e67a6fd04c169c4bdef102d0bc5d31b2546345219e348575eb80e9a0?s=96&d=mm&r=g","caption":"redazione"},"sameAs":["http:\/\/www.bellunopress.it","https:\/\/x.com\/bellunopress"],"url":"https:\/\/www.bellunopress.it\/fr\/author\/redazione\/"}]}},"_links":{"self":[{"href":"https:\/\/www.bellunopress.it\/fr\/wp-json\/wp\/v2\/posts\/109974","targetHints":{"allow":["GET"]}}],"collection":[{"href":"https:\/\/www.bellunopress.it\/fr\/wp-json\/wp\/v2\/posts"}],"about":[{"href":"https:\/\/www.bellunopress.it\/fr\/wp-json\/wp\/v2\/types\/post"}],"author":[{"embeddable":true,"href":"https:\/\/www.bellunopress.it\/fr\/wp-json\/wp\/v2\/users\/2"}],"replies":[{"embeddable":true,"href":"https:\/\/www.bellunopress.it\/fr\/wp-json\/wp\/v2\/comments?post=109974"}],"version-history":[{"count":1,"href":"https:\/\/www.bellunopress.it\/fr\/wp-json\/wp\/v2\/posts\/109974\/revisions"}],"predecessor-version":[{"id":109975,"href":"https:\/\/www.bellunopress.it\/fr\/wp-json\/wp\/v2\/posts\/109974\/revisions\/109975"}],"wp:attachment":[{"href":"https:\/\/www.bellunopress.it\/fr\/wp-json\/wp\/v2\/media?parent=109974"}],"wp:term":[{"taxonomy":"category","embeddable":true,"href":"https:\/\/www.bellunopress.it\/fr\/wp-json\/wp\/v2\/categories?post=109974"},{"taxonomy":"post_tag","embeddable":true,"href":"https:\/\/www.bellunopress.it\/fr\/wp-json\/wp\/v2\/tags?post=109974"}],"curies":[{"name":"wp","href":"https:\/\/api.w.org\/{rel}","templated":true}]}}