{"id":109972,"date":"2019-11-27T14:43:03","date_gmt":"2019-11-27T13:43:03","guid":{"rendered":"http:\/\/www.bellunopress.it\/?p=109972"},"modified":"2019-11-27T14:43:03","modified_gmt":"2019-11-27T13:43:03","slug":"la-situazione-nellindustria-trevigiana-e-bellunese-nel-terzo-trimestre-2019-prosegue-la-frenata-del-manifatturiero","status":"publish","type":"post","link":"https:\/\/www.bellunopress.it\/fr\/2019\/11\/27\/la-situazione-nellindustria-trevigiana-e-bellunese-nel-terzo-trimestre-2019-prosegue-la-frenata-del-manifatturiero\/","title":{"rendered":"La situazione nell&#8217;industria trevigiana e bellunese\u00a0nel terzo trimestre 2019. Prosegue la frenata del manifatturiero"},"content":{"rendered":"<figure id=\"attachment_62915\" aria-describedby=\"caption-attachment-62915\" style=\"width: 290px\" class=\"wp-caption alignleft\"><a href=\"http:\/\/www.bellunopress.it\/fr\/2014\/09\/26\/open-week-settimana-per-promuovere-limprenditoria-femminile-giovedi-2-ottobre-a-belluno\/camera-di-commercio-belluno\/\" rel=\"attachment wp-att-62915\"><img loading=\"lazy\" decoding=\"async\" class=\"size-full wp-image-62915\" src=\"http:\/\/www.bellunopress.it\/wp-content\/uploads\/2014\/09\/camera-di-commercio-belluno.jpg\" alt=\"\" width=\"290\" height=\"218\" \/><\/a><figcaption id=\"caption-attachment-62915\" class=\"wp-caption-text\">Camera di Commercio, sede di Belluno<\/figcaption><\/figure>\n<p><em>La variazione su base annua della produzione si assesta al +1,0% per Treviso e al -0,9% per Belluno. Pesa l&#8217;indebolimento della domanda estera. Ma il quadro pu\u00f2 definirsi di sostanziale tenuta, se si guarda al complesso degli indicatori e alle previsioni per il 4\u00b0 trimestre.<\/em><\/p>\n<p>Treviso, 27 Novembre 2019. Prosegue anche nel terzo trimestre 2019 la decelerazione del sistema manifatturiero nelle due provincie di Treviso e Belluno, in un quadro tuttavia che pu\u00f2 definirsi di sostanziale tenuta. Al netto, infatti, delle consuete flessioni congiunturali (rispetto al trimestre precedente) determinate dalla pausa estiva, va evidenziato che, ad eccezione del fatturato estero, tutti gli altri indicatori si mantengono in territorio positivo, pur prossimi alla stazionariet\u00e0.<\/p>\n<p>La variazione tendenziale su base annua della produzione si assesta al +1,0% per la provincia di Treviso, con un\u2019ulteriore, lieve, decelerazione rispetto a quanto rilevato a giugno (+1,2%). Analoga dinamica si registra per la provincia di Belluno, dove il tasso di crescita della produzione su base annua entra, di poco, in territorio negativo (passa dal +0,8% al -0,9%).<\/p>\n<p>Pi\u00f9 marcata decelerazione conosce il fatturato: del +0,8% \u00e8 l&#8217;ultima variazione tendenziale rilevata in provincia di Treviso, contro il +1,9% di giugno. Ci\u00f2 per effetto, in particolare, di un fatturato estero in flessione del -2,4% su base annua. Questo \u00e8 il dato campionario, ma si ricorda che il dato ufficiale ISTAT sulla dinamica delle esportazioni trevigiane nei primi sei mesi del 2019 metteva gi\u00e0 in evidenza una contrazione del -1,5% rispetto allo stesso periodo dell&#8217;anno precedente.<\/p>\n<p>Situazione analoga a Belluno: qui la variazione tendenziale annua era gi\u00e0 in territorio negativo nel secondo trimestre (-1,9%), e permane tale nel terzo (-1,7%). A peggiorare, secondo il dato campionario, il fatturato estero: in flessione del -3,5% su base annua. In questo caso, la sponda con il dato ufficiale ISTAT \u00e8 quanto mai d&#8217;obbligo, considerate le probabili distorsioni statistiche indotte dalla minore numerosit\u00e0 del campione bellunese (che ad ogni modo cerca di rappresentare il tessuto produttivo provinciale nel suo complesso). In effetti, si ricorda che le esportazioni bellunesi nei primi 6 mesi del 2019 sono risultate in crescita del +6,4% rispetto allo stesso periodo dell&#8217;anno precedente. Ma per merito, sostanzialmente, del recupero dell\u2019occhialeria, a fronte invece di altri settori manifatturieri con export in significativa contrazione, quali i macchinari industriali (-3,5%), sempre sulla base dei dati ISTAT.<\/p>\n<p>Stabili gli ordinativi, fatto che \u00e8 gi\u00e0 una buona notizia: prendendo sempre a riferimento le variazioni tendenziali su base annua, a Treviso la raccolta ordini dall&#8217;estero quanto meno non risulta in calo (+0,4%) e leggermente meglio va la raccolta ordini dal mercato nazionale (+1,4%). La lunghezza del portafoglio ordini delle imprese trevigiane si mantiene in media attorno ai 49 giorni, valore stabile da tre trimestri. Analoga dinamica si ripropone a Belluno, pur con un\u2019intensit\u00e0 \u201cviziata\u201d dalla numerosit\u00e0 campionaria: +1,7% gli ordinativi dall&#8217;estero, +4,5% gli ordinativi dal mercato interno.<\/p>\n<p>Le previsioni per il quarto trimestre non fanno emergere radicali cambiamenti di clima: gli imprenditori trevigiani e bellunesi non vedono all&#8217;orizzonte n\u00e9 peggioramenti n\u00e9 miglioramenti. Maggiore scetticismo si addensa sugli ordinativi interni, in particolare nel manifatturiero trevigiano (1 imprenditore su 3 prevede un ulteriore indebolimento della domanda interna). Ma questa specifica indicazione viene controbilanciata dal fatto che, per tutti gli indicatori monitorati (produzione, fatturato, domanda), quasi 1 imprenditore su 2 ritiene che \u201csi andr\u00e0 avanti cos\u00ec\u201d, in una sorta di veleggiamento attorno all&#8217;ormai consueto \u201czerovirgola\u201d.<\/p>\n<p>C\u2019\u00e8 insomma molto attendismo, fra gli imprenditori. E ci sono le consuete polarizzazioni fra chi ritiene possa andar bene o male. Sul fatturato, tanto a Treviso quanto a Belluno, un 30% di imprenditori scommette sulla sua crescita, a fronte di un 25-26% che invece ne prevede una flessione. Sulla domanda estera, si richiama l&#8217;attenzione in particolare sul dato trevigiano: il 28% degli imprenditori resta ottimista, contro un 24% di pessimisti. I saldi positivi che ne discendono, pur esigui, in favore della crescita, sono piccoli ma importanti segnali di tenuta del sistema produttivo locale, in un quadro internazionale che resta comunque critico, soprattutto con riferimento alla contrazione di mercato per i beni intermedi e i beni d\u2019investimento.<\/p>\n<figure id=\"attachment_78272\" aria-describedby=\"caption-attachment-78272\" style=\"width: 191px\" class=\"wp-caption alignleft\"><a href=\"http:\/\/www.bellunopress.it\/fr\/2016\/06\/11\/cortina-2021-mario-pozza\/mario_pozza-pres-camera-commercio-tv-bl\/\" rel=\"attachment wp-att-78272\"><img loading=\"lazy\" decoding=\"async\" class=\"size-full wp-image-78272\" src=\"http:\/\/www.bellunopress.it\/wp-content\/uploads\/2016\/06\/Mario_Pozza-pres-camera-commercio-tv-bl.jpg\" alt=\"\" width=\"191\" height=\"215\" \/><\/a><figcaption id=\"caption-attachment-78272\" class=\"wp-caption-text\">Mario Pozza presidente CCIIAA Treviso Belluno<\/figcaption><\/figure>\n<p>\u201cE\u2019 una situazione che caratterizza l\u2019intero manifatturiero regionale &#8211; commenta in prima battuta il Presidente della Camera di Commercio, Mario Pozza &#8211; : stiamo soffrendo per il progressivo indebolimento della domanda (interna ed estera), fatte salve alcune situazioni settoriali specifiche, come l\u2019occhialeria o l\u2019alimentare. Ma la cosa che va evidenziata \u2013 aggiunge subito Pozza &#8211; \u00e8 che, nonostante i segnali di rallentamento dell\u2019export, gli altri indicatori relativi alla produzione, al fatturato, alla raccolta ordini, non vanno in territorio negativo. Il sistema per ora tiene, viene da dire, riesce come ad elaborare una strategia adattiva all\u2019incertezza.<\/p>\n<p>Certo \u2013 conclude Pozza \u2013 non ci sono anticorpi sufficienti laddove il Sistema Paese non ti aiuta, laddove all\u2019incertezza globale si aggiunge l\u2019incertezza delle politiche nazionali. Tuttavia il sistema camerale c\u2019\u00e8, con i provvedimenti economici a sostegno della digitalizzazione, dell\u2019orientamento al lavoro e alle professioni, al turismo, all\u2019internazionalizzazione e agli organismi di prevenzione delle crisi aziendali. Con meno risorse, ma sempre di pi\u00f9, accanto al sistema economico e al sistema impresa nazionale e locale grazie alle sedi delle Camere di Commercio provinciali distribuite in tutta Italia, capaci di dare risposte dirette alle esigenze dei territori.<\/p>","protected":false},"excerpt":{"rendered":"<p>La variazione su base annua della produzione si assesta al +1,0% per Treviso e al -0,9% per Belluno. Pesa l&#8217;indebolimento della domanda estera. Ma il quadro pu\u00f2 definirsi di sostanziale tenuta, se si guarda al complesso degli indicatori e alle previsioni per il 4\u00b0 trimestre. Treviso, 27 Novembre 2019. Prosegue anche nel terzo trimestre 2019 [&hellip;]<\/p>\n","protected":false},"author":2,"featured_media":0,"comment_status":"closed","ping_status":"open","sticky":false,"template":"","format":"standard","meta":{"footnotes":""},"categories":[36,26],"tags":[],"class_list":["post-109972","post","type-post","status-publish","format-standard","category-lavoro-economia","category-prima-pagina"],"yoast_head":"<!-- This site is optimized with the Yoast SEO plugin v28.4 - https:\/\/yoast.com\/product\/yoast-seo-wordpress\/ -->\n<title>La situazione nell&#039;industria trevigiana e bellunese\u00a0nel terzo trimestre 2019. Prosegue la frenata del manifatturiero - Bellunopress - Dolomiti<\/title>\n<meta name=\"robots\" content=\"index, follow, max-snippet:-1, max-image-preview:large, max-video-preview:-1\" \/>\n<link rel=\"canonical\" href=\"https:\/\/www.bellunopress.it\/fr\/2019\/11\/27\/la-situazione-nellindustria-trevigiana-e-bellunese-nel-terzo-trimestre-2019-prosegue-la-frenata-del-manifatturiero\/\" \/>\n<meta property=\"og:locale\" content=\"fr_FR\" \/>\n<meta property=\"og:type\" content=\"article\" \/>\n<meta property=\"og:title\" content=\"La situazione nell&#039;industria trevigiana e bellunese\u00a0nel terzo trimestre 2019. Prosegue la frenata del manifatturiero - Bellunopress - Dolomiti\" \/>\n<meta property=\"og:description\" content=\"La variazione su base annua della produzione si assesta al +1,0% per Treviso e al -0,9% per Belluno. Pesa l&#8217;indebolimento della domanda estera. Ma il quadro pu\u00f2 definirsi di sostanziale tenuta, se si guarda al complesso degli indicatori e alle previsioni per il 4\u00b0 trimestre. Treviso, 27 Novembre 2019. Prosegue anche nel terzo trimestre 2019 [&hellip;]\" \/>\n<meta property=\"og:url\" content=\"https:\/\/www.bellunopress.it\/fr\/2019\/11\/27\/la-situazione-nellindustria-trevigiana-e-bellunese-nel-terzo-trimestre-2019-prosegue-la-frenata-del-manifatturiero\/\" \/>\n<meta property=\"og:site_name\" content=\"Bellunopress - Dolomiti\" \/>\n<meta property=\"article:publisher\" content=\"https:\/\/www.facebook.com\/profile.php?id=100008943462799\" \/>\n<meta property=\"article:published_time\" content=\"2019-11-27T13:43:03+00:00\" \/>\n<meta property=\"og:image\" content=\"http:\/\/www.bellunopress.it\/wp-content\/uploads\/2014\/09\/camera-di-commercio-belluno.jpg\" \/>\n<meta name=\"author\" content=\"redazione\" \/>\n<meta name=\"twitter:card\" content=\"summary_large_image\" \/>\n<meta name=\"twitter:creator\" content=\"@bellunopress\" \/>\n<meta name=\"twitter:site\" content=\"@bellunopress\" \/>\n<meta name=\"twitter:label1\" content=\"\u00c9crit par\" \/>\n\t<meta name=\"twitter:data1\" content=\"redazione\" \/>\n\t<meta name=\"twitter:label2\" content=\"Dur\u00e9e de lecture estim\u00e9e\" \/>\n\t<meta name=\"twitter:data2\" content=\"4 minutes\" \/>\n<script type=\"application\/ld+json\" class=\"yoast-schema-graph\">{\"@context\":\"https:\\\/\\\/schema.org\",\"@graph\":[{\"@type\":\"Article\",\"@id\":\"https:\\\/\\\/www.bellunopress.it\\\/2019\\\/11\\\/27\\\/la-situazione-nellindustria-trevigiana-e-bellunese-nel-terzo-trimestre-2019-prosegue-la-frenata-del-manifatturiero\\\/#article\",\"isPartOf\":{\"@id\":\"https:\\\/\\\/www.bellunopress.it\\\/2019\\\/11\\\/27\\\/la-situazione-nellindustria-trevigiana-e-bellunese-nel-terzo-trimestre-2019-prosegue-la-frenata-del-manifatturiero\\\/\"},\"author\":{\"name\":\"redazione\",\"@id\":\"https:\\\/\\\/www.bellunopress.it\\\/#\\\/schema\\\/person\\\/79bb06722b37ece1c03d3e94beb30d73\"},\"headline\":\"La situazione nell&#8217;industria trevigiana e bellunese\u00a0nel terzo trimestre 2019. Prosegue la frenata del manifatturiero\",\"datePublished\":\"2019-11-27T13:43:03+00:00\",\"mainEntityOfPage\":{\"@id\":\"https:\\\/\\\/www.bellunopress.it\\\/2019\\\/11\\\/27\\\/la-situazione-nellindustria-trevigiana-e-bellunese-nel-terzo-trimestre-2019-prosegue-la-frenata-del-manifatturiero\\\/\"},\"wordCount\":891,\"publisher\":{\"@id\":\"https:\\\/\\\/www.bellunopress.it\\\/#organization\"},\"image\":{\"@id\":\"https:\\\/\\\/www.bellunopress.it\\\/2019\\\/11\\\/27\\\/la-situazione-nellindustria-trevigiana-e-bellunese-nel-terzo-trimestre-2019-prosegue-la-frenata-del-manifatturiero\\\/#primaryimage\"},\"thumbnailUrl\":\"http:\\\/\\\/www.bellunopress.it\\\/wp-content\\\/uploads\\\/2014\\\/09\\\/camera-di-commercio-belluno.jpg\",\"articleSection\":[\"Lavoro, Economia, Turismo\",\"Prima Pagina\"],\"inLanguage\":\"fr-FR\"},{\"@type\":\"WebPage\",\"@id\":\"https:\\\/\\\/www.bellunopress.it\\\/2019\\\/11\\\/27\\\/la-situazione-nellindustria-trevigiana-e-bellunese-nel-terzo-trimestre-2019-prosegue-la-frenata-del-manifatturiero\\\/\",\"url\":\"https:\\\/\\\/www.bellunopress.it\\\/2019\\\/11\\\/27\\\/la-situazione-nellindustria-trevigiana-e-bellunese-nel-terzo-trimestre-2019-prosegue-la-frenata-del-manifatturiero\\\/\",\"name\":\"La situazione nell'industria trevigiana e bellunese\u00a0nel terzo trimestre 2019. Prosegue la frenata del manifatturiero - Bellunopress - Dolomiti\",\"isPartOf\":{\"@id\":\"https:\\\/\\\/www.bellunopress.it\\\/#website\"},\"primaryImageOfPage\":{\"@id\":\"https:\\\/\\\/www.bellunopress.it\\\/2019\\\/11\\\/27\\\/la-situazione-nellindustria-trevigiana-e-bellunese-nel-terzo-trimestre-2019-prosegue-la-frenata-del-manifatturiero\\\/#primaryimage\"},\"image\":{\"@id\":\"https:\\\/\\\/www.bellunopress.it\\\/2019\\\/11\\\/27\\\/la-situazione-nellindustria-trevigiana-e-bellunese-nel-terzo-trimestre-2019-prosegue-la-frenata-del-manifatturiero\\\/#primaryimage\"},\"thumbnailUrl\":\"http:\\\/\\\/www.bellunopress.it\\\/wp-content\\\/uploads\\\/2014\\\/09\\\/camera-di-commercio-belluno.jpg\",\"datePublished\":\"2019-11-27T13:43:03+00:00\",\"breadcrumb\":{\"@id\":\"https:\\\/\\\/www.bellunopress.it\\\/2019\\\/11\\\/27\\\/la-situazione-nellindustria-trevigiana-e-bellunese-nel-terzo-trimestre-2019-prosegue-la-frenata-del-manifatturiero\\\/#breadcrumb\"},\"inLanguage\":\"fr-FR\",\"potentialAction\":[{\"@type\":\"ReadAction\",\"target\":[\"https:\\\/\\\/www.bellunopress.it\\\/2019\\\/11\\\/27\\\/la-situazione-nellindustria-trevigiana-e-bellunese-nel-terzo-trimestre-2019-prosegue-la-frenata-del-manifatturiero\\\/\"]}]},{\"@type\":\"ImageObject\",\"inLanguage\":\"fr-FR\",\"@id\":\"https:\\\/\\\/www.bellunopress.it\\\/2019\\\/11\\\/27\\\/la-situazione-nellindustria-trevigiana-e-bellunese-nel-terzo-trimestre-2019-prosegue-la-frenata-del-manifatturiero\\\/#primaryimage\",\"url\":\"http:\\\/\\\/www.bellunopress.it\\\/wp-content\\\/uploads\\\/2014\\\/09\\\/camera-di-commercio-belluno.jpg\",\"contentUrl\":\"http:\\\/\\\/www.bellunopress.it\\\/wp-content\\\/uploads\\\/2014\\\/09\\\/camera-di-commercio-belluno.jpg\"},{\"@type\":\"BreadcrumbList\",\"@id\":\"https:\\\/\\\/www.bellunopress.it\\\/2019\\\/11\\\/27\\\/la-situazione-nellindustria-trevigiana-e-bellunese-nel-terzo-trimestre-2019-prosegue-la-frenata-del-manifatturiero\\\/#breadcrumb\",\"itemListElement\":[{\"@type\":\"ListItem\",\"position\":1,\"name\":\"Home\",\"item\":\"https:\\\/\\\/www.bellunopress.it\\\/\"},{\"@type\":\"ListItem\",\"position\":2,\"name\":\"La situazione nell&#8217;industria trevigiana e bellunese\u00a0nel terzo trimestre 2019. Prosegue la frenata del manifatturiero\"}]},{\"@type\":\"WebSite\",\"@id\":\"https:\\\/\\\/www.bellunopress.it\\\/#website\",\"url\":\"https:\\\/\\\/www.bellunopress.it\\\/\",\"name\":\"Bellunopress - Dolomiti\",\"description\":\"e-mail: redazione@bellunopress.it\",\"publisher\":{\"@id\":\"https:\\\/\\\/www.bellunopress.it\\\/#organization\"},\"potentialAction\":[{\"@type\":\"SearchAction\",\"target\":{\"@type\":\"EntryPoint\",\"urlTemplate\":\"https:\\\/\\\/www.bellunopress.it\\\/?s={search_term_string}\"},\"query-input\":{\"@type\":\"PropertyValueSpecification\",\"valueRequired\":true,\"valueName\":\"search_term_string\"}}],\"inLanguage\":\"fr-FR\"},{\"@type\":\"Organization\",\"@id\":\"https:\\\/\\\/www.bellunopress.it\\\/#organization\",\"name\":\"Bellunopress\",\"url\":\"https:\\\/\\\/www.bellunopress.it\\\/\",\"logo\":{\"@type\":\"ImageObject\",\"inLanguage\":\"fr-FR\",\"@id\":\"https:\\\/\\\/www.bellunopress.it\\\/#\\\/schema\\\/logo\\\/image\\\/\",\"url\":\"https:\\\/\\\/www.bellunopress.it\\\/wp-content\\\/uploads\\\/2011\\\/05\\\/cropped-logo-bellunopress-.jpg\",\"contentUrl\":\"https:\\\/\\\/www.bellunopress.it\\\/wp-content\\\/uploads\\\/2011\\\/05\\\/cropped-logo-bellunopress-.jpg\",\"width\":512,\"height\":512,\"caption\":\"Bellunopress\"},\"image\":{\"@id\":\"https:\\\/\\\/www.bellunopress.it\\\/#\\\/schema\\\/logo\\\/image\\\/\"},\"sameAs\":[\"https:\\\/\\\/www.facebook.com\\\/profile.php?id=100008943462799\",\"https:\\\/\\\/x.com\\\/bellunopress\",\"https:\\\/\\\/www.linkedin.com\\\/hp\\\/?dnr=JBzUWaJfMUw8vbXJJ2tVW5-I3jZKvC4wsoxE&amp;amp;amp;amp;amp;amp;trk=nav_responsive_tab_home\",\"https:\\\/\\\/www.youtube.com\\\/channel\\\/UCxL0wu1uN0_3_7hGG0306cw\"]},{\"@type\":\"Person\",\"@id\":\"https:\\\/\\\/www.bellunopress.it\\\/#\\\/schema\\\/person\\\/79bb06722b37ece1c03d3e94beb30d73\",\"name\":\"redazione\",\"image\":{\"@type\":\"ImageObject\",\"inLanguage\":\"fr-FR\",\"@id\":\"https:\\\/\\\/secure.gravatar.com\\\/avatar\\\/37d968a2e67a6fd04c169c4bdef102d0bc5d31b2546345219e348575eb80e9a0?s=96&d=mm&r=g\",\"url\":\"https:\\\/\\\/secure.gravatar.com\\\/avatar\\\/37d968a2e67a6fd04c169c4bdef102d0bc5d31b2546345219e348575eb80e9a0?s=96&d=mm&r=g\",\"contentUrl\":\"https:\\\/\\\/secure.gravatar.com\\\/avatar\\\/37d968a2e67a6fd04c169c4bdef102d0bc5d31b2546345219e348575eb80e9a0?s=96&d=mm&r=g\",\"caption\":\"redazione\"},\"sameAs\":[\"http:\\\/\\\/www.bellunopress.it\",\"https:\\\/\\\/x.com\\\/bellunopress\"],\"url\":\"https:\\\/\\\/www.bellunopress.it\\\/fr\\\/author\\\/redazione\\\/\"}]}<\/script>\n<!-- \/ Yoast SEO plugin. -->","yoast_head_json":{"title":"La situazione nell'industria trevigiana e bellunese\u00a0nel terzo trimestre 2019. Prosegue la frenata del manifatturiero - Bellunopress - Dolomiti","robots":{"index":"index","follow":"follow","max-snippet":"max-snippet:-1","max-image-preview":"max-image-preview:large","max-video-preview":"max-video-preview:-1"},"canonical":"https:\/\/www.bellunopress.it\/fr\/2019\/11\/27\/la-situazione-nellindustria-trevigiana-e-bellunese-nel-terzo-trimestre-2019-prosegue-la-frenata-del-manifatturiero\/","og_locale":"fr_FR","og_type":"article","og_title":"La situazione nell'industria trevigiana e bellunese\u00a0nel terzo trimestre 2019. Prosegue la frenata del manifatturiero - Bellunopress - Dolomiti","og_description":"La variazione su base annua della produzione si assesta al +1,0% per Treviso e al -0,9% per Belluno. Pesa l&#8217;indebolimento della domanda estera. Ma il quadro pu\u00f2 definirsi di sostanziale tenuta, se si guarda al complesso degli indicatori e alle previsioni per il 4\u00b0 trimestre. Treviso, 27 Novembre 2019. Prosegue anche nel terzo trimestre 2019 [&hellip;]","og_url":"https:\/\/www.bellunopress.it\/fr\/2019\/11\/27\/la-situazione-nellindustria-trevigiana-e-bellunese-nel-terzo-trimestre-2019-prosegue-la-frenata-del-manifatturiero\/","og_site_name":"Bellunopress - Dolomiti","article_publisher":"https:\/\/www.facebook.com\/profile.php?id=100008943462799","article_published_time":"2019-11-27T13:43:03+00:00","og_image":[{"url":"http:\/\/www.bellunopress.it\/wp-content\/uploads\/2014\/09\/camera-di-commercio-belluno.jpg","type":"","width":"","height":""}],"author":"redazione","twitter_card":"summary_large_image","twitter_creator":"@bellunopress","twitter_site":"@bellunopress","twitter_misc":{"\u00c9crit par":"redazione","Dur\u00e9e de lecture estim\u00e9e":"4 minutes"},"schema":{"@context":"https:\/\/schema.org","@graph":[{"@type":"Article","@id":"https:\/\/www.bellunopress.it\/2019\/11\/27\/la-situazione-nellindustria-trevigiana-e-bellunese-nel-terzo-trimestre-2019-prosegue-la-frenata-del-manifatturiero\/#article","isPartOf":{"@id":"https:\/\/www.bellunopress.it\/2019\/11\/27\/la-situazione-nellindustria-trevigiana-e-bellunese-nel-terzo-trimestre-2019-prosegue-la-frenata-del-manifatturiero\/"},"author":{"name":"redazione","@id":"https:\/\/www.bellunopress.it\/#\/schema\/person\/79bb06722b37ece1c03d3e94beb30d73"},"headline":"La situazione nell&#8217;industria trevigiana e bellunese\u00a0nel terzo trimestre 2019. Prosegue la frenata del manifatturiero","datePublished":"2019-11-27T13:43:03+00:00","mainEntityOfPage":{"@id":"https:\/\/www.bellunopress.it\/2019\/11\/27\/la-situazione-nellindustria-trevigiana-e-bellunese-nel-terzo-trimestre-2019-prosegue-la-frenata-del-manifatturiero\/"},"wordCount":891,"publisher":{"@id":"https:\/\/www.bellunopress.it\/#organization"},"image":{"@id":"https:\/\/www.bellunopress.it\/2019\/11\/27\/la-situazione-nellindustria-trevigiana-e-bellunese-nel-terzo-trimestre-2019-prosegue-la-frenata-del-manifatturiero\/#primaryimage"},"thumbnailUrl":"http:\/\/www.bellunopress.it\/wp-content\/uploads\/2014\/09\/camera-di-commercio-belluno.jpg","articleSection":["Lavoro, Economia, Turismo","Prima Pagina"],"inLanguage":"fr-FR"},{"@type":"WebPage","@id":"https:\/\/www.bellunopress.it\/2019\/11\/27\/la-situazione-nellindustria-trevigiana-e-bellunese-nel-terzo-trimestre-2019-prosegue-la-frenata-del-manifatturiero\/","url":"https:\/\/www.bellunopress.it\/2019\/11\/27\/la-situazione-nellindustria-trevigiana-e-bellunese-nel-terzo-trimestre-2019-prosegue-la-frenata-del-manifatturiero\/","name":"La situazione nell'industria trevigiana e bellunese\u00a0nel terzo trimestre 2019. Prosegue la frenata del manifatturiero - Bellunopress - Dolomiti","isPartOf":{"@id":"https:\/\/www.bellunopress.it\/#website"},"primaryImageOfPage":{"@id":"https:\/\/www.bellunopress.it\/2019\/11\/27\/la-situazione-nellindustria-trevigiana-e-bellunese-nel-terzo-trimestre-2019-prosegue-la-frenata-del-manifatturiero\/#primaryimage"},"image":{"@id":"https:\/\/www.bellunopress.it\/2019\/11\/27\/la-situazione-nellindustria-trevigiana-e-bellunese-nel-terzo-trimestre-2019-prosegue-la-frenata-del-manifatturiero\/#primaryimage"},"thumbnailUrl":"http:\/\/www.bellunopress.it\/wp-content\/uploads\/2014\/09\/camera-di-commercio-belluno.jpg","datePublished":"2019-11-27T13:43:03+00:00","breadcrumb":{"@id":"https:\/\/www.bellunopress.it\/2019\/11\/27\/la-situazione-nellindustria-trevigiana-e-bellunese-nel-terzo-trimestre-2019-prosegue-la-frenata-del-manifatturiero\/#breadcrumb"},"inLanguage":"fr-FR","potentialAction":[{"@type":"ReadAction","target":["https:\/\/www.bellunopress.it\/2019\/11\/27\/la-situazione-nellindustria-trevigiana-e-bellunese-nel-terzo-trimestre-2019-prosegue-la-frenata-del-manifatturiero\/"]}]},{"@type":"ImageObject","inLanguage":"fr-FR","@id":"https:\/\/www.bellunopress.it\/2019\/11\/27\/la-situazione-nellindustria-trevigiana-e-bellunese-nel-terzo-trimestre-2019-prosegue-la-frenata-del-manifatturiero\/#primaryimage","url":"http:\/\/www.bellunopress.it\/wp-content\/uploads\/2014\/09\/camera-di-commercio-belluno.jpg","contentUrl":"http:\/\/www.bellunopress.it\/wp-content\/uploads\/2014\/09\/camera-di-commercio-belluno.jpg"},{"@type":"BreadcrumbList","@id":"https:\/\/www.bellunopress.it\/2019\/11\/27\/la-situazione-nellindustria-trevigiana-e-bellunese-nel-terzo-trimestre-2019-prosegue-la-frenata-del-manifatturiero\/#breadcrumb","itemListElement":[{"@type":"ListItem","position":1,"name":"Home","item":"https:\/\/www.bellunopress.it\/"},{"@type":"ListItem","position":2,"name":"La situazione nell&#8217;industria trevigiana e bellunese\u00a0nel terzo trimestre 2019. Prosegue la frenata del manifatturiero"}]},{"@type":"WebSite","@id":"https:\/\/www.bellunopress.it\/#website","url":"https:\/\/www.bellunopress.it\/","name":"Bellunopress - Dolomiti","description":"e-mail: redazione@bellunopress.it","publisher":{"@id":"https:\/\/www.bellunopress.it\/#organization"},"potentialAction":[{"@type":"SearchAction","target":{"@type":"EntryPoint","urlTemplate":"https:\/\/www.bellunopress.it\/?s={search_term_string}"},"query-input":{"@type":"PropertyValueSpecification","valueRequired":true,"valueName":"search_term_string"}}],"inLanguage":"fr-FR"},{"@type":"Organization","@id":"https:\/\/www.bellunopress.it\/#organization","name":"Bellunopress","url":"https:\/\/www.bellunopress.it\/","logo":{"@type":"ImageObject","inLanguage":"fr-FR","@id":"https:\/\/www.bellunopress.it\/#\/schema\/logo\/image\/","url":"https:\/\/www.bellunopress.it\/wp-content\/uploads\/2011\/05\/cropped-logo-bellunopress-.jpg","contentUrl":"https:\/\/www.bellunopress.it\/wp-content\/uploads\/2011\/05\/cropped-logo-bellunopress-.jpg","width":512,"height":512,"caption":"Bellunopress"},"image":{"@id":"https:\/\/www.bellunopress.it\/#\/schema\/logo\/image\/"},"sameAs":["https:\/\/www.facebook.com\/profile.php?id=100008943462799","https:\/\/x.com\/bellunopress","https:\/\/www.linkedin.com\/hp\/?dnr=JBzUWaJfMUw8vbXJJ2tVW5-I3jZKvC4wsoxE&amp;amp;amp;amp;amp;amp;trk=nav_responsive_tab_home","https:\/\/www.youtube.com\/channel\/UCxL0wu1uN0_3_7hGG0306cw"]},{"@type":"Person","@id":"https:\/\/www.bellunopress.it\/#\/schema\/person\/79bb06722b37ece1c03d3e94beb30d73","name":"r\u00e9daction","image":{"@type":"ImageObject","inLanguage":"fr-FR","@id":"https:\/\/secure.gravatar.com\/avatar\/37d968a2e67a6fd04c169c4bdef102d0bc5d31b2546345219e348575eb80e9a0?s=96&d=mm&r=g","url":"https:\/\/secure.gravatar.com\/avatar\/37d968a2e67a6fd04c169c4bdef102d0bc5d31b2546345219e348575eb80e9a0?s=96&d=mm&r=g","contentUrl":"https:\/\/secure.gravatar.com\/avatar\/37d968a2e67a6fd04c169c4bdef102d0bc5d31b2546345219e348575eb80e9a0?s=96&d=mm&r=g","caption":"redazione"},"sameAs":["http:\/\/www.bellunopress.it","https:\/\/x.com\/bellunopress"],"url":"https:\/\/www.bellunopress.it\/fr\/author\/redazione\/"}]}},"_links":{"self":[{"href":"https:\/\/www.bellunopress.it\/fr\/wp-json\/wp\/v2\/posts\/109972","targetHints":{"allow":["GET"]}}],"collection":[{"href":"https:\/\/www.bellunopress.it\/fr\/wp-json\/wp\/v2\/posts"}],"about":[{"href":"https:\/\/www.bellunopress.it\/fr\/wp-json\/wp\/v2\/types\/post"}],"author":[{"embeddable":true,"href":"https:\/\/www.bellunopress.it\/fr\/wp-json\/wp\/v2\/users\/2"}],"replies":[{"embeddable":true,"href":"https:\/\/www.bellunopress.it\/fr\/wp-json\/wp\/v2\/comments?post=109972"}],"version-history":[{"count":1,"href":"https:\/\/www.bellunopress.it\/fr\/wp-json\/wp\/v2\/posts\/109972\/revisions"}],"predecessor-version":[{"id":109973,"href":"https:\/\/www.bellunopress.it\/fr\/wp-json\/wp\/v2\/posts\/109972\/revisions\/109973"}],"wp:attachment":[{"href":"https:\/\/www.bellunopress.it\/fr\/wp-json\/wp\/v2\/media?parent=109972"}],"wp:term":[{"taxonomy":"category","embeddable":true,"href":"https:\/\/www.bellunopress.it\/fr\/wp-json\/wp\/v2\/categories?post=109972"},{"taxonomy":"post_tag","embeddable":true,"href":"https:\/\/www.bellunopress.it\/fr\/wp-json\/wp\/v2\/tags?post=109972"}],"curies":[{"name":"wp","href":"https:\/\/api.w.org\/{rel}","templated":true}]}}