{"id":109968,"date":"2019-11-27T12:41:25","date_gmt":"2019-11-27T11:41:25","guid":{"rendered":"http:\/\/www.bellunopress.it\/?p=109968"},"modified":"2019-11-27T12:42:13","modified_gmt":"2019-11-27T11:42:13","slug":"crescita-in-stallo-17-mercato-estero-incerto-secondo-venetocongiuntura-nel-terzo-trimestre-2019-lexport-si-e-allentato-mercato-interno-robusto-previsioni-degli-imprenditori-in-lieve-migliora","status":"publish","type":"post","link":"https:\/\/www.bellunopress.it\/fr\/2019\/11\/27\/crescita-in-stallo-17-mercato-estero-incerto-secondo-venetocongiuntura-nel-terzo-trimestre-2019-lexport-si-e-allentato-mercato-interno-robusto-previsioni-degli-imprenditori-in-lieve-migliora\/","title":{"rendered":"Crescita in stallo (+1,7%). Mercato estero incerto. Secondo VenetoCongiuntura, nel terzo trimestre 2019 l&#8217;export si \u00e8 allentato.Mercato interno robusto. Previsioni degli imprenditori in lieve miglioramento"},"content":{"rendered":"<figure id=\"attachment_98121\" aria-describedby=\"caption-attachment-98121\" style=\"width: 232px\" class=\"wp-caption alignleft\"><a href=\"http:\/\/www.bellunopress.it\/fr\/2018\/09\/21\/unioncamere-veneto-pozza-confermato-alla-presidenza-fino-al-2021\/mario-pozza-2\/\" rel=\"attachment wp-att-98121\"><img loading=\"lazy\" decoding=\"async\" class=\"size-full wp-image-98121\" src=\"http:\/\/www.bellunopress.it\/wp-content\/uploads\/2018\/09\/Mario-Pozza.jpg\" alt=\"\" width=\"232\" height=\"300\" \/><\/a><figcaption id=\"caption-attachment-98121\" class=\"wp-caption-text\">Mario Pozza<\/figcaption><\/figure>\n<p>Venezia, 27 novembre 2019 | Nel terzo trimestre 2019, sulla base dell&#8217;indagine VenetoCongiuntura, la produzione industriale ha registrato una crescita del +1,7% rispetto allo stesso trimestre dell&#8217;anno precedente. Prosegue la decrescita dell&#8217;indicatore che nel 2018 aveva evidenziato in media d&#8217;anno un +3,2% (+4,1% nel 2017), con valori di intensit\u00e0 via via sempre inferiori. Su base trimestrale l&#8217;indice destagionalizzato della produzione industriale \u00e8 cresciuto del +0,9%. L&#8217;analisi congiunturale sull&#8217;industria manifatturiera, realizzata da Unioncamere del Veneto, \u00e8 stata effettuata su un campione di oltre 1.700 imprese con almeno 10 addetti (www.venetocongiuntura.it).<\/p>\n<p>La presentazione dei dati si \u00e8 tenuta questa mattina, presso la Camera di Commercio di Padova, alla presenza di Mario Pozza, presidente di Unioncamere del Veneto, e di Antonio Santocono, presidente della Camera di Commercio di Padova.<\/p>\n<p>\u00abIl quadro che emerge dall&#8217;analisi congiunturale del settore manifatturiero del Veneto nel terzo trimestre 2019 \u00e8 improntato a una crescita moderata e incerta dei principali indicatori economici in un contesto nazionale e internazionale con forti avversit\u00e0 \u2013 sottolinea Mario Pozza, presidente di Unioncamere del Veneto. Abbiamo davanti un periodo di grande insicurezza dovuto ai conflitti commerciali, alle crescenti tensioni geopolitiche, alla persistente debolezza del settore manifatturiero e alla Brexit. L&#8217;attivit\u00e0 economica mondiale e il commercio internazionale hanno rallentato determinando un fiacco aumento del Pil nel 2019 (+3%). Per l&#8217;Italia le stime prevedono una crescita da &#8220;zero virgola&#8221;: +0,1% nel 2019, +0,4% nel 2020. In un contesto fermo risultano in moderato aumento anche le principali componenti dell&#8217;economia del Veneto. Nelle stime di Prometeia, il Pil regionale avr\u00e0 un incremento annuo limitato del +0,4% rispetto al 2018, sintesi di previsioni di crescita mediocre della domanda sia interna (+0,9%) che estera (+2%), stabilit\u00e0 dei consumi delle famiglie e situazione critica per gli investimenti. Si potrebbe fare di pi\u00f9? Certo, come sistema camerale resta fondamentale l&#8217;impegno per il mantenimento di una costante attenzione al monitoraggio del sistema economico regionale e dei suoi territori e per il rafforzamento di comuni strategie di intervento volte allo sviluppo del sistema economico regionale e al continuo miglioramento della sua competitivit\u00e0\u00bb.<\/p>\n<p><strong>Produzione<\/strong><\/p>\n<p>Sotto il profilo dimensionale le imprese di piccole dimensioni (10-49 addetti) hanno segnato una variazione del +1,9%, in linea con le medie e grandi imprese (50 addetti e pi\u00f9) che hanno registrato un +1,5%. Osservando la tipologia di beni la crescita \u00e8 trainata dalle imprese che producono beni di consumo (+5,2%), pi\u00f9 contenuto \u00e8 stato l&#8217;aumento per le aziende che producono beni di investimento (+1,3%) mentre hanno segnato una variazione negativa le aziende dei beni intermedi (-1,4%). A livello settoriale i comparti che hanno registrato una tendenza positiva pi\u00f9 marcata sono quelli dell&#8217;alimentare e bevande e del marmo, vetro e ceramica (entrambi +5,9%), seguono le macchine elettriche ed elettroniche (+3,9%), la gomma e plastica (+2,3%) e la carta e stampa (+2,3%). Negative sono invece le variazioni dei settori mezzi di trasporto (-4,2%), tessile e abbigliamento (-1,5%) e metalli (-0,4%). Nel terzo trimestre 2019 diminuisce lievemente la quota di imprese che registrano incrementi dei livelli produttivi (47% contro il 49% del trimestre precedente) e aumenta invece la quota di quelle che dichiarano variazioni negative della produzione (36% rispetto al 35% dello scorso trimestre). Il tasso di utilizzo degli impianti \u00e8 leggermente diminuito rispetto al trimestre precedente, attestandosi al 71,3%. Il 55,1% delle imprese industriali ha ritenuto adeguato il livello delle giacenze dei prodotti finiti, mentre il 7,1% del campione ha valutato le giacenze scarse e il 6,5% in esubero. Il 31,2% delle imprese non tiene giacenze in azienda.<\/p>\n<p><strong>Fatturato<\/strong><\/p>\n<p>Nei mesi luglio-settembre 2019 il fatturato totale ha evidenziato una dinamica positiva del +0,9% rispetto allo stesso trimestre dell&#8217;anno precedente, variazione pi\u00f9 debole dei trimestri precedenti. A livello dimensionale la performance migliore ha riguardato le medie e grandi imprese (+1,4%) seguite dalle piccole (+0,6%). Spiccano le dinamiche positive delle aziende del marmo, vetro e ceramiche (+12,6%), dell&#8217;alimentare (+3,6%) e del legno e mobile (+3,3%), mentre segnano una variazione negativa i settori tessile e abbigliamento (-7,6%) e mezzi di trasporto (-5%). La dinamica del fatturato \u00e8 ascrivibile alla variazione positiva delle vendite interne (+1,5%) mentre rimane stabile il fatturato estero. Buona la performance del fatturato interno ed estero per i settori marmo, vetro e ceramica (+13,8%), alimentare e bevande (+2,8%) e legno e mobile (+2,4%).<\/p>\n<p><strong>Ordinativi<\/strong><\/p>\n<p>Gli ordinativi totali hanno segnato una performance positiva pari a +1,1% determinata a livello dimensionale dall&#8217;andamento delle medio-grandi imprese (+1,4%) seguite dalle piccole (+0,9%). Sotto il profilo settoriale spiccano le variazioni dei comparti carta e stampa (+5,7%) e mezzi di trasporto (+3,8%). Gli ordinativi provenienti dal mercato interno hanno evidenziato un aumento del +1,3% senza differenza di performance per dimensione aziendale. A livello settoriale spiccano le dinamiche dei settori mezzi di trasporto (+6,6%), carta e stampa (5%) e tessile (+4,4%). Performance positiva ma debole per gli ordinativi esteri che registrano un +0,7%, migliore per le piccole imprese (+1,4%) rispetto alle medie e grandi imprese (+0,5%). Tutti i settori registrano variazioni positive ad esclusione del tessile e abbigliamento (-12,9%). Tra le variazioni in aumento spiccano i comparti carte e stampa (+7,7%), alimentare e bevande (+4,8%) e macchine elettriche ed elettroniche (+4,2%).<\/p>\n<p><strong>Previsioni<\/strong><\/p>\n<p>Nel terzo trimestre 2019 le aspettative degli imprenditori per i successivi tre mesi risultano in leggero miglioramento rispetto al trimestre precedente. Per il fatturato e gli ordini esteri il saldo tra coloro che prevedono un incremento e coloro che si attendono una diminuzione \u00e8 risultato positivo (rispettivamente +0,5 p.p. e +0,6 p.p.) mentre per gli ordini interni e la produzione il saldo ha registrato valori negativi ma in miglioramento rispetto al trimestre precedente (-5,6 p.p. e -2 p.p.).<\/p>","protected":false},"excerpt":{"rendered":"<p>Venezia, 27 novembre 2019 | Nel terzo trimestre 2019, sulla base dell&#8217;indagine VenetoCongiuntura, la produzione industriale ha registrato una crescita del +1,7% rispetto allo stesso trimestre dell&#8217;anno precedente. Prosegue la decrescita dell&#8217;indicatore che nel 2018 aveva evidenziato in media d&#8217;anno un +3,2% (+4,1% nel 2017), con valori di intensit\u00e0 via via sempre inferiori. Su base [&hellip;]<\/p>\n","protected":false},"author":2,"featured_media":0,"comment_status":"closed","ping_status":"open","sticky":false,"template":"","format":"standard","meta":{"footnotes":""},"categories":[1],"tags":[],"class_list":["post-109968","post","type-post","status-publish","format-standard","category-leo"],"yoast_head":"<!-- This site is optimized with the Yoast SEO plugin v28.4 - https:\/\/yoast.com\/product\/yoast-seo-wordpress\/ -->\n<title>Crescita in stallo (+1,7%). Mercato estero incerto. Secondo VenetoCongiuntura, nel terzo trimestre 2019 l&#039;export si \u00e8 allentato.Mercato interno robusto. Previsioni degli imprenditori in lieve miglioramento - Bellunopress - Dolomiti<\/title>\n<meta name=\"robots\" content=\"index, follow, max-snippet:-1, max-image-preview:large, max-video-preview:-1\" \/>\n<link rel=\"canonical\" href=\"https:\/\/www.bellunopress.it\/fr\/2019\/11\/27\/crescita-in-stallo-17-mercato-estero-incerto-secondo-venetocongiuntura-nel-terzo-trimestre-2019-lexport-si-e-allentato-mercato-interno-robusto-previsioni-degli-imprenditori-in-lieve-migliora\/\" \/>\n<meta property=\"og:locale\" content=\"fr_FR\" \/>\n<meta property=\"og:type\" content=\"article\" \/>\n<meta property=\"og:title\" content=\"Crescita in stallo (+1,7%). Mercato estero incerto. Secondo VenetoCongiuntura, nel terzo trimestre 2019 l&#039;export si \u00e8 allentato.Mercato interno robusto. Previsioni degli imprenditori in lieve miglioramento - Bellunopress - Dolomiti\" \/>\n<meta property=\"og:description\" content=\"Venezia, 27 novembre 2019 | Nel terzo trimestre 2019, sulla base dell&#8217;indagine VenetoCongiuntura, la produzione industriale ha registrato una crescita del +1,7% rispetto allo stesso trimestre dell&#8217;anno precedente. Prosegue la decrescita dell&#8217;indicatore che nel 2018 aveva evidenziato in media d&#8217;anno un +3,2% (+4,1% nel 2017), con valori di intensit\u00e0 via via sempre inferiori. Su base [&hellip;]\" \/>\n<meta property=\"og:url\" content=\"https:\/\/www.bellunopress.it\/fr\/2019\/11\/27\/crescita-in-stallo-17-mercato-estero-incerto-secondo-venetocongiuntura-nel-terzo-trimestre-2019-lexport-si-e-allentato-mercato-interno-robusto-previsioni-degli-imprenditori-in-lieve-migliora\/\" \/>\n<meta property=\"og:site_name\" content=\"Bellunopress - Dolomiti\" \/>\n<meta property=\"article:publisher\" content=\"https:\/\/www.facebook.com\/profile.php?id=100008943462799\" \/>\n<meta property=\"article:published_time\" content=\"2019-11-27T11:41:25+00:00\" \/>\n<meta property=\"article:modified_time\" content=\"2019-11-27T11:42:13+00:00\" \/>\n<meta property=\"og:image\" content=\"http:\/\/www.bellunopress.it\/wp-content\/uploads\/2018\/09\/Mario-Pozza.jpg\" \/>\n<meta name=\"author\" content=\"redazione\" \/>\n<meta name=\"twitter:card\" content=\"summary_large_image\" \/>\n<meta name=\"twitter:creator\" content=\"@bellunopress\" \/>\n<meta name=\"twitter:site\" content=\"@bellunopress\" \/>\n<meta name=\"twitter:label1\" content=\"\u00c9crit par\" \/>\n\t<meta name=\"twitter:data1\" content=\"redazione\" \/>\n\t<meta name=\"twitter:label2\" content=\"Dur\u00e9e de lecture estim\u00e9e\" \/>\n\t<meta name=\"twitter:data2\" content=\"4 minutes\" \/>\n<script type=\"application\/ld+json\" class=\"yoast-schema-graph\">{\"@context\":\"https:\\\/\\\/schema.org\",\"@graph\":[{\"@type\":\"Article\",\"@id\":\"https:\\\/\\\/www.bellunopress.it\\\/2019\\\/11\\\/27\\\/crescita-in-stallo-17-mercato-estero-incerto-secondo-venetocongiuntura-nel-terzo-trimestre-2019-lexport-si-e-allentato-mercato-interno-robusto-previsioni-degli-imprenditori-in-lieve-migliora\\\/#article\",\"isPartOf\":{\"@id\":\"https:\\\/\\\/www.bellunopress.it\\\/2019\\\/11\\\/27\\\/crescita-in-stallo-17-mercato-estero-incerto-secondo-venetocongiuntura-nel-terzo-trimestre-2019-lexport-si-e-allentato-mercato-interno-robusto-previsioni-degli-imprenditori-in-lieve-migliora\\\/\"},\"author\":{\"name\":\"redazione\",\"@id\":\"https:\\\/\\\/www.bellunopress.it\\\/#\\\/schema\\\/person\\\/79bb06722b37ece1c03d3e94beb30d73\"},\"headline\":\"Crescita in stallo (+1,7%). Mercato estero incerto. Secondo VenetoCongiuntura, nel terzo trimestre 2019 l&#8217;export si \u00e8 allentato.Mercato interno robusto. Previsioni degli imprenditori in lieve miglioramento\",\"datePublished\":\"2019-11-27T11:41:25+00:00\",\"dateModified\":\"2019-11-27T11:42:13+00:00\",\"mainEntityOfPage\":{\"@id\":\"https:\\\/\\\/www.bellunopress.it\\\/2019\\\/11\\\/27\\\/crescita-in-stallo-17-mercato-estero-incerto-secondo-venetocongiuntura-nel-terzo-trimestre-2019-lexport-si-e-allentato-mercato-interno-robusto-previsioni-degli-imprenditori-in-lieve-migliora\\\/\"},\"wordCount\":896,\"publisher\":{\"@id\":\"https:\\\/\\\/www.bellunopress.it\\\/#organization\"},\"image\":{\"@id\":\"https:\\\/\\\/www.bellunopress.it\\\/2019\\\/11\\\/27\\\/crescita-in-stallo-17-mercato-estero-incerto-secondo-venetocongiuntura-nel-terzo-trimestre-2019-lexport-si-e-allentato-mercato-interno-robusto-previsioni-degli-imprenditori-in-lieve-migliora\\\/#primaryimage\"},\"thumbnailUrl\":\"http:\\\/\\\/www.bellunopress.it\\\/wp-content\\\/uploads\\\/2018\\\/09\\\/Mario-Pozza.jpg\",\"articleSection\":[\"Lettere Opinioni\"],\"inLanguage\":\"fr-FR\"},{\"@type\":\"WebPage\",\"@id\":\"https:\\\/\\\/www.bellunopress.it\\\/2019\\\/11\\\/27\\\/crescita-in-stallo-17-mercato-estero-incerto-secondo-venetocongiuntura-nel-terzo-trimestre-2019-lexport-si-e-allentato-mercato-interno-robusto-previsioni-degli-imprenditori-in-lieve-migliora\\\/\",\"url\":\"https:\\\/\\\/www.bellunopress.it\\\/2019\\\/11\\\/27\\\/crescita-in-stallo-17-mercato-estero-incerto-secondo-venetocongiuntura-nel-terzo-trimestre-2019-lexport-si-e-allentato-mercato-interno-robusto-previsioni-degli-imprenditori-in-lieve-migliora\\\/\",\"name\":\"Crescita in stallo (+1,7%). Mercato estero incerto. Secondo VenetoCongiuntura, nel terzo trimestre 2019 l'export si \u00e8 allentato.Mercato interno robusto. Previsioni degli imprenditori in lieve miglioramento - Bellunopress - Dolomiti\",\"isPartOf\":{\"@id\":\"https:\\\/\\\/www.bellunopress.it\\\/#website\"},\"primaryImageOfPage\":{\"@id\":\"https:\\\/\\\/www.bellunopress.it\\\/2019\\\/11\\\/27\\\/crescita-in-stallo-17-mercato-estero-incerto-secondo-venetocongiuntura-nel-terzo-trimestre-2019-lexport-si-e-allentato-mercato-interno-robusto-previsioni-degli-imprenditori-in-lieve-migliora\\\/#primaryimage\"},\"image\":{\"@id\":\"https:\\\/\\\/www.bellunopress.it\\\/2019\\\/11\\\/27\\\/crescita-in-stallo-17-mercato-estero-incerto-secondo-venetocongiuntura-nel-terzo-trimestre-2019-lexport-si-e-allentato-mercato-interno-robusto-previsioni-degli-imprenditori-in-lieve-migliora\\\/#primaryimage\"},\"thumbnailUrl\":\"http:\\\/\\\/www.bellunopress.it\\\/wp-content\\\/uploads\\\/2018\\\/09\\\/Mario-Pozza.jpg\",\"datePublished\":\"2019-11-27T11:41:25+00:00\",\"dateModified\":\"2019-11-27T11:42:13+00:00\",\"breadcrumb\":{\"@id\":\"https:\\\/\\\/www.bellunopress.it\\\/2019\\\/11\\\/27\\\/crescita-in-stallo-17-mercato-estero-incerto-secondo-venetocongiuntura-nel-terzo-trimestre-2019-lexport-si-e-allentato-mercato-interno-robusto-previsioni-degli-imprenditori-in-lieve-migliora\\\/#breadcrumb\"},\"inLanguage\":\"fr-FR\",\"potentialAction\":[{\"@type\":\"ReadAction\",\"target\":[\"https:\\\/\\\/www.bellunopress.it\\\/2019\\\/11\\\/27\\\/crescita-in-stallo-17-mercato-estero-incerto-secondo-venetocongiuntura-nel-terzo-trimestre-2019-lexport-si-e-allentato-mercato-interno-robusto-previsioni-degli-imprenditori-in-lieve-migliora\\\/\"]}]},{\"@type\":\"ImageObject\",\"inLanguage\":\"fr-FR\",\"@id\":\"https:\\\/\\\/www.bellunopress.it\\\/2019\\\/11\\\/27\\\/crescita-in-stallo-17-mercato-estero-incerto-secondo-venetocongiuntura-nel-terzo-trimestre-2019-lexport-si-e-allentato-mercato-interno-robusto-previsioni-degli-imprenditori-in-lieve-migliora\\\/#primaryimage\",\"url\":\"http:\\\/\\\/www.bellunopress.it\\\/wp-content\\\/uploads\\\/2018\\\/09\\\/Mario-Pozza.jpg\",\"contentUrl\":\"http:\\\/\\\/www.bellunopress.it\\\/wp-content\\\/uploads\\\/2018\\\/09\\\/Mario-Pozza.jpg\"},{\"@type\":\"BreadcrumbList\",\"@id\":\"https:\\\/\\\/www.bellunopress.it\\\/2019\\\/11\\\/27\\\/crescita-in-stallo-17-mercato-estero-incerto-secondo-venetocongiuntura-nel-terzo-trimestre-2019-lexport-si-e-allentato-mercato-interno-robusto-previsioni-degli-imprenditori-in-lieve-migliora\\\/#breadcrumb\",\"itemListElement\":[{\"@type\":\"ListItem\",\"position\":1,\"name\":\"Home\",\"item\":\"https:\\\/\\\/www.bellunopress.it\\\/\"},{\"@type\":\"ListItem\",\"position\":2,\"name\":\"Crescita in stallo (+1,7%). Mercato estero incerto. Secondo VenetoCongiuntura, nel terzo trimestre 2019 l&#8217;export si \u00e8 allentato.Mercato interno robusto. Previsioni degli imprenditori in lieve miglioramento\"}]},{\"@type\":\"WebSite\",\"@id\":\"https:\\\/\\\/www.bellunopress.it\\\/#website\",\"url\":\"https:\\\/\\\/www.bellunopress.it\\\/\",\"name\":\"Bellunopress - Dolomiti\",\"description\":\"e-mail: redazione@bellunopress.it\",\"publisher\":{\"@id\":\"https:\\\/\\\/www.bellunopress.it\\\/#organization\"},\"potentialAction\":[{\"@type\":\"SearchAction\",\"target\":{\"@type\":\"EntryPoint\",\"urlTemplate\":\"https:\\\/\\\/www.bellunopress.it\\\/?s={search_term_string}\"},\"query-input\":{\"@type\":\"PropertyValueSpecification\",\"valueRequired\":true,\"valueName\":\"search_term_string\"}}],\"inLanguage\":\"fr-FR\"},{\"@type\":\"Organization\",\"@id\":\"https:\\\/\\\/www.bellunopress.it\\\/#organization\",\"name\":\"Bellunopress\",\"url\":\"https:\\\/\\\/www.bellunopress.it\\\/\",\"logo\":{\"@type\":\"ImageObject\",\"inLanguage\":\"fr-FR\",\"@id\":\"https:\\\/\\\/www.bellunopress.it\\\/#\\\/schema\\\/logo\\\/image\\\/\",\"url\":\"https:\\\/\\\/www.bellunopress.it\\\/wp-content\\\/uploads\\\/2011\\\/05\\\/cropped-logo-bellunopress-.jpg\",\"contentUrl\":\"https:\\\/\\\/www.bellunopress.it\\\/wp-content\\\/uploads\\\/2011\\\/05\\\/cropped-logo-bellunopress-.jpg\",\"width\":512,\"height\":512,\"caption\":\"Bellunopress\"},\"image\":{\"@id\":\"https:\\\/\\\/www.bellunopress.it\\\/#\\\/schema\\\/logo\\\/image\\\/\"},\"sameAs\":[\"https:\\\/\\\/www.facebook.com\\\/profile.php?id=100008943462799\",\"https:\\\/\\\/x.com\\\/bellunopress\",\"https:\\\/\\\/www.linkedin.com\\\/hp\\\/?dnr=JBzUWaJfMUw8vbXJJ2tVW5-I3jZKvC4wsoxE&amp;amp;amp;amp;amp;amp;trk=nav_responsive_tab_home\",\"https:\\\/\\\/www.youtube.com\\\/channel\\\/UCxL0wu1uN0_3_7hGG0306cw\"]},{\"@type\":\"Person\",\"@id\":\"https:\\\/\\\/www.bellunopress.it\\\/#\\\/schema\\\/person\\\/79bb06722b37ece1c03d3e94beb30d73\",\"name\":\"redazione\",\"image\":{\"@type\":\"ImageObject\",\"inLanguage\":\"fr-FR\",\"@id\":\"https:\\\/\\\/secure.gravatar.com\\\/avatar\\\/37d968a2e67a6fd04c169c4bdef102d0bc5d31b2546345219e348575eb80e9a0?s=96&d=mm&r=g\",\"url\":\"https:\\\/\\\/secure.gravatar.com\\\/avatar\\\/37d968a2e67a6fd04c169c4bdef102d0bc5d31b2546345219e348575eb80e9a0?s=96&d=mm&r=g\",\"contentUrl\":\"https:\\\/\\\/secure.gravatar.com\\\/avatar\\\/37d968a2e67a6fd04c169c4bdef102d0bc5d31b2546345219e348575eb80e9a0?s=96&d=mm&r=g\",\"caption\":\"redazione\"},\"sameAs\":[\"http:\\\/\\\/www.bellunopress.it\",\"https:\\\/\\\/x.com\\\/bellunopress\"],\"url\":\"https:\\\/\\\/www.bellunopress.it\\\/fr\\\/author\\\/redazione\\\/\"}]}<\/script>\n<!-- \/ Yoast SEO plugin. -->","yoast_head_json":{"title":"Crescita in stallo (+1,7%). Mercato estero incerto. Secondo VenetoCongiuntura, nel terzo trimestre 2019 l'export si \u00e8 allentato.Mercato interno robusto. Previsioni degli imprenditori in lieve miglioramento - Bellunopress - Dolomiti","robots":{"index":"index","follow":"follow","max-snippet":"max-snippet:-1","max-image-preview":"max-image-preview:large","max-video-preview":"max-video-preview:-1"},"canonical":"https:\/\/www.bellunopress.it\/fr\/2019\/11\/27\/crescita-in-stallo-17-mercato-estero-incerto-secondo-venetocongiuntura-nel-terzo-trimestre-2019-lexport-si-e-allentato-mercato-interno-robusto-previsioni-degli-imprenditori-in-lieve-migliora\/","og_locale":"fr_FR","og_type":"article","og_title":"Crescita in stallo (+1,7%). Mercato estero incerto. Secondo VenetoCongiuntura, nel terzo trimestre 2019 l'export si \u00e8 allentato.Mercato interno robusto. Previsioni degli imprenditori in lieve miglioramento - Bellunopress - Dolomiti","og_description":"Venezia, 27 novembre 2019 | Nel terzo trimestre 2019, sulla base dell&#8217;indagine VenetoCongiuntura, la produzione industriale ha registrato una crescita del +1,7% rispetto allo stesso trimestre dell&#8217;anno precedente. Prosegue la decrescita dell&#8217;indicatore che nel 2018 aveva evidenziato in media d&#8217;anno un +3,2% (+4,1% nel 2017), con valori di intensit\u00e0 via via sempre inferiori. Su base [&hellip;]","og_url":"https:\/\/www.bellunopress.it\/fr\/2019\/11\/27\/crescita-in-stallo-17-mercato-estero-incerto-secondo-venetocongiuntura-nel-terzo-trimestre-2019-lexport-si-e-allentato-mercato-interno-robusto-previsioni-degli-imprenditori-in-lieve-migliora\/","og_site_name":"Bellunopress - Dolomiti","article_publisher":"https:\/\/www.facebook.com\/profile.php?id=100008943462799","article_published_time":"2019-11-27T11:41:25+00:00","article_modified_time":"2019-11-27T11:42:13+00:00","og_image":[{"url":"http:\/\/www.bellunopress.it\/wp-content\/uploads\/2018\/09\/Mario-Pozza.jpg","type":"","width":"","height":""}],"author":"redazione","twitter_card":"summary_large_image","twitter_creator":"@bellunopress","twitter_site":"@bellunopress","twitter_misc":{"\u00c9crit par":"redazione","Dur\u00e9e de lecture estim\u00e9e":"4 minutes"},"schema":{"@context":"https:\/\/schema.org","@graph":[{"@type":"Article","@id":"https:\/\/www.bellunopress.it\/2019\/11\/27\/crescita-in-stallo-17-mercato-estero-incerto-secondo-venetocongiuntura-nel-terzo-trimestre-2019-lexport-si-e-allentato-mercato-interno-robusto-previsioni-degli-imprenditori-in-lieve-migliora\/#article","isPartOf":{"@id":"https:\/\/www.bellunopress.it\/2019\/11\/27\/crescita-in-stallo-17-mercato-estero-incerto-secondo-venetocongiuntura-nel-terzo-trimestre-2019-lexport-si-e-allentato-mercato-interno-robusto-previsioni-degli-imprenditori-in-lieve-migliora\/"},"author":{"name":"redazione","@id":"https:\/\/www.bellunopress.it\/#\/schema\/person\/79bb06722b37ece1c03d3e94beb30d73"},"headline":"Crescita in stallo (+1,7%). Mercato estero incerto. Secondo VenetoCongiuntura, nel terzo trimestre 2019 l&#8217;export si \u00e8 allentato.Mercato interno robusto. Previsioni degli imprenditori in lieve miglioramento","datePublished":"2019-11-27T11:41:25+00:00","dateModified":"2019-11-27T11:42:13+00:00","mainEntityOfPage":{"@id":"https:\/\/www.bellunopress.it\/2019\/11\/27\/crescita-in-stallo-17-mercato-estero-incerto-secondo-venetocongiuntura-nel-terzo-trimestre-2019-lexport-si-e-allentato-mercato-interno-robusto-previsioni-degli-imprenditori-in-lieve-migliora\/"},"wordCount":896,"publisher":{"@id":"https:\/\/www.bellunopress.it\/#organization"},"image":{"@id":"https:\/\/www.bellunopress.it\/2019\/11\/27\/crescita-in-stallo-17-mercato-estero-incerto-secondo-venetocongiuntura-nel-terzo-trimestre-2019-lexport-si-e-allentato-mercato-interno-robusto-previsioni-degli-imprenditori-in-lieve-migliora\/#primaryimage"},"thumbnailUrl":"http:\/\/www.bellunopress.it\/wp-content\/uploads\/2018\/09\/Mario-Pozza.jpg","articleSection":["Lettere Opinioni"],"inLanguage":"fr-FR"},{"@type":"WebPage","@id":"https:\/\/www.bellunopress.it\/2019\/11\/27\/crescita-in-stallo-17-mercato-estero-incerto-secondo-venetocongiuntura-nel-terzo-trimestre-2019-lexport-si-e-allentato-mercato-interno-robusto-previsioni-degli-imprenditori-in-lieve-migliora\/","url":"https:\/\/www.bellunopress.it\/2019\/11\/27\/crescita-in-stallo-17-mercato-estero-incerto-secondo-venetocongiuntura-nel-terzo-trimestre-2019-lexport-si-e-allentato-mercato-interno-robusto-previsioni-degli-imprenditori-in-lieve-migliora\/","name":"Crescita in stallo (+1,7%). Mercato estero incerto. Secondo VenetoCongiuntura, nel terzo trimestre 2019 l'export si \u00e8 allentato.Mercato interno robusto. Previsioni degli imprenditori in lieve miglioramento - Bellunopress - Dolomiti","isPartOf":{"@id":"https:\/\/www.bellunopress.it\/#website"},"primaryImageOfPage":{"@id":"https:\/\/www.bellunopress.it\/2019\/11\/27\/crescita-in-stallo-17-mercato-estero-incerto-secondo-venetocongiuntura-nel-terzo-trimestre-2019-lexport-si-e-allentato-mercato-interno-robusto-previsioni-degli-imprenditori-in-lieve-migliora\/#primaryimage"},"image":{"@id":"https:\/\/www.bellunopress.it\/2019\/11\/27\/crescita-in-stallo-17-mercato-estero-incerto-secondo-venetocongiuntura-nel-terzo-trimestre-2019-lexport-si-e-allentato-mercato-interno-robusto-previsioni-degli-imprenditori-in-lieve-migliora\/#primaryimage"},"thumbnailUrl":"http:\/\/www.bellunopress.it\/wp-content\/uploads\/2018\/09\/Mario-Pozza.jpg","datePublished":"2019-11-27T11:41:25+00:00","dateModified":"2019-11-27T11:42:13+00:00","breadcrumb":{"@id":"https:\/\/www.bellunopress.it\/2019\/11\/27\/crescita-in-stallo-17-mercato-estero-incerto-secondo-venetocongiuntura-nel-terzo-trimestre-2019-lexport-si-e-allentato-mercato-interno-robusto-previsioni-degli-imprenditori-in-lieve-migliora\/#breadcrumb"},"inLanguage":"fr-FR","potentialAction":[{"@type":"ReadAction","target":["https:\/\/www.bellunopress.it\/2019\/11\/27\/crescita-in-stallo-17-mercato-estero-incerto-secondo-venetocongiuntura-nel-terzo-trimestre-2019-lexport-si-e-allentato-mercato-interno-robusto-previsioni-degli-imprenditori-in-lieve-migliora\/"]}]},{"@type":"ImageObject","inLanguage":"fr-FR","@id":"https:\/\/www.bellunopress.it\/2019\/11\/27\/crescita-in-stallo-17-mercato-estero-incerto-secondo-venetocongiuntura-nel-terzo-trimestre-2019-lexport-si-e-allentato-mercato-interno-robusto-previsioni-degli-imprenditori-in-lieve-migliora\/#primaryimage","url":"http:\/\/www.bellunopress.it\/wp-content\/uploads\/2018\/09\/Mario-Pozza.jpg","contentUrl":"http:\/\/www.bellunopress.it\/wp-content\/uploads\/2018\/09\/Mario-Pozza.jpg"},{"@type":"BreadcrumbList","@id":"https:\/\/www.bellunopress.it\/2019\/11\/27\/crescita-in-stallo-17-mercato-estero-incerto-secondo-venetocongiuntura-nel-terzo-trimestre-2019-lexport-si-e-allentato-mercato-interno-robusto-previsioni-degli-imprenditori-in-lieve-migliora\/#breadcrumb","itemListElement":[{"@type":"ListItem","position":1,"name":"Home","item":"https:\/\/www.bellunopress.it\/"},{"@type":"ListItem","position":2,"name":"Crescita in stallo (+1,7%). Mercato estero incerto. Secondo VenetoCongiuntura, nel terzo trimestre 2019 l&#8217;export si \u00e8 allentato.Mercato interno robusto. Previsioni degli imprenditori in lieve miglioramento"}]},{"@type":"WebSite","@id":"https:\/\/www.bellunopress.it\/#website","url":"https:\/\/www.bellunopress.it\/","name":"Bellunopress - Dolomiti","description":"e-mail: redazione@bellunopress.it","publisher":{"@id":"https:\/\/www.bellunopress.it\/#organization"},"potentialAction":[{"@type":"SearchAction","target":{"@type":"EntryPoint","urlTemplate":"https:\/\/www.bellunopress.it\/?s={search_term_string}"},"query-input":{"@type":"PropertyValueSpecification","valueRequired":true,"valueName":"search_term_string"}}],"inLanguage":"fr-FR"},{"@type":"Organization","@id":"https:\/\/www.bellunopress.it\/#organization","name":"Bellunopress","url":"https:\/\/www.bellunopress.it\/","logo":{"@type":"ImageObject","inLanguage":"fr-FR","@id":"https:\/\/www.bellunopress.it\/#\/schema\/logo\/image\/","url":"https:\/\/www.bellunopress.it\/wp-content\/uploads\/2011\/05\/cropped-logo-bellunopress-.jpg","contentUrl":"https:\/\/www.bellunopress.it\/wp-content\/uploads\/2011\/05\/cropped-logo-bellunopress-.jpg","width":512,"height":512,"caption":"Bellunopress"},"image":{"@id":"https:\/\/www.bellunopress.it\/#\/schema\/logo\/image\/"},"sameAs":["https:\/\/www.facebook.com\/profile.php?id=100008943462799","https:\/\/x.com\/bellunopress","https:\/\/www.linkedin.com\/hp\/?dnr=JBzUWaJfMUw8vbXJJ2tVW5-I3jZKvC4wsoxE&amp;amp;amp;amp;amp;amp;trk=nav_responsive_tab_home","https:\/\/www.youtube.com\/channel\/UCxL0wu1uN0_3_7hGG0306cw"]},{"@type":"Person","@id":"https:\/\/www.bellunopress.it\/#\/schema\/person\/79bb06722b37ece1c03d3e94beb30d73","name":"r\u00e9daction","image":{"@type":"ImageObject","inLanguage":"fr-FR","@id":"https:\/\/secure.gravatar.com\/avatar\/37d968a2e67a6fd04c169c4bdef102d0bc5d31b2546345219e348575eb80e9a0?s=96&d=mm&r=g","url":"https:\/\/secure.gravatar.com\/avatar\/37d968a2e67a6fd04c169c4bdef102d0bc5d31b2546345219e348575eb80e9a0?s=96&d=mm&r=g","contentUrl":"https:\/\/secure.gravatar.com\/avatar\/37d968a2e67a6fd04c169c4bdef102d0bc5d31b2546345219e348575eb80e9a0?s=96&d=mm&r=g","caption":"redazione"},"sameAs":["http:\/\/www.bellunopress.it","https:\/\/x.com\/bellunopress"],"url":"https:\/\/www.bellunopress.it\/fr\/author\/redazione\/"}]}},"_links":{"self":[{"href":"https:\/\/www.bellunopress.it\/fr\/wp-json\/wp\/v2\/posts\/109968","targetHints":{"allow":["GET"]}}],"collection":[{"href":"https:\/\/www.bellunopress.it\/fr\/wp-json\/wp\/v2\/posts"}],"about":[{"href":"https:\/\/www.bellunopress.it\/fr\/wp-json\/wp\/v2\/types\/post"}],"author":[{"embeddable":true,"href":"https:\/\/www.bellunopress.it\/fr\/wp-json\/wp\/v2\/users\/2"}],"replies":[{"embeddable":true,"href":"https:\/\/www.bellunopress.it\/fr\/wp-json\/wp\/v2\/comments?post=109968"}],"version-history":[{"count":1,"href":"https:\/\/www.bellunopress.it\/fr\/wp-json\/wp\/v2\/posts\/109968\/revisions"}],"predecessor-version":[{"id":109969,"href":"https:\/\/www.bellunopress.it\/fr\/wp-json\/wp\/v2\/posts\/109968\/revisions\/109969"}],"wp:attachment":[{"href":"https:\/\/www.bellunopress.it\/fr\/wp-json\/wp\/v2\/media?parent=109968"}],"wp:term":[{"taxonomy":"category","embeddable":true,"href":"https:\/\/www.bellunopress.it\/fr\/wp-json\/wp\/v2\/categories?post=109968"},{"taxonomy":"post_tag","embeddable":true,"href":"https:\/\/www.bellunopress.it\/fr\/wp-json\/wp\/v2\/tags?post=109968"}],"curies":[{"name":"wp","href":"https:\/\/api.w.org\/{rel}","templated":true}]}}