{"id":109960,"date":"2019-11-26T17:56:38","date_gmt":"2019-11-26T16:56:38","guid":{"rendered":"http:\/\/www.bellunopress.it\/?p=109960"},"modified":"2019-11-26T23:04:01","modified_gmt":"2019-11-26T22:04:01","slug":"la-consulta-giovani-alpago-in-trasferta-a-roma","status":"publish","type":"post","link":"https:\/\/www.bellunopress.it\/fr\/2019\/11\/26\/la-consulta-giovani-alpago-in-trasferta-a-roma\/","title":{"rendered":"La Consulta giovani Alpago in trasferta a Roma"},"content":{"rendered":"<figure id=\"attachment_109961\" aria-describedby=\"caption-attachment-109961\" style=\"width: 222px\" class=\"wp-caption alignleft\"><a href=\"http:\/\/www.bellunopress.it\/fr\/2019\/11\/26\/la-consulta-giovani-alpago-in-trasferta-a-roma\/consulta-giovani-alpago\/\" rel=\"attachment wp-att-109961\"><img loading=\"lazy\" decoding=\"async\" class=\"size-full wp-image-109961\" src=\"http:\/\/www.bellunopress.it\/wp-content\/uploads\/2019\/11\/Consulta-giovani-Alpago.jpg\" alt=\"\" width=\"222\" height=\"227\" \/><\/a><figcaption id=\"caption-attachment-109961\" class=\"wp-caption-text\"><em><strong>Consulta Giovani Alpago<\/strong><\/em><\/figcaption><\/figure>\n<p>Nell&#8217;ambito di un progetto del Comune di Tambre di avvicinamento dei giovani alle istituzioni, all&#8217;interno del &#8220;piano di intervento in materia di politiche giovanili &#8211; DGR n.1675\/2018 e su proposta dell&#8217;onorevole Luca De Carlo, una delegazione della Consulta Giovani Alpago sar\u00e0 a Roma nei giorni 28 e 29 novembre per incontrare i parlamentari bellunesi e non solo.<\/p>\n<p>Nella mattinata di gioved\u00ec ci sar\u00e0 la visita al Senato ed alla Camera dei deputati. La giornata poi continuer\u00e0 incontrando vari esponenti politici e si proseguir\u00e0 con incontri di formazione anche il venerd\u00ec.<br \/>\nLa Consulta giovani Alpago porter\u00e0 anche una sua proposta, elaborata appunto sulle idee dei giovani, che sar\u00e0 messa all&#8217;attenzione dei nostri parlamentari.<\/p>\n<p>&#8220;Sar\u00e0 un&#8217;importante occasione per confrontarsi sul futuro del nostro territorio, questa volta per\u00f2 da un punto di vista diverso, quello dei giovani, che spesso, anzi troppo spesso si tralascia di ascoltare. Spero davvero ci possano essere altre occasioni come questa, i giovani non sono solo nostri cittadini ma anche i potenziali Amministratori di domani. Dobbiamo avvicinarli alle istituzioni e soprattutto trovare con loro qualche soluzione contro lo spopolamento della montagna&#8221; spiega l&#8217;assessore del Comune di Tambre Lucia Della Libera<\/p>","protected":false},"excerpt":{"rendered":"<p>Nell&#8217;ambito di un progetto del Comune di Tambre di avvicinamento dei giovani alle istituzioni, all&#8217;interno del &#8220;piano di intervento in materia di politiche giovanili &#8211; DGR n.1675\/2018 e su proposta dell&#8217;onorevole Luca De Carlo, una delegazione della Consulta Giovani Alpago sar\u00e0 a Roma nei giorni 28 e 29 novembre per incontrare i parlamentari bellunesi e [&hellip;]<\/p>\n","protected":false},"author":2,"featured_media":0,"comment_status":"closed","ping_status":"open","sticky":false,"template":"","format":"standard","meta":{"footnotes":""},"categories":[26,8],"tags":[],"class_list":["post-109960","post","type-post","status-publish","format-standard","category-prima-pagina","category-societa-istituzioni"],"yoast_head":"<!-- This site is optimized with the Yoast SEO plugin v28.4 - https:\/\/yoast.com\/product\/yoast-seo-wordpress\/ -->\n<title>La Consulta giovani Alpago in trasferta a Roma - Bellunopress - Dolomiti<\/title>\n<meta name=\"robots\" content=\"index, follow, max-snippet:-1, max-image-preview:large, max-video-preview:-1\" \/>\n<link rel=\"canonical\" href=\"https:\/\/www.bellunopress.it\/fr\/2019\/11\/26\/la-consulta-giovani-alpago-in-trasferta-a-roma\/\" \/>\n<meta property=\"og:locale\" content=\"fr_FR\" \/>\n<meta property=\"og:type\" content=\"article\" \/>\n<meta property=\"og:title\" content=\"La Consulta giovani Alpago in trasferta a Roma - Bellunopress - Dolomiti\" \/>\n<meta property=\"og:description\" content=\"Nell&#8217;ambito di un progetto del Comune di Tambre di avvicinamento dei giovani alle istituzioni, all&#8217;interno del &#8220;piano di intervento in materia di politiche giovanili &#8211; DGR n.1675\/2018 e su proposta dell&#8217;onorevole Luca De Carlo, una delegazione della Consulta Giovani Alpago sar\u00e0 a Roma nei giorni 28 e 29 novembre per incontrare i parlamentari bellunesi e [&hellip;]\" \/>\n<meta property=\"og:url\" content=\"https:\/\/www.bellunopress.it\/fr\/2019\/11\/26\/la-consulta-giovani-alpago-in-trasferta-a-roma\/\" \/>\n<meta property=\"og:site_name\" content=\"Bellunopress - Dolomiti\" \/>\n<meta property=\"article:publisher\" content=\"https:\/\/www.facebook.com\/profile.php?id=100008943462799\" \/>\n<meta property=\"article:published_time\" content=\"2019-11-26T16:56:38+00:00\" \/>\n<meta property=\"article:modified_time\" content=\"2019-11-26T22:04:01+00:00\" \/>\n<meta property=\"og:image\" content=\"http:\/\/www.bellunopress.it\/wp-content\/uploads\/2019\/11\/Consulta-giovani-Alpago.jpg\" \/>\n<meta name=\"author\" content=\"redazione\" \/>\n<meta name=\"twitter:card\" content=\"summary_large_image\" \/>\n<meta name=\"twitter:creator\" content=\"@bellunopress\" \/>\n<meta name=\"twitter:site\" content=\"@bellunopress\" \/>\n<meta name=\"twitter:label1\" content=\"\u00c9crit par\" \/>\n\t<meta name=\"twitter:data1\" content=\"redazione\" \/>\n\t<meta name=\"twitter:label2\" content=\"Dur\u00e9e de lecture estim\u00e9e\" \/>\n\t<meta name=\"twitter:data2\" content=\"1 minute\" \/>\n<script type=\"application\/ld+json\" class=\"yoast-schema-graph\">{\"@context\":\"https:\\\/\\\/schema.org\",\"@graph\":[{\"@type\":\"Article\",\"@id\":\"https:\\\/\\\/www.bellunopress.it\\\/2019\\\/11\\\/26\\\/la-consulta-giovani-alpago-in-trasferta-a-roma\\\/#article\",\"isPartOf\":{\"@id\":\"https:\\\/\\\/www.bellunopress.it\\\/2019\\\/11\\\/26\\\/la-consulta-giovani-alpago-in-trasferta-a-roma\\\/\"},\"author\":{\"name\":\"redazione\",\"@id\":\"https:\\\/\\\/www.bellunopress.it\\\/#\\\/schema\\\/person\\\/79bb06722b37ece1c03d3e94beb30d73\"},\"headline\":\"La Consulta giovani Alpago in trasferta a Roma\",\"datePublished\":\"2019-11-26T16:56:38+00:00\",\"dateModified\":\"2019-11-26T22:04:01+00:00\",\"mainEntityOfPage\":{\"@id\":\"https:\\\/\\\/www.bellunopress.it\\\/2019\\\/11\\\/26\\\/la-consulta-giovani-alpago-in-trasferta-a-roma\\\/\"},\"wordCount\":213,\"publisher\":{\"@id\":\"https:\\\/\\\/www.bellunopress.it\\\/#organization\"},\"image\":{\"@id\":\"https:\\\/\\\/www.bellunopress.it\\\/2019\\\/11\\\/26\\\/la-consulta-giovani-alpago-in-trasferta-a-roma\\\/#primaryimage\"},\"thumbnailUrl\":\"http:\\\/\\\/www.bellunopress.it\\\/wp-content\\\/uploads\\\/2019\\\/11\\\/Consulta-giovani-Alpago.jpg\",\"articleSection\":[\"Prima Pagina\",\"Societ\u00e0, Associazioni, Istituzioni\"],\"inLanguage\":\"fr-FR\"},{\"@type\":\"WebPage\",\"@id\":\"https:\\\/\\\/www.bellunopress.it\\\/2019\\\/11\\\/26\\\/la-consulta-giovani-alpago-in-trasferta-a-roma\\\/\",\"url\":\"https:\\\/\\\/www.bellunopress.it\\\/2019\\\/11\\\/26\\\/la-consulta-giovani-alpago-in-trasferta-a-roma\\\/\",\"name\":\"La Consulta giovani Alpago in trasferta a Roma - Bellunopress - Dolomiti\",\"isPartOf\":{\"@id\":\"https:\\\/\\\/www.bellunopress.it\\\/#website\"},\"primaryImageOfPage\":{\"@id\":\"https:\\\/\\\/www.bellunopress.it\\\/2019\\\/11\\\/26\\\/la-consulta-giovani-alpago-in-trasferta-a-roma\\\/#primaryimage\"},\"image\":{\"@id\":\"https:\\\/\\\/www.bellunopress.it\\\/2019\\\/11\\\/26\\\/la-consulta-giovani-alpago-in-trasferta-a-roma\\\/#primaryimage\"},\"thumbnailUrl\":\"http:\\\/\\\/www.bellunopress.it\\\/wp-content\\\/uploads\\\/2019\\\/11\\\/Consulta-giovani-Alpago.jpg\",\"datePublished\":\"2019-11-26T16:56:38+00:00\",\"dateModified\":\"2019-11-26T22:04:01+00:00\",\"breadcrumb\":{\"@id\":\"https:\\\/\\\/www.bellunopress.it\\\/2019\\\/11\\\/26\\\/la-consulta-giovani-alpago-in-trasferta-a-roma\\\/#breadcrumb\"},\"inLanguage\":\"fr-FR\",\"potentialAction\":[{\"@type\":\"ReadAction\",\"target\":[\"https:\\\/\\\/www.bellunopress.it\\\/2019\\\/11\\\/26\\\/la-consulta-giovani-alpago-in-trasferta-a-roma\\\/\"]}]},{\"@type\":\"ImageObject\",\"inLanguage\":\"fr-FR\",\"@id\":\"https:\\\/\\\/www.bellunopress.it\\\/2019\\\/11\\\/26\\\/la-consulta-giovani-alpago-in-trasferta-a-roma\\\/#primaryimage\",\"url\":\"http:\\\/\\\/www.bellunopress.it\\\/wp-content\\\/uploads\\\/2019\\\/11\\\/Consulta-giovani-Alpago.jpg\",\"contentUrl\":\"http:\\\/\\\/www.bellunopress.it\\\/wp-content\\\/uploads\\\/2019\\\/11\\\/Consulta-giovani-Alpago.jpg\"},{\"@type\":\"BreadcrumbList\",\"@id\":\"https:\\\/\\\/www.bellunopress.it\\\/2019\\\/11\\\/26\\\/la-consulta-giovani-alpago-in-trasferta-a-roma\\\/#breadcrumb\",\"itemListElement\":[{\"@type\":\"ListItem\",\"position\":1,\"name\":\"Home\",\"item\":\"https:\\\/\\\/www.bellunopress.it\\\/\"},{\"@type\":\"ListItem\",\"position\":2,\"name\":\"La Consulta giovani Alpago in trasferta a Roma\"}]},{\"@type\":\"WebSite\",\"@id\":\"https:\\\/\\\/www.bellunopress.it\\\/#website\",\"url\":\"https:\\\/\\\/www.bellunopress.it\\\/\",\"name\":\"Bellunopress - Dolomiti\",\"description\":\"e-mail: redazione@bellunopress.it\",\"publisher\":{\"@id\":\"https:\\\/\\\/www.bellunopress.it\\\/#organization\"},\"potentialAction\":[{\"@type\":\"SearchAction\",\"target\":{\"@type\":\"EntryPoint\",\"urlTemplate\":\"https:\\\/\\\/www.bellunopress.it\\\/?s={search_term_string}\"},\"query-input\":{\"@type\":\"PropertyValueSpecification\",\"valueRequired\":true,\"valueName\":\"search_term_string\"}}],\"inLanguage\":\"fr-FR\"},{\"@type\":\"Organization\",\"@id\":\"https:\\\/\\\/www.bellunopress.it\\\/#organization\",\"name\":\"Bellunopress\",\"url\":\"https:\\\/\\\/www.bellunopress.it\\\/\",\"logo\":{\"@type\":\"ImageObject\",\"inLanguage\":\"fr-FR\",\"@id\":\"https:\\\/\\\/www.bellunopress.it\\\/#\\\/schema\\\/logo\\\/image\\\/\",\"url\":\"https:\\\/\\\/www.bellunopress.it\\\/wp-content\\\/uploads\\\/2011\\\/05\\\/cropped-logo-bellunopress-.jpg\",\"contentUrl\":\"https:\\\/\\\/www.bellunopress.it\\\/wp-content\\\/uploads\\\/2011\\\/05\\\/cropped-logo-bellunopress-.jpg\",\"width\":512,\"height\":512,\"caption\":\"Bellunopress\"},\"image\":{\"@id\":\"https:\\\/\\\/www.bellunopress.it\\\/#\\\/schema\\\/logo\\\/image\\\/\"},\"sameAs\":[\"https:\\\/\\\/www.facebook.com\\\/profile.php?id=100008943462799\",\"https:\\\/\\\/x.com\\\/bellunopress\",\"https:\\\/\\\/www.linkedin.com\\\/hp\\\/?dnr=JBzUWaJfMUw8vbXJJ2tVW5-I3jZKvC4wsoxE&amp;amp;amp;amp;amp;amp;trk=nav_responsive_tab_home\",\"https:\\\/\\\/www.youtube.com\\\/channel\\\/UCxL0wu1uN0_3_7hGG0306cw\"]},{\"@type\":\"Person\",\"@id\":\"https:\\\/\\\/www.bellunopress.it\\\/#\\\/schema\\\/person\\\/79bb06722b37ece1c03d3e94beb30d73\",\"name\":\"redazione\",\"image\":{\"@type\":\"ImageObject\",\"inLanguage\":\"fr-FR\",\"@id\":\"https:\\\/\\\/secure.gravatar.com\\\/avatar\\\/37d968a2e67a6fd04c169c4bdef102d0bc5d31b2546345219e348575eb80e9a0?s=96&d=mm&r=g\",\"url\":\"https:\\\/\\\/secure.gravatar.com\\\/avatar\\\/37d968a2e67a6fd04c169c4bdef102d0bc5d31b2546345219e348575eb80e9a0?s=96&d=mm&r=g\",\"contentUrl\":\"https:\\\/\\\/secure.gravatar.com\\\/avatar\\\/37d968a2e67a6fd04c169c4bdef102d0bc5d31b2546345219e348575eb80e9a0?s=96&d=mm&r=g\",\"caption\":\"redazione\"},\"sameAs\":[\"http:\\\/\\\/www.bellunopress.it\",\"https:\\\/\\\/x.com\\\/bellunopress\"],\"url\":\"https:\\\/\\\/www.bellunopress.it\\\/fr\\\/author\\\/redazione\\\/\"}]}<\/script>\n<!-- \/ Yoast SEO plugin. -->","yoast_head_json":{"title":"La Consulta giovani Alpago in trasferta a Roma - Bellunopress - Dolomiti","robots":{"index":"index","follow":"follow","max-snippet":"max-snippet:-1","max-image-preview":"max-image-preview:large","max-video-preview":"max-video-preview:-1"},"canonical":"https:\/\/www.bellunopress.it\/fr\/2019\/11\/26\/la-consulta-giovani-alpago-in-trasferta-a-roma\/","og_locale":"fr_FR","og_type":"article","og_title":"La Consulta giovani Alpago in trasferta a Roma - Bellunopress - Dolomiti","og_description":"Nell&#8217;ambito di un progetto del Comune di Tambre di avvicinamento dei giovani alle istituzioni, all&#8217;interno del &#8220;piano di intervento in materia di politiche giovanili &#8211; DGR n.1675\/2018 e su proposta dell&#8217;onorevole Luca De Carlo, una delegazione della Consulta Giovani Alpago sar\u00e0 a Roma nei giorni 28 e 29 novembre per incontrare i parlamentari bellunesi e [&hellip;]","og_url":"https:\/\/www.bellunopress.it\/fr\/2019\/11\/26\/la-consulta-giovani-alpago-in-trasferta-a-roma\/","og_site_name":"Bellunopress - Dolomiti","article_publisher":"https:\/\/www.facebook.com\/profile.php?id=100008943462799","article_published_time":"2019-11-26T16:56:38+00:00","article_modified_time":"2019-11-26T22:04:01+00:00","og_image":[{"url":"http:\/\/www.bellunopress.it\/wp-content\/uploads\/2019\/11\/Consulta-giovani-Alpago.jpg","type":"","width":"","height":""}],"author":"redazione","twitter_card":"summary_large_image","twitter_creator":"@bellunopress","twitter_site":"@bellunopress","twitter_misc":{"\u00c9crit par":"redazione","Dur\u00e9e de lecture estim\u00e9e":"1 minute"},"schema":{"@context":"https:\/\/schema.org","@graph":[{"@type":"Article","@id":"https:\/\/www.bellunopress.it\/2019\/11\/26\/la-consulta-giovani-alpago-in-trasferta-a-roma\/#article","isPartOf":{"@id":"https:\/\/www.bellunopress.it\/2019\/11\/26\/la-consulta-giovani-alpago-in-trasferta-a-roma\/"},"author":{"name":"redazione","@id":"https:\/\/www.bellunopress.it\/#\/schema\/person\/79bb06722b37ece1c03d3e94beb30d73"},"headline":"La Consulta giovani Alpago in trasferta a Roma","datePublished":"2019-11-26T16:56:38+00:00","dateModified":"2019-11-26T22:04:01+00:00","mainEntityOfPage":{"@id":"https:\/\/www.bellunopress.it\/2019\/11\/26\/la-consulta-giovani-alpago-in-trasferta-a-roma\/"},"wordCount":213,"publisher":{"@id":"https:\/\/www.bellunopress.it\/#organization"},"image":{"@id":"https:\/\/www.bellunopress.it\/2019\/11\/26\/la-consulta-giovani-alpago-in-trasferta-a-roma\/#primaryimage"},"thumbnailUrl":"http:\/\/www.bellunopress.it\/wp-content\/uploads\/2019\/11\/Consulta-giovani-Alpago.jpg","articleSection":["Prima Pagina","Societ\u00e0, Associazioni, Istituzioni"],"inLanguage":"fr-FR"},{"@type":"WebPage","@id":"https:\/\/www.bellunopress.it\/2019\/11\/26\/la-consulta-giovani-alpago-in-trasferta-a-roma\/","url":"https:\/\/www.bellunopress.it\/2019\/11\/26\/la-consulta-giovani-alpago-in-trasferta-a-roma\/","name":"La Consulta giovani Alpago in trasferta a Roma - Bellunopress - Dolomiti","isPartOf":{"@id":"https:\/\/www.bellunopress.it\/#website"},"primaryImageOfPage":{"@id":"https:\/\/www.bellunopress.it\/2019\/11\/26\/la-consulta-giovani-alpago-in-trasferta-a-roma\/#primaryimage"},"image":{"@id":"https:\/\/www.bellunopress.it\/2019\/11\/26\/la-consulta-giovani-alpago-in-trasferta-a-roma\/#primaryimage"},"thumbnailUrl":"http:\/\/www.bellunopress.it\/wp-content\/uploads\/2019\/11\/Consulta-giovani-Alpago.jpg","datePublished":"2019-11-26T16:56:38+00:00","dateModified":"2019-11-26T22:04:01+00:00","breadcrumb":{"@id":"https:\/\/www.bellunopress.it\/2019\/11\/26\/la-consulta-giovani-alpago-in-trasferta-a-roma\/#breadcrumb"},"inLanguage":"fr-FR","potentialAction":[{"@type":"ReadAction","target":["https:\/\/www.bellunopress.it\/2019\/11\/26\/la-consulta-giovani-alpago-in-trasferta-a-roma\/"]}]},{"@type":"ImageObject","inLanguage":"fr-FR","@id":"https:\/\/www.bellunopress.it\/2019\/11\/26\/la-consulta-giovani-alpago-in-trasferta-a-roma\/#primaryimage","url":"http:\/\/www.bellunopress.it\/wp-content\/uploads\/2019\/11\/Consulta-giovani-Alpago.jpg","contentUrl":"http:\/\/www.bellunopress.it\/wp-content\/uploads\/2019\/11\/Consulta-giovani-Alpago.jpg"},{"@type":"BreadcrumbList","@id":"https:\/\/www.bellunopress.it\/2019\/11\/26\/la-consulta-giovani-alpago-in-trasferta-a-roma\/#breadcrumb","itemListElement":[{"@type":"ListItem","position":1,"name":"Home","item":"https:\/\/www.bellunopress.it\/"},{"@type":"ListItem","position":2,"name":"La Consulta giovani Alpago in trasferta a Roma"}]},{"@type":"WebSite","@id":"https:\/\/www.bellunopress.it\/#website","url":"https:\/\/www.bellunopress.it\/","name":"Bellunopress - Dolomiti","description":"e-mail: redazione@bellunopress.it","publisher":{"@id":"https:\/\/www.bellunopress.it\/#organization"},"potentialAction":[{"@type":"SearchAction","target":{"@type":"EntryPoint","urlTemplate":"https:\/\/www.bellunopress.it\/?s={search_term_string}"},"query-input":{"@type":"PropertyValueSpecification","valueRequired":true,"valueName":"search_term_string"}}],"inLanguage":"fr-FR"},{"@type":"Organization","@id":"https:\/\/www.bellunopress.it\/#organization","name":"Bellunopress","url":"https:\/\/www.bellunopress.it\/","logo":{"@type":"ImageObject","inLanguage":"fr-FR","@id":"https:\/\/www.bellunopress.it\/#\/schema\/logo\/image\/","url":"https:\/\/www.bellunopress.it\/wp-content\/uploads\/2011\/05\/cropped-logo-bellunopress-.jpg","contentUrl":"https:\/\/www.bellunopress.it\/wp-content\/uploads\/2011\/05\/cropped-logo-bellunopress-.jpg","width":512,"height":512,"caption":"Bellunopress"},"image":{"@id":"https:\/\/www.bellunopress.it\/#\/schema\/logo\/image\/"},"sameAs":["https:\/\/www.facebook.com\/profile.php?id=100008943462799","https:\/\/x.com\/bellunopress","https:\/\/www.linkedin.com\/hp\/?dnr=JBzUWaJfMUw8vbXJJ2tVW5-I3jZKvC4wsoxE&amp;amp;amp;amp;amp;amp;trk=nav_responsive_tab_home","https:\/\/www.youtube.com\/channel\/UCxL0wu1uN0_3_7hGG0306cw"]},{"@type":"Person","@id":"https:\/\/www.bellunopress.it\/#\/schema\/person\/79bb06722b37ece1c03d3e94beb30d73","name":"r\u00e9daction","image":{"@type":"ImageObject","inLanguage":"fr-FR","@id":"https:\/\/secure.gravatar.com\/avatar\/37d968a2e67a6fd04c169c4bdef102d0bc5d31b2546345219e348575eb80e9a0?s=96&d=mm&r=g","url":"https:\/\/secure.gravatar.com\/avatar\/37d968a2e67a6fd04c169c4bdef102d0bc5d31b2546345219e348575eb80e9a0?s=96&d=mm&r=g","contentUrl":"https:\/\/secure.gravatar.com\/avatar\/37d968a2e67a6fd04c169c4bdef102d0bc5d31b2546345219e348575eb80e9a0?s=96&d=mm&r=g","caption":"redazione"},"sameAs":["http:\/\/www.bellunopress.it","https:\/\/x.com\/bellunopress"],"url":"https:\/\/www.bellunopress.it\/fr\/author\/redazione\/"}]}},"_links":{"self":[{"href":"https:\/\/www.bellunopress.it\/fr\/wp-json\/wp\/v2\/posts\/109960","targetHints":{"allow":["GET"]}}],"collection":[{"href":"https:\/\/www.bellunopress.it\/fr\/wp-json\/wp\/v2\/posts"}],"about":[{"href":"https:\/\/www.bellunopress.it\/fr\/wp-json\/wp\/v2\/types\/post"}],"author":[{"embeddable":true,"href":"https:\/\/www.bellunopress.it\/fr\/wp-json\/wp\/v2\/users\/2"}],"replies":[{"embeddable":true,"href":"https:\/\/www.bellunopress.it\/fr\/wp-json\/wp\/v2\/comments?post=109960"}],"version-history":[{"count":2,"href":"https:\/\/www.bellunopress.it\/fr\/wp-json\/wp\/v2\/posts\/109960\/revisions"}],"predecessor-version":[{"id":109963,"href":"https:\/\/www.bellunopress.it\/fr\/wp-json\/wp\/v2\/posts\/109960\/revisions\/109963"}],"wp:attachment":[{"href":"https:\/\/www.bellunopress.it\/fr\/wp-json\/wp\/v2\/media?parent=109960"}],"wp:term":[{"taxonomy":"category","embeddable":true,"href":"https:\/\/www.bellunopress.it\/fr\/wp-json\/wp\/v2\/categories?post=109960"},{"taxonomy":"post_tag","embeddable":true,"href":"https:\/\/www.bellunopress.it\/fr\/wp-json\/wp\/v2\/tags?post=109960"}],"curies":[{"name":"wp","href":"https:\/\/api.w.org\/{rel}","templated":true}]}}