{"id":109956,"date":"2019-11-26T22:02:32","date_gmt":"2019-11-26T21:02:32","guid":{"rendered":"http:\/\/www.bellunopress.it\/?p=109956"},"modified":"2019-11-26T22:02:32","modified_gmt":"2019-11-26T21:02:32","slug":"premio-internazionale-bellunesi-che-hanno-onorato-la-provincia-in-italia-e-nel-mondo-2","status":"publish","type":"post","link":"https:\/\/www.bellunopress.it\/fr\/2019\/11\/26\/premio-internazionale-bellunesi-che-hanno-onorato-la-provincia-in-italia-e-nel-mondo-2\/","title":{"rendered":"Premio internazionale &#8220;Bellunesi che hanno onorato la provincia in Italia e nel mondo&#8221;"},"content":{"rendered":"<figure id=\"attachment_1866\" aria-describedby=\"caption-attachment-1866\" style=\"width: 270px\" class=\"wp-caption alignleft\"><a href=\"http:\/\/www.bellunopress.it\/fr\/2011\/01\/11\/palazzo-piloni-vota-a-favore-del-passaggio-della-provincia-di-belluno-nel-trentino-alto-adige-bottacin-%c2%abnon-confondete-i-cittadini-sara-un-iter-molto-lungo-e-difficile%c2%bb\/palazzo-piloni-sede-provincia\/\" rel=\"attachment wp-att-1866\"><img loading=\"lazy\" decoding=\"async\" class=\"size-full wp-image-1866\" src=\"http:\/\/www.bellunopress.it\/wp-content\/uploads\/2009\/03\/palazzo-piloni-sede-provincia.jpg\" alt=\"\" width=\"270\" height=\"180\" \/><\/a><figcaption id=\"caption-attachment-1866\" class=\"wp-caption-text\">Palazzo Piloni (Belluno), sede della Provincia<\/figcaption><\/figure>\n<p>Sabato 14 dicembre 2019, alle 9.45 nella nuova struttura polifunzionale della frazione di San Martino, a Chies d\u2019Alpago, si terr\u00e0 la cerimonia del Premio Internazionale \u201cBellunesi che hanno onorato la provincia in Italia e nel Mondo\u201d, organizzato da Provincia di Belluno, Associazione Bellunesi nel Mondo e i Rotary Club di Belluno, Feltre, Cadore-Cortina.<\/p>\n<p>Tre i premi principali riservati ai Bellunesi emigrati in Italia e nel mondo e ai loro discendenti, che mantengono vivo il legame con la terra delle radici e assegnato a personalit\u00e0 che si sono distinte nei seguenti settori:<br \/>\na) economico, imprenditoriale e professionale;<br \/>\nb) istituzioni arte e cultura;<br \/>\nc) sociale e solidaristico.<\/p>\n<p>Per il settore economico, imprenditoriale e professionale, sar\u00e0 premiato Livio De Lorenzo Noto, classe 1924 \u00e8 il primo di sei fratelli. Dopo il servizio militare, il lavoro in Comelico prima, a Napoli e infine in Svizzera, all&#8217;inizio degli anni &#8217;50 si \u00e8 trasferito a Nelson in Nuova Zelanda dove rimane per 40 anni.<br \/>\nPrima falegname e poi imprenditore agricolo, Livio ha conquistato la stima degli abitanti di Nelson tanto che oggi, dove un tempo c&#8217;era la sua propriet\u00e0, sono stati costruiti i &#8220;De Lorenzo&#8217;s Studio Apartments&#8221;. Rimane cos\u00ec indelebile un bel ricordo di lui nella citt\u00e0 di Nelson.<\/p>\n<p>Per il settore istituzioni, arte e cultura il premio andr\u00e0 a Marino Lena e a Vitalina Maria Frosi.<br \/>\nMarino Lena, nato a Venas di Valle di Cadore nel 1941, si \u00e8 prima distinto negli studi conseguendo due lauree, una in Scienze Naturali e l&#8217;altra in Scienze Biologiche, entrambe con il massimo dei voti. Successivamente, a livello internazionale, si \u00e8 distinto in diversi campi, da quello economico e imprenditoriale a quello sportivo, fino a ricevere riconoscimenti importanti nei settori dell&#8217;istruzione, dell&#8217;attivit\u00e0 sociale e della solidariet\u00e0.<br \/>\nIl Principe Alberto II di Monaco lo ha insignito del prestigioso titolo di Chavalier de l&#8217;Ordre de Saint Charles e nel 2015 il suo nome \u00e8 stato scritto nel Libro d&#8217;Onore della Magnifica Comunit\u00e0 del Cadore come grande rappresentante del Cadore nel mondo.<br \/>\nVitalina Maria Frosi nata in Brasile nel 1937 dove vive a Caracas \u00e8 discendente di una famiglia di Longarone. Dottore in Educazione, Maestra in Linguistica e Lettere per la Pontificia Universit\u00e0 Cattolica di Rio Grande Do Sul e specialista in Lettere Neolatine, \u00e8 stata docente di Linguistica per la scuola Magistrale e docente di Lettere, Culture e Regionalit\u00e0 presso la Facolt\u00e0 di Lettere dell&#8217;Universit\u00e0 di Caxias do Sul.<br \/>\nVitalina Maria Frosi \u00e8 considerata una delle principali esperte di &#8220;talian&#8221;, quella particolare koin\u00e9 che nel Brasile del sud \u00e8 tuttora parlata dai pi\u00f9 anziani e che il Governo brasiliano ha riconosciuto come lingua ufficiale delle minoranze linguistiche italiane.<\/p>\n<p>Per il settore sociale e solidaristico il riconoscimento va a Flavia Caretta, nata a Pedavena nel 1952, una vita spesa con passione e dedizione al servizio delle persone fragili, dopo la laurea in Medicina e Chirurgia e la specializzazione in Gerontologia e Geriatria, ha focalizzato il suo lavoro sulle problematiche terapeutiche e assistenziali del paziente anziano definendo modelli di intervento socio-sanitari che pongono al centro la persona.<br \/>\nPochi come la dott.ssa Caretta hanno saputo alzare il velo sugli aspetti dell&#8217;assistenza nella fase terminale della vita, in cui l&#8217;organizzazione delle cure pu\u00f2 fare la differenza nell&#8217;attenzione alla dignit\u00e0 della persona. Il suo contributo si \u00e8 poi esteso anche oltre i confini della gerontologia, andandosi ad occupare del tema dell&#8217;umanizzazione delle cure nel suo complesso.<\/p>\n<p>Da questa edizione, viste le recenti scomparse dell\u2019ingegner Vincenzo Barcelloni Corte e dello storico direttore dell\u2019ABM Patrizio De Martin Modolado, l\u2019Associazione Bellunesi nel mondo ha proposto di istituire il Premio Speciale \u201cBarcelloni Corte \u2013 De Martin Modolado\u201d che viene assegnato nella sua prima edizione a Manuela De Bernardin Stadoan che dal 1\u00b0 aprile 2019 \u00e8 Questore a Udine, prima donna a guidare la Questura del capoluogo friulano. Bellunese di origine, la dott.ssa De Bernardin proviene dal Compartimento Polizia Ferroviaria di Venezia, che ha diretto nei quattro anni precedenti, dopo una prima esperienza lavorativa in Friuli, come Vicario del Questore di Pordenone. In passato, ha assunto gli incarichi di Dirigente del Commissariato di Pubblica Sicurezza nella sua Cortina d\u2019Ampezzo, della Squadra Mobile e della Divisione di Polizia Amministrativa e Sociale presso la Questura di Belluno e della Divisione Anticrimine a Venezia.<\/p>\n<p>Anche quest&#8217;anno saranno ricordate le persone che hanno contribuito notevolmente al mondo dell&#8217;emigrazione. Il doveroso riconoscimento alla memoria ricorder\u00e0:<\/p>\n<p>Venicios Burigo<br \/>\nOriginario di Cocal do Sul (Brasile) \u00e8 stato uno dei fondatori della Cooperativa di Elettrificazione di Cocal do Sul di cui \u00e8 stato presidente. Fondatore del &#8220;Movimento Domocratico Brasileiro&#8221; \u00e8 stato consigliere comunale di Urissanga, rappresentando Cocal do Sul quando era distretto di Urussanga. Ha inoltre partecipato a vari movimenti ed attivit\u00e0 della comunit\u00e0 locale, ricevendo riconoscimenti per il suo impegno politico e sociale. Presidente del Cocal Sport Club e dell&#8217;Associazione dei Maestri de Genitori del Collegio Padre Shuller. \u00c8 stato ideatore e promotore del primo incontro della famiglia Burigo e del Museo di Cocal do Sul, che raccoglie 450 oggetti di immigrati veneti. Ha altres\u00ec promosso la costituzione di vari cori di musica italiana, partecipando attivamente in alcuni, ricercando e recuperando canzoni folkloristiche italiane.<\/p>\n<p>Claudio Pocaterra<br \/>\nNasce a Ferrara nel 1935. Vive nella citt\u00e0 emiliana fino alla terza elementare. Da qui comincia la sua vita di emigrante. Per ragioni belliche la sua famiglia deve lasciare Ferrara e spostarsi in una frazione di Mel, da dove era originaria la mamma. Completate le medie lavora come aiutante garzone nella fucina da fabbro che il padre aveva allestito appena arrivato da Ferrara. Nel 1953 va a lavorare in Belgio in una grande miniera di carbone. Vi rimane per circa due anni e poi si trasferisce in Francia, nell\u2019Ise\u0300re, in una miniera di ferro, dove lavora fino alla fine del 1957. Attratto da maggiori guadagni, lascia la Francia per la Svizzera, e fino alla fine del 1959 fa il minatore nel Canton Grigioni. La sua \u00e8 una vita da vero emigrante che lo porter\u00e0 a lavorare nei grandi cantieri in tutto il mondo. Per motivi di salute \u00e8 costretto a ritirarsi dal lavoro all\u2019eta\u0300 di cinquantadue anni, dopo una vita spesa all&#8217;estero.<\/p>\n<p>Umberto Crema<br \/>\nCrema \u00e8 stato un vero pioniere per l\u2019Abm. Assieme all\u2019amico Renato De Fanti incontr\u00f2, in ogni angolo del mondo, emigranti bellunesi per invitarli a diventare soci e a costituire una Famiglia. America, la vecchia Europa, l\u2019Australia, l\u2019Africa e l\u2019Italia. Queste le mete di Crema. Persona poliedrica. Aveva difatti ricoperto nel 1951 il ruolo di consigliere e poi di assessore alle finanze e quindi all\u2019istruzione nel comune cittadino. Prima di uscire dal mondo del lavoro aveva ricoperto l\u2019incarico di direttore dell\u2019Istituto nazionale Assistenza Malattie.<\/p>\n<p>Massimiliano Pachner<br \/>\nGi\u00e0 sindaco del Comune di Sappada, presidente dell\u2019Azienda di soggiorno turistico di Sappada, vice presidente e assessore della Provincia di Belluno, segretario dell\u2019assessorato regionale ai Flussi Migratori e anima delle minoranze linguistiche.<\/p>\n<p>Giovanni Viel<br \/>\nUomo dal temperamento forte, ma generosissimo e di un\u2019ospitalit\u00e0 unica, ha avuto una vita intensamente impegnata nel volontariato e sul piano culturale. Segretario della Famiglia Bellunese di Padova fin dagli inizi, sempre in prima linea nell\u2019organizzare e gestire eventi culturali e di solidariet\u00e0, non ha mancato di dare anche il suo costante contributo alle attivit\u00e0 dell\u2019Abm, partecipando per anni alle riunioni del Consiglio direttivo e del giornale, nonch\u00e9 alle assemblee annuali e a molte altre manifestazioni organizzate dall\u2019Associazione. Poeta e pittore, essendo appassionato di arte contemporanea, era amico di molti artisti bellunesi, da Franco Fiabane, al quale spesso faceva compagnia nel suo laboratorio, a Giorgio De Min, non dimenticando la sua passione per Masi Simonetti, organizzando e curando mostre particolarmente a Padova.<\/p>\n<p>Saverio Sanvido<br \/>\n72 anni, di Cesiomaggiore. Emigrato in Svizzera a Zurigo giovanissimo. Una vera colonna portante per i Bellunesi e Veneti di quella citt\u00e0. Presidente della Famiglia Bellunese locale e segretario della CAVES (Confederazione delle Associazioni Venete della Svizzera) oltre che di altre istituzioni locali svizzere.<\/p>\n<p>Mario Benvenuti<br \/>\nGi\u00e0 presidente della Famiglia Bellunese di Zurigo e coordinatore delle Famiglie Bellunesi della Svizzera. Nato a Lamon nel 1931, emigr\u00f2 nel 1951 in Svizzera. Ha dedicato tutta la sua vita all\u2019impegno umanitario e sociale, promuovendo numerose iniziative e fondando varie associazioni rivolte in particolare ai connazionali emigrati in Svizzera e nelle quali ha profuso la sua instancabile attivit\u00e0 dedita soprattutto alle categorie pi\u00f9 bisognose.<\/p>\n<p>Loretta Ben<br \/>\nLoretta Ben per due mandati sindaco del Comune di Taibon Agordino. Aveva un forte legame con lei per le sue molteplici attivit\u00e0 rivolte alla storia dell\u2019emigrazione agordina e, attraverso suo marito, alla costruzione della citt\u00e0 di Kosseir (Egitto). Dirigente preparata per anni ha diretto con competenza la sede di Agordo dell\u2019Appia. \u00c8 stata ideatrice del premio Corpassa, che ogni anno premia cittadini agordini che si sono fatti valere nel mondo.<\/p>\n<p>Denise Soccal<br \/>\nEmigrata prima in Belgio e poi in Svizzera dove ha diretto per molti anni una struttura di accoglienza per studenti. Dopo il rientro a Belluno, \u00e8 stata per oltre dieci anni consigliere dell\u2019ABM e traduttrice\/interprete per il comune di Trichiana gemellato con Souben (Francia).<br \/>\nAngelo Saccaro<br \/>\nDi Arsi\u00e9. Emigrato in Svizzera, \u00e8 stato presidente della Famiglia Bellunese di Aar Sebach (San Gallo). Nel 1991, rientrato a Belluno, \u00e8 stato\u00a0 eletto presidente della Famiglia ex Emigranti di Arsi\u00e9 nel 2002, incarico mantenuto fino alla sua scomparsa.<\/p>\n<p>Remo Bellot<br \/>\nDa emigrante lavor\u00f2 in Africa e in Medio oriente. Rientrato a Feltre, fu presidente della Famiglia ex emigranti del Feltrino per un decennio.<\/p>\n<p>Heidi Damian<br \/>\nOriginario di Igne (Longarone), \u00e8 deceduto a Urussanga in Brasile. Fondatore e primo Presidente della locale Famiglia Bellunese e promotore del gemellaggio Longarone \u2013 Urussanga.<\/p>\n<p>Ferruccio Moro<br \/>\nDi Arsi\u00e9. Emigrato in Svizzera a Frauenfeld, \u00e8 stato presidente della locale Famiglia Bellunese per diciotto anni.<\/p>\n<p>Ermenegildo Coletti<br \/>\ndi Belluno. Emigrato negli Stati Uniti a New York dove ha ricoperto il ruolo di presidente della locale Famiglia Bellunese. Punto di riferimento per molti bellunesi che si recano nella Metropoli.<\/p>\n<p>Bruno De Candido<br \/>\nEmigrato per diversi anni in Svizzera al suo rientro costruisce e gestisce uno degli alberghi di maggior prestigio nell\u2019alto bellunese, il \u201cMonaco sport hotel\u201d, sua la volont\u00e0 di realizzare il monumento all\u2019emigrante nella piazzetta di Santo Stefano di Cadore. Grande fu poi il legame con l\u2019Associazione Bellunesi nel Mondo, tanto da coprire la carica di dirigente della Famiglia ex emigranti del Comelico \u2013 Sappada.<\/p>\n<p>Piergiorgio Campigotto<br \/>\nDi Lamon. Emigrato in svizzera nel Liechtenshlip (San Gallo), \u00e8 stato presidente della Famiglia Bellunese del Taggenburg per oltre vent\u2019anni.<br \/>\nLa manifestazione che anche quest&#8217;anno premier\u00e0 i bellunesi che con il loro lavoro, la loro capacit\u00e0 e solidariet\u00e0 hanno dato lustro alla nostra terra, si terr\u00e0 nella nuova Struttura Polifunzionale della Frazione di San Martino a Chies d\u2019Alpago. Alla cerimonia interverranno interventi degli alunni della Scuola Media di Chies d\u2019Alpago, del Gruppo Folkorisitco \u201cBassanello\u201d e del coro \u201cVoci dai cortivi\u201d.<\/p>\n<p>Chies d\u2019Alpago, terra che ha visto generazioni di concittadini emigrare in ogni angolo del mondo, ospita la XX edizione del premio con la preziosa collaborazione delle associazioni e del volontariato del Comune.<\/p>\n<p>La cerimonia, presentata da Anna De March, sar\u00e0 trasmessa sulle onde di Radio ABM &#8211; voce delle dolomiti, la web radio dell\u2019Associazione Bellunesi nel Mondo (www.bellunesinelmondo.it\/radio-abm)<\/p>","protected":false},"excerpt":{"rendered":"<p>Sabato 14 dicembre 2019, alle 9.45 nella nuova struttura polifunzionale della frazione di San Martino, a Chies d\u2019Alpago, si terr\u00e0 la cerimonia del Premio Internazionale \u201cBellunesi che hanno onorato la provincia in Italia e nel Mondo\u201d, organizzato da Provincia di Belluno, Associazione Bellunesi nel Mondo e i Rotary Club di Belluno, Feltre, Cadore-Cortina. Tre i [&hellip;]<\/p>\n","protected":false},"author":2,"featured_media":0,"comment_status":"closed","ping_status":"open","sticky":false,"template":"","format":"standard","meta":{"footnotes":""},"categories":[3,36,26,8],"tags":[],"class_list":["post-109956","post","type-post","status-publish","format-standard","category-arte-cultura-spettacoli-scienza-archivi","category-lavoro-economia","category-prima-pagina","category-societa-istituzioni"],"yoast_head":"<!-- This site is optimized with the Yoast SEO plugin v28.4 - https:\/\/yoast.com\/product\/yoast-seo-wordpress\/ -->\n<title>Premio internazionale &quot;Bellunesi che hanno onorato la provincia in Italia e nel mondo&quot; - Bellunopress - Dolomiti<\/title>\n<meta name=\"robots\" content=\"index, follow, max-snippet:-1, max-image-preview:large, max-video-preview:-1\" \/>\n<link rel=\"canonical\" href=\"https:\/\/www.bellunopress.it\/fr\/2019\/11\/26\/premio-internazionale-bellunesi-che-hanno-onorato-la-provincia-in-italia-e-nel-mondo-2\/\" \/>\n<meta property=\"og:locale\" content=\"fr_FR\" \/>\n<meta property=\"og:type\" content=\"article\" \/>\n<meta property=\"og:title\" content=\"Premio internazionale &quot;Bellunesi che hanno onorato la provincia in Italia e nel mondo&quot; - Bellunopress - Dolomiti\" \/>\n<meta property=\"og:description\" content=\"Sabato 14 dicembre 2019, alle 9.45 nella nuova struttura polifunzionale della frazione di San Martino, a Chies d\u2019Alpago, si terr\u00e0 la cerimonia del Premio Internazionale \u201cBellunesi che hanno onorato la provincia in Italia e nel Mondo\u201d, organizzato da Provincia di Belluno, Associazione Bellunesi nel Mondo e i Rotary Club di Belluno, Feltre, Cadore-Cortina. Tre i [&hellip;]\" \/>\n<meta property=\"og:url\" content=\"https:\/\/www.bellunopress.it\/fr\/2019\/11\/26\/premio-internazionale-bellunesi-che-hanno-onorato-la-provincia-in-italia-e-nel-mondo-2\/\" \/>\n<meta property=\"og:site_name\" content=\"Bellunopress - Dolomiti\" \/>\n<meta property=\"article:publisher\" content=\"https:\/\/www.facebook.com\/profile.php?id=100008943462799\" \/>\n<meta property=\"article:published_time\" content=\"2019-11-26T21:02:32+00:00\" \/>\n<meta property=\"og:image\" content=\"http:\/\/www.bellunopress.it\/wp-content\/uploads\/2009\/03\/palazzo-piloni-sede-provincia.jpg\" \/>\n<meta name=\"author\" content=\"redazione\" \/>\n<meta name=\"twitter:card\" content=\"summary_large_image\" \/>\n<meta name=\"twitter:creator\" content=\"@bellunopress\" \/>\n<meta name=\"twitter:site\" content=\"@bellunopress\" \/>\n<meta name=\"twitter:label1\" content=\"Written by\" \/>\n\t<meta name=\"twitter:data1\" content=\"redazione\" \/>\n\t<meta name=\"twitter:label2\" content=\"Est. reading time\" \/>\n\t<meta name=\"twitter:data2\" content=\"9 minutes\" \/>\n<script type=\"application\/ld+json\" class=\"yoast-schema-graph\">{\"@context\":\"https:\\\/\\\/schema.org\",\"@graph\":[{\"@type\":\"Article\",\"@id\":\"https:\\\/\\\/www.bellunopress.it\\\/2019\\\/11\\\/26\\\/premio-internazionale-bellunesi-che-hanno-onorato-la-provincia-in-italia-e-nel-mondo-2\\\/#article\",\"isPartOf\":{\"@id\":\"https:\\\/\\\/www.bellunopress.it\\\/2019\\\/11\\\/26\\\/premio-internazionale-bellunesi-che-hanno-onorato-la-provincia-in-italia-e-nel-mondo-2\\\/\"},\"author\":{\"name\":\"redazione\",\"@id\":\"https:\\\/\\\/www.bellunopress.it\\\/#\\\/schema\\\/person\\\/79bb06722b37ece1c03d3e94beb30d73\"},\"headline\":\"Premio internazionale &#8220;Bellunesi che hanno onorato la provincia in Italia e nel mondo&#8221;\",\"datePublished\":\"2019-11-26T21:02:32+00:00\",\"mainEntityOfPage\":{\"@id\":\"https:\\\/\\\/www.bellunopress.it\\\/2019\\\/11\\\/26\\\/premio-internazionale-bellunesi-che-hanno-onorato-la-provincia-in-italia-e-nel-mondo-2\\\/\"},\"wordCount\":1868,\"publisher\":{\"@id\":\"https:\\\/\\\/www.bellunopress.it\\\/#organization\"},\"image\":{\"@id\":\"https:\\\/\\\/www.bellunopress.it\\\/2019\\\/11\\\/26\\\/premio-internazionale-bellunesi-che-hanno-onorato-la-provincia-in-italia-e-nel-mondo-2\\\/#primaryimage\"},\"thumbnailUrl\":\"http:\\\/\\\/www.bellunopress.it\\\/wp-content\\\/uploads\\\/2009\\\/03\\\/palazzo-piloni-sede-provincia.jpg\",\"articleSection\":[\"Arte, Cultura, Spettacoli, Scienza\",\"Lavoro, Economia, Turismo\",\"Prima Pagina\",\"Societ\u00e0, Associazioni, Istituzioni\"],\"inLanguage\":\"fr-FR\"},{\"@type\":\"WebPage\",\"@id\":\"https:\\\/\\\/www.bellunopress.it\\\/2019\\\/11\\\/26\\\/premio-internazionale-bellunesi-che-hanno-onorato-la-provincia-in-italia-e-nel-mondo-2\\\/\",\"url\":\"https:\\\/\\\/www.bellunopress.it\\\/2019\\\/11\\\/26\\\/premio-internazionale-bellunesi-che-hanno-onorato-la-provincia-in-italia-e-nel-mondo-2\\\/\",\"name\":\"Premio internazionale \\\"Bellunesi che hanno onorato la provincia in Italia e nel mondo\\\" - Bellunopress - Dolomiti\",\"isPartOf\":{\"@id\":\"https:\\\/\\\/www.bellunopress.it\\\/#website\"},\"primaryImageOfPage\":{\"@id\":\"https:\\\/\\\/www.bellunopress.it\\\/2019\\\/11\\\/26\\\/premio-internazionale-bellunesi-che-hanno-onorato-la-provincia-in-italia-e-nel-mondo-2\\\/#primaryimage\"},\"image\":{\"@id\":\"https:\\\/\\\/www.bellunopress.it\\\/2019\\\/11\\\/26\\\/premio-internazionale-bellunesi-che-hanno-onorato-la-provincia-in-italia-e-nel-mondo-2\\\/#primaryimage\"},\"thumbnailUrl\":\"http:\\\/\\\/www.bellunopress.it\\\/wp-content\\\/uploads\\\/2009\\\/03\\\/palazzo-piloni-sede-provincia.jpg\",\"datePublished\":\"2019-11-26T21:02:32+00:00\",\"breadcrumb\":{\"@id\":\"https:\\\/\\\/www.bellunopress.it\\\/2019\\\/11\\\/26\\\/premio-internazionale-bellunesi-che-hanno-onorato-la-provincia-in-italia-e-nel-mondo-2\\\/#breadcrumb\"},\"inLanguage\":\"fr-FR\",\"potentialAction\":[{\"@type\":\"ReadAction\",\"target\":[\"https:\\\/\\\/www.bellunopress.it\\\/2019\\\/11\\\/26\\\/premio-internazionale-bellunesi-che-hanno-onorato-la-provincia-in-italia-e-nel-mondo-2\\\/\"]}]},{\"@type\":\"ImageObject\",\"inLanguage\":\"fr-FR\",\"@id\":\"https:\\\/\\\/www.bellunopress.it\\\/2019\\\/11\\\/26\\\/premio-internazionale-bellunesi-che-hanno-onorato-la-provincia-in-italia-e-nel-mondo-2\\\/#primaryimage\",\"url\":\"http:\\\/\\\/www.bellunopress.it\\\/wp-content\\\/uploads\\\/2009\\\/03\\\/palazzo-piloni-sede-provincia.jpg\",\"contentUrl\":\"http:\\\/\\\/www.bellunopress.it\\\/wp-content\\\/uploads\\\/2009\\\/03\\\/palazzo-piloni-sede-provincia.jpg\"},{\"@type\":\"BreadcrumbList\",\"@id\":\"https:\\\/\\\/www.bellunopress.it\\\/2019\\\/11\\\/26\\\/premio-internazionale-bellunesi-che-hanno-onorato-la-provincia-in-italia-e-nel-mondo-2\\\/#breadcrumb\",\"itemListElement\":[{\"@type\":\"ListItem\",\"position\":1,\"name\":\"Home\",\"item\":\"https:\\\/\\\/www.bellunopress.it\\\/\"},{\"@type\":\"ListItem\",\"position\":2,\"name\":\"Premio internazionale &#8220;Bellunesi che hanno onorato la provincia in Italia e nel mondo&#8221;\"}]},{\"@type\":\"WebSite\",\"@id\":\"https:\\\/\\\/www.bellunopress.it\\\/#website\",\"url\":\"https:\\\/\\\/www.bellunopress.it\\\/\",\"name\":\"Bellunopress - Dolomiti\",\"description\":\"e-mail: redazione@bellunopress.it\",\"publisher\":{\"@id\":\"https:\\\/\\\/www.bellunopress.it\\\/#organization\"},\"potentialAction\":[{\"@type\":\"SearchAction\",\"target\":{\"@type\":\"EntryPoint\",\"urlTemplate\":\"https:\\\/\\\/www.bellunopress.it\\\/?s={search_term_string}\"},\"query-input\":{\"@type\":\"PropertyValueSpecification\",\"valueRequired\":true,\"valueName\":\"search_term_string\"}}],\"inLanguage\":\"fr-FR\"},{\"@type\":\"Organization\",\"@id\":\"https:\\\/\\\/www.bellunopress.it\\\/#organization\",\"name\":\"Bellunopress\",\"url\":\"https:\\\/\\\/www.bellunopress.it\\\/\",\"logo\":{\"@type\":\"ImageObject\",\"inLanguage\":\"fr-FR\",\"@id\":\"https:\\\/\\\/www.bellunopress.it\\\/#\\\/schema\\\/logo\\\/image\\\/\",\"url\":\"https:\\\/\\\/www.bellunopress.it\\\/wp-content\\\/uploads\\\/2011\\\/05\\\/cropped-logo-bellunopress-.jpg\",\"contentUrl\":\"https:\\\/\\\/www.bellunopress.it\\\/wp-content\\\/uploads\\\/2011\\\/05\\\/cropped-logo-bellunopress-.jpg\",\"width\":512,\"height\":512,\"caption\":\"Bellunopress\"},\"image\":{\"@id\":\"https:\\\/\\\/www.bellunopress.it\\\/#\\\/schema\\\/logo\\\/image\\\/\"},\"sameAs\":[\"https:\\\/\\\/www.facebook.com\\\/profile.php?id=100008943462799\",\"https:\\\/\\\/x.com\\\/bellunopress\",\"https:\\\/\\\/www.linkedin.com\\\/hp\\\/?dnr=JBzUWaJfMUw8vbXJJ2tVW5-I3jZKvC4wsoxE&amp;amp;amp;amp;amp;amp;trk=nav_responsive_tab_home\",\"https:\\\/\\\/www.youtube.com\\\/channel\\\/UCxL0wu1uN0_3_7hGG0306cw\"]},{\"@type\":\"Person\",\"@id\":\"https:\\\/\\\/www.bellunopress.it\\\/#\\\/schema\\\/person\\\/79bb06722b37ece1c03d3e94beb30d73\",\"name\":\"redazione\",\"image\":{\"@type\":\"ImageObject\",\"inLanguage\":\"fr-FR\",\"@id\":\"https:\\\/\\\/secure.gravatar.com\\\/avatar\\\/37d968a2e67a6fd04c169c4bdef102d0bc5d31b2546345219e348575eb80e9a0?s=96&d=mm&r=g\",\"url\":\"https:\\\/\\\/secure.gravatar.com\\\/avatar\\\/37d968a2e67a6fd04c169c4bdef102d0bc5d31b2546345219e348575eb80e9a0?s=96&d=mm&r=g\",\"contentUrl\":\"https:\\\/\\\/secure.gravatar.com\\\/avatar\\\/37d968a2e67a6fd04c169c4bdef102d0bc5d31b2546345219e348575eb80e9a0?s=96&d=mm&r=g\",\"caption\":\"redazione\"},\"sameAs\":[\"http:\\\/\\\/www.bellunopress.it\",\"https:\\\/\\\/x.com\\\/bellunopress\"],\"url\":\"https:\\\/\\\/www.bellunopress.it\\\/fr\\\/author\\\/redazione\\\/\"}]}<\/script>\n<!-- \/ Yoast SEO plugin. -->","yoast_head_json":{"title":"Premio internazionale \"Bellunesi che hanno onorato la provincia in Italia e nel mondo\" - Bellunopress - Dolomiti","robots":{"index":"index","follow":"follow","max-snippet":"max-snippet:-1","max-image-preview":"max-image-preview:large","max-video-preview":"max-video-preview:-1"},"canonical":"https:\/\/www.bellunopress.it\/fr\/2019\/11\/26\/premio-internazionale-bellunesi-che-hanno-onorato-la-provincia-in-italia-e-nel-mondo-2\/","og_locale":"fr_FR","og_type":"article","og_title":"Premio internazionale \"Bellunesi che hanno onorato la provincia in Italia e nel mondo\" - Bellunopress - Dolomiti","og_description":"Sabato 14 dicembre 2019, alle 9.45 nella nuova struttura polifunzionale della frazione di San Martino, a Chies d\u2019Alpago, si terr\u00e0 la cerimonia del Premio Internazionale \u201cBellunesi che hanno onorato la provincia in Italia e nel Mondo\u201d, organizzato da Provincia di Belluno, Associazione Bellunesi nel Mondo e i Rotary Club di Belluno, Feltre, Cadore-Cortina. Tre i [&hellip;]","og_url":"https:\/\/www.bellunopress.it\/fr\/2019\/11\/26\/premio-internazionale-bellunesi-che-hanno-onorato-la-provincia-in-italia-e-nel-mondo-2\/","og_site_name":"Bellunopress - Dolomiti","article_publisher":"https:\/\/www.facebook.com\/profile.php?id=100008943462799","article_published_time":"2019-11-26T21:02:32+00:00","og_image":[{"url":"http:\/\/www.bellunopress.it\/wp-content\/uploads\/2009\/03\/palazzo-piloni-sede-provincia.jpg","type":"","width":"","height":""}],"author":"redazione","twitter_card":"summary_large_image","twitter_creator":"@bellunopress","twitter_site":"@bellunopress","twitter_misc":{"Written by":"redazione","Est. reading time":"9 minutes"},"schema":{"@context":"https:\/\/schema.org","@graph":[{"@type":"Article","@id":"https:\/\/www.bellunopress.it\/2019\/11\/26\/premio-internazionale-bellunesi-che-hanno-onorato-la-provincia-in-italia-e-nel-mondo-2\/#article","isPartOf":{"@id":"https:\/\/www.bellunopress.it\/2019\/11\/26\/premio-internazionale-bellunesi-che-hanno-onorato-la-provincia-in-italia-e-nel-mondo-2\/"},"author":{"name":"redazione","@id":"https:\/\/www.bellunopress.it\/#\/schema\/person\/79bb06722b37ece1c03d3e94beb30d73"},"headline":"Premio internazionale &#8220;Bellunesi che hanno onorato la provincia in Italia e nel mondo&#8221;","datePublished":"2019-11-26T21:02:32+00:00","mainEntityOfPage":{"@id":"https:\/\/www.bellunopress.it\/2019\/11\/26\/premio-internazionale-bellunesi-che-hanno-onorato-la-provincia-in-italia-e-nel-mondo-2\/"},"wordCount":1868,"publisher":{"@id":"https:\/\/www.bellunopress.it\/#organization"},"image":{"@id":"https:\/\/www.bellunopress.it\/2019\/11\/26\/premio-internazionale-bellunesi-che-hanno-onorato-la-provincia-in-italia-e-nel-mondo-2\/#primaryimage"},"thumbnailUrl":"http:\/\/www.bellunopress.it\/wp-content\/uploads\/2009\/03\/palazzo-piloni-sede-provincia.jpg","articleSection":["Arte, Cultura, Spettacoli, Scienza","Lavoro, Economia, Turismo","Prima Pagina","Societ\u00e0, Associazioni, Istituzioni"],"inLanguage":"fr-FR"},{"@type":"WebPage","@id":"https:\/\/www.bellunopress.it\/2019\/11\/26\/premio-internazionale-bellunesi-che-hanno-onorato-la-provincia-in-italia-e-nel-mondo-2\/","url":"https:\/\/www.bellunopress.it\/2019\/11\/26\/premio-internazionale-bellunesi-che-hanno-onorato-la-provincia-in-italia-e-nel-mondo-2\/","name":"Premio internazionale \"Bellunesi che hanno onorato la provincia in Italia e nel mondo\" - Bellunopress - Dolomiti","isPartOf":{"@id":"https:\/\/www.bellunopress.it\/#website"},"primaryImageOfPage":{"@id":"https:\/\/www.bellunopress.it\/2019\/11\/26\/premio-internazionale-bellunesi-che-hanno-onorato-la-provincia-in-italia-e-nel-mondo-2\/#primaryimage"},"image":{"@id":"https:\/\/www.bellunopress.it\/2019\/11\/26\/premio-internazionale-bellunesi-che-hanno-onorato-la-provincia-in-italia-e-nel-mondo-2\/#primaryimage"},"thumbnailUrl":"http:\/\/www.bellunopress.it\/wp-content\/uploads\/2009\/03\/palazzo-piloni-sede-provincia.jpg","datePublished":"2019-11-26T21:02:32+00:00","breadcrumb":{"@id":"https:\/\/www.bellunopress.it\/2019\/11\/26\/premio-internazionale-bellunesi-che-hanno-onorato-la-provincia-in-italia-e-nel-mondo-2\/#breadcrumb"},"inLanguage":"fr-FR","potentialAction":[{"@type":"ReadAction","target":["https:\/\/www.bellunopress.it\/2019\/11\/26\/premio-internazionale-bellunesi-che-hanno-onorato-la-provincia-in-italia-e-nel-mondo-2\/"]}]},{"@type":"ImageObject","inLanguage":"fr-FR","@id":"https:\/\/www.bellunopress.it\/2019\/11\/26\/premio-internazionale-bellunesi-che-hanno-onorato-la-provincia-in-italia-e-nel-mondo-2\/#primaryimage","url":"http:\/\/www.bellunopress.it\/wp-content\/uploads\/2009\/03\/palazzo-piloni-sede-provincia.jpg","contentUrl":"http:\/\/www.bellunopress.it\/wp-content\/uploads\/2009\/03\/palazzo-piloni-sede-provincia.jpg"},{"@type":"BreadcrumbList","@id":"https:\/\/www.bellunopress.it\/2019\/11\/26\/premio-internazionale-bellunesi-che-hanno-onorato-la-provincia-in-italia-e-nel-mondo-2\/#breadcrumb","itemListElement":[{"@type":"ListItem","position":1,"name":"Home","item":"https:\/\/www.bellunopress.it\/"},{"@type":"ListItem","position":2,"name":"Premio internazionale &#8220;Bellunesi che hanno onorato la provincia in Italia e nel mondo&#8221;"}]},{"@type":"WebSite","@id":"https:\/\/www.bellunopress.it\/#website","url":"https:\/\/www.bellunopress.it\/","name":"Bellunopress - Dolomiti","description":"e-mail: redazione@bellunopress.it","publisher":{"@id":"https:\/\/www.bellunopress.it\/#organization"},"potentialAction":[{"@type":"SearchAction","target":{"@type":"EntryPoint","urlTemplate":"https:\/\/www.bellunopress.it\/?s={search_term_string}"},"query-input":{"@type":"PropertyValueSpecification","valueRequired":true,"valueName":"search_term_string"}}],"inLanguage":"fr-FR"},{"@type":"Organization","@id":"https:\/\/www.bellunopress.it\/#organization","name":"Bellunopress","url":"https:\/\/www.bellunopress.it\/","logo":{"@type":"ImageObject","inLanguage":"fr-FR","@id":"https:\/\/www.bellunopress.it\/#\/schema\/logo\/image\/","url":"https:\/\/www.bellunopress.it\/wp-content\/uploads\/2011\/05\/cropped-logo-bellunopress-.jpg","contentUrl":"https:\/\/www.bellunopress.it\/wp-content\/uploads\/2011\/05\/cropped-logo-bellunopress-.jpg","width":512,"height":512,"caption":"Bellunopress"},"image":{"@id":"https:\/\/www.bellunopress.it\/#\/schema\/logo\/image\/"},"sameAs":["https:\/\/www.facebook.com\/profile.php?id=100008943462799","https:\/\/x.com\/bellunopress","https:\/\/www.linkedin.com\/hp\/?dnr=JBzUWaJfMUw8vbXJJ2tVW5-I3jZKvC4wsoxE&amp;amp;amp;amp;amp;amp;trk=nav_responsive_tab_home","https:\/\/www.youtube.com\/channel\/UCxL0wu1uN0_3_7hGG0306cw"]},{"@type":"Person","@id":"https:\/\/www.bellunopress.it\/#\/schema\/person\/79bb06722b37ece1c03d3e94beb30d73","name":"r\u00e9daction","image":{"@type":"ImageObject","inLanguage":"fr-FR","@id":"https:\/\/secure.gravatar.com\/avatar\/37d968a2e67a6fd04c169c4bdef102d0bc5d31b2546345219e348575eb80e9a0?s=96&d=mm&r=g","url":"https:\/\/secure.gravatar.com\/avatar\/37d968a2e67a6fd04c169c4bdef102d0bc5d31b2546345219e348575eb80e9a0?s=96&d=mm&r=g","contentUrl":"https:\/\/secure.gravatar.com\/avatar\/37d968a2e67a6fd04c169c4bdef102d0bc5d31b2546345219e348575eb80e9a0?s=96&d=mm&r=g","caption":"redazione"},"sameAs":["http:\/\/www.bellunopress.it","https:\/\/x.com\/bellunopress"],"url":"https:\/\/www.bellunopress.it\/fr\/author\/redazione\/"}]}},"_links":{"self":[{"href":"https:\/\/www.bellunopress.it\/fr\/wp-json\/wp\/v2\/posts\/109956","targetHints":{"allow":["GET"]}}],"collection":[{"href":"https:\/\/www.bellunopress.it\/fr\/wp-json\/wp\/v2\/posts"}],"about":[{"href":"https:\/\/www.bellunopress.it\/fr\/wp-json\/wp\/v2\/types\/post"}],"author":[{"embeddable":true,"href":"https:\/\/www.bellunopress.it\/fr\/wp-json\/wp\/v2\/users\/2"}],"replies":[{"embeddable":true,"href":"https:\/\/www.bellunopress.it\/fr\/wp-json\/wp\/v2\/comments?post=109956"}],"version-history":[{"count":1,"href":"https:\/\/www.bellunopress.it\/fr\/wp-json\/wp\/v2\/posts\/109956\/revisions"}],"predecessor-version":[{"id":109957,"href":"https:\/\/www.bellunopress.it\/fr\/wp-json\/wp\/v2\/posts\/109956\/revisions\/109957"}],"wp:attachment":[{"href":"https:\/\/www.bellunopress.it\/fr\/wp-json\/wp\/v2\/media?parent=109956"}],"wp:term":[{"taxonomy":"category","embeddable":true,"href":"https:\/\/www.bellunopress.it\/fr\/wp-json\/wp\/v2\/categories?post=109956"},{"taxonomy":"post_tag","embeddable":true,"href":"https:\/\/www.bellunopress.it\/fr\/wp-json\/wp\/v2\/tags?post=109956"}],"curies":[{"name":"wp","href":"https:\/\/api.w.org\/{rel}","templated":true}]}}