{"id":109948,"date":"2019-11-26T18:38:04","date_gmt":"2019-11-26T17:38:04","guid":{"rendered":"http:\/\/www.bellunopress.it\/?p=109948"},"modified":"2019-11-26T18:38:08","modified_gmt":"2019-11-26T17:38:08","slug":"fondo-welfare-e-identita-territoriale-presentato-il-sito-un-questionario-per-misurare-il-livello-di-attaccamento-al-territorio","status":"publish","type":"post","link":"https:\/\/www.bellunopress.it\/fr\/2019\/11\/26\/fondo-welfare-e-identita-territoriale-presentato-il-sito-un-questionario-per-misurare-il-livello-di-attaccamento-al-territorio\/","title":{"rendered":"Fondo Welfare e Identit\u00e0 Territoriale, presentato il sito. Un questionario per misurare il livello di attaccamento al territorio"},"content":{"rendered":"<p><a href=\"http:\/\/www.bellunopress.it\/fr\/2019\/11\/26\/fondo-welfare-e-identita-territoriale-presentato-il-sito-un-questionario-per-misurare-il-livello-di-attaccamento-al-territorio\/fondo-welfare\/\" rel=\"attachment wp-att-109949\"><img loading=\"lazy\" decoding=\"async\" class=\"alignleft size-full wp-image-109949\" src=\"http:\/\/www.bellunopress.it\/wp-content\/uploads\/2019\/11\/fondo-welfare.jpg\" alt=\"\" width=\"400\" height=\"205\" \/><\/a>Belluno, 26 novembre 2019\u00a0 &#8211;\u00a0 Il Fondo Welfare e Identit\u00e0 Territoriale ha presentato questa mattina in conferenza stampa il nuovo sito internet, www.welfaredolomiti.it. Un portale che raccoglie tutte le iniziative e i progetti del Fondo, istituito dalle organizzazioni sindacali e dalla Provincia di Belluno, in collaborazione con il mondo produttivo e industriale, delle associazioni e della Diocesi di Belluno-Feltre, per contrastare lo spopolamento della montagna e delle cosiddette \u201cterre alte\u201d.<\/p>\n<p>Alla conferenza stampa erano presenti anche gli altri soggetti che compongono il Fondo, i segretari territoriali di Cgil e Cisl, il direttore di Confindustria, il delegato della diocesi per la pastorale sociale don Mario Doriguzzi, il presidente del Consorzio Bim Piave, e il sindaco di Val di Zoldo, Camillo De Pellegrin.<\/p>\n<p>\u00abIl portale ha lo scopo di far conoscere il Fondo &#8211; ha detto la presidente, Francesca De Biasi -. E vuole rappresentare in maniera plastica il senso di comunit\u00e0 bellunese\u00bb. Proprio il senso di comunit\u00e0 e l\u2019attaccamento al territorio sono le unit\u00e0 di misura con cui \u00e8 stato costruito un questionario, presente sul sito e a disposizione di tutti gli utenti. Servir\u00e0 al Fondo per un\u2019analisi sociologica approfondita. \u00abQuesto \u00e8 il primo questionario del genere fatto in provincia di Belluno: vogliamo capire il livello di attaccamento al territorio, perch\u00e9 una persona che si sente di appartenere alla zona in cui vive \u00e8 una persona con un elevato benessere sociale &#8211; ha spiegato Francesca De Biasi -. Vogliamo valutare le motivazioni che spingono un bellunese a rimanere oppure ad andarsene, o ancora a ritornare dopo un periodo all&#8217;estero. Poi vogliamo intercettare eventuali desideri di \u201cfuga\u201d dal Bellunese e valutare la predisposizione al futuro abitativo. In pratica, il questionario ha una parte che serve a valutare l\u2019aspetto identitario e un segmento ad hoc sul benessere sociale percepito. Non ci interessano tanto i numeri, quanto le persone. Ma i dati sono fondamentali per improntare le azioni necessarie a curare l&#8217;attaccamento territoriale e contrastare cos\u00ec lo spopolamento\u00bb.<\/p>\n<p>Il questionario \u00e8 gi\u00e0 stato divulgato nelle scuole superiori, perch\u00e9 il Fondo Welfare e Identit\u00e0 Territoriale ha lanciato un concorso di idee per la creazione del logo da utilizzare nei prossimi anni. Da oggi \u00e8 a disposizione di tutti coloro che entrano nel sito welfaredolomiti.it.<br \/>\n\u00abIl portale presenta anche tutto quello che il Fondo ha fatto durante l\u2019emergenza Vaia &#8211; ha spiegato la presidente De Biasi -. E i progetti che verranno portati avanti per contrastare lo spopolamento. Ce ne sono gi\u00e0 tre praticamente pronti. Uno sportello virtuale per far incontrare i nostri giovani che sono all\u2019estero, creato con la collaborazione tra l\u2019associazione Bellunesi nel Mondo e Confindustria. Il progetto \u201cNido in famiglia\u201d, pensato per le piccole comunit\u00e0 di montagna. E il progetto \u201cLavora, impara e ritorna\u201d, per dare un incentivo a chi decide di svolgere stage nelle nostre aziende bellunesi\u00bb.<\/p>","protected":false},"excerpt":{"rendered":"<p>Belluno, 26 novembre 2019\u00a0 &#8211;\u00a0 Il Fondo Welfare e Identit\u00e0 Territoriale ha presentato questa mattina in conferenza stampa il nuovo sito internet, www.welfaredolomiti.it. Un portale che raccoglie tutte le iniziative e i progetti del Fondo, istituito dalle organizzazioni sindacali e dalla Provincia di Belluno, in collaborazione con il mondo produttivo e industriale, delle associazioni e [&hellip;]<\/p>\n","protected":false},"author":2,"featured_media":0,"comment_status":"closed","ping_status":"open","sticky":false,"template":"","format":"standard","meta":{"footnotes":""},"categories":[5,26,8],"tags":[],"class_list":["post-109948","post","type-post","status-publish","format-standard","category-cronaca","category-prima-pagina","category-societa-istituzioni"],"yoast_head":"<!-- This site is optimized with the Yoast SEO plugin v28.4 - https:\/\/yoast.com\/product\/yoast-seo-wordpress\/ -->\n<title>Fondo Welfare e Identit\u00e0 Territoriale, presentato il sito. Un questionario per misurare il livello di attaccamento al territorio - Bellunopress - Dolomiti<\/title>\n<meta name=\"robots\" content=\"index, follow, max-snippet:-1, max-image-preview:large, max-video-preview:-1\" \/>\n<link rel=\"canonical\" href=\"https:\/\/www.bellunopress.it\/fr\/2019\/11\/26\/fondo-welfare-e-identita-territoriale-presentato-il-sito-un-questionario-per-misurare-il-livello-di-attaccamento-al-territorio\/\" \/>\n<meta property=\"og:locale\" content=\"fr_FR\" \/>\n<meta property=\"og:type\" content=\"article\" \/>\n<meta property=\"og:title\" content=\"Fondo Welfare e Identit\u00e0 Territoriale, presentato il sito. Un questionario per misurare il livello di attaccamento al territorio - Bellunopress - Dolomiti\" \/>\n<meta property=\"og:description\" content=\"Belluno, 26 novembre 2019\u00a0 &#8211;\u00a0 Il Fondo Welfare e Identit\u00e0 Territoriale ha presentato questa mattina in conferenza stampa il nuovo sito internet, www.welfaredolomiti.it. Un portale che raccoglie tutte le iniziative e i progetti del Fondo, istituito dalle organizzazioni sindacali e dalla Provincia di Belluno, in collaborazione con il mondo produttivo e industriale, delle associazioni e [&hellip;]\" \/>\n<meta property=\"og:url\" content=\"https:\/\/www.bellunopress.it\/fr\/2019\/11\/26\/fondo-welfare-e-identita-territoriale-presentato-il-sito-un-questionario-per-misurare-il-livello-di-attaccamento-al-territorio\/\" \/>\n<meta property=\"og:site_name\" content=\"Bellunopress - Dolomiti\" \/>\n<meta property=\"article:publisher\" content=\"https:\/\/www.facebook.com\/profile.php?id=100008943462799\" \/>\n<meta property=\"article:published_time\" content=\"2019-11-26T17:38:04+00:00\" \/>\n<meta property=\"article:modified_time\" content=\"2019-11-26T17:38:08+00:00\" \/>\n<meta property=\"og:image\" content=\"http:\/\/www.bellunopress.it\/wp-content\/uploads\/2019\/11\/fondo-welfare.jpg\" \/>\n<meta name=\"author\" content=\"redazione\" \/>\n<meta name=\"twitter:card\" content=\"summary_large_image\" \/>\n<meta name=\"twitter:creator\" content=\"@bellunopress\" \/>\n<meta name=\"twitter:site\" content=\"@bellunopress\" \/>\n<meta name=\"twitter:label1\" content=\"\u00c9crit par\" \/>\n\t<meta name=\"twitter:data1\" content=\"redazione\" \/>\n\t<meta name=\"twitter:label2\" content=\"Dur\u00e9e de lecture estim\u00e9e\" \/>\n\t<meta name=\"twitter:data2\" content=\"2 minutes\" \/>\n<script type=\"application\/ld+json\" class=\"yoast-schema-graph\">{\"@context\":\"https:\\\/\\\/schema.org\",\"@graph\":[{\"@type\":\"Article\",\"@id\":\"https:\\\/\\\/www.bellunopress.it\\\/2019\\\/11\\\/26\\\/fondo-welfare-e-identita-territoriale-presentato-il-sito-un-questionario-per-misurare-il-livello-di-attaccamento-al-territorio\\\/#article\",\"isPartOf\":{\"@id\":\"https:\\\/\\\/www.bellunopress.it\\\/2019\\\/11\\\/26\\\/fondo-welfare-e-identita-territoriale-presentato-il-sito-un-questionario-per-misurare-il-livello-di-attaccamento-al-territorio\\\/\"},\"author\":{\"name\":\"redazione\",\"@id\":\"https:\\\/\\\/www.bellunopress.it\\\/#\\\/schema\\\/person\\\/79bb06722b37ece1c03d3e94beb30d73\"},\"headline\":\"Fondo Welfare e Identit\u00e0 Territoriale, presentato il sito. Un questionario per misurare il livello di attaccamento al territorio\",\"datePublished\":\"2019-11-26T17:38:04+00:00\",\"dateModified\":\"2019-11-26T17:38:08+00:00\",\"mainEntityOfPage\":{\"@id\":\"https:\\\/\\\/www.bellunopress.it\\\/2019\\\/11\\\/26\\\/fondo-welfare-e-identita-territoriale-presentato-il-sito-un-questionario-per-misurare-il-livello-di-attaccamento-al-territorio\\\/\"},\"wordCount\":487,\"publisher\":{\"@id\":\"https:\\\/\\\/www.bellunopress.it\\\/#organization\"},\"image\":{\"@id\":\"https:\\\/\\\/www.bellunopress.it\\\/2019\\\/11\\\/26\\\/fondo-welfare-e-identita-territoriale-presentato-il-sito-un-questionario-per-misurare-il-livello-di-attaccamento-al-territorio\\\/#primaryimage\"},\"thumbnailUrl\":\"http:\\\/\\\/www.bellunopress.it\\\/wp-content\\\/uploads\\\/2019\\\/11\\\/fondo-welfare.jpg\",\"articleSection\":[\"Cronaca\\\/Politica\",\"Prima Pagina\",\"Societ\u00e0, Associazioni, Istituzioni\"],\"inLanguage\":\"fr-FR\"},{\"@type\":\"WebPage\",\"@id\":\"https:\\\/\\\/www.bellunopress.it\\\/2019\\\/11\\\/26\\\/fondo-welfare-e-identita-territoriale-presentato-il-sito-un-questionario-per-misurare-il-livello-di-attaccamento-al-territorio\\\/\",\"url\":\"https:\\\/\\\/www.bellunopress.it\\\/2019\\\/11\\\/26\\\/fondo-welfare-e-identita-territoriale-presentato-il-sito-un-questionario-per-misurare-il-livello-di-attaccamento-al-territorio\\\/\",\"name\":\"Fondo Welfare e Identit\u00e0 Territoriale, presentato il sito. Un questionario per misurare il livello di attaccamento al territorio - Bellunopress - Dolomiti\",\"isPartOf\":{\"@id\":\"https:\\\/\\\/www.bellunopress.it\\\/#website\"},\"primaryImageOfPage\":{\"@id\":\"https:\\\/\\\/www.bellunopress.it\\\/2019\\\/11\\\/26\\\/fondo-welfare-e-identita-territoriale-presentato-il-sito-un-questionario-per-misurare-il-livello-di-attaccamento-al-territorio\\\/#primaryimage\"},\"image\":{\"@id\":\"https:\\\/\\\/www.bellunopress.it\\\/2019\\\/11\\\/26\\\/fondo-welfare-e-identita-territoriale-presentato-il-sito-un-questionario-per-misurare-il-livello-di-attaccamento-al-territorio\\\/#primaryimage\"},\"thumbnailUrl\":\"http:\\\/\\\/www.bellunopress.it\\\/wp-content\\\/uploads\\\/2019\\\/11\\\/fondo-welfare.jpg\",\"datePublished\":\"2019-11-26T17:38:04+00:00\",\"dateModified\":\"2019-11-26T17:38:08+00:00\",\"breadcrumb\":{\"@id\":\"https:\\\/\\\/www.bellunopress.it\\\/2019\\\/11\\\/26\\\/fondo-welfare-e-identita-territoriale-presentato-il-sito-un-questionario-per-misurare-il-livello-di-attaccamento-al-territorio\\\/#breadcrumb\"},\"inLanguage\":\"fr-FR\",\"potentialAction\":[{\"@type\":\"ReadAction\",\"target\":[\"https:\\\/\\\/www.bellunopress.it\\\/2019\\\/11\\\/26\\\/fondo-welfare-e-identita-territoriale-presentato-il-sito-un-questionario-per-misurare-il-livello-di-attaccamento-al-territorio\\\/\"]}]},{\"@type\":\"ImageObject\",\"inLanguage\":\"fr-FR\",\"@id\":\"https:\\\/\\\/www.bellunopress.it\\\/2019\\\/11\\\/26\\\/fondo-welfare-e-identita-territoriale-presentato-il-sito-un-questionario-per-misurare-il-livello-di-attaccamento-al-territorio\\\/#primaryimage\",\"url\":\"http:\\\/\\\/www.bellunopress.it\\\/wp-content\\\/uploads\\\/2019\\\/11\\\/fondo-welfare.jpg\",\"contentUrl\":\"http:\\\/\\\/www.bellunopress.it\\\/wp-content\\\/uploads\\\/2019\\\/11\\\/fondo-welfare.jpg\"},{\"@type\":\"BreadcrumbList\",\"@id\":\"https:\\\/\\\/www.bellunopress.it\\\/2019\\\/11\\\/26\\\/fondo-welfare-e-identita-territoriale-presentato-il-sito-un-questionario-per-misurare-il-livello-di-attaccamento-al-territorio\\\/#breadcrumb\",\"itemListElement\":[{\"@type\":\"ListItem\",\"position\":1,\"name\":\"Home\",\"item\":\"https:\\\/\\\/www.bellunopress.it\\\/\"},{\"@type\":\"ListItem\",\"position\":2,\"name\":\"Fondo Welfare e Identit\u00e0 Territoriale, presentato il sito. Un questionario per misurare il livello di attaccamento al territorio\"}]},{\"@type\":\"WebSite\",\"@id\":\"https:\\\/\\\/www.bellunopress.it\\\/#website\",\"url\":\"https:\\\/\\\/www.bellunopress.it\\\/\",\"name\":\"Bellunopress - Dolomiti\",\"description\":\"e-mail: redazione@bellunopress.it\",\"publisher\":{\"@id\":\"https:\\\/\\\/www.bellunopress.it\\\/#organization\"},\"potentialAction\":[{\"@type\":\"SearchAction\",\"target\":{\"@type\":\"EntryPoint\",\"urlTemplate\":\"https:\\\/\\\/www.bellunopress.it\\\/?s={search_term_string}\"},\"query-input\":{\"@type\":\"PropertyValueSpecification\",\"valueRequired\":true,\"valueName\":\"search_term_string\"}}],\"inLanguage\":\"fr-FR\"},{\"@type\":\"Organization\",\"@id\":\"https:\\\/\\\/www.bellunopress.it\\\/#organization\",\"name\":\"Bellunopress\",\"url\":\"https:\\\/\\\/www.bellunopress.it\\\/\",\"logo\":{\"@type\":\"ImageObject\",\"inLanguage\":\"fr-FR\",\"@id\":\"https:\\\/\\\/www.bellunopress.it\\\/#\\\/schema\\\/logo\\\/image\\\/\",\"url\":\"https:\\\/\\\/www.bellunopress.it\\\/wp-content\\\/uploads\\\/2011\\\/05\\\/cropped-logo-bellunopress-.jpg\",\"contentUrl\":\"https:\\\/\\\/www.bellunopress.it\\\/wp-content\\\/uploads\\\/2011\\\/05\\\/cropped-logo-bellunopress-.jpg\",\"width\":512,\"height\":512,\"caption\":\"Bellunopress\"},\"image\":{\"@id\":\"https:\\\/\\\/www.bellunopress.it\\\/#\\\/schema\\\/logo\\\/image\\\/\"},\"sameAs\":[\"https:\\\/\\\/www.facebook.com\\\/profile.php?id=100008943462799\",\"https:\\\/\\\/x.com\\\/bellunopress\",\"https:\\\/\\\/www.linkedin.com\\\/hp\\\/?dnr=JBzUWaJfMUw8vbXJJ2tVW5-I3jZKvC4wsoxE&amp;amp;amp;amp;amp;amp;trk=nav_responsive_tab_home\",\"https:\\\/\\\/www.youtube.com\\\/channel\\\/UCxL0wu1uN0_3_7hGG0306cw\"]},{\"@type\":\"Person\",\"@id\":\"https:\\\/\\\/www.bellunopress.it\\\/#\\\/schema\\\/person\\\/79bb06722b37ece1c03d3e94beb30d73\",\"name\":\"redazione\",\"image\":{\"@type\":\"ImageObject\",\"inLanguage\":\"fr-FR\",\"@id\":\"https:\\\/\\\/secure.gravatar.com\\\/avatar\\\/37d968a2e67a6fd04c169c4bdef102d0bc5d31b2546345219e348575eb80e9a0?s=96&d=mm&r=g\",\"url\":\"https:\\\/\\\/secure.gravatar.com\\\/avatar\\\/37d968a2e67a6fd04c169c4bdef102d0bc5d31b2546345219e348575eb80e9a0?s=96&d=mm&r=g\",\"contentUrl\":\"https:\\\/\\\/secure.gravatar.com\\\/avatar\\\/37d968a2e67a6fd04c169c4bdef102d0bc5d31b2546345219e348575eb80e9a0?s=96&d=mm&r=g\",\"caption\":\"redazione\"},\"sameAs\":[\"http:\\\/\\\/www.bellunopress.it\",\"https:\\\/\\\/x.com\\\/bellunopress\"],\"url\":\"https:\\\/\\\/www.bellunopress.it\\\/fr\\\/author\\\/redazione\\\/\"}]}<\/script>\n<!-- \/ Yoast SEO plugin. -->","yoast_head_json":{"title":"Fondo Welfare e Identit\u00e0 Territoriale, presentato il sito. Un questionario per misurare il livello di attaccamento al territorio - Bellunopress - Dolomiti","robots":{"index":"index","follow":"follow","max-snippet":"max-snippet:-1","max-image-preview":"max-image-preview:large","max-video-preview":"max-video-preview:-1"},"canonical":"https:\/\/www.bellunopress.it\/fr\/2019\/11\/26\/fondo-welfare-e-identita-territoriale-presentato-il-sito-un-questionario-per-misurare-il-livello-di-attaccamento-al-territorio\/","og_locale":"fr_FR","og_type":"article","og_title":"Fondo Welfare e Identit\u00e0 Territoriale, presentato il sito. Un questionario per misurare il livello di attaccamento al territorio - Bellunopress - Dolomiti","og_description":"Belluno, 26 novembre 2019\u00a0 &#8211;\u00a0 Il Fondo Welfare e Identit\u00e0 Territoriale ha presentato questa mattina in conferenza stampa il nuovo sito internet, www.welfaredolomiti.it. Un portale che raccoglie tutte le iniziative e i progetti del Fondo, istituito dalle organizzazioni sindacali e dalla Provincia di Belluno, in collaborazione con il mondo produttivo e industriale, delle associazioni e [&hellip;]","og_url":"https:\/\/www.bellunopress.it\/fr\/2019\/11\/26\/fondo-welfare-e-identita-territoriale-presentato-il-sito-un-questionario-per-misurare-il-livello-di-attaccamento-al-territorio\/","og_site_name":"Bellunopress - Dolomiti","article_publisher":"https:\/\/www.facebook.com\/profile.php?id=100008943462799","article_published_time":"2019-11-26T17:38:04+00:00","article_modified_time":"2019-11-26T17:38:08+00:00","og_image":[{"url":"http:\/\/www.bellunopress.it\/wp-content\/uploads\/2019\/11\/fondo-welfare.jpg","type":"","width":"","height":""}],"author":"redazione","twitter_card":"summary_large_image","twitter_creator":"@bellunopress","twitter_site":"@bellunopress","twitter_misc":{"\u00c9crit par":"redazione","Dur\u00e9e de lecture estim\u00e9e":"2 minutes"},"schema":{"@context":"https:\/\/schema.org","@graph":[{"@type":"Article","@id":"https:\/\/www.bellunopress.it\/2019\/11\/26\/fondo-welfare-e-identita-territoriale-presentato-il-sito-un-questionario-per-misurare-il-livello-di-attaccamento-al-territorio\/#article","isPartOf":{"@id":"https:\/\/www.bellunopress.it\/2019\/11\/26\/fondo-welfare-e-identita-territoriale-presentato-il-sito-un-questionario-per-misurare-il-livello-di-attaccamento-al-territorio\/"},"author":{"name":"redazione","@id":"https:\/\/www.bellunopress.it\/#\/schema\/person\/79bb06722b37ece1c03d3e94beb30d73"},"headline":"Fondo Welfare e Identit\u00e0 Territoriale, presentato il sito. Un questionario per misurare il livello di attaccamento al territorio","datePublished":"2019-11-26T17:38:04+00:00","dateModified":"2019-11-26T17:38:08+00:00","mainEntityOfPage":{"@id":"https:\/\/www.bellunopress.it\/2019\/11\/26\/fondo-welfare-e-identita-territoriale-presentato-il-sito-un-questionario-per-misurare-il-livello-di-attaccamento-al-territorio\/"},"wordCount":487,"publisher":{"@id":"https:\/\/www.bellunopress.it\/#organization"},"image":{"@id":"https:\/\/www.bellunopress.it\/2019\/11\/26\/fondo-welfare-e-identita-territoriale-presentato-il-sito-un-questionario-per-misurare-il-livello-di-attaccamento-al-territorio\/#primaryimage"},"thumbnailUrl":"http:\/\/www.bellunopress.it\/wp-content\/uploads\/2019\/11\/fondo-welfare.jpg","articleSection":["Cronaca\/Politica","Prima Pagina","Societ\u00e0, Associazioni, Istituzioni"],"inLanguage":"fr-FR"},{"@type":"WebPage","@id":"https:\/\/www.bellunopress.it\/2019\/11\/26\/fondo-welfare-e-identita-territoriale-presentato-il-sito-un-questionario-per-misurare-il-livello-di-attaccamento-al-territorio\/","url":"https:\/\/www.bellunopress.it\/2019\/11\/26\/fondo-welfare-e-identita-territoriale-presentato-il-sito-un-questionario-per-misurare-il-livello-di-attaccamento-al-territorio\/","name":"Fondo Welfare e Identit\u00e0 Territoriale, presentato il sito. Un questionario per misurare il livello di attaccamento al territorio - Bellunopress - Dolomiti","isPartOf":{"@id":"https:\/\/www.bellunopress.it\/#website"},"primaryImageOfPage":{"@id":"https:\/\/www.bellunopress.it\/2019\/11\/26\/fondo-welfare-e-identita-territoriale-presentato-il-sito-un-questionario-per-misurare-il-livello-di-attaccamento-al-territorio\/#primaryimage"},"image":{"@id":"https:\/\/www.bellunopress.it\/2019\/11\/26\/fondo-welfare-e-identita-territoriale-presentato-il-sito-un-questionario-per-misurare-il-livello-di-attaccamento-al-territorio\/#primaryimage"},"thumbnailUrl":"http:\/\/www.bellunopress.it\/wp-content\/uploads\/2019\/11\/fondo-welfare.jpg","datePublished":"2019-11-26T17:38:04+00:00","dateModified":"2019-11-26T17:38:08+00:00","breadcrumb":{"@id":"https:\/\/www.bellunopress.it\/2019\/11\/26\/fondo-welfare-e-identita-territoriale-presentato-il-sito-un-questionario-per-misurare-il-livello-di-attaccamento-al-territorio\/#breadcrumb"},"inLanguage":"fr-FR","potentialAction":[{"@type":"ReadAction","target":["https:\/\/www.bellunopress.it\/2019\/11\/26\/fondo-welfare-e-identita-territoriale-presentato-il-sito-un-questionario-per-misurare-il-livello-di-attaccamento-al-territorio\/"]}]},{"@type":"ImageObject","inLanguage":"fr-FR","@id":"https:\/\/www.bellunopress.it\/2019\/11\/26\/fondo-welfare-e-identita-territoriale-presentato-il-sito-un-questionario-per-misurare-il-livello-di-attaccamento-al-territorio\/#primaryimage","url":"http:\/\/www.bellunopress.it\/wp-content\/uploads\/2019\/11\/fondo-welfare.jpg","contentUrl":"http:\/\/www.bellunopress.it\/wp-content\/uploads\/2019\/11\/fondo-welfare.jpg"},{"@type":"BreadcrumbList","@id":"https:\/\/www.bellunopress.it\/2019\/11\/26\/fondo-welfare-e-identita-territoriale-presentato-il-sito-un-questionario-per-misurare-il-livello-di-attaccamento-al-territorio\/#breadcrumb","itemListElement":[{"@type":"ListItem","position":1,"name":"Home","item":"https:\/\/www.bellunopress.it\/"},{"@type":"ListItem","position":2,"name":"Fondo Welfare e Identit\u00e0 Territoriale, presentato il sito. Un questionario per misurare il livello di attaccamento al territorio"}]},{"@type":"WebSite","@id":"https:\/\/www.bellunopress.it\/#website","url":"https:\/\/www.bellunopress.it\/","name":"Bellunopress - Dolomiti","description":"e-mail: redazione@bellunopress.it","publisher":{"@id":"https:\/\/www.bellunopress.it\/#organization"},"potentialAction":[{"@type":"SearchAction","target":{"@type":"EntryPoint","urlTemplate":"https:\/\/www.bellunopress.it\/?s={search_term_string}"},"query-input":{"@type":"PropertyValueSpecification","valueRequired":true,"valueName":"search_term_string"}}],"inLanguage":"fr-FR"},{"@type":"Organization","@id":"https:\/\/www.bellunopress.it\/#organization","name":"Bellunopress","url":"https:\/\/www.bellunopress.it\/","logo":{"@type":"ImageObject","inLanguage":"fr-FR","@id":"https:\/\/www.bellunopress.it\/#\/schema\/logo\/image\/","url":"https:\/\/www.bellunopress.it\/wp-content\/uploads\/2011\/05\/cropped-logo-bellunopress-.jpg","contentUrl":"https:\/\/www.bellunopress.it\/wp-content\/uploads\/2011\/05\/cropped-logo-bellunopress-.jpg","width":512,"height":512,"caption":"Bellunopress"},"image":{"@id":"https:\/\/www.bellunopress.it\/#\/schema\/logo\/image\/"},"sameAs":["https:\/\/www.facebook.com\/profile.php?id=100008943462799","https:\/\/x.com\/bellunopress","https:\/\/www.linkedin.com\/hp\/?dnr=JBzUWaJfMUw8vbXJJ2tVW5-I3jZKvC4wsoxE&amp;amp;amp;amp;amp;amp;trk=nav_responsive_tab_home","https:\/\/www.youtube.com\/channel\/UCxL0wu1uN0_3_7hGG0306cw"]},{"@type":"Person","@id":"https:\/\/www.bellunopress.it\/#\/schema\/person\/79bb06722b37ece1c03d3e94beb30d73","name":"r\u00e9daction","image":{"@type":"ImageObject","inLanguage":"fr-FR","@id":"https:\/\/secure.gravatar.com\/avatar\/37d968a2e67a6fd04c169c4bdef102d0bc5d31b2546345219e348575eb80e9a0?s=96&d=mm&r=g","url":"https:\/\/secure.gravatar.com\/avatar\/37d968a2e67a6fd04c169c4bdef102d0bc5d31b2546345219e348575eb80e9a0?s=96&d=mm&r=g","contentUrl":"https:\/\/secure.gravatar.com\/avatar\/37d968a2e67a6fd04c169c4bdef102d0bc5d31b2546345219e348575eb80e9a0?s=96&d=mm&r=g","caption":"redazione"},"sameAs":["http:\/\/www.bellunopress.it","https:\/\/x.com\/bellunopress"],"url":"https:\/\/www.bellunopress.it\/fr\/author\/redazione\/"}]}},"_links":{"self":[{"href":"https:\/\/www.bellunopress.it\/fr\/wp-json\/wp\/v2\/posts\/109948","targetHints":{"allow":["GET"]}}],"collection":[{"href":"https:\/\/www.bellunopress.it\/fr\/wp-json\/wp\/v2\/posts"}],"about":[{"href":"https:\/\/www.bellunopress.it\/fr\/wp-json\/wp\/v2\/types\/post"}],"author":[{"embeddable":true,"href":"https:\/\/www.bellunopress.it\/fr\/wp-json\/wp\/v2\/users\/2"}],"replies":[{"embeddable":true,"href":"https:\/\/www.bellunopress.it\/fr\/wp-json\/wp\/v2\/comments?post=109948"}],"version-history":[{"count":2,"href":"https:\/\/www.bellunopress.it\/fr\/wp-json\/wp\/v2\/posts\/109948\/revisions"}],"predecessor-version":[{"id":109951,"href":"https:\/\/www.bellunopress.it\/fr\/wp-json\/wp\/v2\/posts\/109948\/revisions\/109951"}],"wp:attachment":[{"href":"https:\/\/www.bellunopress.it\/fr\/wp-json\/wp\/v2\/media?parent=109948"}],"wp:term":[{"taxonomy":"category","embeddable":true,"href":"https:\/\/www.bellunopress.it\/fr\/wp-json\/wp\/v2\/categories?post=109948"},{"taxonomy":"post_tag","embeddable":true,"href":"https:\/\/www.bellunopress.it\/fr\/wp-json\/wp\/v2\/tags?post=109948"}],"curies":[{"name":"wp","href":"https:\/\/api.w.org\/{rel}","templated":true}]}}