{"id":109942,"date":"2019-11-26T16:28:04","date_gmt":"2019-11-26T15:28:04","guid":{"rendered":"http:\/\/www.bellunopress.it\/?p=109942"},"modified":"2019-11-26T16:28:05","modified_gmt":"2019-11-26T15:28:05","slug":"cortina-la-polizia-provinciale-recupera-e-libera-un-gallo-cedrone","status":"publish","type":"post","link":"https:\/\/www.bellunopress.it\/fr\/2019\/11\/26\/cortina-la-polizia-provinciale-recupera-e-libera-un-gallo-cedrone\/","title":{"rendered":"Cortina, la polizia provinciale recupera e libera un gallo cedrone"},"content":{"rendered":"<p><a href=\"http:\/\/www.bellunopress.it\/fr\/2019\/11\/26\/cortina-la-polizia-provinciale-recupera-e-libera-un-gallo-cedrone\/gallo-cedrone\/\" rel=\"attachment wp-att-109943\"><img loading=\"lazy\" decoding=\"async\" class=\"alignleft size-full wp-image-109943\" src=\"http:\/\/www.bellunopress.it\/wp-content\/uploads\/2019\/11\/gallo-cedrone.jpg\" alt=\"\" width=\"300\" height=\"232\" \/><\/a>Cortina d&#8217;Ampezzo, 26 novembre 2019 &#8211; La Polizia provinciale ha recuperato e liberato ieri un esemplare di gallo cedrone che si era smarrito nei dintorni di Cortina. La squadra speciale catture \u00e8 intervenuta e ha provveduto a rilasciare il volatile in una zona protetta nel Parco Dolomiti d\u2019Ampezzo.<\/p>\n<p>L\u2019animale era uscito dal suo habitat naturale e da qualche giorno si aggirava tranquillamente nel parcheggio antistante gli impianti di risalita di Rio Gere, tanto da attirare l\u2019attenzione di turisti, passanti e soprattutto dei gattisti delle piste da sci, che hanno chiamato la Polizia Provinciale. Gli agenti, assieme ai carabinieri forestali di Cortina e agli uomini della riserva di caccia, hanno monitorato il comportamento del gallo cedrone per una decina di giorni, per capire se l\u2019animale potesse ritornare autonomamente nel bosco. Il volatile per\u00f2 non ha mostrato nessuna intenzione di lasciare il parcheggio di Rio Gere; comportamento assolutamente insolito in questa stagione dell\u2019anno (\u00e8 piuttosto normale che i galli cedroni, animali quanto mai schivi, diventino confidenti nei confronti dell\u2019uomo, ma solo durante la stagione degli amori, in primavera, non certo a fine novembre).<\/p>\n<p>Gli uomini della Polizia Provinciale hanno quindi deciso di intervenire per togliere il volatile da eventuali situazioni di pericolo.<br \/>\nLa squadra catture ha provveduto a immobilizzare l\u2019animale con il minore stress possibile, attraverso una rete apposita. Dopo averne verificato le condizioni di salute, gli agenti provinciali hanno sistemato il gallo cedrone in una gabbia, per trasportarlo fino al luogo del rilascio, concordato con il direttore del Parco Dolomiti d\u2019Ampezzo. Il volatile \u00e8 potuto tornare cos\u00ec nel suo habitat naturale.<\/p>\n<p>\u00abQuesto ennesimo rilascio, dopo i casi dei due cervi di Cortina del mese di ottobre, rende la misura della grande professionalit\u00e0 degli uomini della nostra Polizia Provinciale &#8211; commenta il presidente Roberto Padrin -. Nonostante un personale sempre pi\u00f9 ridotto all\u2019osso per effetto della legge Delrio, i nostri agenti riescono a tenere attivo un servizio importantissimo per il territorio e l&#8217;ambiente. Li ringrazio per il lavoro che svolgono quotidianamente\u00bb.<\/p>","protected":false},"excerpt":{"rendered":"<p>Cortina d&#8217;Ampezzo, 26 novembre 2019 &#8211; La Polizia provinciale ha recuperato e liberato ieri un esemplare di gallo cedrone che si era smarrito nei dintorni di Cortina. La squadra speciale catture \u00e8 intervenuta e ha provveduto a rilasciare il volatile in una zona protetta nel Parco Dolomiti d\u2019Ampezzo. L\u2019animale era uscito dal suo habitat naturale [&hellip;]<\/p>\n","protected":false},"author":2,"featured_media":0,"comment_status":"closed","ping_status":"open","sticky":false,"template":"","format":"standard","meta":{"footnotes":""},"categories":[38,26,8],"tags":[],"class_list":["post-109942","post","type-post","status-publish","format-standard","category-natura-ambiente","category-prima-pagina","category-societa-istituzioni"],"yoast_head":"<!-- This site is optimized with the Yoast SEO plugin v28.4 - https:\/\/yoast.com\/product\/yoast-seo-wordpress\/ -->\n<title>Cortina, la polizia provinciale recupera e libera un gallo cedrone - Bellunopress - Dolomiti<\/title>\n<meta name=\"robots\" content=\"index, follow, max-snippet:-1, max-image-preview:large, max-video-preview:-1\" \/>\n<link rel=\"canonical\" href=\"https:\/\/www.bellunopress.it\/fr\/2019\/11\/26\/cortina-la-polizia-provinciale-recupera-e-libera-un-gallo-cedrone\/\" \/>\n<meta property=\"og:locale\" content=\"fr_FR\" \/>\n<meta property=\"og:type\" content=\"article\" \/>\n<meta property=\"og:title\" content=\"Cortina, la polizia provinciale recupera e libera un gallo cedrone - Bellunopress - Dolomiti\" \/>\n<meta property=\"og:description\" content=\"Cortina d&#8217;Ampezzo, 26 novembre 2019 &#8211; La Polizia provinciale ha recuperato e liberato ieri un esemplare di gallo cedrone che si era smarrito nei dintorni di Cortina. La squadra speciale catture \u00e8 intervenuta e ha provveduto a rilasciare il volatile in una zona protetta nel Parco Dolomiti d\u2019Ampezzo. L\u2019animale era uscito dal suo habitat naturale [&hellip;]\" \/>\n<meta property=\"og:url\" content=\"https:\/\/www.bellunopress.it\/fr\/2019\/11\/26\/cortina-la-polizia-provinciale-recupera-e-libera-un-gallo-cedrone\/\" \/>\n<meta property=\"og:site_name\" content=\"Bellunopress - Dolomiti\" \/>\n<meta property=\"article:publisher\" content=\"https:\/\/www.facebook.com\/profile.php?id=100008943462799\" \/>\n<meta property=\"article:published_time\" content=\"2019-11-26T15:28:04+00:00\" \/>\n<meta property=\"article:modified_time\" content=\"2019-11-26T15:28:05+00:00\" \/>\n<meta property=\"og:image\" content=\"http:\/\/www.bellunopress.it\/wp-content\/uploads\/2019\/11\/gallo-cedrone.jpg\" \/>\n<meta name=\"author\" content=\"redazione\" \/>\n<meta name=\"twitter:card\" content=\"summary_large_image\" \/>\n<meta name=\"twitter:creator\" content=\"@bellunopress\" \/>\n<meta name=\"twitter:site\" content=\"@bellunopress\" \/>\n<meta name=\"twitter:label1\" content=\"\u00c9crit par\" \/>\n\t<meta name=\"twitter:data1\" content=\"redazione\" \/>\n\t<meta name=\"twitter:label2\" content=\"Dur\u00e9e de lecture estim\u00e9e\" \/>\n\t<meta name=\"twitter:data2\" content=\"2 minutes\" \/>\n<script type=\"application\/ld+json\" class=\"yoast-schema-graph\">{\"@context\":\"https:\\\/\\\/schema.org\",\"@graph\":[{\"@type\":\"Article\",\"@id\":\"https:\\\/\\\/www.bellunopress.it\\\/2019\\\/11\\\/26\\\/cortina-la-polizia-provinciale-recupera-e-libera-un-gallo-cedrone\\\/#article\",\"isPartOf\":{\"@id\":\"https:\\\/\\\/www.bellunopress.it\\\/2019\\\/11\\\/26\\\/cortina-la-polizia-provinciale-recupera-e-libera-un-gallo-cedrone\\\/\"},\"author\":{\"name\":\"redazione\",\"@id\":\"https:\\\/\\\/www.bellunopress.it\\\/#\\\/schema\\\/person\\\/79bb06722b37ece1c03d3e94beb30d73\"},\"headline\":\"Cortina, la polizia provinciale recupera e libera un gallo cedrone\",\"datePublished\":\"2019-11-26T15:28:04+00:00\",\"dateModified\":\"2019-11-26T15:28:05+00:00\",\"mainEntityOfPage\":{\"@id\":\"https:\\\/\\\/www.bellunopress.it\\\/2019\\\/11\\\/26\\\/cortina-la-polizia-provinciale-recupera-e-libera-un-gallo-cedrone\\\/\"},\"wordCount\":345,\"publisher\":{\"@id\":\"https:\\\/\\\/www.bellunopress.it\\\/#organization\"},\"image\":{\"@id\":\"https:\\\/\\\/www.bellunopress.it\\\/2019\\\/11\\\/26\\\/cortina-la-polizia-provinciale-recupera-e-libera-un-gallo-cedrone\\\/#primaryimage\"},\"thumbnailUrl\":\"http:\\\/\\\/www.bellunopress.it\\\/wp-content\\\/uploads\\\/2019\\\/11\\\/gallo-cedrone.jpg\",\"articleSection\":[\"Meteo, natura, ambiente, animali\",\"Prima Pagina\",\"Societ\u00e0, Associazioni, Istituzioni\"],\"inLanguage\":\"fr-FR\"},{\"@type\":\"WebPage\",\"@id\":\"https:\\\/\\\/www.bellunopress.it\\\/2019\\\/11\\\/26\\\/cortina-la-polizia-provinciale-recupera-e-libera-un-gallo-cedrone\\\/\",\"url\":\"https:\\\/\\\/www.bellunopress.it\\\/2019\\\/11\\\/26\\\/cortina-la-polizia-provinciale-recupera-e-libera-un-gallo-cedrone\\\/\",\"name\":\"Cortina, la polizia provinciale recupera e libera un gallo cedrone - Bellunopress - Dolomiti\",\"isPartOf\":{\"@id\":\"https:\\\/\\\/www.bellunopress.it\\\/#website\"},\"primaryImageOfPage\":{\"@id\":\"https:\\\/\\\/www.bellunopress.it\\\/2019\\\/11\\\/26\\\/cortina-la-polizia-provinciale-recupera-e-libera-un-gallo-cedrone\\\/#primaryimage\"},\"image\":{\"@id\":\"https:\\\/\\\/www.bellunopress.it\\\/2019\\\/11\\\/26\\\/cortina-la-polizia-provinciale-recupera-e-libera-un-gallo-cedrone\\\/#primaryimage\"},\"thumbnailUrl\":\"http:\\\/\\\/www.bellunopress.it\\\/wp-content\\\/uploads\\\/2019\\\/11\\\/gallo-cedrone.jpg\",\"datePublished\":\"2019-11-26T15:28:04+00:00\",\"dateModified\":\"2019-11-26T15:28:05+00:00\",\"breadcrumb\":{\"@id\":\"https:\\\/\\\/www.bellunopress.it\\\/2019\\\/11\\\/26\\\/cortina-la-polizia-provinciale-recupera-e-libera-un-gallo-cedrone\\\/#breadcrumb\"},\"inLanguage\":\"fr-FR\",\"potentialAction\":[{\"@type\":\"ReadAction\",\"target\":[\"https:\\\/\\\/www.bellunopress.it\\\/2019\\\/11\\\/26\\\/cortina-la-polizia-provinciale-recupera-e-libera-un-gallo-cedrone\\\/\"]}]},{\"@type\":\"ImageObject\",\"inLanguage\":\"fr-FR\",\"@id\":\"https:\\\/\\\/www.bellunopress.it\\\/2019\\\/11\\\/26\\\/cortina-la-polizia-provinciale-recupera-e-libera-un-gallo-cedrone\\\/#primaryimage\",\"url\":\"http:\\\/\\\/www.bellunopress.it\\\/wp-content\\\/uploads\\\/2019\\\/11\\\/gallo-cedrone.jpg\",\"contentUrl\":\"http:\\\/\\\/www.bellunopress.it\\\/wp-content\\\/uploads\\\/2019\\\/11\\\/gallo-cedrone.jpg\"},{\"@type\":\"BreadcrumbList\",\"@id\":\"https:\\\/\\\/www.bellunopress.it\\\/2019\\\/11\\\/26\\\/cortina-la-polizia-provinciale-recupera-e-libera-un-gallo-cedrone\\\/#breadcrumb\",\"itemListElement\":[{\"@type\":\"ListItem\",\"position\":1,\"name\":\"Home\",\"item\":\"https:\\\/\\\/www.bellunopress.it\\\/\"},{\"@type\":\"ListItem\",\"position\":2,\"name\":\"Cortina, la polizia provinciale recupera e libera un gallo cedrone\"}]},{\"@type\":\"WebSite\",\"@id\":\"https:\\\/\\\/www.bellunopress.it\\\/#website\",\"url\":\"https:\\\/\\\/www.bellunopress.it\\\/\",\"name\":\"Bellunopress - Dolomiti\",\"description\":\"e-mail: redazione@bellunopress.it\",\"publisher\":{\"@id\":\"https:\\\/\\\/www.bellunopress.it\\\/#organization\"},\"potentialAction\":[{\"@type\":\"SearchAction\",\"target\":{\"@type\":\"EntryPoint\",\"urlTemplate\":\"https:\\\/\\\/www.bellunopress.it\\\/?s={search_term_string}\"},\"query-input\":{\"@type\":\"PropertyValueSpecification\",\"valueRequired\":true,\"valueName\":\"search_term_string\"}}],\"inLanguage\":\"fr-FR\"},{\"@type\":\"Organization\",\"@id\":\"https:\\\/\\\/www.bellunopress.it\\\/#organization\",\"name\":\"Bellunopress\",\"url\":\"https:\\\/\\\/www.bellunopress.it\\\/\",\"logo\":{\"@type\":\"ImageObject\",\"inLanguage\":\"fr-FR\",\"@id\":\"https:\\\/\\\/www.bellunopress.it\\\/#\\\/schema\\\/logo\\\/image\\\/\",\"url\":\"https:\\\/\\\/www.bellunopress.it\\\/wp-content\\\/uploads\\\/2011\\\/05\\\/cropped-logo-bellunopress-.jpg\",\"contentUrl\":\"https:\\\/\\\/www.bellunopress.it\\\/wp-content\\\/uploads\\\/2011\\\/05\\\/cropped-logo-bellunopress-.jpg\",\"width\":512,\"height\":512,\"caption\":\"Bellunopress\"},\"image\":{\"@id\":\"https:\\\/\\\/www.bellunopress.it\\\/#\\\/schema\\\/logo\\\/image\\\/\"},\"sameAs\":[\"https:\\\/\\\/www.facebook.com\\\/profile.php?id=100008943462799\",\"https:\\\/\\\/x.com\\\/bellunopress\",\"https:\\\/\\\/www.linkedin.com\\\/hp\\\/?dnr=JBzUWaJfMUw8vbXJJ2tVW5-I3jZKvC4wsoxE&amp;amp;amp;amp;amp;amp;trk=nav_responsive_tab_home\",\"https:\\\/\\\/www.youtube.com\\\/channel\\\/UCxL0wu1uN0_3_7hGG0306cw\"]},{\"@type\":\"Person\",\"@id\":\"https:\\\/\\\/www.bellunopress.it\\\/#\\\/schema\\\/person\\\/79bb06722b37ece1c03d3e94beb30d73\",\"name\":\"redazione\",\"image\":{\"@type\":\"ImageObject\",\"inLanguage\":\"fr-FR\",\"@id\":\"https:\\\/\\\/secure.gravatar.com\\\/avatar\\\/37d968a2e67a6fd04c169c4bdef102d0bc5d31b2546345219e348575eb80e9a0?s=96&d=mm&r=g\",\"url\":\"https:\\\/\\\/secure.gravatar.com\\\/avatar\\\/37d968a2e67a6fd04c169c4bdef102d0bc5d31b2546345219e348575eb80e9a0?s=96&d=mm&r=g\",\"contentUrl\":\"https:\\\/\\\/secure.gravatar.com\\\/avatar\\\/37d968a2e67a6fd04c169c4bdef102d0bc5d31b2546345219e348575eb80e9a0?s=96&d=mm&r=g\",\"caption\":\"redazione\"},\"sameAs\":[\"http:\\\/\\\/www.bellunopress.it\",\"https:\\\/\\\/x.com\\\/bellunopress\"],\"url\":\"https:\\\/\\\/www.bellunopress.it\\\/fr\\\/author\\\/redazione\\\/\"}]}<\/script>\n<!-- \/ Yoast SEO plugin. -->","yoast_head_json":{"title":"Cortina, la polizia provinciale recupera e libera un gallo cedrone - Bellunopress - Dolomiti","robots":{"index":"index","follow":"follow","max-snippet":"max-snippet:-1","max-image-preview":"max-image-preview:large","max-video-preview":"max-video-preview:-1"},"canonical":"https:\/\/www.bellunopress.it\/fr\/2019\/11\/26\/cortina-la-polizia-provinciale-recupera-e-libera-un-gallo-cedrone\/","og_locale":"fr_FR","og_type":"article","og_title":"Cortina, la polizia provinciale recupera e libera un gallo cedrone - Bellunopress - Dolomiti","og_description":"Cortina d&#8217;Ampezzo, 26 novembre 2019 &#8211; La Polizia provinciale ha recuperato e liberato ieri un esemplare di gallo cedrone che si era smarrito nei dintorni di Cortina. La squadra speciale catture \u00e8 intervenuta e ha provveduto a rilasciare il volatile in una zona protetta nel Parco Dolomiti d\u2019Ampezzo. L\u2019animale era uscito dal suo habitat naturale [&hellip;]","og_url":"https:\/\/www.bellunopress.it\/fr\/2019\/11\/26\/cortina-la-polizia-provinciale-recupera-e-libera-un-gallo-cedrone\/","og_site_name":"Bellunopress - Dolomiti","article_publisher":"https:\/\/www.facebook.com\/profile.php?id=100008943462799","article_published_time":"2019-11-26T15:28:04+00:00","article_modified_time":"2019-11-26T15:28:05+00:00","og_image":[{"url":"http:\/\/www.bellunopress.it\/wp-content\/uploads\/2019\/11\/gallo-cedrone.jpg","type":"","width":"","height":""}],"author":"redazione","twitter_card":"summary_large_image","twitter_creator":"@bellunopress","twitter_site":"@bellunopress","twitter_misc":{"\u00c9crit par":"redazione","Dur\u00e9e de lecture estim\u00e9e":"2 minutes"},"schema":{"@context":"https:\/\/schema.org","@graph":[{"@type":"Article","@id":"https:\/\/www.bellunopress.it\/2019\/11\/26\/cortina-la-polizia-provinciale-recupera-e-libera-un-gallo-cedrone\/#article","isPartOf":{"@id":"https:\/\/www.bellunopress.it\/2019\/11\/26\/cortina-la-polizia-provinciale-recupera-e-libera-un-gallo-cedrone\/"},"author":{"name":"redazione","@id":"https:\/\/www.bellunopress.it\/#\/schema\/person\/79bb06722b37ece1c03d3e94beb30d73"},"headline":"Cortina, la polizia provinciale recupera e libera un gallo cedrone","datePublished":"2019-11-26T15:28:04+00:00","dateModified":"2019-11-26T15:28:05+00:00","mainEntityOfPage":{"@id":"https:\/\/www.bellunopress.it\/2019\/11\/26\/cortina-la-polizia-provinciale-recupera-e-libera-un-gallo-cedrone\/"},"wordCount":345,"publisher":{"@id":"https:\/\/www.bellunopress.it\/#organization"},"image":{"@id":"https:\/\/www.bellunopress.it\/2019\/11\/26\/cortina-la-polizia-provinciale-recupera-e-libera-un-gallo-cedrone\/#primaryimage"},"thumbnailUrl":"http:\/\/www.bellunopress.it\/wp-content\/uploads\/2019\/11\/gallo-cedrone.jpg","articleSection":["Meteo, natura, ambiente, animali","Prima Pagina","Societ\u00e0, Associazioni, Istituzioni"],"inLanguage":"fr-FR"},{"@type":"WebPage","@id":"https:\/\/www.bellunopress.it\/2019\/11\/26\/cortina-la-polizia-provinciale-recupera-e-libera-un-gallo-cedrone\/","url":"https:\/\/www.bellunopress.it\/2019\/11\/26\/cortina-la-polizia-provinciale-recupera-e-libera-un-gallo-cedrone\/","name":"Cortina, la polizia provinciale recupera e libera un gallo cedrone - Bellunopress - Dolomiti","isPartOf":{"@id":"https:\/\/www.bellunopress.it\/#website"},"primaryImageOfPage":{"@id":"https:\/\/www.bellunopress.it\/2019\/11\/26\/cortina-la-polizia-provinciale-recupera-e-libera-un-gallo-cedrone\/#primaryimage"},"image":{"@id":"https:\/\/www.bellunopress.it\/2019\/11\/26\/cortina-la-polizia-provinciale-recupera-e-libera-un-gallo-cedrone\/#primaryimage"},"thumbnailUrl":"http:\/\/www.bellunopress.it\/wp-content\/uploads\/2019\/11\/gallo-cedrone.jpg","datePublished":"2019-11-26T15:28:04+00:00","dateModified":"2019-11-26T15:28:05+00:00","breadcrumb":{"@id":"https:\/\/www.bellunopress.it\/2019\/11\/26\/cortina-la-polizia-provinciale-recupera-e-libera-un-gallo-cedrone\/#breadcrumb"},"inLanguage":"fr-FR","potentialAction":[{"@type":"ReadAction","target":["https:\/\/www.bellunopress.it\/2019\/11\/26\/cortina-la-polizia-provinciale-recupera-e-libera-un-gallo-cedrone\/"]}]},{"@type":"ImageObject","inLanguage":"fr-FR","@id":"https:\/\/www.bellunopress.it\/2019\/11\/26\/cortina-la-polizia-provinciale-recupera-e-libera-un-gallo-cedrone\/#primaryimage","url":"http:\/\/www.bellunopress.it\/wp-content\/uploads\/2019\/11\/gallo-cedrone.jpg","contentUrl":"http:\/\/www.bellunopress.it\/wp-content\/uploads\/2019\/11\/gallo-cedrone.jpg"},{"@type":"BreadcrumbList","@id":"https:\/\/www.bellunopress.it\/2019\/11\/26\/cortina-la-polizia-provinciale-recupera-e-libera-un-gallo-cedrone\/#breadcrumb","itemListElement":[{"@type":"ListItem","position":1,"name":"Home","item":"https:\/\/www.bellunopress.it\/"},{"@type":"ListItem","position":2,"name":"Cortina, la polizia provinciale recupera e libera un gallo cedrone"}]},{"@type":"WebSite","@id":"https:\/\/www.bellunopress.it\/#website","url":"https:\/\/www.bellunopress.it\/","name":"Bellunopress - Dolomiti","description":"e-mail: redazione@bellunopress.it","publisher":{"@id":"https:\/\/www.bellunopress.it\/#organization"},"potentialAction":[{"@type":"SearchAction","target":{"@type":"EntryPoint","urlTemplate":"https:\/\/www.bellunopress.it\/?s={search_term_string}"},"query-input":{"@type":"PropertyValueSpecification","valueRequired":true,"valueName":"search_term_string"}}],"inLanguage":"fr-FR"},{"@type":"Organization","@id":"https:\/\/www.bellunopress.it\/#organization","name":"Bellunopress","url":"https:\/\/www.bellunopress.it\/","logo":{"@type":"ImageObject","inLanguage":"fr-FR","@id":"https:\/\/www.bellunopress.it\/#\/schema\/logo\/image\/","url":"https:\/\/www.bellunopress.it\/wp-content\/uploads\/2011\/05\/cropped-logo-bellunopress-.jpg","contentUrl":"https:\/\/www.bellunopress.it\/wp-content\/uploads\/2011\/05\/cropped-logo-bellunopress-.jpg","width":512,"height":512,"caption":"Bellunopress"},"image":{"@id":"https:\/\/www.bellunopress.it\/#\/schema\/logo\/image\/"},"sameAs":["https:\/\/www.facebook.com\/profile.php?id=100008943462799","https:\/\/x.com\/bellunopress","https:\/\/www.linkedin.com\/hp\/?dnr=JBzUWaJfMUw8vbXJJ2tVW5-I3jZKvC4wsoxE&amp;amp;amp;amp;amp;amp;trk=nav_responsive_tab_home","https:\/\/www.youtube.com\/channel\/UCxL0wu1uN0_3_7hGG0306cw"]},{"@type":"Person","@id":"https:\/\/www.bellunopress.it\/#\/schema\/person\/79bb06722b37ece1c03d3e94beb30d73","name":"r\u00e9daction","image":{"@type":"ImageObject","inLanguage":"fr-FR","@id":"https:\/\/secure.gravatar.com\/avatar\/37d968a2e67a6fd04c169c4bdef102d0bc5d31b2546345219e348575eb80e9a0?s=96&d=mm&r=g","url":"https:\/\/secure.gravatar.com\/avatar\/37d968a2e67a6fd04c169c4bdef102d0bc5d31b2546345219e348575eb80e9a0?s=96&d=mm&r=g","contentUrl":"https:\/\/secure.gravatar.com\/avatar\/37d968a2e67a6fd04c169c4bdef102d0bc5d31b2546345219e348575eb80e9a0?s=96&d=mm&r=g","caption":"redazione"},"sameAs":["http:\/\/www.bellunopress.it","https:\/\/x.com\/bellunopress"],"url":"https:\/\/www.bellunopress.it\/fr\/author\/redazione\/"}]}},"_links":{"self":[{"href":"https:\/\/www.bellunopress.it\/fr\/wp-json\/wp\/v2\/posts\/109942","targetHints":{"allow":["GET"]}}],"collection":[{"href":"https:\/\/www.bellunopress.it\/fr\/wp-json\/wp\/v2\/posts"}],"about":[{"href":"https:\/\/www.bellunopress.it\/fr\/wp-json\/wp\/v2\/types\/post"}],"author":[{"embeddable":true,"href":"https:\/\/www.bellunopress.it\/fr\/wp-json\/wp\/v2\/users\/2"}],"replies":[{"embeddable":true,"href":"https:\/\/www.bellunopress.it\/fr\/wp-json\/wp\/v2\/comments?post=109942"}],"version-history":[{"count":2,"href":"https:\/\/www.bellunopress.it\/fr\/wp-json\/wp\/v2\/posts\/109942\/revisions"}],"predecessor-version":[{"id":109945,"href":"https:\/\/www.bellunopress.it\/fr\/wp-json\/wp\/v2\/posts\/109942\/revisions\/109945"}],"wp:attachment":[{"href":"https:\/\/www.bellunopress.it\/fr\/wp-json\/wp\/v2\/media?parent=109942"}],"wp:term":[{"taxonomy":"category","embeddable":true,"href":"https:\/\/www.bellunopress.it\/fr\/wp-json\/wp\/v2\/categories?post=109942"},{"taxonomy":"post_tag","embeddable":true,"href":"https:\/\/www.bellunopress.it\/fr\/wp-json\/wp\/v2\/tags?post=109942"}],"curies":[{"name":"wp","href":"https:\/\/api.w.org\/{rel}","templated":true}]}}