{"id":109936,"date":"2019-11-26T13:59:03","date_gmt":"2019-11-26T12:59:03","guid":{"rendered":"http:\/\/www.bellunopress.it\/?p=109936"},"modified":"2019-11-26T13:59:03","modified_gmt":"2019-11-26T12:59:03","slug":"aggiudicato-il-bando-regionale-per-il-distretto-del-commercio-belluno-feltre-e-ponte-nelle-alpi-insieme-per-il-rilancio-delleconomia","status":"publish","type":"post","link":"https:\/\/www.bellunopress.it\/fr\/2019\/11\/26\/aggiudicato-il-bando-regionale-per-il-distretto-del-commercio-belluno-feltre-e-ponte-nelle-alpi-insieme-per-il-rilancio-delleconomia\/","title":{"rendered":"Aggiudicato il bando regionale per il Distretto del Commercio Belluno, Feltre e Ponte nelle Alpi insieme per il rilancio dell&#8217;economia"},"content":{"rendered":"<p><a href=\"http:\/\/www.bellunopress.it\/fr\/2017\/05\/07\/domenica-in-citta-ad-aiutare-unanziana-signora-e-a-parlare-di-politica-di-bruna-mozzi\/palazzo-rosso-2\/\" rel=\"attachment wp-att-86264\"><img loading=\"lazy\" decoding=\"async\" class=\"alignleft size-full wp-image-86264\" src=\"http:\/\/www.bellunopress.it\/wp-content\/uploads\/2017\/05\/palazzo-rosso.jpg\" alt=\"\" width=\"300\" height=\"200\" \/><\/a>Il Comune di Belluno, capofila del progetto con i Comuni di Feltre e Ponte nelle Alpi, si \u00e8 aggiudicato il bando regionale per il Distretto del Commercio, piazzandosi al 15esimo posto \u2013 su 57 domande presentate &#8211; della graduatoria stilata in questi giorni dalla Regione Veneto.<\/p>\n<p><strong>Gli obbiettivi<\/strong><br \/>\nL&#8217;obbiettivo \u00e8 quello di proseguire il lavoro del Distretto territoriale del Commercio \u201cBorghi delle valli dolomitiche\u201d, che gi\u00e0 coinvolge i tre comuni, e di attivare \u201cpolitiche sinergiche ed integrate di sviluppo urbano che da un lato hanno permesso di introdurre modelli unitari ed innovativi di governance e dall\u2019altro di sviluppare azioni unitarie e condivise di animazione, marketing e infrastrutturazione dei poli urbani e commerciali del Distretto\u201d.<br \/>\nSi tratta di un progetto molto articolato, che poggia su quattro direttrici fondamentali: la rivitalizzazione economico\/sociale del Distretto; la sua accessibilit\u00e0 e fruibilit\u00e0: l&#8217;identit\u00e0 e comunicazione; analisi, processi, politiche e buone pratiche di sviluppo.<br \/>\nIl progetto, che prevede interventi finanziati dal bando regionale e altri invece coperti unicamente da fondi comunali e\/o privati, include ad esempio tutti i lavori di riqualificazione urbana nel centro del capoluogo, dalla Mediateca della Dolomiti a Palazzo Bembo e al recupero della Banca d&#8217;Italia, mentre a Feltre riguarda il completamento dei lavori al Teatro de la Sena.<\/p>\n<p><strong>Gli interventi<\/strong><br \/>\nCi sono per\u00f2 anche importanti novit\u00e0: la prima attivit\u00e0 riguarda l&#8217;introduzione di una fiscalit\u00e0 di vantaggio per rilanciare Via Psaro, a Belluno, sulla scia di quanto gi\u00e0 avvenuto con Via Mezzaterra. Il costo dell&#8217;iniziativa, 30mila euro interamente a carico del Comune di Belluno, prevede sconti sulla tassa di occupazione suolo pubblico per chi allestisce un cantiere in centro, e un&#8217;aliquota IMU ridotta e l&#8217;azzeramento della TASI per i locali sfitti dati in affitto per attivit\u00e0 commerciali.<br \/>\nA Feltre, invece, si render\u00e0 il centro ancora pi\u00f9 fruibile e attrattivo grazie al Progetto Family, che prevede \u2013 a fronte di un investimento pubblico di 15mila euro \u2013 l&#8217;installazione nei locali pubblici di arredi e dotazioni \u201cfamily\u201d (come fasciatoi, piccole librerie, seggiolini, giochi, etc) in comodato d\u2019uso per meglio allestire gli spazi a misura di bambino, agevolazione sullo smaltimento dei rifiuti riconducibili alle attivit\u00e0 attivate nel progetto, voucher da distribuire alla clientela per accesso a svariati servizi (Musei, accesso a servizi sanitari erogati dalla farmacia comunale, etc) e per parcheggi gratuiti.<br \/>\nSempre a Feltre, il Comune prender\u00e0 in affitto spazi privati per destinarli a mostre, aree espositive e temporary shop; il costo previsto \u00e8 di 20mila euro.<br \/>\nIl Comune di Ponte nelle Alpi, invece, investir\u00e0 27.500 euro nel potenziamento del centro informativo alla biblioteca civica di Polpet: verranno acquistati nuove attrezzature turistiche ed elementi di arredo.<br \/>\nInfine, l&#8217;iniziativa Alla scoperta della Valbelluna \u2013 Itinerari turistici alla scoperta delle eccellenze del Distretto unir\u00e0 i tre comuni con itinerari turistici unitari incentrati sulle principali attrazioni culturale e storiche, offrendo anche servizi gratuiti ai turisti come l\u2019abbinamento<br \/>\n\u201ctrasporto e guida turistica\u201d. Il costo \u00e8 di 12mila euro e il referente sar\u00e0 il Comune di Feltre.<br \/>\nPer la formazione e digitalizzazione del Distretto interverr\u00e0 invece Confcommercio Belluno, che organizzer\u00e0 seminari gratuiti per le imprese.<\/p>\n<p><strong>Arredi, mobilit\u00e0 e promozione<\/strong><br \/>\nImportanti interventi previsti anche sul fronte degli arredi urbani, come la realizzazione delle isole ecologiche interrate in Piazza dei Martiri e la creazione di un&#8217;isola pedonale davanti a Palazzo Fulcis a Belluno, l&#8217;acquisto di arredo urbano e cestini per la raccolta differenziata rispettivamente a Ponte nelle Alpi e Feltre, l&#8217;acquisto di dotazioni per eventi pubblici all&#8217;aperto a Ponte nelle Alpi e di 18 nuove casette in legno, marchiate con il logo del Distretto, per le manifestazioni a Belluno e Feltre.<br \/>\nCi sono poi interventi sulla mobilit\u00e0, come a Belluno la sistemazione del piazzale della stazione e le iniziative per i parcheggi \u201cQuesto \u00e8 mio\u201d e Parcheggio Rosa per le neo-mamme e le donne in gravidanza, l&#8217;adeguamento dei parcometri per soste brevi a Feltre, mentre a Ponte nelle Alpi si prevede la realizzazione di parcheggi rosa, di un servizio navetta in occasione del mercato del marted\u00ec tra Coi e Ponte nelle Alpi e la realizzazione di un percorso cicloturistico.<br \/>\nVerranno poi promossi nel Distretto i vari eventi locali, grazie anche alla collaborazione delle associazioni organizzatrici, e verr\u00e0 \u201cesportato\u201d a Feltre il Progetto Vetrine, che a Belluno gi\u00e0 vede le vetrine dei locali sfitti addobbate con foto e immagini delle bellezze naturali e culturali del territorio.<\/p>\n<p><strong>Risorse e gestione<\/strong><br \/>\nGli investimenti totali ammessi a contributo per il distretto nei prossimi 24\/36 mesi ammontano a poco pi\u00f9 di 543mila euro, in parte coperti dal contributo richiesto e ottenuto di 250mila euro. La Regione Veneto ha infatti finanziato i primi 20 progetti in classifica con 5 milioni di euro, mentre i restanti 37 sono stati coperti con 9 milioni dalla legge finanziaria.<br \/>\nIl progetto prevede tre livelli di coordinamento e indirizzo: un tavolo di partenariato, che avr\u00e0 compiti di indirizzo, controllo e<br \/>\ndi approvazione di eventuali varianti sostanziali al Progetto; una cabina di regia, composta da figure tecniche a rappresentare i partner, che si occuper\u00e0 delle questioni pi\u00f9 operative; un manager di Distretto, individuato nell&#8217;ingegner Denis Dal Soler, al quale spetta la parte operativa di dettaglio e di coordinamento generale del Distretto e del Progetto, oltre alle funzioni di facilitatore dei rapporti tra e con i vari portatori di interesse.<\/p>\n<p><strong>Il commento<\/strong><br \/>\n\u00abQuesto bando ci consente di proseguire il lavoro iniziato negli anni scorsi proprio grazie all&#8217;aggiudicazione di altri due bandi del Distretto del Commercio, e di rafforzare il nostro legame con i Comuni di Feltre e Ponte nelle Alpi. &#8211; commenta il Sindaco di Belluno, Jacopo Massaro \u2013 L&#8217;opportunit\u00e0 fornitaci dal ritorno del bando, dopo un \u201cvuoto\u201d di circa un anno e mezzo, sar\u00e0 l&#8217;occasione per dare nuovamente slancio alla citt\u00e0 e ridare continuit\u00e0 a quel progetto gi\u00e0 avviato e che buoni risultati sta dando, accrescendo il nostro livello di competitivit\u00e0. Credo che questo bando debba diventare strutturale per consentire soprattutto ai centri storici un rilancio in un contesto storico ed economico difficile, dovuto anche alle politiche errate del passato che hanno delocalizzato in periferia attivit\u00e0 e servizi, a discapito dei centri cittadini\u00bb.<\/p>","protected":false},"excerpt":{"rendered":"<p>Il Comune di Belluno, capofila del progetto con i Comuni di Feltre e Ponte nelle Alpi, si \u00e8 aggiudicato il bando regionale per il Distretto del Commercio, piazzandosi al 15esimo posto \u2013 su 57 domande presentate &#8211; della graduatoria stilata in questi giorni dalla Regione Veneto. Gli obbiettivi L&#8217;obbiettivo \u00e8 quello di proseguire il lavoro [&hellip;]<\/p>\n","protected":false},"author":2,"featured_media":0,"comment_status":"closed","ping_status":"open","sticky":false,"template":"","format":"standard","meta":{"footnotes":""},"categories":[5,8],"tags":[],"class_list":["post-109936","post","type-post","status-publish","format-standard","category-cronaca","category-societa-istituzioni"],"yoast_head":"<!-- This site is optimized with the Yoast SEO plugin v28.4 - https:\/\/yoast.com\/product\/yoast-seo-wordpress\/ -->\n<title>Aggiudicato il bando regionale per il Distretto del Commercio Belluno, Feltre e Ponte nelle Alpi insieme per il rilancio dell&#039;economia - Bellunopress - Dolomiti<\/title>\n<meta name=\"robots\" content=\"index, follow, max-snippet:-1, max-image-preview:large, max-video-preview:-1\" \/>\n<link rel=\"canonical\" href=\"https:\/\/www.bellunopress.it\/fr\/2019\/11\/26\/aggiudicato-il-bando-regionale-per-il-distretto-del-commercio-belluno-feltre-e-ponte-nelle-alpi-insieme-per-il-rilancio-delleconomia\/\" \/>\n<meta property=\"og:locale\" content=\"fr_FR\" \/>\n<meta property=\"og:type\" content=\"article\" \/>\n<meta property=\"og:title\" content=\"Aggiudicato il bando regionale per il Distretto del Commercio Belluno, Feltre e Ponte nelle Alpi insieme per il rilancio dell&#039;economia - Bellunopress - Dolomiti\" \/>\n<meta property=\"og:description\" content=\"Il Comune di Belluno, capofila del progetto con i Comuni di Feltre e Ponte nelle Alpi, si \u00e8 aggiudicato il bando regionale per il Distretto del Commercio, piazzandosi al 15esimo posto \u2013 su 57 domande presentate &#8211; della graduatoria stilata in questi giorni dalla Regione Veneto. Gli obbiettivi L&#8217;obbiettivo \u00e8 quello di proseguire il lavoro [&hellip;]\" \/>\n<meta property=\"og:url\" content=\"https:\/\/www.bellunopress.it\/fr\/2019\/11\/26\/aggiudicato-il-bando-regionale-per-il-distretto-del-commercio-belluno-feltre-e-ponte-nelle-alpi-insieme-per-il-rilancio-delleconomia\/\" \/>\n<meta property=\"og:site_name\" content=\"Bellunopress - Dolomiti\" \/>\n<meta property=\"article:publisher\" content=\"https:\/\/www.facebook.com\/profile.php?id=100008943462799\" \/>\n<meta property=\"article:published_time\" content=\"2019-11-26T12:59:03+00:00\" \/>\n<meta property=\"og:image\" content=\"http:\/\/www.bellunopress.it\/wp-content\/uploads\/2017\/05\/palazzo-rosso.jpg\" \/>\n<meta name=\"author\" content=\"redazione\" \/>\n<meta name=\"twitter:card\" content=\"summary_large_image\" \/>\n<meta name=\"twitter:creator\" content=\"@bellunopress\" \/>\n<meta name=\"twitter:site\" content=\"@bellunopress\" \/>\n<meta name=\"twitter:label1\" content=\"\u00c9crit par\" \/>\n\t<meta name=\"twitter:data1\" content=\"redazione\" \/>\n\t<meta name=\"twitter:label2\" content=\"Dur\u00e9e de lecture estim\u00e9e\" \/>\n\t<meta name=\"twitter:data2\" content=\"5 minutes\" \/>\n<script type=\"application\/ld+json\" class=\"yoast-schema-graph\">{\"@context\":\"https:\\\/\\\/schema.org\",\"@graph\":[{\"@type\":\"Article\",\"@id\":\"https:\\\/\\\/www.bellunopress.it\\\/2019\\\/11\\\/26\\\/aggiudicato-il-bando-regionale-per-il-distretto-del-commercio-belluno-feltre-e-ponte-nelle-alpi-insieme-per-il-rilancio-delleconomia\\\/#article\",\"isPartOf\":{\"@id\":\"https:\\\/\\\/www.bellunopress.it\\\/2019\\\/11\\\/26\\\/aggiudicato-il-bando-regionale-per-il-distretto-del-commercio-belluno-feltre-e-ponte-nelle-alpi-insieme-per-il-rilancio-delleconomia\\\/\"},\"author\":{\"name\":\"redazione\",\"@id\":\"https:\\\/\\\/www.bellunopress.it\\\/#\\\/schema\\\/person\\\/79bb06722b37ece1c03d3e94beb30d73\"},\"headline\":\"Aggiudicato il bando regionale per il Distretto del Commercio Belluno, Feltre e Ponte nelle Alpi insieme per il rilancio dell&#8217;economia\",\"datePublished\":\"2019-11-26T12:59:03+00:00\",\"mainEntityOfPage\":{\"@id\":\"https:\\\/\\\/www.bellunopress.it\\\/2019\\\/11\\\/26\\\/aggiudicato-il-bando-regionale-per-il-distretto-del-commercio-belluno-feltre-e-ponte-nelle-alpi-insieme-per-il-rilancio-delleconomia\\\/\"},\"wordCount\":1025,\"publisher\":{\"@id\":\"https:\\\/\\\/www.bellunopress.it\\\/#organization\"},\"image\":{\"@id\":\"https:\\\/\\\/www.bellunopress.it\\\/2019\\\/11\\\/26\\\/aggiudicato-il-bando-regionale-per-il-distretto-del-commercio-belluno-feltre-e-ponte-nelle-alpi-insieme-per-il-rilancio-delleconomia\\\/#primaryimage\"},\"thumbnailUrl\":\"http:\\\/\\\/www.bellunopress.it\\\/wp-content\\\/uploads\\\/2017\\\/05\\\/palazzo-rosso.jpg\",\"articleSection\":[\"Cronaca\\\/Politica\",\"Societ\u00e0, Associazioni, Istituzioni\"],\"inLanguage\":\"fr-FR\"},{\"@type\":\"WebPage\",\"@id\":\"https:\\\/\\\/www.bellunopress.it\\\/2019\\\/11\\\/26\\\/aggiudicato-il-bando-regionale-per-il-distretto-del-commercio-belluno-feltre-e-ponte-nelle-alpi-insieme-per-il-rilancio-delleconomia\\\/\",\"url\":\"https:\\\/\\\/www.bellunopress.it\\\/2019\\\/11\\\/26\\\/aggiudicato-il-bando-regionale-per-il-distretto-del-commercio-belluno-feltre-e-ponte-nelle-alpi-insieme-per-il-rilancio-delleconomia\\\/\",\"name\":\"Aggiudicato il bando regionale per il Distretto del Commercio Belluno, Feltre e Ponte nelle Alpi insieme per il rilancio dell'economia - Bellunopress - Dolomiti\",\"isPartOf\":{\"@id\":\"https:\\\/\\\/www.bellunopress.it\\\/#website\"},\"primaryImageOfPage\":{\"@id\":\"https:\\\/\\\/www.bellunopress.it\\\/2019\\\/11\\\/26\\\/aggiudicato-il-bando-regionale-per-il-distretto-del-commercio-belluno-feltre-e-ponte-nelle-alpi-insieme-per-il-rilancio-delleconomia\\\/#primaryimage\"},\"image\":{\"@id\":\"https:\\\/\\\/www.bellunopress.it\\\/2019\\\/11\\\/26\\\/aggiudicato-il-bando-regionale-per-il-distretto-del-commercio-belluno-feltre-e-ponte-nelle-alpi-insieme-per-il-rilancio-delleconomia\\\/#primaryimage\"},\"thumbnailUrl\":\"http:\\\/\\\/www.bellunopress.it\\\/wp-content\\\/uploads\\\/2017\\\/05\\\/palazzo-rosso.jpg\",\"datePublished\":\"2019-11-26T12:59:03+00:00\",\"breadcrumb\":{\"@id\":\"https:\\\/\\\/www.bellunopress.it\\\/2019\\\/11\\\/26\\\/aggiudicato-il-bando-regionale-per-il-distretto-del-commercio-belluno-feltre-e-ponte-nelle-alpi-insieme-per-il-rilancio-delleconomia\\\/#breadcrumb\"},\"inLanguage\":\"fr-FR\",\"potentialAction\":[{\"@type\":\"ReadAction\",\"target\":[\"https:\\\/\\\/www.bellunopress.it\\\/2019\\\/11\\\/26\\\/aggiudicato-il-bando-regionale-per-il-distretto-del-commercio-belluno-feltre-e-ponte-nelle-alpi-insieme-per-il-rilancio-delleconomia\\\/\"]}]},{\"@type\":\"ImageObject\",\"inLanguage\":\"fr-FR\",\"@id\":\"https:\\\/\\\/www.bellunopress.it\\\/2019\\\/11\\\/26\\\/aggiudicato-il-bando-regionale-per-il-distretto-del-commercio-belluno-feltre-e-ponte-nelle-alpi-insieme-per-il-rilancio-delleconomia\\\/#primaryimage\",\"url\":\"http:\\\/\\\/www.bellunopress.it\\\/wp-content\\\/uploads\\\/2017\\\/05\\\/palazzo-rosso.jpg\",\"contentUrl\":\"http:\\\/\\\/www.bellunopress.it\\\/wp-content\\\/uploads\\\/2017\\\/05\\\/palazzo-rosso.jpg\"},{\"@type\":\"BreadcrumbList\",\"@id\":\"https:\\\/\\\/www.bellunopress.it\\\/2019\\\/11\\\/26\\\/aggiudicato-il-bando-regionale-per-il-distretto-del-commercio-belluno-feltre-e-ponte-nelle-alpi-insieme-per-il-rilancio-delleconomia\\\/#breadcrumb\",\"itemListElement\":[{\"@type\":\"ListItem\",\"position\":1,\"name\":\"Home\",\"item\":\"https:\\\/\\\/www.bellunopress.it\\\/\"},{\"@type\":\"ListItem\",\"position\":2,\"name\":\"Aggiudicato il bando regionale per il Distretto del Commercio Belluno, Feltre e Ponte nelle Alpi insieme per il rilancio dell&#8217;economia\"}]},{\"@type\":\"WebSite\",\"@id\":\"https:\\\/\\\/www.bellunopress.it\\\/#website\",\"url\":\"https:\\\/\\\/www.bellunopress.it\\\/\",\"name\":\"Bellunopress - Dolomiti\",\"description\":\"e-mail: redazione@bellunopress.it\",\"publisher\":{\"@id\":\"https:\\\/\\\/www.bellunopress.it\\\/#organization\"},\"potentialAction\":[{\"@type\":\"SearchAction\",\"target\":{\"@type\":\"EntryPoint\",\"urlTemplate\":\"https:\\\/\\\/www.bellunopress.it\\\/?s={search_term_string}\"},\"query-input\":{\"@type\":\"PropertyValueSpecification\",\"valueRequired\":true,\"valueName\":\"search_term_string\"}}],\"inLanguage\":\"fr-FR\"},{\"@type\":\"Organization\",\"@id\":\"https:\\\/\\\/www.bellunopress.it\\\/#organization\",\"name\":\"Bellunopress\",\"url\":\"https:\\\/\\\/www.bellunopress.it\\\/\",\"logo\":{\"@type\":\"ImageObject\",\"inLanguage\":\"fr-FR\",\"@id\":\"https:\\\/\\\/www.bellunopress.it\\\/#\\\/schema\\\/logo\\\/image\\\/\",\"url\":\"https:\\\/\\\/www.bellunopress.it\\\/wp-content\\\/uploads\\\/2011\\\/05\\\/cropped-logo-bellunopress-.jpg\",\"contentUrl\":\"https:\\\/\\\/www.bellunopress.it\\\/wp-content\\\/uploads\\\/2011\\\/05\\\/cropped-logo-bellunopress-.jpg\",\"width\":512,\"height\":512,\"caption\":\"Bellunopress\"},\"image\":{\"@id\":\"https:\\\/\\\/www.bellunopress.it\\\/#\\\/schema\\\/logo\\\/image\\\/\"},\"sameAs\":[\"https:\\\/\\\/www.facebook.com\\\/profile.php?id=100008943462799\",\"https:\\\/\\\/x.com\\\/bellunopress\",\"https:\\\/\\\/www.linkedin.com\\\/hp\\\/?dnr=JBzUWaJfMUw8vbXJJ2tVW5-I3jZKvC4wsoxE&amp;amp;amp;amp;amp;amp;trk=nav_responsive_tab_home\",\"https:\\\/\\\/www.youtube.com\\\/channel\\\/UCxL0wu1uN0_3_7hGG0306cw\"]},{\"@type\":\"Person\",\"@id\":\"https:\\\/\\\/www.bellunopress.it\\\/#\\\/schema\\\/person\\\/79bb06722b37ece1c03d3e94beb30d73\",\"name\":\"redazione\",\"image\":{\"@type\":\"ImageObject\",\"inLanguage\":\"fr-FR\",\"@id\":\"https:\\\/\\\/secure.gravatar.com\\\/avatar\\\/37d968a2e67a6fd04c169c4bdef102d0bc5d31b2546345219e348575eb80e9a0?s=96&d=mm&r=g\",\"url\":\"https:\\\/\\\/secure.gravatar.com\\\/avatar\\\/37d968a2e67a6fd04c169c4bdef102d0bc5d31b2546345219e348575eb80e9a0?s=96&d=mm&r=g\",\"contentUrl\":\"https:\\\/\\\/secure.gravatar.com\\\/avatar\\\/37d968a2e67a6fd04c169c4bdef102d0bc5d31b2546345219e348575eb80e9a0?s=96&d=mm&r=g\",\"caption\":\"redazione\"},\"sameAs\":[\"http:\\\/\\\/www.bellunopress.it\",\"https:\\\/\\\/x.com\\\/bellunopress\"],\"url\":\"https:\\\/\\\/www.bellunopress.it\\\/fr\\\/author\\\/redazione\\\/\"}]}<\/script>\n<!-- \/ Yoast SEO plugin. -->","yoast_head_json":{"title":"Aggiudicato il bando regionale per il Distretto del Commercio Belluno, Feltre e Ponte nelle Alpi insieme per il rilancio dell'economia - Bellunopress - Dolomiti","robots":{"index":"index","follow":"follow","max-snippet":"max-snippet:-1","max-image-preview":"max-image-preview:large","max-video-preview":"max-video-preview:-1"},"canonical":"https:\/\/www.bellunopress.it\/fr\/2019\/11\/26\/aggiudicato-il-bando-regionale-per-il-distretto-del-commercio-belluno-feltre-e-ponte-nelle-alpi-insieme-per-il-rilancio-delleconomia\/","og_locale":"fr_FR","og_type":"article","og_title":"Aggiudicato il bando regionale per il Distretto del Commercio Belluno, Feltre e Ponte nelle Alpi insieme per il rilancio dell'economia - Bellunopress - Dolomiti","og_description":"Il Comune di Belluno, capofila del progetto con i Comuni di Feltre e Ponte nelle Alpi, si \u00e8 aggiudicato il bando regionale per il Distretto del Commercio, piazzandosi al 15esimo posto \u2013 su 57 domande presentate &#8211; della graduatoria stilata in questi giorni dalla Regione Veneto. Gli obbiettivi L&#8217;obbiettivo \u00e8 quello di proseguire il lavoro [&hellip;]","og_url":"https:\/\/www.bellunopress.it\/fr\/2019\/11\/26\/aggiudicato-il-bando-regionale-per-il-distretto-del-commercio-belluno-feltre-e-ponte-nelle-alpi-insieme-per-il-rilancio-delleconomia\/","og_site_name":"Bellunopress - Dolomiti","article_publisher":"https:\/\/www.facebook.com\/profile.php?id=100008943462799","article_published_time":"2019-11-26T12:59:03+00:00","og_image":[{"url":"http:\/\/www.bellunopress.it\/wp-content\/uploads\/2017\/05\/palazzo-rosso.jpg","type":"","width":"","height":""}],"author":"redazione","twitter_card":"summary_large_image","twitter_creator":"@bellunopress","twitter_site":"@bellunopress","twitter_misc":{"\u00c9crit par":"redazione","Dur\u00e9e de lecture estim\u00e9e":"5 minutes"},"schema":{"@context":"https:\/\/schema.org","@graph":[{"@type":"Article","@id":"https:\/\/www.bellunopress.it\/2019\/11\/26\/aggiudicato-il-bando-regionale-per-il-distretto-del-commercio-belluno-feltre-e-ponte-nelle-alpi-insieme-per-il-rilancio-delleconomia\/#article","isPartOf":{"@id":"https:\/\/www.bellunopress.it\/2019\/11\/26\/aggiudicato-il-bando-regionale-per-il-distretto-del-commercio-belluno-feltre-e-ponte-nelle-alpi-insieme-per-il-rilancio-delleconomia\/"},"author":{"name":"redazione","@id":"https:\/\/www.bellunopress.it\/#\/schema\/person\/79bb06722b37ece1c03d3e94beb30d73"},"headline":"Aggiudicato il bando regionale per il Distretto del Commercio Belluno, Feltre e Ponte nelle Alpi insieme per il rilancio dell&#8217;economia","datePublished":"2019-11-26T12:59:03+00:00","mainEntityOfPage":{"@id":"https:\/\/www.bellunopress.it\/2019\/11\/26\/aggiudicato-il-bando-regionale-per-il-distretto-del-commercio-belluno-feltre-e-ponte-nelle-alpi-insieme-per-il-rilancio-delleconomia\/"},"wordCount":1025,"publisher":{"@id":"https:\/\/www.bellunopress.it\/#organization"},"image":{"@id":"https:\/\/www.bellunopress.it\/2019\/11\/26\/aggiudicato-il-bando-regionale-per-il-distretto-del-commercio-belluno-feltre-e-ponte-nelle-alpi-insieme-per-il-rilancio-delleconomia\/#primaryimage"},"thumbnailUrl":"http:\/\/www.bellunopress.it\/wp-content\/uploads\/2017\/05\/palazzo-rosso.jpg","articleSection":["Cronaca\/Politica","Societ\u00e0, Associazioni, Istituzioni"],"inLanguage":"fr-FR"},{"@type":"WebPage","@id":"https:\/\/www.bellunopress.it\/2019\/11\/26\/aggiudicato-il-bando-regionale-per-il-distretto-del-commercio-belluno-feltre-e-ponte-nelle-alpi-insieme-per-il-rilancio-delleconomia\/","url":"https:\/\/www.bellunopress.it\/2019\/11\/26\/aggiudicato-il-bando-regionale-per-il-distretto-del-commercio-belluno-feltre-e-ponte-nelle-alpi-insieme-per-il-rilancio-delleconomia\/","name":"Aggiudicato il bando regionale per il Distretto del Commercio Belluno, Feltre e Ponte nelle Alpi insieme per il rilancio dell'economia - Bellunopress - Dolomiti","isPartOf":{"@id":"https:\/\/www.bellunopress.it\/#website"},"primaryImageOfPage":{"@id":"https:\/\/www.bellunopress.it\/2019\/11\/26\/aggiudicato-il-bando-regionale-per-il-distretto-del-commercio-belluno-feltre-e-ponte-nelle-alpi-insieme-per-il-rilancio-delleconomia\/#primaryimage"},"image":{"@id":"https:\/\/www.bellunopress.it\/2019\/11\/26\/aggiudicato-il-bando-regionale-per-il-distretto-del-commercio-belluno-feltre-e-ponte-nelle-alpi-insieme-per-il-rilancio-delleconomia\/#primaryimage"},"thumbnailUrl":"http:\/\/www.bellunopress.it\/wp-content\/uploads\/2017\/05\/palazzo-rosso.jpg","datePublished":"2019-11-26T12:59:03+00:00","breadcrumb":{"@id":"https:\/\/www.bellunopress.it\/2019\/11\/26\/aggiudicato-il-bando-regionale-per-il-distretto-del-commercio-belluno-feltre-e-ponte-nelle-alpi-insieme-per-il-rilancio-delleconomia\/#breadcrumb"},"inLanguage":"fr-FR","potentialAction":[{"@type":"ReadAction","target":["https:\/\/www.bellunopress.it\/2019\/11\/26\/aggiudicato-il-bando-regionale-per-il-distretto-del-commercio-belluno-feltre-e-ponte-nelle-alpi-insieme-per-il-rilancio-delleconomia\/"]}]},{"@type":"ImageObject","inLanguage":"fr-FR","@id":"https:\/\/www.bellunopress.it\/2019\/11\/26\/aggiudicato-il-bando-regionale-per-il-distretto-del-commercio-belluno-feltre-e-ponte-nelle-alpi-insieme-per-il-rilancio-delleconomia\/#primaryimage","url":"http:\/\/www.bellunopress.it\/wp-content\/uploads\/2017\/05\/palazzo-rosso.jpg","contentUrl":"http:\/\/www.bellunopress.it\/wp-content\/uploads\/2017\/05\/palazzo-rosso.jpg"},{"@type":"BreadcrumbList","@id":"https:\/\/www.bellunopress.it\/2019\/11\/26\/aggiudicato-il-bando-regionale-per-il-distretto-del-commercio-belluno-feltre-e-ponte-nelle-alpi-insieme-per-il-rilancio-delleconomia\/#breadcrumb","itemListElement":[{"@type":"ListItem","position":1,"name":"Home","item":"https:\/\/www.bellunopress.it\/"},{"@type":"ListItem","position":2,"name":"Aggiudicato il bando regionale per il Distretto del Commercio Belluno, Feltre e Ponte nelle Alpi insieme per il rilancio dell&#8217;economia"}]},{"@type":"WebSite","@id":"https:\/\/www.bellunopress.it\/#website","url":"https:\/\/www.bellunopress.it\/","name":"Bellunopress - Dolomiti","description":"e-mail: redazione@bellunopress.it","publisher":{"@id":"https:\/\/www.bellunopress.it\/#organization"},"potentialAction":[{"@type":"SearchAction","target":{"@type":"EntryPoint","urlTemplate":"https:\/\/www.bellunopress.it\/?s={search_term_string}"},"query-input":{"@type":"PropertyValueSpecification","valueRequired":true,"valueName":"search_term_string"}}],"inLanguage":"fr-FR"},{"@type":"Organization","@id":"https:\/\/www.bellunopress.it\/#organization","name":"Bellunopress","url":"https:\/\/www.bellunopress.it\/","logo":{"@type":"ImageObject","inLanguage":"fr-FR","@id":"https:\/\/www.bellunopress.it\/#\/schema\/logo\/image\/","url":"https:\/\/www.bellunopress.it\/wp-content\/uploads\/2011\/05\/cropped-logo-bellunopress-.jpg","contentUrl":"https:\/\/www.bellunopress.it\/wp-content\/uploads\/2011\/05\/cropped-logo-bellunopress-.jpg","width":512,"height":512,"caption":"Bellunopress"},"image":{"@id":"https:\/\/www.bellunopress.it\/#\/schema\/logo\/image\/"},"sameAs":["https:\/\/www.facebook.com\/profile.php?id=100008943462799","https:\/\/x.com\/bellunopress","https:\/\/www.linkedin.com\/hp\/?dnr=JBzUWaJfMUw8vbXJJ2tVW5-I3jZKvC4wsoxE&amp;amp;amp;amp;amp;amp;trk=nav_responsive_tab_home","https:\/\/www.youtube.com\/channel\/UCxL0wu1uN0_3_7hGG0306cw"]},{"@type":"Person","@id":"https:\/\/www.bellunopress.it\/#\/schema\/person\/79bb06722b37ece1c03d3e94beb30d73","name":"r\u00e9daction","image":{"@type":"ImageObject","inLanguage":"fr-FR","@id":"https:\/\/secure.gravatar.com\/avatar\/37d968a2e67a6fd04c169c4bdef102d0bc5d31b2546345219e348575eb80e9a0?s=96&d=mm&r=g","url":"https:\/\/secure.gravatar.com\/avatar\/37d968a2e67a6fd04c169c4bdef102d0bc5d31b2546345219e348575eb80e9a0?s=96&d=mm&r=g","contentUrl":"https:\/\/secure.gravatar.com\/avatar\/37d968a2e67a6fd04c169c4bdef102d0bc5d31b2546345219e348575eb80e9a0?s=96&d=mm&r=g","caption":"redazione"},"sameAs":["http:\/\/www.bellunopress.it","https:\/\/x.com\/bellunopress"],"url":"https:\/\/www.bellunopress.it\/fr\/author\/redazione\/"}]}},"_links":{"self":[{"href":"https:\/\/www.bellunopress.it\/fr\/wp-json\/wp\/v2\/posts\/109936","targetHints":{"allow":["GET"]}}],"collection":[{"href":"https:\/\/www.bellunopress.it\/fr\/wp-json\/wp\/v2\/posts"}],"about":[{"href":"https:\/\/www.bellunopress.it\/fr\/wp-json\/wp\/v2\/types\/post"}],"author":[{"embeddable":true,"href":"https:\/\/www.bellunopress.it\/fr\/wp-json\/wp\/v2\/users\/2"}],"replies":[{"embeddable":true,"href":"https:\/\/www.bellunopress.it\/fr\/wp-json\/wp\/v2\/comments?post=109936"}],"version-history":[{"count":1,"href":"https:\/\/www.bellunopress.it\/fr\/wp-json\/wp\/v2\/posts\/109936\/revisions"}],"predecessor-version":[{"id":109937,"href":"https:\/\/www.bellunopress.it\/fr\/wp-json\/wp\/v2\/posts\/109936\/revisions\/109937"}],"wp:attachment":[{"href":"https:\/\/www.bellunopress.it\/fr\/wp-json\/wp\/v2\/media?parent=109936"}],"wp:term":[{"taxonomy":"category","embeddable":true,"href":"https:\/\/www.bellunopress.it\/fr\/wp-json\/wp\/v2\/categories?post=109936"},{"taxonomy":"post_tag","embeddable":true,"href":"https:\/\/www.bellunopress.it\/fr\/wp-json\/wp\/v2\/tags?post=109936"}],"curies":[{"name":"wp","href":"https:\/\/api.w.org\/{rel}","templated":true}]}}