{"id":109930,"date":"2019-11-25T20:16:58","date_gmt":"2019-11-25T19:16:58","guid":{"rendered":"http:\/\/www.bellunopress.it\/?p=109930"},"modified":"2019-11-25T20:16:58","modified_gmt":"2019-11-25T19:16:58","slug":"listituto-pio-xii-di-cortina-rimane-aperto-fino-al-31-dicembre-del-2020","status":"publish","type":"post","link":"https:\/\/www.bellunopress.it\/fr\/2019\/11\/25\/listituto-pio-xii-di-cortina-rimane-aperto-fino-al-31-dicembre-del-2020\/","title":{"rendered":"L&#8217;Istituto Pio XII\u00b0 di Cortina rimane aperto fino al 31 dicembre del 2020"},"content":{"rendered":"<figure id=\"attachment_107430\" aria-describedby=\"caption-attachment-107430\" style=\"width: 300px\" class=\"wp-caption alignleft\"><a href=\"http:\/\/www.bellunopress.it\/fr\/2019\/08\/29\/la-normativa-regionale-fa-crollare-le-iscrizioni-listituto-pio-xii-di-misurina-deve-chiudere-fine-di-uneccellenza-italiana-terza-in-europa\/istituto-pio-12-misurina\/\" rel=\"attachment wp-att-107430\"><img loading=\"lazy\" decoding=\"async\" class=\"size-full wp-image-107430\" src=\"http:\/\/www.bellunopress.it\/wp-content\/uploads\/2019\/08\/istituto-pio-12-misurina.jpg\" alt=\"\" width=\"300\" height=\"217\" \/><\/a><figcaption id=\"caption-attachment-107430\" class=\"wp-caption-text\">Istituto Pio XII di Misurina<\/figcaption><\/figure>\n<p>Il consiglio di amministrazione di Opera Diocesana San Bernardo degli Uberti, esaminata la situazione dell\u2019Istituto Pio XII di Misurina, ha deciso di prorogare l&#8217;attivit\u00e0 dell&#8217;Istituto fino al 31 dicembre del 2020, modificando quindi la precedente decisione di fine agosto di cessare l\u2019attivit\u00e0 il\u00a0 31 dicembre 2019.<\/p>\n<p>Ecco la nota con tutti i dettagli diramata dall&#8217; Opera Diocesana San Bernardo degli Uberti di Parma, proprietaria della struttura.<\/p>\n<p>Il consiglio di amministrazione di Opera Diocesana San Bernardo degli Uberti, alla presenza del vescovo di Parma monsignor Enrico Solmi, ha preso in esame la situazione dell\u2019Istituto Pio XII di Misurina alla luce della precedente decisione di fine agosto di cessare l\u2019attivit\u00e0 alla data del 31 dicembre 2019.<br \/>\nPer quanto gi\u00e0 reso noto, la perdita presunta, ma ormai definitiva, per l\u2019esercizio 2019 si attesta attorno agli 800 mila euro a causa del risaputo calo delle presenze.<br \/>\nIn virt\u00f9 dell\u2019unicit\u00e0 dell\u2019Istituto Pio XII di Misurina, il crescente problema dell\u2019inquinamento e la diffusione su scala nazionale del problema asmatico e respiratorio, si \u00e8 ritenuto fondamentale informare e sensibilizzare, anche attraverso la Commissione Salute Nazionale, tutte le regioni cos\u00ec come il Ministero della Salute.<br \/>\nAllo stato attuale Opera Diocesana non \u00e8 in grado di stimare l\u2019entit\u00e0 delle presenze per il 2020 e si trova in una condizione di assoluta incertezza rispetto a prevedibili ricavi derivanti dalle prestazioni effettivamente erogate; anche perch\u00e9, trattandosi di struttura extra-ospedaliera, si ricorda che l\u2019accesso convenzionato all\u2019Istituto Pio XII non dipende dalla semplice volont\u00e0 del paziente e della propria famiglia ma pur sempre ricade su specifiche autorizzazioni.<br \/>\nE\u2019 per questo che, nonostante l\u2019impegno della Regione Veneto che doverosamente ringraziamo per la volont\u00e0 e la prontezza dimostrata nell\u2019analizzare la situazione, pur ripartendo dalla conferma dell\u2019accreditamento istituzionale, dalla garanzia del budget per il prossimo triennio e dalla semplificazione delle procedure di accesso, non si \u00e8 attualmente in condizione di assoluta certezza in ordine alla prosecuzione nel medio-lungo termine, dovendo ancora essere verificati i reali sviluppi sull\u2019attivit\u00e0 dei medici prescrittori e il concreto successo legato allo snellimento dell\u2019iter autorizzativo volto a favorire gli accessi al Centro.<br \/>\nParticolarmente apprezzato, nel percorso fino ad oggi effettuato, il costante appoggio da parte della Societ\u00e0 Scientifica delle Malattie Respiratorie Infantili (SIMRI), che, a testimonianza dell\u2019unicit\u00e0 e dell\u2019importanza dell\u2019attivit\u00e0 sanitaria svolta all\u2019Istituto Pio XII, gi\u00e0 si \u00e8 pi\u00f9 volte espressa a favore del \u201cpercorso Misurina\u201d in termini scientifici e clinici; altrettanto preziose le Associazioni dei Pazienti che si stanno muovendo a favore del doveroso riconoscimento della libert\u00e0 di scelta e del diritto alle cure.<br \/>\nSi specifica, inoltre, che in questi mesi si \u00e8 aperto un dialogo concreto sia con la regione Emilia Romagna che con la regione Lombardia.<br \/>\nE\u2019 con evidente soddisfazione che comunichiamo che proprio dall\u2019Emilia Romagna giunge recentissima la notizia di una delibera di giunta, datata 22 novembre, a favore del nostro Centro; delibera che esprime l\u2019impegno concreto della stessa regione Emilia Romagna a promuovere l\u2019attivit\u00e0 dell\u2019Istituto Pio XII di Misurina senza porre limiti di budget alle prestazioni.<br \/>\nCerti che anche la Lombardia arriver\u00e0 a concretizzare, in una delibera di immediata attuazione, gli impegni genericamente assunti, ci attendiamo una forte spinta da parte di tutte le regioni italiane. Sicuri che l\u2019interesse di ogni regione partir\u00e0 dal rispetto della salute di tanti bambini affetti da asma e da problemi respiratori, e si evolver\u00e0 con azioni capillari di sensibilizzazione e diffusione sui propri territori delle peculiarit\u00e0 e unicit\u00e0 dell\u2019Istituto Pio XII di Misurina.<br \/>\nCome noto, anche in questi ultimi mesi, il centro di Misurina ha ricevuto notevoli attestati di stima e tante sono state le dichiarazioni di vicinanza concreta da parte di singoli pazienti, famiglie, simpatizzanti, associazioni, societ\u00e0 scientifiche, medici e pediatri, enti e istituzioni.<br \/>\nGrazie a tutti coloro che, evitando inutili e sterili polemiche, hanno parlato dell\u2019eccellenza dell\u2019Istituto Pio XII credendo fortemente e fermamente nella stessa.<br \/>\nAncora un sentito ringraziamento a chi si \u00e8 dato da fare per rendere coralmente nota l\u2019unicit\u00e0 dell\u2019Istituto Pio XII di Misurina; a chi, comunicando e sensibilizzando, ha messo in luce, nelle sedi opportune, le caratteristiche cliniche e riabilitative e un plauso a tutti coloro che (animati dal giusto equilibrio, sicuramente scaturito dalla conoscenza dei fatti e dei numeri, oltre che dalla comprovata scientificit\u00e0 che da anni fa la storia di Misurina) hanno dato credito all\u2019eccellenza del Centro.<br \/>\nIl consiglio di amministrazione di Opera Diocesana, tenuto conto degli sforzi sino ad ora fatti (e di cui si \u00e8 sinteticamente detto sopra) e dei numerosi attestati di stima pervenuti, ha pertanto deliberato di revocare la decisione di chiudere l\u2019Istituto Pio XII al 31 dicembre 2019 nella consapevolezza che questo sforzo comporter\u00e0 sicuramente ulteriori perdite. L&#8217;impegno assunto vede la vicinanza e la prossimit\u00e0 della Diocesi, espressa dal Vescovo e dal Vicario generale; evidenziandosi che la decisione ha alla base, come filo ispiratore, la mission di Opera stessa. Ma anche nella piena convinzione che una realt\u00e0 unica come quella di Misurina debba essere una concreta risposta ai problemi respiratori in et\u00e0 pediatrica, alle sofferenze ed ai disagi delle<br \/>\nfamiglie e all\u2019aggravamento della patologia (dovuto anche a causa dell\u2019inquinamento e della scarsa cultura sul fronte dell\u2019educazione sanitaria).<br \/>\nIn questa decisione Opera Diocesana che, nel limite delle sue possibilit\u00e0, continuer\u00e0 la sua azione di interessamento dei singoli interlocutori regionali e ministeriali, confida anche nella sensibilit\u00e0 dell\u2019intero territorio nazionale nella speranza che nessuno debba sentirsi escluso.<br \/>\nNel corso delle prossime settimane, cos\u00ec come sul 2020, si dar\u00e0 immediata evidenza delle azioni concrete e degli sviluppi ulteriori provenienti dalle singole regioni e dalle strutture pediatriche ospedaliere che, ricordiamo, stanno credendo nel futuro dell\u2019Istituto Pio XII e che, in linea con requisiti di appropriatezza e, quindi, seguendo la logica del \u201cpaziente tipo Misurina\u201d, dovranno sensibilizzare gli attori coinvolti all\u2019importanza di non negare a nessuna famiglia, la \u201crisposta Misurina\u201d, che sia essa in termini di inquadramento e valutazione clinica piuttosto che di necessit\u00e0 di ricovero riabilitativo ed educazionale.<br \/>\nResta evidente che se i flussi dei bambini saranno tali da non permettere l\u2019equilibrio economico, e non vi saranno altre entrate da istituzioni terze, Opera Diocesana, con estremo rammarico, si trover\u00e0 costretta a chiudere definitivamente l\u2019attivit\u00e0 legata all\u2019Istituto Pio XII al 31 dicembre 2020 non essendo detta perdita ulteriormente sostenibile; ma, stanti gli sviluppi di cui sopra, e forti del certo interessamento anche da parte del Ministero della Salute (che sta esaminando la possibilit\u00e0 di riconoscere il Centro di Misurina come unico centro di riferimento nazionale relativamente al<br \/>\nproblema della riabilitazione asmatica e respiratoria in et\u00e0 pediatrica), \u00e8 doveroso dare credito ai promessi investimenti e impegni comuni che, nella loro realizzazione, dovrebbero garantire la prosecuzione dell\u2019attivit\u00e0 sanitaria e scientifica dell\u2019Istituto Pio XII di Misurina nel medio e lungo termine.<\/p>","protected":false},"excerpt":{"rendered":"<p>Il consiglio di amministrazione di Opera Diocesana San Bernardo degli Uberti, esaminata la situazione dell\u2019Istituto Pio XII di Misurina, ha deciso di prorogare l&#8217;attivit\u00e0 dell&#8217;Istituto fino al 31 dicembre del 2020, modificando quindi la precedente decisione di fine agosto di cessare l\u2019attivit\u00e0 il\u00a0 31 dicembre 2019. Ecco la nota con tutti i dettagli diramata dall&#8217; [&hellip;]<\/p>\n","protected":false},"author":2,"featured_media":0,"comment_status":"closed","ping_status":"open","sticky":false,"template":"","format":"standard","meta":{"footnotes":""},"categories":[26,17],"tags":[],"class_list":["post-109930","post","type-post","status-publish","format-standard","category-prima-pagina","category-sanita"],"yoast_head":"<!-- This site is optimized with the Yoast SEO plugin v28.4 - https:\/\/yoast.com\/product\/yoast-seo-wordpress\/ -->\n<title>L&#039;Istituto Pio XII\u00b0 di Cortina rimane aperto fino al 31 dicembre del 2020 - Bellunopress - Dolomiti<\/title>\n<meta name=\"robots\" content=\"index, follow, max-snippet:-1, max-image-preview:large, max-video-preview:-1\" \/>\n<link rel=\"canonical\" href=\"https:\/\/www.bellunopress.it\/fr\/2019\/11\/25\/listituto-pio-xii-di-cortina-rimane-aperto-fino-al-31-dicembre-del-2020\/\" \/>\n<meta property=\"og:locale\" content=\"fr_FR\" \/>\n<meta property=\"og:type\" content=\"article\" \/>\n<meta property=\"og:title\" content=\"L&#039;Istituto Pio XII\u00b0 di Cortina rimane aperto fino al 31 dicembre del 2020 - Bellunopress - Dolomiti\" \/>\n<meta property=\"og:description\" content=\"Il consiglio di amministrazione di Opera Diocesana San Bernardo degli Uberti, esaminata la situazione dell\u2019Istituto Pio XII di Misurina, ha deciso di prorogare l&#8217;attivit\u00e0 dell&#8217;Istituto fino al 31 dicembre del 2020, modificando quindi la precedente decisione di fine agosto di cessare l\u2019attivit\u00e0 il\u00a0 31 dicembre 2019. Ecco la nota con tutti i dettagli diramata dall&#8217; [&hellip;]\" \/>\n<meta property=\"og:url\" content=\"https:\/\/www.bellunopress.it\/fr\/2019\/11\/25\/listituto-pio-xii-di-cortina-rimane-aperto-fino-al-31-dicembre-del-2020\/\" \/>\n<meta property=\"og:site_name\" content=\"Bellunopress - Dolomiti\" \/>\n<meta property=\"article:publisher\" content=\"https:\/\/www.facebook.com\/profile.php?id=100008943462799\" \/>\n<meta property=\"article:published_time\" content=\"2019-11-25T19:16:58+00:00\" \/>\n<meta property=\"og:image\" content=\"http:\/\/www.bellunopress.it\/wp-content\/uploads\/2019\/08\/istituto-pio-12-misurina.jpg\" \/>\n<meta name=\"author\" content=\"redazione\" \/>\n<meta name=\"twitter:card\" content=\"summary_large_image\" \/>\n<meta name=\"twitter:creator\" content=\"@bellunopress\" \/>\n<meta name=\"twitter:site\" content=\"@bellunopress\" \/>\n<meta name=\"twitter:label1\" content=\"\u00c9crit par\" \/>\n\t<meta name=\"twitter:data1\" content=\"redazione\" \/>\n\t<meta name=\"twitter:label2\" content=\"Dur\u00e9e de lecture estim\u00e9e\" \/>\n\t<meta name=\"twitter:data2\" content=\"6 minutes\" \/>\n<script type=\"application\/ld+json\" class=\"yoast-schema-graph\">{\"@context\":\"https:\\\/\\\/schema.org\",\"@graph\":[{\"@type\":\"Article\",\"@id\":\"https:\\\/\\\/www.bellunopress.it\\\/2019\\\/11\\\/25\\\/listituto-pio-xii-di-cortina-rimane-aperto-fino-al-31-dicembre-del-2020\\\/#article\",\"isPartOf\":{\"@id\":\"https:\\\/\\\/www.bellunopress.it\\\/2019\\\/11\\\/25\\\/listituto-pio-xii-di-cortina-rimane-aperto-fino-al-31-dicembre-del-2020\\\/\"},\"author\":{\"name\":\"redazione\",\"@id\":\"https:\\\/\\\/www.bellunopress.it\\\/#\\\/schema\\\/person\\\/79bb06722b37ece1c03d3e94beb30d73\"},\"headline\":\"L&#8217;Istituto Pio XII\u00b0 di Cortina rimane aperto fino al 31 dicembre del 2020\",\"datePublished\":\"2019-11-25T19:16:58+00:00\",\"mainEntityOfPage\":{\"@id\":\"https:\\\/\\\/www.bellunopress.it\\\/2019\\\/11\\\/25\\\/listituto-pio-xii-di-cortina-rimane-aperto-fino-al-31-dicembre-del-2020\\\/\"},\"wordCount\":1140,\"publisher\":{\"@id\":\"https:\\\/\\\/www.bellunopress.it\\\/#organization\"},\"image\":{\"@id\":\"https:\\\/\\\/www.bellunopress.it\\\/2019\\\/11\\\/25\\\/listituto-pio-xii-di-cortina-rimane-aperto-fino-al-31-dicembre-del-2020\\\/#primaryimage\"},\"thumbnailUrl\":\"http:\\\/\\\/www.bellunopress.it\\\/wp-content\\\/uploads\\\/2019\\\/08\\\/istituto-pio-12-misurina.jpg\",\"articleSection\":[\"Prima Pagina\",\"Sanit\u00e0 Medicina\"],\"inLanguage\":\"fr-FR\"},{\"@type\":\"WebPage\",\"@id\":\"https:\\\/\\\/www.bellunopress.it\\\/2019\\\/11\\\/25\\\/listituto-pio-xii-di-cortina-rimane-aperto-fino-al-31-dicembre-del-2020\\\/\",\"url\":\"https:\\\/\\\/www.bellunopress.it\\\/2019\\\/11\\\/25\\\/listituto-pio-xii-di-cortina-rimane-aperto-fino-al-31-dicembre-del-2020\\\/\",\"name\":\"L'Istituto Pio XII\u00b0 di Cortina rimane aperto fino al 31 dicembre del 2020 - Bellunopress - Dolomiti\",\"isPartOf\":{\"@id\":\"https:\\\/\\\/www.bellunopress.it\\\/#website\"},\"primaryImageOfPage\":{\"@id\":\"https:\\\/\\\/www.bellunopress.it\\\/2019\\\/11\\\/25\\\/listituto-pio-xii-di-cortina-rimane-aperto-fino-al-31-dicembre-del-2020\\\/#primaryimage\"},\"image\":{\"@id\":\"https:\\\/\\\/www.bellunopress.it\\\/2019\\\/11\\\/25\\\/listituto-pio-xii-di-cortina-rimane-aperto-fino-al-31-dicembre-del-2020\\\/#primaryimage\"},\"thumbnailUrl\":\"http:\\\/\\\/www.bellunopress.it\\\/wp-content\\\/uploads\\\/2019\\\/08\\\/istituto-pio-12-misurina.jpg\",\"datePublished\":\"2019-11-25T19:16:58+00:00\",\"breadcrumb\":{\"@id\":\"https:\\\/\\\/www.bellunopress.it\\\/2019\\\/11\\\/25\\\/listituto-pio-xii-di-cortina-rimane-aperto-fino-al-31-dicembre-del-2020\\\/#breadcrumb\"},\"inLanguage\":\"fr-FR\",\"potentialAction\":[{\"@type\":\"ReadAction\",\"target\":[\"https:\\\/\\\/www.bellunopress.it\\\/2019\\\/11\\\/25\\\/listituto-pio-xii-di-cortina-rimane-aperto-fino-al-31-dicembre-del-2020\\\/\"]}]},{\"@type\":\"ImageObject\",\"inLanguage\":\"fr-FR\",\"@id\":\"https:\\\/\\\/www.bellunopress.it\\\/2019\\\/11\\\/25\\\/listituto-pio-xii-di-cortina-rimane-aperto-fino-al-31-dicembre-del-2020\\\/#primaryimage\",\"url\":\"http:\\\/\\\/www.bellunopress.it\\\/wp-content\\\/uploads\\\/2019\\\/08\\\/istituto-pio-12-misurina.jpg\",\"contentUrl\":\"http:\\\/\\\/www.bellunopress.it\\\/wp-content\\\/uploads\\\/2019\\\/08\\\/istituto-pio-12-misurina.jpg\"},{\"@type\":\"BreadcrumbList\",\"@id\":\"https:\\\/\\\/www.bellunopress.it\\\/2019\\\/11\\\/25\\\/listituto-pio-xii-di-cortina-rimane-aperto-fino-al-31-dicembre-del-2020\\\/#breadcrumb\",\"itemListElement\":[{\"@type\":\"ListItem\",\"position\":1,\"name\":\"Home\",\"item\":\"https:\\\/\\\/www.bellunopress.it\\\/\"},{\"@type\":\"ListItem\",\"position\":2,\"name\":\"L&#8217;Istituto Pio XII\u00b0 di Cortina rimane aperto fino al 31 dicembre del 2020\"}]},{\"@type\":\"WebSite\",\"@id\":\"https:\\\/\\\/www.bellunopress.it\\\/#website\",\"url\":\"https:\\\/\\\/www.bellunopress.it\\\/\",\"name\":\"Bellunopress - Dolomiti\",\"description\":\"e-mail: redazione@bellunopress.it\",\"publisher\":{\"@id\":\"https:\\\/\\\/www.bellunopress.it\\\/#organization\"},\"potentialAction\":[{\"@type\":\"SearchAction\",\"target\":{\"@type\":\"EntryPoint\",\"urlTemplate\":\"https:\\\/\\\/www.bellunopress.it\\\/?s={search_term_string}\"},\"query-input\":{\"@type\":\"PropertyValueSpecification\",\"valueRequired\":true,\"valueName\":\"search_term_string\"}}],\"inLanguage\":\"fr-FR\"},{\"@type\":\"Organization\",\"@id\":\"https:\\\/\\\/www.bellunopress.it\\\/#organization\",\"name\":\"Bellunopress\",\"url\":\"https:\\\/\\\/www.bellunopress.it\\\/\",\"logo\":{\"@type\":\"ImageObject\",\"inLanguage\":\"fr-FR\",\"@id\":\"https:\\\/\\\/www.bellunopress.it\\\/#\\\/schema\\\/logo\\\/image\\\/\",\"url\":\"https:\\\/\\\/www.bellunopress.it\\\/wp-content\\\/uploads\\\/2011\\\/05\\\/cropped-logo-bellunopress-.jpg\",\"contentUrl\":\"https:\\\/\\\/www.bellunopress.it\\\/wp-content\\\/uploads\\\/2011\\\/05\\\/cropped-logo-bellunopress-.jpg\",\"width\":512,\"height\":512,\"caption\":\"Bellunopress\"},\"image\":{\"@id\":\"https:\\\/\\\/www.bellunopress.it\\\/#\\\/schema\\\/logo\\\/image\\\/\"},\"sameAs\":[\"https:\\\/\\\/www.facebook.com\\\/profile.php?id=100008943462799\",\"https:\\\/\\\/x.com\\\/bellunopress\",\"https:\\\/\\\/www.linkedin.com\\\/hp\\\/?dnr=JBzUWaJfMUw8vbXJJ2tVW5-I3jZKvC4wsoxE&amp;amp;amp;amp;amp;amp;trk=nav_responsive_tab_home\",\"https:\\\/\\\/www.youtube.com\\\/channel\\\/UCxL0wu1uN0_3_7hGG0306cw\"]},{\"@type\":\"Person\",\"@id\":\"https:\\\/\\\/www.bellunopress.it\\\/#\\\/schema\\\/person\\\/79bb06722b37ece1c03d3e94beb30d73\",\"name\":\"redazione\",\"image\":{\"@type\":\"ImageObject\",\"inLanguage\":\"fr-FR\",\"@id\":\"https:\\\/\\\/secure.gravatar.com\\\/avatar\\\/37d968a2e67a6fd04c169c4bdef102d0bc5d31b2546345219e348575eb80e9a0?s=96&d=mm&r=g\",\"url\":\"https:\\\/\\\/secure.gravatar.com\\\/avatar\\\/37d968a2e67a6fd04c169c4bdef102d0bc5d31b2546345219e348575eb80e9a0?s=96&d=mm&r=g\",\"contentUrl\":\"https:\\\/\\\/secure.gravatar.com\\\/avatar\\\/37d968a2e67a6fd04c169c4bdef102d0bc5d31b2546345219e348575eb80e9a0?s=96&d=mm&r=g\",\"caption\":\"redazione\"},\"sameAs\":[\"http:\\\/\\\/www.bellunopress.it\",\"https:\\\/\\\/x.com\\\/bellunopress\"],\"url\":\"https:\\\/\\\/www.bellunopress.it\\\/fr\\\/author\\\/redazione\\\/\"}]}<\/script>\n<!-- \/ Yoast SEO plugin. -->","yoast_head_json":{"title":"L'Istituto Pio XII\u00b0 di Cortina rimane aperto fino al 31 dicembre del 2020 - Bellunopress - Dolomiti","robots":{"index":"index","follow":"follow","max-snippet":"max-snippet:-1","max-image-preview":"max-image-preview:large","max-video-preview":"max-video-preview:-1"},"canonical":"https:\/\/www.bellunopress.it\/fr\/2019\/11\/25\/listituto-pio-xii-di-cortina-rimane-aperto-fino-al-31-dicembre-del-2020\/","og_locale":"fr_FR","og_type":"article","og_title":"L'Istituto Pio XII\u00b0 di Cortina rimane aperto fino al 31 dicembre del 2020 - Bellunopress - Dolomiti","og_description":"Il consiglio di amministrazione di Opera Diocesana San Bernardo degli Uberti, esaminata la situazione dell\u2019Istituto Pio XII di Misurina, ha deciso di prorogare l&#8217;attivit\u00e0 dell&#8217;Istituto fino al 31 dicembre del 2020, modificando quindi la precedente decisione di fine agosto di cessare l\u2019attivit\u00e0 il\u00a0 31 dicembre 2019. Ecco la nota con tutti i dettagli diramata dall&#8217; [&hellip;]","og_url":"https:\/\/www.bellunopress.it\/fr\/2019\/11\/25\/listituto-pio-xii-di-cortina-rimane-aperto-fino-al-31-dicembre-del-2020\/","og_site_name":"Bellunopress - Dolomiti","article_publisher":"https:\/\/www.facebook.com\/profile.php?id=100008943462799","article_published_time":"2019-11-25T19:16:58+00:00","og_image":[{"url":"http:\/\/www.bellunopress.it\/wp-content\/uploads\/2019\/08\/istituto-pio-12-misurina.jpg","type":"","width":"","height":""}],"author":"redazione","twitter_card":"summary_large_image","twitter_creator":"@bellunopress","twitter_site":"@bellunopress","twitter_misc":{"\u00c9crit par":"redazione","Dur\u00e9e de lecture estim\u00e9e":"6 minutes"},"schema":{"@context":"https:\/\/schema.org","@graph":[{"@type":"Article","@id":"https:\/\/www.bellunopress.it\/2019\/11\/25\/listituto-pio-xii-di-cortina-rimane-aperto-fino-al-31-dicembre-del-2020\/#article","isPartOf":{"@id":"https:\/\/www.bellunopress.it\/2019\/11\/25\/listituto-pio-xii-di-cortina-rimane-aperto-fino-al-31-dicembre-del-2020\/"},"author":{"name":"redazione","@id":"https:\/\/www.bellunopress.it\/#\/schema\/person\/79bb06722b37ece1c03d3e94beb30d73"},"headline":"L&#8217;Istituto Pio XII\u00b0 di Cortina rimane aperto fino al 31 dicembre del 2020","datePublished":"2019-11-25T19:16:58+00:00","mainEntityOfPage":{"@id":"https:\/\/www.bellunopress.it\/2019\/11\/25\/listituto-pio-xii-di-cortina-rimane-aperto-fino-al-31-dicembre-del-2020\/"},"wordCount":1140,"publisher":{"@id":"https:\/\/www.bellunopress.it\/#organization"},"image":{"@id":"https:\/\/www.bellunopress.it\/2019\/11\/25\/listituto-pio-xii-di-cortina-rimane-aperto-fino-al-31-dicembre-del-2020\/#primaryimage"},"thumbnailUrl":"http:\/\/www.bellunopress.it\/wp-content\/uploads\/2019\/08\/istituto-pio-12-misurina.jpg","articleSection":["Prima Pagina","Sanit\u00e0 Medicina"],"inLanguage":"fr-FR"},{"@type":"WebPage","@id":"https:\/\/www.bellunopress.it\/2019\/11\/25\/listituto-pio-xii-di-cortina-rimane-aperto-fino-al-31-dicembre-del-2020\/","url":"https:\/\/www.bellunopress.it\/2019\/11\/25\/listituto-pio-xii-di-cortina-rimane-aperto-fino-al-31-dicembre-del-2020\/","name":"L'Istituto Pio XII\u00b0 di Cortina rimane aperto fino al 31 dicembre del 2020 - Bellunopress - Dolomiti","isPartOf":{"@id":"https:\/\/www.bellunopress.it\/#website"},"primaryImageOfPage":{"@id":"https:\/\/www.bellunopress.it\/2019\/11\/25\/listituto-pio-xii-di-cortina-rimane-aperto-fino-al-31-dicembre-del-2020\/#primaryimage"},"image":{"@id":"https:\/\/www.bellunopress.it\/2019\/11\/25\/listituto-pio-xii-di-cortina-rimane-aperto-fino-al-31-dicembre-del-2020\/#primaryimage"},"thumbnailUrl":"http:\/\/www.bellunopress.it\/wp-content\/uploads\/2019\/08\/istituto-pio-12-misurina.jpg","datePublished":"2019-11-25T19:16:58+00:00","breadcrumb":{"@id":"https:\/\/www.bellunopress.it\/2019\/11\/25\/listituto-pio-xii-di-cortina-rimane-aperto-fino-al-31-dicembre-del-2020\/#breadcrumb"},"inLanguage":"fr-FR","potentialAction":[{"@type":"ReadAction","target":["https:\/\/www.bellunopress.it\/2019\/11\/25\/listituto-pio-xii-di-cortina-rimane-aperto-fino-al-31-dicembre-del-2020\/"]}]},{"@type":"ImageObject","inLanguage":"fr-FR","@id":"https:\/\/www.bellunopress.it\/2019\/11\/25\/listituto-pio-xii-di-cortina-rimane-aperto-fino-al-31-dicembre-del-2020\/#primaryimage","url":"http:\/\/www.bellunopress.it\/wp-content\/uploads\/2019\/08\/istituto-pio-12-misurina.jpg","contentUrl":"http:\/\/www.bellunopress.it\/wp-content\/uploads\/2019\/08\/istituto-pio-12-misurina.jpg"},{"@type":"BreadcrumbList","@id":"https:\/\/www.bellunopress.it\/2019\/11\/25\/listituto-pio-xii-di-cortina-rimane-aperto-fino-al-31-dicembre-del-2020\/#breadcrumb","itemListElement":[{"@type":"ListItem","position":1,"name":"Home","item":"https:\/\/www.bellunopress.it\/"},{"@type":"ListItem","position":2,"name":"L&#8217;Istituto Pio XII\u00b0 di Cortina rimane aperto fino al 31 dicembre del 2020"}]},{"@type":"WebSite","@id":"https:\/\/www.bellunopress.it\/#website","url":"https:\/\/www.bellunopress.it\/","name":"Bellunopress - Dolomiti","description":"e-mail: redazione@bellunopress.it","publisher":{"@id":"https:\/\/www.bellunopress.it\/#organization"},"potentialAction":[{"@type":"SearchAction","target":{"@type":"EntryPoint","urlTemplate":"https:\/\/www.bellunopress.it\/?s={search_term_string}"},"query-input":{"@type":"PropertyValueSpecification","valueRequired":true,"valueName":"search_term_string"}}],"inLanguage":"fr-FR"},{"@type":"Organization","@id":"https:\/\/www.bellunopress.it\/#organization","name":"Bellunopress","url":"https:\/\/www.bellunopress.it\/","logo":{"@type":"ImageObject","inLanguage":"fr-FR","@id":"https:\/\/www.bellunopress.it\/#\/schema\/logo\/image\/","url":"https:\/\/www.bellunopress.it\/wp-content\/uploads\/2011\/05\/cropped-logo-bellunopress-.jpg","contentUrl":"https:\/\/www.bellunopress.it\/wp-content\/uploads\/2011\/05\/cropped-logo-bellunopress-.jpg","width":512,"height":512,"caption":"Bellunopress"},"image":{"@id":"https:\/\/www.bellunopress.it\/#\/schema\/logo\/image\/"},"sameAs":["https:\/\/www.facebook.com\/profile.php?id=100008943462799","https:\/\/x.com\/bellunopress","https:\/\/www.linkedin.com\/hp\/?dnr=JBzUWaJfMUw8vbXJJ2tVW5-I3jZKvC4wsoxE&amp;amp;amp;amp;amp;amp;trk=nav_responsive_tab_home","https:\/\/www.youtube.com\/channel\/UCxL0wu1uN0_3_7hGG0306cw"]},{"@type":"Person","@id":"https:\/\/www.bellunopress.it\/#\/schema\/person\/79bb06722b37ece1c03d3e94beb30d73","name":"r\u00e9daction","image":{"@type":"ImageObject","inLanguage":"fr-FR","@id":"https:\/\/secure.gravatar.com\/avatar\/37d968a2e67a6fd04c169c4bdef102d0bc5d31b2546345219e348575eb80e9a0?s=96&d=mm&r=g","url":"https:\/\/secure.gravatar.com\/avatar\/37d968a2e67a6fd04c169c4bdef102d0bc5d31b2546345219e348575eb80e9a0?s=96&d=mm&r=g","contentUrl":"https:\/\/secure.gravatar.com\/avatar\/37d968a2e67a6fd04c169c4bdef102d0bc5d31b2546345219e348575eb80e9a0?s=96&d=mm&r=g","caption":"redazione"},"sameAs":["http:\/\/www.bellunopress.it","https:\/\/x.com\/bellunopress"],"url":"https:\/\/www.bellunopress.it\/fr\/author\/redazione\/"}]}},"_links":{"self":[{"href":"https:\/\/www.bellunopress.it\/fr\/wp-json\/wp\/v2\/posts\/109930","targetHints":{"allow":["GET"]}}],"collection":[{"href":"https:\/\/www.bellunopress.it\/fr\/wp-json\/wp\/v2\/posts"}],"about":[{"href":"https:\/\/www.bellunopress.it\/fr\/wp-json\/wp\/v2\/types\/post"}],"author":[{"embeddable":true,"href":"https:\/\/www.bellunopress.it\/fr\/wp-json\/wp\/v2\/users\/2"}],"replies":[{"embeddable":true,"href":"https:\/\/www.bellunopress.it\/fr\/wp-json\/wp\/v2\/comments?post=109930"}],"version-history":[{"count":1,"href":"https:\/\/www.bellunopress.it\/fr\/wp-json\/wp\/v2\/posts\/109930\/revisions"}],"predecessor-version":[{"id":109931,"href":"https:\/\/www.bellunopress.it\/fr\/wp-json\/wp\/v2\/posts\/109930\/revisions\/109931"}],"wp:attachment":[{"href":"https:\/\/www.bellunopress.it\/fr\/wp-json\/wp\/v2\/media?parent=109930"}],"wp:term":[{"taxonomy":"category","embeddable":true,"href":"https:\/\/www.bellunopress.it\/fr\/wp-json\/wp\/v2\/categories?post=109930"},{"taxonomy":"post_tag","embeddable":true,"href":"https:\/\/www.bellunopress.it\/fr\/wp-json\/wp\/v2\/tags?post=109930"}],"curies":[{"name":"wp","href":"https:\/\/api.w.org\/{rel}","templated":true}]}}