{"id":109920,"date":"2019-11-25T18:39:56","date_gmt":"2019-11-25T17:39:56","guid":{"rendered":"http:\/\/www.bellunopress.it\/?p=109920"},"modified":"2019-11-25T18:39:56","modified_gmt":"2019-11-25T17:39:56","slug":"dolomiti-wellness-hotel-fanes-per-scoprire-lalta-badia-in-inverno","status":"publish","type":"post","link":"https:\/\/www.bellunopress.it\/fr\/2019\/11\/25\/dolomiti-wellness-hotel-fanes-per-scoprire-lalta-badia-in-inverno\/","title":{"rendered":"Dolomiti Wellness Hotel Fanes per scoprire l&#8217;Alta Badia in inverno"},"content":{"rendered":"<p>Il caldo inverno dell&#8217;Alta Badia \u00e8 firmato Dolomiti Wellness Hotel Fanes. Dista soli 400 m l&#8217;impianto di risalita pi\u00f9 vicino, parte dei 130 km di piste dell&#8217;Alta Badia. Inoltre 38 km di piste per fondo, 80 km di sentieri per escursioni e ciaspolate, servizi e proposte per tutti i gusti e le esigenze degli ospiti.<\/p>\n<figure id=\"attachment_107631\" aria-describedby=\"caption-attachment-107631\" style=\"width: 300px\" class=\"wp-caption alignleft\"><a href=\"http:\/\/www.bellunopress.it\/fr\/2019\/09\/05\/dolomiti-wellness-hotel-fanes-alta-cucina-genuina-e-vini-selezionati\/cotoletta-di-cervo_hotel-fanes\/\" rel=\"attachment wp-att-107631\"><img loading=\"lazy\" decoding=\"async\" class=\"size-full wp-image-107631\" src=\"http:\/\/www.bellunopress.it\/wp-content\/uploads\/2019\/09\/Cotoletta-di-cervo_Hotel-Fanes.jpg\" alt=\"\" width=\"300\" height=\"219\" \/><\/a><figcaption id=\"caption-attachment-107631\" class=\"wp-caption-text\">Cotoletta di cervo &#8211; Hotel Fanes<\/figcaption><\/figure>\n<p>San Cassiano (BZ), 25 novembre 2019 \u2013 Nella cornice delle Dolomiti innevate, con l&#8217;atmosfera magica delle feste natalizie, la vacanza sulla neve in Alta Badia \u00e8 un&#8217;esperienza indimenticabile. A illuminare la stagione invernale in questo angolo di Alto Adige sono le 5 stelle del Dolomiti Welleness Hotel Fanes di San Cassiano. Lo storico hotel della famiglia Crazzolara offre il top dei servizi in tutti gli ambiti: raffinata cucina gourmet, centro benessere super attrezzato, interni di charme. A poco pi\u00f9 di 1500 metri di altitudine, incastonato fra alcune delle pi\u00f9 belle cime dolomitiche e circondato da prati e boschi di larici, l&#8217;hotel \u00e8 l&#8217;ideale per una pausa invernale, che sia il weekend romantico in coppia o la settimana bianca in famiglia.<\/p>\n<p>Paradiso di sciatori e snowboarder, l&#8217;Alta Badia fa parte del comprensorio sciistico pi\u00f9 grande del mondo, il &#8220;Dolomiti Superski&#8221;, e offre ben 130 km di piste, tra cui le discese famose per la Coppa del Mondo e il celebre Sellaronda, percorso di 40 km che circonda il Massiccio del Sella e permette di superare i quattro importanti passi dolomitici Gardena, Sella, Pordoi e Campolongo, offrendo un panorama ineguagliabile. Unisce storia e natura il tour della Grande Guerra: 80 km di piste intorno al &#8220;Col di Lana&#8221;, il monte che rappresenta il simbolo della Prima Guerra Mondiale. E non solo discesa: proprio a San Cassiano il Centro fondo Alta Badia offre 23 km di piste, a cui si uniscono i 15 km di piste da fondo di Corvara-Colfosco. L&#8217;Alta Badia \u00e8 collegata inoltre al &#8220;Dolomiti Nordic Ski&#8221;, il carosello per lo sci di fondo pi\u00f9 grande d&#8217;Europa. Per chi preferisce passeggiate, ciaspolate e nordic walking invernale ci sono poi 80 km di sentieri perfettamente battuti e ben segnalati; completano l&#8217;offerta di attivit\u00e0 invernali numerose proposte di sport e divertimento, come slittino, pattinaggio sul ghiaccio e gita in carrozza trainata dai cavalli.<\/p>\n<p>Tutti gli ospiti del Dolomiti Wellness Hotel Fanes scopriranno un servizio completo per quanto riguarda le attivit\u00e0 invernali: bus-navetta gratuito a orario continuato verso l&#8217;impianto di risalita di Piz Sorega (a soli 400 metri dalla struttura), lezioni individuali con il maestro di sci dell&#8217;hotel, aggiornamenti quotidiani sullo stato delle piste e consigli degli esperti. Sar\u00e0 amata da tutti gli sciatori la nuova ski room: i moderni armadietti riscaldati permettono di riporre attrezzatura e indumenti e ritrovarli l&#8217;indomani asciutti e caldi.<\/p>","protected":false},"excerpt":{"rendered":"<p>Il caldo inverno dell&#8217;Alta Badia \u00e8 firmato Dolomiti Wellness Hotel Fanes. Dista soli 400 m l&#8217;impianto di risalita pi\u00f9 vicino, parte dei 130 km di piste dell&#8217;Alta Badia. Inoltre 38 km di piste per fondo, 80 km di sentieri per escursioni e ciaspolate, servizi e proposte per tutti i gusti e le esigenze degli ospiti. [&hellip;]<\/p>\n","protected":false},"author":2,"featured_media":0,"comment_status":"closed","ping_status":"open","sticky":false,"template":"","format":"standard","meta":{"footnotes":""},"categories":[3394,3393],"tags":[],"class_list":["post-109920","post","type-post","status-publish","format-standard","category-cultura-e-spettacoli-fuori-provincia","category-eventi-enogastronomici"],"yoast_head":"<!-- This site is optimized with the Yoast SEO plugin v28.4 - https:\/\/yoast.com\/product\/yoast-seo-wordpress\/ -->\n<title>Dolomiti Wellness Hotel Fanes per scoprire l&#039;Alta Badia in inverno - Bellunopress - Dolomiti<\/title>\n<meta name=\"robots\" content=\"index, follow, max-snippet:-1, max-image-preview:large, max-video-preview:-1\" \/>\n<link rel=\"canonical\" href=\"https:\/\/www.bellunopress.it\/fr\/2019\/11\/25\/dolomiti-wellness-hotel-fanes-per-scoprire-lalta-badia-in-inverno\/\" \/>\n<meta property=\"og:locale\" content=\"fr_FR\" \/>\n<meta property=\"og:type\" content=\"article\" \/>\n<meta property=\"og:title\" content=\"Dolomiti Wellness Hotel Fanes per scoprire l&#039;Alta Badia in inverno - Bellunopress - Dolomiti\" \/>\n<meta property=\"og:description\" content=\"Il caldo inverno dell&#8217;Alta Badia \u00e8 firmato Dolomiti Wellness Hotel Fanes. Dista soli 400 m l&#8217;impianto di risalita pi\u00f9 vicino, parte dei 130 km di piste dell&#8217;Alta Badia. Inoltre 38 km di piste per fondo, 80 km di sentieri per escursioni e ciaspolate, servizi e proposte per tutti i gusti e le esigenze degli ospiti. [&hellip;]\" \/>\n<meta property=\"og:url\" content=\"https:\/\/www.bellunopress.it\/fr\/2019\/11\/25\/dolomiti-wellness-hotel-fanes-per-scoprire-lalta-badia-in-inverno\/\" \/>\n<meta property=\"og:site_name\" content=\"Bellunopress - Dolomiti\" \/>\n<meta property=\"article:publisher\" content=\"https:\/\/www.facebook.com\/profile.php?id=100008943462799\" \/>\n<meta property=\"article:published_time\" content=\"2019-11-25T17:39:56+00:00\" \/>\n<meta property=\"og:image\" content=\"http:\/\/www.bellunopress.it\/wp-content\/uploads\/2019\/09\/Cotoletta-di-cervo_Hotel-Fanes.jpg\" \/>\n<meta name=\"author\" content=\"redazione\" \/>\n<meta name=\"twitter:card\" content=\"summary_large_image\" \/>\n<meta name=\"twitter:creator\" content=\"@bellunopress\" \/>\n<meta name=\"twitter:site\" content=\"@bellunopress\" \/>\n<meta name=\"twitter:label1\" content=\"Written by\" \/>\n\t<meta name=\"twitter:data1\" content=\"redazione\" \/>\n\t<meta name=\"twitter:label2\" content=\"Est. reading time\" \/>\n\t<meta name=\"twitter:data2\" content=\"2 minutes\" \/>\n<script type=\"application\/ld+json\" class=\"yoast-schema-graph\">{\"@context\":\"https:\\\/\\\/schema.org\",\"@graph\":[{\"@type\":\"Article\",\"@id\":\"https:\\\/\\\/www.bellunopress.it\\\/2019\\\/11\\\/25\\\/dolomiti-wellness-hotel-fanes-per-scoprire-lalta-badia-in-inverno\\\/#article\",\"isPartOf\":{\"@id\":\"https:\\\/\\\/www.bellunopress.it\\\/2019\\\/11\\\/25\\\/dolomiti-wellness-hotel-fanes-per-scoprire-lalta-badia-in-inverno\\\/\"},\"author\":{\"name\":\"redazione\",\"@id\":\"https:\\\/\\\/www.bellunopress.it\\\/#\\\/schema\\\/person\\\/79bb06722b37ece1c03d3e94beb30d73\"},\"headline\":\"Dolomiti Wellness Hotel Fanes per scoprire l&#8217;Alta Badia in inverno\",\"datePublished\":\"2019-11-25T17:39:56+00:00\",\"mainEntityOfPage\":{\"@id\":\"https:\\\/\\\/www.bellunopress.it\\\/2019\\\/11\\\/25\\\/dolomiti-wellness-hotel-fanes-per-scoprire-lalta-badia-in-inverno\\\/\"},\"wordCount\":463,\"publisher\":{\"@id\":\"https:\\\/\\\/www.bellunopress.it\\\/#organization\"},\"image\":{\"@id\":\"https:\\\/\\\/www.bellunopress.it\\\/2019\\\/11\\\/25\\\/dolomiti-wellness-hotel-fanes-per-scoprire-lalta-badia-in-inverno\\\/#primaryimage\"},\"thumbnailUrl\":\"http:\\\/\\\/www.bellunopress.it\\\/wp-content\\\/uploads\\\/2019\\\/09\\\/Cotoletta-di-cervo_Hotel-Fanes.jpg\",\"articleSection\":[\"Cultura e spettacoli, tempo libero, benessere, fuori provincia\",\"Eventi enogastronomici\"],\"inLanguage\":\"fr-FR\"},{\"@type\":\"WebPage\",\"@id\":\"https:\\\/\\\/www.bellunopress.it\\\/2019\\\/11\\\/25\\\/dolomiti-wellness-hotel-fanes-per-scoprire-lalta-badia-in-inverno\\\/\",\"url\":\"https:\\\/\\\/www.bellunopress.it\\\/2019\\\/11\\\/25\\\/dolomiti-wellness-hotel-fanes-per-scoprire-lalta-badia-in-inverno\\\/\",\"name\":\"Dolomiti Wellness Hotel Fanes per scoprire l'Alta Badia in inverno - Bellunopress - Dolomiti\",\"isPartOf\":{\"@id\":\"https:\\\/\\\/www.bellunopress.it\\\/#website\"},\"primaryImageOfPage\":{\"@id\":\"https:\\\/\\\/www.bellunopress.it\\\/2019\\\/11\\\/25\\\/dolomiti-wellness-hotel-fanes-per-scoprire-lalta-badia-in-inverno\\\/#primaryimage\"},\"image\":{\"@id\":\"https:\\\/\\\/www.bellunopress.it\\\/2019\\\/11\\\/25\\\/dolomiti-wellness-hotel-fanes-per-scoprire-lalta-badia-in-inverno\\\/#primaryimage\"},\"thumbnailUrl\":\"http:\\\/\\\/www.bellunopress.it\\\/wp-content\\\/uploads\\\/2019\\\/09\\\/Cotoletta-di-cervo_Hotel-Fanes.jpg\",\"datePublished\":\"2019-11-25T17:39:56+00:00\",\"breadcrumb\":{\"@id\":\"https:\\\/\\\/www.bellunopress.it\\\/2019\\\/11\\\/25\\\/dolomiti-wellness-hotel-fanes-per-scoprire-lalta-badia-in-inverno\\\/#breadcrumb\"},\"inLanguage\":\"fr-FR\",\"potentialAction\":[{\"@type\":\"ReadAction\",\"target\":[\"https:\\\/\\\/www.bellunopress.it\\\/2019\\\/11\\\/25\\\/dolomiti-wellness-hotel-fanes-per-scoprire-lalta-badia-in-inverno\\\/\"]}]},{\"@type\":\"ImageObject\",\"inLanguage\":\"fr-FR\",\"@id\":\"https:\\\/\\\/www.bellunopress.it\\\/2019\\\/11\\\/25\\\/dolomiti-wellness-hotel-fanes-per-scoprire-lalta-badia-in-inverno\\\/#primaryimage\",\"url\":\"http:\\\/\\\/www.bellunopress.it\\\/wp-content\\\/uploads\\\/2019\\\/09\\\/Cotoletta-di-cervo_Hotel-Fanes.jpg\",\"contentUrl\":\"http:\\\/\\\/www.bellunopress.it\\\/wp-content\\\/uploads\\\/2019\\\/09\\\/Cotoletta-di-cervo_Hotel-Fanes.jpg\"},{\"@type\":\"BreadcrumbList\",\"@id\":\"https:\\\/\\\/www.bellunopress.it\\\/2019\\\/11\\\/25\\\/dolomiti-wellness-hotel-fanes-per-scoprire-lalta-badia-in-inverno\\\/#breadcrumb\",\"itemListElement\":[{\"@type\":\"ListItem\",\"position\":1,\"name\":\"Home\",\"item\":\"https:\\\/\\\/www.bellunopress.it\\\/\"},{\"@type\":\"ListItem\",\"position\":2,\"name\":\"Dolomiti Wellness Hotel Fanes per scoprire l&#8217;Alta Badia in inverno\"}]},{\"@type\":\"WebSite\",\"@id\":\"https:\\\/\\\/www.bellunopress.it\\\/#website\",\"url\":\"https:\\\/\\\/www.bellunopress.it\\\/\",\"name\":\"Bellunopress - Dolomiti\",\"description\":\"e-mail: redazione@bellunopress.it\",\"publisher\":{\"@id\":\"https:\\\/\\\/www.bellunopress.it\\\/#organization\"},\"potentialAction\":[{\"@type\":\"SearchAction\",\"target\":{\"@type\":\"EntryPoint\",\"urlTemplate\":\"https:\\\/\\\/www.bellunopress.it\\\/?s={search_term_string}\"},\"query-input\":{\"@type\":\"PropertyValueSpecification\",\"valueRequired\":true,\"valueName\":\"search_term_string\"}}],\"inLanguage\":\"fr-FR\"},{\"@type\":\"Organization\",\"@id\":\"https:\\\/\\\/www.bellunopress.it\\\/#organization\",\"name\":\"Bellunopress\",\"url\":\"https:\\\/\\\/www.bellunopress.it\\\/\",\"logo\":{\"@type\":\"ImageObject\",\"inLanguage\":\"fr-FR\",\"@id\":\"https:\\\/\\\/www.bellunopress.it\\\/#\\\/schema\\\/logo\\\/image\\\/\",\"url\":\"https:\\\/\\\/www.bellunopress.it\\\/wp-content\\\/uploads\\\/2011\\\/05\\\/cropped-logo-bellunopress-.jpg\",\"contentUrl\":\"https:\\\/\\\/www.bellunopress.it\\\/wp-content\\\/uploads\\\/2011\\\/05\\\/cropped-logo-bellunopress-.jpg\",\"width\":512,\"height\":512,\"caption\":\"Bellunopress\"},\"image\":{\"@id\":\"https:\\\/\\\/www.bellunopress.it\\\/#\\\/schema\\\/logo\\\/image\\\/\"},\"sameAs\":[\"https:\\\/\\\/www.facebook.com\\\/profile.php?id=100008943462799\",\"https:\\\/\\\/x.com\\\/bellunopress\",\"https:\\\/\\\/www.linkedin.com\\\/hp\\\/?dnr=JBzUWaJfMUw8vbXJJ2tVW5-I3jZKvC4wsoxE&amp;amp;amp;amp;amp;amp;trk=nav_responsive_tab_home\",\"https:\\\/\\\/www.youtube.com\\\/channel\\\/UCxL0wu1uN0_3_7hGG0306cw\"]},{\"@type\":\"Person\",\"@id\":\"https:\\\/\\\/www.bellunopress.it\\\/#\\\/schema\\\/person\\\/79bb06722b37ece1c03d3e94beb30d73\",\"name\":\"redazione\",\"image\":{\"@type\":\"ImageObject\",\"inLanguage\":\"fr-FR\",\"@id\":\"https:\\\/\\\/secure.gravatar.com\\\/avatar\\\/37d968a2e67a6fd04c169c4bdef102d0bc5d31b2546345219e348575eb80e9a0?s=96&d=mm&r=g\",\"url\":\"https:\\\/\\\/secure.gravatar.com\\\/avatar\\\/37d968a2e67a6fd04c169c4bdef102d0bc5d31b2546345219e348575eb80e9a0?s=96&d=mm&r=g\",\"contentUrl\":\"https:\\\/\\\/secure.gravatar.com\\\/avatar\\\/37d968a2e67a6fd04c169c4bdef102d0bc5d31b2546345219e348575eb80e9a0?s=96&d=mm&r=g\",\"caption\":\"redazione\"},\"sameAs\":[\"http:\\\/\\\/www.bellunopress.it\",\"https:\\\/\\\/x.com\\\/bellunopress\"],\"url\":\"https:\\\/\\\/www.bellunopress.it\\\/fr\\\/author\\\/redazione\\\/\"}]}<\/script>\n<!-- \/ Yoast SEO plugin. -->","yoast_head_json":{"title":"Dolomiti Wellness Hotel Fanes per scoprire l'Alta Badia in inverno - Bellunopress - Dolomiti","robots":{"index":"index","follow":"follow","max-snippet":"max-snippet:-1","max-image-preview":"max-image-preview:large","max-video-preview":"max-video-preview:-1"},"canonical":"https:\/\/www.bellunopress.it\/fr\/2019\/11\/25\/dolomiti-wellness-hotel-fanes-per-scoprire-lalta-badia-in-inverno\/","og_locale":"fr_FR","og_type":"article","og_title":"Dolomiti Wellness Hotel Fanes per scoprire l'Alta Badia in inverno - Bellunopress - Dolomiti","og_description":"Il caldo inverno dell&#8217;Alta Badia \u00e8 firmato Dolomiti Wellness Hotel Fanes. Dista soli 400 m l&#8217;impianto di risalita pi\u00f9 vicino, parte dei 130 km di piste dell&#8217;Alta Badia. Inoltre 38 km di piste per fondo, 80 km di sentieri per escursioni e ciaspolate, servizi e proposte per tutti i gusti e le esigenze degli ospiti. [&hellip;]","og_url":"https:\/\/www.bellunopress.it\/fr\/2019\/11\/25\/dolomiti-wellness-hotel-fanes-per-scoprire-lalta-badia-in-inverno\/","og_site_name":"Bellunopress - Dolomiti","article_publisher":"https:\/\/www.facebook.com\/profile.php?id=100008943462799","article_published_time":"2019-11-25T17:39:56+00:00","og_image":[{"url":"http:\/\/www.bellunopress.it\/wp-content\/uploads\/2019\/09\/Cotoletta-di-cervo_Hotel-Fanes.jpg","type":"","width":"","height":""}],"author":"redazione","twitter_card":"summary_large_image","twitter_creator":"@bellunopress","twitter_site":"@bellunopress","twitter_misc":{"Written by":"redazione","Est. reading time":"2 minutes"},"schema":{"@context":"https:\/\/schema.org","@graph":[{"@type":"Article","@id":"https:\/\/www.bellunopress.it\/2019\/11\/25\/dolomiti-wellness-hotel-fanes-per-scoprire-lalta-badia-in-inverno\/#article","isPartOf":{"@id":"https:\/\/www.bellunopress.it\/2019\/11\/25\/dolomiti-wellness-hotel-fanes-per-scoprire-lalta-badia-in-inverno\/"},"author":{"name":"redazione","@id":"https:\/\/www.bellunopress.it\/#\/schema\/person\/79bb06722b37ece1c03d3e94beb30d73"},"headline":"Dolomiti Wellness Hotel Fanes per scoprire l&#8217;Alta Badia in inverno","datePublished":"2019-11-25T17:39:56+00:00","mainEntityOfPage":{"@id":"https:\/\/www.bellunopress.it\/2019\/11\/25\/dolomiti-wellness-hotel-fanes-per-scoprire-lalta-badia-in-inverno\/"},"wordCount":463,"publisher":{"@id":"https:\/\/www.bellunopress.it\/#organization"},"image":{"@id":"https:\/\/www.bellunopress.it\/2019\/11\/25\/dolomiti-wellness-hotel-fanes-per-scoprire-lalta-badia-in-inverno\/#primaryimage"},"thumbnailUrl":"http:\/\/www.bellunopress.it\/wp-content\/uploads\/2019\/09\/Cotoletta-di-cervo_Hotel-Fanes.jpg","articleSection":["Cultura e spettacoli, tempo libero, benessere, fuori provincia","Eventi enogastronomici"],"inLanguage":"fr-FR"},{"@type":"WebPage","@id":"https:\/\/www.bellunopress.it\/2019\/11\/25\/dolomiti-wellness-hotel-fanes-per-scoprire-lalta-badia-in-inverno\/","url":"https:\/\/www.bellunopress.it\/2019\/11\/25\/dolomiti-wellness-hotel-fanes-per-scoprire-lalta-badia-in-inverno\/","name":"Dolomiti Wellness Hotel Fanes per scoprire l'Alta Badia in inverno - Bellunopress - Dolomiti","isPartOf":{"@id":"https:\/\/www.bellunopress.it\/#website"},"primaryImageOfPage":{"@id":"https:\/\/www.bellunopress.it\/2019\/11\/25\/dolomiti-wellness-hotel-fanes-per-scoprire-lalta-badia-in-inverno\/#primaryimage"},"image":{"@id":"https:\/\/www.bellunopress.it\/2019\/11\/25\/dolomiti-wellness-hotel-fanes-per-scoprire-lalta-badia-in-inverno\/#primaryimage"},"thumbnailUrl":"http:\/\/www.bellunopress.it\/wp-content\/uploads\/2019\/09\/Cotoletta-di-cervo_Hotel-Fanes.jpg","datePublished":"2019-11-25T17:39:56+00:00","breadcrumb":{"@id":"https:\/\/www.bellunopress.it\/2019\/11\/25\/dolomiti-wellness-hotel-fanes-per-scoprire-lalta-badia-in-inverno\/#breadcrumb"},"inLanguage":"fr-FR","potentialAction":[{"@type":"ReadAction","target":["https:\/\/www.bellunopress.it\/2019\/11\/25\/dolomiti-wellness-hotel-fanes-per-scoprire-lalta-badia-in-inverno\/"]}]},{"@type":"ImageObject","inLanguage":"fr-FR","@id":"https:\/\/www.bellunopress.it\/2019\/11\/25\/dolomiti-wellness-hotel-fanes-per-scoprire-lalta-badia-in-inverno\/#primaryimage","url":"http:\/\/www.bellunopress.it\/wp-content\/uploads\/2019\/09\/Cotoletta-di-cervo_Hotel-Fanes.jpg","contentUrl":"http:\/\/www.bellunopress.it\/wp-content\/uploads\/2019\/09\/Cotoletta-di-cervo_Hotel-Fanes.jpg"},{"@type":"BreadcrumbList","@id":"https:\/\/www.bellunopress.it\/2019\/11\/25\/dolomiti-wellness-hotel-fanes-per-scoprire-lalta-badia-in-inverno\/#breadcrumb","itemListElement":[{"@type":"ListItem","position":1,"name":"Home","item":"https:\/\/www.bellunopress.it\/"},{"@type":"ListItem","position":2,"name":"Dolomiti Wellness Hotel Fanes per scoprire l&#8217;Alta Badia in inverno"}]},{"@type":"WebSite","@id":"https:\/\/www.bellunopress.it\/#website","url":"https:\/\/www.bellunopress.it\/","name":"Bellunopress - Dolomiti","description":"e-mail: redazione@bellunopress.it","publisher":{"@id":"https:\/\/www.bellunopress.it\/#organization"},"potentialAction":[{"@type":"SearchAction","target":{"@type":"EntryPoint","urlTemplate":"https:\/\/www.bellunopress.it\/?s={search_term_string}"},"query-input":{"@type":"PropertyValueSpecification","valueRequired":true,"valueName":"search_term_string"}}],"inLanguage":"fr-FR"},{"@type":"Organization","@id":"https:\/\/www.bellunopress.it\/#organization","name":"Bellunopress","url":"https:\/\/www.bellunopress.it\/","logo":{"@type":"ImageObject","inLanguage":"fr-FR","@id":"https:\/\/www.bellunopress.it\/#\/schema\/logo\/image\/","url":"https:\/\/www.bellunopress.it\/wp-content\/uploads\/2011\/05\/cropped-logo-bellunopress-.jpg","contentUrl":"https:\/\/www.bellunopress.it\/wp-content\/uploads\/2011\/05\/cropped-logo-bellunopress-.jpg","width":512,"height":512,"caption":"Bellunopress"},"image":{"@id":"https:\/\/www.bellunopress.it\/#\/schema\/logo\/image\/"},"sameAs":["https:\/\/www.facebook.com\/profile.php?id=100008943462799","https:\/\/x.com\/bellunopress","https:\/\/www.linkedin.com\/hp\/?dnr=JBzUWaJfMUw8vbXJJ2tVW5-I3jZKvC4wsoxE&amp;amp;amp;amp;amp;amp;trk=nav_responsive_tab_home","https:\/\/www.youtube.com\/channel\/UCxL0wu1uN0_3_7hGG0306cw"]},{"@type":"Person","@id":"https:\/\/www.bellunopress.it\/#\/schema\/person\/79bb06722b37ece1c03d3e94beb30d73","name":"r\u00e9daction","image":{"@type":"ImageObject","inLanguage":"fr-FR","@id":"https:\/\/secure.gravatar.com\/avatar\/37d968a2e67a6fd04c169c4bdef102d0bc5d31b2546345219e348575eb80e9a0?s=96&d=mm&r=g","url":"https:\/\/secure.gravatar.com\/avatar\/37d968a2e67a6fd04c169c4bdef102d0bc5d31b2546345219e348575eb80e9a0?s=96&d=mm&r=g","contentUrl":"https:\/\/secure.gravatar.com\/avatar\/37d968a2e67a6fd04c169c4bdef102d0bc5d31b2546345219e348575eb80e9a0?s=96&d=mm&r=g","caption":"redazione"},"sameAs":["http:\/\/www.bellunopress.it","https:\/\/x.com\/bellunopress"],"url":"https:\/\/www.bellunopress.it\/fr\/author\/redazione\/"}]}},"_links":{"self":[{"href":"https:\/\/www.bellunopress.it\/fr\/wp-json\/wp\/v2\/posts\/109920","targetHints":{"allow":["GET"]}}],"collection":[{"href":"https:\/\/www.bellunopress.it\/fr\/wp-json\/wp\/v2\/posts"}],"about":[{"href":"https:\/\/www.bellunopress.it\/fr\/wp-json\/wp\/v2\/types\/post"}],"author":[{"embeddable":true,"href":"https:\/\/www.bellunopress.it\/fr\/wp-json\/wp\/v2\/users\/2"}],"replies":[{"embeddable":true,"href":"https:\/\/www.bellunopress.it\/fr\/wp-json\/wp\/v2\/comments?post=109920"}],"version-history":[{"count":1,"href":"https:\/\/www.bellunopress.it\/fr\/wp-json\/wp\/v2\/posts\/109920\/revisions"}],"predecessor-version":[{"id":109921,"href":"https:\/\/www.bellunopress.it\/fr\/wp-json\/wp\/v2\/posts\/109920\/revisions\/109921"}],"wp:attachment":[{"href":"https:\/\/www.bellunopress.it\/fr\/wp-json\/wp\/v2\/media?parent=109920"}],"wp:term":[{"taxonomy":"category","embeddable":true,"href":"https:\/\/www.bellunopress.it\/fr\/wp-json\/wp\/v2\/categories?post=109920"},{"taxonomy":"post_tag","embeddable":true,"href":"https:\/\/www.bellunopress.it\/fr\/wp-json\/wp\/v2\/tags?post=109920"}],"curies":[{"name":"wp","href":"https:\/\/api.w.org\/{rel}","templated":true}]}}