{"id":109918,"date":"2019-11-25T18:37:16","date_gmt":"2019-11-25T17:37:16","guid":{"rendered":"http:\/\/www.bellunopress.it\/?p=109918"},"modified":"2019-11-25T18:37:16","modified_gmt":"2019-11-25T17:37:16","slug":"il-vino-e-limpronta-del-vignaiolo","status":"publish","type":"post","link":"https:\/\/www.bellunopress.it\/fr\/2019\/11\/25\/il-vino-e-limpronta-del-vignaiolo\/","title":{"rendered":"Il vino \u00e8 l&#8217;impronta del vignaiolo"},"content":{"rendered":"<p><em>Chiusa a Piacenza Expo la nona edizione del Mercato dei Vignaioli Indipendenti. Grande successo con 22.500 ingressi: in crescita sia gli operatori sia il pubblico di affezionati<\/em><\/p>\n<p><a href=\"http:\/\/www.bellunopress.it\/fr\/2018\/11\/28\/leuropa-rinnova-luso-del-rame-in-agricoltura-si-potranno-usare-28-kg-in-sette-anni-confermato-il-meccanismo-di-calcolo-secondo-la-media-matematica\/fivi-federazione-italiana-vignaioli-indipendenti\/\" rel=\"attachment wp-att-99990\"><img loading=\"lazy\" decoding=\"async\" class=\"alignleft size-full wp-image-99990\" src=\"http:\/\/www.bellunopress.it\/wp-content\/uploads\/2018\/11\/FIVI-federazione-italiana-vignaioli-indipendenti.jpg\" alt=\"\" width=\"290\" height=\"287\" \/><\/a>\u201cOgnuno nel mondo lascia la sua impronta, ma \u00e8 insieme che dobbiamo portare in alto il vino italiano nel mondo\u201d \u00e8 questo il messaggio di Lorenzo Accomasso, premiato Vignaiolo dell\u2019anno 2019 al Mercato FIVI di Piacenza, per i suoi colleghi. L\u2019impronta che il Vignaiolo lascia \u00e8 il proprio vino, un segno che ricorda l\u2019amore per le vigne e il territorio circostante. Un\u2019impronta che vuole emergere dalla massa per affermare l\u2019unicit\u00e0 di chi produce vino artigianalmente, seguendo l\u2019intera filiera, dalla vigna alla cantina.<\/p>\n<p>La nona edizione del Mercato dei Vini dei Vignaioli Indipendenti, per la prima volta della durata di tre giorni, si \u00e8 conclusa con successo. Nei tre giorni di Mercato, che ha visto la presenza record di 626 vignaioli, ci sono stati circa 22.500 visitatori, con una componente importante di operatori professionali il luned\u00ec. Confermata l\u2019ottima funzionalit\u00e0 di Piacenza Expo e della citt\u00e0 che ancora una volta hanno accolto un pubblico in costante crescita composto da molti appassionati che tornano a ogni edizione a trovare i vignaioli gi\u00e0 conosciuti e a scoprirne di nuovi, e da addetti ai lavori che hanno particolarmente apprezzato l\u2019apertura del luned\u00ec.<\/p>\n<p>\u201c\u00c8 bello constatare ogni anno di pi\u00f9 che il pubblico del Mercato \u00e8 composto di affezionati che tornano a trovarci regolarmente \u2013 sottolinea Matilde Poggi, presidente FIVI \u2013 che ci segue e aspetta con ansia questo momento per rivedere produttori conosciuti e scoprirne di nuovi. Questo rapporto speciale traspare anche sui social, dove il movimento e l\u2019interesse per questa manifestazione nel periodo precedente, \u00e8 veramente altissimo\u201d.<\/p>","protected":false},"excerpt":{"rendered":"<p>Chiusa a Piacenza Expo la nona edizione del Mercato dei Vignaioli Indipendenti. Grande successo con 22.500 ingressi: in crescita sia gli operatori sia il pubblico di affezionati \u201cOgnuno nel mondo lascia la sua impronta, ma \u00e8 insieme che dobbiamo portare in alto il vino italiano nel mondo\u201d \u00e8 questo il messaggio di Lorenzo Accomasso, premiato [&hellip;]<\/p>\n","protected":false},"author":2,"featured_media":0,"comment_status":"closed","ping_status":"open","sticky":false,"template":"","format":"standard","meta":{"footnotes":""},"categories":[3394,3393],"tags":[],"class_list":["post-109918","post","type-post","status-publish","format-standard","category-cultura-e-spettacoli-fuori-provincia","category-eventi-enogastronomici"],"yoast_head":"<!-- This site is optimized with the Yoast SEO plugin v28.4 - https:\/\/yoast.com\/product\/yoast-seo-wordpress\/ -->\n<title>Il vino \u00e8 l&#039;impronta del vignaiolo - Bellunopress - Dolomiti<\/title>\n<meta name=\"robots\" content=\"index, follow, max-snippet:-1, max-image-preview:large, max-video-preview:-1\" \/>\n<link rel=\"canonical\" href=\"https:\/\/www.bellunopress.it\/fr\/2019\/11\/25\/il-vino-e-limpronta-del-vignaiolo\/\" \/>\n<meta property=\"og:locale\" content=\"fr_FR\" \/>\n<meta property=\"og:type\" content=\"article\" \/>\n<meta property=\"og:title\" content=\"Il vino \u00e8 l&#039;impronta del vignaiolo - Bellunopress - Dolomiti\" \/>\n<meta property=\"og:description\" content=\"Chiusa a Piacenza Expo la nona edizione del Mercato dei Vignaioli Indipendenti. Grande successo con 22.500 ingressi: in crescita sia gli operatori sia il pubblico di affezionati \u201cOgnuno nel mondo lascia la sua impronta, ma \u00e8 insieme che dobbiamo portare in alto il vino italiano nel mondo\u201d \u00e8 questo il messaggio di Lorenzo Accomasso, premiato [&hellip;]\" \/>\n<meta property=\"og:url\" content=\"https:\/\/www.bellunopress.it\/fr\/2019\/11\/25\/il-vino-e-limpronta-del-vignaiolo\/\" \/>\n<meta property=\"og:site_name\" content=\"Bellunopress - Dolomiti\" \/>\n<meta property=\"article:publisher\" content=\"https:\/\/www.facebook.com\/profile.php?id=100008943462799\" \/>\n<meta property=\"article:published_time\" content=\"2019-11-25T17:37:16+00:00\" \/>\n<meta property=\"og:image\" content=\"http:\/\/www.bellunopress.it\/wp-content\/uploads\/2018\/11\/FIVI-federazione-italiana-vignaioli-indipendenti.jpg\" \/>\n<meta name=\"author\" content=\"redazione\" \/>\n<meta name=\"twitter:card\" content=\"summary_large_image\" \/>\n<meta name=\"twitter:creator\" content=\"@bellunopress\" \/>\n<meta name=\"twitter:site\" content=\"@bellunopress\" \/>\n<meta name=\"twitter:label1\" content=\"Written by\" \/>\n\t<meta name=\"twitter:data1\" content=\"redazione\" \/>\n\t<meta name=\"twitter:label2\" content=\"Est. reading time\" \/>\n\t<meta name=\"twitter:data2\" content=\"1 minute\" \/>\n<script type=\"application\/ld+json\" class=\"yoast-schema-graph\">{\"@context\":\"https:\\\/\\\/schema.org\",\"@graph\":[{\"@type\":\"Article\",\"@id\":\"https:\\\/\\\/www.bellunopress.it\\\/2019\\\/11\\\/25\\\/il-vino-e-limpronta-del-vignaiolo\\\/#article\",\"isPartOf\":{\"@id\":\"https:\\\/\\\/www.bellunopress.it\\\/2019\\\/11\\\/25\\\/il-vino-e-limpronta-del-vignaiolo\\\/\"},\"author\":{\"name\":\"redazione\",\"@id\":\"https:\\\/\\\/www.bellunopress.it\\\/#\\\/schema\\\/person\\\/79bb06722b37ece1c03d3e94beb30d73\"},\"headline\":\"Il vino \u00e8 l&#8217;impronta del vignaiolo\",\"datePublished\":\"2019-11-25T17:37:16+00:00\",\"mainEntityOfPage\":{\"@id\":\"https:\\\/\\\/www.bellunopress.it\\\/2019\\\/11\\\/25\\\/il-vino-e-limpronta-del-vignaiolo\\\/\"},\"wordCount\":282,\"publisher\":{\"@id\":\"https:\\\/\\\/www.bellunopress.it\\\/#organization\"},\"image\":{\"@id\":\"https:\\\/\\\/www.bellunopress.it\\\/2019\\\/11\\\/25\\\/il-vino-e-limpronta-del-vignaiolo\\\/#primaryimage\"},\"thumbnailUrl\":\"http:\\\/\\\/www.bellunopress.it\\\/wp-content\\\/uploads\\\/2018\\\/11\\\/FIVI-federazione-italiana-vignaioli-indipendenti.jpg\",\"articleSection\":[\"Cultura e spettacoli, tempo libero, benessere, fuori provincia\",\"Eventi enogastronomici\"],\"inLanguage\":\"fr-FR\"},{\"@type\":\"WebPage\",\"@id\":\"https:\\\/\\\/www.bellunopress.it\\\/2019\\\/11\\\/25\\\/il-vino-e-limpronta-del-vignaiolo\\\/\",\"url\":\"https:\\\/\\\/www.bellunopress.it\\\/2019\\\/11\\\/25\\\/il-vino-e-limpronta-del-vignaiolo\\\/\",\"name\":\"Il vino \u00e8 l'impronta del vignaiolo - Bellunopress - Dolomiti\",\"isPartOf\":{\"@id\":\"https:\\\/\\\/www.bellunopress.it\\\/#website\"},\"primaryImageOfPage\":{\"@id\":\"https:\\\/\\\/www.bellunopress.it\\\/2019\\\/11\\\/25\\\/il-vino-e-limpronta-del-vignaiolo\\\/#primaryimage\"},\"image\":{\"@id\":\"https:\\\/\\\/www.bellunopress.it\\\/2019\\\/11\\\/25\\\/il-vino-e-limpronta-del-vignaiolo\\\/#primaryimage\"},\"thumbnailUrl\":\"http:\\\/\\\/www.bellunopress.it\\\/wp-content\\\/uploads\\\/2018\\\/11\\\/FIVI-federazione-italiana-vignaioli-indipendenti.jpg\",\"datePublished\":\"2019-11-25T17:37:16+00:00\",\"breadcrumb\":{\"@id\":\"https:\\\/\\\/www.bellunopress.it\\\/2019\\\/11\\\/25\\\/il-vino-e-limpronta-del-vignaiolo\\\/#breadcrumb\"},\"inLanguage\":\"fr-FR\",\"potentialAction\":[{\"@type\":\"ReadAction\",\"target\":[\"https:\\\/\\\/www.bellunopress.it\\\/2019\\\/11\\\/25\\\/il-vino-e-limpronta-del-vignaiolo\\\/\"]}]},{\"@type\":\"ImageObject\",\"inLanguage\":\"fr-FR\",\"@id\":\"https:\\\/\\\/www.bellunopress.it\\\/2019\\\/11\\\/25\\\/il-vino-e-limpronta-del-vignaiolo\\\/#primaryimage\",\"url\":\"http:\\\/\\\/www.bellunopress.it\\\/wp-content\\\/uploads\\\/2018\\\/11\\\/FIVI-federazione-italiana-vignaioli-indipendenti.jpg\",\"contentUrl\":\"http:\\\/\\\/www.bellunopress.it\\\/wp-content\\\/uploads\\\/2018\\\/11\\\/FIVI-federazione-italiana-vignaioli-indipendenti.jpg\"},{\"@type\":\"BreadcrumbList\",\"@id\":\"https:\\\/\\\/www.bellunopress.it\\\/2019\\\/11\\\/25\\\/il-vino-e-limpronta-del-vignaiolo\\\/#breadcrumb\",\"itemListElement\":[{\"@type\":\"ListItem\",\"position\":1,\"name\":\"Home\",\"item\":\"https:\\\/\\\/www.bellunopress.it\\\/\"},{\"@type\":\"ListItem\",\"position\":2,\"name\":\"Il vino \u00e8 l&#8217;impronta del vignaiolo\"}]},{\"@type\":\"WebSite\",\"@id\":\"https:\\\/\\\/www.bellunopress.it\\\/#website\",\"url\":\"https:\\\/\\\/www.bellunopress.it\\\/\",\"name\":\"Bellunopress - Dolomiti\",\"description\":\"e-mail: redazione@bellunopress.it\",\"publisher\":{\"@id\":\"https:\\\/\\\/www.bellunopress.it\\\/#organization\"},\"potentialAction\":[{\"@type\":\"SearchAction\",\"target\":{\"@type\":\"EntryPoint\",\"urlTemplate\":\"https:\\\/\\\/www.bellunopress.it\\\/?s={search_term_string}\"},\"query-input\":{\"@type\":\"PropertyValueSpecification\",\"valueRequired\":true,\"valueName\":\"search_term_string\"}}],\"inLanguage\":\"fr-FR\"},{\"@type\":\"Organization\",\"@id\":\"https:\\\/\\\/www.bellunopress.it\\\/#organization\",\"name\":\"Bellunopress\",\"url\":\"https:\\\/\\\/www.bellunopress.it\\\/\",\"logo\":{\"@type\":\"ImageObject\",\"inLanguage\":\"fr-FR\",\"@id\":\"https:\\\/\\\/www.bellunopress.it\\\/#\\\/schema\\\/logo\\\/image\\\/\",\"url\":\"https:\\\/\\\/www.bellunopress.it\\\/wp-content\\\/uploads\\\/2011\\\/05\\\/cropped-logo-bellunopress-.jpg\",\"contentUrl\":\"https:\\\/\\\/www.bellunopress.it\\\/wp-content\\\/uploads\\\/2011\\\/05\\\/cropped-logo-bellunopress-.jpg\",\"width\":512,\"height\":512,\"caption\":\"Bellunopress\"},\"image\":{\"@id\":\"https:\\\/\\\/www.bellunopress.it\\\/#\\\/schema\\\/logo\\\/image\\\/\"},\"sameAs\":[\"https:\\\/\\\/www.facebook.com\\\/profile.php?id=100008943462799\",\"https:\\\/\\\/x.com\\\/bellunopress\",\"https:\\\/\\\/www.linkedin.com\\\/hp\\\/?dnr=JBzUWaJfMUw8vbXJJ2tVW5-I3jZKvC4wsoxE&amp;amp;amp;amp;amp;amp;trk=nav_responsive_tab_home\",\"https:\\\/\\\/www.youtube.com\\\/channel\\\/UCxL0wu1uN0_3_7hGG0306cw\"]},{\"@type\":\"Person\",\"@id\":\"https:\\\/\\\/www.bellunopress.it\\\/#\\\/schema\\\/person\\\/79bb06722b37ece1c03d3e94beb30d73\",\"name\":\"redazione\",\"image\":{\"@type\":\"ImageObject\",\"inLanguage\":\"fr-FR\",\"@id\":\"https:\\\/\\\/secure.gravatar.com\\\/avatar\\\/37d968a2e67a6fd04c169c4bdef102d0bc5d31b2546345219e348575eb80e9a0?s=96&d=mm&r=g\",\"url\":\"https:\\\/\\\/secure.gravatar.com\\\/avatar\\\/37d968a2e67a6fd04c169c4bdef102d0bc5d31b2546345219e348575eb80e9a0?s=96&d=mm&r=g\",\"contentUrl\":\"https:\\\/\\\/secure.gravatar.com\\\/avatar\\\/37d968a2e67a6fd04c169c4bdef102d0bc5d31b2546345219e348575eb80e9a0?s=96&d=mm&r=g\",\"caption\":\"redazione\"},\"sameAs\":[\"http:\\\/\\\/www.bellunopress.it\",\"https:\\\/\\\/x.com\\\/bellunopress\"],\"url\":\"https:\\\/\\\/www.bellunopress.it\\\/fr\\\/author\\\/redazione\\\/\"}]}<\/script>\n<!-- \/ Yoast SEO plugin. -->","yoast_head_json":{"title":"Il vino \u00e8 l'impronta del vignaiolo - Bellunopress - Dolomiti","robots":{"index":"index","follow":"follow","max-snippet":"max-snippet:-1","max-image-preview":"max-image-preview:large","max-video-preview":"max-video-preview:-1"},"canonical":"https:\/\/www.bellunopress.it\/fr\/2019\/11\/25\/il-vino-e-limpronta-del-vignaiolo\/","og_locale":"fr_FR","og_type":"article","og_title":"Il vino \u00e8 l'impronta del vignaiolo - Bellunopress - Dolomiti","og_description":"Chiusa a Piacenza Expo la nona edizione del Mercato dei Vignaioli Indipendenti. Grande successo con 22.500 ingressi: in crescita sia gli operatori sia il pubblico di affezionati \u201cOgnuno nel mondo lascia la sua impronta, ma \u00e8 insieme che dobbiamo portare in alto il vino italiano nel mondo\u201d \u00e8 questo il messaggio di Lorenzo Accomasso, premiato [&hellip;]","og_url":"https:\/\/www.bellunopress.it\/fr\/2019\/11\/25\/il-vino-e-limpronta-del-vignaiolo\/","og_site_name":"Bellunopress - Dolomiti","article_publisher":"https:\/\/www.facebook.com\/profile.php?id=100008943462799","article_published_time":"2019-11-25T17:37:16+00:00","og_image":[{"url":"http:\/\/www.bellunopress.it\/wp-content\/uploads\/2018\/11\/FIVI-federazione-italiana-vignaioli-indipendenti.jpg","type":"","width":"","height":""}],"author":"redazione","twitter_card":"summary_large_image","twitter_creator":"@bellunopress","twitter_site":"@bellunopress","twitter_misc":{"Written by":"redazione","Est. reading time":"1 minute"},"schema":{"@context":"https:\/\/schema.org","@graph":[{"@type":"Article","@id":"https:\/\/www.bellunopress.it\/2019\/11\/25\/il-vino-e-limpronta-del-vignaiolo\/#article","isPartOf":{"@id":"https:\/\/www.bellunopress.it\/2019\/11\/25\/il-vino-e-limpronta-del-vignaiolo\/"},"author":{"name":"redazione","@id":"https:\/\/www.bellunopress.it\/#\/schema\/person\/79bb06722b37ece1c03d3e94beb30d73"},"headline":"Il vino \u00e8 l&#8217;impronta del vignaiolo","datePublished":"2019-11-25T17:37:16+00:00","mainEntityOfPage":{"@id":"https:\/\/www.bellunopress.it\/2019\/11\/25\/il-vino-e-limpronta-del-vignaiolo\/"},"wordCount":282,"publisher":{"@id":"https:\/\/www.bellunopress.it\/#organization"},"image":{"@id":"https:\/\/www.bellunopress.it\/2019\/11\/25\/il-vino-e-limpronta-del-vignaiolo\/#primaryimage"},"thumbnailUrl":"http:\/\/www.bellunopress.it\/wp-content\/uploads\/2018\/11\/FIVI-federazione-italiana-vignaioli-indipendenti.jpg","articleSection":["Cultura e spettacoli, tempo libero, benessere, fuori provincia","Eventi enogastronomici"],"inLanguage":"fr-FR"},{"@type":"WebPage","@id":"https:\/\/www.bellunopress.it\/2019\/11\/25\/il-vino-e-limpronta-del-vignaiolo\/","url":"https:\/\/www.bellunopress.it\/2019\/11\/25\/il-vino-e-limpronta-del-vignaiolo\/","name":"Il vino \u00e8 l'impronta del vignaiolo - Bellunopress - Dolomiti","isPartOf":{"@id":"https:\/\/www.bellunopress.it\/#website"},"primaryImageOfPage":{"@id":"https:\/\/www.bellunopress.it\/2019\/11\/25\/il-vino-e-limpronta-del-vignaiolo\/#primaryimage"},"image":{"@id":"https:\/\/www.bellunopress.it\/2019\/11\/25\/il-vino-e-limpronta-del-vignaiolo\/#primaryimage"},"thumbnailUrl":"http:\/\/www.bellunopress.it\/wp-content\/uploads\/2018\/11\/FIVI-federazione-italiana-vignaioli-indipendenti.jpg","datePublished":"2019-11-25T17:37:16+00:00","breadcrumb":{"@id":"https:\/\/www.bellunopress.it\/2019\/11\/25\/il-vino-e-limpronta-del-vignaiolo\/#breadcrumb"},"inLanguage":"fr-FR","potentialAction":[{"@type":"ReadAction","target":["https:\/\/www.bellunopress.it\/2019\/11\/25\/il-vino-e-limpronta-del-vignaiolo\/"]}]},{"@type":"ImageObject","inLanguage":"fr-FR","@id":"https:\/\/www.bellunopress.it\/2019\/11\/25\/il-vino-e-limpronta-del-vignaiolo\/#primaryimage","url":"http:\/\/www.bellunopress.it\/wp-content\/uploads\/2018\/11\/FIVI-federazione-italiana-vignaioli-indipendenti.jpg","contentUrl":"http:\/\/www.bellunopress.it\/wp-content\/uploads\/2018\/11\/FIVI-federazione-italiana-vignaioli-indipendenti.jpg"},{"@type":"BreadcrumbList","@id":"https:\/\/www.bellunopress.it\/2019\/11\/25\/il-vino-e-limpronta-del-vignaiolo\/#breadcrumb","itemListElement":[{"@type":"ListItem","position":1,"name":"Home","item":"https:\/\/www.bellunopress.it\/"},{"@type":"ListItem","position":2,"name":"Il vino \u00e8 l&#8217;impronta del vignaiolo"}]},{"@type":"WebSite","@id":"https:\/\/www.bellunopress.it\/#website","url":"https:\/\/www.bellunopress.it\/","name":"Bellunopress - Dolomiti","description":"e-mail: redazione@bellunopress.it","publisher":{"@id":"https:\/\/www.bellunopress.it\/#organization"},"potentialAction":[{"@type":"SearchAction","target":{"@type":"EntryPoint","urlTemplate":"https:\/\/www.bellunopress.it\/?s={search_term_string}"},"query-input":{"@type":"PropertyValueSpecification","valueRequired":true,"valueName":"search_term_string"}}],"inLanguage":"fr-FR"},{"@type":"Organization","@id":"https:\/\/www.bellunopress.it\/#organization","name":"Bellunopress","url":"https:\/\/www.bellunopress.it\/","logo":{"@type":"ImageObject","inLanguage":"fr-FR","@id":"https:\/\/www.bellunopress.it\/#\/schema\/logo\/image\/","url":"https:\/\/www.bellunopress.it\/wp-content\/uploads\/2011\/05\/cropped-logo-bellunopress-.jpg","contentUrl":"https:\/\/www.bellunopress.it\/wp-content\/uploads\/2011\/05\/cropped-logo-bellunopress-.jpg","width":512,"height":512,"caption":"Bellunopress"},"image":{"@id":"https:\/\/www.bellunopress.it\/#\/schema\/logo\/image\/"},"sameAs":["https:\/\/www.facebook.com\/profile.php?id=100008943462799","https:\/\/x.com\/bellunopress","https:\/\/www.linkedin.com\/hp\/?dnr=JBzUWaJfMUw8vbXJJ2tVW5-I3jZKvC4wsoxE&amp;amp;amp;amp;amp;amp;trk=nav_responsive_tab_home","https:\/\/www.youtube.com\/channel\/UCxL0wu1uN0_3_7hGG0306cw"]},{"@type":"Person","@id":"https:\/\/www.bellunopress.it\/#\/schema\/person\/79bb06722b37ece1c03d3e94beb30d73","name":"r\u00e9daction","image":{"@type":"ImageObject","inLanguage":"fr-FR","@id":"https:\/\/secure.gravatar.com\/avatar\/37d968a2e67a6fd04c169c4bdef102d0bc5d31b2546345219e348575eb80e9a0?s=96&d=mm&r=g","url":"https:\/\/secure.gravatar.com\/avatar\/37d968a2e67a6fd04c169c4bdef102d0bc5d31b2546345219e348575eb80e9a0?s=96&d=mm&r=g","contentUrl":"https:\/\/secure.gravatar.com\/avatar\/37d968a2e67a6fd04c169c4bdef102d0bc5d31b2546345219e348575eb80e9a0?s=96&d=mm&r=g","caption":"redazione"},"sameAs":["http:\/\/www.bellunopress.it","https:\/\/x.com\/bellunopress"],"url":"https:\/\/www.bellunopress.it\/fr\/author\/redazione\/"}]}},"_links":{"self":[{"href":"https:\/\/www.bellunopress.it\/fr\/wp-json\/wp\/v2\/posts\/109918","targetHints":{"allow":["GET"]}}],"collection":[{"href":"https:\/\/www.bellunopress.it\/fr\/wp-json\/wp\/v2\/posts"}],"about":[{"href":"https:\/\/www.bellunopress.it\/fr\/wp-json\/wp\/v2\/types\/post"}],"author":[{"embeddable":true,"href":"https:\/\/www.bellunopress.it\/fr\/wp-json\/wp\/v2\/users\/2"}],"replies":[{"embeddable":true,"href":"https:\/\/www.bellunopress.it\/fr\/wp-json\/wp\/v2\/comments?post=109918"}],"version-history":[{"count":1,"href":"https:\/\/www.bellunopress.it\/fr\/wp-json\/wp\/v2\/posts\/109918\/revisions"}],"predecessor-version":[{"id":109919,"href":"https:\/\/www.bellunopress.it\/fr\/wp-json\/wp\/v2\/posts\/109918\/revisions\/109919"}],"wp:attachment":[{"href":"https:\/\/www.bellunopress.it\/fr\/wp-json\/wp\/v2\/media?parent=109918"}],"wp:term":[{"taxonomy":"category","embeddable":true,"href":"https:\/\/www.bellunopress.it\/fr\/wp-json\/wp\/v2\/categories?post=109918"},{"taxonomy":"post_tag","embeddable":true,"href":"https:\/\/www.bellunopress.it\/fr\/wp-json\/wp\/v2\/tags?post=109918"}],"curies":[{"name":"wp","href":"https:\/\/api.w.org\/{rel}","templated":true}]}}