{"id":109914,"date":"2019-11-25T18:32:09","date_gmt":"2019-11-25T17:32:09","guid":{"rendered":"http:\/\/www.bellunopress.it\/?p=109914"},"modified":"2019-11-25T18:32:10","modified_gmt":"2019-11-25T17:32:10","slug":"domenica-la-rassegna-di-magia-e-giocoleria-al-teatro-dellasilo-san-gaetano-di-castion","status":"publish","type":"post","link":"https:\/\/www.bellunopress.it\/fr\/2019\/11\/25\/domenica-la-rassegna-di-magia-e-giocoleria-al-teatro-dellasilo-san-gaetano-di-castion\/","title":{"rendered":"Domenica la rassegna di magia e giocoleria al Teatro dell&#8217;Asilo San Gaetano di Castion"},"content":{"rendered":"<p>Dopo il successo e l&#8217;entusiasmo suscitato dal Mago Fedele e dai Clown Bo e Cirillo sar\u00e0 la volta dei &#8220;Giocolieri di Castion&#8221; che nell&#8217;ambito della rassegna teatrale di &#8220;Magicoleria&#8221; porteranno in scena il nuovo spettacolo &#8220;Colpi d&#8217;aria&#8221; per la regia di Oreste Sabadin.<\/p>\n<p><a href=\"http:\/\/www.bellunopress.it\/fr\/2019\/11\/25\/domenica-la-rassegna-di-magia-e-giocoleria-al-teatro-dellasilo-san-gaetano-di-castion\/giocolieri-castion\/\" rel=\"attachment wp-att-109915\"><img loading=\"lazy\" decoding=\"async\" class=\"alignleft size-full wp-image-109915\" src=\"http:\/\/www.bellunopress.it\/wp-content\/uploads\/2019\/11\/giocolieri-castion.jpg\" alt=\"\" width=\"300\" height=\"213\" \/><\/a>L&#8217;appuntamento \u00e8 fissato per domenica 01 dicembre alle ore 18:00 presso il Teatro dell&#8217;Asilo San Gaetano di Castion (Belluno).<br \/>\nI Giocolieri di Castion sono un gruppo di giovanissimi artisti. I pi\u00f9 vecchi, per cos\u00ec dire, hanno 14 anni e i pi\u00f9 giovani 10. Si sono appassionati all&#8217;arte della giocoleria grazie ai corsi promossi dal Comitato Genitori delle scuole di Castion ed hanno poi coltivato la loro passione seguiti dal maestro giocoliere Fabio Ganz. Si sono pi\u00f9 volte esibiti nelle frazioni castionesi e in citt\u00e0 ed ora, grazie al lavoro proposto dal regista Oreste Sabadin, presenteranno uno spettacolo di &#8220;giocoleria teatrale&#8221; un genere decisamente insolito. La sfida sar\u00e0 impegnativa: traiettorie, lanci, ritmi musicali e fantasiosi dialoghi accompagneranno il pubblico in una strana dimensione, la dimensione della &#8220;Magicoleria&#8221; che solo al teatro di Castion si pu\u00f2 realizzare.<\/p>","protected":false},"excerpt":{"rendered":"<p>Dopo il successo e l&#8217;entusiasmo suscitato dal Mago Fedele e dai Clown Bo e Cirillo sar\u00e0 la volta dei &#8220;Giocolieri di Castion&#8221; che nell&#8217;ambito della rassegna teatrale di &#8220;Magicoleria&#8221; porteranno in scena il nuovo spettacolo &#8220;Colpi d&#8217;aria&#8221; per la regia di Oreste Sabadin. L&#8217;appuntamento \u00e8 fissato per domenica 01 dicembre alle ore 18:00 presso il [&hellip;]<\/p>\n","protected":false},"author":2,"featured_media":0,"comment_status":"closed","ping_status":"open","sticky":false,"template":"","format":"standard","meta":{"footnotes":""},"categories":[27,3,25],"tags":[],"class_list":["post-109914","post","type-post","status-publish","format-standard","category-appuntamenti","category-arte-cultura-spettacoli-scienza-archivi","category-pausa-caffe"],"yoast_head":"<!-- This site is optimized with the Yoast SEO plugin v28.4 - https:\/\/yoast.com\/product\/yoast-seo-wordpress\/ -->\n<title>Domenica la rassegna di magia e giocoleria al Teatro dell&#039;Asilo San Gaetano di Castion - Bellunopress - Dolomiti<\/title>\n<meta name=\"robots\" content=\"index, follow, max-snippet:-1, max-image-preview:large, max-video-preview:-1\" \/>\n<link rel=\"canonical\" href=\"https:\/\/www.bellunopress.it\/fr\/2019\/11\/25\/domenica-la-rassegna-di-magia-e-giocoleria-al-teatro-dellasilo-san-gaetano-di-castion\/\" \/>\n<meta property=\"og:locale\" content=\"fr_FR\" \/>\n<meta property=\"og:type\" content=\"article\" \/>\n<meta property=\"og:title\" content=\"Domenica la rassegna di magia e giocoleria al Teatro dell&#039;Asilo San Gaetano di Castion - Bellunopress - Dolomiti\" \/>\n<meta property=\"og:description\" content=\"Dopo il successo e l&#8217;entusiasmo suscitato dal Mago Fedele e dai Clown Bo e Cirillo sar\u00e0 la volta dei &#8220;Giocolieri di Castion&#8221; che nell&#8217;ambito della rassegna teatrale di &#8220;Magicoleria&#8221; porteranno in scena il nuovo spettacolo &#8220;Colpi d&#8217;aria&#8221; per la regia di Oreste Sabadin. L&#8217;appuntamento \u00e8 fissato per domenica 01 dicembre alle ore 18:00 presso il [&hellip;]\" \/>\n<meta property=\"og:url\" content=\"https:\/\/www.bellunopress.it\/fr\/2019\/11\/25\/domenica-la-rassegna-di-magia-e-giocoleria-al-teatro-dellasilo-san-gaetano-di-castion\/\" \/>\n<meta property=\"og:site_name\" content=\"Bellunopress - Dolomiti\" \/>\n<meta property=\"article:publisher\" content=\"https:\/\/www.facebook.com\/profile.php?id=100008943462799\" \/>\n<meta property=\"article:published_time\" content=\"2019-11-25T17:32:09+00:00\" \/>\n<meta property=\"article:modified_time\" content=\"2019-11-25T17:32:10+00:00\" \/>\n<meta property=\"og:image\" content=\"http:\/\/www.bellunopress.it\/wp-content\/uploads\/2019\/11\/giocolieri-castion.jpg\" \/>\n<meta name=\"author\" content=\"redazione\" \/>\n<meta name=\"twitter:card\" content=\"summary_large_image\" \/>\n<meta name=\"twitter:creator\" content=\"@bellunopress\" \/>\n<meta name=\"twitter:site\" content=\"@bellunopress\" \/>\n<meta name=\"twitter:label1\" content=\"Written by\" \/>\n\t<meta name=\"twitter:data1\" content=\"redazione\" \/>\n\t<meta name=\"twitter:label2\" content=\"Est. reading time\" \/>\n\t<meta name=\"twitter:data2\" content=\"1 minute\" \/>\n<script type=\"application\/ld+json\" class=\"yoast-schema-graph\">{\"@context\":\"https:\\\/\\\/schema.org\",\"@graph\":[{\"@type\":\"Article\",\"@id\":\"https:\\\/\\\/www.bellunopress.it\\\/2019\\\/11\\\/25\\\/domenica-la-rassegna-di-magia-e-giocoleria-al-teatro-dellasilo-san-gaetano-di-castion\\\/#article\",\"isPartOf\":{\"@id\":\"https:\\\/\\\/www.bellunopress.it\\\/2019\\\/11\\\/25\\\/domenica-la-rassegna-di-magia-e-giocoleria-al-teatro-dellasilo-san-gaetano-di-castion\\\/\"},\"author\":{\"name\":\"redazione\",\"@id\":\"https:\\\/\\\/www.bellunopress.it\\\/#\\\/schema\\\/person\\\/79bb06722b37ece1c03d3e94beb30d73\"},\"headline\":\"Domenica la rassegna di magia e giocoleria al Teatro dell&#8217;Asilo San Gaetano di Castion\",\"datePublished\":\"2019-11-25T17:32:09+00:00\",\"dateModified\":\"2019-11-25T17:32:10+00:00\",\"mainEntityOfPage\":{\"@id\":\"https:\\\/\\\/www.bellunopress.it\\\/2019\\\/11\\\/25\\\/domenica-la-rassegna-di-magia-e-giocoleria-al-teatro-dellasilo-san-gaetano-di-castion\\\/\"},\"wordCount\":194,\"publisher\":{\"@id\":\"https:\\\/\\\/www.bellunopress.it\\\/#organization\"},\"image\":{\"@id\":\"https:\\\/\\\/www.bellunopress.it\\\/2019\\\/11\\\/25\\\/domenica-la-rassegna-di-magia-e-giocoleria-al-teatro-dellasilo-san-gaetano-di-castion\\\/#primaryimage\"},\"thumbnailUrl\":\"http:\\\/\\\/www.bellunopress.it\\\/wp-content\\\/uploads\\\/2019\\\/11\\\/giocolieri-castion.jpg\",\"articleSection\":[\"Appuntamenti, Eventi\",\"Arte, Cultura, Spettacoli, Scienza\",\"Pausa Caff\u00e8\"],\"inLanguage\":\"fr-FR\"},{\"@type\":\"WebPage\",\"@id\":\"https:\\\/\\\/www.bellunopress.it\\\/2019\\\/11\\\/25\\\/domenica-la-rassegna-di-magia-e-giocoleria-al-teatro-dellasilo-san-gaetano-di-castion\\\/\",\"url\":\"https:\\\/\\\/www.bellunopress.it\\\/2019\\\/11\\\/25\\\/domenica-la-rassegna-di-magia-e-giocoleria-al-teatro-dellasilo-san-gaetano-di-castion\\\/\",\"name\":\"Domenica la rassegna di magia e giocoleria al Teatro dell'Asilo San Gaetano di Castion - Bellunopress - Dolomiti\",\"isPartOf\":{\"@id\":\"https:\\\/\\\/www.bellunopress.it\\\/#website\"},\"primaryImageOfPage\":{\"@id\":\"https:\\\/\\\/www.bellunopress.it\\\/2019\\\/11\\\/25\\\/domenica-la-rassegna-di-magia-e-giocoleria-al-teatro-dellasilo-san-gaetano-di-castion\\\/#primaryimage\"},\"image\":{\"@id\":\"https:\\\/\\\/www.bellunopress.it\\\/2019\\\/11\\\/25\\\/domenica-la-rassegna-di-magia-e-giocoleria-al-teatro-dellasilo-san-gaetano-di-castion\\\/#primaryimage\"},\"thumbnailUrl\":\"http:\\\/\\\/www.bellunopress.it\\\/wp-content\\\/uploads\\\/2019\\\/11\\\/giocolieri-castion.jpg\",\"datePublished\":\"2019-11-25T17:32:09+00:00\",\"dateModified\":\"2019-11-25T17:32:10+00:00\",\"breadcrumb\":{\"@id\":\"https:\\\/\\\/www.bellunopress.it\\\/2019\\\/11\\\/25\\\/domenica-la-rassegna-di-magia-e-giocoleria-al-teatro-dellasilo-san-gaetano-di-castion\\\/#breadcrumb\"},\"inLanguage\":\"fr-FR\",\"potentialAction\":[{\"@type\":\"ReadAction\",\"target\":[\"https:\\\/\\\/www.bellunopress.it\\\/2019\\\/11\\\/25\\\/domenica-la-rassegna-di-magia-e-giocoleria-al-teatro-dellasilo-san-gaetano-di-castion\\\/\"]}]},{\"@type\":\"ImageObject\",\"inLanguage\":\"fr-FR\",\"@id\":\"https:\\\/\\\/www.bellunopress.it\\\/2019\\\/11\\\/25\\\/domenica-la-rassegna-di-magia-e-giocoleria-al-teatro-dellasilo-san-gaetano-di-castion\\\/#primaryimage\",\"url\":\"http:\\\/\\\/www.bellunopress.it\\\/wp-content\\\/uploads\\\/2019\\\/11\\\/giocolieri-castion.jpg\",\"contentUrl\":\"http:\\\/\\\/www.bellunopress.it\\\/wp-content\\\/uploads\\\/2019\\\/11\\\/giocolieri-castion.jpg\"},{\"@type\":\"BreadcrumbList\",\"@id\":\"https:\\\/\\\/www.bellunopress.it\\\/2019\\\/11\\\/25\\\/domenica-la-rassegna-di-magia-e-giocoleria-al-teatro-dellasilo-san-gaetano-di-castion\\\/#breadcrumb\",\"itemListElement\":[{\"@type\":\"ListItem\",\"position\":1,\"name\":\"Home\",\"item\":\"https:\\\/\\\/www.bellunopress.it\\\/\"},{\"@type\":\"ListItem\",\"position\":2,\"name\":\"Domenica la rassegna di magia e giocoleria al Teatro dell&#8217;Asilo San Gaetano di Castion\"}]},{\"@type\":\"WebSite\",\"@id\":\"https:\\\/\\\/www.bellunopress.it\\\/#website\",\"url\":\"https:\\\/\\\/www.bellunopress.it\\\/\",\"name\":\"Bellunopress - Dolomiti\",\"description\":\"e-mail: redazione@bellunopress.it\",\"publisher\":{\"@id\":\"https:\\\/\\\/www.bellunopress.it\\\/#organization\"},\"potentialAction\":[{\"@type\":\"SearchAction\",\"target\":{\"@type\":\"EntryPoint\",\"urlTemplate\":\"https:\\\/\\\/www.bellunopress.it\\\/?s={search_term_string}\"},\"query-input\":{\"@type\":\"PropertyValueSpecification\",\"valueRequired\":true,\"valueName\":\"search_term_string\"}}],\"inLanguage\":\"fr-FR\"},{\"@type\":\"Organization\",\"@id\":\"https:\\\/\\\/www.bellunopress.it\\\/#organization\",\"name\":\"Bellunopress\",\"url\":\"https:\\\/\\\/www.bellunopress.it\\\/\",\"logo\":{\"@type\":\"ImageObject\",\"inLanguage\":\"fr-FR\",\"@id\":\"https:\\\/\\\/www.bellunopress.it\\\/#\\\/schema\\\/logo\\\/image\\\/\",\"url\":\"https:\\\/\\\/www.bellunopress.it\\\/wp-content\\\/uploads\\\/2011\\\/05\\\/cropped-logo-bellunopress-.jpg\",\"contentUrl\":\"https:\\\/\\\/www.bellunopress.it\\\/wp-content\\\/uploads\\\/2011\\\/05\\\/cropped-logo-bellunopress-.jpg\",\"width\":512,\"height\":512,\"caption\":\"Bellunopress\"},\"image\":{\"@id\":\"https:\\\/\\\/www.bellunopress.it\\\/#\\\/schema\\\/logo\\\/image\\\/\"},\"sameAs\":[\"https:\\\/\\\/www.facebook.com\\\/profile.php?id=100008943462799\",\"https:\\\/\\\/x.com\\\/bellunopress\",\"https:\\\/\\\/www.linkedin.com\\\/hp\\\/?dnr=JBzUWaJfMUw8vbXJJ2tVW5-I3jZKvC4wsoxE&amp;amp;amp;amp;amp;amp;trk=nav_responsive_tab_home\",\"https:\\\/\\\/www.youtube.com\\\/channel\\\/UCxL0wu1uN0_3_7hGG0306cw\"]},{\"@type\":\"Person\",\"@id\":\"https:\\\/\\\/www.bellunopress.it\\\/#\\\/schema\\\/person\\\/79bb06722b37ece1c03d3e94beb30d73\",\"name\":\"redazione\",\"image\":{\"@type\":\"ImageObject\",\"inLanguage\":\"fr-FR\",\"@id\":\"https:\\\/\\\/secure.gravatar.com\\\/avatar\\\/37d968a2e67a6fd04c169c4bdef102d0bc5d31b2546345219e348575eb80e9a0?s=96&d=mm&r=g\",\"url\":\"https:\\\/\\\/secure.gravatar.com\\\/avatar\\\/37d968a2e67a6fd04c169c4bdef102d0bc5d31b2546345219e348575eb80e9a0?s=96&d=mm&r=g\",\"contentUrl\":\"https:\\\/\\\/secure.gravatar.com\\\/avatar\\\/37d968a2e67a6fd04c169c4bdef102d0bc5d31b2546345219e348575eb80e9a0?s=96&d=mm&r=g\",\"caption\":\"redazione\"},\"sameAs\":[\"http:\\\/\\\/www.bellunopress.it\",\"https:\\\/\\\/x.com\\\/bellunopress\"],\"url\":\"https:\\\/\\\/www.bellunopress.it\\\/fr\\\/author\\\/redazione\\\/\"}]}<\/script>\n<!-- \/ Yoast SEO plugin. -->","yoast_head_json":{"title":"Domenica la rassegna di magia e giocoleria al Teatro dell'Asilo San Gaetano di Castion - Bellunopress - Dolomiti","robots":{"index":"index","follow":"follow","max-snippet":"max-snippet:-1","max-image-preview":"max-image-preview:large","max-video-preview":"max-video-preview:-1"},"canonical":"https:\/\/www.bellunopress.it\/fr\/2019\/11\/25\/domenica-la-rassegna-di-magia-e-giocoleria-al-teatro-dellasilo-san-gaetano-di-castion\/","og_locale":"fr_FR","og_type":"article","og_title":"Domenica la rassegna di magia e giocoleria al Teatro dell'Asilo San Gaetano di Castion - Bellunopress - Dolomiti","og_description":"Dopo il successo e l&#8217;entusiasmo suscitato dal Mago Fedele e dai Clown Bo e Cirillo sar\u00e0 la volta dei &#8220;Giocolieri di Castion&#8221; che nell&#8217;ambito della rassegna teatrale di &#8220;Magicoleria&#8221; porteranno in scena il nuovo spettacolo &#8220;Colpi d&#8217;aria&#8221; per la regia di Oreste Sabadin. L&#8217;appuntamento \u00e8 fissato per domenica 01 dicembre alle ore 18:00 presso il [&hellip;]","og_url":"https:\/\/www.bellunopress.it\/fr\/2019\/11\/25\/domenica-la-rassegna-di-magia-e-giocoleria-al-teatro-dellasilo-san-gaetano-di-castion\/","og_site_name":"Bellunopress - Dolomiti","article_publisher":"https:\/\/www.facebook.com\/profile.php?id=100008943462799","article_published_time":"2019-11-25T17:32:09+00:00","article_modified_time":"2019-11-25T17:32:10+00:00","og_image":[{"url":"http:\/\/www.bellunopress.it\/wp-content\/uploads\/2019\/11\/giocolieri-castion.jpg","type":"","width":"","height":""}],"author":"redazione","twitter_card":"summary_large_image","twitter_creator":"@bellunopress","twitter_site":"@bellunopress","twitter_misc":{"Written by":"redazione","Est. reading time":"1 minute"},"schema":{"@context":"https:\/\/schema.org","@graph":[{"@type":"Article","@id":"https:\/\/www.bellunopress.it\/2019\/11\/25\/domenica-la-rassegna-di-magia-e-giocoleria-al-teatro-dellasilo-san-gaetano-di-castion\/#article","isPartOf":{"@id":"https:\/\/www.bellunopress.it\/2019\/11\/25\/domenica-la-rassegna-di-magia-e-giocoleria-al-teatro-dellasilo-san-gaetano-di-castion\/"},"author":{"name":"redazione","@id":"https:\/\/www.bellunopress.it\/#\/schema\/person\/79bb06722b37ece1c03d3e94beb30d73"},"headline":"Domenica la rassegna di magia e giocoleria al Teatro dell&#8217;Asilo San Gaetano di Castion","datePublished":"2019-11-25T17:32:09+00:00","dateModified":"2019-11-25T17:32:10+00:00","mainEntityOfPage":{"@id":"https:\/\/www.bellunopress.it\/2019\/11\/25\/domenica-la-rassegna-di-magia-e-giocoleria-al-teatro-dellasilo-san-gaetano-di-castion\/"},"wordCount":194,"publisher":{"@id":"https:\/\/www.bellunopress.it\/#organization"},"image":{"@id":"https:\/\/www.bellunopress.it\/2019\/11\/25\/domenica-la-rassegna-di-magia-e-giocoleria-al-teatro-dellasilo-san-gaetano-di-castion\/#primaryimage"},"thumbnailUrl":"http:\/\/www.bellunopress.it\/wp-content\/uploads\/2019\/11\/giocolieri-castion.jpg","articleSection":["Appuntamenti, Eventi","Arte, Cultura, Spettacoli, Scienza","Pausa Caff\u00e8"],"inLanguage":"fr-FR"},{"@type":"WebPage","@id":"https:\/\/www.bellunopress.it\/2019\/11\/25\/domenica-la-rassegna-di-magia-e-giocoleria-al-teatro-dellasilo-san-gaetano-di-castion\/","url":"https:\/\/www.bellunopress.it\/2019\/11\/25\/domenica-la-rassegna-di-magia-e-giocoleria-al-teatro-dellasilo-san-gaetano-di-castion\/","name":"Domenica la rassegna di magia e giocoleria al Teatro dell'Asilo San Gaetano di Castion - Bellunopress - Dolomiti","isPartOf":{"@id":"https:\/\/www.bellunopress.it\/#website"},"primaryImageOfPage":{"@id":"https:\/\/www.bellunopress.it\/2019\/11\/25\/domenica-la-rassegna-di-magia-e-giocoleria-al-teatro-dellasilo-san-gaetano-di-castion\/#primaryimage"},"image":{"@id":"https:\/\/www.bellunopress.it\/2019\/11\/25\/domenica-la-rassegna-di-magia-e-giocoleria-al-teatro-dellasilo-san-gaetano-di-castion\/#primaryimage"},"thumbnailUrl":"http:\/\/www.bellunopress.it\/wp-content\/uploads\/2019\/11\/giocolieri-castion.jpg","datePublished":"2019-11-25T17:32:09+00:00","dateModified":"2019-11-25T17:32:10+00:00","breadcrumb":{"@id":"https:\/\/www.bellunopress.it\/2019\/11\/25\/domenica-la-rassegna-di-magia-e-giocoleria-al-teatro-dellasilo-san-gaetano-di-castion\/#breadcrumb"},"inLanguage":"fr-FR","potentialAction":[{"@type":"ReadAction","target":["https:\/\/www.bellunopress.it\/2019\/11\/25\/domenica-la-rassegna-di-magia-e-giocoleria-al-teatro-dellasilo-san-gaetano-di-castion\/"]}]},{"@type":"ImageObject","inLanguage":"fr-FR","@id":"https:\/\/www.bellunopress.it\/2019\/11\/25\/domenica-la-rassegna-di-magia-e-giocoleria-al-teatro-dellasilo-san-gaetano-di-castion\/#primaryimage","url":"http:\/\/www.bellunopress.it\/wp-content\/uploads\/2019\/11\/giocolieri-castion.jpg","contentUrl":"http:\/\/www.bellunopress.it\/wp-content\/uploads\/2019\/11\/giocolieri-castion.jpg"},{"@type":"BreadcrumbList","@id":"https:\/\/www.bellunopress.it\/2019\/11\/25\/domenica-la-rassegna-di-magia-e-giocoleria-al-teatro-dellasilo-san-gaetano-di-castion\/#breadcrumb","itemListElement":[{"@type":"ListItem","position":1,"name":"Home","item":"https:\/\/www.bellunopress.it\/"},{"@type":"ListItem","position":2,"name":"Domenica la rassegna di magia e giocoleria al Teatro dell&#8217;Asilo San Gaetano di Castion"}]},{"@type":"WebSite","@id":"https:\/\/www.bellunopress.it\/#website","url":"https:\/\/www.bellunopress.it\/","name":"Bellunopress - Dolomiti","description":"e-mail: redazione@bellunopress.it","publisher":{"@id":"https:\/\/www.bellunopress.it\/#organization"},"potentialAction":[{"@type":"SearchAction","target":{"@type":"EntryPoint","urlTemplate":"https:\/\/www.bellunopress.it\/?s={search_term_string}"},"query-input":{"@type":"PropertyValueSpecification","valueRequired":true,"valueName":"search_term_string"}}],"inLanguage":"fr-FR"},{"@type":"Organization","@id":"https:\/\/www.bellunopress.it\/#organization","name":"Bellunopress","url":"https:\/\/www.bellunopress.it\/","logo":{"@type":"ImageObject","inLanguage":"fr-FR","@id":"https:\/\/www.bellunopress.it\/#\/schema\/logo\/image\/","url":"https:\/\/www.bellunopress.it\/wp-content\/uploads\/2011\/05\/cropped-logo-bellunopress-.jpg","contentUrl":"https:\/\/www.bellunopress.it\/wp-content\/uploads\/2011\/05\/cropped-logo-bellunopress-.jpg","width":512,"height":512,"caption":"Bellunopress"},"image":{"@id":"https:\/\/www.bellunopress.it\/#\/schema\/logo\/image\/"},"sameAs":["https:\/\/www.facebook.com\/profile.php?id=100008943462799","https:\/\/x.com\/bellunopress","https:\/\/www.linkedin.com\/hp\/?dnr=JBzUWaJfMUw8vbXJJ2tVW5-I3jZKvC4wsoxE&amp;amp;amp;amp;amp;amp;trk=nav_responsive_tab_home","https:\/\/www.youtube.com\/channel\/UCxL0wu1uN0_3_7hGG0306cw"]},{"@type":"Person","@id":"https:\/\/www.bellunopress.it\/#\/schema\/person\/79bb06722b37ece1c03d3e94beb30d73","name":"r\u00e9daction","image":{"@type":"ImageObject","inLanguage":"fr-FR","@id":"https:\/\/secure.gravatar.com\/avatar\/37d968a2e67a6fd04c169c4bdef102d0bc5d31b2546345219e348575eb80e9a0?s=96&d=mm&r=g","url":"https:\/\/secure.gravatar.com\/avatar\/37d968a2e67a6fd04c169c4bdef102d0bc5d31b2546345219e348575eb80e9a0?s=96&d=mm&r=g","contentUrl":"https:\/\/secure.gravatar.com\/avatar\/37d968a2e67a6fd04c169c4bdef102d0bc5d31b2546345219e348575eb80e9a0?s=96&d=mm&r=g","caption":"redazione"},"sameAs":["http:\/\/www.bellunopress.it","https:\/\/x.com\/bellunopress"],"url":"https:\/\/www.bellunopress.it\/fr\/author\/redazione\/"}]}},"_links":{"self":[{"href":"https:\/\/www.bellunopress.it\/fr\/wp-json\/wp\/v2\/posts\/109914","targetHints":{"allow":["GET"]}}],"collection":[{"href":"https:\/\/www.bellunopress.it\/fr\/wp-json\/wp\/v2\/posts"}],"about":[{"href":"https:\/\/www.bellunopress.it\/fr\/wp-json\/wp\/v2\/types\/post"}],"author":[{"embeddable":true,"href":"https:\/\/www.bellunopress.it\/fr\/wp-json\/wp\/v2\/users\/2"}],"replies":[{"embeddable":true,"href":"https:\/\/www.bellunopress.it\/fr\/wp-json\/wp\/v2\/comments?post=109914"}],"version-history":[{"count":2,"href":"https:\/\/www.bellunopress.it\/fr\/wp-json\/wp\/v2\/posts\/109914\/revisions"}],"predecessor-version":[{"id":109917,"href":"https:\/\/www.bellunopress.it\/fr\/wp-json\/wp\/v2\/posts\/109914\/revisions\/109917"}],"wp:attachment":[{"href":"https:\/\/www.bellunopress.it\/fr\/wp-json\/wp\/v2\/media?parent=109914"}],"wp:term":[{"taxonomy":"category","embeddable":true,"href":"https:\/\/www.bellunopress.it\/fr\/wp-json\/wp\/v2\/categories?post=109914"},{"taxonomy":"post_tag","embeddable":true,"href":"https:\/\/www.bellunopress.it\/fr\/wp-json\/wp\/v2\/tags?post=109914"}],"curies":[{"name":"wp","href":"https:\/\/api.w.org\/{rel}","templated":true}]}}