{"id":109912,"date":"2019-11-25T17:40:22","date_gmt":"2019-11-25T16:40:22","guid":{"rendered":"http:\/\/www.bellunopress.it\/?p=109912"},"modified":"2019-11-25T17:40:22","modified_gmt":"2019-11-25T16:40:22","slug":"cortina-2021-la-regina-delle-dolomiti-ottiene-la-certificazione-di-conformita-allo-standard-internazionale","status":"publish","type":"post","link":"https:\/\/www.bellunopress.it\/fr\/2019\/11\/25\/cortina-2021-la-regina-delle-dolomiti-ottiene-la-certificazione-di-conformita-allo-standard-internazionale\/","title":{"rendered":"Cortina 2021. La Regina delle Dolomiti ottiene la certificazione di conformit\u00e0 allo standard internazionale"},"content":{"rendered":"<p><a href=\"http:\/\/www.bellunopress.it\/fr\/2016\/11\/04\/cortina-2021-fondazione-cortina-e-certa-del-sostegno-delle-istituzioni-e-dei-privati\/cortina-2021-3\/\" rel=\"attachment wp-att-81935\"><img loading=\"lazy\" decoding=\"async\" class=\"alignleft size-full wp-image-81935\" src=\"http:\/\/www.bellunopress.it\/wp-content\/uploads\/2016\/11\/cortina-2021.jpg\" alt=\"\" width=\"190\" height=\"127\" \/><\/a>Rilasciata da DNV GL la certificazione di conformit\u00e0 allo standard internazionale ISO 20121:2012 del Sistema di Gestione Sostenibile dell&#8217;evento Finali 2020 e Campionati del Mondo di Sci alpino 2021<\/p>\n<p>DNV GL, ente di certificazione internazionale ha rilasciato a Fondazione Cortina 2021 la certificazione di conformit\u00e0 allo standard internazionale ISO 20121:2012 per il Sistema di gestione sostenibile delle attivit\u00e0 di pianificazione e organizzazione delle Finali di Coppa del Mondo di sci alpino 2020 e dei Campionati del Mondo di sci alpino che si terranno a Cortina d&#8217;Ampezzo rispettivamente dal 18 al 22 marzo 2020 e dall&#8217;8 al 21 febbraio 2021.<\/p>\n<p>I mondiali di Cortina avranno luogo in uno dei siti UNESCO patrimonio dell&#8217;umanit\u00e0: le Dolomiti. L&#8217;obiettivo di questo percorso certificato verso la sostenibilit\u00e0 \u00e8 quello di realizzare un evento di portata internazionale a basso impatto ambientale e ad alto valore per tutti gli attori coinvolti. A partire dagli atleti, passando per la comunit\u00e0 fino alle generazioni future. Durante i 14 giorni di evento, i campioni di sci provenienti da 70 nazioni si contenderanno i 13 titoli iridati di discesa libera, superG, gigante, slalom, combinata alpina, team event e, per la prima volta, di parallelo individuale.<\/p>\n<p>Come fatto gi\u00e0 da Expo Milano 2015 e dalle Olimpiadi di Londra del 2012, un altro nuovo grande evento di rilevanza internazionale ha sviluppato un sistema formalizzato e riconoscibile di analisi e gestione dei temi legati alla sostenibilit\u00e0. Questo a dimostrazione di come, sempre di pi\u00f9, la sostenibilit\u00e0 occupi un posto centrale anche nei grandi eventi. Ogni fase dell&#8217;organizzazione dei Campionati del Mondo Cortina 2021 \u2013 dall&#8217;ideazione ai report post-evento \u2013 \u00e8 stata improntata per soddisfare i criteri dello standard di certificazione internazionale ISO 20121:2012 per la gestione degli eventi sostenibili.<\/p>\n<p>Nel concreto si va dalla progettazione e realizzazione dei lavori per la finish area e i bypass stradali, alla scelta dei fornitori; dalla differenziazione dei rifiuti e la produzione della neve, fino alla preparazione della pista; per chiudere, infine, con la comunicazione ambientale e sociale rivolta al pubblico.<\/p>\n<p>&#8220;Siamo orgogliosi di questo risultato; l&#8217;ecosostenibilit\u00e0 e il rispetto dell&#8217;ambiente sono due dei pilastri su cui si fondano gli sforzi e le attivit\u00e0 di Fondazione Cortina 2021. L&#8217;obiettivo \u00e8 quello di portare benefici a lungo termine all&#8217;intera comunit\u00e0, sia in termine di opere, sia di impatto ambientale e sociale sulla comunit\u00e0&#8221;, commenta Valerio Giacobbi, Amministratore Delegato di Fondazione Cortina 2021. &#8220;Cortina 2021 \u00e8 anche un&#8217;importante occasione per raccogliere esperienze, lavorare sulle giuste pratiche della sostenibilit\u00e0 e diventare cos\u00ec un modello di riferimento per i prossimi grandi eventi invernali.&#8221;<\/p>\n<p>&#8220;Si tratta di una sfida importante quella della gestione sostenibile di un evento. Fondazione Cortina 2021 ha deciso di concretizzare i percorsi corali e i progetti congiunti con i Partner, con le istituzioni pubbliche e le associazioni territoriali che lavorano nella loro stessa direzione. Il risultato ottenuto testimonia l&#8217;impegno profuso da tutte le persone che hanno attivamente partecipato al progetto, e si sono fatte protagoniste di un approccio lungimirante e concreto che vede nella sostenibilit\u00e0 un punto fondamentale per il successo&#8221;, ha dichiarato Stefano Crea, Regional Manager Southern Europe &amp; Africa, di DNV GL \u2013 Business Assurance.<\/p>","protected":false},"excerpt":{"rendered":"<p>Rilasciata da DNV GL la certificazione di conformit\u00e0 allo standard internazionale ISO 20121:2012 del Sistema di Gestione Sostenibile dell&#8217;evento Finali 2020 e Campionati del Mondo di Sci alpino 2021 DNV GL, ente di certificazione internazionale ha rilasciato a Fondazione Cortina 2021 la certificazione di conformit\u00e0 allo standard internazionale ISO 20121:2012 per il Sistema di gestione [&hellip;]<\/p>\n","protected":false},"author":2,"featured_media":0,"comment_status":"closed","ping_status":"open","sticky":false,"template":"","format":"standard","meta":{"footnotes":""},"categories":[26,8,4],"tags":[],"class_list":["post-109912","post","type-post","status-publish","format-standard","category-prima-pagina","category-societa-istituzioni","category-sport"],"yoast_head":"<!-- This site is optimized with the Yoast SEO plugin v28.4 - https:\/\/yoast.com\/product\/yoast-seo-wordpress\/ -->\n<title>Cortina 2021. La Regina delle Dolomiti ottiene la certificazione di conformit\u00e0 allo standard internazionale - Bellunopress - Dolomiti<\/title>\n<meta name=\"robots\" content=\"index, follow, max-snippet:-1, max-image-preview:large, max-video-preview:-1\" \/>\n<link rel=\"canonical\" href=\"https:\/\/www.bellunopress.it\/fr\/2019\/11\/25\/cortina-2021-la-regina-delle-dolomiti-ottiene-la-certificazione-di-conformita-allo-standard-internazionale\/\" \/>\n<meta property=\"og:locale\" content=\"fr_FR\" \/>\n<meta property=\"og:type\" content=\"article\" \/>\n<meta property=\"og:title\" content=\"Cortina 2021. La Regina delle Dolomiti ottiene la certificazione di conformit\u00e0 allo standard internazionale - Bellunopress - Dolomiti\" \/>\n<meta property=\"og:description\" content=\"Rilasciata da DNV GL la certificazione di conformit\u00e0 allo standard internazionale ISO 20121:2012 del Sistema di Gestione Sostenibile dell&#8217;evento Finali 2020 e Campionati del Mondo di Sci alpino 2021 DNV GL, ente di certificazione internazionale ha rilasciato a Fondazione Cortina 2021 la certificazione di conformit\u00e0 allo standard internazionale ISO 20121:2012 per il Sistema di gestione [&hellip;]\" \/>\n<meta property=\"og:url\" content=\"https:\/\/www.bellunopress.it\/fr\/2019\/11\/25\/cortina-2021-la-regina-delle-dolomiti-ottiene-la-certificazione-di-conformita-allo-standard-internazionale\/\" \/>\n<meta property=\"og:site_name\" content=\"Bellunopress - Dolomiti\" \/>\n<meta property=\"article:publisher\" content=\"https:\/\/www.facebook.com\/profile.php?id=100008943462799\" \/>\n<meta property=\"article:published_time\" content=\"2019-11-25T16:40:22+00:00\" \/>\n<meta property=\"og:image\" content=\"http:\/\/www.bellunopress.it\/wp-content\/uploads\/2016\/11\/cortina-2021.jpg\" \/>\n<meta name=\"author\" content=\"redazione\" \/>\n<meta name=\"twitter:card\" content=\"summary_large_image\" \/>\n<meta name=\"twitter:creator\" content=\"@bellunopress\" \/>\n<meta name=\"twitter:site\" content=\"@bellunopress\" \/>\n<meta name=\"twitter:label1\" content=\"\u00c9crit par\" \/>\n\t<meta name=\"twitter:data1\" content=\"redazione\" \/>\n\t<meta name=\"twitter:label2\" content=\"Dur\u00e9e de lecture estim\u00e9e\" \/>\n\t<meta name=\"twitter:data2\" content=\"2 minutes\" \/>\n<script type=\"application\/ld+json\" class=\"yoast-schema-graph\">{\"@context\":\"https:\\\/\\\/schema.org\",\"@graph\":[{\"@type\":\"Article\",\"@id\":\"https:\\\/\\\/www.bellunopress.it\\\/2019\\\/11\\\/25\\\/cortina-2021-la-regina-delle-dolomiti-ottiene-la-certificazione-di-conformita-allo-standard-internazionale\\\/#article\",\"isPartOf\":{\"@id\":\"https:\\\/\\\/www.bellunopress.it\\\/2019\\\/11\\\/25\\\/cortina-2021-la-regina-delle-dolomiti-ottiene-la-certificazione-di-conformita-allo-standard-internazionale\\\/\"},\"author\":{\"name\":\"redazione\",\"@id\":\"https:\\\/\\\/www.bellunopress.it\\\/#\\\/schema\\\/person\\\/79bb06722b37ece1c03d3e94beb30d73\"},\"headline\":\"Cortina 2021. La Regina delle Dolomiti ottiene la certificazione di conformit\u00e0 allo standard internazionale\",\"datePublished\":\"2019-11-25T16:40:22+00:00\",\"mainEntityOfPage\":{\"@id\":\"https:\\\/\\\/www.bellunopress.it\\\/2019\\\/11\\\/25\\\/cortina-2021-la-regina-delle-dolomiti-ottiene-la-certificazione-di-conformita-allo-standard-internazionale\\\/\"},\"wordCount\":514,\"publisher\":{\"@id\":\"https:\\\/\\\/www.bellunopress.it\\\/#organization\"},\"image\":{\"@id\":\"https:\\\/\\\/www.bellunopress.it\\\/2019\\\/11\\\/25\\\/cortina-2021-la-regina-delle-dolomiti-ottiene-la-certificazione-di-conformita-allo-standard-internazionale\\\/#primaryimage\"},\"thumbnailUrl\":\"http:\\\/\\\/www.bellunopress.it\\\/wp-content\\\/uploads\\\/2016\\\/11\\\/cortina-2021.jpg\",\"articleSection\":[\"Prima Pagina\",\"Societ\u00e0, Associazioni, Istituzioni\",\"Sport, tempo libero\"],\"inLanguage\":\"fr-FR\"},{\"@type\":\"WebPage\",\"@id\":\"https:\\\/\\\/www.bellunopress.it\\\/2019\\\/11\\\/25\\\/cortina-2021-la-regina-delle-dolomiti-ottiene-la-certificazione-di-conformita-allo-standard-internazionale\\\/\",\"url\":\"https:\\\/\\\/www.bellunopress.it\\\/2019\\\/11\\\/25\\\/cortina-2021-la-regina-delle-dolomiti-ottiene-la-certificazione-di-conformita-allo-standard-internazionale\\\/\",\"name\":\"Cortina 2021. La Regina delle Dolomiti ottiene la certificazione di conformit\u00e0 allo standard internazionale - Bellunopress - Dolomiti\",\"isPartOf\":{\"@id\":\"https:\\\/\\\/www.bellunopress.it\\\/#website\"},\"primaryImageOfPage\":{\"@id\":\"https:\\\/\\\/www.bellunopress.it\\\/2019\\\/11\\\/25\\\/cortina-2021-la-regina-delle-dolomiti-ottiene-la-certificazione-di-conformita-allo-standard-internazionale\\\/#primaryimage\"},\"image\":{\"@id\":\"https:\\\/\\\/www.bellunopress.it\\\/2019\\\/11\\\/25\\\/cortina-2021-la-regina-delle-dolomiti-ottiene-la-certificazione-di-conformita-allo-standard-internazionale\\\/#primaryimage\"},\"thumbnailUrl\":\"http:\\\/\\\/www.bellunopress.it\\\/wp-content\\\/uploads\\\/2016\\\/11\\\/cortina-2021.jpg\",\"datePublished\":\"2019-11-25T16:40:22+00:00\",\"breadcrumb\":{\"@id\":\"https:\\\/\\\/www.bellunopress.it\\\/2019\\\/11\\\/25\\\/cortina-2021-la-regina-delle-dolomiti-ottiene-la-certificazione-di-conformita-allo-standard-internazionale\\\/#breadcrumb\"},\"inLanguage\":\"fr-FR\",\"potentialAction\":[{\"@type\":\"ReadAction\",\"target\":[\"https:\\\/\\\/www.bellunopress.it\\\/2019\\\/11\\\/25\\\/cortina-2021-la-regina-delle-dolomiti-ottiene-la-certificazione-di-conformita-allo-standard-internazionale\\\/\"]}]},{\"@type\":\"ImageObject\",\"inLanguage\":\"fr-FR\",\"@id\":\"https:\\\/\\\/www.bellunopress.it\\\/2019\\\/11\\\/25\\\/cortina-2021-la-regina-delle-dolomiti-ottiene-la-certificazione-di-conformita-allo-standard-internazionale\\\/#primaryimage\",\"url\":\"http:\\\/\\\/www.bellunopress.it\\\/wp-content\\\/uploads\\\/2016\\\/11\\\/cortina-2021.jpg\",\"contentUrl\":\"http:\\\/\\\/www.bellunopress.it\\\/wp-content\\\/uploads\\\/2016\\\/11\\\/cortina-2021.jpg\"},{\"@type\":\"BreadcrumbList\",\"@id\":\"https:\\\/\\\/www.bellunopress.it\\\/2019\\\/11\\\/25\\\/cortina-2021-la-regina-delle-dolomiti-ottiene-la-certificazione-di-conformita-allo-standard-internazionale\\\/#breadcrumb\",\"itemListElement\":[{\"@type\":\"ListItem\",\"position\":1,\"name\":\"Home\",\"item\":\"https:\\\/\\\/www.bellunopress.it\\\/\"},{\"@type\":\"ListItem\",\"position\":2,\"name\":\"Cortina 2021. La Regina delle Dolomiti ottiene la certificazione di conformit\u00e0 allo standard internazionale\"}]},{\"@type\":\"WebSite\",\"@id\":\"https:\\\/\\\/www.bellunopress.it\\\/#website\",\"url\":\"https:\\\/\\\/www.bellunopress.it\\\/\",\"name\":\"Bellunopress - Dolomiti\",\"description\":\"e-mail: redazione@bellunopress.it\",\"publisher\":{\"@id\":\"https:\\\/\\\/www.bellunopress.it\\\/#organization\"},\"potentialAction\":[{\"@type\":\"SearchAction\",\"target\":{\"@type\":\"EntryPoint\",\"urlTemplate\":\"https:\\\/\\\/www.bellunopress.it\\\/?s={search_term_string}\"},\"query-input\":{\"@type\":\"PropertyValueSpecification\",\"valueRequired\":true,\"valueName\":\"search_term_string\"}}],\"inLanguage\":\"fr-FR\"},{\"@type\":\"Organization\",\"@id\":\"https:\\\/\\\/www.bellunopress.it\\\/#organization\",\"name\":\"Bellunopress\",\"url\":\"https:\\\/\\\/www.bellunopress.it\\\/\",\"logo\":{\"@type\":\"ImageObject\",\"inLanguage\":\"fr-FR\",\"@id\":\"https:\\\/\\\/www.bellunopress.it\\\/#\\\/schema\\\/logo\\\/image\\\/\",\"url\":\"https:\\\/\\\/www.bellunopress.it\\\/wp-content\\\/uploads\\\/2011\\\/05\\\/cropped-logo-bellunopress-.jpg\",\"contentUrl\":\"https:\\\/\\\/www.bellunopress.it\\\/wp-content\\\/uploads\\\/2011\\\/05\\\/cropped-logo-bellunopress-.jpg\",\"width\":512,\"height\":512,\"caption\":\"Bellunopress\"},\"image\":{\"@id\":\"https:\\\/\\\/www.bellunopress.it\\\/#\\\/schema\\\/logo\\\/image\\\/\"},\"sameAs\":[\"https:\\\/\\\/www.facebook.com\\\/profile.php?id=100008943462799\",\"https:\\\/\\\/x.com\\\/bellunopress\",\"https:\\\/\\\/www.linkedin.com\\\/hp\\\/?dnr=JBzUWaJfMUw8vbXJJ2tVW5-I3jZKvC4wsoxE&amp;amp;amp;amp;amp;amp;trk=nav_responsive_tab_home\",\"https:\\\/\\\/www.youtube.com\\\/channel\\\/UCxL0wu1uN0_3_7hGG0306cw\"]},{\"@type\":\"Person\",\"@id\":\"https:\\\/\\\/www.bellunopress.it\\\/#\\\/schema\\\/person\\\/79bb06722b37ece1c03d3e94beb30d73\",\"name\":\"redazione\",\"image\":{\"@type\":\"ImageObject\",\"inLanguage\":\"fr-FR\",\"@id\":\"https:\\\/\\\/secure.gravatar.com\\\/avatar\\\/37d968a2e67a6fd04c169c4bdef102d0bc5d31b2546345219e348575eb80e9a0?s=96&d=mm&r=g\",\"url\":\"https:\\\/\\\/secure.gravatar.com\\\/avatar\\\/37d968a2e67a6fd04c169c4bdef102d0bc5d31b2546345219e348575eb80e9a0?s=96&d=mm&r=g\",\"contentUrl\":\"https:\\\/\\\/secure.gravatar.com\\\/avatar\\\/37d968a2e67a6fd04c169c4bdef102d0bc5d31b2546345219e348575eb80e9a0?s=96&d=mm&r=g\",\"caption\":\"redazione\"},\"sameAs\":[\"http:\\\/\\\/www.bellunopress.it\",\"https:\\\/\\\/x.com\\\/bellunopress\"],\"url\":\"https:\\\/\\\/www.bellunopress.it\\\/fr\\\/author\\\/redazione\\\/\"}]}<\/script>\n<!-- \/ Yoast SEO plugin. -->","yoast_head_json":{"title":"Cortina 2021. La Regina delle Dolomiti ottiene la certificazione di conformit\u00e0 allo standard internazionale - Bellunopress - Dolomiti","robots":{"index":"index","follow":"follow","max-snippet":"max-snippet:-1","max-image-preview":"max-image-preview:large","max-video-preview":"max-video-preview:-1"},"canonical":"https:\/\/www.bellunopress.it\/fr\/2019\/11\/25\/cortina-2021-la-regina-delle-dolomiti-ottiene-la-certificazione-di-conformita-allo-standard-internazionale\/","og_locale":"fr_FR","og_type":"article","og_title":"Cortina 2021. La Regina delle Dolomiti ottiene la certificazione di conformit\u00e0 allo standard internazionale - Bellunopress - Dolomiti","og_description":"Rilasciata da DNV GL la certificazione di conformit\u00e0 allo standard internazionale ISO 20121:2012 del Sistema di Gestione Sostenibile dell&#8217;evento Finali 2020 e Campionati del Mondo di Sci alpino 2021 DNV GL, ente di certificazione internazionale ha rilasciato a Fondazione Cortina 2021 la certificazione di conformit\u00e0 allo standard internazionale ISO 20121:2012 per il Sistema di gestione [&hellip;]","og_url":"https:\/\/www.bellunopress.it\/fr\/2019\/11\/25\/cortina-2021-la-regina-delle-dolomiti-ottiene-la-certificazione-di-conformita-allo-standard-internazionale\/","og_site_name":"Bellunopress - Dolomiti","article_publisher":"https:\/\/www.facebook.com\/profile.php?id=100008943462799","article_published_time":"2019-11-25T16:40:22+00:00","og_image":[{"url":"http:\/\/www.bellunopress.it\/wp-content\/uploads\/2016\/11\/cortina-2021.jpg","type":"","width":"","height":""}],"author":"redazione","twitter_card":"summary_large_image","twitter_creator":"@bellunopress","twitter_site":"@bellunopress","twitter_misc":{"\u00c9crit par":"redazione","Dur\u00e9e de lecture estim\u00e9e":"2 minutes"},"schema":{"@context":"https:\/\/schema.org","@graph":[{"@type":"Article","@id":"https:\/\/www.bellunopress.it\/2019\/11\/25\/cortina-2021-la-regina-delle-dolomiti-ottiene-la-certificazione-di-conformita-allo-standard-internazionale\/#article","isPartOf":{"@id":"https:\/\/www.bellunopress.it\/2019\/11\/25\/cortina-2021-la-regina-delle-dolomiti-ottiene-la-certificazione-di-conformita-allo-standard-internazionale\/"},"author":{"name":"redazione","@id":"https:\/\/www.bellunopress.it\/#\/schema\/person\/79bb06722b37ece1c03d3e94beb30d73"},"headline":"Cortina 2021. La Regina delle Dolomiti ottiene la certificazione di conformit\u00e0 allo standard internazionale","datePublished":"2019-11-25T16:40:22+00:00","mainEntityOfPage":{"@id":"https:\/\/www.bellunopress.it\/2019\/11\/25\/cortina-2021-la-regina-delle-dolomiti-ottiene-la-certificazione-di-conformita-allo-standard-internazionale\/"},"wordCount":514,"publisher":{"@id":"https:\/\/www.bellunopress.it\/#organization"},"image":{"@id":"https:\/\/www.bellunopress.it\/2019\/11\/25\/cortina-2021-la-regina-delle-dolomiti-ottiene-la-certificazione-di-conformita-allo-standard-internazionale\/#primaryimage"},"thumbnailUrl":"http:\/\/www.bellunopress.it\/wp-content\/uploads\/2016\/11\/cortina-2021.jpg","articleSection":["Prima Pagina","Societ\u00e0, Associazioni, Istituzioni","Sport, tempo libero"],"inLanguage":"fr-FR"},{"@type":"WebPage","@id":"https:\/\/www.bellunopress.it\/2019\/11\/25\/cortina-2021-la-regina-delle-dolomiti-ottiene-la-certificazione-di-conformita-allo-standard-internazionale\/","url":"https:\/\/www.bellunopress.it\/2019\/11\/25\/cortina-2021-la-regina-delle-dolomiti-ottiene-la-certificazione-di-conformita-allo-standard-internazionale\/","name":"Cortina 2021. La Regina delle Dolomiti ottiene la certificazione di conformit\u00e0 allo standard internazionale - Bellunopress - Dolomiti","isPartOf":{"@id":"https:\/\/www.bellunopress.it\/#website"},"primaryImageOfPage":{"@id":"https:\/\/www.bellunopress.it\/2019\/11\/25\/cortina-2021-la-regina-delle-dolomiti-ottiene-la-certificazione-di-conformita-allo-standard-internazionale\/#primaryimage"},"image":{"@id":"https:\/\/www.bellunopress.it\/2019\/11\/25\/cortina-2021-la-regina-delle-dolomiti-ottiene-la-certificazione-di-conformita-allo-standard-internazionale\/#primaryimage"},"thumbnailUrl":"http:\/\/www.bellunopress.it\/wp-content\/uploads\/2016\/11\/cortina-2021.jpg","datePublished":"2019-11-25T16:40:22+00:00","breadcrumb":{"@id":"https:\/\/www.bellunopress.it\/2019\/11\/25\/cortina-2021-la-regina-delle-dolomiti-ottiene-la-certificazione-di-conformita-allo-standard-internazionale\/#breadcrumb"},"inLanguage":"fr-FR","potentialAction":[{"@type":"ReadAction","target":["https:\/\/www.bellunopress.it\/2019\/11\/25\/cortina-2021-la-regina-delle-dolomiti-ottiene-la-certificazione-di-conformita-allo-standard-internazionale\/"]}]},{"@type":"ImageObject","inLanguage":"fr-FR","@id":"https:\/\/www.bellunopress.it\/2019\/11\/25\/cortina-2021-la-regina-delle-dolomiti-ottiene-la-certificazione-di-conformita-allo-standard-internazionale\/#primaryimage","url":"http:\/\/www.bellunopress.it\/wp-content\/uploads\/2016\/11\/cortina-2021.jpg","contentUrl":"http:\/\/www.bellunopress.it\/wp-content\/uploads\/2016\/11\/cortina-2021.jpg"},{"@type":"BreadcrumbList","@id":"https:\/\/www.bellunopress.it\/2019\/11\/25\/cortina-2021-la-regina-delle-dolomiti-ottiene-la-certificazione-di-conformita-allo-standard-internazionale\/#breadcrumb","itemListElement":[{"@type":"ListItem","position":1,"name":"Home","item":"https:\/\/www.bellunopress.it\/"},{"@type":"ListItem","position":2,"name":"Cortina 2021. La Regina delle Dolomiti ottiene la certificazione di conformit\u00e0 allo standard internazionale"}]},{"@type":"WebSite","@id":"https:\/\/www.bellunopress.it\/#website","url":"https:\/\/www.bellunopress.it\/","name":"Bellunopress - Dolomiti","description":"e-mail: redazione@bellunopress.it","publisher":{"@id":"https:\/\/www.bellunopress.it\/#organization"},"potentialAction":[{"@type":"SearchAction","target":{"@type":"EntryPoint","urlTemplate":"https:\/\/www.bellunopress.it\/?s={search_term_string}"},"query-input":{"@type":"PropertyValueSpecification","valueRequired":true,"valueName":"search_term_string"}}],"inLanguage":"fr-FR"},{"@type":"Organization","@id":"https:\/\/www.bellunopress.it\/#organization","name":"Bellunopress","url":"https:\/\/www.bellunopress.it\/","logo":{"@type":"ImageObject","inLanguage":"fr-FR","@id":"https:\/\/www.bellunopress.it\/#\/schema\/logo\/image\/","url":"https:\/\/www.bellunopress.it\/wp-content\/uploads\/2011\/05\/cropped-logo-bellunopress-.jpg","contentUrl":"https:\/\/www.bellunopress.it\/wp-content\/uploads\/2011\/05\/cropped-logo-bellunopress-.jpg","width":512,"height":512,"caption":"Bellunopress"},"image":{"@id":"https:\/\/www.bellunopress.it\/#\/schema\/logo\/image\/"},"sameAs":["https:\/\/www.facebook.com\/profile.php?id=100008943462799","https:\/\/x.com\/bellunopress","https:\/\/www.linkedin.com\/hp\/?dnr=JBzUWaJfMUw8vbXJJ2tVW5-I3jZKvC4wsoxE&amp;amp;amp;amp;amp;amp;trk=nav_responsive_tab_home","https:\/\/www.youtube.com\/channel\/UCxL0wu1uN0_3_7hGG0306cw"]},{"@type":"Person","@id":"https:\/\/www.bellunopress.it\/#\/schema\/person\/79bb06722b37ece1c03d3e94beb30d73","name":"r\u00e9daction","image":{"@type":"ImageObject","inLanguage":"fr-FR","@id":"https:\/\/secure.gravatar.com\/avatar\/37d968a2e67a6fd04c169c4bdef102d0bc5d31b2546345219e348575eb80e9a0?s=96&d=mm&r=g","url":"https:\/\/secure.gravatar.com\/avatar\/37d968a2e67a6fd04c169c4bdef102d0bc5d31b2546345219e348575eb80e9a0?s=96&d=mm&r=g","contentUrl":"https:\/\/secure.gravatar.com\/avatar\/37d968a2e67a6fd04c169c4bdef102d0bc5d31b2546345219e348575eb80e9a0?s=96&d=mm&r=g","caption":"redazione"},"sameAs":["http:\/\/www.bellunopress.it","https:\/\/x.com\/bellunopress"],"url":"https:\/\/www.bellunopress.it\/fr\/author\/redazione\/"}]}},"_links":{"self":[{"href":"https:\/\/www.bellunopress.it\/fr\/wp-json\/wp\/v2\/posts\/109912","targetHints":{"allow":["GET"]}}],"collection":[{"href":"https:\/\/www.bellunopress.it\/fr\/wp-json\/wp\/v2\/posts"}],"about":[{"href":"https:\/\/www.bellunopress.it\/fr\/wp-json\/wp\/v2\/types\/post"}],"author":[{"embeddable":true,"href":"https:\/\/www.bellunopress.it\/fr\/wp-json\/wp\/v2\/users\/2"}],"replies":[{"embeddable":true,"href":"https:\/\/www.bellunopress.it\/fr\/wp-json\/wp\/v2\/comments?post=109912"}],"version-history":[{"count":1,"href":"https:\/\/www.bellunopress.it\/fr\/wp-json\/wp\/v2\/posts\/109912\/revisions"}],"predecessor-version":[{"id":109913,"href":"https:\/\/www.bellunopress.it\/fr\/wp-json\/wp\/v2\/posts\/109912\/revisions\/109913"}],"wp:attachment":[{"href":"https:\/\/www.bellunopress.it\/fr\/wp-json\/wp\/v2\/media?parent=109912"}],"wp:term":[{"taxonomy":"category","embeddable":true,"href":"https:\/\/www.bellunopress.it\/fr\/wp-json\/wp\/v2\/categories?post=109912"},{"taxonomy":"post_tag","embeddable":true,"href":"https:\/\/www.bellunopress.it\/fr\/wp-json\/wp\/v2\/tags?post=109912"}],"curies":[{"name":"wp","href":"https:\/\/api.w.org\/{rel}","templated":true}]}}