{"id":109903,"date":"2019-11-25T14:58:27","date_gmt":"2019-11-25T13:58:27","guid":{"rendered":"http:\/\/www.bellunopress.it\/?p=109903"},"modified":"2019-11-25T14:58:27","modified_gmt":"2019-11-25T13:58:27","slug":"giustizia-di-prossimita-mozione-dei-consiglieri-addamiano-da-pian-e-stella-per-poter-usufruire-della-piu-vicina-sede-di-treviso-dellufficio-interdistrettuale-di-esecuzione-penale-esterna","status":"publish","type":"post","link":"https:\/\/www.bellunopress.it\/fr\/2019\/11\/25\/giustizia-di-prossimita-mozione-dei-consiglieri-addamiano-da-pian-e-stella-per-poter-usufruire-della-piu-vicina-sede-di-treviso-dellufficio-interdistrettuale-di-esecuzione-penale-esterna\/","title":{"rendered":"Giustizia di prossimit\u00e0. Mozione dei consiglieri Addamiano, Da Pian e Stella per poter usufruire della pi\u00f9 vicina sede di Treviso dell\u2019Ufficio Interdistrettuale di Esecuzione Penale Esterna"},"content":{"rendered":"<figure id=\"attachment_108633\" aria-describedby=\"caption-attachment-108633\" style=\"width: 300px\" class=\"wp-caption alignleft\"><a href=\"http:\/\/www.bellunopress.it\/fr\/2019\/10\/10\/la-proposta-del-comune-di-belluno-lassicurazione-di-comunita-massaro-una-polizza-per-furti-e-danni-a-cento-euro-lanno-35-euro-per-solo-furto-e-65-quella-per-danni-atmosferici\/palazzo-rosso-notte\/\" rel=\"attachment wp-att-108633\"><img loading=\"lazy\" decoding=\"async\" class=\"size-full wp-image-108633\" src=\"http:\/\/www.bellunopress.it\/wp-content\/uploads\/2019\/10\/palazzo-rosso-notte.jpg\" alt=\"\" width=\"300\" height=\"226\" \/><\/a><figcaption id=\"caption-attachment-108633\" class=\"wp-caption-text\">Palazzo Rosso, sede dell&#8217;amministrazione comunale di Belluno<\/figcaption><\/figure>\n<p>E&#8217; stata presentata su iniziativa dei consiglieri comunali di Belluno, Raffaele Addamiano (Obiettivo Belluno), Luciano Da Pian e Andrea Stella (Lega per Salvini Premier) una mozione per il prossimo consiglio comunale che si riunir\u00e0 venerd\u00ec 29 novembre.<\/p>\n<p>Si tratta di una proposta al consiglio tesa ad ottenere la richiesta alla Direzione dell\u2019U.E.P.E.\u00a0 (Ufficio Esecuzione Penale Esterna) di Venezia, titolare della gestione delle risorse umane e strumentali,\u00a0 affinch\u00e9 si valuti l&#8217;opportunit\u00e0 secondo principi di economicit\u00e0, efficacia ed efficienza, ex art. 97 Costituzione, di permettere ai cittadini bellunesi in carico all\u2019U.E.P.E. di Venezia di usufruire anche della pi\u00f9 vicina sede di Treviso e di promuovere, in prospettiva, nell\u2019ottica della cosiddetta Giustizia di prossimit\u00e0, un\u2019apposita iniziativa al Ministero della Giustizia &#8211; Dipartimento Giustizia Minorile e di Comunit\u00e0 affinch\u00e9 anche a Belluno si verifichi la stessa situazione di quattro Province montane come Bolzano, Trento, Aosta e Cuneo dove sono presenti stabilmente appositi Uffici Locali di Esecuzione Penale Esterna. &#8220;Va detto in merito &#8211; sottolineano i consiglieri di minoranza &#8211;\u00a0 che tale ultima istanza \u00e8 confortata sia dall\u2019esiguo numero di persone che la costituzione di un neonato, autonomo U.E.P.E. a Belluno richiederebbe (i.e. 3\/4 assistenti sociali, 1 funzionario amministrativo e 2 agenti di polizia penitenziaria), sia in ragione delle imminenti assunzioni di 522 funzionari della professionalit\u00e0 di servizio sociale che il Ministero della Giustizia avvier\u00e0 nel triennio 2019-2021 con prima immissione di circa 300 unit\u00e0 a partire da dicembre 2019&#8221;.<\/p>\n<p>La richiesta si inserisce nell&#8217;attuale contesto socio-economico della Provincia di Belluno, che\u00a0 come \u00e8 noto, sta vivendo una fase prolungata di declino demografico e di impoverimento imprenditoriale. E che una delle maggiori criticit\u00e0 di questo fenomeno regressivo \u00e8 rappresentata dai superiori costi del vivere in montagna rispetto ai contesti urbani di pianura. Tutto ci\u00f2, inoltre, \u00e8 aggravato dalle difficolt\u00e0 di spostamento nel territorio bellunese, oltre all&#8217;assenza di alcuni uffici e servizi pubblici ubicati di norma nelle Province Italiane (vedasi, ad esempio, la Banca d\u2019Italia).<\/p>\n<p>&nbsp;<\/p>","protected":false},"excerpt":{"rendered":"<p>E&#8217; stata presentata su iniziativa dei consiglieri comunali di Belluno, Raffaele Addamiano (Obiettivo Belluno), Luciano Da Pian e Andrea Stella (Lega per Salvini Premier) una mozione per il prossimo consiglio comunale che si riunir\u00e0 venerd\u00ec 29 novembre. Si tratta di una proposta al consiglio tesa ad ottenere la richiesta alla Direzione dell\u2019U.E.P.E.\u00a0 (Ufficio Esecuzione Penale [&hellip;]<\/p>\n","protected":false},"author":2,"featured_media":0,"comment_status":"closed","ping_status":"open","sticky":false,"template":"","format":"standard","meta":{"footnotes":""},"categories":[5,26],"tags":[],"class_list":["post-109903","post","type-post","status-publish","format-standard","category-cronaca","category-prima-pagina"],"yoast_head":"<!-- This site is optimized with the Yoast SEO plugin v28.4 - https:\/\/yoast.com\/product\/yoast-seo-wordpress\/ -->\n<title>Giustizia di prossimit\u00e0. Mozione dei consiglieri Addamiano, Da Pian e Stella per poter usufruire della pi\u00f9 vicina sede di Treviso dell\u2019Ufficio Interdistrettuale di Esecuzione Penale Esterna - Bellunopress - Dolomiti<\/title>\n<meta name=\"robots\" content=\"index, follow, max-snippet:-1, max-image-preview:large, max-video-preview:-1\" \/>\n<link rel=\"canonical\" href=\"https:\/\/www.bellunopress.it\/fr\/2019\/11\/25\/giustizia-di-prossimita-mozione-dei-consiglieri-addamiano-da-pian-e-stella-per-poter-usufruire-della-piu-vicina-sede-di-treviso-dellufficio-interdistrettuale-di-esecuzione-penale-esterna\/\" \/>\n<meta property=\"og:locale\" content=\"fr_FR\" \/>\n<meta property=\"og:type\" content=\"article\" \/>\n<meta property=\"og:title\" content=\"Giustizia di prossimit\u00e0. Mozione dei consiglieri Addamiano, Da Pian e Stella per poter usufruire della pi\u00f9 vicina sede di Treviso dell\u2019Ufficio Interdistrettuale di Esecuzione Penale Esterna - Bellunopress - Dolomiti\" \/>\n<meta property=\"og:description\" content=\"E&#8217; stata presentata su iniziativa dei consiglieri comunali di Belluno, Raffaele Addamiano (Obiettivo Belluno), Luciano Da Pian e Andrea Stella (Lega per Salvini Premier) una mozione per il prossimo consiglio comunale che si riunir\u00e0 venerd\u00ec 29 novembre. Si tratta di una proposta al consiglio tesa ad ottenere la richiesta alla Direzione dell\u2019U.E.P.E.\u00a0 (Ufficio Esecuzione Penale [&hellip;]\" \/>\n<meta property=\"og:url\" content=\"https:\/\/www.bellunopress.it\/fr\/2019\/11\/25\/giustizia-di-prossimita-mozione-dei-consiglieri-addamiano-da-pian-e-stella-per-poter-usufruire-della-piu-vicina-sede-di-treviso-dellufficio-interdistrettuale-di-esecuzione-penale-esterna\/\" \/>\n<meta property=\"og:site_name\" content=\"Bellunopress - Dolomiti\" \/>\n<meta property=\"article:publisher\" content=\"https:\/\/www.facebook.com\/profile.php?id=100008943462799\" \/>\n<meta property=\"article:published_time\" content=\"2019-11-25T13:58:27+00:00\" \/>\n<meta property=\"og:image\" content=\"http:\/\/www.bellunopress.it\/wp-content\/uploads\/2019\/10\/palazzo-rosso-notte.jpg\" \/>\n<meta name=\"author\" content=\"redazione\" \/>\n<meta name=\"twitter:card\" content=\"summary_large_image\" \/>\n<meta name=\"twitter:creator\" content=\"@bellunopress\" \/>\n<meta name=\"twitter:site\" content=\"@bellunopress\" \/>\n<meta name=\"twitter:label1\" content=\"\u00c9crit par\" \/>\n\t<meta name=\"twitter:data1\" content=\"redazione\" \/>\n\t<meta name=\"twitter:label2\" content=\"Dur\u00e9e de lecture estim\u00e9e\" \/>\n\t<meta name=\"twitter:data2\" content=\"2 minutes\" \/>\n<script type=\"application\/ld+json\" class=\"yoast-schema-graph\">{\"@context\":\"https:\\\/\\\/schema.org\",\"@graph\":[{\"@type\":\"Article\",\"@id\":\"https:\\\/\\\/www.bellunopress.it\\\/2019\\\/11\\\/25\\\/giustizia-di-prossimita-mozione-dei-consiglieri-addamiano-da-pian-e-stella-per-poter-usufruire-della-piu-vicina-sede-di-treviso-dellufficio-interdistrettuale-di-esecuzione-penale-esterna\\\/#article\",\"isPartOf\":{\"@id\":\"https:\\\/\\\/www.bellunopress.it\\\/2019\\\/11\\\/25\\\/giustizia-di-prossimita-mozione-dei-consiglieri-addamiano-da-pian-e-stella-per-poter-usufruire-della-piu-vicina-sede-di-treviso-dellufficio-interdistrettuale-di-esecuzione-penale-esterna\\\/\"},\"author\":{\"name\":\"redazione\",\"@id\":\"https:\\\/\\\/www.bellunopress.it\\\/#\\\/schema\\\/person\\\/79bb06722b37ece1c03d3e94beb30d73\"},\"headline\":\"Giustizia di prossimit\u00e0. Mozione dei consiglieri Addamiano, Da Pian e Stella per poter usufruire della pi\u00f9 vicina sede di Treviso dell\u2019Ufficio Interdistrettuale di Esecuzione Penale Esterna\",\"datePublished\":\"2019-11-25T13:58:27+00:00\",\"mainEntityOfPage\":{\"@id\":\"https:\\\/\\\/www.bellunopress.it\\\/2019\\\/11\\\/25\\\/giustizia-di-prossimita-mozione-dei-consiglieri-addamiano-da-pian-e-stella-per-poter-usufruire-della-piu-vicina-sede-di-treviso-dellufficio-interdistrettuale-di-esecuzione-penale-esterna\\\/\"},\"wordCount\":369,\"publisher\":{\"@id\":\"https:\\\/\\\/www.bellunopress.it\\\/#organization\"},\"image\":{\"@id\":\"https:\\\/\\\/www.bellunopress.it\\\/2019\\\/11\\\/25\\\/giustizia-di-prossimita-mozione-dei-consiglieri-addamiano-da-pian-e-stella-per-poter-usufruire-della-piu-vicina-sede-di-treviso-dellufficio-interdistrettuale-di-esecuzione-penale-esterna\\\/#primaryimage\"},\"thumbnailUrl\":\"http:\\\/\\\/www.bellunopress.it\\\/wp-content\\\/uploads\\\/2019\\\/10\\\/palazzo-rosso-notte.jpg\",\"articleSection\":[\"Cronaca\\\/Politica\",\"Prima Pagina\"],\"inLanguage\":\"fr-FR\"},{\"@type\":\"WebPage\",\"@id\":\"https:\\\/\\\/www.bellunopress.it\\\/2019\\\/11\\\/25\\\/giustizia-di-prossimita-mozione-dei-consiglieri-addamiano-da-pian-e-stella-per-poter-usufruire-della-piu-vicina-sede-di-treviso-dellufficio-interdistrettuale-di-esecuzione-penale-esterna\\\/\",\"url\":\"https:\\\/\\\/www.bellunopress.it\\\/2019\\\/11\\\/25\\\/giustizia-di-prossimita-mozione-dei-consiglieri-addamiano-da-pian-e-stella-per-poter-usufruire-della-piu-vicina-sede-di-treviso-dellufficio-interdistrettuale-di-esecuzione-penale-esterna\\\/\",\"name\":\"Giustizia di prossimit\u00e0. Mozione dei consiglieri Addamiano, Da Pian e Stella per poter usufruire della pi\u00f9 vicina sede di Treviso dell\u2019Ufficio Interdistrettuale di Esecuzione Penale Esterna - Bellunopress - Dolomiti\",\"isPartOf\":{\"@id\":\"https:\\\/\\\/www.bellunopress.it\\\/#website\"},\"primaryImageOfPage\":{\"@id\":\"https:\\\/\\\/www.bellunopress.it\\\/2019\\\/11\\\/25\\\/giustizia-di-prossimita-mozione-dei-consiglieri-addamiano-da-pian-e-stella-per-poter-usufruire-della-piu-vicina-sede-di-treviso-dellufficio-interdistrettuale-di-esecuzione-penale-esterna\\\/#primaryimage\"},\"image\":{\"@id\":\"https:\\\/\\\/www.bellunopress.it\\\/2019\\\/11\\\/25\\\/giustizia-di-prossimita-mozione-dei-consiglieri-addamiano-da-pian-e-stella-per-poter-usufruire-della-piu-vicina-sede-di-treviso-dellufficio-interdistrettuale-di-esecuzione-penale-esterna\\\/#primaryimage\"},\"thumbnailUrl\":\"http:\\\/\\\/www.bellunopress.it\\\/wp-content\\\/uploads\\\/2019\\\/10\\\/palazzo-rosso-notte.jpg\",\"datePublished\":\"2019-11-25T13:58:27+00:00\",\"breadcrumb\":{\"@id\":\"https:\\\/\\\/www.bellunopress.it\\\/2019\\\/11\\\/25\\\/giustizia-di-prossimita-mozione-dei-consiglieri-addamiano-da-pian-e-stella-per-poter-usufruire-della-piu-vicina-sede-di-treviso-dellufficio-interdistrettuale-di-esecuzione-penale-esterna\\\/#breadcrumb\"},\"inLanguage\":\"fr-FR\",\"potentialAction\":[{\"@type\":\"ReadAction\",\"target\":[\"https:\\\/\\\/www.bellunopress.it\\\/2019\\\/11\\\/25\\\/giustizia-di-prossimita-mozione-dei-consiglieri-addamiano-da-pian-e-stella-per-poter-usufruire-della-piu-vicina-sede-di-treviso-dellufficio-interdistrettuale-di-esecuzione-penale-esterna\\\/\"]}]},{\"@type\":\"ImageObject\",\"inLanguage\":\"fr-FR\",\"@id\":\"https:\\\/\\\/www.bellunopress.it\\\/2019\\\/11\\\/25\\\/giustizia-di-prossimita-mozione-dei-consiglieri-addamiano-da-pian-e-stella-per-poter-usufruire-della-piu-vicina-sede-di-treviso-dellufficio-interdistrettuale-di-esecuzione-penale-esterna\\\/#primaryimage\",\"url\":\"http:\\\/\\\/www.bellunopress.it\\\/wp-content\\\/uploads\\\/2019\\\/10\\\/palazzo-rosso-notte.jpg\",\"contentUrl\":\"http:\\\/\\\/www.bellunopress.it\\\/wp-content\\\/uploads\\\/2019\\\/10\\\/palazzo-rosso-notte.jpg\"},{\"@type\":\"BreadcrumbList\",\"@id\":\"https:\\\/\\\/www.bellunopress.it\\\/2019\\\/11\\\/25\\\/giustizia-di-prossimita-mozione-dei-consiglieri-addamiano-da-pian-e-stella-per-poter-usufruire-della-piu-vicina-sede-di-treviso-dellufficio-interdistrettuale-di-esecuzione-penale-esterna\\\/#breadcrumb\",\"itemListElement\":[{\"@type\":\"ListItem\",\"position\":1,\"name\":\"Home\",\"item\":\"https:\\\/\\\/www.bellunopress.it\\\/\"},{\"@type\":\"ListItem\",\"position\":2,\"name\":\"Giustizia di prossimit\u00e0. Mozione dei consiglieri Addamiano, Da Pian e Stella per poter usufruire della pi\u00f9 vicina sede di Treviso dell\u2019Ufficio Interdistrettuale di Esecuzione Penale Esterna\"}]},{\"@type\":\"WebSite\",\"@id\":\"https:\\\/\\\/www.bellunopress.it\\\/#website\",\"url\":\"https:\\\/\\\/www.bellunopress.it\\\/\",\"name\":\"Bellunopress - Dolomiti\",\"description\":\"e-mail: redazione@bellunopress.it\",\"publisher\":{\"@id\":\"https:\\\/\\\/www.bellunopress.it\\\/#organization\"},\"potentialAction\":[{\"@type\":\"SearchAction\",\"target\":{\"@type\":\"EntryPoint\",\"urlTemplate\":\"https:\\\/\\\/www.bellunopress.it\\\/?s={search_term_string}\"},\"query-input\":{\"@type\":\"PropertyValueSpecification\",\"valueRequired\":true,\"valueName\":\"search_term_string\"}}],\"inLanguage\":\"fr-FR\"},{\"@type\":\"Organization\",\"@id\":\"https:\\\/\\\/www.bellunopress.it\\\/#organization\",\"name\":\"Bellunopress\",\"url\":\"https:\\\/\\\/www.bellunopress.it\\\/\",\"logo\":{\"@type\":\"ImageObject\",\"inLanguage\":\"fr-FR\",\"@id\":\"https:\\\/\\\/www.bellunopress.it\\\/#\\\/schema\\\/logo\\\/image\\\/\",\"url\":\"https:\\\/\\\/www.bellunopress.it\\\/wp-content\\\/uploads\\\/2011\\\/05\\\/cropped-logo-bellunopress-.jpg\",\"contentUrl\":\"https:\\\/\\\/www.bellunopress.it\\\/wp-content\\\/uploads\\\/2011\\\/05\\\/cropped-logo-bellunopress-.jpg\",\"width\":512,\"height\":512,\"caption\":\"Bellunopress\"},\"image\":{\"@id\":\"https:\\\/\\\/www.bellunopress.it\\\/#\\\/schema\\\/logo\\\/image\\\/\"},\"sameAs\":[\"https:\\\/\\\/www.facebook.com\\\/profile.php?id=100008943462799\",\"https:\\\/\\\/x.com\\\/bellunopress\",\"https:\\\/\\\/www.linkedin.com\\\/hp\\\/?dnr=JBzUWaJfMUw8vbXJJ2tVW5-I3jZKvC4wsoxE&amp;amp;amp;amp;amp;amp;trk=nav_responsive_tab_home\",\"https:\\\/\\\/www.youtube.com\\\/channel\\\/UCxL0wu1uN0_3_7hGG0306cw\"]},{\"@type\":\"Person\",\"@id\":\"https:\\\/\\\/www.bellunopress.it\\\/#\\\/schema\\\/person\\\/79bb06722b37ece1c03d3e94beb30d73\",\"name\":\"redazione\",\"image\":{\"@type\":\"ImageObject\",\"inLanguage\":\"fr-FR\",\"@id\":\"https:\\\/\\\/secure.gravatar.com\\\/avatar\\\/37d968a2e67a6fd04c169c4bdef102d0bc5d31b2546345219e348575eb80e9a0?s=96&d=mm&r=g\",\"url\":\"https:\\\/\\\/secure.gravatar.com\\\/avatar\\\/37d968a2e67a6fd04c169c4bdef102d0bc5d31b2546345219e348575eb80e9a0?s=96&d=mm&r=g\",\"contentUrl\":\"https:\\\/\\\/secure.gravatar.com\\\/avatar\\\/37d968a2e67a6fd04c169c4bdef102d0bc5d31b2546345219e348575eb80e9a0?s=96&d=mm&r=g\",\"caption\":\"redazione\"},\"sameAs\":[\"http:\\\/\\\/www.bellunopress.it\",\"https:\\\/\\\/x.com\\\/bellunopress\"],\"url\":\"https:\\\/\\\/www.bellunopress.it\\\/fr\\\/author\\\/redazione\\\/\"}]}<\/script>\n<!-- \/ Yoast SEO plugin. -->","yoast_head_json":{"title":"Giustizia di prossimit\u00e0. Mozione dei consiglieri Addamiano, Da Pian e Stella per poter usufruire della pi\u00f9 vicina sede di Treviso dell\u2019Ufficio Interdistrettuale di Esecuzione Penale Esterna - Bellunopress - Dolomiti","robots":{"index":"index","follow":"follow","max-snippet":"max-snippet:-1","max-image-preview":"max-image-preview:large","max-video-preview":"max-video-preview:-1"},"canonical":"https:\/\/www.bellunopress.it\/fr\/2019\/11\/25\/giustizia-di-prossimita-mozione-dei-consiglieri-addamiano-da-pian-e-stella-per-poter-usufruire-della-piu-vicina-sede-di-treviso-dellufficio-interdistrettuale-di-esecuzione-penale-esterna\/","og_locale":"fr_FR","og_type":"article","og_title":"Giustizia di prossimit\u00e0. Mozione dei consiglieri Addamiano, Da Pian e Stella per poter usufruire della pi\u00f9 vicina sede di Treviso dell\u2019Ufficio Interdistrettuale di Esecuzione Penale Esterna - Bellunopress - Dolomiti","og_description":"E&#8217; stata presentata su iniziativa dei consiglieri comunali di Belluno, Raffaele Addamiano (Obiettivo Belluno), Luciano Da Pian e Andrea Stella (Lega per Salvini Premier) una mozione per il prossimo consiglio comunale che si riunir\u00e0 venerd\u00ec 29 novembre. Si tratta di una proposta al consiglio tesa ad ottenere la richiesta alla Direzione dell\u2019U.E.P.E.\u00a0 (Ufficio Esecuzione Penale [&hellip;]","og_url":"https:\/\/www.bellunopress.it\/fr\/2019\/11\/25\/giustizia-di-prossimita-mozione-dei-consiglieri-addamiano-da-pian-e-stella-per-poter-usufruire-della-piu-vicina-sede-di-treviso-dellufficio-interdistrettuale-di-esecuzione-penale-esterna\/","og_site_name":"Bellunopress - Dolomiti","article_publisher":"https:\/\/www.facebook.com\/profile.php?id=100008943462799","article_published_time":"2019-11-25T13:58:27+00:00","og_image":[{"url":"http:\/\/www.bellunopress.it\/wp-content\/uploads\/2019\/10\/palazzo-rosso-notte.jpg","type":"","width":"","height":""}],"author":"redazione","twitter_card":"summary_large_image","twitter_creator":"@bellunopress","twitter_site":"@bellunopress","twitter_misc":{"\u00c9crit par":"redazione","Dur\u00e9e de lecture estim\u00e9e":"2 minutes"},"schema":{"@context":"https:\/\/schema.org","@graph":[{"@type":"Article","@id":"https:\/\/www.bellunopress.it\/2019\/11\/25\/giustizia-di-prossimita-mozione-dei-consiglieri-addamiano-da-pian-e-stella-per-poter-usufruire-della-piu-vicina-sede-di-treviso-dellufficio-interdistrettuale-di-esecuzione-penale-esterna\/#article","isPartOf":{"@id":"https:\/\/www.bellunopress.it\/2019\/11\/25\/giustizia-di-prossimita-mozione-dei-consiglieri-addamiano-da-pian-e-stella-per-poter-usufruire-della-piu-vicina-sede-di-treviso-dellufficio-interdistrettuale-di-esecuzione-penale-esterna\/"},"author":{"name":"redazione","@id":"https:\/\/www.bellunopress.it\/#\/schema\/person\/79bb06722b37ece1c03d3e94beb30d73"},"headline":"Giustizia di prossimit\u00e0. Mozione dei consiglieri Addamiano, Da Pian e Stella per poter usufruire della pi\u00f9 vicina sede di Treviso dell\u2019Ufficio Interdistrettuale di Esecuzione Penale Esterna","datePublished":"2019-11-25T13:58:27+00:00","mainEntityOfPage":{"@id":"https:\/\/www.bellunopress.it\/2019\/11\/25\/giustizia-di-prossimita-mozione-dei-consiglieri-addamiano-da-pian-e-stella-per-poter-usufruire-della-piu-vicina-sede-di-treviso-dellufficio-interdistrettuale-di-esecuzione-penale-esterna\/"},"wordCount":369,"publisher":{"@id":"https:\/\/www.bellunopress.it\/#organization"},"image":{"@id":"https:\/\/www.bellunopress.it\/2019\/11\/25\/giustizia-di-prossimita-mozione-dei-consiglieri-addamiano-da-pian-e-stella-per-poter-usufruire-della-piu-vicina-sede-di-treviso-dellufficio-interdistrettuale-di-esecuzione-penale-esterna\/#primaryimage"},"thumbnailUrl":"http:\/\/www.bellunopress.it\/wp-content\/uploads\/2019\/10\/palazzo-rosso-notte.jpg","articleSection":["Cronaca\/Politica","Prima Pagina"],"inLanguage":"fr-FR"},{"@type":"WebPage","@id":"https:\/\/www.bellunopress.it\/2019\/11\/25\/giustizia-di-prossimita-mozione-dei-consiglieri-addamiano-da-pian-e-stella-per-poter-usufruire-della-piu-vicina-sede-di-treviso-dellufficio-interdistrettuale-di-esecuzione-penale-esterna\/","url":"https:\/\/www.bellunopress.it\/2019\/11\/25\/giustizia-di-prossimita-mozione-dei-consiglieri-addamiano-da-pian-e-stella-per-poter-usufruire-della-piu-vicina-sede-di-treviso-dellufficio-interdistrettuale-di-esecuzione-penale-esterna\/","name":"Giustizia di prossimit\u00e0. Mozione dei consiglieri Addamiano, Da Pian e Stella per poter usufruire della pi\u00f9 vicina sede di Treviso dell\u2019Ufficio Interdistrettuale di Esecuzione Penale Esterna - Bellunopress - Dolomiti","isPartOf":{"@id":"https:\/\/www.bellunopress.it\/#website"},"primaryImageOfPage":{"@id":"https:\/\/www.bellunopress.it\/2019\/11\/25\/giustizia-di-prossimita-mozione-dei-consiglieri-addamiano-da-pian-e-stella-per-poter-usufruire-della-piu-vicina-sede-di-treviso-dellufficio-interdistrettuale-di-esecuzione-penale-esterna\/#primaryimage"},"image":{"@id":"https:\/\/www.bellunopress.it\/2019\/11\/25\/giustizia-di-prossimita-mozione-dei-consiglieri-addamiano-da-pian-e-stella-per-poter-usufruire-della-piu-vicina-sede-di-treviso-dellufficio-interdistrettuale-di-esecuzione-penale-esterna\/#primaryimage"},"thumbnailUrl":"http:\/\/www.bellunopress.it\/wp-content\/uploads\/2019\/10\/palazzo-rosso-notte.jpg","datePublished":"2019-11-25T13:58:27+00:00","breadcrumb":{"@id":"https:\/\/www.bellunopress.it\/2019\/11\/25\/giustizia-di-prossimita-mozione-dei-consiglieri-addamiano-da-pian-e-stella-per-poter-usufruire-della-piu-vicina-sede-di-treviso-dellufficio-interdistrettuale-di-esecuzione-penale-esterna\/#breadcrumb"},"inLanguage":"fr-FR","potentialAction":[{"@type":"ReadAction","target":["https:\/\/www.bellunopress.it\/2019\/11\/25\/giustizia-di-prossimita-mozione-dei-consiglieri-addamiano-da-pian-e-stella-per-poter-usufruire-della-piu-vicina-sede-di-treviso-dellufficio-interdistrettuale-di-esecuzione-penale-esterna\/"]}]},{"@type":"ImageObject","inLanguage":"fr-FR","@id":"https:\/\/www.bellunopress.it\/2019\/11\/25\/giustizia-di-prossimita-mozione-dei-consiglieri-addamiano-da-pian-e-stella-per-poter-usufruire-della-piu-vicina-sede-di-treviso-dellufficio-interdistrettuale-di-esecuzione-penale-esterna\/#primaryimage","url":"http:\/\/www.bellunopress.it\/wp-content\/uploads\/2019\/10\/palazzo-rosso-notte.jpg","contentUrl":"http:\/\/www.bellunopress.it\/wp-content\/uploads\/2019\/10\/palazzo-rosso-notte.jpg"},{"@type":"BreadcrumbList","@id":"https:\/\/www.bellunopress.it\/2019\/11\/25\/giustizia-di-prossimita-mozione-dei-consiglieri-addamiano-da-pian-e-stella-per-poter-usufruire-della-piu-vicina-sede-di-treviso-dellufficio-interdistrettuale-di-esecuzione-penale-esterna\/#breadcrumb","itemListElement":[{"@type":"ListItem","position":1,"name":"Home","item":"https:\/\/www.bellunopress.it\/"},{"@type":"ListItem","position":2,"name":"Giustizia di prossimit\u00e0. Mozione dei consiglieri Addamiano, Da Pian e Stella per poter usufruire della pi\u00f9 vicina sede di Treviso dell\u2019Ufficio Interdistrettuale di Esecuzione Penale Esterna"}]},{"@type":"WebSite","@id":"https:\/\/www.bellunopress.it\/#website","url":"https:\/\/www.bellunopress.it\/","name":"Bellunopress - Dolomiti","description":"e-mail: redazione@bellunopress.it","publisher":{"@id":"https:\/\/www.bellunopress.it\/#organization"},"potentialAction":[{"@type":"SearchAction","target":{"@type":"EntryPoint","urlTemplate":"https:\/\/www.bellunopress.it\/?s={search_term_string}"},"query-input":{"@type":"PropertyValueSpecification","valueRequired":true,"valueName":"search_term_string"}}],"inLanguage":"fr-FR"},{"@type":"Organization","@id":"https:\/\/www.bellunopress.it\/#organization","name":"Bellunopress","url":"https:\/\/www.bellunopress.it\/","logo":{"@type":"ImageObject","inLanguage":"fr-FR","@id":"https:\/\/www.bellunopress.it\/#\/schema\/logo\/image\/","url":"https:\/\/www.bellunopress.it\/wp-content\/uploads\/2011\/05\/cropped-logo-bellunopress-.jpg","contentUrl":"https:\/\/www.bellunopress.it\/wp-content\/uploads\/2011\/05\/cropped-logo-bellunopress-.jpg","width":512,"height":512,"caption":"Bellunopress"},"image":{"@id":"https:\/\/www.bellunopress.it\/#\/schema\/logo\/image\/"},"sameAs":["https:\/\/www.facebook.com\/profile.php?id=100008943462799","https:\/\/x.com\/bellunopress","https:\/\/www.linkedin.com\/hp\/?dnr=JBzUWaJfMUw8vbXJJ2tVW5-I3jZKvC4wsoxE&amp;amp;amp;amp;amp;amp;trk=nav_responsive_tab_home","https:\/\/www.youtube.com\/channel\/UCxL0wu1uN0_3_7hGG0306cw"]},{"@type":"Person","@id":"https:\/\/www.bellunopress.it\/#\/schema\/person\/79bb06722b37ece1c03d3e94beb30d73","name":"r\u00e9daction","image":{"@type":"ImageObject","inLanguage":"fr-FR","@id":"https:\/\/secure.gravatar.com\/avatar\/37d968a2e67a6fd04c169c4bdef102d0bc5d31b2546345219e348575eb80e9a0?s=96&d=mm&r=g","url":"https:\/\/secure.gravatar.com\/avatar\/37d968a2e67a6fd04c169c4bdef102d0bc5d31b2546345219e348575eb80e9a0?s=96&d=mm&r=g","contentUrl":"https:\/\/secure.gravatar.com\/avatar\/37d968a2e67a6fd04c169c4bdef102d0bc5d31b2546345219e348575eb80e9a0?s=96&d=mm&r=g","caption":"redazione"},"sameAs":["http:\/\/www.bellunopress.it","https:\/\/x.com\/bellunopress"],"url":"https:\/\/www.bellunopress.it\/fr\/author\/redazione\/"}]}},"_links":{"self":[{"href":"https:\/\/www.bellunopress.it\/fr\/wp-json\/wp\/v2\/posts\/109903","targetHints":{"allow":["GET"]}}],"collection":[{"href":"https:\/\/www.bellunopress.it\/fr\/wp-json\/wp\/v2\/posts"}],"about":[{"href":"https:\/\/www.bellunopress.it\/fr\/wp-json\/wp\/v2\/types\/post"}],"author":[{"embeddable":true,"href":"https:\/\/www.bellunopress.it\/fr\/wp-json\/wp\/v2\/users\/2"}],"replies":[{"embeddable":true,"href":"https:\/\/www.bellunopress.it\/fr\/wp-json\/wp\/v2\/comments?post=109903"}],"version-history":[{"count":1,"href":"https:\/\/www.bellunopress.it\/fr\/wp-json\/wp\/v2\/posts\/109903\/revisions"}],"predecessor-version":[{"id":109904,"href":"https:\/\/www.bellunopress.it\/fr\/wp-json\/wp\/v2\/posts\/109903\/revisions\/109904"}],"wp:attachment":[{"href":"https:\/\/www.bellunopress.it\/fr\/wp-json\/wp\/v2\/media?parent=109903"}],"wp:term":[{"taxonomy":"category","embeddable":true,"href":"https:\/\/www.bellunopress.it\/fr\/wp-json\/wp\/v2\/categories?post=109903"},{"taxonomy":"post_tag","embeddable":true,"href":"https:\/\/www.bellunopress.it\/fr\/wp-json\/wp\/v2\/tags?post=109903"}],"curies":[{"name":"wp","href":"https:\/\/api.w.org\/{rel}","templated":true}]}}