{"id":109901,"date":"2019-11-25T14:30:54","date_gmt":"2019-11-25T13:30:54","guid":{"rendered":"http:\/\/www.bellunopress.it\/?p=109901"},"modified":"2019-11-25T14:30:54","modified_gmt":"2019-11-25T13:30:54","slug":"il-saluto-alle-istituzioni-alle-categorie-e-alla-cittadinanza-del-nuovo-prefetto-adriana-cogode","status":"publish","type":"post","link":"https:\/\/www.bellunopress.it\/fr\/2019\/11\/25\/il-saluto-alle-istituzioni-alle-categorie-e-alla-cittadinanza-del-nuovo-prefetto-adriana-cogode\/","title":{"rendered":"Il saluto alle istituzioni, alle categorie e alla cittadinanza del nuovo prefetto Adriana Cogode"},"content":{"rendered":"<figure id=\"attachment_109386\" aria-describedby=\"caption-attachment-109386\" style=\"width: 259px\" class=\"wp-caption alignleft\"><a href=\"http:\/\/www.bellunopress.it\/fr\/2019\/11\/07\/adriana-cogode-nominata-prefetto-di-belluno-subentra-a-francesco-esposito-destinato-a-lucca\/cogode-prefetto\/\" rel=\"attachment wp-att-109386\"><img loading=\"lazy\" decoding=\"async\" class=\"size-full wp-image-109386\" src=\"http:\/\/www.bellunopress.it\/wp-content\/uploads\/2019\/11\/cogode-prefetto.jpg\" alt=\"\" width=\"259\" height=\"300\" \/><\/a><figcaption id=\"caption-attachment-109386\" class=\"wp-caption-text\">Adriana Cogode &#8211; Prefetto<\/figcaption><\/figure>\n<p>Belluno, 25 novembre 2019\u00a0 &#8211;\u00a0\u00a0In occasione del mio insediamento per assumere l\u2019incarico di Prefetto della provincia di Belluno desidero rivolgere un caloroso e cordiale saluto alle Autorit\u00e0 civili, militari e religiose, alla Magistratura, agli Amministratori comunali e provinciali, agli appartenenti alle Forze dell\u2019Ordine e del Soccorso, alle rappresentanze politiche, allo Organizzazioni sindacali e di categoria, ai rappresentanti del mondo della scuola e della cultura, alle Associazioni di volontariato, agli Organi di informazione, alla Cittadinanza tutta.<\/p>\n<p>Sono sinceramente onorata e lieta di essere stata designata a svolgere il delicato ruolo di Prefetto in una realt\u00e0 territoriale e culturale come quella bellunese, connotata da un altissimo senso civico, da una forte vocazione produttiva, operosa e tenace, dedita alla crescita ed allo sviluppo ed al contempo incline a valorizzare le sorprendenti ricchezze naturalistiche, impreziosite dalla sapienza e dall\u2019orgoglio propri di una comunit\u00e0 montana.<br \/>\nUna comunit\u00e0 che tenacemente \u00e8 abituata a convivere con le criticit\u00e0 tipiche di un difficile contesto orografico e con le grandi emergenze, come la devastante tempesta che si \u00e8 tragicamente abbattuta lo scorso anno nel Triveneto.<br \/>\nCon orgoglio, sono consapevole di dover responsabilmente svolgere la mia missione istituzionale tenendo conto di un territorio caratterizzato da scenari complessi e variegati, impegnandomi a contribuire alla preservazione dei suoi valori fondanti ed a corrispondere, attraverso la funzione prefettizia, alle aspettative della comunit\u00e0 e delle istituzioni.<br \/>\nLe sfide che attendono questa provincia nei prossimi anni sono molteplici: dai grandi appuntamenti internazionali, ai tanti temi legati al vivere in montagna, definita dal Presidente della Repubblica, in occasione della sua recente visita nel bellunese, \u201cgrande questione nazionale\u201d, e senza dimenticare le problematiche correlate alla gestione delle emergenze, specialmente di tipo idrogeologico e la necessit\u00e0 di assicurare il massimo supporto alle piccole e numerose comunit\u00e0 che animano i luoghi anche pi\u00f9 alti della montagna.<br \/>\nMi accingo quindi alla guida della Prefettura di Belluno, con l\u2019impegno di svolgere il mio ruolo, nel quale credo fermamente, con spirito di servizio e grande passione civile, nell\u2019ottica della massima collaborazione con tutte le componenti istituzionali e gli enti locali, validamente supportata anche dalle Forze dell\u2019ordine, e nell\u2019intento di perseguire una missione unitaria che possa coniugare crescita, sicurezza, legalit\u00e0 e coesione sociale, valori tutti imprescindibili e strettamente interconnessi tra loro.<br \/>\nSono altres\u00ec consapevole che per ottenere buoni risultati nella funzione di Prefetto, ed assicurare l\u2019efficienza e l\u2019efficacia dell\u2019azione amministrativa, \u00e8 fondamentale fare sistema con il territorio, ed \u00e8 assolutamente necessario ricercare nel contesto delle relazioni istituzionali, con le quali ogni giorno ci si confronta , un analogo \u201csentire\u201d, una comunione di intenti per il bene superiore dei cittadini, attraverso il dialogo, l\u2019ascolto e una costruttiva intesa.<\/p>\n<p>Con questi auspici, ed un particolare pensiero per i giovani cui va dedicato il nostro impegno quale investimento per il loro futuro, rinnovo i miei pi\u00f9 cordiali saluti, nella certezza di poter contare sulla sinergia e sulla piena collaborazione di tutti, con il comune obiettivo di fare squadra nell\u2019interesse dei cittadini e dello Stato.<br \/>\n<strong>Adriana Cogode<\/strong><\/p>","protected":false},"excerpt":{"rendered":"<p>Belluno, 25 novembre 2019\u00a0 &#8211;\u00a0\u00a0In occasione del mio insediamento per assumere l\u2019incarico di Prefetto della provincia di Belluno desidero rivolgere un caloroso e cordiale saluto alle Autorit\u00e0 civili, militari e religiose, alla Magistratura, agli Amministratori comunali e provinciali, agli appartenenti alle Forze dell\u2019Ordine e del Soccorso, alle rappresentanze politiche, allo Organizzazioni sindacali e di categoria, [&hellip;]<\/p>\n","protected":false},"author":2,"featured_media":0,"comment_status":"closed","ping_status":"open","sticky":false,"template":"","format":"standard","meta":{"footnotes":""},"categories":[26,8],"tags":[],"class_list":["post-109901","post","type-post","status-publish","format-standard","category-prima-pagina","category-societa-istituzioni"],"yoast_head":"<!-- This site is optimized with the Yoast SEO plugin v28.4 - https:\/\/yoast.com\/product\/yoast-seo-wordpress\/ -->\n<title>Il saluto alle istituzioni, alle categorie e alla cittadinanza del nuovo prefetto Adriana Cogode - Bellunopress - Dolomiti<\/title>\n<meta name=\"robots\" content=\"index, follow, max-snippet:-1, max-image-preview:large, max-video-preview:-1\" \/>\n<link rel=\"canonical\" href=\"https:\/\/www.bellunopress.it\/fr\/2019\/11\/25\/il-saluto-alle-istituzioni-alle-categorie-e-alla-cittadinanza-del-nuovo-prefetto-adriana-cogode\/\" \/>\n<meta property=\"og:locale\" content=\"fr_FR\" \/>\n<meta property=\"og:type\" content=\"article\" \/>\n<meta property=\"og:title\" content=\"Il saluto alle istituzioni, alle categorie e alla cittadinanza del nuovo prefetto Adriana Cogode - Bellunopress - Dolomiti\" \/>\n<meta property=\"og:description\" content=\"Belluno, 25 novembre 2019\u00a0 &#8211;\u00a0\u00a0In occasione del mio insediamento per assumere l\u2019incarico di Prefetto della provincia di Belluno desidero rivolgere un caloroso e cordiale saluto alle Autorit\u00e0 civili, militari e religiose, alla Magistratura, agli Amministratori comunali e provinciali, agli appartenenti alle Forze dell\u2019Ordine e del Soccorso, alle rappresentanze politiche, allo Organizzazioni sindacali e di categoria, [&hellip;]\" \/>\n<meta property=\"og:url\" content=\"https:\/\/www.bellunopress.it\/fr\/2019\/11\/25\/il-saluto-alle-istituzioni-alle-categorie-e-alla-cittadinanza-del-nuovo-prefetto-adriana-cogode\/\" \/>\n<meta property=\"og:site_name\" content=\"Bellunopress - Dolomiti\" \/>\n<meta property=\"article:publisher\" content=\"https:\/\/www.facebook.com\/profile.php?id=100008943462799\" \/>\n<meta property=\"article:published_time\" content=\"2019-11-25T13:30:54+00:00\" \/>\n<meta property=\"og:image\" content=\"http:\/\/www.bellunopress.it\/wp-content\/uploads\/2019\/11\/cogode-prefetto.jpg\" \/>\n<meta name=\"author\" content=\"redazione\" \/>\n<meta name=\"twitter:card\" content=\"summary_large_image\" \/>\n<meta name=\"twitter:creator\" content=\"@bellunopress\" \/>\n<meta name=\"twitter:site\" content=\"@bellunopress\" \/>\n<meta name=\"twitter:label1\" content=\"\u00c9crit par\" \/>\n\t<meta name=\"twitter:data1\" content=\"redazione\" \/>\n\t<meta name=\"twitter:label2\" content=\"Dur\u00e9e de lecture estim\u00e9e\" \/>\n\t<meta name=\"twitter:data2\" content=\"3 minutes\" \/>\n<script type=\"application\/ld+json\" class=\"yoast-schema-graph\">{\"@context\":\"https:\\\/\\\/schema.org\",\"@graph\":[{\"@type\":\"Article\",\"@id\":\"https:\\\/\\\/www.bellunopress.it\\\/2019\\\/11\\\/25\\\/il-saluto-alle-istituzioni-alle-categorie-e-alla-cittadinanza-del-nuovo-prefetto-adriana-cogode\\\/#article\",\"isPartOf\":{\"@id\":\"https:\\\/\\\/www.bellunopress.it\\\/2019\\\/11\\\/25\\\/il-saluto-alle-istituzioni-alle-categorie-e-alla-cittadinanza-del-nuovo-prefetto-adriana-cogode\\\/\"},\"author\":{\"name\":\"redazione\",\"@id\":\"https:\\\/\\\/www.bellunopress.it\\\/#\\\/schema\\\/person\\\/79bb06722b37ece1c03d3e94beb30d73\"},\"headline\":\"Il saluto alle istituzioni, alle categorie e alla cittadinanza del nuovo prefetto Adriana Cogode\",\"datePublished\":\"2019-11-25T13:30:54+00:00\",\"mainEntityOfPage\":{\"@id\":\"https:\\\/\\\/www.bellunopress.it\\\/2019\\\/11\\\/25\\\/il-saluto-alle-istituzioni-alle-categorie-e-alla-cittadinanza-del-nuovo-prefetto-adriana-cogode\\\/\"},\"wordCount\":521,\"publisher\":{\"@id\":\"https:\\\/\\\/www.bellunopress.it\\\/#organization\"},\"image\":{\"@id\":\"https:\\\/\\\/www.bellunopress.it\\\/2019\\\/11\\\/25\\\/il-saluto-alle-istituzioni-alle-categorie-e-alla-cittadinanza-del-nuovo-prefetto-adriana-cogode\\\/#primaryimage\"},\"thumbnailUrl\":\"http:\\\/\\\/www.bellunopress.it\\\/wp-content\\\/uploads\\\/2019\\\/11\\\/cogode-prefetto.jpg\",\"articleSection\":[\"Prima Pagina\",\"Societ\u00e0, Associazioni, Istituzioni\"],\"inLanguage\":\"fr-FR\"},{\"@type\":\"WebPage\",\"@id\":\"https:\\\/\\\/www.bellunopress.it\\\/2019\\\/11\\\/25\\\/il-saluto-alle-istituzioni-alle-categorie-e-alla-cittadinanza-del-nuovo-prefetto-adriana-cogode\\\/\",\"url\":\"https:\\\/\\\/www.bellunopress.it\\\/2019\\\/11\\\/25\\\/il-saluto-alle-istituzioni-alle-categorie-e-alla-cittadinanza-del-nuovo-prefetto-adriana-cogode\\\/\",\"name\":\"Il saluto alle istituzioni, alle categorie e alla cittadinanza del nuovo prefetto Adriana Cogode - Bellunopress - Dolomiti\",\"isPartOf\":{\"@id\":\"https:\\\/\\\/www.bellunopress.it\\\/#website\"},\"primaryImageOfPage\":{\"@id\":\"https:\\\/\\\/www.bellunopress.it\\\/2019\\\/11\\\/25\\\/il-saluto-alle-istituzioni-alle-categorie-e-alla-cittadinanza-del-nuovo-prefetto-adriana-cogode\\\/#primaryimage\"},\"image\":{\"@id\":\"https:\\\/\\\/www.bellunopress.it\\\/2019\\\/11\\\/25\\\/il-saluto-alle-istituzioni-alle-categorie-e-alla-cittadinanza-del-nuovo-prefetto-adriana-cogode\\\/#primaryimage\"},\"thumbnailUrl\":\"http:\\\/\\\/www.bellunopress.it\\\/wp-content\\\/uploads\\\/2019\\\/11\\\/cogode-prefetto.jpg\",\"datePublished\":\"2019-11-25T13:30:54+00:00\",\"breadcrumb\":{\"@id\":\"https:\\\/\\\/www.bellunopress.it\\\/2019\\\/11\\\/25\\\/il-saluto-alle-istituzioni-alle-categorie-e-alla-cittadinanza-del-nuovo-prefetto-adriana-cogode\\\/#breadcrumb\"},\"inLanguage\":\"fr-FR\",\"potentialAction\":[{\"@type\":\"ReadAction\",\"target\":[\"https:\\\/\\\/www.bellunopress.it\\\/2019\\\/11\\\/25\\\/il-saluto-alle-istituzioni-alle-categorie-e-alla-cittadinanza-del-nuovo-prefetto-adriana-cogode\\\/\"]}]},{\"@type\":\"ImageObject\",\"inLanguage\":\"fr-FR\",\"@id\":\"https:\\\/\\\/www.bellunopress.it\\\/2019\\\/11\\\/25\\\/il-saluto-alle-istituzioni-alle-categorie-e-alla-cittadinanza-del-nuovo-prefetto-adriana-cogode\\\/#primaryimage\",\"url\":\"http:\\\/\\\/www.bellunopress.it\\\/wp-content\\\/uploads\\\/2019\\\/11\\\/cogode-prefetto.jpg\",\"contentUrl\":\"http:\\\/\\\/www.bellunopress.it\\\/wp-content\\\/uploads\\\/2019\\\/11\\\/cogode-prefetto.jpg\"},{\"@type\":\"BreadcrumbList\",\"@id\":\"https:\\\/\\\/www.bellunopress.it\\\/2019\\\/11\\\/25\\\/il-saluto-alle-istituzioni-alle-categorie-e-alla-cittadinanza-del-nuovo-prefetto-adriana-cogode\\\/#breadcrumb\",\"itemListElement\":[{\"@type\":\"ListItem\",\"position\":1,\"name\":\"Home\",\"item\":\"https:\\\/\\\/www.bellunopress.it\\\/\"},{\"@type\":\"ListItem\",\"position\":2,\"name\":\"Il saluto alle istituzioni, alle categorie e alla cittadinanza del nuovo prefetto Adriana Cogode\"}]},{\"@type\":\"WebSite\",\"@id\":\"https:\\\/\\\/www.bellunopress.it\\\/#website\",\"url\":\"https:\\\/\\\/www.bellunopress.it\\\/\",\"name\":\"Bellunopress - Dolomiti\",\"description\":\"e-mail: redazione@bellunopress.it\",\"publisher\":{\"@id\":\"https:\\\/\\\/www.bellunopress.it\\\/#organization\"},\"potentialAction\":[{\"@type\":\"SearchAction\",\"target\":{\"@type\":\"EntryPoint\",\"urlTemplate\":\"https:\\\/\\\/www.bellunopress.it\\\/?s={search_term_string}\"},\"query-input\":{\"@type\":\"PropertyValueSpecification\",\"valueRequired\":true,\"valueName\":\"search_term_string\"}}],\"inLanguage\":\"fr-FR\"},{\"@type\":\"Organization\",\"@id\":\"https:\\\/\\\/www.bellunopress.it\\\/#organization\",\"name\":\"Bellunopress\",\"url\":\"https:\\\/\\\/www.bellunopress.it\\\/\",\"logo\":{\"@type\":\"ImageObject\",\"inLanguage\":\"fr-FR\",\"@id\":\"https:\\\/\\\/www.bellunopress.it\\\/#\\\/schema\\\/logo\\\/image\\\/\",\"url\":\"https:\\\/\\\/www.bellunopress.it\\\/wp-content\\\/uploads\\\/2011\\\/05\\\/cropped-logo-bellunopress-.jpg\",\"contentUrl\":\"https:\\\/\\\/www.bellunopress.it\\\/wp-content\\\/uploads\\\/2011\\\/05\\\/cropped-logo-bellunopress-.jpg\",\"width\":512,\"height\":512,\"caption\":\"Bellunopress\"},\"image\":{\"@id\":\"https:\\\/\\\/www.bellunopress.it\\\/#\\\/schema\\\/logo\\\/image\\\/\"},\"sameAs\":[\"https:\\\/\\\/www.facebook.com\\\/profile.php?id=100008943462799\",\"https:\\\/\\\/x.com\\\/bellunopress\",\"https:\\\/\\\/www.linkedin.com\\\/hp\\\/?dnr=JBzUWaJfMUw8vbXJJ2tVW5-I3jZKvC4wsoxE&amp;amp;amp;amp;amp;amp;trk=nav_responsive_tab_home\",\"https:\\\/\\\/www.youtube.com\\\/channel\\\/UCxL0wu1uN0_3_7hGG0306cw\"]},{\"@type\":\"Person\",\"@id\":\"https:\\\/\\\/www.bellunopress.it\\\/#\\\/schema\\\/person\\\/79bb06722b37ece1c03d3e94beb30d73\",\"name\":\"redazione\",\"image\":{\"@type\":\"ImageObject\",\"inLanguage\":\"fr-FR\",\"@id\":\"https:\\\/\\\/secure.gravatar.com\\\/avatar\\\/37d968a2e67a6fd04c169c4bdef102d0bc5d31b2546345219e348575eb80e9a0?s=96&d=mm&r=g\",\"url\":\"https:\\\/\\\/secure.gravatar.com\\\/avatar\\\/37d968a2e67a6fd04c169c4bdef102d0bc5d31b2546345219e348575eb80e9a0?s=96&d=mm&r=g\",\"contentUrl\":\"https:\\\/\\\/secure.gravatar.com\\\/avatar\\\/37d968a2e67a6fd04c169c4bdef102d0bc5d31b2546345219e348575eb80e9a0?s=96&d=mm&r=g\",\"caption\":\"redazione\"},\"sameAs\":[\"http:\\\/\\\/www.bellunopress.it\",\"https:\\\/\\\/x.com\\\/bellunopress\"],\"url\":\"https:\\\/\\\/www.bellunopress.it\\\/fr\\\/author\\\/redazione\\\/\"}]}<\/script>\n<!-- \/ Yoast SEO plugin. -->","yoast_head_json":{"title":"Il saluto alle istituzioni, alle categorie e alla cittadinanza del nuovo prefetto Adriana Cogode - Bellunopress - Dolomiti","robots":{"index":"index","follow":"follow","max-snippet":"max-snippet:-1","max-image-preview":"max-image-preview:large","max-video-preview":"max-video-preview:-1"},"canonical":"https:\/\/www.bellunopress.it\/fr\/2019\/11\/25\/il-saluto-alle-istituzioni-alle-categorie-e-alla-cittadinanza-del-nuovo-prefetto-adriana-cogode\/","og_locale":"fr_FR","og_type":"article","og_title":"Il saluto alle istituzioni, alle categorie e alla cittadinanza del nuovo prefetto Adriana Cogode - Bellunopress - Dolomiti","og_description":"Belluno, 25 novembre 2019\u00a0 &#8211;\u00a0\u00a0In occasione del mio insediamento per assumere l\u2019incarico di Prefetto della provincia di Belluno desidero rivolgere un caloroso e cordiale saluto alle Autorit\u00e0 civili, militari e religiose, alla Magistratura, agli Amministratori comunali e provinciali, agli appartenenti alle Forze dell\u2019Ordine e del Soccorso, alle rappresentanze politiche, allo Organizzazioni sindacali e di categoria, [&hellip;]","og_url":"https:\/\/www.bellunopress.it\/fr\/2019\/11\/25\/il-saluto-alle-istituzioni-alle-categorie-e-alla-cittadinanza-del-nuovo-prefetto-adriana-cogode\/","og_site_name":"Bellunopress - Dolomiti","article_publisher":"https:\/\/www.facebook.com\/profile.php?id=100008943462799","article_published_time":"2019-11-25T13:30:54+00:00","og_image":[{"url":"http:\/\/www.bellunopress.it\/wp-content\/uploads\/2019\/11\/cogode-prefetto.jpg","type":"","width":"","height":""}],"author":"redazione","twitter_card":"summary_large_image","twitter_creator":"@bellunopress","twitter_site":"@bellunopress","twitter_misc":{"\u00c9crit par":"redazione","Dur\u00e9e de lecture estim\u00e9e":"3 minutes"},"schema":{"@context":"https:\/\/schema.org","@graph":[{"@type":"Article","@id":"https:\/\/www.bellunopress.it\/2019\/11\/25\/il-saluto-alle-istituzioni-alle-categorie-e-alla-cittadinanza-del-nuovo-prefetto-adriana-cogode\/#article","isPartOf":{"@id":"https:\/\/www.bellunopress.it\/2019\/11\/25\/il-saluto-alle-istituzioni-alle-categorie-e-alla-cittadinanza-del-nuovo-prefetto-adriana-cogode\/"},"author":{"name":"redazione","@id":"https:\/\/www.bellunopress.it\/#\/schema\/person\/79bb06722b37ece1c03d3e94beb30d73"},"headline":"Il saluto alle istituzioni, alle categorie e alla cittadinanza del nuovo prefetto Adriana Cogode","datePublished":"2019-11-25T13:30:54+00:00","mainEntityOfPage":{"@id":"https:\/\/www.bellunopress.it\/2019\/11\/25\/il-saluto-alle-istituzioni-alle-categorie-e-alla-cittadinanza-del-nuovo-prefetto-adriana-cogode\/"},"wordCount":521,"publisher":{"@id":"https:\/\/www.bellunopress.it\/#organization"},"image":{"@id":"https:\/\/www.bellunopress.it\/2019\/11\/25\/il-saluto-alle-istituzioni-alle-categorie-e-alla-cittadinanza-del-nuovo-prefetto-adriana-cogode\/#primaryimage"},"thumbnailUrl":"http:\/\/www.bellunopress.it\/wp-content\/uploads\/2019\/11\/cogode-prefetto.jpg","articleSection":["Prima Pagina","Societ\u00e0, Associazioni, Istituzioni"],"inLanguage":"fr-FR"},{"@type":"WebPage","@id":"https:\/\/www.bellunopress.it\/2019\/11\/25\/il-saluto-alle-istituzioni-alle-categorie-e-alla-cittadinanza-del-nuovo-prefetto-adriana-cogode\/","url":"https:\/\/www.bellunopress.it\/2019\/11\/25\/il-saluto-alle-istituzioni-alle-categorie-e-alla-cittadinanza-del-nuovo-prefetto-adriana-cogode\/","name":"Il saluto alle istituzioni, alle categorie e alla cittadinanza del nuovo prefetto Adriana Cogode - Bellunopress - Dolomiti","isPartOf":{"@id":"https:\/\/www.bellunopress.it\/#website"},"primaryImageOfPage":{"@id":"https:\/\/www.bellunopress.it\/2019\/11\/25\/il-saluto-alle-istituzioni-alle-categorie-e-alla-cittadinanza-del-nuovo-prefetto-adriana-cogode\/#primaryimage"},"image":{"@id":"https:\/\/www.bellunopress.it\/2019\/11\/25\/il-saluto-alle-istituzioni-alle-categorie-e-alla-cittadinanza-del-nuovo-prefetto-adriana-cogode\/#primaryimage"},"thumbnailUrl":"http:\/\/www.bellunopress.it\/wp-content\/uploads\/2019\/11\/cogode-prefetto.jpg","datePublished":"2019-11-25T13:30:54+00:00","breadcrumb":{"@id":"https:\/\/www.bellunopress.it\/2019\/11\/25\/il-saluto-alle-istituzioni-alle-categorie-e-alla-cittadinanza-del-nuovo-prefetto-adriana-cogode\/#breadcrumb"},"inLanguage":"fr-FR","potentialAction":[{"@type":"ReadAction","target":["https:\/\/www.bellunopress.it\/2019\/11\/25\/il-saluto-alle-istituzioni-alle-categorie-e-alla-cittadinanza-del-nuovo-prefetto-adriana-cogode\/"]}]},{"@type":"ImageObject","inLanguage":"fr-FR","@id":"https:\/\/www.bellunopress.it\/2019\/11\/25\/il-saluto-alle-istituzioni-alle-categorie-e-alla-cittadinanza-del-nuovo-prefetto-adriana-cogode\/#primaryimage","url":"http:\/\/www.bellunopress.it\/wp-content\/uploads\/2019\/11\/cogode-prefetto.jpg","contentUrl":"http:\/\/www.bellunopress.it\/wp-content\/uploads\/2019\/11\/cogode-prefetto.jpg"},{"@type":"BreadcrumbList","@id":"https:\/\/www.bellunopress.it\/2019\/11\/25\/il-saluto-alle-istituzioni-alle-categorie-e-alla-cittadinanza-del-nuovo-prefetto-adriana-cogode\/#breadcrumb","itemListElement":[{"@type":"ListItem","position":1,"name":"Home","item":"https:\/\/www.bellunopress.it\/"},{"@type":"ListItem","position":2,"name":"Il saluto alle istituzioni, alle categorie e alla cittadinanza del nuovo prefetto Adriana Cogode"}]},{"@type":"WebSite","@id":"https:\/\/www.bellunopress.it\/#website","url":"https:\/\/www.bellunopress.it\/","name":"Bellunopress - Dolomiti","description":"e-mail: redazione@bellunopress.it","publisher":{"@id":"https:\/\/www.bellunopress.it\/#organization"},"potentialAction":[{"@type":"SearchAction","target":{"@type":"EntryPoint","urlTemplate":"https:\/\/www.bellunopress.it\/?s={search_term_string}"},"query-input":{"@type":"PropertyValueSpecification","valueRequired":true,"valueName":"search_term_string"}}],"inLanguage":"fr-FR"},{"@type":"Organization","@id":"https:\/\/www.bellunopress.it\/#organization","name":"Bellunopress","url":"https:\/\/www.bellunopress.it\/","logo":{"@type":"ImageObject","inLanguage":"fr-FR","@id":"https:\/\/www.bellunopress.it\/#\/schema\/logo\/image\/","url":"https:\/\/www.bellunopress.it\/wp-content\/uploads\/2011\/05\/cropped-logo-bellunopress-.jpg","contentUrl":"https:\/\/www.bellunopress.it\/wp-content\/uploads\/2011\/05\/cropped-logo-bellunopress-.jpg","width":512,"height":512,"caption":"Bellunopress"},"image":{"@id":"https:\/\/www.bellunopress.it\/#\/schema\/logo\/image\/"},"sameAs":["https:\/\/www.facebook.com\/profile.php?id=100008943462799","https:\/\/x.com\/bellunopress","https:\/\/www.linkedin.com\/hp\/?dnr=JBzUWaJfMUw8vbXJJ2tVW5-I3jZKvC4wsoxE&amp;amp;amp;amp;amp;amp;trk=nav_responsive_tab_home","https:\/\/www.youtube.com\/channel\/UCxL0wu1uN0_3_7hGG0306cw"]},{"@type":"Person","@id":"https:\/\/www.bellunopress.it\/#\/schema\/person\/79bb06722b37ece1c03d3e94beb30d73","name":"r\u00e9daction","image":{"@type":"ImageObject","inLanguage":"fr-FR","@id":"https:\/\/secure.gravatar.com\/avatar\/37d968a2e67a6fd04c169c4bdef102d0bc5d31b2546345219e348575eb80e9a0?s=96&d=mm&r=g","url":"https:\/\/secure.gravatar.com\/avatar\/37d968a2e67a6fd04c169c4bdef102d0bc5d31b2546345219e348575eb80e9a0?s=96&d=mm&r=g","contentUrl":"https:\/\/secure.gravatar.com\/avatar\/37d968a2e67a6fd04c169c4bdef102d0bc5d31b2546345219e348575eb80e9a0?s=96&d=mm&r=g","caption":"redazione"},"sameAs":["http:\/\/www.bellunopress.it","https:\/\/x.com\/bellunopress"],"url":"https:\/\/www.bellunopress.it\/fr\/author\/redazione\/"}]}},"_links":{"self":[{"href":"https:\/\/www.bellunopress.it\/fr\/wp-json\/wp\/v2\/posts\/109901","targetHints":{"allow":["GET"]}}],"collection":[{"href":"https:\/\/www.bellunopress.it\/fr\/wp-json\/wp\/v2\/posts"}],"about":[{"href":"https:\/\/www.bellunopress.it\/fr\/wp-json\/wp\/v2\/types\/post"}],"author":[{"embeddable":true,"href":"https:\/\/www.bellunopress.it\/fr\/wp-json\/wp\/v2\/users\/2"}],"replies":[{"embeddable":true,"href":"https:\/\/www.bellunopress.it\/fr\/wp-json\/wp\/v2\/comments?post=109901"}],"version-history":[{"count":1,"href":"https:\/\/www.bellunopress.it\/fr\/wp-json\/wp\/v2\/posts\/109901\/revisions"}],"predecessor-version":[{"id":109902,"href":"https:\/\/www.bellunopress.it\/fr\/wp-json\/wp\/v2\/posts\/109901\/revisions\/109902"}],"wp:attachment":[{"href":"https:\/\/www.bellunopress.it\/fr\/wp-json\/wp\/v2\/media?parent=109901"}],"wp:term":[{"taxonomy":"category","embeddable":true,"href":"https:\/\/www.bellunopress.it\/fr\/wp-json\/wp\/v2\/categories?post=109901"},{"taxonomy":"post_tag","embeddable":true,"href":"https:\/\/www.bellunopress.it\/fr\/wp-json\/wp\/v2\/tags?post=109901"}],"curies":[{"name":"wp","href":"https:\/\/api.w.org\/{rel}","templated":true}]}}