{"id":109899,"date":"2019-11-25T14:22:43","date_gmt":"2019-11-25T13:22:43","guid":{"rendered":"http:\/\/www.bellunopress.it\/?p=109899"},"modified":"2019-11-25T14:22:43","modified_gmt":"2019-11-25T13:22:43","slug":"giornata-contro-la-violenza-alle-donne-berton-serve-ancora-piu-informazione-istruzione-e-cultura","status":"publish","type":"post","link":"https:\/\/www.bellunopress.it\/fr\/2019\/11\/25\/giornata-contro-la-violenza-alle-donne-berton-serve-ancora-piu-informazione-istruzione-e-cultura\/","title":{"rendered":"Giornata contro la violenza alle donne. Berton: &#8220;Serve ancora pi\u00f9 informazione, istruzione e cultura&#8221;"},"content":{"rendered":"<figure id=\"attachment_107753\" aria-describedby=\"caption-attachment-107753\" style=\"width: 249px\" class=\"wp-caption alignleft\"><a href=\"http:\/\/www.bellunopress.it\/fr\/2019\/09\/10\/lettera-aperta-agli-studenti-da-lorraine-berton-presidente-confindustria-belluno-dolomiti\/lorraine-berton-3\/\" rel=\"attachment wp-att-107753\"><img loading=\"lazy\" decoding=\"async\" class=\"size-full wp-image-107753\" src=\"http:\/\/www.bellunopress.it\/wp-content\/uploads\/2019\/09\/Lorraine-Berton.jpg\" alt=\"\" width=\"249\" height=\"300\" \/><\/a><figcaption id=\"caption-attachment-107753\" class=\"wp-caption-text\">Lorraine Berton<\/figcaption><\/figure>\n<p>&#8220;La violenza contro le donne \u00e8 una piaga sociale che va combattuta a tutti i livelli: famiglia, comunit\u00e0, impresa. Serve una mobilitazione permanente di tutti gli attori principali del territorio. Quando si parla di violenza non devono esistere &#8220;questioni private o familiari&#8221;, ma solo la sensibilizzazione, il contrasto e la prevenzione, senza se e senza ma&#8221;.<\/p>\n<p>E&#8217; un messaggio forte e chiaro quello che arriva dalla presidente di Confindustria Belluno Dolomiti Lorraine Berton nella giornata internazionale della lotta alla violenza di genere.<\/p>\n<p>&#8220;Nel 2019 vorrei parlare di altro, ma purtroppo la cronaca, locale e nazionale, ci impone ogni giorno di fare i conti con un fenomeno che non sembra conoscere crisi. Da donna, madre e imprenditrice mi fa male. Tutti dobbiamo continuare a indignarci contro la violenza di genere e contro l&#8217;odio&#8221;.<\/p>\n<p>&#8220;Quella di oggi \u00e8 una sola giornata \u2013 per quanto importante \u2013 ma non basta un giorno per parlare di un fenomeno cos\u00ec complesso e importante. Rispetto al passato, anche recente, fortunatamente oggi se ne parla, si ha il coraggio di denunciare. Lo dimostrano le tante storie di donne che emergono da decenni di sofferenza, che vengono allo scoperto anche dopo 30 o 40 anni di soprusi. Sono vite perse che non possiamo continuare ad avere sulla coscienza&#8221;.<\/p>\n<p>E proprio l&#8217;Associazione degli industriali di Belluno, in queste ore, sta lanciando \u2013 attraverso i suoi canali social &#8211; dei messaggi contro la violenza sulle donne.<\/p>\n<p>&#8220;Mai girarsi dall&#8217;altra parte&#8221;, \u00e8 uno degli slogan scelti.<\/p>\n<p>&#8220;La violenza contro le donne e la violenza in genere, fomentata dall&#8217;odio, si combatte solo con la cultura, con la formazione e l&#8217;istruzione. Alle ragazze che incontro anche girando per le scuole dico sempre di studiare, di rendersi indipendenti \u2013 emotivamente e professionalmente \u2013 di crescere nella libert\u00e0. Ci vuole spirito di sacrificio &#8211; per una donna pu\u00f2 essere ancora pi\u00f9 dura rispetto a un uomo &#8211; ma la sensazione \u00e8 inappagabile&#8221;.<\/p>\n<p>&#8220;Mai accettare uno schiaffo, mai lasciar perdere, denunciare sempre, mai sentirsi in colpa. L&#8217;amore si nutre di rispetto. Se non c&#8217;\u00e8 rispetto, non c&#8217;\u00e8 amore&#8221;, la conclusione di Berton.<\/p>","protected":false},"excerpt":{"rendered":"<p>&#8220;La violenza contro le donne \u00e8 una piaga sociale che va combattuta a tutti i livelli: famiglia, comunit\u00e0, impresa. Serve una mobilitazione permanente di tutti gli attori principali del territorio. Quando si parla di violenza non devono esistere &#8220;questioni private o familiari&#8221;, ma solo la sensibilizzazione, il contrasto e la prevenzione, senza se e senza [&hellip;]<\/p>\n","protected":false},"author":2,"featured_media":0,"comment_status":"closed","ping_status":"open","sticky":false,"template":"","format":"standard","meta":{"footnotes":""},"categories":[5,8],"tags":[],"class_list":["post-109899","post","type-post","status-publish","format-standard","category-cronaca","category-societa-istituzioni"],"yoast_head":"<!-- This site is optimized with the Yoast SEO plugin v28.4 - https:\/\/yoast.com\/product\/yoast-seo-wordpress\/ -->\n<title>Giornata contro la violenza alle donne. Berton: &quot;Serve ancora pi\u00f9 informazione, istruzione e cultura&quot; - Bellunopress - Dolomiti<\/title>\n<meta name=\"robots\" content=\"index, follow, max-snippet:-1, max-image-preview:large, max-video-preview:-1\" \/>\n<link rel=\"canonical\" href=\"https:\/\/www.bellunopress.it\/fr\/2019\/11\/25\/giornata-contro-la-violenza-alle-donne-berton-serve-ancora-piu-informazione-istruzione-e-cultura\/\" \/>\n<meta property=\"og:locale\" content=\"fr_FR\" \/>\n<meta property=\"og:type\" content=\"article\" \/>\n<meta property=\"og:title\" content=\"Giornata contro la violenza alle donne. Berton: &quot;Serve ancora pi\u00f9 informazione, istruzione e cultura&quot; - Bellunopress - Dolomiti\" \/>\n<meta property=\"og:description\" content=\"&#8220;La violenza contro le donne \u00e8 una piaga sociale che va combattuta a tutti i livelli: famiglia, comunit\u00e0, impresa. Serve una mobilitazione permanente di tutti gli attori principali del territorio. Quando si parla di violenza non devono esistere &#8220;questioni private o familiari&#8221;, ma solo la sensibilizzazione, il contrasto e la prevenzione, senza se e senza [&hellip;]\" \/>\n<meta property=\"og:url\" content=\"https:\/\/www.bellunopress.it\/fr\/2019\/11\/25\/giornata-contro-la-violenza-alle-donne-berton-serve-ancora-piu-informazione-istruzione-e-cultura\/\" \/>\n<meta property=\"og:site_name\" content=\"Bellunopress - Dolomiti\" \/>\n<meta property=\"article:publisher\" content=\"https:\/\/www.facebook.com\/profile.php?id=100008943462799\" \/>\n<meta property=\"article:published_time\" content=\"2019-11-25T13:22:43+00:00\" \/>\n<meta property=\"og:image\" content=\"http:\/\/www.bellunopress.it\/wp-content\/uploads\/2019\/09\/Lorraine-Berton.jpg\" \/>\n<meta name=\"author\" content=\"redazione\" \/>\n<meta name=\"twitter:card\" content=\"summary_large_image\" \/>\n<meta name=\"twitter:creator\" content=\"@bellunopress\" \/>\n<meta name=\"twitter:site\" content=\"@bellunopress\" \/>\n<meta name=\"twitter:label1\" content=\"Written by\" \/>\n\t<meta name=\"twitter:data1\" content=\"redazione\" \/>\n\t<meta name=\"twitter:label2\" content=\"Est. reading time\" \/>\n\t<meta name=\"twitter:data2\" content=\"2 minutes\" \/>\n<script type=\"application\/ld+json\" class=\"yoast-schema-graph\">{\"@context\":\"https:\\\/\\\/schema.org\",\"@graph\":[{\"@type\":\"Article\",\"@id\":\"https:\\\/\\\/www.bellunopress.it\\\/2019\\\/11\\\/25\\\/giornata-contro-la-violenza-alle-donne-berton-serve-ancora-piu-informazione-istruzione-e-cultura\\\/#article\",\"isPartOf\":{\"@id\":\"https:\\\/\\\/www.bellunopress.it\\\/2019\\\/11\\\/25\\\/giornata-contro-la-violenza-alle-donne-berton-serve-ancora-piu-informazione-istruzione-e-cultura\\\/\"},\"author\":{\"name\":\"redazione\",\"@id\":\"https:\\\/\\\/www.bellunopress.it\\\/#\\\/schema\\\/person\\\/79bb06722b37ece1c03d3e94beb30d73\"},\"headline\":\"Giornata contro la violenza alle donne. Berton: &#8220;Serve ancora pi\u00f9 informazione, istruzione e cultura&#8221;\",\"datePublished\":\"2019-11-25T13:22:43+00:00\",\"mainEntityOfPage\":{\"@id\":\"https:\\\/\\\/www.bellunopress.it\\\/2019\\\/11\\\/25\\\/giornata-contro-la-violenza-alle-donne-berton-serve-ancora-piu-informazione-istruzione-e-cultura\\\/\"},\"wordCount\":363,\"publisher\":{\"@id\":\"https:\\\/\\\/www.bellunopress.it\\\/#organization\"},\"image\":{\"@id\":\"https:\\\/\\\/www.bellunopress.it\\\/2019\\\/11\\\/25\\\/giornata-contro-la-violenza-alle-donne-berton-serve-ancora-piu-informazione-istruzione-e-cultura\\\/#primaryimage\"},\"thumbnailUrl\":\"http:\\\/\\\/www.bellunopress.it\\\/wp-content\\\/uploads\\\/2019\\\/09\\\/Lorraine-Berton.jpg\",\"articleSection\":[\"Cronaca\\\/Politica\",\"Societ\u00e0, Associazioni, Istituzioni\"],\"inLanguage\":\"fr-FR\"},{\"@type\":\"WebPage\",\"@id\":\"https:\\\/\\\/www.bellunopress.it\\\/2019\\\/11\\\/25\\\/giornata-contro-la-violenza-alle-donne-berton-serve-ancora-piu-informazione-istruzione-e-cultura\\\/\",\"url\":\"https:\\\/\\\/www.bellunopress.it\\\/2019\\\/11\\\/25\\\/giornata-contro-la-violenza-alle-donne-berton-serve-ancora-piu-informazione-istruzione-e-cultura\\\/\",\"name\":\"Giornata contro la violenza alle donne. Berton: \\\"Serve ancora pi\u00f9 informazione, istruzione e cultura\\\" - Bellunopress - Dolomiti\",\"isPartOf\":{\"@id\":\"https:\\\/\\\/www.bellunopress.it\\\/#website\"},\"primaryImageOfPage\":{\"@id\":\"https:\\\/\\\/www.bellunopress.it\\\/2019\\\/11\\\/25\\\/giornata-contro-la-violenza-alle-donne-berton-serve-ancora-piu-informazione-istruzione-e-cultura\\\/#primaryimage\"},\"image\":{\"@id\":\"https:\\\/\\\/www.bellunopress.it\\\/2019\\\/11\\\/25\\\/giornata-contro-la-violenza-alle-donne-berton-serve-ancora-piu-informazione-istruzione-e-cultura\\\/#primaryimage\"},\"thumbnailUrl\":\"http:\\\/\\\/www.bellunopress.it\\\/wp-content\\\/uploads\\\/2019\\\/09\\\/Lorraine-Berton.jpg\",\"datePublished\":\"2019-11-25T13:22:43+00:00\",\"breadcrumb\":{\"@id\":\"https:\\\/\\\/www.bellunopress.it\\\/2019\\\/11\\\/25\\\/giornata-contro-la-violenza-alle-donne-berton-serve-ancora-piu-informazione-istruzione-e-cultura\\\/#breadcrumb\"},\"inLanguage\":\"fr-FR\",\"potentialAction\":[{\"@type\":\"ReadAction\",\"target\":[\"https:\\\/\\\/www.bellunopress.it\\\/2019\\\/11\\\/25\\\/giornata-contro-la-violenza-alle-donne-berton-serve-ancora-piu-informazione-istruzione-e-cultura\\\/\"]}]},{\"@type\":\"ImageObject\",\"inLanguage\":\"fr-FR\",\"@id\":\"https:\\\/\\\/www.bellunopress.it\\\/2019\\\/11\\\/25\\\/giornata-contro-la-violenza-alle-donne-berton-serve-ancora-piu-informazione-istruzione-e-cultura\\\/#primaryimage\",\"url\":\"http:\\\/\\\/www.bellunopress.it\\\/wp-content\\\/uploads\\\/2019\\\/09\\\/Lorraine-Berton.jpg\",\"contentUrl\":\"http:\\\/\\\/www.bellunopress.it\\\/wp-content\\\/uploads\\\/2019\\\/09\\\/Lorraine-Berton.jpg\"},{\"@type\":\"BreadcrumbList\",\"@id\":\"https:\\\/\\\/www.bellunopress.it\\\/2019\\\/11\\\/25\\\/giornata-contro-la-violenza-alle-donne-berton-serve-ancora-piu-informazione-istruzione-e-cultura\\\/#breadcrumb\",\"itemListElement\":[{\"@type\":\"ListItem\",\"position\":1,\"name\":\"Home\",\"item\":\"https:\\\/\\\/www.bellunopress.it\\\/\"},{\"@type\":\"ListItem\",\"position\":2,\"name\":\"Giornata contro la violenza alle donne. Berton: &#8220;Serve ancora pi\u00f9 informazione, istruzione e cultura&#8221;\"}]},{\"@type\":\"WebSite\",\"@id\":\"https:\\\/\\\/www.bellunopress.it\\\/#website\",\"url\":\"https:\\\/\\\/www.bellunopress.it\\\/\",\"name\":\"Bellunopress - Dolomiti\",\"description\":\"e-mail: redazione@bellunopress.it\",\"publisher\":{\"@id\":\"https:\\\/\\\/www.bellunopress.it\\\/#organization\"},\"potentialAction\":[{\"@type\":\"SearchAction\",\"target\":{\"@type\":\"EntryPoint\",\"urlTemplate\":\"https:\\\/\\\/www.bellunopress.it\\\/?s={search_term_string}\"},\"query-input\":{\"@type\":\"PropertyValueSpecification\",\"valueRequired\":true,\"valueName\":\"search_term_string\"}}],\"inLanguage\":\"fr-FR\"},{\"@type\":\"Organization\",\"@id\":\"https:\\\/\\\/www.bellunopress.it\\\/#organization\",\"name\":\"Bellunopress\",\"url\":\"https:\\\/\\\/www.bellunopress.it\\\/\",\"logo\":{\"@type\":\"ImageObject\",\"inLanguage\":\"fr-FR\",\"@id\":\"https:\\\/\\\/www.bellunopress.it\\\/#\\\/schema\\\/logo\\\/image\\\/\",\"url\":\"https:\\\/\\\/www.bellunopress.it\\\/wp-content\\\/uploads\\\/2011\\\/05\\\/cropped-logo-bellunopress-.jpg\",\"contentUrl\":\"https:\\\/\\\/www.bellunopress.it\\\/wp-content\\\/uploads\\\/2011\\\/05\\\/cropped-logo-bellunopress-.jpg\",\"width\":512,\"height\":512,\"caption\":\"Bellunopress\"},\"image\":{\"@id\":\"https:\\\/\\\/www.bellunopress.it\\\/#\\\/schema\\\/logo\\\/image\\\/\"},\"sameAs\":[\"https:\\\/\\\/www.facebook.com\\\/profile.php?id=100008943462799\",\"https:\\\/\\\/x.com\\\/bellunopress\",\"https:\\\/\\\/www.linkedin.com\\\/hp\\\/?dnr=JBzUWaJfMUw8vbXJJ2tVW5-I3jZKvC4wsoxE&amp;amp;amp;amp;amp;amp;trk=nav_responsive_tab_home\",\"https:\\\/\\\/www.youtube.com\\\/channel\\\/UCxL0wu1uN0_3_7hGG0306cw\"]},{\"@type\":\"Person\",\"@id\":\"https:\\\/\\\/www.bellunopress.it\\\/#\\\/schema\\\/person\\\/79bb06722b37ece1c03d3e94beb30d73\",\"name\":\"redazione\",\"image\":{\"@type\":\"ImageObject\",\"inLanguage\":\"fr-FR\",\"@id\":\"https:\\\/\\\/secure.gravatar.com\\\/avatar\\\/37d968a2e67a6fd04c169c4bdef102d0bc5d31b2546345219e348575eb80e9a0?s=96&d=mm&r=g\",\"url\":\"https:\\\/\\\/secure.gravatar.com\\\/avatar\\\/37d968a2e67a6fd04c169c4bdef102d0bc5d31b2546345219e348575eb80e9a0?s=96&d=mm&r=g\",\"contentUrl\":\"https:\\\/\\\/secure.gravatar.com\\\/avatar\\\/37d968a2e67a6fd04c169c4bdef102d0bc5d31b2546345219e348575eb80e9a0?s=96&d=mm&r=g\",\"caption\":\"redazione\"},\"sameAs\":[\"http:\\\/\\\/www.bellunopress.it\",\"https:\\\/\\\/x.com\\\/bellunopress\"],\"url\":\"https:\\\/\\\/www.bellunopress.it\\\/fr\\\/author\\\/redazione\\\/\"}]}<\/script>\n<!-- \/ Yoast SEO plugin. -->","yoast_head_json":{"title":"Giornata contro la violenza alle donne. Berton: \"Serve ancora pi\u00f9 informazione, istruzione e cultura\" - Bellunopress - Dolomiti","robots":{"index":"index","follow":"follow","max-snippet":"max-snippet:-1","max-image-preview":"max-image-preview:large","max-video-preview":"max-video-preview:-1"},"canonical":"https:\/\/www.bellunopress.it\/fr\/2019\/11\/25\/giornata-contro-la-violenza-alle-donne-berton-serve-ancora-piu-informazione-istruzione-e-cultura\/","og_locale":"fr_FR","og_type":"article","og_title":"Giornata contro la violenza alle donne. Berton: \"Serve ancora pi\u00f9 informazione, istruzione e cultura\" - Bellunopress - Dolomiti","og_description":"&#8220;La violenza contro le donne \u00e8 una piaga sociale che va combattuta a tutti i livelli: famiglia, comunit\u00e0, impresa. Serve una mobilitazione permanente di tutti gli attori principali del territorio. Quando si parla di violenza non devono esistere &#8220;questioni private o familiari&#8221;, ma solo la sensibilizzazione, il contrasto e la prevenzione, senza se e senza [&hellip;]","og_url":"https:\/\/www.bellunopress.it\/fr\/2019\/11\/25\/giornata-contro-la-violenza-alle-donne-berton-serve-ancora-piu-informazione-istruzione-e-cultura\/","og_site_name":"Bellunopress - Dolomiti","article_publisher":"https:\/\/www.facebook.com\/profile.php?id=100008943462799","article_published_time":"2019-11-25T13:22:43+00:00","og_image":[{"url":"http:\/\/www.bellunopress.it\/wp-content\/uploads\/2019\/09\/Lorraine-Berton.jpg","type":"","width":"","height":""}],"author":"redazione","twitter_card":"summary_large_image","twitter_creator":"@bellunopress","twitter_site":"@bellunopress","twitter_misc":{"Written by":"redazione","Est. reading time":"2 minutes"},"schema":{"@context":"https:\/\/schema.org","@graph":[{"@type":"Article","@id":"https:\/\/www.bellunopress.it\/2019\/11\/25\/giornata-contro-la-violenza-alle-donne-berton-serve-ancora-piu-informazione-istruzione-e-cultura\/#article","isPartOf":{"@id":"https:\/\/www.bellunopress.it\/2019\/11\/25\/giornata-contro-la-violenza-alle-donne-berton-serve-ancora-piu-informazione-istruzione-e-cultura\/"},"author":{"name":"redazione","@id":"https:\/\/www.bellunopress.it\/#\/schema\/person\/79bb06722b37ece1c03d3e94beb30d73"},"headline":"Giornata contro la violenza alle donne. Berton: &#8220;Serve ancora pi\u00f9 informazione, istruzione e cultura&#8221;","datePublished":"2019-11-25T13:22:43+00:00","mainEntityOfPage":{"@id":"https:\/\/www.bellunopress.it\/2019\/11\/25\/giornata-contro-la-violenza-alle-donne-berton-serve-ancora-piu-informazione-istruzione-e-cultura\/"},"wordCount":363,"publisher":{"@id":"https:\/\/www.bellunopress.it\/#organization"},"image":{"@id":"https:\/\/www.bellunopress.it\/2019\/11\/25\/giornata-contro-la-violenza-alle-donne-berton-serve-ancora-piu-informazione-istruzione-e-cultura\/#primaryimage"},"thumbnailUrl":"http:\/\/www.bellunopress.it\/wp-content\/uploads\/2019\/09\/Lorraine-Berton.jpg","articleSection":["Cronaca\/Politica","Societ\u00e0, Associazioni, Istituzioni"],"inLanguage":"fr-FR"},{"@type":"WebPage","@id":"https:\/\/www.bellunopress.it\/2019\/11\/25\/giornata-contro-la-violenza-alle-donne-berton-serve-ancora-piu-informazione-istruzione-e-cultura\/","url":"https:\/\/www.bellunopress.it\/2019\/11\/25\/giornata-contro-la-violenza-alle-donne-berton-serve-ancora-piu-informazione-istruzione-e-cultura\/","name":"Giornata contro la violenza alle donne. Berton: \"Serve ancora pi\u00f9 informazione, istruzione e cultura\" - Bellunopress - Dolomiti","isPartOf":{"@id":"https:\/\/www.bellunopress.it\/#website"},"primaryImageOfPage":{"@id":"https:\/\/www.bellunopress.it\/2019\/11\/25\/giornata-contro-la-violenza-alle-donne-berton-serve-ancora-piu-informazione-istruzione-e-cultura\/#primaryimage"},"image":{"@id":"https:\/\/www.bellunopress.it\/2019\/11\/25\/giornata-contro-la-violenza-alle-donne-berton-serve-ancora-piu-informazione-istruzione-e-cultura\/#primaryimage"},"thumbnailUrl":"http:\/\/www.bellunopress.it\/wp-content\/uploads\/2019\/09\/Lorraine-Berton.jpg","datePublished":"2019-11-25T13:22:43+00:00","breadcrumb":{"@id":"https:\/\/www.bellunopress.it\/2019\/11\/25\/giornata-contro-la-violenza-alle-donne-berton-serve-ancora-piu-informazione-istruzione-e-cultura\/#breadcrumb"},"inLanguage":"fr-FR","potentialAction":[{"@type":"ReadAction","target":["https:\/\/www.bellunopress.it\/2019\/11\/25\/giornata-contro-la-violenza-alle-donne-berton-serve-ancora-piu-informazione-istruzione-e-cultura\/"]}]},{"@type":"ImageObject","inLanguage":"fr-FR","@id":"https:\/\/www.bellunopress.it\/2019\/11\/25\/giornata-contro-la-violenza-alle-donne-berton-serve-ancora-piu-informazione-istruzione-e-cultura\/#primaryimage","url":"http:\/\/www.bellunopress.it\/wp-content\/uploads\/2019\/09\/Lorraine-Berton.jpg","contentUrl":"http:\/\/www.bellunopress.it\/wp-content\/uploads\/2019\/09\/Lorraine-Berton.jpg"},{"@type":"BreadcrumbList","@id":"https:\/\/www.bellunopress.it\/2019\/11\/25\/giornata-contro-la-violenza-alle-donne-berton-serve-ancora-piu-informazione-istruzione-e-cultura\/#breadcrumb","itemListElement":[{"@type":"ListItem","position":1,"name":"Home","item":"https:\/\/www.bellunopress.it\/"},{"@type":"ListItem","position":2,"name":"Giornata contro la violenza alle donne. Berton: &#8220;Serve ancora pi\u00f9 informazione, istruzione e cultura&#8221;"}]},{"@type":"WebSite","@id":"https:\/\/www.bellunopress.it\/#website","url":"https:\/\/www.bellunopress.it\/","name":"Bellunopress - Dolomiti","description":"e-mail: redazione@bellunopress.it","publisher":{"@id":"https:\/\/www.bellunopress.it\/#organization"},"potentialAction":[{"@type":"SearchAction","target":{"@type":"EntryPoint","urlTemplate":"https:\/\/www.bellunopress.it\/?s={search_term_string}"},"query-input":{"@type":"PropertyValueSpecification","valueRequired":true,"valueName":"search_term_string"}}],"inLanguage":"fr-FR"},{"@type":"Organization","@id":"https:\/\/www.bellunopress.it\/#organization","name":"Bellunopress","url":"https:\/\/www.bellunopress.it\/","logo":{"@type":"ImageObject","inLanguage":"fr-FR","@id":"https:\/\/www.bellunopress.it\/#\/schema\/logo\/image\/","url":"https:\/\/www.bellunopress.it\/wp-content\/uploads\/2011\/05\/cropped-logo-bellunopress-.jpg","contentUrl":"https:\/\/www.bellunopress.it\/wp-content\/uploads\/2011\/05\/cropped-logo-bellunopress-.jpg","width":512,"height":512,"caption":"Bellunopress"},"image":{"@id":"https:\/\/www.bellunopress.it\/#\/schema\/logo\/image\/"},"sameAs":["https:\/\/www.facebook.com\/profile.php?id=100008943462799","https:\/\/x.com\/bellunopress","https:\/\/www.linkedin.com\/hp\/?dnr=JBzUWaJfMUw8vbXJJ2tVW5-I3jZKvC4wsoxE&amp;amp;amp;amp;amp;amp;trk=nav_responsive_tab_home","https:\/\/www.youtube.com\/channel\/UCxL0wu1uN0_3_7hGG0306cw"]},{"@type":"Person","@id":"https:\/\/www.bellunopress.it\/#\/schema\/person\/79bb06722b37ece1c03d3e94beb30d73","name":"r\u00e9daction","image":{"@type":"ImageObject","inLanguage":"fr-FR","@id":"https:\/\/secure.gravatar.com\/avatar\/37d968a2e67a6fd04c169c4bdef102d0bc5d31b2546345219e348575eb80e9a0?s=96&d=mm&r=g","url":"https:\/\/secure.gravatar.com\/avatar\/37d968a2e67a6fd04c169c4bdef102d0bc5d31b2546345219e348575eb80e9a0?s=96&d=mm&r=g","contentUrl":"https:\/\/secure.gravatar.com\/avatar\/37d968a2e67a6fd04c169c4bdef102d0bc5d31b2546345219e348575eb80e9a0?s=96&d=mm&r=g","caption":"redazione"},"sameAs":["http:\/\/www.bellunopress.it","https:\/\/x.com\/bellunopress"],"url":"https:\/\/www.bellunopress.it\/fr\/author\/redazione\/"}]}},"_links":{"self":[{"href":"https:\/\/www.bellunopress.it\/fr\/wp-json\/wp\/v2\/posts\/109899","targetHints":{"allow":["GET"]}}],"collection":[{"href":"https:\/\/www.bellunopress.it\/fr\/wp-json\/wp\/v2\/posts"}],"about":[{"href":"https:\/\/www.bellunopress.it\/fr\/wp-json\/wp\/v2\/types\/post"}],"author":[{"embeddable":true,"href":"https:\/\/www.bellunopress.it\/fr\/wp-json\/wp\/v2\/users\/2"}],"replies":[{"embeddable":true,"href":"https:\/\/www.bellunopress.it\/fr\/wp-json\/wp\/v2\/comments?post=109899"}],"version-history":[{"count":1,"href":"https:\/\/www.bellunopress.it\/fr\/wp-json\/wp\/v2\/posts\/109899\/revisions"}],"predecessor-version":[{"id":109900,"href":"https:\/\/www.bellunopress.it\/fr\/wp-json\/wp\/v2\/posts\/109899\/revisions\/109900"}],"wp:attachment":[{"href":"https:\/\/www.bellunopress.it\/fr\/wp-json\/wp\/v2\/media?parent=109899"}],"wp:term":[{"taxonomy":"category","embeddable":true,"href":"https:\/\/www.bellunopress.it\/fr\/wp-json\/wp\/v2\/categories?post=109899"},{"taxonomy":"post_tag","embeddable":true,"href":"https:\/\/www.bellunopress.it\/fr\/wp-json\/wp\/v2\/tags?post=109899"}],"curies":[{"name":"wp","href":"https:\/\/api.w.org\/{rel}","templated":true}]}}