{"id":109895,"date":"2019-11-24T21:24:40","date_gmt":"2019-11-24T20:24:40","guid":{"rendered":"http:\/\/www.bellunopress.it\/?p=109895"},"modified":"2019-11-24T21:44:25","modified_gmt":"2019-11-24T20:44:25","slug":"laiuto-al-suicidio-non-e-contrario-ai-dettami-costituzionali-lo-dice-la-corte-costituzionale-in-relazione-al-caso-di-dj-fabo","status":"publish","type":"post","link":"https:\/\/www.bellunopress.it\/fr\/2019\/11\/24\/laiuto-al-suicidio-non-e-contrario-ai-dettami-costituzionali-lo-dice-la-corte-costituzionale-in-relazione-al-caso-di-dj-fabo\/","title":{"rendered":"L&#8217;aiuto al suicidio non \u00e8 contrario ai dettami costituzionali. Lo dice la Corte Costituzionale in relazione al caso di Dj Fabo"},"content":{"rendered":"<p><a href=\"http:\/\/www.bellunopress.it\/fr\/2019\/09\/25\/laiuto-al-suicidio-non-sempre-e-punibile-la-corte-costituzionale-apre-al-suicidio-assistito-marco-cappato-non-punibile\/consulta-bioetica-onlus\/\" rel=\"attachment wp-att-108197\"><img loading=\"lazy\" decoding=\"async\" class=\"alignleft size-full wp-image-108197\" src=\"http:\/\/www.bellunopress.it\/wp-content\/uploads\/2019\/09\/consulta-bioetica-onlus.jpg\" alt=\"\" width=\"275\" height=\"183\" \/><\/a>La Corte Costituzionale ha depositato il 23\/11\/2019 le motivazioni della sentenza 242 sul fine vita, che tratta dei presupposti in cui l\u2019aiuto al suicidio non \u00e8 contrario ai dettami Costituzionali.<\/p>\n<p>Lo fa sapere la Consulta di Bioetica Onlus, sezione di Belluno, rappresentata dal dottor Davide Mazzon, medico anestesista rianimatore.<\/p>\n<p>Come \u00e8 noto, il caso che ha portato a questa sentenza \u00e8 quello di DJ Fabo il quale, rimasto cieco e totalmente paralizzato a seguito di un incidente stradale, nel 2017 venne accompagnato in auto da Marco Cappato per andare a morire in Svizzera, autosomministrandosi un farmaco letale. In quella vicenda, ricorrevano le condizioni che la Corte Costituzionale ha posto come necessarie affinch\u00e9 l&#8217;assistenza al suicidio non possa essere considerata reato: la persona che chiede coscientemente di essere aiutata a morire dev&#8217;essere \u00abaffetta da patologia irreversibile e fonte di sofferenze fisiche e psicologiche\u00bb per lui \u00abassolutamente intollerabili\u00bb, \u00abtenuta in vita da mezzi di sostentamento vitale\u00bb e tuttavia \u00abcapace di prendere decisioni libere e consapevoli\u00bb.<\/p>\n<p>Dentro questi confini, la Corte Costituzionale ritiene che \u00abil divieto assoluto di aiuto al suicidio finisce per limitare ingiustificatamente, nonch\u00e9 irragionevolmente, la libert\u00e0 di autodeterminazione del malato nella scelta delle terapie, comprese quelle finalizzate a liberarlo dalle sofferenze, imponendogli in ultima analisi un&#8217;unica modalit\u00e0 per congedarsi dalla vita\u00bb.<\/p>\n<p>Anche se la legge 219\/2017 sul consenso informato e le disposizioni anticipate di trattamento prevede che il paziente possa chiedere l\u2019interruzione dei trattamenti di sostegno vitale e di essere sottoposto a sedazione profonda nell\u2019imminenza della morte, essa non contempla la possibilit\u00e0 che il paziente possa disporre di un trattamento che ne determini la morte. La stessa Corte Costituzionale riconosce che \u201cla sedazione terminale possa essere vissuta da taluni come una soluzione non accettabile\u201d. Il suo risultato pu\u00f2 essere visto, come nel caso di DJ Fabo, un processo pi\u00f9 lento e carico di sofferenze che ha comunque la morte come epilogo.<\/p>\n<p>La Corte Costituzionale afferma inoltre: che devono essere offerte al paziente concrete possibilit\u00e0 di accedere a cure palliative idonee a eliminare le sofferenze; che la richiesta di assistenza sanitaria al suicidio dovr\u00e0 avvenire nell&#8217;ambito del servizio sanitario nazionale e con il via libera del comitato etico territorialmente competente; che resta affidato alla coscienza del singolo medico scegliere se prestarsi o meno ad esaudire la richiesta del malato di aiuto al suicidio.<\/p>\n<p>La sezione di Belluno della Consulta di Bioetica Onlus esprime il pieno apprezzamento per una sentenza che ribadisce che consentire la conclusione della sofferenza che accompagna condizioni come quella di DJ Fabo non debba essere considerato un reato punibile sulla base di un codice penale risalente al periodo fascista, in cui l\u2019autonomia della persona era subordinata all\u2019autorit\u00e0 uno stato totalitario. Auspichiamo che il Parlamento possa legiferare in tempi rapidi in merito ad un percorso, gestito dal sistema sanitario nazionale, che consenta la somministrazione di un farmaco idoneo a provocare rapidamente e senza dolore la morte nei pazienti in grado di decidere lucidamente, che si trovino nelle condizioni indicate dai giudici della Corte Costituzionale.<\/p>\n<p>Riteniamo infine che lo stesso diritto debba essere riconosciuto, come sostenuto dal parere di maggioranza del Comitato Nazionale di Bioetica, anche ai malati che non sono \u201cattaccati ad una macchina\u201d, ma che possono trovarsi in analoga condizione di sofferenza incurabile e di irreversibilit\u00e0 della malattia, come coloro che si trovano in stati avanzati di malattie oncologiche o degenerative a prognosi infausta.<\/p>\n<p><strong>Consulta di Bioetica Onlus <\/strong><\/p>\n<figure id=\"attachment_109897\" aria-describedby=\"caption-attachment-109897\" style=\"width: 197px\" class=\"wp-caption alignleft\"><a href=\"http:\/\/www.bellunopress.it\/fr\/2019\/11\/24\/laiuto-al-suicidio-non-e-contrario-ai-dettami-costituzionali-lo-dice-la-corte-costituzionale-in-relazione-al-caso-di-dj-fabo\/davide-mazzon\/\" rel=\"attachment wp-att-109897\"><img loading=\"lazy\" decoding=\"async\" class=\"size-full wp-image-109897\" src=\"http:\/\/www.bellunopress.it\/wp-content\/uploads\/2019\/11\/davide-mazzon.jpg\" alt=\"\" width=\"197\" height=\"252\" \/><\/a><figcaption id=\"caption-attachment-109897\" class=\"wp-caption-text\">Davide Mazzon<\/figcaption><\/figure>\n<p>E&#8217; una associazione di volontariato culturale nata nel 1990 con l&#8217;obiettivo di promuovere la cultura ed il dibattito sui temi etici legati alla nascita, alla malattia ed alla morte da una prospettiva laica a pluralista. Attualmente \u00e8 presieduta dal Prof. M. Mori, ordinario di Bioetica a Torino e componente del Comitato Nazionale di Bioetica.<\/p>\n<p>La sezione di Belluno della Consulta di Bioetica Onlus, sorta nel 2017, ha come referente il dr. Davide Mazzon, Medico Anestesista Rianimatore, fondatore della Commissione di Bioetica della Societ\u00e0 Italiana di Anestesia e Rianimazione nel 1998 e Componente del Comitato Etico della stessa societ\u00e0. La sezione di Belluno si \u00e8 posta l&#8217;obiettivo di coinvolgere la cittadinanza promuovendo eventi pubblici e spettacoli teatrali su temi di attualit\u00e0, vicini alla sensibilit\u00e0 della popolazione e declinati in prima persona dai suoi componenti, attivi in ambito didattico, sanitario, giuridico (es.: Testamento Biologico; Etica, Scienza e Fede; Salute ed immigrazione; Bioetica ed animali non umani; Decennale della morte di Eluana Englaro, ecc.).<\/p>\n<p>&nbsp;<\/p>","protected":false},"excerpt":{"rendered":"<p>La Corte Costituzionale ha depositato il 23\/11\/2019 le motivazioni della sentenza 242 sul fine vita, che tratta dei presupposti in cui l\u2019aiuto al suicidio non \u00e8 contrario ai dettami Costituzionali. Lo fa sapere la Consulta di Bioetica Onlus, sezione di Belluno, rappresentata dal dottor Davide Mazzon, medico anestesista rianimatore. Come \u00e8 noto, il caso che [&hellip;]<\/p>\n","protected":false},"author":2,"featured_media":0,"comment_status":"closed","ping_status":"open","sticky":false,"template":"","format":"standard","meta":{"footnotes":""},"categories":[26,17,8],"tags":[],"class_list":["post-109895","post","type-post","status-publish","format-standard","category-prima-pagina","category-sanita","category-societa-istituzioni"],"yoast_head":"<!-- This site is optimized with the Yoast SEO plugin v28.4 - https:\/\/yoast.com\/product\/yoast-seo-wordpress\/ -->\n<title>L&#039;aiuto al suicidio non \u00e8 contrario ai dettami costituzionali. Lo dice la Corte Costituzionale in relazione al caso di Dj Fabo - Bellunopress - Dolomiti<\/title>\n<meta name=\"robots\" content=\"index, follow, max-snippet:-1, max-image-preview:large, max-video-preview:-1\" \/>\n<link rel=\"canonical\" href=\"https:\/\/www.bellunopress.it\/fr\/2019\/11\/24\/laiuto-al-suicidio-non-e-contrario-ai-dettami-costituzionali-lo-dice-la-corte-costituzionale-in-relazione-al-caso-di-dj-fabo\/\" \/>\n<meta property=\"og:locale\" content=\"fr_FR\" \/>\n<meta property=\"og:type\" content=\"article\" \/>\n<meta property=\"og:title\" content=\"L&#039;aiuto al suicidio non \u00e8 contrario ai dettami costituzionali. Lo dice la Corte Costituzionale in relazione al caso di Dj Fabo - Bellunopress - Dolomiti\" \/>\n<meta property=\"og:description\" content=\"La Corte Costituzionale ha depositato il 23\/11\/2019 le motivazioni della sentenza 242 sul fine vita, che tratta dei presupposti in cui l\u2019aiuto al suicidio non \u00e8 contrario ai dettami Costituzionali. Lo fa sapere la Consulta di Bioetica Onlus, sezione di Belluno, rappresentata dal dottor Davide Mazzon, medico anestesista rianimatore. Come \u00e8 noto, il caso che [&hellip;]\" \/>\n<meta property=\"og:url\" content=\"https:\/\/www.bellunopress.it\/fr\/2019\/11\/24\/laiuto-al-suicidio-non-e-contrario-ai-dettami-costituzionali-lo-dice-la-corte-costituzionale-in-relazione-al-caso-di-dj-fabo\/\" \/>\n<meta property=\"og:site_name\" content=\"Bellunopress - Dolomiti\" \/>\n<meta property=\"article:publisher\" content=\"https:\/\/www.facebook.com\/profile.php?id=100008943462799\" \/>\n<meta property=\"article:published_time\" content=\"2019-11-24T20:24:40+00:00\" \/>\n<meta property=\"article:modified_time\" content=\"2019-11-24T20:44:25+00:00\" \/>\n<meta property=\"og:image\" content=\"http:\/\/www.bellunopress.it\/wp-content\/uploads\/2019\/09\/consulta-bioetica-onlus.jpg\" \/>\n<meta name=\"author\" content=\"redazione\" \/>\n<meta name=\"twitter:card\" content=\"summary_large_image\" \/>\n<meta name=\"twitter:creator\" content=\"@bellunopress\" \/>\n<meta name=\"twitter:site\" content=\"@bellunopress\" \/>\n<meta name=\"twitter:label1\" content=\"Written by\" \/>\n\t<meta name=\"twitter:data1\" content=\"redazione\" \/>\n\t<meta name=\"twitter:label2\" content=\"Est. reading time\" \/>\n\t<meta name=\"twitter:data2\" content=\"4 minutes\" \/>\n<script type=\"application\/ld+json\" class=\"yoast-schema-graph\">{\"@context\":\"https:\\\/\\\/schema.org\",\"@graph\":[{\"@type\":\"Article\",\"@id\":\"https:\\\/\\\/www.bellunopress.it\\\/2019\\\/11\\\/24\\\/laiuto-al-suicidio-non-e-contrario-ai-dettami-costituzionali-lo-dice-la-corte-costituzionale-in-relazione-al-caso-di-dj-fabo\\\/#article\",\"isPartOf\":{\"@id\":\"https:\\\/\\\/www.bellunopress.it\\\/2019\\\/11\\\/24\\\/laiuto-al-suicidio-non-e-contrario-ai-dettami-costituzionali-lo-dice-la-corte-costituzionale-in-relazione-al-caso-di-dj-fabo\\\/\"},\"author\":{\"name\":\"redazione\",\"@id\":\"https:\\\/\\\/www.bellunopress.it\\\/#\\\/schema\\\/person\\\/79bb06722b37ece1c03d3e94beb30d73\"},\"headline\":\"L&#8217;aiuto al suicidio non \u00e8 contrario ai dettami costituzionali. Lo dice la Corte Costituzionale in relazione al caso di Dj Fabo\",\"datePublished\":\"2019-11-24T20:24:40+00:00\",\"dateModified\":\"2019-11-24T20:44:25+00:00\",\"mainEntityOfPage\":{\"@id\":\"https:\\\/\\\/www.bellunopress.it\\\/2019\\\/11\\\/24\\\/laiuto-al-suicidio-non-e-contrario-ai-dettami-costituzionali-lo-dice-la-corte-costituzionale-in-relazione-al-caso-di-dj-fabo\\\/\"},\"wordCount\":751,\"publisher\":{\"@id\":\"https:\\\/\\\/www.bellunopress.it\\\/#organization\"},\"image\":{\"@id\":\"https:\\\/\\\/www.bellunopress.it\\\/2019\\\/11\\\/24\\\/laiuto-al-suicidio-non-e-contrario-ai-dettami-costituzionali-lo-dice-la-corte-costituzionale-in-relazione-al-caso-di-dj-fabo\\\/#primaryimage\"},\"thumbnailUrl\":\"http:\\\/\\\/www.bellunopress.it\\\/wp-content\\\/uploads\\\/2019\\\/09\\\/consulta-bioetica-onlus.jpg\",\"articleSection\":[\"Prima Pagina\",\"Sanit\u00e0 Medicina\",\"Societ\u00e0, Associazioni, Istituzioni\"],\"inLanguage\":\"fr-FR\"},{\"@type\":\"WebPage\",\"@id\":\"https:\\\/\\\/www.bellunopress.it\\\/2019\\\/11\\\/24\\\/laiuto-al-suicidio-non-e-contrario-ai-dettami-costituzionali-lo-dice-la-corte-costituzionale-in-relazione-al-caso-di-dj-fabo\\\/\",\"url\":\"https:\\\/\\\/www.bellunopress.it\\\/2019\\\/11\\\/24\\\/laiuto-al-suicidio-non-e-contrario-ai-dettami-costituzionali-lo-dice-la-corte-costituzionale-in-relazione-al-caso-di-dj-fabo\\\/\",\"name\":\"L'aiuto al suicidio non \u00e8 contrario ai dettami costituzionali. Lo dice la Corte Costituzionale in relazione al caso di Dj Fabo - Bellunopress - Dolomiti\",\"isPartOf\":{\"@id\":\"https:\\\/\\\/www.bellunopress.it\\\/#website\"},\"primaryImageOfPage\":{\"@id\":\"https:\\\/\\\/www.bellunopress.it\\\/2019\\\/11\\\/24\\\/laiuto-al-suicidio-non-e-contrario-ai-dettami-costituzionali-lo-dice-la-corte-costituzionale-in-relazione-al-caso-di-dj-fabo\\\/#primaryimage\"},\"image\":{\"@id\":\"https:\\\/\\\/www.bellunopress.it\\\/2019\\\/11\\\/24\\\/laiuto-al-suicidio-non-e-contrario-ai-dettami-costituzionali-lo-dice-la-corte-costituzionale-in-relazione-al-caso-di-dj-fabo\\\/#primaryimage\"},\"thumbnailUrl\":\"http:\\\/\\\/www.bellunopress.it\\\/wp-content\\\/uploads\\\/2019\\\/09\\\/consulta-bioetica-onlus.jpg\",\"datePublished\":\"2019-11-24T20:24:40+00:00\",\"dateModified\":\"2019-11-24T20:44:25+00:00\",\"breadcrumb\":{\"@id\":\"https:\\\/\\\/www.bellunopress.it\\\/2019\\\/11\\\/24\\\/laiuto-al-suicidio-non-e-contrario-ai-dettami-costituzionali-lo-dice-la-corte-costituzionale-in-relazione-al-caso-di-dj-fabo\\\/#breadcrumb\"},\"inLanguage\":\"fr-FR\",\"potentialAction\":[{\"@type\":\"ReadAction\",\"target\":[\"https:\\\/\\\/www.bellunopress.it\\\/2019\\\/11\\\/24\\\/laiuto-al-suicidio-non-e-contrario-ai-dettami-costituzionali-lo-dice-la-corte-costituzionale-in-relazione-al-caso-di-dj-fabo\\\/\"]}]},{\"@type\":\"ImageObject\",\"inLanguage\":\"fr-FR\",\"@id\":\"https:\\\/\\\/www.bellunopress.it\\\/2019\\\/11\\\/24\\\/laiuto-al-suicidio-non-e-contrario-ai-dettami-costituzionali-lo-dice-la-corte-costituzionale-in-relazione-al-caso-di-dj-fabo\\\/#primaryimage\",\"url\":\"http:\\\/\\\/www.bellunopress.it\\\/wp-content\\\/uploads\\\/2019\\\/09\\\/consulta-bioetica-onlus.jpg\",\"contentUrl\":\"http:\\\/\\\/www.bellunopress.it\\\/wp-content\\\/uploads\\\/2019\\\/09\\\/consulta-bioetica-onlus.jpg\"},{\"@type\":\"BreadcrumbList\",\"@id\":\"https:\\\/\\\/www.bellunopress.it\\\/2019\\\/11\\\/24\\\/laiuto-al-suicidio-non-e-contrario-ai-dettami-costituzionali-lo-dice-la-corte-costituzionale-in-relazione-al-caso-di-dj-fabo\\\/#breadcrumb\",\"itemListElement\":[{\"@type\":\"ListItem\",\"position\":1,\"name\":\"Home\",\"item\":\"https:\\\/\\\/www.bellunopress.it\\\/\"},{\"@type\":\"ListItem\",\"position\":2,\"name\":\"L&#8217;aiuto al suicidio non \u00e8 contrario ai dettami costituzionali. Lo dice la Corte Costituzionale in relazione al caso di Dj Fabo\"}]},{\"@type\":\"WebSite\",\"@id\":\"https:\\\/\\\/www.bellunopress.it\\\/#website\",\"url\":\"https:\\\/\\\/www.bellunopress.it\\\/\",\"name\":\"Bellunopress - Dolomiti\",\"description\":\"e-mail: redazione@bellunopress.it\",\"publisher\":{\"@id\":\"https:\\\/\\\/www.bellunopress.it\\\/#organization\"},\"potentialAction\":[{\"@type\":\"SearchAction\",\"target\":{\"@type\":\"EntryPoint\",\"urlTemplate\":\"https:\\\/\\\/www.bellunopress.it\\\/?s={search_term_string}\"},\"query-input\":{\"@type\":\"PropertyValueSpecification\",\"valueRequired\":true,\"valueName\":\"search_term_string\"}}],\"inLanguage\":\"fr-FR\"},{\"@type\":\"Organization\",\"@id\":\"https:\\\/\\\/www.bellunopress.it\\\/#organization\",\"name\":\"Bellunopress\",\"url\":\"https:\\\/\\\/www.bellunopress.it\\\/\",\"logo\":{\"@type\":\"ImageObject\",\"inLanguage\":\"fr-FR\",\"@id\":\"https:\\\/\\\/www.bellunopress.it\\\/#\\\/schema\\\/logo\\\/image\\\/\",\"url\":\"https:\\\/\\\/www.bellunopress.it\\\/wp-content\\\/uploads\\\/2011\\\/05\\\/cropped-logo-bellunopress-.jpg\",\"contentUrl\":\"https:\\\/\\\/www.bellunopress.it\\\/wp-content\\\/uploads\\\/2011\\\/05\\\/cropped-logo-bellunopress-.jpg\",\"width\":512,\"height\":512,\"caption\":\"Bellunopress\"},\"image\":{\"@id\":\"https:\\\/\\\/www.bellunopress.it\\\/#\\\/schema\\\/logo\\\/image\\\/\"},\"sameAs\":[\"https:\\\/\\\/www.facebook.com\\\/profile.php?id=100008943462799\",\"https:\\\/\\\/x.com\\\/bellunopress\",\"https:\\\/\\\/www.linkedin.com\\\/hp\\\/?dnr=JBzUWaJfMUw8vbXJJ2tVW5-I3jZKvC4wsoxE&amp;amp;amp;amp;amp;amp;trk=nav_responsive_tab_home\",\"https:\\\/\\\/www.youtube.com\\\/channel\\\/UCxL0wu1uN0_3_7hGG0306cw\"]},{\"@type\":\"Person\",\"@id\":\"https:\\\/\\\/www.bellunopress.it\\\/#\\\/schema\\\/person\\\/79bb06722b37ece1c03d3e94beb30d73\",\"name\":\"redazione\",\"image\":{\"@type\":\"ImageObject\",\"inLanguage\":\"fr-FR\",\"@id\":\"https:\\\/\\\/secure.gravatar.com\\\/avatar\\\/37d968a2e67a6fd04c169c4bdef102d0bc5d31b2546345219e348575eb80e9a0?s=96&d=mm&r=g\",\"url\":\"https:\\\/\\\/secure.gravatar.com\\\/avatar\\\/37d968a2e67a6fd04c169c4bdef102d0bc5d31b2546345219e348575eb80e9a0?s=96&d=mm&r=g\",\"contentUrl\":\"https:\\\/\\\/secure.gravatar.com\\\/avatar\\\/37d968a2e67a6fd04c169c4bdef102d0bc5d31b2546345219e348575eb80e9a0?s=96&d=mm&r=g\",\"caption\":\"redazione\"},\"sameAs\":[\"http:\\\/\\\/www.bellunopress.it\",\"https:\\\/\\\/x.com\\\/bellunopress\"],\"url\":\"https:\\\/\\\/www.bellunopress.it\\\/fr\\\/author\\\/redazione\\\/\"}]}<\/script>\n<!-- \/ Yoast SEO plugin. -->","yoast_head_json":{"title":"L'aiuto al suicidio non \u00e8 contrario ai dettami costituzionali. Lo dice la Corte Costituzionale in relazione al caso di Dj Fabo - Bellunopress - Dolomiti","robots":{"index":"index","follow":"follow","max-snippet":"max-snippet:-1","max-image-preview":"max-image-preview:large","max-video-preview":"max-video-preview:-1"},"canonical":"https:\/\/www.bellunopress.it\/fr\/2019\/11\/24\/laiuto-al-suicidio-non-e-contrario-ai-dettami-costituzionali-lo-dice-la-corte-costituzionale-in-relazione-al-caso-di-dj-fabo\/","og_locale":"fr_FR","og_type":"article","og_title":"L'aiuto al suicidio non \u00e8 contrario ai dettami costituzionali. Lo dice la Corte Costituzionale in relazione al caso di Dj Fabo - Bellunopress - Dolomiti","og_description":"La Corte Costituzionale ha depositato il 23\/11\/2019 le motivazioni della sentenza 242 sul fine vita, che tratta dei presupposti in cui l\u2019aiuto al suicidio non \u00e8 contrario ai dettami Costituzionali. Lo fa sapere la Consulta di Bioetica Onlus, sezione di Belluno, rappresentata dal dottor Davide Mazzon, medico anestesista rianimatore. Come \u00e8 noto, il caso che [&hellip;]","og_url":"https:\/\/www.bellunopress.it\/fr\/2019\/11\/24\/laiuto-al-suicidio-non-e-contrario-ai-dettami-costituzionali-lo-dice-la-corte-costituzionale-in-relazione-al-caso-di-dj-fabo\/","og_site_name":"Bellunopress - Dolomiti","article_publisher":"https:\/\/www.facebook.com\/profile.php?id=100008943462799","article_published_time":"2019-11-24T20:24:40+00:00","article_modified_time":"2019-11-24T20:44:25+00:00","og_image":[{"url":"http:\/\/www.bellunopress.it\/wp-content\/uploads\/2019\/09\/consulta-bioetica-onlus.jpg","type":"","width":"","height":""}],"author":"redazione","twitter_card":"summary_large_image","twitter_creator":"@bellunopress","twitter_site":"@bellunopress","twitter_misc":{"Written by":"redazione","Est. reading time":"4 minutes"},"schema":{"@context":"https:\/\/schema.org","@graph":[{"@type":"Article","@id":"https:\/\/www.bellunopress.it\/2019\/11\/24\/laiuto-al-suicidio-non-e-contrario-ai-dettami-costituzionali-lo-dice-la-corte-costituzionale-in-relazione-al-caso-di-dj-fabo\/#article","isPartOf":{"@id":"https:\/\/www.bellunopress.it\/2019\/11\/24\/laiuto-al-suicidio-non-e-contrario-ai-dettami-costituzionali-lo-dice-la-corte-costituzionale-in-relazione-al-caso-di-dj-fabo\/"},"author":{"name":"redazione","@id":"https:\/\/www.bellunopress.it\/#\/schema\/person\/79bb06722b37ece1c03d3e94beb30d73"},"headline":"L&#8217;aiuto al suicidio non \u00e8 contrario ai dettami costituzionali. Lo dice la Corte Costituzionale in relazione al caso di Dj Fabo","datePublished":"2019-11-24T20:24:40+00:00","dateModified":"2019-11-24T20:44:25+00:00","mainEntityOfPage":{"@id":"https:\/\/www.bellunopress.it\/2019\/11\/24\/laiuto-al-suicidio-non-e-contrario-ai-dettami-costituzionali-lo-dice-la-corte-costituzionale-in-relazione-al-caso-di-dj-fabo\/"},"wordCount":751,"publisher":{"@id":"https:\/\/www.bellunopress.it\/#organization"},"image":{"@id":"https:\/\/www.bellunopress.it\/2019\/11\/24\/laiuto-al-suicidio-non-e-contrario-ai-dettami-costituzionali-lo-dice-la-corte-costituzionale-in-relazione-al-caso-di-dj-fabo\/#primaryimage"},"thumbnailUrl":"http:\/\/www.bellunopress.it\/wp-content\/uploads\/2019\/09\/consulta-bioetica-onlus.jpg","articleSection":["Prima Pagina","Sanit\u00e0 Medicina","Societ\u00e0, Associazioni, Istituzioni"],"inLanguage":"fr-FR"},{"@type":"WebPage","@id":"https:\/\/www.bellunopress.it\/2019\/11\/24\/laiuto-al-suicidio-non-e-contrario-ai-dettami-costituzionali-lo-dice-la-corte-costituzionale-in-relazione-al-caso-di-dj-fabo\/","url":"https:\/\/www.bellunopress.it\/2019\/11\/24\/laiuto-al-suicidio-non-e-contrario-ai-dettami-costituzionali-lo-dice-la-corte-costituzionale-in-relazione-al-caso-di-dj-fabo\/","name":"L'aiuto al suicidio non \u00e8 contrario ai dettami costituzionali. Lo dice la Corte Costituzionale in relazione al caso di Dj Fabo - Bellunopress - Dolomiti","isPartOf":{"@id":"https:\/\/www.bellunopress.it\/#website"},"primaryImageOfPage":{"@id":"https:\/\/www.bellunopress.it\/2019\/11\/24\/laiuto-al-suicidio-non-e-contrario-ai-dettami-costituzionali-lo-dice-la-corte-costituzionale-in-relazione-al-caso-di-dj-fabo\/#primaryimage"},"image":{"@id":"https:\/\/www.bellunopress.it\/2019\/11\/24\/laiuto-al-suicidio-non-e-contrario-ai-dettami-costituzionali-lo-dice-la-corte-costituzionale-in-relazione-al-caso-di-dj-fabo\/#primaryimage"},"thumbnailUrl":"http:\/\/www.bellunopress.it\/wp-content\/uploads\/2019\/09\/consulta-bioetica-onlus.jpg","datePublished":"2019-11-24T20:24:40+00:00","dateModified":"2019-11-24T20:44:25+00:00","breadcrumb":{"@id":"https:\/\/www.bellunopress.it\/2019\/11\/24\/laiuto-al-suicidio-non-e-contrario-ai-dettami-costituzionali-lo-dice-la-corte-costituzionale-in-relazione-al-caso-di-dj-fabo\/#breadcrumb"},"inLanguage":"fr-FR","potentialAction":[{"@type":"ReadAction","target":["https:\/\/www.bellunopress.it\/2019\/11\/24\/laiuto-al-suicidio-non-e-contrario-ai-dettami-costituzionali-lo-dice-la-corte-costituzionale-in-relazione-al-caso-di-dj-fabo\/"]}]},{"@type":"ImageObject","inLanguage":"fr-FR","@id":"https:\/\/www.bellunopress.it\/2019\/11\/24\/laiuto-al-suicidio-non-e-contrario-ai-dettami-costituzionali-lo-dice-la-corte-costituzionale-in-relazione-al-caso-di-dj-fabo\/#primaryimage","url":"http:\/\/www.bellunopress.it\/wp-content\/uploads\/2019\/09\/consulta-bioetica-onlus.jpg","contentUrl":"http:\/\/www.bellunopress.it\/wp-content\/uploads\/2019\/09\/consulta-bioetica-onlus.jpg"},{"@type":"BreadcrumbList","@id":"https:\/\/www.bellunopress.it\/2019\/11\/24\/laiuto-al-suicidio-non-e-contrario-ai-dettami-costituzionali-lo-dice-la-corte-costituzionale-in-relazione-al-caso-di-dj-fabo\/#breadcrumb","itemListElement":[{"@type":"ListItem","position":1,"name":"Home","item":"https:\/\/www.bellunopress.it\/"},{"@type":"ListItem","position":2,"name":"L&#8217;aiuto al suicidio non \u00e8 contrario ai dettami costituzionali. Lo dice la Corte Costituzionale in relazione al caso di Dj Fabo"}]},{"@type":"WebSite","@id":"https:\/\/www.bellunopress.it\/#website","url":"https:\/\/www.bellunopress.it\/","name":"Bellunopress - Dolomiti","description":"e-mail: redazione@bellunopress.it","publisher":{"@id":"https:\/\/www.bellunopress.it\/#organization"},"potentialAction":[{"@type":"SearchAction","target":{"@type":"EntryPoint","urlTemplate":"https:\/\/www.bellunopress.it\/?s={search_term_string}"},"query-input":{"@type":"PropertyValueSpecification","valueRequired":true,"valueName":"search_term_string"}}],"inLanguage":"fr-FR"},{"@type":"Organization","@id":"https:\/\/www.bellunopress.it\/#organization","name":"Bellunopress","url":"https:\/\/www.bellunopress.it\/","logo":{"@type":"ImageObject","inLanguage":"fr-FR","@id":"https:\/\/www.bellunopress.it\/#\/schema\/logo\/image\/","url":"https:\/\/www.bellunopress.it\/wp-content\/uploads\/2011\/05\/cropped-logo-bellunopress-.jpg","contentUrl":"https:\/\/www.bellunopress.it\/wp-content\/uploads\/2011\/05\/cropped-logo-bellunopress-.jpg","width":512,"height":512,"caption":"Bellunopress"},"image":{"@id":"https:\/\/www.bellunopress.it\/#\/schema\/logo\/image\/"},"sameAs":["https:\/\/www.facebook.com\/profile.php?id=100008943462799","https:\/\/x.com\/bellunopress","https:\/\/www.linkedin.com\/hp\/?dnr=JBzUWaJfMUw8vbXJJ2tVW5-I3jZKvC4wsoxE&amp;amp;amp;amp;amp;amp;trk=nav_responsive_tab_home","https:\/\/www.youtube.com\/channel\/UCxL0wu1uN0_3_7hGG0306cw"]},{"@type":"Person","@id":"https:\/\/www.bellunopress.it\/#\/schema\/person\/79bb06722b37ece1c03d3e94beb30d73","name":"r\u00e9daction","image":{"@type":"ImageObject","inLanguage":"fr-FR","@id":"https:\/\/secure.gravatar.com\/avatar\/37d968a2e67a6fd04c169c4bdef102d0bc5d31b2546345219e348575eb80e9a0?s=96&d=mm&r=g","url":"https:\/\/secure.gravatar.com\/avatar\/37d968a2e67a6fd04c169c4bdef102d0bc5d31b2546345219e348575eb80e9a0?s=96&d=mm&r=g","contentUrl":"https:\/\/secure.gravatar.com\/avatar\/37d968a2e67a6fd04c169c4bdef102d0bc5d31b2546345219e348575eb80e9a0?s=96&d=mm&r=g","caption":"redazione"},"sameAs":["http:\/\/www.bellunopress.it","https:\/\/x.com\/bellunopress"],"url":"https:\/\/www.bellunopress.it\/fr\/author\/redazione\/"}]}},"_links":{"self":[{"href":"https:\/\/www.bellunopress.it\/fr\/wp-json\/wp\/v2\/posts\/109895","targetHints":{"allow":["GET"]}}],"collection":[{"href":"https:\/\/www.bellunopress.it\/fr\/wp-json\/wp\/v2\/posts"}],"about":[{"href":"https:\/\/www.bellunopress.it\/fr\/wp-json\/wp\/v2\/types\/post"}],"author":[{"embeddable":true,"href":"https:\/\/www.bellunopress.it\/fr\/wp-json\/wp\/v2\/users\/2"}],"replies":[{"embeddable":true,"href":"https:\/\/www.bellunopress.it\/fr\/wp-json\/wp\/v2\/comments?post=109895"}],"version-history":[{"count":2,"href":"https:\/\/www.bellunopress.it\/fr\/wp-json\/wp\/v2\/posts\/109895\/revisions"}],"predecessor-version":[{"id":109898,"href":"https:\/\/www.bellunopress.it\/fr\/wp-json\/wp\/v2\/posts\/109895\/revisions\/109898"}],"wp:attachment":[{"href":"https:\/\/www.bellunopress.it\/fr\/wp-json\/wp\/v2\/media?parent=109895"}],"wp:term":[{"taxonomy":"category","embeddable":true,"href":"https:\/\/www.bellunopress.it\/fr\/wp-json\/wp\/v2\/categories?post=109895"},{"taxonomy":"post_tag","embeddable":true,"href":"https:\/\/www.bellunopress.it\/fr\/wp-json\/wp\/v2\/tags?post=109895"}],"curies":[{"name":"wp","href":"https:\/\/api.w.org\/{rel}","templated":true}]}}