{"id":109891,"date":"2019-11-24T18:02:54","date_gmt":"2019-11-24T17:02:54","guid":{"rendered":"http:\/\/www.bellunopress.it\/?p=109891"},"modified":"2019-11-24T18:02:54","modified_gmt":"2019-11-24T17:02:54","slug":"meteo-allerta-fiumi-in-piena-nel-veneto","status":"publish","type":"post","link":"https:\/\/www.bellunopress.it\/fr\/2019\/11\/24\/meteo-allerta-fiumi-in-piena-nel-veneto\/","title":{"rendered":"Meteo. Allerta fiumi in piena nel Veneto"},"content":{"rendered":"<p><a href=\"http:\/\/www.bellunopress.it\/fr\/2012\/02\/09\/meteo-veneto-stato-di-attenzione-per-probabili-nevicate-fino-a-domenica-mattina\/protezione-civile-veneto\/\" rel=\"attachment wp-att-34952\"><img loading=\"lazy\" decoding=\"async\" class=\"alignleft size-full wp-image-34952\" src=\"http:\/\/www.bellunopress.it\/wp-content\/uploads\/2012\/02\/protezione-civile-veneto.jpg\" alt=\"\" width=\"140\" height=\"140\" \/><\/a>Venezia, 24 novembre 2019\u00a0 &#8211;\u00a0\u00a0A causa delle precipitazioni delle ultime ore si sono registrati ulteriori incrementi dei livelli idrometrici in Veneto. Il Centro funzionale decentrato della Protezione Civile segnala in particolare i seguenti corsi d\u2019acqua:<\/p>\n<p>\u2022 Piave: le sezioni di Ponte di Piave e San Don\u00e0 sono in crescita e Ponte di Piave ha superato la prima guardia. A Segusino \u00e8 transitato il colmo di piena verso le ore 12 odierne ed i livelli sono in calo. A Busche transitano circa 650 mc\/s in calo.<\/p>\n<p>\u2022 Agno-Gu\u00e0: i livelli si mantengono sopra la prima soglia di allerta nelle sezioni di Ponte Arzignano e Ponte Gu\u00e0, sopra la seconda a Recoaro, Ponte Brogliano, Ponte Asse e Lonigo, con trend in salita, salvo la stazione di monte.<br \/>\n\u2022 Astico-Posina: i livelli risultano in costante crescita in tutte le sezioni; Posina a Stancari , Tesina a Bolzano Vicentino (sopra prima soglia), Astico a Lugo (sopra la terza soglia di allerta). Dalla Diga di Leda sono in corso rilasci.<br \/>\n\u2022 Bacchiglione: livelli in aumento in tutte le sezioni, salvo quella di Ponte Marchese che mostra il primo dato delle ore 15 in calo. Tutte le sezioni fino a Montegalda sono sopra al primo livello di guardia.<br \/>\n\u2022 Brenta: nella sezione di Bassano si \u00e8 superata la seconda soglia di allerta; il livello \u00e8 stato in forte crescita nelle ultime ore, anche se l\u2019ultimo dato mostra una temporanea flessione. A Limena il livello \u00e8 sotto la prima guardia, ma in crescita.<br \/>\n\u2022 Fratta \u2013 Gorzone: permane sotto la prima guardia.<br \/>\n\u2022 Meschio: i livelli risultano in diminuzione.<br \/>\n\u2022 Livenza: i livelli sono in generale salita tranne a San Cassiano dove pur restando sopra la prima guardia, si registra una diminuzione.<br \/>\n\u2022 Po: a causa del transito di un\u2019onda di morbida\/piena, si segnalano livelli sopra la seconda guardia e in discesa ad Ariano, e di poco sotto al primo livello di guardia alla sezione di Polesella, stazionario .<\/p>\n<p>Dalle ore 18 si attendono ulteriori incrementi dei livelli idrometrici dei principali corsi d\u2019acqua, ad esclusione delle sezione di monte. In particolare \u00e8 sotto osservazione il sistema Astico-Bacchiglione, Brenta e Agno-Gu\u00e0. A Vicenza passer\u00e0 a breve il colmo di piena del Bacchiglione. Nella notte transiter\u00e0 il colmo di piena del Bacchiglione a Longare, verso le 23, dove si attende il superamento della seconda soglia. Il Piave continuer\u00e0 a salire nelle prossime ore nelle sezioni di pianura.<br \/>\nLe precipitazioni previste potranno inoltre creare possibili locali disagi nella rete di drenaggio urbano e in alcuni canali della rete secondaria. La saturazione dei terreni \u2013 avverte il sistema della Protezione civile del Veneto &#8211; potr\u00e0 determinare l&#8217;innesco di fenomeni franosi sui versanti.<\/p>\n<p>&nbsp;<\/p>","protected":false},"excerpt":{"rendered":"<p>Venezia, 24 novembre 2019\u00a0 &#8211;\u00a0\u00a0A causa delle precipitazioni delle ultime ore si sono registrati ulteriori incrementi dei livelli idrometrici in Veneto. Il Centro funzionale decentrato della Protezione Civile segnala in particolare i seguenti corsi d\u2019acqua: \u2022 Piave: le sezioni di Ponte di Piave e San Don\u00e0 sono in crescita e Ponte di Piave ha superato [&hellip;]<\/p>\n","protected":false},"author":2,"featured_media":0,"comment_status":"closed","ping_status":"open","sticky":false,"template":"","format":"standard","meta":{"footnotes":""},"categories":[5,38,26],"tags":[],"class_list":["post-109891","post","type-post","status-publish","format-standard","category-cronaca","category-natura-ambiente","category-prima-pagina"],"yoast_head":"<!-- This site is optimized with the Yoast SEO plugin v28.4 - https:\/\/yoast.com\/product\/yoast-seo-wordpress\/ -->\n<title>Meteo. Allerta fiumi in piena nel Veneto - Bellunopress - Dolomiti<\/title>\n<meta name=\"robots\" content=\"index, follow, max-snippet:-1, max-image-preview:large, max-video-preview:-1\" \/>\n<link rel=\"canonical\" href=\"https:\/\/www.bellunopress.it\/fr\/2019\/11\/24\/meteo-allerta-fiumi-in-piena-nel-veneto\/\" \/>\n<meta property=\"og:locale\" content=\"fr_FR\" \/>\n<meta property=\"og:type\" content=\"article\" \/>\n<meta property=\"og:title\" content=\"Meteo. Allerta fiumi in piena nel Veneto - Bellunopress - Dolomiti\" \/>\n<meta property=\"og:description\" content=\"Venezia, 24 novembre 2019\u00a0 &#8211;\u00a0\u00a0A causa delle precipitazioni delle ultime ore si sono registrati ulteriori incrementi dei livelli idrometrici in Veneto. Il Centro funzionale decentrato della Protezione Civile segnala in particolare i seguenti corsi d\u2019acqua: \u2022 Piave: le sezioni di Ponte di Piave e San Don\u00e0 sono in crescita e Ponte di Piave ha superato [&hellip;]\" \/>\n<meta property=\"og:url\" content=\"https:\/\/www.bellunopress.it\/fr\/2019\/11\/24\/meteo-allerta-fiumi-in-piena-nel-veneto\/\" \/>\n<meta property=\"og:site_name\" content=\"Bellunopress - Dolomiti\" \/>\n<meta property=\"article:publisher\" content=\"https:\/\/www.facebook.com\/profile.php?id=100008943462799\" \/>\n<meta property=\"article:published_time\" content=\"2019-11-24T17:02:54+00:00\" \/>\n<meta property=\"og:image\" content=\"http:\/\/www.bellunopress.it\/wp-content\/uploads\/2012\/02\/protezione-civile-veneto.jpg\" \/>\n<meta name=\"author\" content=\"redazione\" \/>\n<meta name=\"twitter:card\" content=\"summary_large_image\" \/>\n<meta name=\"twitter:creator\" content=\"@bellunopress\" \/>\n<meta name=\"twitter:site\" content=\"@bellunopress\" \/>\n<meta name=\"twitter:label1\" content=\"Written by\" \/>\n\t<meta name=\"twitter:data1\" content=\"redazione\" \/>\n\t<meta name=\"twitter:label2\" content=\"Est. reading time\" \/>\n\t<meta name=\"twitter:data2\" content=\"2 minutes\" \/>\n<script type=\"application\/ld+json\" class=\"yoast-schema-graph\">{\"@context\":\"https:\\\/\\\/schema.org\",\"@graph\":[{\"@type\":\"Article\",\"@id\":\"https:\\\/\\\/www.bellunopress.it\\\/2019\\\/11\\\/24\\\/meteo-allerta-fiumi-in-piena-nel-veneto\\\/#article\",\"isPartOf\":{\"@id\":\"https:\\\/\\\/www.bellunopress.it\\\/2019\\\/11\\\/24\\\/meteo-allerta-fiumi-in-piena-nel-veneto\\\/\"},\"author\":{\"name\":\"redazione\",\"@id\":\"https:\\\/\\\/www.bellunopress.it\\\/#\\\/schema\\\/person\\\/79bb06722b37ece1c03d3e94beb30d73\"},\"headline\":\"Meteo. Allerta fiumi in piena nel Veneto\",\"datePublished\":\"2019-11-24T17:02:54+00:00\",\"mainEntityOfPage\":{\"@id\":\"https:\\\/\\\/www.bellunopress.it\\\/2019\\\/11\\\/24\\\/meteo-allerta-fiumi-in-piena-nel-veneto\\\/\"},\"wordCount\":432,\"publisher\":{\"@id\":\"https:\\\/\\\/www.bellunopress.it\\\/#organization\"},\"image\":{\"@id\":\"https:\\\/\\\/www.bellunopress.it\\\/2019\\\/11\\\/24\\\/meteo-allerta-fiumi-in-piena-nel-veneto\\\/#primaryimage\"},\"thumbnailUrl\":\"http:\\\/\\\/www.bellunopress.it\\\/wp-content\\\/uploads\\\/2012\\\/02\\\/protezione-civile-veneto.jpg\",\"articleSection\":[\"Cronaca\\\/Politica\",\"Meteo, natura, ambiente, animali\",\"Prima Pagina\"],\"inLanguage\":\"fr-FR\"},{\"@type\":\"WebPage\",\"@id\":\"https:\\\/\\\/www.bellunopress.it\\\/2019\\\/11\\\/24\\\/meteo-allerta-fiumi-in-piena-nel-veneto\\\/\",\"url\":\"https:\\\/\\\/www.bellunopress.it\\\/2019\\\/11\\\/24\\\/meteo-allerta-fiumi-in-piena-nel-veneto\\\/\",\"name\":\"Meteo. Allerta fiumi in piena nel Veneto - Bellunopress - Dolomiti\",\"isPartOf\":{\"@id\":\"https:\\\/\\\/www.bellunopress.it\\\/#website\"},\"primaryImageOfPage\":{\"@id\":\"https:\\\/\\\/www.bellunopress.it\\\/2019\\\/11\\\/24\\\/meteo-allerta-fiumi-in-piena-nel-veneto\\\/#primaryimage\"},\"image\":{\"@id\":\"https:\\\/\\\/www.bellunopress.it\\\/2019\\\/11\\\/24\\\/meteo-allerta-fiumi-in-piena-nel-veneto\\\/#primaryimage\"},\"thumbnailUrl\":\"http:\\\/\\\/www.bellunopress.it\\\/wp-content\\\/uploads\\\/2012\\\/02\\\/protezione-civile-veneto.jpg\",\"datePublished\":\"2019-11-24T17:02:54+00:00\",\"breadcrumb\":{\"@id\":\"https:\\\/\\\/www.bellunopress.it\\\/2019\\\/11\\\/24\\\/meteo-allerta-fiumi-in-piena-nel-veneto\\\/#breadcrumb\"},\"inLanguage\":\"fr-FR\",\"potentialAction\":[{\"@type\":\"ReadAction\",\"target\":[\"https:\\\/\\\/www.bellunopress.it\\\/2019\\\/11\\\/24\\\/meteo-allerta-fiumi-in-piena-nel-veneto\\\/\"]}]},{\"@type\":\"ImageObject\",\"inLanguage\":\"fr-FR\",\"@id\":\"https:\\\/\\\/www.bellunopress.it\\\/2019\\\/11\\\/24\\\/meteo-allerta-fiumi-in-piena-nel-veneto\\\/#primaryimage\",\"url\":\"http:\\\/\\\/www.bellunopress.it\\\/wp-content\\\/uploads\\\/2012\\\/02\\\/protezione-civile-veneto.jpg\",\"contentUrl\":\"http:\\\/\\\/www.bellunopress.it\\\/wp-content\\\/uploads\\\/2012\\\/02\\\/protezione-civile-veneto.jpg\"},{\"@type\":\"BreadcrumbList\",\"@id\":\"https:\\\/\\\/www.bellunopress.it\\\/2019\\\/11\\\/24\\\/meteo-allerta-fiumi-in-piena-nel-veneto\\\/#breadcrumb\",\"itemListElement\":[{\"@type\":\"ListItem\",\"position\":1,\"name\":\"Home\",\"item\":\"https:\\\/\\\/www.bellunopress.it\\\/\"},{\"@type\":\"ListItem\",\"position\":2,\"name\":\"Meteo. Allerta fiumi in piena nel Veneto\"}]},{\"@type\":\"WebSite\",\"@id\":\"https:\\\/\\\/www.bellunopress.it\\\/#website\",\"url\":\"https:\\\/\\\/www.bellunopress.it\\\/\",\"name\":\"Bellunopress - Dolomiti\",\"description\":\"e-mail: redazione@bellunopress.it\",\"publisher\":{\"@id\":\"https:\\\/\\\/www.bellunopress.it\\\/#organization\"},\"potentialAction\":[{\"@type\":\"SearchAction\",\"target\":{\"@type\":\"EntryPoint\",\"urlTemplate\":\"https:\\\/\\\/www.bellunopress.it\\\/?s={search_term_string}\"},\"query-input\":{\"@type\":\"PropertyValueSpecification\",\"valueRequired\":true,\"valueName\":\"search_term_string\"}}],\"inLanguage\":\"fr-FR\"},{\"@type\":\"Organization\",\"@id\":\"https:\\\/\\\/www.bellunopress.it\\\/#organization\",\"name\":\"Bellunopress\",\"url\":\"https:\\\/\\\/www.bellunopress.it\\\/\",\"logo\":{\"@type\":\"ImageObject\",\"inLanguage\":\"fr-FR\",\"@id\":\"https:\\\/\\\/www.bellunopress.it\\\/#\\\/schema\\\/logo\\\/image\\\/\",\"url\":\"https:\\\/\\\/www.bellunopress.it\\\/wp-content\\\/uploads\\\/2011\\\/05\\\/cropped-logo-bellunopress-.jpg\",\"contentUrl\":\"https:\\\/\\\/www.bellunopress.it\\\/wp-content\\\/uploads\\\/2011\\\/05\\\/cropped-logo-bellunopress-.jpg\",\"width\":512,\"height\":512,\"caption\":\"Bellunopress\"},\"image\":{\"@id\":\"https:\\\/\\\/www.bellunopress.it\\\/#\\\/schema\\\/logo\\\/image\\\/\"},\"sameAs\":[\"https:\\\/\\\/www.facebook.com\\\/profile.php?id=100008943462799\",\"https:\\\/\\\/x.com\\\/bellunopress\",\"https:\\\/\\\/www.linkedin.com\\\/hp\\\/?dnr=JBzUWaJfMUw8vbXJJ2tVW5-I3jZKvC4wsoxE&amp;amp;amp;amp;amp;amp;trk=nav_responsive_tab_home\",\"https:\\\/\\\/www.youtube.com\\\/channel\\\/UCxL0wu1uN0_3_7hGG0306cw\"]},{\"@type\":\"Person\",\"@id\":\"https:\\\/\\\/www.bellunopress.it\\\/#\\\/schema\\\/person\\\/79bb06722b37ece1c03d3e94beb30d73\",\"name\":\"redazione\",\"image\":{\"@type\":\"ImageObject\",\"inLanguage\":\"fr-FR\",\"@id\":\"https:\\\/\\\/secure.gravatar.com\\\/avatar\\\/37d968a2e67a6fd04c169c4bdef102d0bc5d31b2546345219e348575eb80e9a0?s=96&d=mm&r=g\",\"url\":\"https:\\\/\\\/secure.gravatar.com\\\/avatar\\\/37d968a2e67a6fd04c169c4bdef102d0bc5d31b2546345219e348575eb80e9a0?s=96&d=mm&r=g\",\"contentUrl\":\"https:\\\/\\\/secure.gravatar.com\\\/avatar\\\/37d968a2e67a6fd04c169c4bdef102d0bc5d31b2546345219e348575eb80e9a0?s=96&d=mm&r=g\",\"caption\":\"redazione\"},\"sameAs\":[\"http:\\\/\\\/www.bellunopress.it\",\"https:\\\/\\\/x.com\\\/bellunopress\"],\"url\":\"https:\\\/\\\/www.bellunopress.it\\\/fr\\\/author\\\/redazione\\\/\"}]}<\/script>\n<!-- \/ Yoast SEO plugin. -->","yoast_head_json":{"title":"Meteo. Allerta fiumi in piena nel Veneto - Bellunopress - Dolomiti","robots":{"index":"index","follow":"follow","max-snippet":"max-snippet:-1","max-image-preview":"max-image-preview:large","max-video-preview":"max-video-preview:-1"},"canonical":"https:\/\/www.bellunopress.it\/fr\/2019\/11\/24\/meteo-allerta-fiumi-in-piena-nel-veneto\/","og_locale":"fr_FR","og_type":"article","og_title":"Meteo. Allerta fiumi in piena nel Veneto - Bellunopress - Dolomiti","og_description":"Venezia, 24 novembre 2019\u00a0 &#8211;\u00a0\u00a0A causa delle precipitazioni delle ultime ore si sono registrati ulteriori incrementi dei livelli idrometrici in Veneto. Il Centro funzionale decentrato della Protezione Civile segnala in particolare i seguenti corsi d\u2019acqua: \u2022 Piave: le sezioni di Ponte di Piave e San Don\u00e0 sono in crescita e Ponte di Piave ha superato [&hellip;]","og_url":"https:\/\/www.bellunopress.it\/fr\/2019\/11\/24\/meteo-allerta-fiumi-in-piena-nel-veneto\/","og_site_name":"Bellunopress - Dolomiti","article_publisher":"https:\/\/www.facebook.com\/profile.php?id=100008943462799","article_published_time":"2019-11-24T17:02:54+00:00","og_image":[{"url":"http:\/\/www.bellunopress.it\/wp-content\/uploads\/2012\/02\/protezione-civile-veneto.jpg","type":"","width":"","height":""}],"author":"redazione","twitter_card":"summary_large_image","twitter_creator":"@bellunopress","twitter_site":"@bellunopress","twitter_misc":{"Written by":"redazione","Est. reading time":"2 minutes"},"schema":{"@context":"https:\/\/schema.org","@graph":[{"@type":"Article","@id":"https:\/\/www.bellunopress.it\/2019\/11\/24\/meteo-allerta-fiumi-in-piena-nel-veneto\/#article","isPartOf":{"@id":"https:\/\/www.bellunopress.it\/2019\/11\/24\/meteo-allerta-fiumi-in-piena-nel-veneto\/"},"author":{"name":"redazione","@id":"https:\/\/www.bellunopress.it\/#\/schema\/person\/79bb06722b37ece1c03d3e94beb30d73"},"headline":"Meteo. Allerta fiumi in piena nel Veneto","datePublished":"2019-11-24T17:02:54+00:00","mainEntityOfPage":{"@id":"https:\/\/www.bellunopress.it\/2019\/11\/24\/meteo-allerta-fiumi-in-piena-nel-veneto\/"},"wordCount":432,"publisher":{"@id":"https:\/\/www.bellunopress.it\/#organization"},"image":{"@id":"https:\/\/www.bellunopress.it\/2019\/11\/24\/meteo-allerta-fiumi-in-piena-nel-veneto\/#primaryimage"},"thumbnailUrl":"http:\/\/www.bellunopress.it\/wp-content\/uploads\/2012\/02\/protezione-civile-veneto.jpg","articleSection":["Cronaca\/Politica","Meteo, natura, ambiente, animali","Prima Pagina"],"inLanguage":"fr-FR"},{"@type":"WebPage","@id":"https:\/\/www.bellunopress.it\/2019\/11\/24\/meteo-allerta-fiumi-in-piena-nel-veneto\/","url":"https:\/\/www.bellunopress.it\/2019\/11\/24\/meteo-allerta-fiumi-in-piena-nel-veneto\/","name":"Meteo. Allerta fiumi in piena nel Veneto - Bellunopress - Dolomiti","isPartOf":{"@id":"https:\/\/www.bellunopress.it\/#website"},"primaryImageOfPage":{"@id":"https:\/\/www.bellunopress.it\/2019\/11\/24\/meteo-allerta-fiumi-in-piena-nel-veneto\/#primaryimage"},"image":{"@id":"https:\/\/www.bellunopress.it\/2019\/11\/24\/meteo-allerta-fiumi-in-piena-nel-veneto\/#primaryimage"},"thumbnailUrl":"http:\/\/www.bellunopress.it\/wp-content\/uploads\/2012\/02\/protezione-civile-veneto.jpg","datePublished":"2019-11-24T17:02:54+00:00","breadcrumb":{"@id":"https:\/\/www.bellunopress.it\/2019\/11\/24\/meteo-allerta-fiumi-in-piena-nel-veneto\/#breadcrumb"},"inLanguage":"fr-FR","potentialAction":[{"@type":"ReadAction","target":["https:\/\/www.bellunopress.it\/2019\/11\/24\/meteo-allerta-fiumi-in-piena-nel-veneto\/"]}]},{"@type":"ImageObject","inLanguage":"fr-FR","@id":"https:\/\/www.bellunopress.it\/2019\/11\/24\/meteo-allerta-fiumi-in-piena-nel-veneto\/#primaryimage","url":"http:\/\/www.bellunopress.it\/wp-content\/uploads\/2012\/02\/protezione-civile-veneto.jpg","contentUrl":"http:\/\/www.bellunopress.it\/wp-content\/uploads\/2012\/02\/protezione-civile-veneto.jpg"},{"@type":"BreadcrumbList","@id":"https:\/\/www.bellunopress.it\/2019\/11\/24\/meteo-allerta-fiumi-in-piena-nel-veneto\/#breadcrumb","itemListElement":[{"@type":"ListItem","position":1,"name":"Home","item":"https:\/\/www.bellunopress.it\/"},{"@type":"ListItem","position":2,"name":"Meteo. Allerta fiumi in piena nel Veneto"}]},{"@type":"WebSite","@id":"https:\/\/www.bellunopress.it\/#website","url":"https:\/\/www.bellunopress.it\/","name":"Bellunopress - Dolomiti","description":"e-mail: redazione@bellunopress.it","publisher":{"@id":"https:\/\/www.bellunopress.it\/#organization"},"potentialAction":[{"@type":"SearchAction","target":{"@type":"EntryPoint","urlTemplate":"https:\/\/www.bellunopress.it\/?s={search_term_string}"},"query-input":{"@type":"PropertyValueSpecification","valueRequired":true,"valueName":"search_term_string"}}],"inLanguage":"fr-FR"},{"@type":"Organization","@id":"https:\/\/www.bellunopress.it\/#organization","name":"Bellunopress","url":"https:\/\/www.bellunopress.it\/","logo":{"@type":"ImageObject","inLanguage":"fr-FR","@id":"https:\/\/www.bellunopress.it\/#\/schema\/logo\/image\/","url":"https:\/\/www.bellunopress.it\/wp-content\/uploads\/2011\/05\/cropped-logo-bellunopress-.jpg","contentUrl":"https:\/\/www.bellunopress.it\/wp-content\/uploads\/2011\/05\/cropped-logo-bellunopress-.jpg","width":512,"height":512,"caption":"Bellunopress"},"image":{"@id":"https:\/\/www.bellunopress.it\/#\/schema\/logo\/image\/"},"sameAs":["https:\/\/www.facebook.com\/profile.php?id=100008943462799","https:\/\/x.com\/bellunopress","https:\/\/www.linkedin.com\/hp\/?dnr=JBzUWaJfMUw8vbXJJ2tVW5-I3jZKvC4wsoxE&amp;amp;amp;amp;amp;amp;trk=nav_responsive_tab_home","https:\/\/www.youtube.com\/channel\/UCxL0wu1uN0_3_7hGG0306cw"]},{"@type":"Person","@id":"https:\/\/www.bellunopress.it\/#\/schema\/person\/79bb06722b37ece1c03d3e94beb30d73","name":"r\u00e9daction","image":{"@type":"ImageObject","inLanguage":"fr-FR","@id":"https:\/\/secure.gravatar.com\/avatar\/37d968a2e67a6fd04c169c4bdef102d0bc5d31b2546345219e348575eb80e9a0?s=96&d=mm&r=g","url":"https:\/\/secure.gravatar.com\/avatar\/37d968a2e67a6fd04c169c4bdef102d0bc5d31b2546345219e348575eb80e9a0?s=96&d=mm&r=g","contentUrl":"https:\/\/secure.gravatar.com\/avatar\/37d968a2e67a6fd04c169c4bdef102d0bc5d31b2546345219e348575eb80e9a0?s=96&d=mm&r=g","caption":"redazione"},"sameAs":["http:\/\/www.bellunopress.it","https:\/\/x.com\/bellunopress"],"url":"https:\/\/www.bellunopress.it\/fr\/author\/redazione\/"}]}},"_links":{"self":[{"href":"https:\/\/www.bellunopress.it\/fr\/wp-json\/wp\/v2\/posts\/109891","targetHints":{"allow":["GET"]}}],"collection":[{"href":"https:\/\/www.bellunopress.it\/fr\/wp-json\/wp\/v2\/posts"}],"about":[{"href":"https:\/\/www.bellunopress.it\/fr\/wp-json\/wp\/v2\/types\/post"}],"author":[{"embeddable":true,"href":"https:\/\/www.bellunopress.it\/fr\/wp-json\/wp\/v2\/users\/2"}],"replies":[{"embeddable":true,"href":"https:\/\/www.bellunopress.it\/fr\/wp-json\/wp\/v2\/comments?post=109891"}],"version-history":[{"count":1,"href":"https:\/\/www.bellunopress.it\/fr\/wp-json\/wp\/v2\/posts\/109891\/revisions"}],"predecessor-version":[{"id":109892,"href":"https:\/\/www.bellunopress.it\/fr\/wp-json\/wp\/v2\/posts\/109891\/revisions\/109892"}],"wp:attachment":[{"href":"https:\/\/www.bellunopress.it\/fr\/wp-json\/wp\/v2\/media?parent=109891"}],"wp:term":[{"taxonomy":"category","embeddable":true,"href":"https:\/\/www.bellunopress.it\/fr\/wp-json\/wp\/v2\/categories?post=109891"},{"taxonomy":"post_tag","embeddable":true,"href":"https:\/\/www.bellunopress.it\/fr\/wp-json\/wp\/v2\/tags?post=109891"}],"curies":[{"name":"wp","href":"https:\/\/api.w.org\/{rel}","templated":true}]}}