{"id":109879,"date":"2019-11-24T16:15:58","date_gmt":"2019-11-24T15:15:58","guid":{"rendered":"http:\/\/www.bellunopress.it\/?p=109879"},"modified":"2019-11-25T18:33:02","modified_gmt":"2019-11-25T17:33:02","slug":"record-di-presenze-alla-milano-autoclassica-fiera-milano-rho","status":"publish","type":"post","link":"https:\/\/www.bellunopress.it\/fr\/2019\/11\/24\/record-di-presenze-alla-milano-autoclassica-fiera-milano-rho\/","title":{"rendered":"Record di presenze alla Milano AutoClassica, Fiera Milano Rho"},"content":{"rendered":"<p>Alle ore 10.00, Veloce, in collaborazione con un inedito comitato di personalit\u00e0 dell&#8217;auto, assegna il tributo Veloce Milano AutoClassica 2019, nell&#8217;ospitalit\u00e0 ASI. Il premio \u00e8 indirizzato all&#8217;auto &#8211; o al suo autore &#8211; che meglio rappresenta i valori del magazine online, quelli che quotidianamente animano la selezione delle notizie a pubblicazione Veloce, ovvero le storie degli uomini e delle auto che fanno grande la passione per i motori.<\/p>\n<p>A seguire &#8220;i 100 anni di Zagato&#8221;: un viaggio nella storia che celebra il marchio milanese&#8221;. L&#8217;appuntamento di apertura dell&#8217;Asi alla presenza di Andrea Zagato e Paolo di Taranto.<\/p>\n<p><a href=\"http:\/\/www.bellunopress.it\/fr\/2019\/11\/24\/record-di-presenze-alla-milano-autoclassica-fiera-milano-rho\/milano-autoclassica-fiera-milano-rho\/\" rel=\"attachment wp-att-109880\"><img loading=\"lazy\" decoding=\"async\" class=\"alignleft size-full wp-image-109880\" src=\"http:\/\/www.bellunopress.it\/wp-content\/uploads\/2019\/11\/Milano-AutoClassica-Fiera-Milano-Rho.jpg\" alt=\"\" width=\"300\" height=\"232\" \/><\/a>Seconda giornata di raduno di Ruoteclassiche e Youngtimer con ben 135 vetture iscritte, in omaggio alle grandi icone del passato ma anche alle vetture pi\u00f9 &#8220;giovani&#8221;. Nell&#8217;agor\u00e0 ACI Storico, Davide Cironi incontra i suoi lettori alle 11.00 con il video su Pagani Zonda F, cui segue alle 12.30 l&#8217;incontro con Geronimo La Russa, presidente Ac Milano e Marco Galassi, presidente CMAE e consigliere Asi dal titolo &#8220;Milano e le storiche: &#8216;Euro 0&#8217; da bandire o capolavori da ammirare in citt\u00e0?&#8221;; alle ore 14.30 Motor1.com Italia: Perch\u00e9 Comprarla Classic LIVE con Fiat Panda 4&#215;4 prima serie a cura di Andrea Farina; alle ore 15.30 Umberto Zapelloni, presenta &#8220;Ferrari, gli uomini d&#8217;oro del Cavallino&#8221; (Giorgio Nada Editore); alle ore 16.30 la premiazione del raduno Ruoteclassiche e Youngtimer a cura di Ruoteclassiche.<br \/>\nTutti i comunicati stampa di MilanoAutoClassica sono scaricabili dalla piattaforma Lulop.com, Media Partner della nona edizione, direttamente dal link: lulop.com\/it_IT\/tag\/milano-autoclassica\/index<\/p>\n<p>La seconda giornata di Milano AutoClassica all&#8217;insegna delle code agli ingressi di Fiera Milano Rho in occasione dell&#8217;esposizione di vetture classiche e moderne che fanno battere il cuore e fanno sognare il pubblico di visitatori.<\/p>\n<p>Dalla ore 09.30 si sono svolte le finali dei Trofei ASI con le prove di precisione cronometrica allestite nell&#8217;area esterna: sullo scalino pi\u00f9 alto del podioSilvio Trombetta, su Lancia Fulvia coup\u00e9 1.3 del 1973, seguito da Guido Mazzella e Valentino Sensi. Incontemporanea, allo stand ASI, si sono svolte le premiazioni dei riconoscimenti &#8220;Manovella d&#8217;Oro&#8221;, &#8220;Pedivella d&#8217;Oro&#8221;, &#8220;Manovella ad Honorem&#8221; ed encomi per le manifestazioni dei Club particolarmente significative. Nell&#8217;Agor\u00e0 di ACI Storico alle ore 11.00 si \u00e8 svolta la presentazione, a cura di David Giudici e Carlo Di Giusto, del ritorno in edicola del bookazineAutoitaliana, rilanciato da ottobre 2019 in formato trimestrale con una sezione &#8220;rewind&#8221; dedicata alla rilettura dei pezzi del passato (nell&#8217;anniversario dei 50 anni dall&#8217;ultimo numero pubblicato) accanto ad una sezione &#8220;forward&#8221; che guarda avanti ed il contenitore &#8220;play&#8221;, cuore del giornale dove ci sono i servizi: il made in Italy, con le eccellenze automotive presenti sul territorio, \u00e8 il fil rouge della pubblicazione. A seguire, Andrea Farina di Motor1.com Italia ha incontrato il pubblico di appassionati di ogni et\u00e0 con il suo format Perch\u00e9 Comprarla Classic LIVE, illustrando la Honda S 2000, quest&#8217;anno, vent&#8217;enne, entrata di diritto nell&#8217;annovero delle youngtimer: una giapponese con motore aspirato Vtec da 2 litri, in grado di erogare 240 CV a 8.300 giri anche a tetto aperto ed un cambio manuale a 6 marce davvero eccezionale.<\/p>\n<p>Tra gli altri appuntamenti pomeridiani a calendario nell&#8217;ospitalit\u00e0 ASI, Automotoclub Storico Italiano, si \u00e8 svolto il &#8220;Marco Polo Silk Road Classic Raid 2020&#8221;, presentazione dell&#8217;evento ASI in collaborazione con la Federation of Classic Car China che celebra i 50 anni dei rapporti diplomatici tra Italia e Cina, con un viaggio culturale tra Venezia e Xi an.<\/p>\n<p>Evento clou della giornata, alle ore 15.00 ha preso il via l&#8217;asta Auto Classiche e Youngtimer organizzata dalla prestigiosa Casa d&#8217;Aste Wannenes che celebra oltre un secolo di automobilismo con quaranta lotti, un&#8217;eccezionale selezione di auto e motociclette storiche e da collezione. Una straordinariaCeirano junior del 1903, due inediti disegni tecnici di Giovanni Michelotti per la Bugatti 252 mai visti prima, eleganti pezzi inglesi di grosso calibro, ricercati modelli che celebrano il centenario Zagato, modelli youngtimer e motociclette classiche sono alcune delle proposte battute, il cui lotto principale \u00e8 rappresentato dalla bellissima Alfa Romeo 8C Competizione, unico esemplare verniciato nel colore Maserati Blu Notturno.<\/p>\n<p>Nel pomeriggio di ACI Storico, dopo l&#8217;incontro &#8220;ACI Storico Festival \u2013 Historic Minardi Days: la storia torna in pista&#8221;, la premiazione del primo giorno del raduno Ruoteclassiche e Youngtimer con 40 vetture iscritte e cinque premi conferiti.Il premio per l&#8217;automobile &#8220;che arriva da pi\u00f9 lontano&#8221; \u00e8 andato alla Lotus Elan S2 del 1995 di Giuseppe Gavazzoni (Ferarra); il &#8220;premio fedelt\u00e0&#8221; all&#8217;abbonato di RuoteClassiche Carlo Marietti su Alfa GTA 1300 Junior; &#8220;la pi\u00f9 rara&#8221; va alla Peugeot 205 T16 del 1986 di Roberto Santero; &#8220;la preferita dalla redazione&#8221; \u00e8 la Fiat Uno 45 Fire, classe 1986, di Alberto Savino; infine il premio &#8220;lo stile non ha tempo-Agip 900&#8221; \u00e8 stato conferito alla Jaguar XK8 Convertible del 2000 di Marco e Lorenzo Rajo.Si chiude la seconda giornata di appuntamenti con la presentazione della Coppa Milano-Sanremo, primo round del Campionato Grandi Eventi 2020 illustrata da Geronimo La Russa, Presidente AC Milano con Maurizio Cavezzali e Giampaolo Sacchini. Curiosando tra gli stand di Milano AutoClassica, American Garage, nel Padiglione 22, propone una Aston Martin Vantage V8 allestita con i pi\u00f9 noti trucchi dell&#8217;agente segreto 007: mitragliatrici che escono dal cofano, missili anteriori, fumogeni, laser e illuminazioni varie, controllo remoto computerizzato di tutti i sistemi anche con accensione a distanza del motore. Il modello che viene presentato in contemporanea alle riprese del nuovo film 007 &#8220;No Time To Die&#8221; con l&#8217;attore Daniel Craig e girato in Italia a Matera, vuole anche essere un omaggio all&#8217;Aston Martin che sta producendo 25 esemplari repliche della vecchia DB5 apparsa nel film &#8220;Goldfinger&#8221; con l&#8217;attore Sean Connery.<\/p>","protected":false},"excerpt":{"rendered":"<p>Alle ore 10.00, Veloce, in collaborazione con un inedito comitato di personalit\u00e0 dell&#8217;auto, assegna il tributo Veloce Milano AutoClassica 2019, nell&#8217;ospitalit\u00e0 ASI. Il premio \u00e8 indirizzato all&#8217;auto &#8211; o al suo autore &#8211; che meglio rappresenta i valori del magazine online, quelli che quotidianamente animano la selezione delle notizie a pubblicazione Veloce, ovvero le storie [&hellip;]<\/p>\n","protected":false},"author":2,"featured_media":0,"comment_status":"closed","ping_status":"open","sticky":false,"template":"","format":"standard","meta":{"footnotes":""},"categories":[3394,4],"tags":[],"class_list":["post-109879","post","type-post","status-publish","format-standard","category-cultura-e-spettacoli-fuori-provincia","category-sport"],"yoast_head":"<!-- This site is optimized with the Yoast SEO plugin v28.4 - https:\/\/yoast.com\/product\/yoast-seo-wordpress\/ -->\n<title>Record di presenze alla Milano AutoClassica, Fiera Milano Rho - Bellunopress - Dolomiti<\/title>\n<meta name=\"robots\" content=\"index, follow, max-snippet:-1, max-image-preview:large, max-video-preview:-1\" \/>\n<link rel=\"canonical\" href=\"https:\/\/www.bellunopress.it\/fr\/2019\/11\/24\/record-di-presenze-alla-milano-autoclassica-fiera-milano-rho\/\" \/>\n<meta property=\"og:locale\" content=\"fr_FR\" \/>\n<meta property=\"og:type\" content=\"article\" \/>\n<meta property=\"og:title\" content=\"Record di presenze alla Milano AutoClassica, Fiera Milano Rho - Bellunopress - Dolomiti\" \/>\n<meta property=\"og:description\" content=\"Alle ore 10.00, Veloce, in collaborazione con un inedito comitato di personalit\u00e0 dell&#8217;auto, assegna il tributo Veloce Milano AutoClassica 2019, nell&#8217;ospitalit\u00e0 ASI. Il premio \u00e8 indirizzato all&#8217;auto &#8211; o al suo autore &#8211; che meglio rappresenta i valori del magazine online, quelli che quotidianamente animano la selezione delle notizie a pubblicazione Veloce, ovvero le storie [&hellip;]\" \/>\n<meta property=\"og:url\" content=\"https:\/\/www.bellunopress.it\/fr\/2019\/11\/24\/record-di-presenze-alla-milano-autoclassica-fiera-milano-rho\/\" \/>\n<meta property=\"og:site_name\" content=\"Bellunopress - Dolomiti\" \/>\n<meta property=\"article:publisher\" content=\"https:\/\/www.facebook.com\/profile.php?id=100008943462799\" \/>\n<meta property=\"article:published_time\" content=\"2019-11-24T15:15:58+00:00\" \/>\n<meta property=\"article:modified_time\" content=\"2019-11-25T17:33:02+00:00\" \/>\n<meta property=\"og:image\" content=\"http:\/\/www.bellunopress.it\/wp-content\/uploads\/2019\/11\/Milano-AutoClassica-Fiera-Milano-Rho.jpg\" \/>\n<meta name=\"author\" content=\"redazione\" \/>\n<meta name=\"twitter:card\" content=\"summary_large_image\" \/>\n<meta name=\"twitter:creator\" content=\"@bellunopress\" \/>\n<meta name=\"twitter:site\" content=\"@bellunopress\" \/>\n<meta name=\"twitter:label1\" content=\"\u00c9crit par\" \/>\n\t<meta name=\"twitter:data1\" content=\"redazione\" \/>\n\t<meta name=\"twitter:label2\" content=\"Dur\u00e9e de lecture estim\u00e9e\" \/>\n\t<meta name=\"twitter:data2\" content=\"4 minutes\" \/>\n<script type=\"application\/ld+json\" class=\"yoast-schema-graph\">{\"@context\":\"https:\\\/\\\/schema.org\",\"@graph\":[{\"@type\":\"Article\",\"@id\":\"https:\\\/\\\/www.bellunopress.it\\\/2019\\\/11\\\/24\\\/record-di-presenze-alla-milano-autoclassica-fiera-milano-rho\\\/#article\",\"isPartOf\":{\"@id\":\"https:\\\/\\\/www.bellunopress.it\\\/2019\\\/11\\\/24\\\/record-di-presenze-alla-milano-autoclassica-fiera-milano-rho\\\/\"},\"author\":{\"name\":\"redazione\",\"@id\":\"https:\\\/\\\/www.bellunopress.it\\\/#\\\/schema\\\/person\\\/79bb06722b37ece1c03d3e94beb30d73\"},\"headline\":\"Record di presenze alla Milano AutoClassica, Fiera Milano Rho\",\"datePublished\":\"2019-11-24T15:15:58+00:00\",\"dateModified\":\"2019-11-25T17:33:02+00:00\",\"mainEntityOfPage\":{\"@id\":\"https:\\\/\\\/www.bellunopress.it\\\/2019\\\/11\\\/24\\\/record-di-presenze-alla-milano-autoclassica-fiera-milano-rho\\\/\"},\"wordCount\":926,\"publisher\":{\"@id\":\"https:\\\/\\\/www.bellunopress.it\\\/#organization\"},\"image\":{\"@id\":\"https:\\\/\\\/www.bellunopress.it\\\/2019\\\/11\\\/24\\\/record-di-presenze-alla-milano-autoclassica-fiera-milano-rho\\\/#primaryimage\"},\"thumbnailUrl\":\"http:\\\/\\\/www.bellunopress.it\\\/wp-content\\\/uploads\\\/2019\\\/11\\\/Milano-AutoClassica-Fiera-Milano-Rho.jpg\",\"articleSection\":[\"Cultura e spettacoli, tempo libero, benessere, fuori provincia\",\"Sport, tempo libero\"],\"inLanguage\":\"fr-FR\"},{\"@type\":\"WebPage\",\"@id\":\"https:\\\/\\\/www.bellunopress.it\\\/2019\\\/11\\\/24\\\/record-di-presenze-alla-milano-autoclassica-fiera-milano-rho\\\/\",\"url\":\"https:\\\/\\\/www.bellunopress.it\\\/2019\\\/11\\\/24\\\/record-di-presenze-alla-milano-autoclassica-fiera-milano-rho\\\/\",\"name\":\"Record di presenze alla Milano AutoClassica, Fiera Milano Rho - Bellunopress - Dolomiti\",\"isPartOf\":{\"@id\":\"https:\\\/\\\/www.bellunopress.it\\\/#website\"},\"primaryImageOfPage\":{\"@id\":\"https:\\\/\\\/www.bellunopress.it\\\/2019\\\/11\\\/24\\\/record-di-presenze-alla-milano-autoclassica-fiera-milano-rho\\\/#primaryimage\"},\"image\":{\"@id\":\"https:\\\/\\\/www.bellunopress.it\\\/2019\\\/11\\\/24\\\/record-di-presenze-alla-milano-autoclassica-fiera-milano-rho\\\/#primaryimage\"},\"thumbnailUrl\":\"http:\\\/\\\/www.bellunopress.it\\\/wp-content\\\/uploads\\\/2019\\\/11\\\/Milano-AutoClassica-Fiera-Milano-Rho.jpg\",\"datePublished\":\"2019-11-24T15:15:58+00:00\",\"dateModified\":\"2019-11-25T17:33:02+00:00\",\"breadcrumb\":{\"@id\":\"https:\\\/\\\/www.bellunopress.it\\\/2019\\\/11\\\/24\\\/record-di-presenze-alla-milano-autoclassica-fiera-milano-rho\\\/#breadcrumb\"},\"inLanguage\":\"fr-FR\",\"potentialAction\":[{\"@type\":\"ReadAction\",\"target\":[\"https:\\\/\\\/www.bellunopress.it\\\/2019\\\/11\\\/24\\\/record-di-presenze-alla-milano-autoclassica-fiera-milano-rho\\\/\"]}]},{\"@type\":\"ImageObject\",\"inLanguage\":\"fr-FR\",\"@id\":\"https:\\\/\\\/www.bellunopress.it\\\/2019\\\/11\\\/24\\\/record-di-presenze-alla-milano-autoclassica-fiera-milano-rho\\\/#primaryimage\",\"url\":\"http:\\\/\\\/www.bellunopress.it\\\/wp-content\\\/uploads\\\/2019\\\/11\\\/Milano-AutoClassica-Fiera-Milano-Rho.jpg\",\"contentUrl\":\"http:\\\/\\\/www.bellunopress.it\\\/wp-content\\\/uploads\\\/2019\\\/11\\\/Milano-AutoClassica-Fiera-Milano-Rho.jpg\"},{\"@type\":\"BreadcrumbList\",\"@id\":\"https:\\\/\\\/www.bellunopress.it\\\/2019\\\/11\\\/24\\\/record-di-presenze-alla-milano-autoclassica-fiera-milano-rho\\\/#breadcrumb\",\"itemListElement\":[{\"@type\":\"ListItem\",\"position\":1,\"name\":\"Home\",\"item\":\"https:\\\/\\\/www.bellunopress.it\\\/\"},{\"@type\":\"ListItem\",\"position\":2,\"name\":\"Record di presenze alla Milano AutoClassica, Fiera Milano Rho\"}]},{\"@type\":\"WebSite\",\"@id\":\"https:\\\/\\\/www.bellunopress.it\\\/#website\",\"url\":\"https:\\\/\\\/www.bellunopress.it\\\/\",\"name\":\"Bellunopress - Dolomiti\",\"description\":\"e-mail: redazione@bellunopress.it\",\"publisher\":{\"@id\":\"https:\\\/\\\/www.bellunopress.it\\\/#organization\"},\"potentialAction\":[{\"@type\":\"SearchAction\",\"target\":{\"@type\":\"EntryPoint\",\"urlTemplate\":\"https:\\\/\\\/www.bellunopress.it\\\/?s={search_term_string}\"},\"query-input\":{\"@type\":\"PropertyValueSpecification\",\"valueRequired\":true,\"valueName\":\"search_term_string\"}}],\"inLanguage\":\"fr-FR\"},{\"@type\":\"Organization\",\"@id\":\"https:\\\/\\\/www.bellunopress.it\\\/#organization\",\"name\":\"Bellunopress\",\"url\":\"https:\\\/\\\/www.bellunopress.it\\\/\",\"logo\":{\"@type\":\"ImageObject\",\"inLanguage\":\"fr-FR\",\"@id\":\"https:\\\/\\\/www.bellunopress.it\\\/#\\\/schema\\\/logo\\\/image\\\/\",\"url\":\"https:\\\/\\\/www.bellunopress.it\\\/wp-content\\\/uploads\\\/2011\\\/05\\\/cropped-logo-bellunopress-.jpg\",\"contentUrl\":\"https:\\\/\\\/www.bellunopress.it\\\/wp-content\\\/uploads\\\/2011\\\/05\\\/cropped-logo-bellunopress-.jpg\",\"width\":512,\"height\":512,\"caption\":\"Bellunopress\"},\"image\":{\"@id\":\"https:\\\/\\\/www.bellunopress.it\\\/#\\\/schema\\\/logo\\\/image\\\/\"},\"sameAs\":[\"https:\\\/\\\/www.facebook.com\\\/profile.php?id=100008943462799\",\"https:\\\/\\\/x.com\\\/bellunopress\",\"https:\\\/\\\/www.linkedin.com\\\/hp\\\/?dnr=JBzUWaJfMUw8vbXJJ2tVW5-I3jZKvC4wsoxE&amp;amp;amp;amp;amp;amp;trk=nav_responsive_tab_home\",\"https:\\\/\\\/www.youtube.com\\\/channel\\\/UCxL0wu1uN0_3_7hGG0306cw\"]},{\"@type\":\"Person\",\"@id\":\"https:\\\/\\\/www.bellunopress.it\\\/#\\\/schema\\\/person\\\/79bb06722b37ece1c03d3e94beb30d73\",\"name\":\"redazione\",\"image\":{\"@type\":\"ImageObject\",\"inLanguage\":\"fr-FR\",\"@id\":\"https:\\\/\\\/secure.gravatar.com\\\/avatar\\\/37d968a2e67a6fd04c169c4bdef102d0bc5d31b2546345219e348575eb80e9a0?s=96&d=mm&r=g\",\"url\":\"https:\\\/\\\/secure.gravatar.com\\\/avatar\\\/37d968a2e67a6fd04c169c4bdef102d0bc5d31b2546345219e348575eb80e9a0?s=96&d=mm&r=g\",\"contentUrl\":\"https:\\\/\\\/secure.gravatar.com\\\/avatar\\\/37d968a2e67a6fd04c169c4bdef102d0bc5d31b2546345219e348575eb80e9a0?s=96&d=mm&r=g\",\"caption\":\"redazione\"},\"sameAs\":[\"http:\\\/\\\/www.bellunopress.it\",\"https:\\\/\\\/x.com\\\/bellunopress\"],\"url\":\"https:\\\/\\\/www.bellunopress.it\\\/fr\\\/author\\\/redazione\\\/\"}]}<\/script>\n<!-- \/ Yoast SEO plugin. -->","yoast_head_json":{"title":"Record di presenze alla Milano AutoClassica, Fiera Milano Rho - Bellunopress - Dolomiti","robots":{"index":"index","follow":"follow","max-snippet":"max-snippet:-1","max-image-preview":"max-image-preview:large","max-video-preview":"max-video-preview:-1"},"canonical":"https:\/\/www.bellunopress.it\/fr\/2019\/11\/24\/record-di-presenze-alla-milano-autoclassica-fiera-milano-rho\/","og_locale":"fr_FR","og_type":"article","og_title":"Record di presenze alla Milano AutoClassica, Fiera Milano Rho - Bellunopress - Dolomiti","og_description":"Alle ore 10.00, Veloce, in collaborazione con un inedito comitato di personalit\u00e0 dell&#8217;auto, assegna il tributo Veloce Milano AutoClassica 2019, nell&#8217;ospitalit\u00e0 ASI. Il premio \u00e8 indirizzato all&#8217;auto &#8211; o al suo autore &#8211; che meglio rappresenta i valori del magazine online, quelli che quotidianamente animano la selezione delle notizie a pubblicazione Veloce, ovvero le storie [&hellip;]","og_url":"https:\/\/www.bellunopress.it\/fr\/2019\/11\/24\/record-di-presenze-alla-milano-autoclassica-fiera-milano-rho\/","og_site_name":"Bellunopress - Dolomiti","article_publisher":"https:\/\/www.facebook.com\/profile.php?id=100008943462799","article_published_time":"2019-11-24T15:15:58+00:00","article_modified_time":"2019-11-25T17:33:02+00:00","og_image":[{"url":"http:\/\/www.bellunopress.it\/wp-content\/uploads\/2019\/11\/Milano-AutoClassica-Fiera-Milano-Rho.jpg","type":"","width":"","height":""}],"author":"redazione","twitter_card":"summary_large_image","twitter_creator":"@bellunopress","twitter_site":"@bellunopress","twitter_misc":{"\u00c9crit par":"redazione","Dur\u00e9e de lecture estim\u00e9e":"4 minutes"},"schema":{"@context":"https:\/\/schema.org","@graph":[{"@type":"Article","@id":"https:\/\/www.bellunopress.it\/2019\/11\/24\/record-di-presenze-alla-milano-autoclassica-fiera-milano-rho\/#article","isPartOf":{"@id":"https:\/\/www.bellunopress.it\/2019\/11\/24\/record-di-presenze-alla-milano-autoclassica-fiera-milano-rho\/"},"author":{"name":"redazione","@id":"https:\/\/www.bellunopress.it\/#\/schema\/person\/79bb06722b37ece1c03d3e94beb30d73"},"headline":"Record di presenze alla Milano AutoClassica, Fiera Milano Rho","datePublished":"2019-11-24T15:15:58+00:00","dateModified":"2019-11-25T17:33:02+00:00","mainEntityOfPage":{"@id":"https:\/\/www.bellunopress.it\/2019\/11\/24\/record-di-presenze-alla-milano-autoclassica-fiera-milano-rho\/"},"wordCount":926,"publisher":{"@id":"https:\/\/www.bellunopress.it\/#organization"},"image":{"@id":"https:\/\/www.bellunopress.it\/2019\/11\/24\/record-di-presenze-alla-milano-autoclassica-fiera-milano-rho\/#primaryimage"},"thumbnailUrl":"http:\/\/www.bellunopress.it\/wp-content\/uploads\/2019\/11\/Milano-AutoClassica-Fiera-Milano-Rho.jpg","articleSection":["Cultura e spettacoli, tempo libero, benessere, fuori provincia","Sport, tempo libero"],"inLanguage":"fr-FR"},{"@type":"WebPage","@id":"https:\/\/www.bellunopress.it\/2019\/11\/24\/record-di-presenze-alla-milano-autoclassica-fiera-milano-rho\/","url":"https:\/\/www.bellunopress.it\/2019\/11\/24\/record-di-presenze-alla-milano-autoclassica-fiera-milano-rho\/","name":"Record di presenze alla Milano AutoClassica, Fiera Milano Rho - Bellunopress - Dolomiti","isPartOf":{"@id":"https:\/\/www.bellunopress.it\/#website"},"primaryImageOfPage":{"@id":"https:\/\/www.bellunopress.it\/2019\/11\/24\/record-di-presenze-alla-milano-autoclassica-fiera-milano-rho\/#primaryimage"},"image":{"@id":"https:\/\/www.bellunopress.it\/2019\/11\/24\/record-di-presenze-alla-milano-autoclassica-fiera-milano-rho\/#primaryimage"},"thumbnailUrl":"http:\/\/www.bellunopress.it\/wp-content\/uploads\/2019\/11\/Milano-AutoClassica-Fiera-Milano-Rho.jpg","datePublished":"2019-11-24T15:15:58+00:00","dateModified":"2019-11-25T17:33:02+00:00","breadcrumb":{"@id":"https:\/\/www.bellunopress.it\/2019\/11\/24\/record-di-presenze-alla-milano-autoclassica-fiera-milano-rho\/#breadcrumb"},"inLanguage":"fr-FR","potentialAction":[{"@type":"ReadAction","target":["https:\/\/www.bellunopress.it\/2019\/11\/24\/record-di-presenze-alla-milano-autoclassica-fiera-milano-rho\/"]}]},{"@type":"ImageObject","inLanguage":"fr-FR","@id":"https:\/\/www.bellunopress.it\/2019\/11\/24\/record-di-presenze-alla-milano-autoclassica-fiera-milano-rho\/#primaryimage","url":"http:\/\/www.bellunopress.it\/wp-content\/uploads\/2019\/11\/Milano-AutoClassica-Fiera-Milano-Rho.jpg","contentUrl":"http:\/\/www.bellunopress.it\/wp-content\/uploads\/2019\/11\/Milano-AutoClassica-Fiera-Milano-Rho.jpg"},{"@type":"BreadcrumbList","@id":"https:\/\/www.bellunopress.it\/2019\/11\/24\/record-di-presenze-alla-milano-autoclassica-fiera-milano-rho\/#breadcrumb","itemListElement":[{"@type":"ListItem","position":1,"name":"Home","item":"https:\/\/www.bellunopress.it\/"},{"@type":"ListItem","position":2,"name":"Record di presenze alla Milano AutoClassica, Fiera Milano Rho"}]},{"@type":"WebSite","@id":"https:\/\/www.bellunopress.it\/#website","url":"https:\/\/www.bellunopress.it\/","name":"Bellunopress - Dolomiti","description":"e-mail: redazione@bellunopress.it","publisher":{"@id":"https:\/\/www.bellunopress.it\/#organization"},"potentialAction":[{"@type":"SearchAction","target":{"@type":"EntryPoint","urlTemplate":"https:\/\/www.bellunopress.it\/?s={search_term_string}"},"query-input":{"@type":"PropertyValueSpecification","valueRequired":true,"valueName":"search_term_string"}}],"inLanguage":"fr-FR"},{"@type":"Organization","@id":"https:\/\/www.bellunopress.it\/#organization","name":"Bellunopress","url":"https:\/\/www.bellunopress.it\/","logo":{"@type":"ImageObject","inLanguage":"fr-FR","@id":"https:\/\/www.bellunopress.it\/#\/schema\/logo\/image\/","url":"https:\/\/www.bellunopress.it\/wp-content\/uploads\/2011\/05\/cropped-logo-bellunopress-.jpg","contentUrl":"https:\/\/www.bellunopress.it\/wp-content\/uploads\/2011\/05\/cropped-logo-bellunopress-.jpg","width":512,"height":512,"caption":"Bellunopress"},"image":{"@id":"https:\/\/www.bellunopress.it\/#\/schema\/logo\/image\/"},"sameAs":["https:\/\/www.facebook.com\/profile.php?id=100008943462799","https:\/\/x.com\/bellunopress","https:\/\/www.linkedin.com\/hp\/?dnr=JBzUWaJfMUw8vbXJJ2tVW5-I3jZKvC4wsoxE&amp;amp;amp;amp;amp;amp;trk=nav_responsive_tab_home","https:\/\/www.youtube.com\/channel\/UCxL0wu1uN0_3_7hGG0306cw"]},{"@type":"Person","@id":"https:\/\/www.bellunopress.it\/#\/schema\/person\/79bb06722b37ece1c03d3e94beb30d73","name":"r\u00e9daction","image":{"@type":"ImageObject","inLanguage":"fr-FR","@id":"https:\/\/secure.gravatar.com\/avatar\/37d968a2e67a6fd04c169c4bdef102d0bc5d31b2546345219e348575eb80e9a0?s=96&d=mm&r=g","url":"https:\/\/secure.gravatar.com\/avatar\/37d968a2e67a6fd04c169c4bdef102d0bc5d31b2546345219e348575eb80e9a0?s=96&d=mm&r=g","contentUrl":"https:\/\/secure.gravatar.com\/avatar\/37d968a2e67a6fd04c169c4bdef102d0bc5d31b2546345219e348575eb80e9a0?s=96&d=mm&r=g","caption":"redazione"},"sameAs":["http:\/\/www.bellunopress.it","https:\/\/x.com\/bellunopress"],"url":"https:\/\/www.bellunopress.it\/fr\/author\/redazione\/"}]}},"_links":{"self":[{"href":"https:\/\/www.bellunopress.it\/fr\/wp-json\/wp\/v2\/posts\/109879","targetHints":{"allow":["GET"]}}],"collection":[{"href":"https:\/\/www.bellunopress.it\/fr\/wp-json\/wp\/v2\/posts"}],"about":[{"href":"https:\/\/www.bellunopress.it\/fr\/wp-json\/wp\/v2\/types\/post"}],"author":[{"embeddable":true,"href":"https:\/\/www.bellunopress.it\/fr\/wp-json\/wp\/v2\/users\/2"}],"replies":[{"embeddable":true,"href":"https:\/\/www.bellunopress.it\/fr\/wp-json\/wp\/v2\/comments?post=109879"}],"version-history":[{"count":2,"href":"https:\/\/www.bellunopress.it\/fr\/wp-json\/wp\/v2\/posts\/109879\/revisions"}],"predecessor-version":[{"id":109882,"href":"https:\/\/www.bellunopress.it\/fr\/wp-json\/wp\/v2\/posts\/109879\/revisions\/109882"}],"wp:attachment":[{"href":"https:\/\/www.bellunopress.it\/fr\/wp-json\/wp\/v2\/media?parent=109879"}],"wp:term":[{"taxonomy":"category","embeddable":true,"href":"https:\/\/www.bellunopress.it\/fr\/wp-json\/wp\/v2\/categories?post=109879"},{"taxonomy":"post_tag","embeddable":true,"href":"https:\/\/www.bellunopress.it\/fr\/wp-json\/wp\/v2\/tags?post=109879"}],"curies":[{"name":"wp","href":"https:\/\/api.w.org\/{rel}","templated":true}]}}