{"id":109873,"date":"2019-11-24T15:25:17","date_gmt":"2019-11-24T14:25:17","guid":{"rendered":"http:\/\/www.bellunopress.it\/?p=109873"},"modified":"2019-11-24T15:25:18","modified_gmt":"2019-11-24T14:25:18","slug":"il-dramma-dellilva","status":"publish","type":"post","link":"https:\/\/www.bellunopress.it\/fr\/2019\/11\/24\/il-dramma-dellilva\/","title":{"rendered":"Il dramma dell&#8217;Ilva"},"content":{"rendered":"<p><a href=\"http:\/\/www.bellunopress.it\/fr\/2019\/11\/24\/il-dramma-dellilva\/ilva-taranto\/\" rel=\"attachment wp-att-109874\"><img loading=\"lazy\" decoding=\"async\" class=\"alignleft size-full wp-image-109874\" src=\"http:\/\/www.bellunopress.it\/wp-content\/uploads\/2019\/11\/Ilva-Taranto.jpg\" alt=\"\" width=\"300\" height=\"180\" \/><\/a>Taranto con Italsider (inaugurata il 10 aprile 1965 da Giuseppe Saragat-Presidente della Repubblica) era un gioiello dell&#8217;Italia generativa del \u201cmiracolo economico\u201d che, in assenza di capitale privato al di fuori del caso Fiat e di pochi altri, favor\u00ec lo sviluppo industriale di base (siderurgia, chimica, ciclo del carbone, alluminio) grazie agli ingenti investimenti fatti dalle societ\u00e0 a partecipazione pubblica.<\/p>\n<p>In Italia le imprese di medie e grandi dimensioni con conseguente fatturato, occupazione e benessere diffuso in ampie aree e strati della popolazione, erano frutto di interventi dello Stato che garantiva sviluppo e posti di lavoro. Ecco perch\u00e9 noi siamo ancor oggi, e chiss\u00e0 lo sa fino a quando lo saremo, il secondo Paese manifatturiero d\u2019Europa. La vulgata circolante che \u201cpiccolo \u00e8 bello\u201d pu\u00f2 essere soddisfacente per la raccolta dei consensi considerata la numerosit\u00e0 delle PMI (piccole e medie imprese, nel Veneto 1 ogni 4 abitanti), ma n\u00e9 rappresenta n\u00e9 sostituisce la spina dorsale necessaria per promuovere e\/o mantenere le posizioni nei settori strategici, richiedenti un\u2019alta intensit\u00e0 e qualit\u00e0 di risorse infrastrutturali, economiche e manageriali. \u00c8 invece auspicabile, come alle volte avviene, una vicendevole integrazione tra filiere di produzione e distribuzione dei prodotti originati da imprese a dimensione variabile. L\u2019incapacit\u00e0 della politica nell\u2019affrontare la questione del debito pubblico accumulatosi a partire dalla met\u00e0 degli anni Settanta del secolo scorso (esploso negli anni Ottanta) e gli impegni assunti in sede europea, hanno portato alla dismissione, pi\u00f9 o meno opportuna, di tante societ\u00e0 in propriet\u00e0 dello Stato sul finire del \u2018900.<\/p>\n<p>Una di queste, l\u2019Ilva appunto, \u00e8 stata ceduta nel 1995 alla famiglia Riva chiamata a rilanciare l\u2019azienda. Da subito, per\u00f2, emergono i primi problemi seri di inquinamento della citt\u00e0 collegati alla sua area industriale e il numero dei decessi per tumore registrati nella zona comincia a destare sospetti. Nel 2012 la magistratura tarantina dispone il sequestro dell\u2019acciaieria per gravi violazioni ambientali. Vengono disposte le misure cautelari per alcuni indagati nell\u2019inchiesta per disastro ambientale a carico dei vertici aziendali, tra questi lo stesso Emilio Riva. Il gip del tempo scrive che l\u2019impianto \u00e8 stato causa &#8211; e continua a esserlo &#8211; di &#8220;malattia e morte&#8221; perch\u00e9 &#8220;chi gestiva e gestisce l\u2019Ilva ha continuato in tale attivit\u00e0 inquinante con coscienza e volont\u00e0 per la logica del profitto, calpestando le pi\u00f9 elementari regole di sicurezza&#8221;.<\/p>\n<p>Nel 2013 a Taranto si tiene un referendum cittadino per chiudere la fabbrica che raccoglie una percentuale di oltre l\u201980% riferita al 20% degli aventi diritto recatesi alle urne, ma privo di effetti in assenza del quorum richiesto pari al 50% pi\u00f9 1 degli elettori. Per sbloccare dai sequestri gli impianti da sottoporre a lavori di risanamento e garantire allo stesso tempo la tutela dei posti di lavoro (poco pi\u00f9 di 8.000 unit\u00e0 nel polo pugliese), il governo Monti emana un primo decreto che autorizza la prosecuzione della produzione dell\u2019azienda. Da allora e fino ad oggi, si assiste ad una tragica telenovela; da una parte i Governi che assumono decreti utili a mantenere i livelli occupazionali e dall\u2019altro la magistratura penale che -in assenza di risanamento ambientale e sicurezza sui posti di lavoro- prosegue nel solco gi\u00e0 tracciato per evitare altri morti e\/o ricoveri causati da tumori maligni, infarti, ricoveri per malattie respiratorie, emissioni nocive, tumori infantili. Nel periodo gestito dalla famiglia Riva 1995-2005, ad esempio, la macabra contabilit\u00e0 registra ben 1.824 casi. A giugno 2017, arriva &#8211; Governo Gentiloni &#8211; l\u2019affidamento dell\u2019Ilva alla cordata Arcelor-Mittal che dopo il lungo tira e molla con il Conte 1 diventato nel frattempo Conte 2 s\u2019incartoccia sulla questione scudo penale, prestando il fianco all\u2019abbandono del campo e degli accordi sottoscritti dalla multinazionale franco-indiana. Tempo rimasto per risolvere, poche settimane considerato che i due altiforni &#8211; cuore pulsante dell\u2019impresa ma non ancora bonificati &#8211; potrebbero essere definitivamente spenti a gennaio 2020. Tra posti diretti ed indiretti, il calcolo si avvicina a circa 11.000 unit\u00e0, perdita di 1.4% del Pil nazionale, costo all\u2019Italia circa 24 miliardi. La vicenda \u00e8 ora ritenuta d\u2019interesse nazionale, essendosi date le parti sociali e politiche finalmente un\u2019impostazione coerente, al fine di scongiurare un eventuale prossimo e definitivo knock out. Stante il fatturato e gli occupati, massima allerta ed attenzione doveva esserci fin dai tempi della cessione alla famiglia Riva da parte dei governanti nazionali e locali, soprattutto per verificare che una parte degli utili fossero re-investiti in modo proficuo nella tutela e sicurezza del polo industriale affidato.<\/p>\n<p>Per altri aspetti, il compito spettava alla filiera pubblica sia statale che regionale con la finalit\u00e0 di accertare lo stato di salubrit\u00e0 e di perfetta manutenzione degli impianti a pi\u00f9 alto rischio per la salute e l\u2019ambiente. Inoltre, difficile ritenere che i dirigenti sindacali non si fossero accorti che la scarsa manutenzione agli impianti li rendeva tossico-nocivi per gli operai. A partire dai primi anni duemila, sono stati alcuni medici ad attestare la correlazione esistente tra ambiente lavorativo e cause di morte tumorale o ricoveri coatti, contabilizzandone il numero utile alla magistratura penale per mettere i sigilli agli impianti. Secondo gli slogan tuttora risuonanti nei cortei importante \u00e8 &#8220;il posto di lavoro&#8221;, vero e se questo uccide? Non esiste futuro se ci balocchiamo e blocchiamo nel dilemma fasullo tra privilegiare l\u2019occupazione (cio\u00e8 lo sviluppo economico) anche con danni ambientali rilevanti; oppure la salvaguardia dell\u2019ambiente, anche se porta alla cessazione di attivit\u00e0 produttive. Le soluzioni di compatibilit\u00e0 e sostenibilit\u00e0 reciproca di ambiente e salute esistono e sono gi\u00e0 state sperimentate in altri paesi europei od anche in qualche parte d\u2019Italia, basta copiare e non sprecare tempo e soldi pubblici. Il partito ed i patiti del PIL ad ogni costo non conseguono una migliore qualit\u00e0 della vita, anzi! Viceversa, la decrescita felice riguarda poche situazioni, per tantissimi altri casi significa tornare alla fame ed alla disperazione anche se a marzo 2018 i tarantini hanno votato per il 47% un movimento stellare, chiss\u00e0 forse lo avranno fatto a loro insaputa.<\/p>\n<p>Enzo De Biasi<\/p>","protected":false},"excerpt":{"rendered":"<p>Taranto con Italsider (inaugurata il 10 aprile 1965 da Giuseppe Saragat-Presidente della Repubblica) era un gioiello dell&#8217;Italia generativa del \u201cmiracolo economico\u201d che, in assenza di capitale privato al di fuori del caso Fiat e di pochi altri, favor\u00ec lo sviluppo industriale di base (siderurgia, chimica, ciclo del carbone, alluminio) grazie agli ingenti investimenti fatti dalle [&hellip;]<\/p>\n","protected":false},"author":2,"featured_media":0,"comment_status":"closed","ping_status":"open","sticky":false,"template":"","format":"standard","meta":{"footnotes":""},"categories":[5,26],"tags":[],"class_list":["post-109873","post","type-post","status-publish","format-standard","category-cronaca","category-prima-pagina"],"yoast_head":"<!-- This site is optimized with the Yoast SEO plugin v28.4 - https:\/\/yoast.com\/product\/yoast-seo-wordpress\/ -->\n<title>Il dramma dell&#039;Ilva - Bellunopress - Dolomiti<\/title>\n<meta name=\"robots\" content=\"index, follow, max-snippet:-1, max-image-preview:large, max-video-preview:-1\" \/>\n<link rel=\"canonical\" href=\"https:\/\/www.bellunopress.it\/fr\/2019\/11\/24\/il-dramma-dellilva\/\" \/>\n<meta property=\"og:locale\" content=\"fr_FR\" \/>\n<meta property=\"og:type\" content=\"article\" \/>\n<meta property=\"og:title\" content=\"Il dramma dell&#039;Ilva - Bellunopress - Dolomiti\" \/>\n<meta property=\"og:description\" content=\"Taranto con Italsider (inaugurata il 10 aprile 1965 da Giuseppe Saragat-Presidente della Repubblica) era un gioiello dell&#8217;Italia generativa del \u201cmiracolo economico\u201d che, in assenza di capitale privato al di fuori del caso Fiat e di pochi altri, favor\u00ec lo sviluppo industriale di base (siderurgia, chimica, ciclo del carbone, alluminio) grazie agli ingenti investimenti fatti dalle [&hellip;]\" \/>\n<meta property=\"og:url\" content=\"https:\/\/www.bellunopress.it\/fr\/2019\/11\/24\/il-dramma-dellilva\/\" \/>\n<meta property=\"og:site_name\" content=\"Bellunopress - Dolomiti\" \/>\n<meta property=\"article:publisher\" content=\"https:\/\/www.facebook.com\/profile.php?id=100008943462799\" \/>\n<meta property=\"article:published_time\" content=\"2019-11-24T14:25:17+00:00\" \/>\n<meta property=\"article:modified_time\" content=\"2019-11-24T14:25:18+00:00\" \/>\n<meta property=\"og:image\" content=\"http:\/\/www.bellunopress.it\/wp-content\/uploads\/2019\/11\/Ilva-Taranto.jpg\" \/>\n<meta name=\"author\" content=\"redazione\" \/>\n<meta name=\"twitter:card\" content=\"summary_large_image\" \/>\n<meta name=\"twitter:creator\" content=\"@bellunopress\" \/>\n<meta name=\"twitter:site\" content=\"@bellunopress\" \/>\n<meta name=\"twitter:label1\" content=\"\u00c9crit par\" \/>\n\t<meta name=\"twitter:data1\" content=\"redazione\" \/>\n\t<meta name=\"twitter:label2\" content=\"Dur\u00e9e de lecture estim\u00e9e\" \/>\n\t<meta name=\"twitter:data2\" content=\"5 minutes\" \/>\n<script type=\"application\/ld+json\" class=\"yoast-schema-graph\">{\"@context\":\"https:\\\/\\\/schema.org\",\"@graph\":[{\"@type\":\"Article\",\"@id\":\"https:\\\/\\\/www.bellunopress.it\\\/2019\\\/11\\\/24\\\/il-dramma-dellilva\\\/#article\",\"isPartOf\":{\"@id\":\"https:\\\/\\\/www.bellunopress.it\\\/2019\\\/11\\\/24\\\/il-dramma-dellilva\\\/\"},\"author\":{\"name\":\"redazione\",\"@id\":\"https:\\\/\\\/www.bellunopress.it\\\/#\\\/schema\\\/person\\\/79bb06722b37ece1c03d3e94beb30d73\"},\"headline\":\"Il dramma dell&#8217;Ilva\",\"datePublished\":\"2019-11-24T14:25:17+00:00\",\"dateModified\":\"2019-11-24T14:25:18+00:00\",\"mainEntityOfPage\":{\"@id\":\"https:\\\/\\\/www.bellunopress.it\\\/2019\\\/11\\\/24\\\/il-dramma-dellilva\\\/\"},\"wordCount\":980,\"publisher\":{\"@id\":\"https:\\\/\\\/www.bellunopress.it\\\/#organization\"},\"image\":{\"@id\":\"https:\\\/\\\/www.bellunopress.it\\\/2019\\\/11\\\/24\\\/il-dramma-dellilva\\\/#primaryimage\"},\"thumbnailUrl\":\"http:\\\/\\\/www.bellunopress.it\\\/wp-content\\\/uploads\\\/2019\\\/11\\\/Ilva-Taranto.jpg\",\"articleSection\":[\"Cronaca\\\/Politica\",\"Prima Pagina\"],\"inLanguage\":\"fr-FR\"},{\"@type\":\"WebPage\",\"@id\":\"https:\\\/\\\/www.bellunopress.it\\\/2019\\\/11\\\/24\\\/il-dramma-dellilva\\\/\",\"url\":\"https:\\\/\\\/www.bellunopress.it\\\/2019\\\/11\\\/24\\\/il-dramma-dellilva\\\/\",\"name\":\"Il dramma dell'Ilva - Bellunopress - Dolomiti\",\"isPartOf\":{\"@id\":\"https:\\\/\\\/www.bellunopress.it\\\/#website\"},\"primaryImageOfPage\":{\"@id\":\"https:\\\/\\\/www.bellunopress.it\\\/2019\\\/11\\\/24\\\/il-dramma-dellilva\\\/#primaryimage\"},\"image\":{\"@id\":\"https:\\\/\\\/www.bellunopress.it\\\/2019\\\/11\\\/24\\\/il-dramma-dellilva\\\/#primaryimage\"},\"thumbnailUrl\":\"http:\\\/\\\/www.bellunopress.it\\\/wp-content\\\/uploads\\\/2019\\\/11\\\/Ilva-Taranto.jpg\",\"datePublished\":\"2019-11-24T14:25:17+00:00\",\"dateModified\":\"2019-11-24T14:25:18+00:00\",\"breadcrumb\":{\"@id\":\"https:\\\/\\\/www.bellunopress.it\\\/2019\\\/11\\\/24\\\/il-dramma-dellilva\\\/#breadcrumb\"},\"inLanguage\":\"fr-FR\",\"potentialAction\":[{\"@type\":\"ReadAction\",\"target\":[\"https:\\\/\\\/www.bellunopress.it\\\/2019\\\/11\\\/24\\\/il-dramma-dellilva\\\/\"]}]},{\"@type\":\"ImageObject\",\"inLanguage\":\"fr-FR\",\"@id\":\"https:\\\/\\\/www.bellunopress.it\\\/2019\\\/11\\\/24\\\/il-dramma-dellilva\\\/#primaryimage\",\"url\":\"http:\\\/\\\/www.bellunopress.it\\\/wp-content\\\/uploads\\\/2019\\\/11\\\/Ilva-Taranto.jpg\",\"contentUrl\":\"http:\\\/\\\/www.bellunopress.it\\\/wp-content\\\/uploads\\\/2019\\\/11\\\/Ilva-Taranto.jpg\"},{\"@type\":\"BreadcrumbList\",\"@id\":\"https:\\\/\\\/www.bellunopress.it\\\/2019\\\/11\\\/24\\\/il-dramma-dellilva\\\/#breadcrumb\",\"itemListElement\":[{\"@type\":\"ListItem\",\"position\":1,\"name\":\"Home\",\"item\":\"https:\\\/\\\/www.bellunopress.it\\\/\"},{\"@type\":\"ListItem\",\"position\":2,\"name\":\"Il dramma dell&#8217;Ilva\"}]},{\"@type\":\"WebSite\",\"@id\":\"https:\\\/\\\/www.bellunopress.it\\\/#website\",\"url\":\"https:\\\/\\\/www.bellunopress.it\\\/\",\"name\":\"Bellunopress - Dolomiti\",\"description\":\"e-mail: redazione@bellunopress.it\",\"publisher\":{\"@id\":\"https:\\\/\\\/www.bellunopress.it\\\/#organization\"},\"potentialAction\":[{\"@type\":\"SearchAction\",\"target\":{\"@type\":\"EntryPoint\",\"urlTemplate\":\"https:\\\/\\\/www.bellunopress.it\\\/?s={search_term_string}\"},\"query-input\":{\"@type\":\"PropertyValueSpecification\",\"valueRequired\":true,\"valueName\":\"search_term_string\"}}],\"inLanguage\":\"fr-FR\"},{\"@type\":\"Organization\",\"@id\":\"https:\\\/\\\/www.bellunopress.it\\\/#organization\",\"name\":\"Bellunopress\",\"url\":\"https:\\\/\\\/www.bellunopress.it\\\/\",\"logo\":{\"@type\":\"ImageObject\",\"inLanguage\":\"fr-FR\",\"@id\":\"https:\\\/\\\/www.bellunopress.it\\\/#\\\/schema\\\/logo\\\/image\\\/\",\"url\":\"https:\\\/\\\/www.bellunopress.it\\\/wp-content\\\/uploads\\\/2011\\\/05\\\/cropped-logo-bellunopress-.jpg\",\"contentUrl\":\"https:\\\/\\\/www.bellunopress.it\\\/wp-content\\\/uploads\\\/2011\\\/05\\\/cropped-logo-bellunopress-.jpg\",\"width\":512,\"height\":512,\"caption\":\"Bellunopress\"},\"image\":{\"@id\":\"https:\\\/\\\/www.bellunopress.it\\\/#\\\/schema\\\/logo\\\/image\\\/\"},\"sameAs\":[\"https:\\\/\\\/www.facebook.com\\\/profile.php?id=100008943462799\",\"https:\\\/\\\/x.com\\\/bellunopress\",\"https:\\\/\\\/www.linkedin.com\\\/hp\\\/?dnr=JBzUWaJfMUw8vbXJJ2tVW5-I3jZKvC4wsoxE&amp;amp;amp;amp;amp;amp;trk=nav_responsive_tab_home\",\"https:\\\/\\\/www.youtube.com\\\/channel\\\/UCxL0wu1uN0_3_7hGG0306cw\"]},{\"@type\":\"Person\",\"@id\":\"https:\\\/\\\/www.bellunopress.it\\\/#\\\/schema\\\/person\\\/79bb06722b37ece1c03d3e94beb30d73\",\"name\":\"redazione\",\"image\":{\"@type\":\"ImageObject\",\"inLanguage\":\"fr-FR\",\"@id\":\"https:\\\/\\\/secure.gravatar.com\\\/avatar\\\/37d968a2e67a6fd04c169c4bdef102d0bc5d31b2546345219e348575eb80e9a0?s=96&d=mm&r=g\",\"url\":\"https:\\\/\\\/secure.gravatar.com\\\/avatar\\\/37d968a2e67a6fd04c169c4bdef102d0bc5d31b2546345219e348575eb80e9a0?s=96&d=mm&r=g\",\"contentUrl\":\"https:\\\/\\\/secure.gravatar.com\\\/avatar\\\/37d968a2e67a6fd04c169c4bdef102d0bc5d31b2546345219e348575eb80e9a0?s=96&d=mm&r=g\",\"caption\":\"redazione\"},\"sameAs\":[\"http:\\\/\\\/www.bellunopress.it\",\"https:\\\/\\\/x.com\\\/bellunopress\"],\"url\":\"https:\\\/\\\/www.bellunopress.it\\\/fr\\\/author\\\/redazione\\\/\"}]}<\/script>\n<!-- \/ Yoast SEO plugin. -->","yoast_head_json":{"title":"Il dramma dell'Ilva - Bellunopress - Dolomiti","robots":{"index":"index","follow":"follow","max-snippet":"max-snippet:-1","max-image-preview":"max-image-preview:large","max-video-preview":"max-video-preview:-1"},"canonical":"https:\/\/www.bellunopress.it\/fr\/2019\/11\/24\/il-dramma-dellilva\/","og_locale":"fr_FR","og_type":"article","og_title":"Il dramma dell'Ilva - Bellunopress - Dolomiti","og_description":"Taranto con Italsider (inaugurata il 10 aprile 1965 da Giuseppe Saragat-Presidente della Repubblica) era un gioiello dell&#8217;Italia generativa del \u201cmiracolo economico\u201d che, in assenza di capitale privato al di fuori del caso Fiat e di pochi altri, favor\u00ec lo sviluppo industriale di base (siderurgia, chimica, ciclo del carbone, alluminio) grazie agli ingenti investimenti fatti dalle [&hellip;]","og_url":"https:\/\/www.bellunopress.it\/fr\/2019\/11\/24\/il-dramma-dellilva\/","og_site_name":"Bellunopress - Dolomiti","article_publisher":"https:\/\/www.facebook.com\/profile.php?id=100008943462799","article_published_time":"2019-11-24T14:25:17+00:00","article_modified_time":"2019-11-24T14:25:18+00:00","og_image":[{"url":"http:\/\/www.bellunopress.it\/wp-content\/uploads\/2019\/11\/Ilva-Taranto.jpg","type":"","width":"","height":""}],"author":"redazione","twitter_card":"summary_large_image","twitter_creator":"@bellunopress","twitter_site":"@bellunopress","twitter_misc":{"\u00c9crit par":"redazione","Dur\u00e9e de lecture estim\u00e9e":"5 minutes"},"schema":{"@context":"https:\/\/schema.org","@graph":[{"@type":"Article","@id":"https:\/\/www.bellunopress.it\/2019\/11\/24\/il-dramma-dellilva\/#article","isPartOf":{"@id":"https:\/\/www.bellunopress.it\/2019\/11\/24\/il-dramma-dellilva\/"},"author":{"name":"redazione","@id":"https:\/\/www.bellunopress.it\/#\/schema\/person\/79bb06722b37ece1c03d3e94beb30d73"},"headline":"Il dramma dell&#8217;Ilva","datePublished":"2019-11-24T14:25:17+00:00","dateModified":"2019-11-24T14:25:18+00:00","mainEntityOfPage":{"@id":"https:\/\/www.bellunopress.it\/2019\/11\/24\/il-dramma-dellilva\/"},"wordCount":980,"publisher":{"@id":"https:\/\/www.bellunopress.it\/#organization"},"image":{"@id":"https:\/\/www.bellunopress.it\/2019\/11\/24\/il-dramma-dellilva\/#primaryimage"},"thumbnailUrl":"http:\/\/www.bellunopress.it\/wp-content\/uploads\/2019\/11\/Ilva-Taranto.jpg","articleSection":["Cronaca\/Politica","Prima Pagina"],"inLanguage":"fr-FR"},{"@type":"WebPage","@id":"https:\/\/www.bellunopress.it\/2019\/11\/24\/il-dramma-dellilva\/","url":"https:\/\/www.bellunopress.it\/2019\/11\/24\/il-dramma-dellilva\/","name":"Il dramma dell'Ilva - Bellunopress - Dolomiti","isPartOf":{"@id":"https:\/\/www.bellunopress.it\/#website"},"primaryImageOfPage":{"@id":"https:\/\/www.bellunopress.it\/2019\/11\/24\/il-dramma-dellilva\/#primaryimage"},"image":{"@id":"https:\/\/www.bellunopress.it\/2019\/11\/24\/il-dramma-dellilva\/#primaryimage"},"thumbnailUrl":"http:\/\/www.bellunopress.it\/wp-content\/uploads\/2019\/11\/Ilva-Taranto.jpg","datePublished":"2019-11-24T14:25:17+00:00","dateModified":"2019-11-24T14:25:18+00:00","breadcrumb":{"@id":"https:\/\/www.bellunopress.it\/2019\/11\/24\/il-dramma-dellilva\/#breadcrumb"},"inLanguage":"fr-FR","potentialAction":[{"@type":"ReadAction","target":["https:\/\/www.bellunopress.it\/2019\/11\/24\/il-dramma-dellilva\/"]}]},{"@type":"ImageObject","inLanguage":"fr-FR","@id":"https:\/\/www.bellunopress.it\/2019\/11\/24\/il-dramma-dellilva\/#primaryimage","url":"http:\/\/www.bellunopress.it\/wp-content\/uploads\/2019\/11\/Ilva-Taranto.jpg","contentUrl":"http:\/\/www.bellunopress.it\/wp-content\/uploads\/2019\/11\/Ilva-Taranto.jpg"},{"@type":"BreadcrumbList","@id":"https:\/\/www.bellunopress.it\/2019\/11\/24\/il-dramma-dellilva\/#breadcrumb","itemListElement":[{"@type":"ListItem","position":1,"name":"Home","item":"https:\/\/www.bellunopress.it\/"},{"@type":"ListItem","position":2,"name":"Il dramma dell&#8217;Ilva"}]},{"@type":"WebSite","@id":"https:\/\/www.bellunopress.it\/#website","url":"https:\/\/www.bellunopress.it\/","name":"Bellunopress - Dolomiti","description":"e-mail: redazione@bellunopress.it","publisher":{"@id":"https:\/\/www.bellunopress.it\/#organization"},"potentialAction":[{"@type":"SearchAction","target":{"@type":"EntryPoint","urlTemplate":"https:\/\/www.bellunopress.it\/?s={search_term_string}"},"query-input":{"@type":"PropertyValueSpecification","valueRequired":true,"valueName":"search_term_string"}}],"inLanguage":"fr-FR"},{"@type":"Organization","@id":"https:\/\/www.bellunopress.it\/#organization","name":"Bellunopress","url":"https:\/\/www.bellunopress.it\/","logo":{"@type":"ImageObject","inLanguage":"fr-FR","@id":"https:\/\/www.bellunopress.it\/#\/schema\/logo\/image\/","url":"https:\/\/www.bellunopress.it\/wp-content\/uploads\/2011\/05\/cropped-logo-bellunopress-.jpg","contentUrl":"https:\/\/www.bellunopress.it\/wp-content\/uploads\/2011\/05\/cropped-logo-bellunopress-.jpg","width":512,"height":512,"caption":"Bellunopress"},"image":{"@id":"https:\/\/www.bellunopress.it\/#\/schema\/logo\/image\/"},"sameAs":["https:\/\/www.facebook.com\/profile.php?id=100008943462799","https:\/\/x.com\/bellunopress","https:\/\/www.linkedin.com\/hp\/?dnr=JBzUWaJfMUw8vbXJJ2tVW5-I3jZKvC4wsoxE&amp;amp;amp;amp;amp;amp;trk=nav_responsive_tab_home","https:\/\/www.youtube.com\/channel\/UCxL0wu1uN0_3_7hGG0306cw"]},{"@type":"Person","@id":"https:\/\/www.bellunopress.it\/#\/schema\/person\/79bb06722b37ece1c03d3e94beb30d73","name":"r\u00e9daction","image":{"@type":"ImageObject","inLanguage":"fr-FR","@id":"https:\/\/secure.gravatar.com\/avatar\/37d968a2e67a6fd04c169c4bdef102d0bc5d31b2546345219e348575eb80e9a0?s=96&d=mm&r=g","url":"https:\/\/secure.gravatar.com\/avatar\/37d968a2e67a6fd04c169c4bdef102d0bc5d31b2546345219e348575eb80e9a0?s=96&d=mm&r=g","contentUrl":"https:\/\/secure.gravatar.com\/avatar\/37d968a2e67a6fd04c169c4bdef102d0bc5d31b2546345219e348575eb80e9a0?s=96&d=mm&r=g","caption":"redazione"},"sameAs":["http:\/\/www.bellunopress.it","https:\/\/x.com\/bellunopress"],"url":"https:\/\/www.bellunopress.it\/fr\/author\/redazione\/"}]}},"_links":{"self":[{"href":"https:\/\/www.bellunopress.it\/fr\/wp-json\/wp\/v2\/posts\/109873","targetHints":{"allow":["GET"]}}],"collection":[{"href":"https:\/\/www.bellunopress.it\/fr\/wp-json\/wp\/v2\/posts"}],"about":[{"href":"https:\/\/www.bellunopress.it\/fr\/wp-json\/wp\/v2\/types\/post"}],"author":[{"embeddable":true,"href":"https:\/\/www.bellunopress.it\/fr\/wp-json\/wp\/v2\/users\/2"}],"replies":[{"embeddable":true,"href":"https:\/\/www.bellunopress.it\/fr\/wp-json\/wp\/v2\/comments?post=109873"}],"version-history":[{"count":2,"href":"https:\/\/www.bellunopress.it\/fr\/wp-json\/wp\/v2\/posts\/109873\/revisions"}],"predecessor-version":[{"id":109876,"href":"https:\/\/www.bellunopress.it\/fr\/wp-json\/wp\/v2\/posts\/109873\/revisions\/109876"}],"wp:attachment":[{"href":"https:\/\/www.bellunopress.it\/fr\/wp-json\/wp\/v2\/media?parent=109873"}],"wp:term":[{"taxonomy":"category","embeddable":true,"href":"https:\/\/www.bellunopress.it\/fr\/wp-json\/wp\/v2\/categories?post=109873"},{"taxonomy":"post_tag","embeddable":true,"href":"https:\/\/www.bellunopress.it\/fr\/wp-json\/wp\/v2\/tags?post=109873"}],"curies":[{"name":"wp","href":"https:\/\/api.w.org\/{rel}","templated":true}]}}