{"id":109863,"date":"2019-11-23T14:44:41","date_gmt":"2019-11-23T13:44:41","guid":{"rendered":"http:\/\/www.bellunopress.it\/?p=109863"},"modified":"2019-11-23T14:44:41","modified_gmt":"2019-11-23T13:44:41","slug":"il-prefetto-esposito-lascia-belluno-lunedi-lavvicendamento-de-carlo-il-suo-esempio-e-quello-di-uno-stato-vicino-ai-cittadini","status":"publish","type":"post","link":"https:\/\/www.bellunopress.it\/fr\/2019\/11\/23\/il-prefetto-esposito-lascia-belluno-lunedi-lavvicendamento-de-carlo-il-suo-esempio-e-quello-di-uno-stato-vicino-ai-cittadini\/","title":{"rendered":"Il prefetto Esposito lascia Belluno, luned\u00ec l&#8217;avvicendamento. De Carlo: \u201cIl suo esempio \u00e8 quello di uno Stato vicino ai cittadini\u201d"},"content":{"rendered":"<figure id=\"attachment_94869\" aria-describedby=\"caption-attachment-94869\" style=\"width: 280px\" class=\"wp-caption alignleft\"><a href=\"http:\/\/www.bellunopress.it\/fr\/2018\/05\/08\/il-prefetto-intervistato-dagli-studenti-legalita-contrasto-alle-mafie-bullismo-immigrazione-dipendenze-questi-i-temi-scelti-dagli-studenti\/francesco-esposito-prefetto-4\/\" rel=\"attachment wp-att-94869\"><img loading=\"lazy\" decoding=\"async\" class=\"size-full wp-image-94869\" src=\"http:\/\/www.bellunopress.it\/wp-content\/uploads\/2018\/05\/Francesco-Esposito-prefetto.jpg\" alt=\"\" width=\"280\" height=\"300\" \/><\/a><figcaption id=\"caption-attachment-94869\" class=\"wp-caption-text\">Francesco Esposito &#8211; Prefetto<\/figcaption><\/figure>\n<figure id=\"attachment_109446\" aria-describedby=\"caption-attachment-109446\" style=\"width: 247px\" class=\"wp-caption alignleft\"><a href=\"http:\/\/www.bellunopress.it\/fr\/2019\/11\/10\/politica-province-solidarieta-ambiente-de-carlo-chiude-lassemblea-provinciale-di-fratelli-ditalia\/luca-de-carlo-5\/\" rel=\"attachment wp-att-109446\"><img loading=\"lazy\" decoding=\"async\" class=\"size-full wp-image-109446\" src=\"http:\/\/www.bellunopress.it\/wp-content\/uploads\/2019\/11\/Luca-De-Carlo.jpg\" alt=\"\" width=\"247\" height=\"300\" \/><\/a><figcaption id=\"caption-attachment-109446\" class=\"wp-caption-text\">Luca De Carlo, deputato e sindaco di Calalzo di Cadore<\/figcaption><\/figure>\n<p>\u201cNon posso che ringraziare il Prefetto Francesco Esposito per quanto ha fatto in questi anni di lavoro a Belluno e per aver dato esempio concreto che uno Stato vicino ai cittadini pu\u00f2 esistere\u201d.<\/p>\n<p>Cos\u00ec il deputato di Fratelli d&#8217;Italia e sindaco di Calalzo di Cadore, Luca De Carlo, saluta il prefetto di Belluno, che lascia il capoluogo dolomitico per Lucca.<\/p>\n<p>\u201c\u00c8 un uomo concreto, con poca voglia di apparire, ma un grande desiderio di essere utile e questo, come bellunese e come sindaco, sar\u00e0 uno dei miei migliori ricordi\u201d, sottolinea De Carlo. \u201cIn occasione della tempesta Vaia dello scorso anno, fu una figura imprescindibile e cardine nella gestione emergenziale, e anche in occasione della violenta ondata<br \/>\ndi maltempo dello scorso fine settimana la sua presenza, mai esagerata, serena e pacata, ha permesso di evitare confusioni e disagi, dandoci sempre appoggio\u201d.<\/p>\n<p>De Carlo saluta il prefetto assicurando che \u201cFrancesco Esposito \u00e8 la dimostrazione perfetta che quando si contesta e si mette in dubbio il ruolo delle Prefetture, questo accade perch\u00e9 non vengono associate alle persone e al loro valore. Esposito \u00e8, e i bellunesi cos\u00ec lo ricorderanno, un uomo dello Stato vicino al territorio e ai cittadini\u201d.<\/p>","protected":false},"excerpt":{"rendered":"<p>\u201cNon posso che ringraziare il Prefetto Francesco Esposito per quanto ha fatto in questi anni di lavoro a Belluno e per aver dato esempio concreto che uno Stato vicino ai cittadini pu\u00f2 esistere\u201d. Cos\u00ec il deputato di Fratelli d&#8217;Italia e sindaco di Calalzo di Cadore, Luca De Carlo, saluta il prefetto di Belluno, che lascia [&hellip;]<\/p>\n","protected":false},"author":2,"featured_media":0,"comment_status":"closed","ping_status":"open","sticky":false,"template":"","format":"standard","meta":{"footnotes":""},"categories":[26,8],"tags":[],"class_list":["post-109863","post","type-post","status-publish","format-standard","category-prima-pagina","category-societa-istituzioni"],"yoast_head":"<!-- This site is optimized with the Yoast SEO plugin v28.4 - https:\/\/yoast.com\/product\/yoast-seo-wordpress\/ -->\n<title>Il prefetto Esposito lascia Belluno, luned\u00ec l&#039;avvicendamento. De Carlo: \u201cIl suo esempio \u00e8 quello di uno Stato vicino ai cittadini\u201d - Bellunopress - Dolomiti<\/title>\n<meta name=\"robots\" content=\"index, follow, max-snippet:-1, max-image-preview:large, max-video-preview:-1\" \/>\n<link rel=\"canonical\" href=\"https:\/\/www.bellunopress.it\/fr\/2019\/11\/23\/il-prefetto-esposito-lascia-belluno-lunedi-lavvicendamento-de-carlo-il-suo-esempio-e-quello-di-uno-stato-vicino-ai-cittadini\/\" \/>\n<meta property=\"og:locale\" content=\"fr_FR\" \/>\n<meta property=\"og:type\" content=\"article\" \/>\n<meta property=\"og:title\" content=\"Il prefetto Esposito lascia Belluno, luned\u00ec l&#039;avvicendamento. De Carlo: \u201cIl suo esempio \u00e8 quello di uno Stato vicino ai cittadini\u201d - Bellunopress - Dolomiti\" \/>\n<meta property=\"og:description\" content=\"\u201cNon posso che ringraziare il Prefetto Francesco Esposito per quanto ha fatto in questi anni di lavoro a Belluno e per aver dato esempio concreto che uno Stato vicino ai cittadini pu\u00f2 esistere\u201d. Cos\u00ec il deputato di Fratelli d&#8217;Italia e sindaco di Calalzo di Cadore, Luca De Carlo, saluta il prefetto di Belluno, che lascia [&hellip;]\" \/>\n<meta property=\"og:url\" content=\"https:\/\/www.bellunopress.it\/fr\/2019\/11\/23\/il-prefetto-esposito-lascia-belluno-lunedi-lavvicendamento-de-carlo-il-suo-esempio-e-quello-di-uno-stato-vicino-ai-cittadini\/\" \/>\n<meta property=\"og:site_name\" content=\"Bellunopress - Dolomiti\" \/>\n<meta property=\"article:publisher\" content=\"https:\/\/www.facebook.com\/profile.php?id=100008943462799\" \/>\n<meta property=\"article:published_time\" content=\"2019-11-23T13:44:41+00:00\" \/>\n<meta property=\"og:image\" content=\"http:\/\/www.bellunopress.it\/wp-content\/uploads\/2018\/05\/Francesco-Esposito-prefetto.jpg\" \/>\n<meta name=\"author\" content=\"redazione\" \/>\n<meta name=\"twitter:card\" content=\"summary_large_image\" \/>\n<meta name=\"twitter:creator\" content=\"@bellunopress\" \/>\n<meta name=\"twitter:site\" content=\"@bellunopress\" \/>\n<meta name=\"twitter:label1\" content=\"\u00c9crit par\" \/>\n\t<meta name=\"twitter:data1\" content=\"redazione\" \/>\n\t<meta name=\"twitter:label2\" content=\"Dur\u00e9e de lecture estim\u00e9e\" \/>\n\t<meta name=\"twitter:data2\" content=\"1 minute\" \/>\n<script type=\"application\/ld+json\" class=\"yoast-schema-graph\">{\"@context\":\"https:\\\/\\\/schema.org\",\"@graph\":[{\"@type\":\"Article\",\"@id\":\"https:\\\/\\\/www.bellunopress.it\\\/2019\\\/11\\\/23\\\/il-prefetto-esposito-lascia-belluno-lunedi-lavvicendamento-de-carlo-il-suo-esempio-e-quello-di-uno-stato-vicino-ai-cittadini\\\/#article\",\"isPartOf\":{\"@id\":\"https:\\\/\\\/www.bellunopress.it\\\/2019\\\/11\\\/23\\\/il-prefetto-esposito-lascia-belluno-lunedi-lavvicendamento-de-carlo-il-suo-esempio-e-quello-di-uno-stato-vicino-ai-cittadini\\\/\"},\"author\":{\"name\":\"redazione\",\"@id\":\"https:\\\/\\\/www.bellunopress.it\\\/#\\\/schema\\\/person\\\/79bb06722b37ece1c03d3e94beb30d73\"},\"headline\":\"Il prefetto Esposito lascia Belluno, luned\u00ec l&#8217;avvicendamento. De Carlo: \u201cIl suo esempio \u00e8 quello di uno Stato vicino ai cittadini\u201d\",\"datePublished\":\"2019-11-23T13:44:41+00:00\",\"mainEntityOfPage\":{\"@id\":\"https:\\\/\\\/www.bellunopress.it\\\/2019\\\/11\\\/23\\\/il-prefetto-esposito-lascia-belluno-lunedi-lavvicendamento-de-carlo-il-suo-esempio-e-quello-di-uno-stato-vicino-ai-cittadini\\\/\"},\"wordCount\":242,\"publisher\":{\"@id\":\"https:\\\/\\\/www.bellunopress.it\\\/#organization\"},\"image\":{\"@id\":\"https:\\\/\\\/www.bellunopress.it\\\/2019\\\/11\\\/23\\\/il-prefetto-esposito-lascia-belluno-lunedi-lavvicendamento-de-carlo-il-suo-esempio-e-quello-di-uno-stato-vicino-ai-cittadini\\\/#primaryimage\"},\"thumbnailUrl\":\"http:\\\/\\\/www.bellunopress.it\\\/wp-content\\\/uploads\\\/2018\\\/05\\\/Francesco-Esposito-prefetto.jpg\",\"articleSection\":[\"Prima Pagina\",\"Societ\u00e0, Associazioni, Istituzioni\"],\"inLanguage\":\"fr-FR\"},{\"@type\":\"WebPage\",\"@id\":\"https:\\\/\\\/www.bellunopress.it\\\/2019\\\/11\\\/23\\\/il-prefetto-esposito-lascia-belluno-lunedi-lavvicendamento-de-carlo-il-suo-esempio-e-quello-di-uno-stato-vicino-ai-cittadini\\\/\",\"url\":\"https:\\\/\\\/www.bellunopress.it\\\/2019\\\/11\\\/23\\\/il-prefetto-esposito-lascia-belluno-lunedi-lavvicendamento-de-carlo-il-suo-esempio-e-quello-di-uno-stato-vicino-ai-cittadini\\\/\",\"name\":\"Il prefetto Esposito lascia Belluno, luned\u00ec l'avvicendamento. De Carlo: \u201cIl suo esempio \u00e8 quello di uno Stato vicino ai cittadini\u201d - Bellunopress - Dolomiti\",\"isPartOf\":{\"@id\":\"https:\\\/\\\/www.bellunopress.it\\\/#website\"},\"primaryImageOfPage\":{\"@id\":\"https:\\\/\\\/www.bellunopress.it\\\/2019\\\/11\\\/23\\\/il-prefetto-esposito-lascia-belluno-lunedi-lavvicendamento-de-carlo-il-suo-esempio-e-quello-di-uno-stato-vicino-ai-cittadini\\\/#primaryimage\"},\"image\":{\"@id\":\"https:\\\/\\\/www.bellunopress.it\\\/2019\\\/11\\\/23\\\/il-prefetto-esposito-lascia-belluno-lunedi-lavvicendamento-de-carlo-il-suo-esempio-e-quello-di-uno-stato-vicino-ai-cittadini\\\/#primaryimage\"},\"thumbnailUrl\":\"http:\\\/\\\/www.bellunopress.it\\\/wp-content\\\/uploads\\\/2018\\\/05\\\/Francesco-Esposito-prefetto.jpg\",\"datePublished\":\"2019-11-23T13:44:41+00:00\",\"breadcrumb\":{\"@id\":\"https:\\\/\\\/www.bellunopress.it\\\/2019\\\/11\\\/23\\\/il-prefetto-esposito-lascia-belluno-lunedi-lavvicendamento-de-carlo-il-suo-esempio-e-quello-di-uno-stato-vicino-ai-cittadini\\\/#breadcrumb\"},\"inLanguage\":\"fr-FR\",\"potentialAction\":[{\"@type\":\"ReadAction\",\"target\":[\"https:\\\/\\\/www.bellunopress.it\\\/2019\\\/11\\\/23\\\/il-prefetto-esposito-lascia-belluno-lunedi-lavvicendamento-de-carlo-il-suo-esempio-e-quello-di-uno-stato-vicino-ai-cittadini\\\/\"]}]},{\"@type\":\"ImageObject\",\"inLanguage\":\"fr-FR\",\"@id\":\"https:\\\/\\\/www.bellunopress.it\\\/2019\\\/11\\\/23\\\/il-prefetto-esposito-lascia-belluno-lunedi-lavvicendamento-de-carlo-il-suo-esempio-e-quello-di-uno-stato-vicino-ai-cittadini\\\/#primaryimage\",\"url\":\"http:\\\/\\\/www.bellunopress.it\\\/wp-content\\\/uploads\\\/2018\\\/05\\\/Francesco-Esposito-prefetto.jpg\",\"contentUrl\":\"http:\\\/\\\/www.bellunopress.it\\\/wp-content\\\/uploads\\\/2018\\\/05\\\/Francesco-Esposito-prefetto.jpg\"},{\"@type\":\"BreadcrumbList\",\"@id\":\"https:\\\/\\\/www.bellunopress.it\\\/2019\\\/11\\\/23\\\/il-prefetto-esposito-lascia-belluno-lunedi-lavvicendamento-de-carlo-il-suo-esempio-e-quello-di-uno-stato-vicino-ai-cittadini\\\/#breadcrumb\",\"itemListElement\":[{\"@type\":\"ListItem\",\"position\":1,\"name\":\"Home\",\"item\":\"https:\\\/\\\/www.bellunopress.it\\\/\"},{\"@type\":\"ListItem\",\"position\":2,\"name\":\"Il prefetto Esposito lascia Belluno, luned\u00ec l&#8217;avvicendamento. De Carlo: \u201cIl suo esempio \u00e8 quello di uno Stato vicino ai cittadini\u201d\"}]},{\"@type\":\"WebSite\",\"@id\":\"https:\\\/\\\/www.bellunopress.it\\\/#website\",\"url\":\"https:\\\/\\\/www.bellunopress.it\\\/\",\"name\":\"Bellunopress - Dolomiti\",\"description\":\"e-mail: redazione@bellunopress.it\",\"publisher\":{\"@id\":\"https:\\\/\\\/www.bellunopress.it\\\/#organization\"},\"potentialAction\":[{\"@type\":\"SearchAction\",\"target\":{\"@type\":\"EntryPoint\",\"urlTemplate\":\"https:\\\/\\\/www.bellunopress.it\\\/?s={search_term_string}\"},\"query-input\":{\"@type\":\"PropertyValueSpecification\",\"valueRequired\":true,\"valueName\":\"search_term_string\"}}],\"inLanguage\":\"fr-FR\"},{\"@type\":\"Organization\",\"@id\":\"https:\\\/\\\/www.bellunopress.it\\\/#organization\",\"name\":\"Bellunopress\",\"url\":\"https:\\\/\\\/www.bellunopress.it\\\/\",\"logo\":{\"@type\":\"ImageObject\",\"inLanguage\":\"fr-FR\",\"@id\":\"https:\\\/\\\/www.bellunopress.it\\\/#\\\/schema\\\/logo\\\/image\\\/\",\"url\":\"https:\\\/\\\/www.bellunopress.it\\\/wp-content\\\/uploads\\\/2011\\\/05\\\/cropped-logo-bellunopress-.jpg\",\"contentUrl\":\"https:\\\/\\\/www.bellunopress.it\\\/wp-content\\\/uploads\\\/2011\\\/05\\\/cropped-logo-bellunopress-.jpg\",\"width\":512,\"height\":512,\"caption\":\"Bellunopress\"},\"image\":{\"@id\":\"https:\\\/\\\/www.bellunopress.it\\\/#\\\/schema\\\/logo\\\/image\\\/\"},\"sameAs\":[\"https:\\\/\\\/www.facebook.com\\\/profile.php?id=100008943462799\",\"https:\\\/\\\/x.com\\\/bellunopress\",\"https:\\\/\\\/www.linkedin.com\\\/hp\\\/?dnr=JBzUWaJfMUw8vbXJJ2tVW5-I3jZKvC4wsoxE&amp;amp;amp;amp;amp;amp;trk=nav_responsive_tab_home\",\"https:\\\/\\\/www.youtube.com\\\/channel\\\/UCxL0wu1uN0_3_7hGG0306cw\"]},{\"@type\":\"Person\",\"@id\":\"https:\\\/\\\/www.bellunopress.it\\\/#\\\/schema\\\/person\\\/79bb06722b37ece1c03d3e94beb30d73\",\"name\":\"redazione\",\"image\":{\"@type\":\"ImageObject\",\"inLanguage\":\"fr-FR\",\"@id\":\"https:\\\/\\\/secure.gravatar.com\\\/avatar\\\/37d968a2e67a6fd04c169c4bdef102d0bc5d31b2546345219e348575eb80e9a0?s=96&d=mm&r=g\",\"url\":\"https:\\\/\\\/secure.gravatar.com\\\/avatar\\\/37d968a2e67a6fd04c169c4bdef102d0bc5d31b2546345219e348575eb80e9a0?s=96&d=mm&r=g\",\"contentUrl\":\"https:\\\/\\\/secure.gravatar.com\\\/avatar\\\/37d968a2e67a6fd04c169c4bdef102d0bc5d31b2546345219e348575eb80e9a0?s=96&d=mm&r=g\",\"caption\":\"redazione\"},\"sameAs\":[\"http:\\\/\\\/www.bellunopress.it\",\"https:\\\/\\\/x.com\\\/bellunopress\"],\"url\":\"https:\\\/\\\/www.bellunopress.it\\\/fr\\\/author\\\/redazione\\\/\"}]}<\/script>\n<!-- \/ Yoast SEO plugin. -->","yoast_head_json":{"title":"Il prefetto Esposito lascia Belluno, luned\u00ec l'avvicendamento. De Carlo: \u201cIl suo esempio \u00e8 quello di uno Stato vicino ai cittadini\u201d - Bellunopress - Dolomiti","robots":{"index":"index","follow":"follow","max-snippet":"max-snippet:-1","max-image-preview":"max-image-preview:large","max-video-preview":"max-video-preview:-1"},"canonical":"https:\/\/www.bellunopress.it\/fr\/2019\/11\/23\/il-prefetto-esposito-lascia-belluno-lunedi-lavvicendamento-de-carlo-il-suo-esempio-e-quello-di-uno-stato-vicino-ai-cittadini\/","og_locale":"fr_FR","og_type":"article","og_title":"Il prefetto Esposito lascia Belluno, luned\u00ec l'avvicendamento. De Carlo: \u201cIl suo esempio \u00e8 quello di uno Stato vicino ai cittadini\u201d - Bellunopress - Dolomiti","og_description":"\u201cNon posso che ringraziare il Prefetto Francesco Esposito per quanto ha fatto in questi anni di lavoro a Belluno e per aver dato esempio concreto che uno Stato vicino ai cittadini pu\u00f2 esistere\u201d. Cos\u00ec il deputato di Fratelli d&#8217;Italia e sindaco di Calalzo di Cadore, Luca De Carlo, saluta il prefetto di Belluno, che lascia [&hellip;]","og_url":"https:\/\/www.bellunopress.it\/fr\/2019\/11\/23\/il-prefetto-esposito-lascia-belluno-lunedi-lavvicendamento-de-carlo-il-suo-esempio-e-quello-di-uno-stato-vicino-ai-cittadini\/","og_site_name":"Bellunopress - Dolomiti","article_publisher":"https:\/\/www.facebook.com\/profile.php?id=100008943462799","article_published_time":"2019-11-23T13:44:41+00:00","og_image":[{"url":"http:\/\/www.bellunopress.it\/wp-content\/uploads\/2018\/05\/Francesco-Esposito-prefetto.jpg","type":"","width":"","height":""}],"author":"redazione","twitter_card":"summary_large_image","twitter_creator":"@bellunopress","twitter_site":"@bellunopress","twitter_misc":{"\u00c9crit par":"redazione","Dur\u00e9e de lecture estim\u00e9e":"1 minute"},"schema":{"@context":"https:\/\/schema.org","@graph":[{"@type":"Article","@id":"https:\/\/www.bellunopress.it\/2019\/11\/23\/il-prefetto-esposito-lascia-belluno-lunedi-lavvicendamento-de-carlo-il-suo-esempio-e-quello-di-uno-stato-vicino-ai-cittadini\/#article","isPartOf":{"@id":"https:\/\/www.bellunopress.it\/2019\/11\/23\/il-prefetto-esposito-lascia-belluno-lunedi-lavvicendamento-de-carlo-il-suo-esempio-e-quello-di-uno-stato-vicino-ai-cittadini\/"},"author":{"name":"redazione","@id":"https:\/\/www.bellunopress.it\/#\/schema\/person\/79bb06722b37ece1c03d3e94beb30d73"},"headline":"Il prefetto Esposito lascia Belluno, luned\u00ec l&#8217;avvicendamento. De Carlo: \u201cIl suo esempio \u00e8 quello di uno Stato vicino ai cittadini\u201d","datePublished":"2019-11-23T13:44:41+00:00","mainEntityOfPage":{"@id":"https:\/\/www.bellunopress.it\/2019\/11\/23\/il-prefetto-esposito-lascia-belluno-lunedi-lavvicendamento-de-carlo-il-suo-esempio-e-quello-di-uno-stato-vicino-ai-cittadini\/"},"wordCount":242,"publisher":{"@id":"https:\/\/www.bellunopress.it\/#organization"},"image":{"@id":"https:\/\/www.bellunopress.it\/2019\/11\/23\/il-prefetto-esposito-lascia-belluno-lunedi-lavvicendamento-de-carlo-il-suo-esempio-e-quello-di-uno-stato-vicino-ai-cittadini\/#primaryimage"},"thumbnailUrl":"http:\/\/www.bellunopress.it\/wp-content\/uploads\/2018\/05\/Francesco-Esposito-prefetto.jpg","articleSection":["Prima Pagina","Societ\u00e0, Associazioni, Istituzioni"],"inLanguage":"fr-FR"},{"@type":"WebPage","@id":"https:\/\/www.bellunopress.it\/2019\/11\/23\/il-prefetto-esposito-lascia-belluno-lunedi-lavvicendamento-de-carlo-il-suo-esempio-e-quello-di-uno-stato-vicino-ai-cittadini\/","url":"https:\/\/www.bellunopress.it\/2019\/11\/23\/il-prefetto-esposito-lascia-belluno-lunedi-lavvicendamento-de-carlo-il-suo-esempio-e-quello-di-uno-stato-vicino-ai-cittadini\/","name":"Il prefetto Esposito lascia Belluno, luned\u00ec l'avvicendamento. De Carlo: \u201cIl suo esempio \u00e8 quello di uno Stato vicino ai cittadini\u201d - Bellunopress - Dolomiti","isPartOf":{"@id":"https:\/\/www.bellunopress.it\/#website"},"primaryImageOfPage":{"@id":"https:\/\/www.bellunopress.it\/2019\/11\/23\/il-prefetto-esposito-lascia-belluno-lunedi-lavvicendamento-de-carlo-il-suo-esempio-e-quello-di-uno-stato-vicino-ai-cittadini\/#primaryimage"},"image":{"@id":"https:\/\/www.bellunopress.it\/2019\/11\/23\/il-prefetto-esposito-lascia-belluno-lunedi-lavvicendamento-de-carlo-il-suo-esempio-e-quello-di-uno-stato-vicino-ai-cittadini\/#primaryimage"},"thumbnailUrl":"http:\/\/www.bellunopress.it\/wp-content\/uploads\/2018\/05\/Francesco-Esposito-prefetto.jpg","datePublished":"2019-11-23T13:44:41+00:00","breadcrumb":{"@id":"https:\/\/www.bellunopress.it\/2019\/11\/23\/il-prefetto-esposito-lascia-belluno-lunedi-lavvicendamento-de-carlo-il-suo-esempio-e-quello-di-uno-stato-vicino-ai-cittadini\/#breadcrumb"},"inLanguage":"fr-FR","potentialAction":[{"@type":"ReadAction","target":["https:\/\/www.bellunopress.it\/2019\/11\/23\/il-prefetto-esposito-lascia-belluno-lunedi-lavvicendamento-de-carlo-il-suo-esempio-e-quello-di-uno-stato-vicino-ai-cittadini\/"]}]},{"@type":"ImageObject","inLanguage":"fr-FR","@id":"https:\/\/www.bellunopress.it\/2019\/11\/23\/il-prefetto-esposito-lascia-belluno-lunedi-lavvicendamento-de-carlo-il-suo-esempio-e-quello-di-uno-stato-vicino-ai-cittadini\/#primaryimage","url":"http:\/\/www.bellunopress.it\/wp-content\/uploads\/2018\/05\/Francesco-Esposito-prefetto.jpg","contentUrl":"http:\/\/www.bellunopress.it\/wp-content\/uploads\/2018\/05\/Francesco-Esposito-prefetto.jpg"},{"@type":"BreadcrumbList","@id":"https:\/\/www.bellunopress.it\/2019\/11\/23\/il-prefetto-esposito-lascia-belluno-lunedi-lavvicendamento-de-carlo-il-suo-esempio-e-quello-di-uno-stato-vicino-ai-cittadini\/#breadcrumb","itemListElement":[{"@type":"ListItem","position":1,"name":"Home","item":"https:\/\/www.bellunopress.it\/"},{"@type":"ListItem","position":2,"name":"Il prefetto Esposito lascia Belluno, luned\u00ec l&#8217;avvicendamento. De Carlo: \u201cIl suo esempio \u00e8 quello di uno Stato vicino ai cittadini\u201d"}]},{"@type":"WebSite","@id":"https:\/\/www.bellunopress.it\/#website","url":"https:\/\/www.bellunopress.it\/","name":"Bellunopress - Dolomiti","description":"e-mail: redazione@bellunopress.it","publisher":{"@id":"https:\/\/www.bellunopress.it\/#organization"},"potentialAction":[{"@type":"SearchAction","target":{"@type":"EntryPoint","urlTemplate":"https:\/\/www.bellunopress.it\/?s={search_term_string}"},"query-input":{"@type":"PropertyValueSpecification","valueRequired":true,"valueName":"search_term_string"}}],"inLanguage":"fr-FR"},{"@type":"Organization","@id":"https:\/\/www.bellunopress.it\/#organization","name":"Bellunopress","url":"https:\/\/www.bellunopress.it\/","logo":{"@type":"ImageObject","inLanguage":"fr-FR","@id":"https:\/\/www.bellunopress.it\/#\/schema\/logo\/image\/","url":"https:\/\/www.bellunopress.it\/wp-content\/uploads\/2011\/05\/cropped-logo-bellunopress-.jpg","contentUrl":"https:\/\/www.bellunopress.it\/wp-content\/uploads\/2011\/05\/cropped-logo-bellunopress-.jpg","width":512,"height":512,"caption":"Bellunopress"},"image":{"@id":"https:\/\/www.bellunopress.it\/#\/schema\/logo\/image\/"},"sameAs":["https:\/\/www.facebook.com\/profile.php?id=100008943462799","https:\/\/x.com\/bellunopress","https:\/\/www.linkedin.com\/hp\/?dnr=JBzUWaJfMUw8vbXJJ2tVW5-I3jZKvC4wsoxE&amp;amp;amp;amp;amp;amp;trk=nav_responsive_tab_home","https:\/\/www.youtube.com\/channel\/UCxL0wu1uN0_3_7hGG0306cw"]},{"@type":"Person","@id":"https:\/\/www.bellunopress.it\/#\/schema\/person\/79bb06722b37ece1c03d3e94beb30d73","name":"r\u00e9daction","image":{"@type":"ImageObject","inLanguage":"fr-FR","@id":"https:\/\/secure.gravatar.com\/avatar\/37d968a2e67a6fd04c169c4bdef102d0bc5d31b2546345219e348575eb80e9a0?s=96&d=mm&r=g","url":"https:\/\/secure.gravatar.com\/avatar\/37d968a2e67a6fd04c169c4bdef102d0bc5d31b2546345219e348575eb80e9a0?s=96&d=mm&r=g","contentUrl":"https:\/\/secure.gravatar.com\/avatar\/37d968a2e67a6fd04c169c4bdef102d0bc5d31b2546345219e348575eb80e9a0?s=96&d=mm&r=g","caption":"redazione"},"sameAs":["http:\/\/www.bellunopress.it","https:\/\/x.com\/bellunopress"],"url":"https:\/\/www.bellunopress.it\/fr\/author\/redazione\/"}]}},"_links":{"self":[{"href":"https:\/\/www.bellunopress.it\/fr\/wp-json\/wp\/v2\/posts\/109863","targetHints":{"allow":["GET"]}}],"collection":[{"href":"https:\/\/www.bellunopress.it\/fr\/wp-json\/wp\/v2\/posts"}],"about":[{"href":"https:\/\/www.bellunopress.it\/fr\/wp-json\/wp\/v2\/types\/post"}],"author":[{"embeddable":true,"href":"https:\/\/www.bellunopress.it\/fr\/wp-json\/wp\/v2\/users\/2"}],"replies":[{"embeddable":true,"href":"https:\/\/www.bellunopress.it\/fr\/wp-json\/wp\/v2\/comments?post=109863"}],"version-history":[{"count":1,"href":"https:\/\/www.bellunopress.it\/fr\/wp-json\/wp\/v2\/posts\/109863\/revisions"}],"predecessor-version":[{"id":109864,"href":"https:\/\/www.bellunopress.it\/fr\/wp-json\/wp\/v2\/posts\/109863\/revisions\/109864"}],"wp:attachment":[{"href":"https:\/\/www.bellunopress.it\/fr\/wp-json\/wp\/v2\/media?parent=109863"}],"wp:term":[{"taxonomy":"category","embeddable":true,"href":"https:\/\/www.bellunopress.it\/fr\/wp-json\/wp\/v2\/categories?post=109863"},{"taxonomy":"post_tag","embeddable":true,"href":"https:\/\/www.bellunopress.it\/fr\/wp-json\/wp\/v2\/tags?post=109863"}],"curies":[{"name":"wp","href":"https:\/\/api.w.org\/{rel}","templated":true}]}}