{"id":109843,"date":"2019-11-24T14:18:15","date_gmt":"2019-11-24T13:18:15","guid":{"rendered":"http:\/\/www.bellunopress.it\/?p=109843"},"modified":"2019-11-22T15:00:16","modified_gmt":"2019-11-22T14:00:16","slug":"imu-tasi-scadenza-pagamento-saldo-lunedi-16-dicembre-belluno-aliquote-e-detrazioni-invariate","status":"publish","type":"post","link":"https:\/\/www.bellunopress.it\/fr\/2019\/11\/24\/imu-tasi-scadenza-pagamento-saldo-lunedi-16-dicembre-belluno-aliquote-e-detrazioni-invariate\/","title":{"rendered":"Imu, Tasi, scadenza pagamento saldo luned\u00ec 16 dicembre. Belluno, aliquote e detrazioni invariate"},"content":{"rendered":"<p><a href=\"http:\/\/www.bellunopress.it\/fr\/2016\/01\/23\/iscrizioni-anno-scolastico-2016-2017-per-le-classi-prime-delle-scuole-dellinfanzia-primarie-e-secondarie-1-grado-accesso-al-servizio-mensa-e-trasporto-scolastico-domande-entro-il-22\/comune-belluno-2\/\" rel=\"attachment wp-att-74884\"><img loading=\"lazy\" decoding=\"async\" class=\"alignleft size-full wp-image-74884\" src=\"http:\/\/www.bellunopress.it\/wp-content\/uploads\/2016\/01\/comune-belluno.jpg\" alt=\"\" width=\"148\" height=\"190\" \/><\/a>Luned\u00ec 16 dicembre scade il termine per il pagamento del saldo di IMU e TASI.<br \/>\nL&#8217;Uffici Tributi del Comune di Belluno \u00e8 a disposizione dei contribuenti per assistere e informare sul pagamento, anche mediante un servizio gratuito su appuntamento, con la stampa dei prospetti e modelli F24.<\/p>\n<p>Il Consiglio comunale nella seduta del 20\/12\/2018 ha confermato tutte le aliquote, detrazioni e la disciplina regolamentare Tasi e Imu, come approvate per il 2018:<br \/>\n&#8211; abolizione della TASI sulle abitazioni principali (anche a esse assimilate),e relative pertinenze ammesse, con esclusione di quelle classificate nelle categorie catastali A\/1 \u2013 A\/8 \u2013 A\/9;<br \/>\n&#8211; abolizione della quota TASI a carico del detentore\/occupante, purch\u00e9 nell&#8217;alloggio destinato ad abitazione principale (comprese le pertinenze ammesse) vi risieda con il proprio nucleo familiare e ne abbia stabilito la<br \/>\ndimora abituale. Restano escluse le categorie catastali A\/1 \u2013 A\/8 \u2013 A\/9;<br \/>\n&#8211; riduzione del 50 % della base imponibile, sia ai fini IMU che TASI, delle abitazioni e relative pertinenze ammesse, concesse in comodato tra parenti in linea retta di primo grado (genitore\/figlio o figlio\/genitore) nel rispetto di tutte le seguente condizioni:<br \/>\na) il contratto di comodato, sia scritto che verbale, deve obbligatoriamente essere registrato presso l&#8217;Agenzia delle Entrate;<br \/>\nb) l&#8217;unit\u00e0 immobiliare deve essere utilizzata dal comodatario (occupante) come propria abitazione principale;<br \/>\nc) il comodante (proprietario, usufruttuario, ecc) deve risiedere anagraficamente e dimorare abitualmente nello stesso comune in cui \u00e8 situata l&#8217;abitazione concessa in comodato; pertanto sia il comodante che il comodatario devono essere residenti in Comune di Belluno;<br \/>\nd) l&#8217;agevolazione si applica a condizione che il comodante (proprietario, usufruttuario, ecc) non possieda altri immobili in Italia, oltre a quello concesso in comodato, salvo possedere in Comune di Belluno, la propria abitazione principale, purch\u00e9 non censita nelle categorie catastali A\/1 \u2013 A\/8 \u2013 A\/9;<br \/>\n&#8211; riduzione del 25% delle imposte IMU e TASI dovute per gli immobili a uso<br \/>\nabitativo locati a canone concordato ai sensi dell&#8217;art. 2 comma 3 della Legge 9\/12\/1998 n. 431.<\/p>\n<p>NON \u00e8 previsto l&#8217;invio dei modelli precompilati di pagamento, pertanto il versamento IMU\/TASI 2019 deve avvenire in AUTOLIQUIDAZIONE da parte del contribuente.<br \/>\nOn-line sul sito del Comune di Belluno www.comune.belluno.it, alla voce \u201cIUC 2019 (IMU\/TASI\/TARI)&#8221; sono disponibili:<\/p>\n<p>\u2022 le delibere consiliari delle aliquote e detrazioni Imu\/Tasi 2018 (confermate per il 2019) e dei rispettivi regolamenti;<br \/>\n\u2022 la Guida UNIFICATA Imu\/Tasi 2019, che espone le aliquote invariate per le diverse fattispecie imponibili, con le riduzioni previste dalla Legge di Stabilit\u00e0 2016;<br \/>\n\u2022 i 3 Moduli per calcolare: solo il saldo IMU, solo il saldo TASI o insieme i saldi IMU\/TASI 2019 (con stampa di un unico F24), nonch\u00e9 le imposte annue nel caso di regolarizzazione (con ravvedimento) dell\u2019omesso\/parziale versamento in acconto 2019.<\/p>\n<p>I versamenti vanno effettuati (senza commissioni) presso gli sportelli bancari o postali utilizzando il modello F24.<\/p>\n<p>Per i residenti all&#8217;estero, nel caso in cui non sia possibile utilizzare il<br \/>\nmodello F24, \u00e8 possibile effettuare un bonifico a:<br \/>\nUNICREDIT BANCA SPA &#8211; Servizio di Tesoreria &#8211; Codice IBAN: IT81 J 02008 11910 000003465348 &#8211; codice BIC UNCRITM1D39 &#8211; intestato al Comune di Belluno.<br \/>\nIl Comune ha organizzato e avviato anche quest\u2019anno apposito servizio di assistenza fiscale, a titolo gratuito e su appuntamento, per il periodo da luned\u00ec 26 novembre a mercoled\u00ec 18 dicembre, con uno sportello, anche telefonico e telematico (via email), sulle modalit\u00e0 di calcolo e versamento delle due imposte (Tasi\/Imu), con stampa dei relativi prospetti e modelli di pagamento F24.<\/p>\n<p>Per conoscere l\u2019importo dovuto \u00e8 possibile procedere nei seguenti modi:<br \/>\n\u2022 autonomamente, utilizzando il link per il calcolo che si trova nella pagina raggiungibile dalla homepage del sito Internet istituzionale alla voce \u201cIUC 2019 (IMU\/TASI\/TARI)\u201d;<br \/>\n\u2022 prenotando gratuitamente un appuntamento con l&#8217;ufficio Tributi. Gli appuntamenti possono essere fissati sia chiamando lo Sportello dei Cittadini al numero 0437 913222 (dal luned\u00ec al venerd\u00ec, dalle 10.00 alle 12.00 e gioved\u00ec anche dalle 15.00 alle 17.00), oppure direttamente l&#8217;Ufficio Tributi ai numeri 0437 913491 o 913424, il marted\u00ec, gioved\u00ec e venerd\u00ec dalle 9.00 alle 12.30.<\/p>\n<p>ATTENZIONE &#8211; NOVITA&#8217; IMU &#8211; TASI PER I CONTRIBUENTI<br \/>\nCon la conversione in Legge n. 58\/2019 del D.L. n. 34\/2019 (Decreto Crescita) sono state introdotte le seguenti novit\u00e0 riguardo alla dichiarazione IMU (Tasi) ministeriale:<br \/>\n1) il termine di presentazione della dichiarazione \u00e8 posticipato dal 30 giugno al 31 dicembre 2019;<br \/>\n2) slitta al 31 dicembre 2019 anche il termine per adempiere al tardivo versamento IMU, per l&#8217;anno 2018, la cui scadenza \u00e8 legata a quella della dichiarazione d&#8217;imposta, adottando il ravvedimento operoso;<br \/>\n3) soppressione dell&#8217;obbligo di presentazione della dichiarazione IMU nei seguenti casi:<br \/>\n&#8211; abitazioni concesse in comodato d&#8217;uso a parenti di primo grado, per le quali \u00e8 prevista una riduzione della base imponibile IMU al 50%;<br \/>\n&#8211; immobili locati a canone concordato per i quali \u00e8 prevista una riduzione della base imponibile IMU nella misura del 25%.<br \/>\nPer le agevolazioni relative alle aliquote, previste dal regolamento comunale, permane comunque l&#8217;obbligo di presentare la comunicazione IMU-TASI per potere usufruire dell&#8217;aliquota agevolata.<\/p>\n<p>Per chi non ha versato l\u2019acconto:<\/p>\n<p>Si ricorda che il 17 giugno scorso \u00e8 scaduto il termine di pagamento degli acconti IMU e TASI 2019. Chi non avesse ancora provveduto pu\u00f2 regolarizzare l&#8217;omesso\/parziale versamento delle imposte ricorrendo al ravvedimento operoso, ovvero versando il tributo dovuto, gli interessi e le sanzioni ridotte previste dalla legge.<br \/>\nPer ogni chiarimento il Servizio Tributi \u00e8 a disposizione. In mancanza di regolarizzazione spontanea da parte del contribuente, o di riscontro ai solleciti inviati, si dovr\u00e0 procedere alla riscossione coattiva con l&#8217;applicazione delle sanzioni, interessi e spese dovuti per legge.<\/p>","protected":false},"excerpt":{"rendered":"<p>Luned\u00ec 16 dicembre scade il termine per il pagamento del saldo di IMU e TASI. L&#8217;Uffici Tributi del Comune di Belluno \u00e8 a disposizione dei contribuenti per assistere e informare sul pagamento, anche mediante un servizio gratuito su appuntamento, con la stampa dei prospetti e modelli F24. Il Consiglio comunale nella seduta del 20\/12\/2018 ha [&hellip;]<\/p>\n","protected":false},"author":2,"featured_media":0,"comment_status":"closed","ping_status":"open","sticky":false,"template":"","format":"standard","meta":{"footnotes":""},"categories":[26,8],"tags":[],"class_list":["post-109843","post","type-post","status-publish","format-standard","category-prima-pagina","category-societa-istituzioni"],"yoast_head":"<!-- This site is optimized with the Yoast SEO plugin v28.4 - https:\/\/yoast.com\/product\/yoast-seo-wordpress\/ -->\n<title>Imu, Tasi, scadenza pagamento saldo luned\u00ec 16 dicembre. Belluno, aliquote e detrazioni invariate - Bellunopress - Dolomiti<\/title>\n<meta name=\"robots\" content=\"index, follow, max-snippet:-1, max-image-preview:large, max-video-preview:-1\" \/>\n<link rel=\"canonical\" href=\"https:\/\/www.bellunopress.it\/fr\/2019\/11\/24\/imu-tasi-scadenza-pagamento-saldo-lunedi-16-dicembre-belluno-aliquote-e-detrazioni-invariate\/\" \/>\n<meta property=\"og:locale\" content=\"fr_FR\" \/>\n<meta property=\"og:type\" content=\"article\" \/>\n<meta property=\"og:title\" content=\"Imu, Tasi, scadenza pagamento saldo luned\u00ec 16 dicembre. Belluno, aliquote e detrazioni invariate - Bellunopress - Dolomiti\" \/>\n<meta property=\"og:description\" content=\"Luned\u00ec 16 dicembre scade il termine per il pagamento del saldo di IMU e TASI. L&#8217;Uffici Tributi del Comune di Belluno \u00e8 a disposizione dei contribuenti per assistere e informare sul pagamento, anche mediante un servizio gratuito su appuntamento, con la stampa dei prospetti e modelli F24. Il Consiglio comunale nella seduta del 20\/12\/2018 ha [&hellip;]\" \/>\n<meta property=\"og:url\" content=\"https:\/\/www.bellunopress.it\/fr\/2019\/11\/24\/imu-tasi-scadenza-pagamento-saldo-lunedi-16-dicembre-belluno-aliquote-e-detrazioni-invariate\/\" \/>\n<meta property=\"og:site_name\" content=\"Bellunopress - Dolomiti\" \/>\n<meta property=\"article:publisher\" content=\"https:\/\/www.facebook.com\/profile.php?id=100008943462799\" \/>\n<meta property=\"article:published_time\" content=\"2019-11-24T13:18:15+00:00\" \/>\n<meta property=\"og:image\" content=\"http:\/\/www.bellunopress.it\/wp-content\/uploads\/2016\/01\/comune-belluno.jpg\" \/>\n<meta name=\"author\" content=\"redazione\" \/>\n<meta name=\"twitter:card\" content=\"summary_large_image\" \/>\n<meta name=\"twitter:creator\" content=\"@bellunopress\" \/>\n<meta name=\"twitter:site\" content=\"@bellunopress\" \/>\n<meta name=\"twitter:label1\" content=\"Written by\" \/>\n\t<meta name=\"twitter:data1\" content=\"redazione\" \/>\n\t<meta name=\"twitter:label2\" content=\"Est. reading time\" \/>\n\t<meta name=\"twitter:data2\" content=\"4 minutes\" \/>\n<script type=\"application\/ld+json\" class=\"yoast-schema-graph\">{\"@context\":\"https:\\\/\\\/schema.org\",\"@graph\":[{\"@type\":\"Article\",\"@id\":\"https:\\\/\\\/www.bellunopress.it\\\/2019\\\/11\\\/24\\\/imu-tasi-scadenza-pagamento-saldo-lunedi-16-dicembre-belluno-aliquote-e-detrazioni-invariate\\\/#article\",\"isPartOf\":{\"@id\":\"https:\\\/\\\/www.bellunopress.it\\\/2019\\\/11\\\/24\\\/imu-tasi-scadenza-pagamento-saldo-lunedi-16-dicembre-belluno-aliquote-e-detrazioni-invariate\\\/\"},\"author\":{\"name\":\"redazione\",\"@id\":\"https:\\\/\\\/www.bellunopress.it\\\/#\\\/schema\\\/person\\\/79bb06722b37ece1c03d3e94beb30d73\"},\"headline\":\"Imu, Tasi, scadenza pagamento saldo luned\u00ec 16 dicembre. Belluno, aliquote e detrazioni invariate\",\"datePublished\":\"2019-11-24T13:18:15+00:00\",\"mainEntityOfPage\":{\"@id\":\"https:\\\/\\\/www.bellunopress.it\\\/2019\\\/11\\\/24\\\/imu-tasi-scadenza-pagamento-saldo-lunedi-16-dicembre-belluno-aliquote-e-detrazioni-invariate\\\/\"},\"wordCount\":897,\"publisher\":{\"@id\":\"https:\\\/\\\/www.bellunopress.it\\\/#organization\"},\"image\":{\"@id\":\"https:\\\/\\\/www.bellunopress.it\\\/2019\\\/11\\\/24\\\/imu-tasi-scadenza-pagamento-saldo-lunedi-16-dicembre-belluno-aliquote-e-detrazioni-invariate\\\/#primaryimage\"},\"thumbnailUrl\":\"http:\\\/\\\/www.bellunopress.it\\\/wp-content\\\/uploads\\\/2016\\\/01\\\/comune-belluno.jpg\",\"articleSection\":[\"Prima Pagina\",\"Societ\u00e0, Associazioni, Istituzioni\"],\"inLanguage\":\"fr-FR\"},{\"@type\":\"WebPage\",\"@id\":\"https:\\\/\\\/www.bellunopress.it\\\/2019\\\/11\\\/24\\\/imu-tasi-scadenza-pagamento-saldo-lunedi-16-dicembre-belluno-aliquote-e-detrazioni-invariate\\\/\",\"url\":\"https:\\\/\\\/www.bellunopress.it\\\/2019\\\/11\\\/24\\\/imu-tasi-scadenza-pagamento-saldo-lunedi-16-dicembre-belluno-aliquote-e-detrazioni-invariate\\\/\",\"name\":\"Imu, Tasi, scadenza pagamento saldo luned\u00ec 16 dicembre. Belluno, aliquote e detrazioni invariate - Bellunopress - Dolomiti\",\"isPartOf\":{\"@id\":\"https:\\\/\\\/www.bellunopress.it\\\/#website\"},\"primaryImageOfPage\":{\"@id\":\"https:\\\/\\\/www.bellunopress.it\\\/2019\\\/11\\\/24\\\/imu-tasi-scadenza-pagamento-saldo-lunedi-16-dicembre-belluno-aliquote-e-detrazioni-invariate\\\/#primaryimage\"},\"image\":{\"@id\":\"https:\\\/\\\/www.bellunopress.it\\\/2019\\\/11\\\/24\\\/imu-tasi-scadenza-pagamento-saldo-lunedi-16-dicembre-belluno-aliquote-e-detrazioni-invariate\\\/#primaryimage\"},\"thumbnailUrl\":\"http:\\\/\\\/www.bellunopress.it\\\/wp-content\\\/uploads\\\/2016\\\/01\\\/comune-belluno.jpg\",\"datePublished\":\"2019-11-24T13:18:15+00:00\",\"breadcrumb\":{\"@id\":\"https:\\\/\\\/www.bellunopress.it\\\/2019\\\/11\\\/24\\\/imu-tasi-scadenza-pagamento-saldo-lunedi-16-dicembre-belluno-aliquote-e-detrazioni-invariate\\\/#breadcrumb\"},\"inLanguage\":\"fr-FR\",\"potentialAction\":[{\"@type\":\"ReadAction\",\"target\":[\"https:\\\/\\\/www.bellunopress.it\\\/2019\\\/11\\\/24\\\/imu-tasi-scadenza-pagamento-saldo-lunedi-16-dicembre-belluno-aliquote-e-detrazioni-invariate\\\/\"]}]},{\"@type\":\"ImageObject\",\"inLanguage\":\"fr-FR\",\"@id\":\"https:\\\/\\\/www.bellunopress.it\\\/2019\\\/11\\\/24\\\/imu-tasi-scadenza-pagamento-saldo-lunedi-16-dicembre-belluno-aliquote-e-detrazioni-invariate\\\/#primaryimage\",\"url\":\"http:\\\/\\\/www.bellunopress.it\\\/wp-content\\\/uploads\\\/2016\\\/01\\\/comune-belluno.jpg\",\"contentUrl\":\"http:\\\/\\\/www.bellunopress.it\\\/wp-content\\\/uploads\\\/2016\\\/01\\\/comune-belluno.jpg\"},{\"@type\":\"BreadcrumbList\",\"@id\":\"https:\\\/\\\/www.bellunopress.it\\\/2019\\\/11\\\/24\\\/imu-tasi-scadenza-pagamento-saldo-lunedi-16-dicembre-belluno-aliquote-e-detrazioni-invariate\\\/#breadcrumb\",\"itemListElement\":[{\"@type\":\"ListItem\",\"position\":1,\"name\":\"Home\",\"item\":\"https:\\\/\\\/www.bellunopress.it\\\/\"},{\"@type\":\"ListItem\",\"position\":2,\"name\":\"Imu, Tasi, scadenza pagamento saldo luned\u00ec 16 dicembre. Belluno, aliquote e detrazioni invariate\"}]},{\"@type\":\"WebSite\",\"@id\":\"https:\\\/\\\/www.bellunopress.it\\\/#website\",\"url\":\"https:\\\/\\\/www.bellunopress.it\\\/\",\"name\":\"Bellunopress - Dolomiti\",\"description\":\"e-mail: redazione@bellunopress.it\",\"publisher\":{\"@id\":\"https:\\\/\\\/www.bellunopress.it\\\/#organization\"},\"potentialAction\":[{\"@type\":\"SearchAction\",\"target\":{\"@type\":\"EntryPoint\",\"urlTemplate\":\"https:\\\/\\\/www.bellunopress.it\\\/?s={search_term_string}\"},\"query-input\":{\"@type\":\"PropertyValueSpecification\",\"valueRequired\":true,\"valueName\":\"search_term_string\"}}],\"inLanguage\":\"fr-FR\"},{\"@type\":\"Organization\",\"@id\":\"https:\\\/\\\/www.bellunopress.it\\\/#organization\",\"name\":\"Bellunopress\",\"url\":\"https:\\\/\\\/www.bellunopress.it\\\/\",\"logo\":{\"@type\":\"ImageObject\",\"inLanguage\":\"fr-FR\",\"@id\":\"https:\\\/\\\/www.bellunopress.it\\\/#\\\/schema\\\/logo\\\/image\\\/\",\"url\":\"https:\\\/\\\/www.bellunopress.it\\\/wp-content\\\/uploads\\\/2011\\\/05\\\/cropped-logo-bellunopress-.jpg\",\"contentUrl\":\"https:\\\/\\\/www.bellunopress.it\\\/wp-content\\\/uploads\\\/2011\\\/05\\\/cropped-logo-bellunopress-.jpg\",\"width\":512,\"height\":512,\"caption\":\"Bellunopress\"},\"image\":{\"@id\":\"https:\\\/\\\/www.bellunopress.it\\\/#\\\/schema\\\/logo\\\/image\\\/\"},\"sameAs\":[\"https:\\\/\\\/www.facebook.com\\\/profile.php?id=100008943462799\",\"https:\\\/\\\/x.com\\\/bellunopress\",\"https:\\\/\\\/www.linkedin.com\\\/hp\\\/?dnr=JBzUWaJfMUw8vbXJJ2tVW5-I3jZKvC4wsoxE&amp;amp;amp;amp;amp;amp;trk=nav_responsive_tab_home\",\"https:\\\/\\\/www.youtube.com\\\/channel\\\/UCxL0wu1uN0_3_7hGG0306cw\"]},{\"@type\":\"Person\",\"@id\":\"https:\\\/\\\/www.bellunopress.it\\\/#\\\/schema\\\/person\\\/79bb06722b37ece1c03d3e94beb30d73\",\"name\":\"redazione\",\"image\":{\"@type\":\"ImageObject\",\"inLanguage\":\"fr-FR\",\"@id\":\"https:\\\/\\\/secure.gravatar.com\\\/avatar\\\/37d968a2e67a6fd04c169c4bdef102d0bc5d31b2546345219e348575eb80e9a0?s=96&d=mm&r=g\",\"url\":\"https:\\\/\\\/secure.gravatar.com\\\/avatar\\\/37d968a2e67a6fd04c169c4bdef102d0bc5d31b2546345219e348575eb80e9a0?s=96&d=mm&r=g\",\"contentUrl\":\"https:\\\/\\\/secure.gravatar.com\\\/avatar\\\/37d968a2e67a6fd04c169c4bdef102d0bc5d31b2546345219e348575eb80e9a0?s=96&d=mm&r=g\",\"caption\":\"redazione\"},\"sameAs\":[\"http:\\\/\\\/www.bellunopress.it\",\"https:\\\/\\\/x.com\\\/bellunopress\"],\"url\":\"https:\\\/\\\/www.bellunopress.it\\\/fr\\\/author\\\/redazione\\\/\"}]}<\/script>\n<!-- \/ Yoast SEO plugin. -->","yoast_head_json":{"title":"Imu, Tasi, scadenza pagamento saldo luned\u00ec 16 dicembre. Belluno, aliquote e detrazioni invariate - Bellunopress - Dolomiti","robots":{"index":"index","follow":"follow","max-snippet":"max-snippet:-1","max-image-preview":"max-image-preview:large","max-video-preview":"max-video-preview:-1"},"canonical":"https:\/\/www.bellunopress.it\/fr\/2019\/11\/24\/imu-tasi-scadenza-pagamento-saldo-lunedi-16-dicembre-belluno-aliquote-e-detrazioni-invariate\/","og_locale":"fr_FR","og_type":"article","og_title":"Imu, Tasi, scadenza pagamento saldo luned\u00ec 16 dicembre. Belluno, aliquote e detrazioni invariate - Bellunopress - Dolomiti","og_description":"Luned\u00ec 16 dicembre scade il termine per il pagamento del saldo di IMU e TASI. L&#8217;Uffici Tributi del Comune di Belluno \u00e8 a disposizione dei contribuenti per assistere e informare sul pagamento, anche mediante un servizio gratuito su appuntamento, con la stampa dei prospetti e modelli F24. Il Consiglio comunale nella seduta del 20\/12\/2018 ha [&hellip;]","og_url":"https:\/\/www.bellunopress.it\/fr\/2019\/11\/24\/imu-tasi-scadenza-pagamento-saldo-lunedi-16-dicembre-belluno-aliquote-e-detrazioni-invariate\/","og_site_name":"Bellunopress - Dolomiti","article_publisher":"https:\/\/www.facebook.com\/profile.php?id=100008943462799","article_published_time":"2019-11-24T13:18:15+00:00","og_image":[{"url":"http:\/\/www.bellunopress.it\/wp-content\/uploads\/2016\/01\/comune-belluno.jpg","type":"","width":"","height":""}],"author":"redazione","twitter_card":"summary_large_image","twitter_creator":"@bellunopress","twitter_site":"@bellunopress","twitter_misc":{"Written by":"redazione","Est. reading time":"4 minutes"},"schema":{"@context":"https:\/\/schema.org","@graph":[{"@type":"Article","@id":"https:\/\/www.bellunopress.it\/2019\/11\/24\/imu-tasi-scadenza-pagamento-saldo-lunedi-16-dicembre-belluno-aliquote-e-detrazioni-invariate\/#article","isPartOf":{"@id":"https:\/\/www.bellunopress.it\/2019\/11\/24\/imu-tasi-scadenza-pagamento-saldo-lunedi-16-dicembre-belluno-aliquote-e-detrazioni-invariate\/"},"author":{"name":"redazione","@id":"https:\/\/www.bellunopress.it\/#\/schema\/person\/79bb06722b37ece1c03d3e94beb30d73"},"headline":"Imu, Tasi, scadenza pagamento saldo luned\u00ec 16 dicembre. Belluno, aliquote e detrazioni invariate","datePublished":"2019-11-24T13:18:15+00:00","mainEntityOfPage":{"@id":"https:\/\/www.bellunopress.it\/2019\/11\/24\/imu-tasi-scadenza-pagamento-saldo-lunedi-16-dicembre-belluno-aliquote-e-detrazioni-invariate\/"},"wordCount":897,"publisher":{"@id":"https:\/\/www.bellunopress.it\/#organization"},"image":{"@id":"https:\/\/www.bellunopress.it\/2019\/11\/24\/imu-tasi-scadenza-pagamento-saldo-lunedi-16-dicembre-belluno-aliquote-e-detrazioni-invariate\/#primaryimage"},"thumbnailUrl":"http:\/\/www.bellunopress.it\/wp-content\/uploads\/2016\/01\/comune-belluno.jpg","articleSection":["Prima Pagina","Societ\u00e0, Associazioni, Istituzioni"],"inLanguage":"fr-FR"},{"@type":"WebPage","@id":"https:\/\/www.bellunopress.it\/2019\/11\/24\/imu-tasi-scadenza-pagamento-saldo-lunedi-16-dicembre-belluno-aliquote-e-detrazioni-invariate\/","url":"https:\/\/www.bellunopress.it\/2019\/11\/24\/imu-tasi-scadenza-pagamento-saldo-lunedi-16-dicembre-belluno-aliquote-e-detrazioni-invariate\/","name":"Imu, Tasi, scadenza pagamento saldo luned\u00ec 16 dicembre. Belluno, aliquote e detrazioni invariate - Bellunopress - Dolomiti","isPartOf":{"@id":"https:\/\/www.bellunopress.it\/#website"},"primaryImageOfPage":{"@id":"https:\/\/www.bellunopress.it\/2019\/11\/24\/imu-tasi-scadenza-pagamento-saldo-lunedi-16-dicembre-belluno-aliquote-e-detrazioni-invariate\/#primaryimage"},"image":{"@id":"https:\/\/www.bellunopress.it\/2019\/11\/24\/imu-tasi-scadenza-pagamento-saldo-lunedi-16-dicembre-belluno-aliquote-e-detrazioni-invariate\/#primaryimage"},"thumbnailUrl":"http:\/\/www.bellunopress.it\/wp-content\/uploads\/2016\/01\/comune-belluno.jpg","datePublished":"2019-11-24T13:18:15+00:00","breadcrumb":{"@id":"https:\/\/www.bellunopress.it\/2019\/11\/24\/imu-tasi-scadenza-pagamento-saldo-lunedi-16-dicembre-belluno-aliquote-e-detrazioni-invariate\/#breadcrumb"},"inLanguage":"fr-FR","potentialAction":[{"@type":"ReadAction","target":["https:\/\/www.bellunopress.it\/2019\/11\/24\/imu-tasi-scadenza-pagamento-saldo-lunedi-16-dicembre-belluno-aliquote-e-detrazioni-invariate\/"]}]},{"@type":"ImageObject","inLanguage":"fr-FR","@id":"https:\/\/www.bellunopress.it\/2019\/11\/24\/imu-tasi-scadenza-pagamento-saldo-lunedi-16-dicembre-belluno-aliquote-e-detrazioni-invariate\/#primaryimage","url":"http:\/\/www.bellunopress.it\/wp-content\/uploads\/2016\/01\/comune-belluno.jpg","contentUrl":"http:\/\/www.bellunopress.it\/wp-content\/uploads\/2016\/01\/comune-belluno.jpg"},{"@type":"BreadcrumbList","@id":"https:\/\/www.bellunopress.it\/2019\/11\/24\/imu-tasi-scadenza-pagamento-saldo-lunedi-16-dicembre-belluno-aliquote-e-detrazioni-invariate\/#breadcrumb","itemListElement":[{"@type":"ListItem","position":1,"name":"Home","item":"https:\/\/www.bellunopress.it\/"},{"@type":"ListItem","position":2,"name":"Imu, Tasi, scadenza pagamento saldo luned\u00ec 16 dicembre. Belluno, aliquote e detrazioni invariate"}]},{"@type":"WebSite","@id":"https:\/\/www.bellunopress.it\/#website","url":"https:\/\/www.bellunopress.it\/","name":"Bellunopress - Dolomiti","description":"e-mail: redazione@bellunopress.it","publisher":{"@id":"https:\/\/www.bellunopress.it\/#organization"},"potentialAction":[{"@type":"SearchAction","target":{"@type":"EntryPoint","urlTemplate":"https:\/\/www.bellunopress.it\/?s={search_term_string}"},"query-input":{"@type":"PropertyValueSpecification","valueRequired":true,"valueName":"search_term_string"}}],"inLanguage":"fr-FR"},{"@type":"Organization","@id":"https:\/\/www.bellunopress.it\/#organization","name":"Bellunopress","url":"https:\/\/www.bellunopress.it\/","logo":{"@type":"ImageObject","inLanguage":"fr-FR","@id":"https:\/\/www.bellunopress.it\/#\/schema\/logo\/image\/","url":"https:\/\/www.bellunopress.it\/wp-content\/uploads\/2011\/05\/cropped-logo-bellunopress-.jpg","contentUrl":"https:\/\/www.bellunopress.it\/wp-content\/uploads\/2011\/05\/cropped-logo-bellunopress-.jpg","width":512,"height":512,"caption":"Bellunopress"},"image":{"@id":"https:\/\/www.bellunopress.it\/#\/schema\/logo\/image\/"},"sameAs":["https:\/\/www.facebook.com\/profile.php?id=100008943462799","https:\/\/x.com\/bellunopress","https:\/\/www.linkedin.com\/hp\/?dnr=JBzUWaJfMUw8vbXJJ2tVW5-I3jZKvC4wsoxE&amp;amp;amp;amp;amp;amp;trk=nav_responsive_tab_home","https:\/\/www.youtube.com\/channel\/UCxL0wu1uN0_3_7hGG0306cw"]},{"@type":"Person","@id":"https:\/\/www.bellunopress.it\/#\/schema\/person\/79bb06722b37ece1c03d3e94beb30d73","name":"r\u00e9daction","image":{"@type":"ImageObject","inLanguage":"fr-FR","@id":"https:\/\/secure.gravatar.com\/avatar\/37d968a2e67a6fd04c169c4bdef102d0bc5d31b2546345219e348575eb80e9a0?s=96&d=mm&r=g","url":"https:\/\/secure.gravatar.com\/avatar\/37d968a2e67a6fd04c169c4bdef102d0bc5d31b2546345219e348575eb80e9a0?s=96&d=mm&r=g","contentUrl":"https:\/\/secure.gravatar.com\/avatar\/37d968a2e67a6fd04c169c4bdef102d0bc5d31b2546345219e348575eb80e9a0?s=96&d=mm&r=g","caption":"redazione"},"sameAs":["http:\/\/www.bellunopress.it","https:\/\/x.com\/bellunopress"],"url":"https:\/\/www.bellunopress.it\/fr\/author\/redazione\/"}]}},"_links":{"self":[{"href":"https:\/\/www.bellunopress.it\/fr\/wp-json\/wp\/v2\/posts\/109843","targetHints":{"allow":["GET"]}}],"collection":[{"href":"https:\/\/www.bellunopress.it\/fr\/wp-json\/wp\/v2\/posts"}],"about":[{"href":"https:\/\/www.bellunopress.it\/fr\/wp-json\/wp\/v2\/types\/post"}],"author":[{"embeddable":true,"href":"https:\/\/www.bellunopress.it\/fr\/wp-json\/wp\/v2\/users\/2"}],"replies":[{"embeddable":true,"href":"https:\/\/www.bellunopress.it\/fr\/wp-json\/wp\/v2\/comments?post=109843"}],"version-history":[{"count":1,"href":"https:\/\/www.bellunopress.it\/fr\/wp-json\/wp\/v2\/posts\/109843\/revisions"}],"predecessor-version":[{"id":109844,"href":"https:\/\/www.bellunopress.it\/fr\/wp-json\/wp\/v2\/posts\/109843\/revisions\/109844"}],"wp:attachment":[{"href":"https:\/\/www.bellunopress.it\/fr\/wp-json\/wp\/v2\/media?parent=109843"}],"wp:term":[{"taxonomy":"category","embeddable":true,"href":"https:\/\/www.bellunopress.it\/fr\/wp-json\/wp\/v2\/categories?post=109843"},{"taxonomy":"post_tag","embeddable":true,"href":"https:\/\/www.bellunopress.it\/fr\/wp-json\/wp\/v2\/tags?post=109843"}],"curies":[{"name":"wp","href":"https:\/\/api.w.org\/{rel}","templated":true}]}}