{"id":109831,"date":"2019-11-21T22:36:52","date_gmt":"2019-11-21T21:36:52","guid":{"rendered":"http:\/\/www.bellunopress.it\/?p=109831"},"modified":"2019-11-21T22:36:52","modified_gmt":"2019-11-21T21:36:52","slug":"coltivazione-della-canapa-bando-da-30mila-euro-per-progetti-di-formazione-e-divulgazione","status":"publish","type":"post","link":"https:\/\/www.bellunopress.it\/fr\/2019\/11\/21\/coltivazione-della-canapa-bando-da-30mila-euro-per-progetti-di-formazione-e-divulgazione\/","title":{"rendered":"Coltivazione della canapa: bando da 30mila euro per progetti di formazione e divulgazione"},"content":{"rendered":"<figure id=\"attachment_93922\" aria-describedby=\"caption-attachment-93922\" style=\"width: 220px\" class=\"wp-caption alignleft\"><a href=\"http:\/\/www.bellunopress.it\/fr\/2018\/03\/27\/un-settore-vitivinicolo-sostenibile-al-via-il-gruppo-di-lavoro-pan-report-ministeriale-conferma-che-il-vino-veneto-e-senza-irregolarita\/assessore-pan-2\/\" rel=\"attachment wp-att-93922\"><img loading=\"lazy\" decoding=\"async\" class=\"size-full wp-image-93922\" src=\"http:\/\/www.bellunopress.it\/wp-content\/uploads\/2018\/03\/assessore-Pan.jpg\" alt=\"\" width=\"220\" height=\"300\" \/><\/a><figcaption id=\"caption-attachment-93922\" class=\"wp-caption-text\">Giuseppe Pan, assessore regionale<\/figcaption><\/figure>\n<p>Venezia, 21 novembre 2019\u00a0 &#8211;\u00a0\u00a0La canapa potrebbe diventare una delle colture del futuro in Veneto. Non la canapa a scopo terapeutico, ma quella industriale, utilizzata nel tessile, nel settore cartario e nel packaging, nei cosmetici, in edilizia e nella produzione di biomateriali e biocarburanti.<\/p>\n<p>Cos\u00ec pensa l\u2019assessorato regionale all\u2019agricoltura che ha messo a bando 30 mila euro, attraverso Avepa, per sostenere e incentivare progetti di divulgazione e formazione rivolti a tecnici e operatori agricoli e agroalimentari. \u201cL\u2019obiettivo \u2013 spiega l\u2019assessore Giuseppe Pan \u2013 \u00e8 far conoscere la coltura e i suoi derivati e mettere in moto processi di filiera, perch\u00e9 si ritorni a coltivare, produrre e utilizzare la canapa sia come materia prima di nuovi processi produttivi e nuovi prodotti sia per le sue propriet\u00e0 ambientali. Con questo primo bando avviamo un percorso di sensibilizzazione e di formazione, al quale dedicheremo ulteriori e pi\u00f9 cospicui finanziamenti\u201d.<\/p>\n<p>Fino agli anni \u201940 in Italia la coltura della canapa era molto sviluppata e arrivava a coprire oltre 80 mila ettari. Oggi la superficie coltivata non arriva ad un migliaio di ettari, di cui 405 ettari in Veneto. Negli ultimi anni si sta assistendo ad una ripresa di interesse verso questa coltivazione, per la versatilit\u00e0 di utilizzo e per i vantaggi che pu\u00f2 arrecare all\u2019agricoltore.<\/p>\n<p>\u201cLa canapa \u00e8 una coltura di presidio ambientale &#8211; fa notare Pan \u2013 \u00e8 competitiva rispetto alle piante infestanti, consente di evitare trattamenti chimici, non necessita di irrigazione, bonifica i terreni e contrasta il dissesto idrogeologico. E\u2019 quindi una coltura pienamente sostenibile, che aiuta l\u2019imprenditore a diversificare il rischio, e che va promossa in una logica di filiera, all\u2019interno dello sviluppo del sistema agroindustriale regionale e delle biotecnologie\u201d.<\/p>\n<p>Il bando regionale si rivolge agli organismi di formazione del comparto agricolo, delle organizzazioni dei produttori e agli enti di ricerca del settore primario perch\u00e9 elaborino progetti di formazione utili a diffondere una maggior conoscenza dei benefici e delle potenzialit\u00e0 della canapa industriale.<\/p>","protected":false},"excerpt":{"rendered":"<p>Venezia, 21 novembre 2019\u00a0 &#8211;\u00a0\u00a0La canapa potrebbe diventare una delle colture del futuro in Veneto. Non la canapa a scopo terapeutico, ma quella industriale, utilizzata nel tessile, nel settore cartario e nel packaging, nei cosmetici, in edilizia e nella produzione di biomateriali e biocarburanti. Cos\u00ec pensa l\u2019assessorato regionale all\u2019agricoltura che ha messo a bando 30 [&hellip;]<\/p>\n","protected":false},"author":2,"featured_media":0,"comment_status":"closed","ping_status":"open","sticky":false,"template":"","format":"standard","meta":{"footnotes":""},"categories":[5,36,26],"tags":[],"class_list":["post-109831","post","type-post","status-publish","format-standard","category-cronaca","category-lavoro-economia","category-prima-pagina"],"yoast_head":"<!-- This site is optimized with the Yoast SEO plugin v28.4 - https:\/\/yoast.com\/product\/yoast-seo-wordpress\/ -->\n<title>Coltivazione della canapa: bando da 30mila euro per progetti di formazione e divulgazione - Bellunopress - Dolomiti<\/title>\n<meta name=\"robots\" content=\"index, follow, max-snippet:-1, max-image-preview:large, max-video-preview:-1\" \/>\n<link rel=\"canonical\" href=\"https:\/\/www.bellunopress.it\/fr\/2019\/11\/21\/coltivazione-della-canapa-bando-da-30mila-euro-per-progetti-di-formazione-e-divulgazione\/\" \/>\n<meta property=\"og:locale\" content=\"fr_FR\" \/>\n<meta property=\"og:type\" content=\"article\" \/>\n<meta property=\"og:title\" content=\"Coltivazione della canapa: bando da 30mila euro per progetti di formazione e divulgazione - Bellunopress - Dolomiti\" \/>\n<meta property=\"og:description\" content=\"Venezia, 21 novembre 2019\u00a0 &#8211;\u00a0\u00a0La canapa potrebbe diventare una delle colture del futuro in Veneto. Non la canapa a scopo terapeutico, ma quella industriale, utilizzata nel tessile, nel settore cartario e nel packaging, nei cosmetici, in edilizia e nella produzione di biomateriali e biocarburanti. Cos\u00ec pensa l\u2019assessorato regionale all\u2019agricoltura che ha messo a bando 30 [&hellip;]\" \/>\n<meta property=\"og:url\" content=\"https:\/\/www.bellunopress.it\/fr\/2019\/11\/21\/coltivazione-della-canapa-bando-da-30mila-euro-per-progetti-di-formazione-e-divulgazione\/\" \/>\n<meta property=\"og:site_name\" content=\"Bellunopress - Dolomiti\" \/>\n<meta property=\"article:publisher\" content=\"https:\/\/www.facebook.com\/profile.php?id=100008943462799\" \/>\n<meta property=\"article:published_time\" content=\"2019-11-21T21:36:52+00:00\" \/>\n<meta property=\"og:image\" content=\"http:\/\/www.bellunopress.it\/wp-content\/uploads\/2018\/03\/assessore-Pan.jpg\" \/>\n<meta name=\"author\" content=\"redazione\" \/>\n<meta name=\"twitter:card\" content=\"summary_large_image\" \/>\n<meta name=\"twitter:creator\" content=\"@bellunopress\" \/>\n<meta name=\"twitter:site\" content=\"@bellunopress\" \/>\n<meta name=\"twitter:label1\" content=\"\u00c9crit par\" \/>\n\t<meta name=\"twitter:data1\" content=\"redazione\" \/>\n\t<meta name=\"twitter:label2\" content=\"Dur\u00e9e de lecture estim\u00e9e\" \/>\n\t<meta name=\"twitter:data2\" content=\"2 minutes\" \/>\n<script type=\"application\/ld+json\" class=\"yoast-schema-graph\">{\"@context\":\"https:\\\/\\\/schema.org\",\"@graph\":[{\"@type\":\"Article\",\"@id\":\"https:\\\/\\\/www.bellunopress.it\\\/2019\\\/11\\\/21\\\/coltivazione-della-canapa-bando-da-30mila-euro-per-progetti-di-formazione-e-divulgazione\\\/#article\",\"isPartOf\":{\"@id\":\"https:\\\/\\\/www.bellunopress.it\\\/2019\\\/11\\\/21\\\/coltivazione-della-canapa-bando-da-30mila-euro-per-progetti-di-formazione-e-divulgazione\\\/\"},\"author\":{\"name\":\"redazione\",\"@id\":\"https:\\\/\\\/www.bellunopress.it\\\/#\\\/schema\\\/person\\\/79bb06722b37ece1c03d3e94beb30d73\"},\"headline\":\"Coltivazione della canapa: bando da 30mila euro per progetti di formazione e divulgazione\",\"datePublished\":\"2019-11-21T21:36:52+00:00\",\"mainEntityOfPage\":{\"@id\":\"https:\\\/\\\/www.bellunopress.it\\\/2019\\\/11\\\/21\\\/coltivazione-della-canapa-bando-da-30mila-euro-per-progetti-di-formazione-e-divulgazione\\\/\"},\"wordCount\":342,\"publisher\":{\"@id\":\"https:\\\/\\\/www.bellunopress.it\\\/#organization\"},\"image\":{\"@id\":\"https:\\\/\\\/www.bellunopress.it\\\/2019\\\/11\\\/21\\\/coltivazione-della-canapa-bando-da-30mila-euro-per-progetti-di-formazione-e-divulgazione\\\/#primaryimage\"},\"thumbnailUrl\":\"http:\\\/\\\/www.bellunopress.it\\\/wp-content\\\/uploads\\\/2018\\\/03\\\/assessore-Pan.jpg\",\"articleSection\":[\"Cronaca\\\/Politica\",\"Lavoro, Economia, Turismo\",\"Prima Pagina\"],\"inLanguage\":\"fr-FR\"},{\"@type\":\"WebPage\",\"@id\":\"https:\\\/\\\/www.bellunopress.it\\\/2019\\\/11\\\/21\\\/coltivazione-della-canapa-bando-da-30mila-euro-per-progetti-di-formazione-e-divulgazione\\\/\",\"url\":\"https:\\\/\\\/www.bellunopress.it\\\/2019\\\/11\\\/21\\\/coltivazione-della-canapa-bando-da-30mila-euro-per-progetti-di-formazione-e-divulgazione\\\/\",\"name\":\"Coltivazione della canapa: bando da 30mila euro per progetti di formazione e divulgazione - Bellunopress - Dolomiti\",\"isPartOf\":{\"@id\":\"https:\\\/\\\/www.bellunopress.it\\\/#website\"},\"primaryImageOfPage\":{\"@id\":\"https:\\\/\\\/www.bellunopress.it\\\/2019\\\/11\\\/21\\\/coltivazione-della-canapa-bando-da-30mila-euro-per-progetti-di-formazione-e-divulgazione\\\/#primaryimage\"},\"image\":{\"@id\":\"https:\\\/\\\/www.bellunopress.it\\\/2019\\\/11\\\/21\\\/coltivazione-della-canapa-bando-da-30mila-euro-per-progetti-di-formazione-e-divulgazione\\\/#primaryimage\"},\"thumbnailUrl\":\"http:\\\/\\\/www.bellunopress.it\\\/wp-content\\\/uploads\\\/2018\\\/03\\\/assessore-Pan.jpg\",\"datePublished\":\"2019-11-21T21:36:52+00:00\",\"breadcrumb\":{\"@id\":\"https:\\\/\\\/www.bellunopress.it\\\/2019\\\/11\\\/21\\\/coltivazione-della-canapa-bando-da-30mila-euro-per-progetti-di-formazione-e-divulgazione\\\/#breadcrumb\"},\"inLanguage\":\"fr-FR\",\"potentialAction\":[{\"@type\":\"ReadAction\",\"target\":[\"https:\\\/\\\/www.bellunopress.it\\\/2019\\\/11\\\/21\\\/coltivazione-della-canapa-bando-da-30mila-euro-per-progetti-di-formazione-e-divulgazione\\\/\"]}]},{\"@type\":\"ImageObject\",\"inLanguage\":\"fr-FR\",\"@id\":\"https:\\\/\\\/www.bellunopress.it\\\/2019\\\/11\\\/21\\\/coltivazione-della-canapa-bando-da-30mila-euro-per-progetti-di-formazione-e-divulgazione\\\/#primaryimage\",\"url\":\"http:\\\/\\\/www.bellunopress.it\\\/wp-content\\\/uploads\\\/2018\\\/03\\\/assessore-Pan.jpg\",\"contentUrl\":\"http:\\\/\\\/www.bellunopress.it\\\/wp-content\\\/uploads\\\/2018\\\/03\\\/assessore-Pan.jpg\"},{\"@type\":\"BreadcrumbList\",\"@id\":\"https:\\\/\\\/www.bellunopress.it\\\/2019\\\/11\\\/21\\\/coltivazione-della-canapa-bando-da-30mila-euro-per-progetti-di-formazione-e-divulgazione\\\/#breadcrumb\",\"itemListElement\":[{\"@type\":\"ListItem\",\"position\":1,\"name\":\"Home\",\"item\":\"https:\\\/\\\/www.bellunopress.it\\\/\"},{\"@type\":\"ListItem\",\"position\":2,\"name\":\"Coltivazione della canapa: bando da 30mila euro per progetti di formazione e divulgazione\"}]},{\"@type\":\"WebSite\",\"@id\":\"https:\\\/\\\/www.bellunopress.it\\\/#website\",\"url\":\"https:\\\/\\\/www.bellunopress.it\\\/\",\"name\":\"Bellunopress - Dolomiti\",\"description\":\"e-mail: redazione@bellunopress.it\",\"publisher\":{\"@id\":\"https:\\\/\\\/www.bellunopress.it\\\/#organization\"},\"potentialAction\":[{\"@type\":\"SearchAction\",\"target\":{\"@type\":\"EntryPoint\",\"urlTemplate\":\"https:\\\/\\\/www.bellunopress.it\\\/?s={search_term_string}\"},\"query-input\":{\"@type\":\"PropertyValueSpecification\",\"valueRequired\":true,\"valueName\":\"search_term_string\"}}],\"inLanguage\":\"fr-FR\"},{\"@type\":\"Organization\",\"@id\":\"https:\\\/\\\/www.bellunopress.it\\\/#organization\",\"name\":\"Bellunopress\",\"url\":\"https:\\\/\\\/www.bellunopress.it\\\/\",\"logo\":{\"@type\":\"ImageObject\",\"inLanguage\":\"fr-FR\",\"@id\":\"https:\\\/\\\/www.bellunopress.it\\\/#\\\/schema\\\/logo\\\/image\\\/\",\"url\":\"https:\\\/\\\/www.bellunopress.it\\\/wp-content\\\/uploads\\\/2011\\\/05\\\/cropped-logo-bellunopress-.jpg\",\"contentUrl\":\"https:\\\/\\\/www.bellunopress.it\\\/wp-content\\\/uploads\\\/2011\\\/05\\\/cropped-logo-bellunopress-.jpg\",\"width\":512,\"height\":512,\"caption\":\"Bellunopress\"},\"image\":{\"@id\":\"https:\\\/\\\/www.bellunopress.it\\\/#\\\/schema\\\/logo\\\/image\\\/\"},\"sameAs\":[\"https:\\\/\\\/www.facebook.com\\\/profile.php?id=100008943462799\",\"https:\\\/\\\/x.com\\\/bellunopress\",\"https:\\\/\\\/www.linkedin.com\\\/hp\\\/?dnr=JBzUWaJfMUw8vbXJJ2tVW5-I3jZKvC4wsoxE&amp;amp;amp;amp;amp;amp;trk=nav_responsive_tab_home\",\"https:\\\/\\\/www.youtube.com\\\/channel\\\/UCxL0wu1uN0_3_7hGG0306cw\"]},{\"@type\":\"Person\",\"@id\":\"https:\\\/\\\/www.bellunopress.it\\\/#\\\/schema\\\/person\\\/79bb06722b37ece1c03d3e94beb30d73\",\"name\":\"redazione\",\"image\":{\"@type\":\"ImageObject\",\"inLanguage\":\"fr-FR\",\"@id\":\"https:\\\/\\\/secure.gravatar.com\\\/avatar\\\/37d968a2e67a6fd04c169c4bdef102d0bc5d31b2546345219e348575eb80e9a0?s=96&d=mm&r=g\",\"url\":\"https:\\\/\\\/secure.gravatar.com\\\/avatar\\\/37d968a2e67a6fd04c169c4bdef102d0bc5d31b2546345219e348575eb80e9a0?s=96&d=mm&r=g\",\"contentUrl\":\"https:\\\/\\\/secure.gravatar.com\\\/avatar\\\/37d968a2e67a6fd04c169c4bdef102d0bc5d31b2546345219e348575eb80e9a0?s=96&d=mm&r=g\",\"caption\":\"redazione\"},\"sameAs\":[\"http:\\\/\\\/www.bellunopress.it\",\"https:\\\/\\\/x.com\\\/bellunopress\"],\"url\":\"https:\\\/\\\/www.bellunopress.it\\\/fr\\\/author\\\/redazione\\\/\"}]}<\/script>\n<!-- \/ Yoast SEO plugin. -->","yoast_head_json":{"title":"Coltivazione della canapa: bando da 30mila euro per progetti di formazione e divulgazione - Bellunopress - Dolomiti","robots":{"index":"index","follow":"follow","max-snippet":"max-snippet:-1","max-image-preview":"max-image-preview:large","max-video-preview":"max-video-preview:-1"},"canonical":"https:\/\/www.bellunopress.it\/fr\/2019\/11\/21\/coltivazione-della-canapa-bando-da-30mila-euro-per-progetti-di-formazione-e-divulgazione\/","og_locale":"fr_FR","og_type":"article","og_title":"Coltivazione della canapa: bando da 30mila euro per progetti di formazione e divulgazione - Bellunopress - Dolomiti","og_description":"Venezia, 21 novembre 2019\u00a0 &#8211;\u00a0\u00a0La canapa potrebbe diventare una delle colture del futuro in Veneto. Non la canapa a scopo terapeutico, ma quella industriale, utilizzata nel tessile, nel settore cartario e nel packaging, nei cosmetici, in edilizia e nella produzione di biomateriali e biocarburanti. Cos\u00ec pensa l\u2019assessorato regionale all\u2019agricoltura che ha messo a bando 30 [&hellip;]","og_url":"https:\/\/www.bellunopress.it\/fr\/2019\/11\/21\/coltivazione-della-canapa-bando-da-30mila-euro-per-progetti-di-formazione-e-divulgazione\/","og_site_name":"Bellunopress - Dolomiti","article_publisher":"https:\/\/www.facebook.com\/profile.php?id=100008943462799","article_published_time":"2019-11-21T21:36:52+00:00","og_image":[{"url":"http:\/\/www.bellunopress.it\/wp-content\/uploads\/2018\/03\/assessore-Pan.jpg","type":"","width":"","height":""}],"author":"redazione","twitter_card":"summary_large_image","twitter_creator":"@bellunopress","twitter_site":"@bellunopress","twitter_misc":{"\u00c9crit par":"redazione","Dur\u00e9e de lecture estim\u00e9e":"2 minutes"},"schema":{"@context":"https:\/\/schema.org","@graph":[{"@type":"Article","@id":"https:\/\/www.bellunopress.it\/2019\/11\/21\/coltivazione-della-canapa-bando-da-30mila-euro-per-progetti-di-formazione-e-divulgazione\/#article","isPartOf":{"@id":"https:\/\/www.bellunopress.it\/2019\/11\/21\/coltivazione-della-canapa-bando-da-30mila-euro-per-progetti-di-formazione-e-divulgazione\/"},"author":{"name":"redazione","@id":"https:\/\/www.bellunopress.it\/#\/schema\/person\/79bb06722b37ece1c03d3e94beb30d73"},"headline":"Coltivazione della canapa: bando da 30mila euro per progetti di formazione e divulgazione","datePublished":"2019-11-21T21:36:52+00:00","mainEntityOfPage":{"@id":"https:\/\/www.bellunopress.it\/2019\/11\/21\/coltivazione-della-canapa-bando-da-30mila-euro-per-progetti-di-formazione-e-divulgazione\/"},"wordCount":342,"publisher":{"@id":"https:\/\/www.bellunopress.it\/#organization"},"image":{"@id":"https:\/\/www.bellunopress.it\/2019\/11\/21\/coltivazione-della-canapa-bando-da-30mila-euro-per-progetti-di-formazione-e-divulgazione\/#primaryimage"},"thumbnailUrl":"http:\/\/www.bellunopress.it\/wp-content\/uploads\/2018\/03\/assessore-Pan.jpg","articleSection":["Cronaca\/Politica","Lavoro, Economia, Turismo","Prima Pagina"],"inLanguage":"fr-FR"},{"@type":"WebPage","@id":"https:\/\/www.bellunopress.it\/2019\/11\/21\/coltivazione-della-canapa-bando-da-30mila-euro-per-progetti-di-formazione-e-divulgazione\/","url":"https:\/\/www.bellunopress.it\/2019\/11\/21\/coltivazione-della-canapa-bando-da-30mila-euro-per-progetti-di-formazione-e-divulgazione\/","name":"Coltivazione della canapa: bando da 30mila euro per progetti di formazione e divulgazione - Bellunopress - Dolomiti","isPartOf":{"@id":"https:\/\/www.bellunopress.it\/#website"},"primaryImageOfPage":{"@id":"https:\/\/www.bellunopress.it\/2019\/11\/21\/coltivazione-della-canapa-bando-da-30mila-euro-per-progetti-di-formazione-e-divulgazione\/#primaryimage"},"image":{"@id":"https:\/\/www.bellunopress.it\/2019\/11\/21\/coltivazione-della-canapa-bando-da-30mila-euro-per-progetti-di-formazione-e-divulgazione\/#primaryimage"},"thumbnailUrl":"http:\/\/www.bellunopress.it\/wp-content\/uploads\/2018\/03\/assessore-Pan.jpg","datePublished":"2019-11-21T21:36:52+00:00","breadcrumb":{"@id":"https:\/\/www.bellunopress.it\/2019\/11\/21\/coltivazione-della-canapa-bando-da-30mila-euro-per-progetti-di-formazione-e-divulgazione\/#breadcrumb"},"inLanguage":"fr-FR","potentialAction":[{"@type":"ReadAction","target":["https:\/\/www.bellunopress.it\/2019\/11\/21\/coltivazione-della-canapa-bando-da-30mila-euro-per-progetti-di-formazione-e-divulgazione\/"]}]},{"@type":"ImageObject","inLanguage":"fr-FR","@id":"https:\/\/www.bellunopress.it\/2019\/11\/21\/coltivazione-della-canapa-bando-da-30mila-euro-per-progetti-di-formazione-e-divulgazione\/#primaryimage","url":"http:\/\/www.bellunopress.it\/wp-content\/uploads\/2018\/03\/assessore-Pan.jpg","contentUrl":"http:\/\/www.bellunopress.it\/wp-content\/uploads\/2018\/03\/assessore-Pan.jpg"},{"@type":"BreadcrumbList","@id":"https:\/\/www.bellunopress.it\/2019\/11\/21\/coltivazione-della-canapa-bando-da-30mila-euro-per-progetti-di-formazione-e-divulgazione\/#breadcrumb","itemListElement":[{"@type":"ListItem","position":1,"name":"Home","item":"https:\/\/www.bellunopress.it\/"},{"@type":"ListItem","position":2,"name":"Coltivazione della canapa: bando da 30mila euro per progetti di formazione e divulgazione"}]},{"@type":"WebSite","@id":"https:\/\/www.bellunopress.it\/#website","url":"https:\/\/www.bellunopress.it\/","name":"Bellunopress - Dolomiti","description":"e-mail: redazione@bellunopress.it","publisher":{"@id":"https:\/\/www.bellunopress.it\/#organization"},"potentialAction":[{"@type":"SearchAction","target":{"@type":"EntryPoint","urlTemplate":"https:\/\/www.bellunopress.it\/?s={search_term_string}"},"query-input":{"@type":"PropertyValueSpecification","valueRequired":true,"valueName":"search_term_string"}}],"inLanguage":"fr-FR"},{"@type":"Organization","@id":"https:\/\/www.bellunopress.it\/#organization","name":"Bellunopress","url":"https:\/\/www.bellunopress.it\/","logo":{"@type":"ImageObject","inLanguage":"fr-FR","@id":"https:\/\/www.bellunopress.it\/#\/schema\/logo\/image\/","url":"https:\/\/www.bellunopress.it\/wp-content\/uploads\/2011\/05\/cropped-logo-bellunopress-.jpg","contentUrl":"https:\/\/www.bellunopress.it\/wp-content\/uploads\/2011\/05\/cropped-logo-bellunopress-.jpg","width":512,"height":512,"caption":"Bellunopress"},"image":{"@id":"https:\/\/www.bellunopress.it\/#\/schema\/logo\/image\/"},"sameAs":["https:\/\/www.facebook.com\/profile.php?id=100008943462799","https:\/\/x.com\/bellunopress","https:\/\/www.linkedin.com\/hp\/?dnr=JBzUWaJfMUw8vbXJJ2tVW5-I3jZKvC4wsoxE&amp;amp;amp;amp;amp;amp;trk=nav_responsive_tab_home","https:\/\/www.youtube.com\/channel\/UCxL0wu1uN0_3_7hGG0306cw"]},{"@type":"Person","@id":"https:\/\/www.bellunopress.it\/#\/schema\/person\/79bb06722b37ece1c03d3e94beb30d73","name":"r\u00e9daction","image":{"@type":"ImageObject","inLanguage":"fr-FR","@id":"https:\/\/secure.gravatar.com\/avatar\/37d968a2e67a6fd04c169c4bdef102d0bc5d31b2546345219e348575eb80e9a0?s=96&d=mm&r=g","url":"https:\/\/secure.gravatar.com\/avatar\/37d968a2e67a6fd04c169c4bdef102d0bc5d31b2546345219e348575eb80e9a0?s=96&d=mm&r=g","contentUrl":"https:\/\/secure.gravatar.com\/avatar\/37d968a2e67a6fd04c169c4bdef102d0bc5d31b2546345219e348575eb80e9a0?s=96&d=mm&r=g","caption":"redazione"},"sameAs":["http:\/\/www.bellunopress.it","https:\/\/x.com\/bellunopress"],"url":"https:\/\/www.bellunopress.it\/fr\/author\/redazione\/"}]}},"_links":{"self":[{"href":"https:\/\/www.bellunopress.it\/fr\/wp-json\/wp\/v2\/posts\/109831","targetHints":{"allow":["GET"]}}],"collection":[{"href":"https:\/\/www.bellunopress.it\/fr\/wp-json\/wp\/v2\/posts"}],"about":[{"href":"https:\/\/www.bellunopress.it\/fr\/wp-json\/wp\/v2\/types\/post"}],"author":[{"embeddable":true,"href":"https:\/\/www.bellunopress.it\/fr\/wp-json\/wp\/v2\/users\/2"}],"replies":[{"embeddable":true,"href":"https:\/\/www.bellunopress.it\/fr\/wp-json\/wp\/v2\/comments?post=109831"}],"version-history":[{"count":1,"href":"https:\/\/www.bellunopress.it\/fr\/wp-json\/wp\/v2\/posts\/109831\/revisions"}],"predecessor-version":[{"id":109832,"href":"https:\/\/www.bellunopress.it\/fr\/wp-json\/wp\/v2\/posts\/109831\/revisions\/109832"}],"wp:attachment":[{"href":"https:\/\/www.bellunopress.it\/fr\/wp-json\/wp\/v2\/media?parent=109831"}],"wp:term":[{"taxonomy":"category","embeddable":true,"href":"https:\/\/www.bellunopress.it\/fr\/wp-json\/wp\/v2\/categories?post=109831"},{"taxonomy":"post_tag","embeddable":true,"href":"https:\/\/www.bellunopress.it\/fr\/wp-json\/wp\/v2\/tags?post=109831"}],"curies":[{"name":"wp","href":"https:\/\/api.w.org\/{rel}","templated":true}]}}