{"id":109825,"date":"2019-11-21T20:47:45","date_gmt":"2019-11-21T19:47:45","guid":{"rendered":"http:\/\/www.bellunopress.it\/?p=109825"},"modified":"2019-11-21T20:47:45","modified_gmt":"2019-11-21T19:47:45","slug":"ostacoli-al-volo-uncem-e-soccorso-alpino-insieme-per-una-maggiore-sicurezza","status":"publish","type":"post","link":"https:\/\/www.bellunopress.it\/fr\/2019\/11\/21\/ostacoli-al-volo-uncem-e-soccorso-alpino-insieme-per-una-maggiore-sicurezza\/","title":{"rendered":"Ostacoli al volo: Uncem e Soccorso alpino insieme per una maggiore sicurezza"},"content":{"rendered":"<p><a href=\"http:\/\/www.bellunopress.it\/fr\/2018\/10\/23\/mattarella-su-piccoli-comuni-e-territori-montani-bussone-uncem-parole-preziose-che-impegnano-il-parlamento-ad-agire-sullattuazione-della-legge-158\/uncem\/\" rel=\"attachment wp-att-98868\"><img loading=\"lazy\" decoding=\"async\" class=\"alignleft size-full wp-image-98868\" src=\"http:\/\/www.bellunopress.it\/wp-content\/uploads\/2018\/10\/Uncem.jpg\" alt=\"\" width=\"300\" height=\"150\" \/><\/a><a href=\"http:\/\/www.bellunopress.it\/fr\/2011\/03\/12\/ritrovato-in-due-ore-dal-soccorso-alpino-un-12enne-che-si-era-perso-in-tofana\/soccorso-alpino-cnsas\/\" rel=\"attachment wp-att-24711\"><img loading=\"lazy\" decoding=\"async\" class=\"alignleft size-full wp-image-24711\" src=\"http:\/\/www.bellunopress.it\/wp-content\/uploads\/2011\/03\/soccorso-alpino-cnsas.png\" alt=\"\" width=\"122\" height=\"122\" \/><\/a>Nel corso degli ultimi anni si sono registrate decine di morti a causa dell&#8217;impatto degli elicotteri con gli ostacoli al volo &#8211; linee elettriche, teleferiche e palorci, impianti a fune diversi, antenne &#8211; nel corso delle attivit\u00e0 di elisoccorso svolte dal Servizio di emergenza 118 e dal Soccorso alpino, delle attivit\u00e0 istituzionali di Enti e Amministrazioni dello Stato, delle attivit\u00e0 della Protezione civile a livello nazionale, regionale o provinciale e dell\u2019attivit\u00e0 di trasporto aereo pubblico e privato. Lo rilevano congiuntamente Uncem e Corpo Nazionale Soccorso Alpino e Speleologico.<\/p>\n<p>Uncem e Soccorso Alpino ricordano l&#8217;incidente del 15 aprile 1988, quando un elicottero dell&#8217;Esercito italiano, a seguito di un impatto con i cavi di un elettrodotto nei pressi di Pontebba (provincia di Udine), precipit\u00f2 causando la morte di tutto l&#8217;equipaggio. Ancora, l&#8217;episodio del 19 giugno 2000, quando un elicottero dei Vigili del fuoco, per un impatto su un elettrodotto nel corso di una missione di soccorso, caus\u00f2 la morte sul colpo di cinque persone. Recentemente, l&#8217;incidente del 18 marzo 2005, quando persero la vita due piloti di un canadair a Forte dei Marmi (provincia di Lucca), dopo un impatto con i cavi dell&#8217;alta tensione, o quello del 10 ottobre dello stesso anno, quando, in provincia di Como, persero la vita sei persone a bordo di un elicottero privato, che si schiant\u00f2 contro un cavo di una teleferica abusiva. Oppure quello del 22 agosto 2009, quando nelle Dolomiti bellunesi, a Cortina d&#8217;Ampezzo, precipit\u00f2, dopo un urto terribile con i cavi della media tensione, l&#8217;elicottero del 118 di Pieve di Cadore (Belluno), provocando il decesso di quattro persone.<\/p>\n<p><a href=\"http:\/\/www.bellunopress.it\/fr\/2019\/08\/13\/soccorso-alpino-scout-in-difficolta-fungaiolo-ruzzola-per-200-metri-nel-bosco\/soccorso-alpino-118-2\/\" rel=\"attachment wp-att-107067\"><img loading=\"lazy\" decoding=\"async\" class=\"alignleft size-full wp-image-107067\" src=\"http:\/\/www.bellunopress.it\/wp-content\/uploads\/2019\/08\/soccorso-alpino-118.jpg\" alt=\"\" width=\"300\" height=\"192\" \/><\/a>&#8220;Vittime che erano persone impegnate in compiti di servizio istituzionali di soccorso&#8221;, stigmatizza Marco Bussone, Presidente nazionale Uncem, a cui fa eco il Presidente del Corpo Nazionale Soccorso Alpino e Speleologico, Maurizio Dellantonio, che rimarca come &#8220;sia sempre pi\u00f9 cogente arrivare al nocciolo vero del problema: avere una buona norma ed applicarla il giorno stesso, cercando di recuperare il tempo perso&#8221;.<br \/>\nNel medio periodo, quindi, in Italia, si sono registrati 52 incidenti a causa di impatti con ostacoli al volo non segnalati, che hanno causato 55 decessi e 33 feriti. Numeri ancora pi\u00f9 drammatici se sommiamo gli incidenti derivati dagli ostacoli al volo quali concausa di altri tragici sinistri. Incidenti drammatici che per la maggior parte si sono registrati in montagna e nelle cos\u00ec dette aree interne del nostro paese, quelle aree che hanno invece bisogno di maggiori servizi svolti nella sicurezza degli operatori e dei trasportati (come ammalati o feriti da parte dei servizi di elisoccorso del 118).<\/p>\n<p>Ma cosa \u00e8 stato fatto sino ad ora?<br \/>\nNel nostro ordinamento \u2013 ricordano Uncem e Corpo Nazionale Soccorso Alpino e Speleologico \u2013 un timido tentativo di disciplinare il grave problema sopra richiamato \u00e8 stato fatto sulla scorta dell&#8217;impatto emotivo suscitato dal citato incidente del canadair. Un timido, inapplicato quello della Legge 26 luglio 2005, n. 152, ma soprattutto non coerente tentativo di normalizzare una grave situazione legata alla sicurezza che, ora, una nuova azione legislativa deve sanare.<br \/>\nSi avverte l&#8217;urgenza di ottenere, senza pi\u00f9 indugio, una norma di carattere primario che definisca con precisione il concetto di ostacolo al volo, prevedendo l&#8217;obbligo della mappatura e della conseguente segnalazione degli ostacoli al volo fissi e temporanei, orizzontali e verticali, con la realizzazione di mappe digitali accessibili secondo particolari privilegi ai soggetti che prestano un pubblico servizio o attivit\u00e0 di pubblico interesse.<\/p>\n<p>&#8220;Non possiamo aspettare ancora \u2013 rimarca il Consigliere nazionale del Corpo Nazionale Soccorso Alpino e Speleologico, Fabio Bristot \u2013, come sino ad ora colpevolmente fatto, che altre tragedie ed altre vittime si consumino, che altre enunciazioni di principio e stentoree dichiarazioni postume vengano inutilmente proferite. Si deve intervenire ora&#8221;.<\/p>\n<p>Uncem e Corpo Nazionale Soccorso Alpino e Speleologico ricordano come non sia affatto un caso che ci siano ben tre Progetti di Legge giacenti alla Camera dei Deputati (il 286 che vede primo firmatario Roger De Menech del PD, il numero 1267 di Federico D\u2019Inc\u00e0 del M5S, oggi Ministro per i Rapporti con il Parlamento, e la 1316 di Luca De Carlo di FDI), progetti che sono indirizzati a risolvere le criticit\u00e0 indicate da Uncem e Soccorso Alpino. Sul problema, a maggio di quest&#8217;anno, \u00e8 stato istituito con Decreto uno specifico Tavolo Tecnico presso il Dipartimento della Protezione Civile della Presidenza del Consiglio dei Ministri che dovrebbe dar luogo ad una proposta coerente alla necessit\u00e0, non pi\u00f9 procrastinabile, di avere una norma certa.<\/p>\n<p>Uncem e Corpo Nazionale Soccorso Alpino e Speleologico sono fortemente convinti che solo con una maggiore sicurezza e che solo una norma chiara potr\u00e0 garantire, si potranno ulteriormente qualificare quei servizi necessari per le aree pi\u00f9 fragili del territorio e a favore delle comunit\u00e0 che tengono in vita Alpi e Appennini, strutture portanti del Paese.<\/p>","protected":false},"excerpt":{"rendered":"<p>Nel corso degli ultimi anni si sono registrate decine di morti a causa dell&#8217;impatto degli elicotteri con gli ostacoli al volo &#8211; linee elettriche, teleferiche e palorci, impianti a fune diversi, antenne &#8211; nel corso delle attivit\u00e0 di elisoccorso svolte dal Servizio di emergenza 118 e dal Soccorso alpino, delle attivit\u00e0 istituzionali di Enti e [&hellip;]<\/p>\n","protected":false},"author":2,"featured_media":0,"comment_status":"closed","ping_status":"open","sticky":false,"template":"","format":"standard","meta":{"footnotes":""},"categories":[26,8],"tags":[],"class_list":["post-109825","post","type-post","status-publish","format-standard","category-prima-pagina","category-societa-istituzioni"],"yoast_head":"<!-- This site is optimized with the Yoast SEO plugin v28.4 - https:\/\/yoast.com\/product\/yoast-seo-wordpress\/ -->\n<title>Ostacoli al volo: Uncem e Soccorso alpino insieme per una maggiore sicurezza - Bellunopress - Dolomiti<\/title>\n<meta name=\"robots\" content=\"index, follow, max-snippet:-1, max-image-preview:large, max-video-preview:-1\" \/>\n<link rel=\"canonical\" href=\"https:\/\/www.bellunopress.it\/fr\/2019\/11\/21\/ostacoli-al-volo-uncem-e-soccorso-alpino-insieme-per-una-maggiore-sicurezza\/\" \/>\n<meta property=\"og:locale\" content=\"fr_FR\" \/>\n<meta property=\"og:type\" content=\"article\" \/>\n<meta property=\"og:title\" content=\"Ostacoli al volo: Uncem e Soccorso alpino insieme per una maggiore sicurezza - Bellunopress - Dolomiti\" \/>\n<meta property=\"og:description\" content=\"Nel corso degli ultimi anni si sono registrate decine di morti a causa dell&#8217;impatto degli elicotteri con gli ostacoli al volo &#8211; linee elettriche, teleferiche e palorci, impianti a fune diversi, antenne &#8211; nel corso delle attivit\u00e0 di elisoccorso svolte dal Servizio di emergenza 118 e dal Soccorso alpino, delle attivit\u00e0 istituzionali di Enti e [&hellip;]\" \/>\n<meta property=\"og:url\" content=\"https:\/\/www.bellunopress.it\/fr\/2019\/11\/21\/ostacoli-al-volo-uncem-e-soccorso-alpino-insieme-per-una-maggiore-sicurezza\/\" \/>\n<meta property=\"og:site_name\" content=\"Bellunopress - Dolomiti\" \/>\n<meta property=\"article:publisher\" content=\"https:\/\/www.facebook.com\/profile.php?id=100008943462799\" \/>\n<meta property=\"article:published_time\" content=\"2019-11-21T19:47:45+00:00\" \/>\n<meta property=\"og:image\" content=\"http:\/\/www.bellunopress.it\/wp-content\/uploads\/2018\/10\/Uncem.jpg\" \/>\n<meta name=\"author\" content=\"redazione\" \/>\n<meta name=\"twitter:card\" content=\"summary_large_image\" \/>\n<meta name=\"twitter:creator\" content=\"@bellunopress\" \/>\n<meta name=\"twitter:site\" content=\"@bellunopress\" \/>\n<meta name=\"twitter:label1\" content=\"Written by\" \/>\n\t<meta name=\"twitter:data1\" content=\"redazione\" \/>\n\t<meta name=\"twitter:label2\" content=\"Est. reading time\" \/>\n\t<meta name=\"twitter:data2\" content=\"4 minutes\" \/>\n<script type=\"application\/ld+json\" class=\"yoast-schema-graph\">{\"@context\":\"https:\\\/\\\/schema.org\",\"@graph\":[{\"@type\":\"Article\",\"@id\":\"https:\\\/\\\/www.bellunopress.it\\\/2019\\\/11\\\/21\\\/ostacoli-al-volo-uncem-e-soccorso-alpino-insieme-per-una-maggiore-sicurezza\\\/#article\",\"isPartOf\":{\"@id\":\"https:\\\/\\\/www.bellunopress.it\\\/2019\\\/11\\\/21\\\/ostacoli-al-volo-uncem-e-soccorso-alpino-insieme-per-una-maggiore-sicurezza\\\/\"},\"author\":{\"name\":\"redazione\",\"@id\":\"https:\\\/\\\/www.bellunopress.it\\\/#\\\/schema\\\/person\\\/79bb06722b37ece1c03d3e94beb30d73\"},\"headline\":\"Ostacoli al volo: Uncem e Soccorso alpino insieme per una maggiore sicurezza\",\"datePublished\":\"2019-11-21T19:47:45+00:00\",\"mainEntityOfPage\":{\"@id\":\"https:\\\/\\\/www.bellunopress.it\\\/2019\\\/11\\\/21\\\/ostacoli-al-volo-uncem-e-soccorso-alpino-insieme-per-una-maggiore-sicurezza\\\/\"},\"wordCount\":790,\"publisher\":{\"@id\":\"https:\\\/\\\/www.bellunopress.it\\\/#organization\"},\"image\":{\"@id\":\"https:\\\/\\\/www.bellunopress.it\\\/2019\\\/11\\\/21\\\/ostacoli-al-volo-uncem-e-soccorso-alpino-insieme-per-una-maggiore-sicurezza\\\/#primaryimage\"},\"thumbnailUrl\":\"http:\\\/\\\/www.bellunopress.it\\\/wp-content\\\/uploads\\\/2018\\\/10\\\/Uncem.jpg\",\"articleSection\":[\"Prima Pagina\",\"Societ\u00e0, Associazioni, Istituzioni\"],\"inLanguage\":\"fr-FR\"},{\"@type\":\"WebPage\",\"@id\":\"https:\\\/\\\/www.bellunopress.it\\\/2019\\\/11\\\/21\\\/ostacoli-al-volo-uncem-e-soccorso-alpino-insieme-per-una-maggiore-sicurezza\\\/\",\"url\":\"https:\\\/\\\/www.bellunopress.it\\\/2019\\\/11\\\/21\\\/ostacoli-al-volo-uncem-e-soccorso-alpino-insieme-per-una-maggiore-sicurezza\\\/\",\"name\":\"Ostacoli al volo: Uncem e Soccorso alpino insieme per una maggiore sicurezza - Bellunopress - Dolomiti\",\"isPartOf\":{\"@id\":\"https:\\\/\\\/www.bellunopress.it\\\/#website\"},\"primaryImageOfPage\":{\"@id\":\"https:\\\/\\\/www.bellunopress.it\\\/2019\\\/11\\\/21\\\/ostacoli-al-volo-uncem-e-soccorso-alpino-insieme-per-una-maggiore-sicurezza\\\/#primaryimage\"},\"image\":{\"@id\":\"https:\\\/\\\/www.bellunopress.it\\\/2019\\\/11\\\/21\\\/ostacoli-al-volo-uncem-e-soccorso-alpino-insieme-per-una-maggiore-sicurezza\\\/#primaryimage\"},\"thumbnailUrl\":\"http:\\\/\\\/www.bellunopress.it\\\/wp-content\\\/uploads\\\/2018\\\/10\\\/Uncem.jpg\",\"datePublished\":\"2019-11-21T19:47:45+00:00\",\"breadcrumb\":{\"@id\":\"https:\\\/\\\/www.bellunopress.it\\\/2019\\\/11\\\/21\\\/ostacoli-al-volo-uncem-e-soccorso-alpino-insieme-per-una-maggiore-sicurezza\\\/#breadcrumb\"},\"inLanguage\":\"fr-FR\",\"potentialAction\":[{\"@type\":\"ReadAction\",\"target\":[\"https:\\\/\\\/www.bellunopress.it\\\/2019\\\/11\\\/21\\\/ostacoli-al-volo-uncem-e-soccorso-alpino-insieme-per-una-maggiore-sicurezza\\\/\"]}]},{\"@type\":\"ImageObject\",\"inLanguage\":\"fr-FR\",\"@id\":\"https:\\\/\\\/www.bellunopress.it\\\/2019\\\/11\\\/21\\\/ostacoli-al-volo-uncem-e-soccorso-alpino-insieme-per-una-maggiore-sicurezza\\\/#primaryimage\",\"url\":\"http:\\\/\\\/www.bellunopress.it\\\/wp-content\\\/uploads\\\/2018\\\/10\\\/Uncem.jpg\",\"contentUrl\":\"http:\\\/\\\/www.bellunopress.it\\\/wp-content\\\/uploads\\\/2018\\\/10\\\/Uncem.jpg\"},{\"@type\":\"BreadcrumbList\",\"@id\":\"https:\\\/\\\/www.bellunopress.it\\\/2019\\\/11\\\/21\\\/ostacoli-al-volo-uncem-e-soccorso-alpino-insieme-per-una-maggiore-sicurezza\\\/#breadcrumb\",\"itemListElement\":[{\"@type\":\"ListItem\",\"position\":1,\"name\":\"Home\",\"item\":\"https:\\\/\\\/www.bellunopress.it\\\/\"},{\"@type\":\"ListItem\",\"position\":2,\"name\":\"Ostacoli al volo: Uncem e Soccorso alpino insieme per una maggiore sicurezza\"}]},{\"@type\":\"WebSite\",\"@id\":\"https:\\\/\\\/www.bellunopress.it\\\/#website\",\"url\":\"https:\\\/\\\/www.bellunopress.it\\\/\",\"name\":\"Bellunopress - Dolomiti\",\"description\":\"e-mail: redazione@bellunopress.it\",\"publisher\":{\"@id\":\"https:\\\/\\\/www.bellunopress.it\\\/#organization\"},\"potentialAction\":[{\"@type\":\"SearchAction\",\"target\":{\"@type\":\"EntryPoint\",\"urlTemplate\":\"https:\\\/\\\/www.bellunopress.it\\\/?s={search_term_string}\"},\"query-input\":{\"@type\":\"PropertyValueSpecification\",\"valueRequired\":true,\"valueName\":\"search_term_string\"}}],\"inLanguage\":\"fr-FR\"},{\"@type\":\"Organization\",\"@id\":\"https:\\\/\\\/www.bellunopress.it\\\/#organization\",\"name\":\"Bellunopress\",\"url\":\"https:\\\/\\\/www.bellunopress.it\\\/\",\"logo\":{\"@type\":\"ImageObject\",\"inLanguage\":\"fr-FR\",\"@id\":\"https:\\\/\\\/www.bellunopress.it\\\/#\\\/schema\\\/logo\\\/image\\\/\",\"url\":\"https:\\\/\\\/www.bellunopress.it\\\/wp-content\\\/uploads\\\/2011\\\/05\\\/cropped-logo-bellunopress-.jpg\",\"contentUrl\":\"https:\\\/\\\/www.bellunopress.it\\\/wp-content\\\/uploads\\\/2011\\\/05\\\/cropped-logo-bellunopress-.jpg\",\"width\":512,\"height\":512,\"caption\":\"Bellunopress\"},\"image\":{\"@id\":\"https:\\\/\\\/www.bellunopress.it\\\/#\\\/schema\\\/logo\\\/image\\\/\"},\"sameAs\":[\"https:\\\/\\\/www.facebook.com\\\/profile.php?id=100008943462799\",\"https:\\\/\\\/x.com\\\/bellunopress\",\"https:\\\/\\\/www.linkedin.com\\\/hp\\\/?dnr=JBzUWaJfMUw8vbXJJ2tVW5-I3jZKvC4wsoxE&amp;amp;amp;amp;amp;amp;trk=nav_responsive_tab_home\",\"https:\\\/\\\/www.youtube.com\\\/channel\\\/UCxL0wu1uN0_3_7hGG0306cw\"]},{\"@type\":\"Person\",\"@id\":\"https:\\\/\\\/www.bellunopress.it\\\/#\\\/schema\\\/person\\\/79bb06722b37ece1c03d3e94beb30d73\",\"name\":\"redazione\",\"image\":{\"@type\":\"ImageObject\",\"inLanguage\":\"fr-FR\",\"@id\":\"https:\\\/\\\/secure.gravatar.com\\\/avatar\\\/37d968a2e67a6fd04c169c4bdef102d0bc5d31b2546345219e348575eb80e9a0?s=96&d=mm&r=g\",\"url\":\"https:\\\/\\\/secure.gravatar.com\\\/avatar\\\/37d968a2e67a6fd04c169c4bdef102d0bc5d31b2546345219e348575eb80e9a0?s=96&d=mm&r=g\",\"contentUrl\":\"https:\\\/\\\/secure.gravatar.com\\\/avatar\\\/37d968a2e67a6fd04c169c4bdef102d0bc5d31b2546345219e348575eb80e9a0?s=96&d=mm&r=g\",\"caption\":\"redazione\"},\"sameAs\":[\"http:\\\/\\\/www.bellunopress.it\",\"https:\\\/\\\/x.com\\\/bellunopress\"],\"url\":\"https:\\\/\\\/www.bellunopress.it\\\/fr\\\/author\\\/redazione\\\/\"}]}<\/script>\n<!-- \/ Yoast SEO plugin. -->","yoast_head_json":{"title":"Ostacoli al volo: Uncem e Soccorso alpino insieme per una maggiore sicurezza - Bellunopress - Dolomiti","robots":{"index":"index","follow":"follow","max-snippet":"max-snippet:-1","max-image-preview":"max-image-preview:large","max-video-preview":"max-video-preview:-1"},"canonical":"https:\/\/www.bellunopress.it\/fr\/2019\/11\/21\/ostacoli-al-volo-uncem-e-soccorso-alpino-insieme-per-una-maggiore-sicurezza\/","og_locale":"fr_FR","og_type":"article","og_title":"Ostacoli al volo: Uncem e Soccorso alpino insieme per una maggiore sicurezza - Bellunopress - Dolomiti","og_description":"Nel corso degli ultimi anni si sono registrate decine di morti a causa dell&#8217;impatto degli elicotteri con gli ostacoli al volo &#8211; linee elettriche, teleferiche e palorci, impianti a fune diversi, antenne &#8211; nel corso delle attivit\u00e0 di elisoccorso svolte dal Servizio di emergenza 118 e dal Soccorso alpino, delle attivit\u00e0 istituzionali di Enti e [&hellip;]","og_url":"https:\/\/www.bellunopress.it\/fr\/2019\/11\/21\/ostacoli-al-volo-uncem-e-soccorso-alpino-insieme-per-una-maggiore-sicurezza\/","og_site_name":"Bellunopress - Dolomiti","article_publisher":"https:\/\/www.facebook.com\/profile.php?id=100008943462799","article_published_time":"2019-11-21T19:47:45+00:00","og_image":[{"url":"http:\/\/www.bellunopress.it\/wp-content\/uploads\/2018\/10\/Uncem.jpg","type":"","width":"","height":""}],"author":"redazione","twitter_card":"summary_large_image","twitter_creator":"@bellunopress","twitter_site":"@bellunopress","twitter_misc":{"Written by":"redazione","Est. reading time":"4 minutes"},"schema":{"@context":"https:\/\/schema.org","@graph":[{"@type":"Article","@id":"https:\/\/www.bellunopress.it\/2019\/11\/21\/ostacoli-al-volo-uncem-e-soccorso-alpino-insieme-per-una-maggiore-sicurezza\/#article","isPartOf":{"@id":"https:\/\/www.bellunopress.it\/2019\/11\/21\/ostacoli-al-volo-uncem-e-soccorso-alpino-insieme-per-una-maggiore-sicurezza\/"},"author":{"name":"redazione","@id":"https:\/\/www.bellunopress.it\/#\/schema\/person\/79bb06722b37ece1c03d3e94beb30d73"},"headline":"Ostacoli al volo: Uncem e Soccorso alpino insieme per una maggiore sicurezza","datePublished":"2019-11-21T19:47:45+00:00","mainEntityOfPage":{"@id":"https:\/\/www.bellunopress.it\/2019\/11\/21\/ostacoli-al-volo-uncem-e-soccorso-alpino-insieme-per-una-maggiore-sicurezza\/"},"wordCount":790,"publisher":{"@id":"https:\/\/www.bellunopress.it\/#organization"},"image":{"@id":"https:\/\/www.bellunopress.it\/2019\/11\/21\/ostacoli-al-volo-uncem-e-soccorso-alpino-insieme-per-una-maggiore-sicurezza\/#primaryimage"},"thumbnailUrl":"http:\/\/www.bellunopress.it\/wp-content\/uploads\/2018\/10\/Uncem.jpg","articleSection":["Prima Pagina","Societ\u00e0, Associazioni, Istituzioni"],"inLanguage":"fr-FR"},{"@type":"WebPage","@id":"https:\/\/www.bellunopress.it\/2019\/11\/21\/ostacoli-al-volo-uncem-e-soccorso-alpino-insieme-per-una-maggiore-sicurezza\/","url":"https:\/\/www.bellunopress.it\/2019\/11\/21\/ostacoli-al-volo-uncem-e-soccorso-alpino-insieme-per-una-maggiore-sicurezza\/","name":"Ostacoli al volo: Uncem e Soccorso alpino insieme per una maggiore sicurezza - Bellunopress - Dolomiti","isPartOf":{"@id":"https:\/\/www.bellunopress.it\/#website"},"primaryImageOfPage":{"@id":"https:\/\/www.bellunopress.it\/2019\/11\/21\/ostacoli-al-volo-uncem-e-soccorso-alpino-insieme-per-una-maggiore-sicurezza\/#primaryimage"},"image":{"@id":"https:\/\/www.bellunopress.it\/2019\/11\/21\/ostacoli-al-volo-uncem-e-soccorso-alpino-insieme-per-una-maggiore-sicurezza\/#primaryimage"},"thumbnailUrl":"http:\/\/www.bellunopress.it\/wp-content\/uploads\/2018\/10\/Uncem.jpg","datePublished":"2019-11-21T19:47:45+00:00","breadcrumb":{"@id":"https:\/\/www.bellunopress.it\/2019\/11\/21\/ostacoli-al-volo-uncem-e-soccorso-alpino-insieme-per-una-maggiore-sicurezza\/#breadcrumb"},"inLanguage":"fr-FR","potentialAction":[{"@type":"ReadAction","target":["https:\/\/www.bellunopress.it\/2019\/11\/21\/ostacoli-al-volo-uncem-e-soccorso-alpino-insieme-per-una-maggiore-sicurezza\/"]}]},{"@type":"ImageObject","inLanguage":"fr-FR","@id":"https:\/\/www.bellunopress.it\/2019\/11\/21\/ostacoli-al-volo-uncem-e-soccorso-alpino-insieme-per-una-maggiore-sicurezza\/#primaryimage","url":"http:\/\/www.bellunopress.it\/wp-content\/uploads\/2018\/10\/Uncem.jpg","contentUrl":"http:\/\/www.bellunopress.it\/wp-content\/uploads\/2018\/10\/Uncem.jpg"},{"@type":"BreadcrumbList","@id":"https:\/\/www.bellunopress.it\/2019\/11\/21\/ostacoli-al-volo-uncem-e-soccorso-alpino-insieme-per-una-maggiore-sicurezza\/#breadcrumb","itemListElement":[{"@type":"ListItem","position":1,"name":"Home","item":"https:\/\/www.bellunopress.it\/"},{"@type":"ListItem","position":2,"name":"Ostacoli al volo: Uncem e Soccorso alpino insieme per una maggiore sicurezza"}]},{"@type":"WebSite","@id":"https:\/\/www.bellunopress.it\/#website","url":"https:\/\/www.bellunopress.it\/","name":"Bellunopress - Dolomiti","description":"e-mail: redazione@bellunopress.it","publisher":{"@id":"https:\/\/www.bellunopress.it\/#organization"},"potentialAction":[{"@type":"SearchAction","target":{"@type":"EntryPoint","urlTemplate":"https:\/\/www.bellunopress.it\/?s={search_term_string}"},"query-input":{"@type":"PropertyValueSpecification","valueRequired":true,"valueName":"search_term_string"}}],"inLanguage":"fr-FR"},{"@type":"Organization","@id":"https:\/\/www.bellunopress.it\/#organization","name":"Bellunopress","url":"https:\/\/www.bellunopress.it\/","logo":{"@type":"ImageObject","inLanguage":"fr-FR","@id":"https:\/\/www.bellunopress.it\/#\/schema\/logo\/image\/","url":"https:\/\/www.bellunopress.it\/wp-content\/uploads\/2011\/05\/cropped-logo-bellunopress-.jpg","contentUrl":"https:\/\/www.bellunopress.it\/wp-content\/uploads\/2011\/05\/cropped-logo-bellunopress-.jpg","width":512,"height":512,"caption":"Bellunopress"},"image":{"@id":"https:\/\/www.bellunopress.it\/#\/schema\/logo\/image\/"},"sameAs":["https:\/\/www.facebook.com\/profile.php?id=100008943462799","https:\/\/x.com\/bellunopress","https:\/\/www.linkedin.com\/hp\/?dnr=JBzUWaJfMUw8vbXJJ2tVW5-I3jZKvC4wsoxE&amp;amp;amp;amp;amp;amp;trk=nav_responsive_tab_home","https:\/\/www.youtube.com\/channel\/UCxL0wu1uN0_3_7hGG0306cw"]},{"@type":"Person","@id":"https:\/\/www.bellunopress.it\/#\/schema\/person\/79bb06722b37ece1c03d3e94beb30d73","name":"r\u00e9daction","image":{"@type":"ImageObject","inLanguage":"fr-FR","@id":"https:\/\/secure.gravatar.com\/avatar\/37d968a2e67a6fd04c169c4bdef102d0bc5d31b2546345219e348575eb80e9a0?s=96&d=mm&r=g","url":"https:\/\/secure.gravatar.com\/avatar\/37d968a2e67a6fd04c169c4bdef102d0bc5d31b2546345219e348575eb80e9a0?s=96&d=mm&r=g","contentUrl":"https:\/\/secure.gravatar.com\/avatar\/37d968a2e67a6fd04c169c4bdef102d0bc5d31b2546345219e348575eb80e9a0?s=96&d=mm&r=g","caption":"redazione"},"sameAs":["http:\/\/www.bellunopress.it","https:\/\/x.com\/bellunopress"],"url":"https:\/\/www.bellunopress.it\/fr\/author\/redazione\/"}]}},"_links":{"self":[{"href":"https:\/\/www.bellunopress.it\/fr\/wp-json\/wp\/v2\/posts\/109825","targetHints":{"allow":["GET"]}}],"collection":[{"href":"https:\/\/www.bellunopress.it\/fr\/wp-json\/wp\/v2\/posts"}],"about":[{"href":"https:\/\/www.bellunopress.it\/fr\/wp-json\/wp\/v2\/types\/post"}],"author":[{"embeddable":true,"href":"https:\/\/www.bellunopress.it\/fr\/wp-json\/wp\/v2\/users\/2"}],"replies":[{"embeddable":true,"href":"https:\/\/www.bellunopress.it\/fr\/wp-json\/wp\/v2\/comments?post=109825"}],"version-history":[{"count":1,"href":"https:\/\/www.bellunopress.it\/fr\/wp-json\/wp\/v2\/posts\/109825\/revisions"}],"predecessor-version":[{"id":109826,"href":"https:\/\/www.bellunopress.it\/fr\/wp-json\/wp\/v2\/posts\/109825\/revisions\/109826"}],"wp:attachment":[{"href":"https:\/\/www.bellunopress.it\/fr\/wp-json\/wp\/v2\/media?parent=109825"}],"wp:term":[{"taxonomy":"category","embeddable":true,"href":"https:\/\/www.bellunopress.it\/fr\/wp-json\/wp\/v2\/categories?post=109825"},{"taxonomy":"post_tag","embeddable":true,"href":"https:\/\/www.bellunopress.it\/fr\/wp-json\/wp\/v2\/tags?post=109825"}],"curies":[{"name":"wp","href":"https:\/\/api.w.org\/{rel}","templated":true}]}}