{"id":109823,"date":"2019-11-21T20:32:56","date_gmt":"2019-11-21T19:32:56","guid":{"rendered":"http:\/\/www.bellunopress.it\/?p=109823"},"modified":"2019-11-21T20:32:56","modified_gmt":"2019-11-21T19:32:56","slug":"quando-le-cellule-decidono-di-morire-venerdi-lincontro-con-il-patologo-pinton-al-liceo-dal-piaz-di-feltre","status":"publish","type":"post","link":"https:\/\/www.bellunopress.it\/fr\/2019\/11\/21\/quando-le-cellule-decidono-di-morire-venerdi-lincontro-con-il-patologo-pinton-al-liceo-dal-piaz-di-feltre\/","title":{"rendered":"Quando le cellule decidono di morire. Venerd\u00ec\u00a0 l&#8217;incontro con il patologo Pinton al Liceo Dal Piaz di Feltre"},"content":{"rendered":"<p>Venerd\u00ec 22 novembre: Paolo Pinton, Professore di Patologia Generale della Scuola di Medicina dell&#8217;Universit\u00e0 di Ferrara, parla agli studenti del Liceo Giorgio Dal Piaz di Feltre (BL) degli studi legati alla cellula e alle applicazioni nella medicina.<\/p>\n<figure id=\"attachment_106308\" aria-describedby=\"caption-attachment-106308\" style=\"width: 300px\" class=\"wp-caption alignleft\"><a href=\"http:\/\/www.bellunopress.it\/2019\/07\/17\/cercasi-ragazza-dai-15-ai-29-anni-per-il-documentario-visioni-fuori-luogo-la-montagna-che-r-esiste-domenica-e-martedi-al-campus-tina-merlin-di-feltre\/liceo-giorgio-dal-piaz-feltre\/\" rel=\"attachment wp-att-106308\"><img loading=\"lazy\" decoding=\"async\" class=\"size-full wp-image-106308\" src=\"http:\/\/www.bellunopress.it\/wp-content\/uploads\/2019\/07\/Liceo-Giorgio-Dal-Piaz-Feltre.jpg\" alt=\"\" width=\"300\" height=\"226\" \/><\/a><figcaption id=\"caption-attachment-106308\" class=\"wp-caption-text\">Liceo Giorgio Dal Piaz &#8211; Feltre<\/figcaption><\/figure>\n<p>E&#8217; un appuntamento del ciclo nazionale La Scienza a Scuola 2019 di Zanichelli. La quinta edizione dell&#8217;iniziativa porta oltre 50 ricercatori nei licei ed istituti di diverse regioni italiane per raccontare a studenti e insegnanti le storie di chi lavora alle frontiere della ricerca. Sono storie che comunicano passione per la scienza e danno idee su cosa sappiamo e su che cosa stiamo per scoprire in matematica, fisica, chimica, biologia e medicina con particolare attenzione agli obiettivi dell&#8217;Agenda 2030 dell&#8217;ONU.<\/p>\n<p>Scriveva Charles Darwin: &#8220;Ogni creatura vivente deve essere considerata un microcosmo: un piccolo universo costituito da una moltitudine di organismi che si riproducono incomparabilmente piccoli e non meno numerosi delle stelle del cielo&#8221;. Poich\u00e9 ciascuno di noi \u00e8 un microcosmo, una popolazione eterogenea di decine di migliaia di miliardi di cellule, ogni domanda sulla nostra vita e la nostra morte ci riporta a una domanda sulla vita e la morte delle cellule che ci compongono. La stretta relazione tra vita e morte \u00e8 una decisione ricorrente che deve prendere in ogni momento il macchinario all&#8217;interno delle nostre cellule.<br \/>\nPer molto tempo abbiamo pensato che la scomparsa delle nostre cellule, in analogia alla nostra morte individuale, poteva essere soltanto l&#8217;esito di accidenti, di incapacit\u00e0 fondamentale a resistere al passare del tempo ed alle condizioni di crisi. Oggi sappiamo che la realt\u00e0 \u00e8 di natura pi\u00f9 complessa.<\/p>\n<p>Mentre gli organismi a singola cellula provano a sopravvivere attraverso una rapida propagazione, gli organismi multicellulari hanno evoluto meccanismi di morte indotta per rimuovere cellule infette, danneggiate, e non volute affinch\u00e9 l&#8217;intero organismo possa sopravvivere meglio. Questa morte cellulare programmata segue uno specifico pattern che si esprime mediante contrazione della cellula, marginazione della cromatina, e frammentazione del nucleo inseriti all&#8217;interno del processo cellulare chiamato apoptosi. Negli ultimi due decenni abbiamo assistito ad un significativo progresso scientifico in questo campo, non solo perch\u00e9 l&#8217;apoptosi \u00e8 un meccanismo evoluzionalmente conservato che governa la forma del corpo, l&#8217;omeostasi, la difesa contro l&#8217;invasione da parte di patogeni e stress genotossico ma anche perch\u00e9 la deregolazione dell&#8217;apoptosi permette il manifestarsi del cancro e delle patologie immunitarie.<\/p>\n<p>Nel complesso interscambio che permette ai differenti segnali di essere codificati all&#8217;interno dell&#8217;attivazione della morte cellulare, il calcio (Ca2+) gioca un ruolo significativo. In tutte le cellule eucariotiche, la concentrazione citosolica degli ioni Ca2+ \u00e8 fortemente controllata da trasportatori, pompe, canali e proteine di legame. I cambiamenti di concentrazione di Ca2+ [Ca2+] finemente controllati modulano una variet\u00e0 di funzioni intracellulari che spaziano dalla contrazione muscolare alla proliferazione.<\/p>\n<p>Sebbene il ruolo del Ca2+ come controllore di una variet\u00e0 di funzioni fisiologiche fosse gradualmente emerso gi\u00e0 dalla fine del diciannovesimo secolo, la teoria generale del Ca2+ come secondo messaggero universale \u00e8 stata proposta solo a met\u00e0 del secolo scorso per opera di Lewis Victor Heilbrunn. Dall&#8217;analisi di dati sperimentali, Heilbrunn nel 1956 concludeva che &#8220;la reazione di questo Ca2+ con il protoplasma all&#8217;interno della cellula \u00e8 la pi\u00f9 basilare di tutte le reazioni protoplasmiche&#8221;. Questa teoria, nonostante fosse stata completamente ignorata al tempo della sua pubblicazione, ha resistito in maniera brillante al test del tempo e agli sforzi sperimentali: oggi il segnale Ca2+ \u00e8 generalmente considerato come il sistema maggiormente ubiquitario e pluripotente, coinvolto nella regolazione di quasi tutti i processi cellulari conosciuti.<\/p>\n<p>Come conseguenza di questa complessit\u00e0 di segnale, lo ione Ca2+ solitamente produce effetti opposti anche all&#8217;interno della stessa cellula. Non sorprende quindi che la versatilit\u00e0 del segnale Ca2+ giochi un ruolo importante non solo in condizioni normali ma anche in reazioni patologiche cellulari. Privando la cellula della presenza di ioni Ca2+, la conseguenza \u00e8 una morte rapida ed inevitabile. Allo stesso tempo un&#8217;eccessiva quantit\u00e0 di Ca2+ \u00e8 assolutamente tossica, e la morte cellulare per eccessiva quantit\u00e0 di Ca2+ rappresenta probabilmente il pi\u00f9 frequente tra questo tipo di meccanismi.<\/p>\n<p>E&#8217; un appuntamento del ciclo nazionale di 200 incontri &#8220;La scienza a Scuola&#8221; realizzati da Zanichelli in collaborazione con la rivista &#8220;Le Scienze&#8221;. Un tour didattico da ottobre a gennaio in cui 50 tra ricercatori, docenti, divulgatori e personalit\u00e0 del mondo scientifico incontreranno studenti e insegnanti degli istituti superiori e licei d&#8217;Italia per spiegare le ultime novit\u00e0 della Scienza, con particolare attenzione agli obiettivi dell&#8217;Agenda 2030 dell&#8217;ONU per lo Sviluppo Sostenibile.<\/p>\n<p>Gli incontri sono riservati agli studenti e ai docenti delle singole scuole.<\/p>\n<p>L&#8217;Agenda 2030 \u00e8 un programma d&#8217;azione per le persone, il pianeta e la prosperit\u00e0 sottoscritto nel settembre 2015 dai governi dei 193 Paesi membri dell&#8217;ONU. Essa ingloba 17 Obiettivi per lo Sviluppo Sostenibile &#8211; Sustainable Development Goals, SDGs &#8211; in un grande programma d&#8217;azione per un totale di 169 &#8216;target&#8217; o traguardi. L&#8217;avvio ufficiale degli Obiettivi per lo Sviluppo Sostenibile ha coinciso con l&#8217;inizio del 2016, guidando il mondo sulla strada da percorrere nell&#8217;arco dei prossimi 15 anni: i Paesi, infatti, si sono impegnati a raggiungerli entro il 2030. https:\/\/www.unric.org\/it\/agenda-2030<\/p>\n<p>Da oltre 150 anni impegnata nella didattica scolastica e nella divulgazione scientifica, la casa editrice Zanichelli con questa iniziativa intende offrire agli studenti l&#8217;occasione di acquisire conoscenze su argomenti affascinanti e di stretta attualit\u00e0 scientifica direttamente dagli &#8220;addetti ai lavori&#8221;.<\/p>\n<p><strong>Il relatore<\/strong><br \/>\nPaolo Pinton, Professore ordinario di Patologia Generale e coordinatore del corso di dottorato in Scienze Biomediche e Biotecnologiche dell&#8217;Universit\u00e0 di Ferrara. Dirige il laboratorio di Trasduzione del segnale dove operano pi\u00f9 di 30 ricercatori. Presidente dell&#8217;associazione italiana di Biologia cellulare e del differenziamento. Membro dell&#8217;accademia delle scienze di Bologna e dell&#8217;Accademia Europea.<br \/>\nAutore di oltre 280 pubblicazioni su riviste internazionali tra cui articoli sulle pi\u00f9 prestigiosi riviste mondiali quali Science e Nature. La sua attivit\u00e0 di ricerca \u00e8 rivolta a capire come le cellule codificano ed integrano i segnali di vita e di morte in condizioni fisiopatologiche con particolare interesse all&#8217;oncologia. L&#8217;importanza del suo lavoro \u00e8 documentata dal fatto di aver ricevuto oltre 30.000 citazioni e da numerosi riconoscimenti e premi scientifici tra cui il premio internazionale per la biologia cellulare Ferrari Soave promosso dall&#8217;accademia delle scienze di Torino in collaborazione con l&#8217;accademia dei licei. Titolare di 3 brevetti e finanziato sia dal Ministero dell&#8217;istruzione e della Ricerca che da enti quali AIRC e Telethon. E&#8217; uno dei fondatori dell&#8217;associazione A-ROSE per studi traslazioni in ambito oncologico.<\/p>\n<p>22 novembre<\/p>\n<p>PAOLO PINTON<br \/>\nPatologo Generale, Universit\u00e0 di Ferrara<br \/>\nQuando le cellule decidono di morire<br \/>\n\u2022 Liceo Statale Giorgio Dal Piaz<br \/>\nvia Colombo 18, Feltre (BL)<\/p>\n","protected":false},"excerpt":{"rendered":"<p>Venerd\u00ec 22 novembre: Paolo Pinton, Professore di Patologia Generale della Scuola di Medicina dell&#8217;Universit\u00e0 di Ferrara, parla agli studenti del Liceo Giorgio Dal Piaz di Feltre (BL) degli studi legati alla cellula e alle applicazioni nella medicina. E&#8217; un appuntamento del ciclo nazionale La Scienza a Scuola 2019 di Zanichelli. La quinta edizione dell&#8217;iniziativa porta [&hellip;]<\/p>\n","protected":false},"author":2,"featured_media":0,"comment_status":"closed","ping_status":"open","sticky":false,"template":"","format":"standard","meta":{"footnotes":""},"categories":[27,3,25,15],"tags":[],"class_list":["post-109823","post","type-post","status-publish","format-standard","category-appuntamenti","category-arte-cultura-spettacoli-scienza-archivi","category-pausa-caffe","category-scuola"],"yoast_head":"<!-- This site is optimized with the Yoast SEO plugin v28.4 - https:\/\/yoast.com\/product\/yoast-seo-wordpress\/ -->\n<title>Quando le cellule decidono di morire. Venerd\u00ec\u00a0 l&#039;incontro con il patologo Pinton al Liceo Dal Piaz di Feltre - Bellunopress - Dolomiti<\/title>\n<meta name=\"robots\" content=\"index, follow, max-snippet:-1, max-image-preview:large, max-video-preview:-1\" \/>\n<link rel=\"canonical\" href=\"https:\/\/www.bellunopress.it\/fr\/2019\/11\/21\/quando-le-cellule-decidono-di-morire-venerdi-lincontro-con-il-patologo-pinton-al-liceo-dal-piaz-di-feltre\/\" \/>\n<meta property=\"og:locale\" content=\"fr_FR\" \/>\n<meta property=\"og:type\" content=\"article\" \/>\n<meta property=\"og:title\" content=\"Quando le cellule decidono di morire. Venerd\u00ec\u00a0 l&#039;incontro con il patologo Pinton al Liceo Dal Piaz di Feltre - Bellunopress - Dolomiti\" \/>\n<meta property=\"og:description\" content=\"Venerd\u00ec 22 novembre: Paolo Pinton, Professore di Patologia Generale della Scuola di Medicina dell&#8217;Universit\u00e0 di Ferrara, parla agli studenti del Liceo Giorgio Dal Piaz di Feltre (BL) degli studi legati alla cellula e alle applicazioni nella medicina. E&#8217; un appuntamento del ciclo nazionale La Scienza a Scuola 2019 di Zanichelli. La quinta edizione dell&#8217;iniziativa porta [&hellip;]\" \/>\n<meta property=\"og:url\" content=\"https:\/\/www.bellunopress.it\/fr\/2019\/11\/21\/quando-le-cellule-decidono-di-morire-venerdi-lincontro-con-il-patologo-pinton-al-liceo-dal-piaz-di-feltre\/\" \/>\n<meta property=\"og:site_name\" content=\"Bellunopress - Dolomiti\" \/>\n<meta property=\"article:publisher\" content=\"https:\/\/www.facebook.com\/profile.php?id=100008943462799\" \/>\n<meta property=\"article:published_time\" content=\"2019-11-21T19:32:56+00:00\" \/>\n<meta property=\"og:image\" content=\"http:\/\/www.bellunopress.it\/wp-content\/uploads\/2019\/07\/Liceo-Giorgio-Dal-Piaz-Feltre.jpg\" \/>\n<meta name=\"author\" content=\"redazione\" \/>\n<meta name=\"twitter:card\" content=\"summary_large_image\" \/>\n<meta name=\"twitter:creator\" content=\"@bellunopress\" \/>\n<meta name=\"twitter:site\" content=\"@bellunopress\" \/>\n<meta name=\"twitter:label1\" content=\"Written by\" \/>\n\t<meta name=\"twitter:data1\" content=\"redazione\" \/>\n\t<meta name=\"twitter:label2\" content=\"Est. reading time\" \/>\n\t<meta name=\"twitter:data2\" content=\"5 minutes\" \/>\n<script type=\"application\/ld+json\" class=\"yoast-schema-graph\">{\"@context\":\"https:\\\/\\\/schema.org\",\"@graph\":[{\"@type\":\"Article\",\"@id\":\"https:\\\/\\\/www.bellunopress.it\\\/2019\\\/11\\\/21\\\/quando-le-cellule-decidono-di-morire-venerdi-lincontro-con-il-patologo-pinton-al-liceo-dal-piaz-di-feltre\\\/#article\",\"isPartOf\":{\"@id\":\"https:\\\/\\\/www.bellunopress.it\\\/2019\\\/11\\\/21\\\/quando-le-cellule-decidono-di-morire-venerdi-lincontro-con-il-patologo-pinton-al-liceo-dal-piaz-di-feltre\\\/\"},\"author\":{\"name\":\"redazione\",\"@id\":\"https:\\\/\\\/www.bellunopress.it\\\/#\\\/schema\\\/person\\\/79bb06722b37ece1c03d3e94beb30d73\"},\"headline\":\"Quando le cellule decidono di morire. Venerd\u00ec\u00a0 l&#8217;incontro con il patologo Pinton al Liceo Dal Piaz di Feltre\",\"datePublished\":\"2019-11-21T19:32:56+00:00\",\"mainEntityOfPage\":{\"@id\":\"https:\\\/\\\/www.bellunopress.it\\\/2019\\\/11\\\/21\\\/quando-le-cellule-decidono-di-morire-venerdi-lincontro-con-il-patologo-pinton-al-liceo-dal-piaz-di-feltre\\\/\"},\"wordCount\":1119,\"publisher\":{\"@id\":\"https:\\\/\\\/www.bellunopress.it\\\/#organization\"},\"image\":{\"@id\":\"https:\\\/\\\/www.bellunopress.it\\\/2019\\\/11\\\/21\\\/quando-le-cellule-decidono-di-morire-venerdi-lincontro-con-il-patologo-pinton-al-liceo-dal-piaz-di-feltre\\\/#primaryimage\"},\"thumbnailUrl\":\"http:\\\/\\\/www.bellunopress.it\\\/wp-content\\\/uploads\\\/2019\\\/07\\\/Liceo-Giorgio-Dal-Piaz-Feltre.jpg\",\"articleSection\":[\"Appuntamenti, Eventi\",\"Arte, Cultura, Spettacoli, Scienza\",\"Pausa Caff\u00e8\",\"Scuola\"],\"inLanguage\":\"fr-FR\"},{\"@type\":\"WebPage\",\"@id\":\"https:\\\/\\\/www.bellunopress.it\\\/2019\\\/11\\\/21\\\/quando-le-cellule-decidono-di-morire-venerdi-lincontro-con-il-patologo-pinton-al-liceo-dal-piaz-di-feltre\\\/\",\"url\":\"https:\\\/\\\/www.bellunopress.it\\\/2019\\\/11\\\/21\\\/quando-le-cellule-decidono-di-morire-venerdi-lincontro-con-il-patologo-pinton-al-liceo-dal-piaz-di-feltre\\\/\",\"name\":\"Quando le cellule decidono di morire. Venerd\u00ec\u00a0 l'incontro con il patologo Pinton al Liceo Dal Piaz di Feltre - Bellunopress - Dolomiti\",\"isPartOf\":{\"@id\":\"https:\\\/\\\/www.bellunopress.it\\\/#website\"},\"primaryImageOfPage\":{\"@id\":\"https:\\\/\\\/www.bellunopress.it\\\/2019\\\/11\\\/21\\\/quando-le-cellule-decidono-di-morire-venerdi-lincontro-con-il-patologo-pinton-al-liceo-dal-piaz-di-feltre\\\/#primaryimage\"},\"image\":{\"@id\":\"https:\\\/\\\/www.bellunopress.it\\\/2019\\\/11\\\/21\\\/quando-le-cellule-decidono-di-morire-venerdi-lincontro-con-il-patologo-pinton-al-liceo-dal-piaz-di-feltre\\\/#primaryimage\"},\"thumbnailUrl\":\"http:\\\/\\\/www.bellunopress.it\\\/wp-content\\\/uploads\\\/2019\\\/07\\\/Liceo-Giorgio-Dal-Piaz-Feltre.jpg\",\"datePublished\":\"2019-11-21T19:32:56+00:00\",\"breadcrumb\":{\"@id\":\"https:\\\/\\\/www.bellunopress.it\\\/2019\\\/11\\\/21\\\/quando-le-cellule-decidono-di-morire-venerdi-lincontro-con-il-patologo-pinton-al-liceo-dal-piaz-di-feltre\\\/#breadcrumb\"},\"inLanguage\":\"fr-FR\",\"potentialAction\":[{\"@type\":\"ReadAction\",\"target\":[\"https:\\\/\\\/www.bellunopress.it\\\/2019\\\/11\\\/21\\\/quando-le-cellule-decidono-di-morire-venerdi-lincontro-con-il-patologo-pinton-al-liceo-dal-piaz-di-feltre\\\/\"]}]},{\"@type\":\"ImageObject\",\"inLanguage\":\"fr-FR\",\"@id\":\"https:\\\/\\\/www.bellunopress.it\\\/2019\\\/11\\\/21\\\/quando-le-cellule-decidono-di-morire-venerdi-lincontro-con-il-patologo-pinton-al-liceo-dal-piaz-di-feltre\\\/#primaryimage\",\"url\":\"http:\\\/\\\/www.bellunopress.it\\\/wp-content\\\/uploads\\\/2019\\\/07\\\/Liceo-Giorgio-Dal-Piaz-Feltre.jpg\",\"contentUrl\":\"http:\\\/\\\/www.bellunopress.it\\\/wp-content\\\/uploads\\\/2019\\\/07\\\/Liceo-Giorgio-Dal-Piaz-Feltre.jpg\"},{\"@type\":\"BreadcrumbList\",\"@id\":\"https:\\\/\\\/www.bellunopress.it\\\/2019\\\/11\\\/21\\\/quando-le-cellule-decidono-di-morire-venerdi-lincontro-con-il-patologo-pinton-al-liceo-dal-piaz-di-feltre\\\/#breadcrumb\",\"itemListElement\":[{\"@type\":\"ListItem\",\"position\":1,\"name\":\"Home\",\"item\":\"https:\\\/\\\/www.bellunopress.it\\\/\"},{\"@type\":\"ListItem\",\"position\":2,\"name\":\"Quando le cellule decidono di morire. Venerd\u00ec\u00a0 l&#8217;incontro con il patologo Pinton al Liceo Dal Piaz di Feltre\"}]},{\"@type\":\"WebSite\",\"@id\":\"https:\\\/\\\/www.bellunopress.it\\\/#website\",\"url\":\"https:\\\/\\\/www.bellunopress.it\\\/\",\"name\":\"Bellunopress - Dolomiti\",\"description\":\"e-mail: redazione@bellunopress.it\",\"publisher\":{\"@id\":\"https:\\\/\\\/www.bellunopress.it\\\/#organization\"},\"potentialAction\":[{\"@type\":\"SearchAction\",\"target\":{\"@type\":\"EntryPoint\",\"urlTemplate\":\"https:\\\/\\\/www.bellunopress.it\\\/?s={search_term_string}\"},\"query-input\":{\"@type\":\"PropertyValueSpecification\",\"valueRequired\":true,\"valueName\":\"search_term_string\"}}],\"inLanguage\":\"fr-FR\"},{\"@type\":\"Organization\",\"@id\":\"https:\\\/\\\/www.bellunopress.it\\\/#organization\",\"name\":\"Bellunopress\",\"url\":\"https:\\\/\\\/www.bellunopress.it\\\/\",\"logo\":{\"@type\":\"ImageObject\",\"inLanguage\":\"fr-FR\",\"@id\":\"https:\\\/\\\/www.bellunopress.it\\\/#\\\/schema\\\/logo\\\/image\\\/\",\"url\":\"https:\\\/\\\/www.bellunopress.it\\\/wp-content\\\/uploads\\\/2011\\\/05\\\/cropped-logo-bellunopress-.jpg\",\"contentUrl\":\"https:\\\/\\\/www.bellunopress.it\\\/wp-content\\\/uploads\\\/2011\\\/05\\\/cropped-logo-bellunopress-.jpg\",\"width\":512,\"height\":512,\"caption\":\"Bellunopress\"},\"image\":{\"@id\":\"https:\\\/\\\/www.bellunopress.it\\\/#\\\/schema\\\/logo\\\/image\\\/\"},\"sameAs\":[\"https:\\\/\\\/www.facebook.com\\\/profile.php?id=100008943462799\",\"https:\\\/\\\/x.com\\\/bellunopress\",\"https:\\\/\\\/www.linkedin.com\\\/hp\\\/?dnr=JBzUWaJfMUw8vbXJJ2tVW5-I3jZKvC4wsoxE&amp;amp;amp;amp;amp;amp;trk=nav_responsive_tab_home\",\"https:\\\/\\\/www.youtube.com\\\/channel\\\/UCxL0wu1uN0_3_7hGG0306cw\"]},{\"@type\":\"Person\",\"@id\":\"https:\\\/\\\/www.bellunopress.it\\\/#\\\/schema\\\/person\\\/79bb06722b37ece1c03d3e94beb30d73\",\"name\":\"redazione\",\"image\":{\"@type\":\"ImageObject\",\"inLanguage\":\"fr-FR\",\"@id\":\"https:\\\/\\\/secure.gravatar.com\\\/avatar\\\/37d968a2e67a6fd04c169c4bdef102d0bc5d31b2546345219e348575eb80e9a0?s=96&d=mm&r=g\",\"url\":\"https:\\\/\\\/secure.gravatar.com\\\/avatar\\\/37d968a2e67a6fd04c169c4bdef102d0bc5d31b2546345219e348575eb80e9a0?s=96&d=mm&r=g\",\"contentUrl\":\"https:\\\/\\\/secure.gravatar.com\\\/avatar\\\/37d968a2e67a6fd04c169c4bdef102d0bc5d31b2546345219e348575eb80e9a0?s=96&d=mm&r=g\",\"caption\":\"redazione\"},\"sameAs\":[\"http:\\\/\\\/www.bellunopress.it\",\"https:\\\/\\\/x.com\\\/bellunopress\"],\"url\":\"https:\\\/\\\/www.bellunopress.it\\\/fr\\\/author\\\/redazione\\\/\"}]}<\/script>\n<!-- \/ Yoast SEO plugin. -->","yoast_head_json":{"title":"Quando le cellule decidono di morire. Venerd\u00ec\u00a0 l'incontro con il patologo Pinton al Liceo Dal Piaz di Feltre - Bellunopress - Dolomiti","robots":{"index":"index","follow":"follow","max-snippet":"max-snippet:-1","max-image-preview":"max-image-preview:large","max-video-preview":"max-video-preview:-1"},"canonical":"https:\/\/www.bellunopress.it\/fr\/2019\/11\/21\/quando-le-cellule-decidono-di-morire-venerdi-lincontro-con-il-patologo-pinton-al-liceo-dal-piaz-di-feltre\/","og_locale":"fr_FR","og_type":"article","og_title":"Quando le cellule decidono di morire. Venerd\u00ec\u00a0 l'incontro con il patologo Pinton al Liceo Dal Piaz di Feltre - Bellunopress - Dolomiti","og_description":"Venerd\u00ec 22 novembre: Paolo Pinton, Professore di Patologia Generale della Scuola di Medicina dell&#8217;Universit\u00e0 di Ferrara, parla agli studenti del Liceo Giorgio Dal Piaz di Feltre (BL) degli studi legati alla cellula e alle applicazioni nella medicina. E&#8217; un appuntamento del ciclo nazionale La Scienza a Scuola 2019 di Zanichelli. La quinta edizione dell&#8217;iniziativa porta [&hellip;]","og_url":"https:\/\/www.bellunopress.it\/fr\/2019\/11\/21\/quando-le-cellule-decidono-di-morire-venerdi-lincontro-con-il-patologo-pinton-al-liceo-dal-piaz-di-feltre\/","og_site_name":"Bellunopress - Dolomiti","article_publisher":"https:\/\/www.facebook.com\/profile.php?id=100008943462799","article_published_time":"2019-11-21T19:32:56+00:00","og_image":[{"url":"http:\/\/www.bellunopress.it\/wp-content\/uploads\/2019\/07\/Liceo-Giorgio-Dal-Piaz-Feltre.jpg","type":"","width":"","height":""}],"author":"redazione","twitter_card":"summary_large_image","twitter_creator":"@bellunopress","twitter_site":"@bellunopress","twitter_misc":{"Written by":"redazione","Est. reading time":"5 minutes"},"schema":{"@context":"https:\/\/schema.org","@graph":[{"@type":"Article","@id":"https:\/\/www.bellunopress.it\/2019\/11\/21\/quando-le-cellule-decidono-di-morire-venerdi-lincontro-con-il-patologo-pinton-al-liceo-dal-piaz-di-feltre\/#article","isPartOf":{"@id":"https:\/\/www.bellunopress.it\/2019\/11\/21\/quando-le-cellule-decidono-di-morire-venerdi-lincontro-con-il-patologo-pinton-al-liceo-dal-piaz-di-feltre\/"},"author":{"name":"redazione","@id":"https:\/\/www.bellunopress.it\/#\/schema\/person\/79bb06722b37ece1c03d3e94beb30d73"},"headline":"Quando le cellule decidono di morire. Venerd\u00ec\u00a0 l&#8217;incontro con il patologo Pinton al Liceo Dal Piaz di Feltre","datePublished":"2019-11-21T19:32:56+00:00","mainEntityOfPage":{"@id":"https:\/\/www.bellunopress.it\/2019\/11\/21\/quando-le-cellule-decidono-di-morire-venerdi-lincontro-con-il-patologo-pinton-al-liceo-dal-piaz-di-feltre\/"},"wordCount":1119,"publisher":{"@id":"https:\/\/www.bellunopress.it\/#organization"},"image":{"@id":"https:\/\/www.bellunopress.it\/2019\/11\/21\/quando-le-cellule-decidono-di-morire-venerdi-lincontro-con-il-patologo-pinton-al-liceo-dal-piaz-di-feltre\/#primaryimage"},"thumbnailUrl":"http:\/\/www.bellunopress.it\/wp-content\/uploads\/2019\/07\/Liceo-Giorgio-Dal-Piaz-Feltre.jpg","articleSection":["Appuntamenti, Eventi","Arte, Cultura, Spettacoli, Scienza","Pausa Caff\u00e8","Scuola"],"inLanguage":"fr-FR"},{"@type":"WebPage","@id":"https:\/\/www.bellunopress.it\/2019\/11\/21\/quando-le-cellule-decidono-di-morire-venerdi-lincontro-con-il-patologo-pinton-al-liceo-dal-piaz-di-feltre\/","url":"https:\/\/www.bellunopress.it\/2019\/11\/21\/quando-le-cellule-decidono-di-morire-venerdi-lincontro-con-il-patologo-pinton-al-liceo-dal-piaz-di-feltre\/","name":"Quando le cellule decidono di morire. Venerd\u00ec\u00a0 l'incontro con il patologo Pinton al Liceo Dal Piaz di Feltre - Bellunopress - Dolomiti","isPartOf":{"@id":"https:\/\/www.bellunopress.it\/#website"},"primaryImageOfPage":{"@id":"https:\/\/www.bellunopress.it\/2019\/11\/21\/quando-le-cellule-decidono-di-morire-venerdi-lincontro-con-il-patologo-pinton-al-liceo-dal-piaz-di-feltre\/#primaryimage"},"image":{"@id":"https:\/\/www.bellunopress.it\/2019\/11\/21\/quando-le-cellule-decidono-di-morire-venerdi-lincontro-con-il-patologo-pinton-al-liceo-dal-piaz-di-feltre\/#primaryimage"},"thumbnailUrl":"http:\/\/www.bellunopress.it\/wp-content\/uploads\/2019\/07\/Liceo-Giorgio-Dal-Piaz-Feltre.jpg","datePublished":"2019-11-21T19:32:56+00:00","breadcrumb":{"@id":"https:\/\/www.bellunopress.it\/2019\/11\/21\/quando-le-cellule-decidono-di-morire-venerdi-lincontro-con-il-patologo-pinton-al-liceo-dal-piaz-di-feltre\/#breadcrumb"},"inLanguage":"fr-FR","potentialAction":[{"@type":"ReadAction","target":["https:\/\/www.bellunopress.it\/2019\/11\/21\/quando-le-cellule-decidono-di-morire-venerdi-lincontro-con-il-patologo-pinton-al-liceo-dal-piaz-di-feltre\/"]}]},{"@type":"ImageObject","inLanguage":"fr-FR","@id":"https:\/\/www.bellunopress.it\/2019\/11\/21\/quando-le-cellule-decidono-di-morire-venerdi-lincontro-con-il-patologo-pinton-al-liceo-dal-piaz-di-feltre\/#primaryimage","url":"http:\/\/www.bellunopress.it\/wp-content\/uploads\/2019\/07\/Liceo-Giorgio-Dal-Piaz-Feltre.jpg","contentUrl":"http:\/\/www.bellunopress.it\/wp-content\/uploads\/2019\/07\/Liceo-Giorgio-Dal-Piaz-Feltre.jpg"},{"@type":"BreadcrumbList","@id":"https:\/\/www.bellunopress.it\/2019\/11\/21\/quando-le-cellule-decidono-di-morire-venerdi-lincontro-con-il-patologo-pinton-al-liceo-dal-piaz-di-feltre\/#breadcrumb","itemListElement":[{"@type":"ListItem","position":1,"name":"Home","item":"https:\/\/www.bellunopress.it\/"},{"@type":"ListItem","position":2,"name":"Quando le cellule decidono di morire. Venerd\u00ec\u00a0 l&#8217;incontro con il patologo Pinton al Liceo Dal Piaz di Feltre"}]},{"@type":"WebSite","@id":"https:\/\/www.bellunopress.it\/#website","url":"https:\/\/www.bellunopress.it\/","name":"Bellunopress - Dolomiti","description":"e-mail: redazione@bellunopress.it","publisher":{"@id":"https:\/\/www.bellunopress.it\/#organization"},"potentialAction":[{"@type":"SearchAction","target":{"@type":"EntryPoint","urlTemplate":"https:\/\/www.bellunopress.it\/?s={search_term_string}"},"query-input":{"@type":"PropertyValueSpecification","valueRequired":true,"valueName":"search_term_string"}}],"inLanguage":"fr-FR"},{"@type":"Organization","@id":"https:\/\/www.bellunopress.it\/#organization","name":"Bellunopress","url":"https:\/\/www.bellunopress.it\/","logo":{"@type":"ImageObject","inLanguage":"fr-FR","@id":"https:\/\/www.bellunopress.it\/#\/schema\/logo\/image\/","url":"https:\/\/www.bellunopress.it\/wp-content\/uploads\/2011\/05\/cropped-logo-bellunopress-.jpg","contentUrl":"https:\/\/www.bellunopress.it\/wp-content\/uploads\/2011\/05\/cropped-logo-bellunopress-.jpg","width":512,"height":512,"caption":"Bellunopress"},"image":{"@id":"https:\/\/www.bellunopress.it\/#\/schema\/logo\/image\/"},"sameAs":["https:\/\/www.facebook.com\/profile.php?id=100008943462799","https:\/\/x.com\/bellunopress","https:\/\/www.linkedin.com\/hp\/?dnr=JBzUWaJfMUw8vbXJJ2tVW5-I3jZKvC4wsoxE&amp;amp;amp;amp;amp;amp;trk=nav_responsive_tab_home","https:\/\/www.youtube.com\/channel\/UCxL0wu1uN0_3_7hGG0306cw"]},{"@type":"Person","@id":"https:\/\/www.bellunopress.it\/#\/schema\/person\/79bb06722b37ece1c03d3e94beb30d73","name":"r\u00e9daction","image":{"@type":"ImageObject","inLanguage":"fr-FR","@id":"https:\/\/secure.gravatar.com\/avatar\/37d968a2e67a6fd04c169c4bdef102d0bc5d31b2546345219e348575eb80e9a0?s=96&d=mm&r=g","url":"https:\/\/secure.gravatar.com\/avatar\/37d968a2e67a6fd04c169c4bdef102d0bc5d31b2546345219e348575eb80e9a0?s=96&d=mm&r=g","contentUrl":"https:\/\/secure.gravatar.com\/avatar\/37d968a2e67a6fd04c169c4bdef102d0bc5d31b2546345219e348575eb80e9a0?s=96&d=mm&r=g","caption":"redazione"},"sameAs":["http:\/\/www.bellunopress.it","https:\/\/x.com\/bellunopress"],"url":"https:\/\/www.bellunopress.it\/fr\/author\/redazione\/"}]}},"_links":{"self":[{"href":"https:\/\/www.bellunopress.it\/fr\/wp-json\/wp\/v2\/posts\/109823","targetHints":{"allow":["GET"]}}],"collection":[{"href":"https:\/\/www.bellunopress.it\/fr\/wp-json\/wp\/v2\/posts"}],"about":[{"href":"https:\/\/www.bellunopress.it\/fr\/wp-json\/wp\/v2\/types\/post"}],"author":[{"embeddable":true,"href":"https:\/\/www.bellunopress.it\/fr\/wp-json\/wp\/v2\/users\/2"}],"replies":[{"embeddable":true,"href":"https:\/\/www.bellunopress.it\/fr\/wp-json\/wp\/v2\/comments?post=109823"}],"version-history":[{"count":1,"href":"https:\/\/www.bellunopress.it\/fr\/wp-json\/wp\/v2\/posts\/109823\/revisions"}],"predecessor-version":[{"id":109824,"href":"https:\/\/www.bellunopress.it\/fr\/wp-json\/wp\/v2\/posts\/109823\/revisions\/109824"}],"wp:attachment":[{"href":"https:\/\/www.bellunopress.it\/fr\/wp-json\/wp\/v2\/media?parent=109823"}],"wp:term":[{"taxonomy":"category","embeddable":true,"href":"https:\/\/www.bellunopress.it\/fr\/wp-json\/wp\/v2\/categories?post=109823"},{"taxonomy":"post_tag","embeddable":true,"href":"https:\/\/www.bellunopress.it\/fr\/wp-json\/wp\/v2\/tags?post=109823"}],"curies":[{"name":"wp","href":"https:\/\/api.w.org\/{rel}","templated":true}]}}