{"id":109821,"date":"2019-11-21T20:18:17","date_gmt":"2019-11-21T19:18:17","guid":{"rendered":"http:\/\/www.bellunopress.it\/?p=109821"},"modified":"2019-11-21T20:18:17","modified_gmt":"2019-11-21T19:18:17","slug":"bard-giovedi-12-dicembre-lincontro-con-il-ministro-boccia","status":"publish","type":"post","link":"https:\/\/www.bellunopress.it\/fr\/2019\/11\/21\/bard-giovedi-12-dicembre-lincontro-con-il-ministro-boccia\/","title":{"rendered":"Bard. Gioved\u00ec 12 dicembre l&#8217;incontro con il ministro Boccia"},"content":{"rendered":"<figure id=\"attachment_106322\" aria-describedby=\"caption-attachment-106322\" style=\"width: 237px\" class=\"wp-caption alignleft\"><a href=\"http:\/\/www.bellunopress.it\/fr\/2019\/07\/17\/andrea-bona-e-il-nuovo-presidente-del-bard-alla-vicepresidenza-roberto-brustolon\/andrea-bona-2\/\" rel=\"attachment wp-att-106322\"><img loading=\"lazy\" decoding=\"async\" class=\"size-full wp-image-106322\" src=\"http:\/\/www.bellunopress.it\/wp-content\/uploads\/2019\/07\/Andrea-Bona.jpg\" alt=\"\" width=\"237\" height=\"300\" \/><\/a><figcaption id=\"caption-attachment-106322\" class=\"wp-caption-text\">Andrea Bona<\/figcaption><\/figure>\n<p>Si terr\u00e0 gioved\u00ec 12 dicembre a Roma l&#8217;incontro tra il ministro per gli Affari regionali e le Autonomie, Francesco Boccia, e una delegazione del movimento Belluno Autonoma Regione Dolomiti: la data \u00e8 stata comunicata questa mattina al movimento direttamente dalla segreteria del Ministro.<\/p>\n<p>\u00abRingraziamo il ministro Boccia per questo nuovo appuntamento \u2013 commenta il presidente Bard, Andrea Bona \u2013 e saremo felici di potergli ribadire di persona quanto gli abbiamo gi\u00e0 anticipato nella lettera di richiesta di incontro\u00bb.<br \/>\nI tasti sui quali si insister\u00e0 saranno autonomia, elettivit\u00e0 e risorse: \u00abAnche i rappresentanti del suo stesso partito, e sostenitori di quella sciagura per il nostro territorio che \u00e8 la legge Delrio, hanno insistito sulla necessit\u00e0 per Belluno di tornare ad avere una provincia elettiva. Ma questo, alla luce dei danni provocati dai tagli e dall&#8217;azzeramento dell&#8217;ente provocato proprio dalla Delrio, non sar\u00e0 sufficiente: \u00e8 necessario riconoscere l&#8217;autonomia della Provincia di Belluno e garantire le risorse per gestire le competenze. &#8211; conclude Bona \u2013 Non mancheremo poi di insistere sulla necessit\u00e0 di tutelare le nostre minoranze linguistiche non solo a livello provinciale o regionale, ma anche nazionale; siamo un caso unico in Italia: una realt\u00e0 a statuto ordinario stretta tra due realt\u00e0 a statuto speciali, confinante con Stato estero, popolato da minoranze linguistiche formalmente riconosciute. \u00c8 doveroso, oltre che necessario, che il Governo prenda atto di questa situazione: l&#8217;autonomia come la intendiamo noi non \u00e8 una semplice elemosina di risorse a favore di chi viene giudicato secondo i canoni metropolitani &#8220;area depressa&#8221;, ma una vera e propria forma di governo adatta ai territori alpini\u00bb.<\/p>","protected":false},"excerpt":{"rendered":"<p>Si terr\u00e0 gioved\u00ec 12 dicembre a Roma l&#8217;incontro tra il ministro per gli Affari regionali e le Autonomie, Francesco Boccia, e una delegazione del movimento Belluno Autonoma Regione Dolomiti: la data \u00e8 stata comunicata questa mattina al movimento direttamente dalla segreteria del Ministro. \u00abRingraziamo il ministro Boccia per questo nuovo appuntamento \u2013 commenta il presidente [&hellip;]<\/p>\n","protected":false},"author":2,"featured_media":0,"comment_status":"closed","ping_status":"open","sticky":false,"template":"","format":"standard","meta":{"footnotes":""},"categories":[27,5,26],"tags":[],"class_list":["post-109821","post","type-post","status-publish","format-standard","category-appuntamenti","category-cronaca","category-prima-pagina"],"yoast_head":"<!-- This site is optimized with the Yoast SEO plugin v28.4 - https:\/\/yoast.com\/product\/yoast-seo-wordpress\/ -->\n<title>Bard. Gioved\u00ec 12 dicembre l&#039;incontro con il ministro Boccia - Bellunopress - Dolomiti<\/title>\n<meta name=\"robots\" content=\"index, follow, max-snippet:-1, max-image-preview:large, max-video-preview:-1\" \/>\n<link rel=\"canonical\" href=\"https:\/\/www.bellunopress.it\/fr\/2019\/11\/21\/bard-giovedi-12-dicembre-lincontro-con-il-ministro-boccia\/\" \/>\n<meta property=\"og:locale\" content=\"fr_FR\" \/>\n<meta property=\"og:type\" content=\"article\" \/>\n<meta property=\"og:title\" content=\"Bard. Gioved\u00ec 12 dicembre l&#039;incontro con il ministro Boccia - Bellunopress - Dolomiti\" \/>\n<meta property=\"og:description\" content=\"Si terr\u00e0 gioved\u00ec 12 dicembre a Roma l&#8217;incontro tra il ministro per gli Affari regionali e le Autonomie, Francesco Boccia, e una delegazione del movimento Belluno Autonoma Regione Dolomiti: la data \u00e8 stata comunicata questa mattina al movimento direttamente dalla segreteria del Ministro. \u00abRingraziamo il ministro Boccia per questo nuovo appuntamento \u2013 commenta il presidente [&hellip;]\" \/>\n<meta property=\"og:url\" content=\"https:\/\/www.bellunopress.it\/fr\/2019\/11\/21\/bard-giovedi-12-dicembre-lincontro-con-il-ministro-boccia\/\" \/>\n<meta property=\"og:site_name\" content=\"Bellunopress - Dolomiti\" \/>\n<meta property=\"article:publisher\" content=\"https:\/\/www.facebook.com\/profile.php?id=100008943462799\" \/>\n<meta property=\"article:published_time\" content=\"2019-11-21T19:18:17+00:00\" \/>\n<meta property=\"og:image\" content=\"http:\/\/www.bellunopress.it\/wp-content\/uploads\/2019\/07\/Andrea-Bona.jpg\" \/>\n<meta name=\"author\" content=\"redazione\" \/>\n<meta name=\"twitter:card\" content=\"summary_large_image\" \/>\n<meta name=\"twitter:creator\" content=\"@bellunopress\" \/>\n<meta name=\"twitter:site\" content=\"@bellunopress\" \/>\n<meta name=\"twitter:label1\" content=\"Written by\" \/>\n\t<meta name=\"twitter:data1\" content=\"redazione\" \/>\n\t<meta name=\"twitter:label2\" content=\"Est. reading time\" \/>\n\t<meta name=\"twitter:data2\" content=\"1 minute\" \/>\n<script type=\"application\/ld+json\" class=\"yoast-schema-graph\">{\"@context\":\"https:\\\/\\\/schema.org\",\"@graph\":[{\"@type\":\"Article\",\"@id\":\"https:\\\/\\\/www.bellunopress.it\\\/2019\\\/11\\\/21\\\/bard-giovedi-12-dicembre-lincontro-con-il-ministro-boccia\\\/#article\",\"isPartOf\":{\"@id\":\"https:\\\/\\\/www.bellunopress.it\\\/2019\\\/11\\\/21\\\/bard-giovedi-12-dicembre-lincontro-con-il-ministro-boccia\\\/\"},\"author\":{\"name\":\"redazione\",\"@id\":\"https:\\\/\\\/www.bellunopress.it\\\/#\\\/schema\\\/person\\\/79bb06722b37ece1c03d3e94beb30d73\"},\"headline\":\"Bard. Gioved\u00ec 12 dicembre l&#8217;incontro con il ministro Boccia\",\"datePublished\":\"2019-11-21T19:18:17+00:00\",\"mainEntityOfPage\":{\"@id\":\"https:\\\/\\\/www.bellunopress.it\\\/2019\\\/11\\\/21\\\/bard-giovedi-12-dicembre-lincontro-con-il-ministro-boccia\\\/\"},\"wordCount\":276,\"publisher\":{\"@id\":\"https:\\\/\\\/www.bellunopress.it\\\/#organization\"},\"image\":{\"@id\":\"https:\\\/\\\/www.bellunopress.it\\\/2019\\\/11\\\/21\\\/bard-giovedi-12-dicembre-lincontro-con-il-ministro-boccia\\\/#primaryimage\"},\"thumbnailUrl\":\"http:\\\/\\\/www.bellunopress.it\\\/wp-content\\\/uploads\\\/2019\\\/07\\\/Andrea-Bona.jpg\",\"articleSection\":[\"Appuntamenti, Eventi\",\"Cronaca\\\/Politica\",\"Prima Pagina\"],\"inLanguage\":\"fr-FR\"},{\"@type\":\"WebPage\",\"@id\":\"https:\\\/\\\/www.bellunopress.it\\\/2019\\\/11\\\/21\\\/bard-giovedi-12-dicembre-lincontro-con-il-ministro-boccia\\\/\",\"url\":\"https:\\\/\\\/www.bellunopress.it\\\/2019\\\/11\\\/21\\\/bard-giovedi-12-dicembre-lincontro-con-il-ministro-boccia\\\/\",\"name\":\"Bard. Gioved\u00ec 12 dicembre l'incontro con il ministro Boccia - Bellunopress - Dolomiti\",\"isPartOf\":{\"@id\":\"https:\\\/\\\/www.bellunopress.it\\\/#website\"},\"primaryImageOfPage\":{\"@id\":\"https:\\\/\\\/www.bellunopress.it\\\/2019\\\/11\\\/21\\\/bard-giovedi-12-dicembre-lincontro-con-il-ministro-boccia\\\/#primaryimage\"},\"image\":{\"@id\":\"https:\\\/\\\/www.bellunopress.it\\\/2019\\\/11\\\/21\\\/bard-giovedi-12-dicembre-lincontro-con-il-ministro-boccia\\\/#primaryimage\"},\"thumbnailUrl\":\"http:\\\/\\\/www.bellunopress.it\\\/wp-content\\\/uploads\\\/2019\\\/07\\\/Andrea-Bona.jpg\",\"datePublished\":\"2019-11-21T19:18:17+00:00\",\"breadcrumb\":{\"@id\":\"https:\\\/\\\/www.bellunopress.it\\\/2019\\\/11\\\/21\\\/bard-giovedi-12-dicembre-lincontro-con-il-ministro-boccia\\\/#breadcrumb\"},\"inLanguage\":\"fr-FR\",\"potentialAction\":[{\"@type\":\"ReadAction\",\"target\":[\"https:\\\/\\\/www.bellunopress.it\\\/2019\\\/11\\\/21\\\/bard-giovedi-12-dicembre-lincontro-con-il-ministro-boccia\\\/\"]}]},{\"@type\":\"ImageObject\",\"inLanguage\":\"fr-FR\",\"@id\":\"https:\\\/\\\/www.bellunopress.it\\\/2019\\\/11\\\/21\\\/bard-giovedi-12-dicembre-lincontro-con-il-ministro-boccia\\\/#primaryimage\",\"url\":\"http:\\\/\\\/www.bellunopress.it\\\/wp-content\\\/uploads\\\/2019\\\/07\\\/Andrea-Bona.jpg\",\"contentUrl\":\"http:\\\/\\\/www.bellunopress.it\\\/wp-content\\\/uploads\\\/2019\\\/07\\\/Andrea-Bona.jpg\"},{\"@type\":\"BreadcrumbList\",\"@id\":\"https:\\\/\\\/www.bellunopress.it\\\/2019\\\/11\\\/21\\\/bard-giovedi-12-dicembre-lincontro-con-il-ministro-boccia\\\/#breadcrumb\",\"itemListElement\":[{\"@type\":\"ListItem\",\"position\":1,\"name\":\"Home\",\"item\":\"https:\\\/\\\/www.bellunopress.it\\\/\"},{\"@type\":\"ListItem\",\"position\":2,\"name\":\"Bard. Gioved\u00ec 12 dicembre l&#8217;incontro con il ministro Boccia\"}]},{\"@type\":\"WebSite\",\"@id\":\"https:\\\/\\\/www.bellunopress.it\\\/#website\",\"url\":\"https:\\\/\\\/www.bellunopress.it\\\/\",\"name\":\"Bellunopress - Dolomiti\",\"description\":\"e-mail: redazione@bellunopress.it\",\"publisher\":{\"@id\":\"https:\\\/\\\/www.bellunopress.it\\\/#organization\"},\"potentialAction\":[{\"@type\":\"SearchAction\",\"target\":{\"@type\":\"EntryPoint\",\"urlTemplate\":\"https:\\\/\\\/www.bellunopress.it\\\/?s={search_term_string}\"},\"query-input\":{\"@type\":\"PropertyValueSpecification\",\"valueRequired\":true,\"valueName\":\"search_term_string\"}}],\"inLanguage\":\"fr-FR\"},{\"@type\":\"Organization\",\"@id\":\"https:\\\/\\\/www.bellunopress.it\\\/#organization\",\"name\":\"Bellunopress\",\"url\":\"https:\\\/\\\/www.bellunopress.it\\\/\",\"logo\":{\"@type\":\"ImageObject\",\"inLanguage\":\"fr-FR\",\"@id\":\"https:\\\/\\\/www.bellunopress.it\\\/#\\\/schema\\\/logo\\\/image\\\/\",\"url\":\"https:\\\/\\\/www.bellunopress.it\\\/wp-content\\\/uploads\\\/2011\\\/05\\\/cropped-logo-bellunopress-.jpg\",\"contentUrl\":\"https:\\\/\\\/www.bellunopress.it\\\/wp-content\\\/uploads\\\/2011\\\/05\\\/cropped-logo-bellunopress-.jpg\",\"width\":512,\"height\":512,\"caption\":\"Bellunopress\"},\"image\":{\"@id\":\"https:\\\/\\\/www.bellunopress.it\\\/#\\\/schema\\\/logo\\\/image\\\/\"},\"sameAs\":[\"https:\\\/\\\/www.facebook.com\\\/profile.php?id=100008943462799\",\"https:\\\/\\\/x.com\\\/bellunopress\",\"https:\\\/\\\/www.linkedin.com\\\/hp\\\/?dnr=JBzUWaJfMUw8vbXJJ2tVW5-I3jZKvC4wsoxE&amp;amp;amp;amp;amp;amp;trk=nav_responsive_tab_home\",\"https:\\\/\\\/www.youtube.com\\\/channel\\\/UCxL0wu1uN0_3_7hGG0306cw\"]},{\"@type\":\"Person\",\"@id\":\"https:\\\/\\\/www.bellunopress.it\\\/#\\\/schema\\\/person\\\/79bb06722b37ece1c03d3e94beb30d73\",\"name\":\"redazione\",\"image\":{\"@type\":\"ImageObject\",\"inLanguage\":\"fr-FR\",\"@id\":\"https:\\\/\\\/secure.gravatar.com\\\/avatar\\\/37d968a2e67a6fd04c169c4bdef102d0bc5d31b2546345219e348575eb80e9a0?s=96&d=mm&r=g\",\"url\":\"https:\\\/\\\/secure.gravatar.com\\\/avatar\\\/37d968a2e67a6fd04c169c4bdef102d0bc5d31b2546345219e348575eb80e9a0?s=96&d=mm&r=g\",\"contentUrl\":\"https:\\\/\\\/secure.gravatar.com\\\/avatar\\\/37d968a2e67a6fd04c169c4bdef102d0bc5d31b2546345219e348575eb80e9a0?s=96&d=mm&r=g\",\"caption\":\"redazione\"},\"sameAs\":[\"http:\\\/\\\/www.bellunopress.it\",\"https:\\\/\\\/x.com\\\/bellunopress\"],\"url\":\"https:\\\/\\\/www.bellunopress.it\\\/fr\\\/author\\\/redazione\\\/\"}]}<\/script>\n<!-- \/ Yoast SEO plugin. -->","yoast_head_json":{"title":"Bard. Gioved\u00ec 12 dicembre l'incontro con il ministro Boccia - Bellunopress - Dolomiti","robots":{"index":"index","follow":"follow","max-snippet":"max-snippet:-1","max-image-preview":"max-image-preview:large","max-video-preview":"max-video-preview:-1"},"canonical":"https:\/\/www.bellunopress.it\/fr\/2019\/11\/21\/bard-giovedi-12-dicembre-lincontro-con-il-ministro-boccia\/","og_locale":"fr_FR","og_type":"article","og_title":"Bard. Gioved\u00ec 12 dicembre l'incontro con il ministro Boccia - Bellunopress - Dolomiti","og_description":"Si terr\u00e0 gioved\u00ec 12 dicembre a Roma l&#8217;incontro tra il ministro per gli Affari regionali e le Autonomie, Francesco Boccia, e una delegazione del movimento Belluno Autonoma Regione Dolomiti: la data \u00e8 stata comunicata questa mattina al movimento direttamente dalla segreteria del Ministro. \u00abRingraziamo il ministro Boccia per questo nuovo appuntamento \u2013 commenta il presidente [&hellip;]","og_url":"https:\/\/www.bellunopress.it\/fr\/2019\/11\/21\/bard-giovedi-12-dicembre-lincontro-con-il-ministro-boccia\/","og_site_name":"Bellunopress - Dolomiti","article_publisher":"https:\/\/www.facebook.com\/profile.php?id=100008943462799","article_published_time":"2019-11-21T19:18:17+00:00","og_image":[{"url":"http:\/\/www.bellunopress.it\/wp-content\/uploads\/2019\/07\/Andrea-Bona.jpg","type":"","width":"","height":""}],"author":"redazione","twitter_card":"summary_large_image","twitter_creator":"@bellunopress","twitter_site":"@bellunopress","twitter_misc":{"Written by":"redazione","Est. reading time":"1 minute"},"schema":{"@context":"https:\/\/schema.org","@graph":[{"@type":"Article","@id":"https:\/\/www.bellunopress.it\/2019\/11\/21\/bard-giovedi-12-dicembre-lincontro-con-il-ministro-boccia\/#article","isPartOf":{"@id":"https:\/\/www.bellunopress.it\/2019\/11\/21\/bard-giovedi-12-dicembre-lincontro-con-il-ministro-boccia\/"},"author":{"name":"redazione","@id":"https:\/\/www.bellunopress.it\/#\/schema\/person\/79bb06722b37ece1c03d3e94beb30d73"},"headline":"Bard. Gioved\u00ec 12 dicembre l&#8217;incontro con il ministro Boccia","datePublished":"2019-11-21T19:18:17+00:00","mainEntityOfPage":{"@id":"https:\/\/www.bellunopress.it\/2019\/11\/21\/bard-giovedi-12-dicembre-lincontro-con-il-ministro-boccia\/"},"wordCount":276,"publisher":{"@id":"https:\/\/www.bellunopress.it\/#organization"},"image":{"@id":"https:\/\/www.bellunopress.it\/2019\/11\/21\/bard-giovedi-12-dicembre-lincontro-con-il-ministro-boccia\/#primaryimage"},"thumbnailUrl":"http:\/\/www.bellunopress.it\/wp-content\/uploads\/2019\/07\/Andrea-Bona.jpg","articleSection":["Appuntamenti, Eventi","Cronaca\/Politica","Prima Pagina"],"inLanguage":"fr-FR"},{"@type":"WebPage","@id":"https:\/\/www.bellunopress.it\/2019\/11\/21\/bard-giovedi-12-dicembre-lincontro-con-il-ministro-boccia\/","url":"https:\/\/www.bellunopress.it\/2019\/11\/21\/bard-giovedi-12-dicembre-lincontro-con-il-ministro-boccia\/","name":"Bard. Gioved\u00ec 12 dicembre l'incontro con il ministro Boccia - Bellunopress - Dolomiti","isPartOf":{"@id":"https:\/\/www.bellunopress.it\/#website"},"primaryImageOfPage":{"@id":"https:\/\/www.bellunopress.it\/2019\/11\/21\/bard-giovedi-12-dicembre-lincontro-con-il-ministro-boccia\/#primaryimage"},"image":{"@id":"https:\/\/www.bellunopress.it\/2019\/11\/21\/bard-giovedi-12-dicembre-lincontro-con-il-ministro-boccia\/#primaryimage"},"thumbnailUrl":"http:\/\/www.bellunopress.it\/wp-content\/uploads\/2019\/07\/Andrea-Bona.jpg","datePublished":"2019-11-21T19:18:17+00:00","breadcrumb":{"@id":"https:\/\/www.bellunopress.it\/2019\/11\/21\/bard-giovedi-12-dicembre-lincontro-con-il-ministro-boccia\/#breadcrumb"},"inLanguage":"fr-FR","potentialAction":[{"@type":"ReadAction","target":["https:\/\/www.bellunopress.it\/2019\/11\/21\/bard-giovedi-12-dicembre-lincontro-con-il-ministro-boccia\/"]}]},{"@type":"ImageObject","inLanguage":"fr-FR","@id":"https:\/\/www.bellunopress.it\/2019\/11\/21\/bard-giovedi-12-dicembre-lincontro-con-il-ministro-boccia\/#primaryimage","url":"http:\/\/www.bellunopress.it\/wp-content\/uploads\/2019\/07\/Andrea-Bona.jpg","contentUrl":"http:\/\/www.bellunopress.it\/wp-content\/uploads\/2019\/07\/Andrea-Bona.jpg"},{"@type":"BreadcrumbList","@id":"https:\/\/www.bellunopress.it\/2019\/11\/21\/bard-giovedi-12-dicembre-lincontro-con-il-ministro-boccia\/#breadcrumb","itemListElement":[{"@type":"ListItem","position":1,"name":"Home","item":"https:\/\/www.bellunopress.it\/"},{"@type":"ListItem","position":2,"name":"Bard. Gioved\u00ec 12 dicembre l&#8217;incontro con il ministro Boccia"}]},{"@type":"WebSite","@id":"https:\/\/www.bellunopress.it\/#website","url":"https:\/\/www.bellunopress.it\/","name":"Bellunopress - Dolomiti","description":"e-mail: redazione@bellunopress.it","publisher":{"@id":"https:\/\/www.bellunopress.it\/#organization"},"potentialAction":[{"@type":"SearchAction","target":{"@type":"EntryPoint","urlTemplate":"https:\/\/www.bellunopress.it\/?s={search_term_string}"},"query-input":{"@type":"PropertyValueSpecification","valueRequired":true,"valueName":"search_term_string"}}],"inLanguage":"fr-FR"},{"@type":"Organization","@id":"https:\/\/www.bellunopress.it\/#organization","name":"Bellunopress","url":"https:\/\/www.bellunopress.it\/","logo":{"@type":"ImageObject","inLanguage":"fr-FR","@id":"https:\/\/www.bellunopress.it\/#\/schema\/logo\/image\/","url":"https:\/\/www.bellunopress.it\/wp-content\/uploads\/2011\/05\/cropped-logo-bellunopress-.jpg","contentUrl":"https:\/\/www.bellunopress.it\/wp-content\/uploads\/2011\/05\/cropped-logo-bellunopress-.jpg","width":512,"height":512,"caption":"Bellunopress"},"image":{"@id":"https:\/\/www.bellunopress.it\/#\/schema\/logo\/image\/"},"sameAs":["https:\/\/www.facebook.com\/profile.php?id=100008943462799","https:\/\/x.com\/bellunopress","https:\/\/www.linkedin.com\/hp\/?dnr=JBzUWaJfMUw8vbXJJ2tVW5-I3jZKvC4wsoxE&amp;amp;amp;amp;amp;amp;trk=nav_responsive_tab_home","https:\/\/www.youtube.com\/channel\/UCxL0wu1uN0_3_7hGG0306cw"]},{"@type":"Person","@id":"https:\/\/www.bellunopress.it\/#\/schema\/person\/79bb06722b37ece1c03d3e94beb30d73","name":"r\u00e9daction","image":{"@type":"ImageObject","inLanguage":"fr-FR","@id":"https:\/\/secure.gravatar.com\/avatar\/37d968a2e67a6fd04c169c4bdef102d0bc5d31b2546345219e348575eb80e9a0?s=96&d=mm&r=g","url":"https:\/\/secure.gravatar.com\/avatar\/37d968a2e67a6fd04c169c4bdef102d0bc5d31b2546345219e348575eb80e9a0?s=96&d=mm&r=g","contentUrl":"https:\/\/secure.gravatar.com\/avatar\/37d968a2e67a6fd04c169c4bdef102d0bc5d31b2546345219e348575eb80e9a0?s=96&d=mm&r=g","caption":"redazione"},"sameAs":["http:\/\/www.bellunopress.it","https:\/\/x.com\/bellunopress"],"url":"https:\/\/www.bellunopress.it\/fr\/author\/redazione\/"}]}},"_links":{"self":[{"href":"https:\/\/www.bellunopress.it\/fr\/wp-json\/wp\/v2\/posts\/109821","targetHints":{"allow":["GET"]}}],"collection":[{"href":"https:\/\/www.bellunopress.it\/fr\/wp-json\/wp\/v2\/posts"}],"about":[{"href":"https:\/\/www.bellunopress.it\/fr\/wp-json\/wp\/v2\/types\/post"}],"author":[{"embeddable":true,"href":"https:\/\/www.bellunopress.it\/fr\/wp-json\/wp\/v2\/users\/2"}],"replies":[{"embeddable":true,"href":"https:\/\/www.bellunopress.it\/fr\/wp-json\/wp\/v2\/comments?post=109821"}],"version-history":[{"count":1,"href":"https:\/\/www.bellunopress.it\/fr\/wp-json\/wp\/v2\/posts\/109821\/revisions"}],"predecessor-version":[{"id":109822,"href":"https:\/\/www.bellunopress.it\/fr\/wp-json\/wp\/v2\/posts\/109821\/revisions\/109822"}],"wp:attachment":[{"href":"https:\/\/www.bellunopress.it\/fr\/wp-json\/wp\/v2\/media?parent=109821"}],"wp:term":[{"taxonomy":"category","embeddable":true,"href":"https:\/\/www.bellunopress.it\/fr\/wp-json\/wp\/v2\/categories?post=109821"},{"taxonomy":"post_tag","embeddable":true,"href":"https:\/\/www.bellunopress.it\/fr\/wp-json\/wp\/v2\/tags?post=109821"}],"curies":[{"name":"wp","href":"https:\/\/api.w.org\/{rel}","templated":true}]}}