{"id":109817,"date":"2019-11-21T20:04:48","date_gmt":"2019-11-21T19:04:48","guid":{"rendered":"http:\/\/www.bellunopress.it\/?p=109817"},"modified":"2019-11-23T14:47:40","modified_gmt":"2019-11-23T13:47:40","slug":"convegno-dolomiti-colon-cancer-2019-al-san-martino-venerdi-allospedale-san-martino-di-belluno","status":"publish","type":"post","link":"https:\/\/www.bellunopress.it\/fr\/2019\/11\/21\/convegno-dolomiti-colon-cancer-2019-al-san-martino-venerdi-allospedale-san-martino-di-belluno\/","title":{"rendered":"Convegno Dolomiti colon cancer 2019 al San Martino. Venerd\u00ec, all&#8217;Ospedale San Martino di Belluno"},"content":{"rendered":"<p>Si terr\u00e0 a Belluno venerd\u00ec 22 novembre presso l&#8217;Ospedale San Martino un evento scientifico sugli ultimi progressi nel trattamento dei tumori del colon.<\/p>\n<p><a href=\"http:\/\/www.bellunopress.it\/fr\/2011\/01\/27\/sanita-toscani-replica-a-reolon-non-ce-alcun-piano-di-rientro-di-30-milioni-si-lavora-alla-riduzione-dei-ricoveri\/ospedale-s-martino\/\" rel=\"attachment wp-att-23355\"><img loading=\"lazy\" decoding=\"async\" class=\"alignleft size-full wp-image-23355\" src=\"http:\/\/www.bellunopress.it\/wp-content\/uploads\/2011\/01\/ospedale-s-martino.jpg\" alt=\"\" width=\"290\" height=\"218\" \/><\/a>Saranno presenti, oltre agli specialisti di Belluno e Feltre coinvolti nel trattamento della patologia, anche professionisti e ricercatori dello IOV di Padova e di altri centri di rilevanza nazionale.<br \/>\nI tumori del grosso intestino o tumori colo-rettali rappresentano una delle patologie oncologiche pi\u00f9 frequenti nella popolazione e nel territorio della ULSS 1 Dolomiti si riscontrano in media 140-150 nuovi casi di tumori del colon retto ogni anno. Sono in atto anche delle politiche di screening mediante l&#8217;analisi del sangue occulto fecale, su invito spedito a tutti i cittadini per fasce di et\u00e0 con maggior rischio. Lo screening permette di identificare i tumori per nulla o poco sintomatici in uno stadio molto precoce, spesso cos\u00ec precoce da poter essere curati con un semplice intervento chirurgico senza la necessit\u00e0 di aggiungere trattamento medici precauzionali come la chemioterapia.<br \/>\nI casi meno fortunati invece presentano una malattia pi\u00f9 avanzata che pu\u00f2 beneficiare spesso della terapia medica. La terapia medica negli ultimi due decenni ha visto un&#8217;evoluzione notevole per la sintesi di farmaci sempre pi\u00f9 efficaci e spesso focalizzati contro bersagli ben identificabili sulla cellula tumorale. Sono in corso anche presso le Unit\u00e0 Operative di Oncologia della ULSS 1 Dolomiti diverse studi in collaborazione con lo IOV \u2013 IRCCS di Padova e altri centri di livello nazionale e internazionale al fine di comprendere sempre meglio i tumori del grosso intestino ed il loro trattamento.<br \/>\nDa diversi anni si svolgono con cadenza settimanale presso l\u2019 ULSS 1 Dolomiti le riunioni del Gruppo Oncologico Multidisciplinare per i tumori gastro-enterologici, cos\u00ec come previsto dalla Rete Oncologica Veneta.<br \/>\nQuesti incontri vedono la stretta collaborazione tra gli specialisti dei due ospedali di Belluno e Feltre sotto il coordinamento del Dipartimento di Oncologia Clinica provinciale, diretto dal dr. Fable Zustovich.<\/p>","protected":false},"excerpt":{"rendered":"<p>Si terr\u00e0 a Belluno venerd\u00ec 22 novembre presso l&#8217;Ospedale San Martino un evento scientifico sugli ultimi progressi nel trattamento dei tumori del colon. Saranno presenti, oltre agli specialisti di Belluno e Feltre coinvolti nel trattamento della patologia, anche professionisti e ricercatori dello IOV di Padova e di altri centri di rilevanza nazionale. I tumori del [&hellip;]<\/p>\n","protected":false},"author":2,"featured_media":0,"comment_status":"closed","ping_status":"open","sticky":false,"template":"","format":"standard","meta":{"footnotes":""},"categories":[27,17],"tags":[],"class_list":["post-109817","post","type-post","status-publish","format-standard","category-appuntamenti","category-sanita"],"yoast_head":"<!-- This site is optimized with the Yoast SEO plugin v28.4 - https:\/\/yoast.com\/product\/yoast-seo-wordpress\/ -->\n<title>Convegno Dolomiti colon cancer 2019 al San Martino. Venerd\u00ec, all&#039;Ospedale San Martino di Belluno - Bellunopress - Dolomiti<\/title>\n<meta name=\"robots\" content=\"index, follow, max-snippet:-1, max-image-preview:large, max-video-preview:-1\" \/>\n<link rel=\"canonical\" href=\"https:\/\/www.bellunopress.it\/fr\/2019\/11\/21\/convegno-dolomiti-colon-cancer-2019-al-san-martino-venerdi-allospedale-san-martino-di-belluno\/\" \/>\n<meta property=\"og:locale\" content=\"fr_FR\" \/>\n<meta property=\"og:type\" content=\"article\" \/>\n<meta property=\"og:title\" content=\"Convegno Dolomiti colon cancer 2019 al San Martino. Venerd\u00ec, all&#039;Ospedale San Martino di Belluno - Bellunopress - Dolomiti\" \/>\n<meta property=\"og:description\" content=\"Si terr\u00e0 a Belluno venerd\u00ec 22 novembre presso l&#8217;Ospedale San Martino un evento scientifico sugli ultimi progressi nel trattamento dei tumori del colon. Saranno presenti, oltre agli specialisti di Belluno e Feltre coinvolti nel trattamento della patologia, anche professionisti e ricercatori dello IOV di Padova e di altri centri di rilevanza nazionale. I tumori del [&hellip;]\" \/>\n<meta property=\"og:url\" content=\"https:\/\/www.bellunopress.it\/fr\/2019\/11\/21\/convegno-dolomiti-colon-cancer-2019-al-san-martino-venerdi-allospedale-san-martino-di-belluno\/\" \/>\n<meta property=\"og:site_name\" content=\"Bellunopress - Dolomiti\" \/>\n<meta property=\"article:publisher\" content=\"https:\/\/www.facebook.com\/profile.php?id=100008943462799\" \/>\n<meta property=\"article:published_time\" content=\"2019-11-21T19:04:48+00:00\" \/>\n<meta property=\"article:modified_time\" content=\"2019-11-23T13:47:40+00:00\" \/>\n<meta property=\"og:image\" content=\"http:\/\/www.bellunopress.it\/wp-content\/uploads\/2011\/01\/ospedale-s-martino.jpg\" \/>\n<meta name=\"author\" content=\"redazione\" \/>\n<meta name=\"twitter:card\" content=\"summary_large_image\" \/>\n<meta name=\"twitter:creator\" content=\"@bellunopress\" \/>\n<meta name=\"twitter:site\" content=\"@bellunopress\" \/>\n<meta name=\"twitter:label1\" content=\"Written by\" \/>\n\t<meta name=\"twitter:data1\" content=\"redazione\" \/>\n\t<meta name=\"twitter:label2\" content=\"Est. reading time\" \/>\n\t<meta name=\"twitter:data2\" content=\"2 minutes\" \/>\n<script type=\"application\/ld+json\" class=\"yoast-schema-graph\">{\"@context\":\"https:\\\/\\\/schema.org\",\"@graph\":[{\"@type\":\"Article\",\"@id\":\"https:\\\/\\\/www.bellunopress.it\\\/2019\\\/11\\\/21\\\/convegno-dolomiti-colon-cancer-2019-al-san-martino-venerdi-allospedale-san-martino-di-belluno\\\/#article\",\"isPartOf\":{\"@id\":\"https:\\\/\\\/www.bellunopress.it\\\/2019\\\/11\\\/21\\\/convegno-dolomiti-colon-cancer-2019-al-san-martino-venerdi-allospedale-san-martino-di-belluno\\\/\"},\"author\":{\"name\":\"redazione\",\"@id\":\"https:\\\/\\\/www.bellunopress.it\\\/#\\\/schema\\\/person\\\/79bb06722b37ece1c03d3e94beb30d73\"},\"headline\":\"Convegno Dolomiti colon cancer 2019 al San Martino. Venerd\u00ec, all&#8217;Ospedale San Martino di Belluno\",\"datePublished\":\"2019-11-21T19:04:48+00:00\",\"dateModified\":\"2019-11-23T13:47:40+00:00\",\"mainEntityOfPage\":{\"@id\":\"https:\\\/\\\/www.bellunopress.it\\\/2019\\\/11\\\/21\\\/convegno-dolomiti-colon-cancer-2019-al-san-martino-venerdi-allospedale-san-martino-di-belluno\\\/\"},\"wordCount\":324,\"publisher\":{\"@id\":\"https:\\\/\\\/www.bellunopress.it\\\/#organization\"},\"image\":{\"@id\":\"https:\\\/\\\/www.bellunopress.it\\\/2019\\\/11\\\/21\\\/convegno-dolomiti-colon-cancer-2019-al-san-martino-venerdi-allospedale-san-martino-di-belluno\\\/#primaryimage\"},\"thumbnailUrl\":\"http:\\\/\\\/www.bellunopress.it\\\/wp-content\\\/uploads\\\/2011\\\/01\\\/ospedale-s-martino.jpg\",\"articleSection\":[\"Appuntamenti, Eventi\",\"Sanit\u00e0 Medicina\"],\"inLanguage\":\"fr-FR\"},{\"@type\":\"WebPage\",\"@id\":\"https:\\\/\\\/www.bellunopress.it\\\/2019\\\/11\\\/21\\\/convegno-dolomiti-colon-cancer-2019-al-san-martino-venerdi-allospedale-san-martino-di-belluno\\\/\",\"url\":\"https:\\\/\\\/www.bellunopress.it\\\/2019\\\/11\\\/21\\\/convegno-dolomiti-colon-cancer-2019-al-san-martino-venerdi-allospedale-san-martino-di-belluno\\\/\",\"name\":\"Convegno Dolomiti colon cancer 2019 al San Martino. Venerd\u00ec, all'Ospedale San Martino di Belluno - Bellunopress - Dolomiti\",\"isPartOf\":{\"@id\":\"https:\\\/\\\/www.bellunopress.it\\\/#website\"},\"primaryImageOfPage\":{\"@id\":\"https:\\\/\\\/www.bellunopress.it\\\/2019\\\/11\\\/21\\\/convegno-dolomiti-colon-cancer-2019-al-san-martino-venerdi-allospedale-san-martino-di-belluno\\\/#primaryimage\"},\"image\":{\"@id\":\"https:\\\/\\\/www.bellunopress.it\\\/2019\\\/11\\\/21\\\/convegno-dolomiti-colon-cancer-2019-al-san-martino-venerdi-allospedale-san-martino-di-belluno\\\/#primaryimage\"},\"thumbnailUrl\":\"http:\\\/\\\/www.bellunopress.it\\\/wp-content\\\/uploads\\\/2011\\\/01\\\/ospedale-s-martino.jpg\",\"datePublished\":\"2019-11-21T19:04:48+00:00\",\"dateModified\":\"2019-11-23T13:47:40+00:00\",\"breadcrumb\":{\"@id\":\"https:\\\/\\\/www.bellunopress.it\\\/2019\\\/11\\\/21\\\/convegno-dolomiti-colon-cancer-2019-al-san-martino-venerdi-allospedale-san-martino-di-belluno\\\/#breadcrumb\"},\"inLanguage\":\"fr-FR\",\"potentialAction\":[{\"@type\":\"ReadAction\",\"target\":[\"https:\\\/\\\/www.bellunopress.it\\\/2019\\\/11\\\/21\\\/convegno-dolomiti-colon-cancer-2019-al-san-martino-venerdi-allospedale-san-martino-di-belluno\\\/\"]}]},{\"@type\":\"ImageObject\",\"inLanguage\":\"fr-FR\",\"@id\":\"https:\\\/\\\/www.bellunopress.it\\\/2019\\\/11\\\/21\\\/convegno-dolomiti-colon-cancer-2019-al-san-martino-venerdi-allospedale-san-martino-di-belluno\\\/#primaryimage\",\"url\":\"http:\\\/\\\/www.bellunopress.it\\\/wp-content\\\/uploads\\\/2011\\\/01\\\/ospedale-s-martino.jpg\",\"contentUrl\":\"http:\\\/\\\/www.bellunopress.it\\\/wp-content\\\/uploads\\\/2011\\\/01\\\/ospedale-s-martino.jpg\"},{\"@type\":\"BreadcrumbList\",\"@id\":\"https:\\\/\\\/www.bellunopress.it\\\/2019\\\/11\\\/21\\\/convegno-dolomiti-colon-cancer-2019-al-san-martino-venerdi-allospedale-san-martino-di-belluno\\\/#breadcrumb\",\"itemListElement\":[{\"@type\":\"ListItem\",\"position\":1,\"name\":\"Home\",\"item\":\"https:\\\/\\\/www.bellunopress.it\\\/\"},{\"@type\":\"ListItem\",\"position\":2,\"name\":\"Convegno Dolomiti colon cancer 2019 al San Martino. Venerd\u00ec, all&#8217;Ospedale San Martino di Belluno\"}]},{\"@type\":\"WebSite\",\"@id\":\"https:\\\/\\\/www.bellunopress.it\\\/#website\",\"url\":\"https:\\\/\\\/www.bellunopress.it\\\/\",\"name\":\"Bellunopress - Dolomiti\",\"description\":\"e-mail: redazione@bellunopress.it\",\"publisher\":{\"@id\":\"https:\\\/\\\/www.bellunopress.it\\\/#organization\"},\"potentialAction\":[{\"@type\":\"SearchAction\",\"target\":{\"@type\":\"EntryPoint\",\"urlTemplate\":\"https:\\\/\\\/www.bellunopress.it\\\/?s={search_term_string}\"},\"query-input\":{\"@type\":\"PropertyValueSpecification\",\"valueRequired\":true,\"valueName\":\"search_term_string\"}}],\"inLanguage\":\"fr-FR\"},{\"@type\":\"Organization\",\"@id\":\"https:\\\/\\\/www.bellunopress.it\\\/#organization\",\"name\":\"Bellunopress\",\"url\":\"https:\\\/\\\/www.bellunopress.it\\\/\",\"logo\":{\"@type\":\"ImageObject\",\"inLanguage\":\"fr-FR\",\"@id\":\"https:\\\/\\\/www.bellunopress.it\\\/#\\\/schema\\\/logo\\\/image\\\/\",\"url\":\"https:\\\/\\\/www.bellunopress.it\\\/wp-content\\\/uploads\\\/2011\\\/05\\\/cropped-logo-bellunopress-.jpg\",\"contentUrl\":\"https:\\\/\\\/www.bellunopress.it\\\/wp-content\\\/uploads\\\/2011\\\/05\\\/cropped-logo-bellunopress-.jpg\",\"width\":512,\"height\":512,\"caption\":\"Bellunopress\"},\"image\":{\"@id\":\"https:\\\/\\\/www.bellunopress.it\\\/#\\\/schema\\\/logo\\\/image\\\/\"},\"sameAs\":[\"https:\\\/\\\/www.facebook.com\\\/profile.php?id=100008943462799\",\"https:\\\/\\\/x.com\\\/bellunopress\",\"https:\\\/\\\/www.linkedin.com\\\/hp\\\/?dnr=JBzUWaJfMUw8vbXJJ2tVW5-I3jZKvC4wsoxE&amp;amp;amp;amp;amp;amp;trk=nav_responsive_tab_home\",\"https:\\\/\\\/www.youtube.com\\\/channel\\\/UCxL0wu1uN0_3_7hGG0306cw\"]},{\"@type\":\"Person\",\"@id\":\"https:\\\/\\\/www.bellunopress.it\\\/#\\\/schema\\\/person\\\/79bb06722b37ece1c03d3e94beb30d73\",\"name\":\"redazione\",\"image\":{\"@type\":\"ImageObject\",\"inLanguage\":\"fr-FR\",\"@id\":\"https:\\\/\\\/secure.gravatar.com\\\/avatar\\\/37d968a2e67a6fd04c169c4bdef102d0bc5d31b2546345219e348575eb80e9a0?s=96&d=mm&r=g\",\"url\":\"https:\\\/\\\/secure.gravatar.com\\\/avatar\\\/37d968a2e67a6fd04c169c4bdef102d0bc5d31b2546345219e348575eb80e9a0?s=96&d=mm&r=g\",\"contentUrl\":\"https:\\\/\\\/secure.gravatar.com\\\/avatar\\\/37d968a2e67a6fd04c169c4bdef102d0bc5d31b2546345219e348575eb80e9a0?s=96&d=mm&r=g\",\"caption\":\"redazione\"},\"sameAs\":[\"http:\\\/\\\/www.bellunopress.it\",\"https:\\\/\\\/x.com\\\/bellunopress\"],\"url\":\"https:\\\/\\\/www.bellunopress.it\\\/fr\\\/author\\\/redazione\\\/\"}]}<\/script>\n<!-- \/ Yoast SEO plugin. -->","yoast_head_json":{"title":"Convegno Dolomiti colon cancer 2019 al San Martino. Venerd\u00ec, all'Ospedale San Martino di Belluno - Bellunopress - Dolomiti","robots":{"index":"index","follow":"follow","max-snippet":"max-snippet:-1","max-image-preview":"max-image-preview:large","max-video-preview":"max-video-preview:-1"},"canonical":"https:\/\/www.bellunopress.it\/fr\/2019\/11\/21\/convegno-dolomiti-colon-cancer-2019-al-san-martino-venerdi-allospedale-san-martino-di-belluno\/","og_locale":"fr_FR","og_type":"article","og_title":"Convegno Dolomiti colon cancer 2019 al San Martino. Venerd\u00ec, all'Ospedale San Martino di Belluno - Bellunopress - Dolomiti","og_description":"Si terr\u00e0 a Belluno venerd\u00ec 22 novembre presso l&#8217;Ospedale San Martino un evento scientifico sugli ultimi progressi nel trattamento dei tumori del colon. Saranno presenti, oltre agli specialisti di Belluno e Feltre coinvolti nel trattamento della patologia, anche professionisti e ricercatori dello IOV di Padova e di altri centri di rilevanza nazionale. I tumori del [&hellip;]","og_url":"https:\/\/www.bellunopress.it\/fr\/2019\/11\/21\/convegno-dolomiti-colon-cancer-2019-al-san-martino-venerdi-allospedale-san-martino-di-belluno\/","og_site_name":"Bellunopress - Dolomiti","article_publisher":"https:\/\/www.facebook.com\/profile.php?id=100008943462799","article_published_time":"2019-11-21T19:04:48+00:00","article_modified_time":"2019-11-23T13:47:40+00:00","og_image":[{"url":"http:\/\/www.bellunopress.it\/wp-content\/uploads\/2011\/01\/ospedale-s-martino.jpg","type":"","width":"","height":""}],"author":"redazione","twitter_card":"summary_large_image","twitter_creator":"@bellunopress","twitter_site":"@bellunopress","twitter_misc":{"Written by":"redazione","Est. reading time":"2 minutes"},"schema":{"@context":"https:\/\/schema.org","@graph":[{"@type":"Article","@id":"https:\/\/www.bellunopress.it\/2019\/11\/21\/convegno-dolomiti-colon-cancer-2019-al-san-martino-venerdi-allospedale-san-martino-di-belluno\/#article","isPartOf":{"@id":"https:\/\/www.bellunopress.it\/2019\/11\/21\/convegno-dolomiti-colon-cancer-2019-al-san-martino-venerdi-allospedale-san-martino-di-belluno\/"},"author":{"name":"redazione","@id":"https:\/\/www.bellunopress.it\/#\/schema\/person\/79bb06722b37ece1c03d3e94beb30d73"},"headline":"Convegno Dolomiti colon cancer 2019 al San Martino. Venerd\u00ec, all&#8217;Ospedale San Martino di Belluno","datePublished":"2019-11-21T19:04:48+00:00","dateModified":"2019-11-23T13:47:40+00:00","mainEntityOfPage":{"@id":"https:\/\/www.bellunopress.it\/2019\/11\/21\/convegno-dolomiti-colon-cancer-2019-al-san-martino-venerdi-allospedale-san-martino-di-belluno\/"},"wordCount":324,"publisher":{"@id":"https:\/\/www.bellunopress.it\/#organization"},"image":{"@id":"https:\/\/www.bellunopress.it\/2019\/11\/21\/convegno-dolomiti-colon-cancer-2019-al-san-martino-venerdi-allospedale-san-martino-di-belluno\/#primaryimage"},"thumbnailUrl":"http:\/\/www.bellunopress.it\/wp-content\/uploads\/2011\/01\/ospedale-s-martino.jpg","articleSection":["Appuntamenti, Eventi","Sanit\u00e0 Medicina"],"inLanguage":"fr-FR"},{"@type":"WebPage","@id":"https:\/\/www.bellunopress.it\/2019\/11\/21\/convegno-dolomiti-colon-cancer-2019-al-san-martino-venerdi-allospedale-san-martino-di-belluno\/","url":"https:\/\/www.bellunopress.it\/2019\/11\/21\/convegno-dolomiti-colon-cancer-2019-al-san-martino-venerdi-allospedale-san-martino-di-belluno\/","name":"Convegno Dolomiti colon cancer 2019 al San Martino. Venerd\u00ec, all'Ospedale San Martino di Belluno - Bellunopress - Dolomiti","isPartOf":{"@id":"https:\/\/www.bellunopress.it\/#website"},"primaryImageOfPage":{"@id":"https:\/\/www.bellunopress.it\/2019\/11\/21\/convegno-dolomiti-colon-cancer-2019-al-san-martino-venerdi-allospedale-san-martino-di-belluno\/#primaryimage"},"image":{"@id":"https:\/\/www.bellunopress.it\/2019\/11\/21\/convegno-dolomiti-colon-cancer-2019-al-san-martino-venerdi-allospedale-san-martino-di-belluno\/#primaryimage"},"thumbnailUrl":"http:\/\/www.bellunopress.it\/wp-content\/uploads\/2011\/01\/ospedale-s-martino.jpg","datePublished":"2019-11-21T19:04:48+00:00","dateModified":"2019-11-23T13:47:40+00:00","breadcrumb":{"@id":"https:\/\/www.bellunopress.it\/2019\/11\/21\/convegno-dolomiti-colon-cancer-2019-al-san-martino-venerdi-allospedale-san-martino-di-belluno\/#breadcrumb"},"inLanguage":"fr-FR","potentialAction":[{"@type":"ReadAction","target":["https:\/\/www.bellunopress.it\/2019\/11\/21\/convegno-dolomiti-colon-cancer-2019-al-san-martino-venerdi-allospedale-san-martino-di-belluno\/"]}]},{"@type":"ImageObject","inLanguage":"fr-FR","@id":"https:\/\/www.bellunopress.it\/2019\/11\/21\/convegno-dolomiti-colon-cancer-2019-al-san-martino-venerdi-allospedale-san-martino-di-belluno\/#primaryimage","url":"http:\/\/www.bellunopress.it\/wp-content\/uploads\/2011\/01\/ospedale-s-martino.jpg","contentUrl":"http:\/\/www.bellunopress.it\/wp-content\/uploads\/2011\/01\/ospedale-s-martino.jpg"},{"@type":"BreadcrumbList","@id":"https:\/\/www.bellunopress.it\/2019\/11\/21\/convegno-dolomiti-colon-cancer-2019-al-san-martino-venerdi-allospedale-san-martino-di-belluno\/#breadcrumb","itemListElement":[{"@type":"ListItem","position":1,"name":"Home","item":"https:\/\/www.bellunopress.it\/"},{"@type":"ListItem","position":2,"name":"Convegno Dolomiti colon cancer 2019 al San Martino. Venerd\u00ec, all&#8217;Ospedale San Martino di Belluno"}]},{"@type":"WebSite","@id":"https:\/\/www.bellunopress.it\/#website","url":"https:\/\/www.bellunopress.it\/","name":"Bellunopress - Dolomiti","description":"e-mail: redazione@bellunopress.it","publisher":{"@id":"https:\/\/www.bellunopress.it\/#organization"},"potentialAction":[{"@type":"SearchAction","target":{"@type":"EntryPoint","urlTemplate":"https:\/\/www.bellunopress.it\/?s={search_term_string}"},"query-input":{"@type":"PropertyValueSpecification","valueRequired":true,"valueName":"search_term_string"}}],"inLanguage":"fr-FR"},{"@type":"Organization","@id":"https:\/\/www.bellunopress.it\/#organization","name":"Bellunopress","url":"https:\/\/www.bellunopress.it\/","logo":{"@type":"ImageObject","inLanguage":"fr-FR","@id":"https:\/\/www.bellunopress.it\/#\/schema\/logo\/image\/","url":"https:\/\/www.bellunopress.it\/wp-content\/uploads\/2011\/05\/cropped-logo-bellunopress-.jpg","contentUrl":"https:\/\/www.bellunopress.it\/wp-content\/uploads\/2011\/05\/cropped-logo-bellunopress-.jpg","width":512,"height":512,"caption":"Bellunopress"},"image":{"@id":"https:\/\/www.bellunopress.it\/#\/schema\/logo\/image\/"},"sameAs":["https:\/\/www.facebook.com\/profile.php?id=100008943462799","https:\/\/x.com\/bellunopress","https:\/\/www.linkedin.com\/hp\/?dnr=JBzUWaJfMUw8vbXJJ2tVW5-I3jZKvC4wsoxE&amp;amp;amp;amp;amp;amp;trk=nav_responsive_tab_home","https:\/\/www.youtube.com\/channel\/UCxL0wu1uN0_3_7hGG0306cw"]},{"@type":"Person","@id":"https:\/\/www.bellunopress.it\/#\/schema\/person\/79bb06722b37ece1c03d3e94beb30d73","name":"r\u00e9daction","image":{"@type":"ImageObject","inLanguage":"fr-FR","@id":"https:\/\/secure.gravatar.com\/avatar\/37d968a2e67a6fd04c169c4bdef102d0bc5d31b2546345219e348575eb80e9a0?s=96&d=mm&r=g","url":"https:\/\/secure.gravatar.com\/avatar\/37d968a2e67a6fd04c169c4bdef102d0bc5d31b2546345219e348575eb80e9a0?s=96&d=mm&r=g","contentUrl":"https:\/\/secure.gravatar.com\/avatar\/37d968a2e67a6fd04c169c4bdef102d0bc5d31b2546345219e348575eb80e9a0?s=96&d=mm&r=g","caption":"redazione"},"sameAs":["http:\/\/www.bellunopress.it","https:\/\/x.com\/bellunopress"],"url":"https:\/\/www.bellunopress.it\/fr\/author\/redazione\/"}]}},"_links":{"self":[{"href":"https:\/\/www.bellunopress.it\/fr\/wp-json\/wp\/v2\/posts\/109817","targetHints":{"allow":["GET"]}}],"collection":[{"href":"https:\/\/www.bellunopress.it\/fr\/wp-json\/wp\/v2\/posts"}],"about":[{"href":"https:\/\/www.bellunopress.it\/fr\/wp-json\/wp\/v2\/types\/post"}],"author":[{"embeddable":true,"href":"https:\/\/www.bellunopress.it\/fr\/wp-json\/wp\/v2\/users\/2"}],"replies":[{"embeddable":true,"href":"https:\/\/www.bellunopress.it\/fr\/wp-json\/wp\/v2\/comments?post=109817"}],"version-history":[{"count":1,"href":"https:\/\/www.bellunopress.it\/fr\/wp-json\/wp\/v2\/posts\/109817\/revisions"}],"predecessor-version":[{"id":109818,"href":"https:\/\/www.bellunopress.it\/fr\/wp-json\/wp\/v2\/posts\/109817\/revisions\/109818"}],"wp:attachment":[{"href":"https:\/\/www.bellunopress.it\/fr\/wp-json\/wp\/v2\/media?parent=109817"}],"wp:term":[{"taxonomy":"category","embeddable":true,"href":"https:\/\/www.bellunopress.it\/fr\/wp-json\/wp\/v2\/categories?post=109817"},{"taxonomy":"post_tag","embeddable":true,"href":"https:\/\/www.bellunopress.it\/fr\/wp-json\/wp\/v2\/tags?post=109817"}],"curies":[{"name":"wp","href":"https:\/\/api.w.org\/{rel}","templated":true}]}}